{"id":19292,"date":"2017-12-13T12:09:18","date_gmt":"2017-12-13T14:09:18","guid":{"rendered":"http:\/\/www.psol50.org.br\/?p=19292"},"modified":"2017-12-13T12:09:18","modified_gmt":"2017-12-13T14:09:18","slug":"chico-alencar-providencias-indecentes","status":"publish","type":"post","link":"https:\/\/psol50.org.br\/chico-alencar-providencias-indecentes\/","title":{"rendered":"Chico Alencar | Provid\u00eancias indecentes"},"content":{"rendered":"<p><span style=\"font-size: 14px;\"><em>Artigo publicado originalmente no <a href=\"http:\/\/noblat.oglobo.globo.com\/artigos\/noticia\/2017\/12\/providencias-indecentes.html\" target=\"_blank\" rel=\"noopener\"><span style=\"color: #000080;\">Blog do Noblat<\/span><\/a><\/em><\/span><\/p>\n<p>O governo Temer \u2013 Confedera\u00e7\u00e3o de investigados e privatistas m\u00e1ximos, agora refor\u00e7ada pelo preposto de Eduardo Cunha, Carlos Marun, devotos (sem votos) do deus Mercado \u2013 se empenha, neste final de temporada, em sua especialidade: comprar votos para promover mudan\u00e7as na Previd\u00eancia Social. Sua base de \u201cconvic\u00e7\u00e3o\u201d mercen\u00e1ria cobra caro.<\/p>\n<p>Nenhum sistema \u00e9 imut\u00e1vel, nem mesmo o distributivo, da Seguridade Social, fundado da solidariedade intergeracional. Mas para atualizar qualquer estrutura institucional s\u00e3o imprescind\u00edveis a credibilidade de quem prop\u00f5e as altera\u00e7\u00f5es e o debate democr\u00e1tico com a sociedade.<\/p>\n<p>A sofreguid\u00e3o para modificar a Previd\u00eancia tem erro de origem, m\u00e9rito e m\u00e9todo. De origem, pelo fato de a emenda constitucional, com amplia\u00e7\u00e3o de tempo para a aposentadoria e de contribui\u00e7\u00e3o, jamais ter sido apresentada \u00e0 popula\u00e7\u00e3o no seu momento adequado: a \u00faltima campanha presidencial. Nem o ent\u00e3o vice Temer e sua cabe\u00e7a de chapa, Dilma, contra quem conspirou depois, tocaram nisso.<\/p>\n<p>H\u00e1 muitos erros de m\u00e9rito, pois o propalado \u201cd\u00e9ficit\u201d previdenci\u00e1rio nunca \u00e9 cotejado com um c\u00e1lculo atuarial, com os recursos totais da Seguridade Social e com a cobran\u00e7a dos grandes devedores, como JBS, Bradesco, Volkswagen, Mendes J\u00fanior, Santander, Ford, Ita\u00fa&#8230; Os recursos n\u00e3o repassados, isto \u00e9, sonegados ao INSS, superam os R$ 10 bi\/ano. A avassaladora propaganda enganosa do governo est\u00e1 custando R$ 100 milh\u00f5es aos cofres p\u00fablicos. Nela, o governo demoniza os servidores p\u00fablicos, mas nada diz a respeito dos ladr\u00f5es da Previd\u00eancia e das medidas para apura\u00e7\u00e3o, inscri\u00e7\u00e3o e cobran\u00e7a da D\u00edvida Ativa da Uni\u00e3o. Seu estoque, apenas de d\u00e9bitos previdenci\u00e1rios, supera R$ 416 bilh\u00f5es!<\/p>\n<p>Por fim, h\u00e1 tamb\u00e9m o degenerado m\u00e9todo de aliciar deputados, liberando emendas e cargos em troca do voto, e de obter o apoio das grandes corpora\u00e7\u00f5es atrav\u00e9s de seguidas ren\u00fancias fiscais. No Brasil de hoje, est\u00e3o em vigor nada menos que 25 programas de parcelamentos e refinanciamentos de d\u00edvidas, que beneficiam sobretudo grandes empresas. A perda anual de receitas, com a queda na arrecada\u00e7\u00e3o ocasionada pelos sucessivos Refis (Recupera\u00e7\u00e3o Fiscal ou \u201cRefinanciamento Facilitado\u201d?), atinge R$ 50 bilh\u00f5es.<\/p>\n<p>Enquanto isso, n\u00e3o se avan\u00e7a na regulamenta\u00e7\u00e3o do preceito constitucional do teto de remunera\u00e7\u00e3o nas tr\u00eas inst\u00e2ncias da Administra\u00e7\u00e3o, que \u00e9 a medida concreta para acabar com os tais \u201cprivil\u00e9gios salariais\u201d. Por incr\u00edvel que pare\u00e7a, Judici\u00e1rio, Minist\u00e9rio P\u00fablico, Legislativos e Executivos t\u00eam dificuldade de abrir os dados dos ganhos extraordin\u00e1rios de algumas castas. Como na quest\u00e3o da Previd\u00eancia, tamb\u00e9m aqui n\u00e3o h\u00e1 transpar\u00eancia. Tudo isso no pa\u00eds da abissal desigualdade, em que, segundo informou em novembro a Pnad Cont\u00ednua do IBGE, o 1% mais rico recebe 36,3 vezes mais do que os 50% mais pobres&#8230;<\/p>\n<p>Essa toada absurda de ilegitimidade pol\u00edtica torna cada dia mais v\u00e1lida a exorta\u00e7\u00e3o do professor de direito constitucional da USP, Conrado Mendes: no Brasil de hoje, \u201cmanda quem n\u00e3o pode, desobedece quem tem ju\u00edzo\u201d.<\/p>\n<p>PS: Tive o privil\u00e9gio de participar do II Encontro de Parlamentares sobre Justi\u00e7a Fiscal, realizado nos dias 5 e 6 de dezembro, em Buenos Aires. Conclus\u00e3o comum: em todos os pa\u00edses da Am\u00e9rica Latina em que foram dados incentivos a investimentos transnacionais n\u00e3o houve aquecimento da economia, melhoria do padr\u00e3o salarial e da arrecada\u00e7\u00e3o p\u00fablica, e mais cuidado ambiental. Comum tamb\u00e9m foi o alerta: a China est\u00e1 chegando e suas aplica\u00e7\u00f5es em todo o mundo corresponder\u00e3o, at\u00e9 2030, a 30 Planos Marshall!<\/p>\n","protected":false},"excerpt":{"rendered":"<p>Artigo publicado originalmente no Blog do Noblat O governo Temer \u2013 Confedera\u00e7\u00e3o de investigados e privatistas m\u00e1ximos, agora refor\u00e7ada pelo preposto de Eduardo Cunha, Carlos Marun, devotos (sem votos) do deus Mercado \u2013 se empenha, neste final de temporada, em sua especialidade: comprar votos para promover mudan\u00e7as na Previd\u00eancia Social. Sua base de \u201cconvic\u00e7\u00e3o\u201d mercen\u00e1ria [&hellip;]<\/p>\n","protected":false},"author":2,"featured_media":19293,"comment_status":"open","ping_status":"open","sticky":false,"template":"","format":"standard","meta":{"_acf_changed":false,"footnotes":""},"categories":[10,3,1882],"tags":[1680,2869,3872,387,1748,39,3011],"class_list":{"0":"post-19292","1":"post","2":"type-post","3":"status-publish","4":"format-standard","5":"has-post-thumbnail","7":"category-acao-parlamentares","8":"category-artigos-e-entrevistas","9":"category-brasil","10":"tag-chico-alencar","11":"tag-deficit","12":"tag-divida-ativa-da-uniao","13":"tag-governo","14":"tag-michel-temer","15":"tag-reforma-da-previdencia","16":"tag-seguridade-social"},"acf":[],"yoast_head":"<!-- This site is optimized with the Yoast SEO plugin v26.5 - https:\/\/yoast.com\/wordpress\/plugins\/seo\/ -->\n<title>Chico Alencar | Provid\u00eancias indecentes - PSOL 50<\/title>\n<meta name=\"robots\" content=\"index, follow, max-snippet:-1, max-image-preview:large, max-video-preview:-1\" \/>\n<link rel=\"canonical\" href=\"https:\/\/psol50.org.br\/chico-alencar-providencias-indecentes\/\" \/>\n<meta property=\"og:locale\" content=\"pt_BR\" \/>\n<meta property=\"og:type\" content=\"article\" \/>\n<meta property=\"og:title\" content=\"Chico Alencar | Provid\u00eancias indecentes - PSOL 50\" \/>\n<meta property=\"og:description\" content=\"Artigo publicado originalmente no Blog do Noblat O governo Temer \u2013 Confedera\u00e7\u00e3o de investigados e privatistas m\u00e1ximos, agora refor\u00e7ada pelo preposto de Eduardo Cunha, Carlos Marun, devotos (sem votos) do deus Mercado \u2013 se empenha, neste final de temporada, em sua especialidade: comprar votos para promover mudan\u00e7as na Previd\u00eancia Social. Sua base de \u201cconvic\u00e7\u00e3o\u201d mercen\u00e1ria [&hellip;]\" \/>\n<meta property=\"og:url\" content=\"https:\/\/psol50.org.br\/chico-alencar-providencias-indecentes\/\" \/>\n<meta property=\"og:site_name\" content=\"PSOL 50\" \/>\n<meta property=\"article:publisher\" content=\"https:\/\/www.facebook.com\/psol50\" \/>\n<meta property=\"article:published_time\" content=\"2017-12-13T14:09:18+00:00\" \/>\n<meta property=\"og:image\" content=\"https:\/\/psol50.org.br\/inc\/uploads\/2018\/07\/capa.png\" \/>\n\t<meta property=\"og:image:width\" content=\"1350\" \/>\n\t<meta property=\"og:image:height\" content=\"900\" \/>\n\t<meta property=\"og:image:type\" content=\"image\/png\" \/>\n<meta name=\"author\" content=\"Comunica\u00e7\u00e3o PSOL\" \/>\n<meta name=\"twitter:card\" content=\"summary_large_image\" \/>\n<meta name=\"twitter:creator\" content=\"@psol50\" \/>\n<meta name=\"twitter:site\" content=\"@psol50\" \/>\n<meta name=\"twitter:label1\" content=\"Escrito por\" \/>\n\t<meta name=\"twitter:data1\" content=\"Comunica\u00e7\u00e3o PSOL\" \/>\n\t<meta name=\"twitter:label2\" content=\"Est. tempo de leitura\" \/>\n\t<meta name=\"twitter:data2\" content=\"3 minutos\" \/>\n<script type=\"application\/ld+json\" class=\"yoast-schema-graph\">{\"@context\":\"https:\/\/schema.org\",\"@graph\":[{\"@type\":\"Article\",\"@id\":\"https:\/\/psol50.org.br\/chico-alencar-providencias-indecentes\/#article\",\"isPartOf\":{\"@id\":\"https:\/\/psol50.org.br\/chico-alencar-providencias-indecentes\/\"},\"author\":{\"name\":\"Comunica\u00e7\u00e3o PSOL\",\"@id\":\"https:\/\/psol50.org.br\/#\/schema\/person\/475dfa57d0b815993c714c2e96491fcd\"},\"headline\":\"Chico Alencar | Provid\u00eancias indecentes\",\"datePublished\":\"2017-12-13T14:09:18+00:00\",\"mainEntityOfPage\":{\"@id\":\"https:\/\/psol50.org.br\/chico-alencar-providencias-indecentes\/\"},\"wordCount\":629,\"commentCount\":0,\"publisher\":{\"@id\":\"https:\/\/psol50.org.br\/#organization\"},\"image\":{\"@id\":\"https:\/\/psol50.org.br\/chico-alencar-providencias-indecentes\/#primaryimage\"},\"thumbnailUrl\":\"\",\"keywords\":[\"Chico Alencar\",\"d\u00e9ficit\",\"D\u00edvida Ativa da Uni\u00e3o\",\"governo\",\"Michel Temer\",\"reforma da previd\u00eancia\",\"Seguridade Social\"],\"articleSection\":[\"A\u00e7\u00e3o Parlamentar\",\"Artigos\",\"Brasil\"],\"inLanguage\":\"pt-BR\",\"potentialAction\":[{\"@type\":\"CommentAction\",\"name\":\"Comment\",\"target\":[\"https:\/\/psol50.org.br\/chico-alencar-providencias-indecentes\/#respond\"]}]},{\"@type\":\"WebPage\",\"@id\":\"https:\/\/psol50.org.br\/chico-alencar-providencias-indecentes\/\",\"url\":\"https:\/\/psol50.org.br\/chico-alencar-providencias-indecentes\/\",\"name\":\"Chico Alencar | Provid\u00eancias indecentes - PSOL 50\",\"isPartOf\":{\"@id\":\"https:\/\/psol50.org.br\/#website\"},\"primaryImageOfPage\":{\"@id\":\"https:\/\/psol50.org.br\/chico-alencar-providencias-indecentes\/#primaryimage\"},\"image\":{\"@id\":\"https:\/\/psol50.org.br\/chico-alencar-providencias-indecentes\/#primaryimage\"},\"thumbnailUrl\":\"\",\"datePublished\":\"2017-12-13T14:09:18+00:00\",\"breadcrumb\":{\"@id\":\"https:\/\/psol50.org.br\/chico-alencar-providencias-indecentes\/#breadcrumb\"},\"inLanguage\":\"pt-BR\",\"potentialAction\":[{\"@type\":\"ReadAction\",\"target\":[\"https:\/\/psol50.org.br\/chico-alencar-providencias-indecentes\/\"]}]},{\"@type\":\"ImageObject\",\"inLanguage\":\"pt-BR\",\"@id\":\"https:\/\/psol50.org.br\/chico-alencar-providencias-indecentes\/#primaryimage\",\"url\":\"\",\"contentUrl\":\"\"},{\"@type\":\"BreadcrumbList\",\"@id\":\"https:\/\/psol50.org.br\/chico-alencar-providencias-indecentes\/#breadcrumb\",\"itemListElement\":[{\"@type\":\"ListItem\",\"position\":1,\"name\":\"In\u00edcio\",\"item\":\"https:\/\/psol50.org.br\/\"},{\"@type\":\"ListItem\",\"position\":2,\"name\":\"Chico Alencar | Provid\u00eancias indecentes\"}]},{\"@type\":\"WebSite\",\"@id\":\"https:\/\/psol50.org.br\/#website\",\"url\":\"https:\/\/psol50.org.br\/\",\"name\":\"PSOL 50\",\"description\":\"Site oficial do Partido Socialismo e Liberdade\",\"publisher\":{\"@id\":\"https:\/\/psol50.org.br\/#organization\"},\"alternateName\":\"PSOL50\",\"potentialAction\":[{\"@type\":\"SearchAction\",\"target\":{\"@type\":\"EntryPoint\",\"urlTemplate\":\"https:\/\/psol50.org.br\/?s={search_term_string}\"},\"query-input\":{\"@type\":\"PropertyValueSpecification\",\"valueRequired\":true,\"valueName\":\"search_term_string\"}}],\"inLanguage\":\"pt-BR\"},{\"@type\":\"Organization\",\"@id\":\"https:\/\/psol50.org.br\/#organization\",\"name\":\"PSOL 50\",\"alternateName\":\"PSOL 50\",\"url\":\"https:\/\/psol50.org.br\/\",\"logo\":{\"@type\":\"ImageObject\",\"inLanguage\":\"pt-BR\",\"@id\":\"https:\/\/psol50.org.br\/#\/schema\/logo\/image\/\",\"url\":\"https:\/\/psol50.org.br\/inc\/uploads\/2018\/07\/capa.png\",\"contentUrl\":\"https:\/\/psol50.org.br\/inc\/uploads\/2018\/07\/capa.png\",\"width\":1350,\"height\":900,\"caption\":\"PSOL 50\"},\"image\":{\"@id\":\"https:\/\/psol50.org.br\/#\/schema\/logo\/image\/\"},\"sameAs\":[\"https:\/\/www.facebook.com\/psol50\",\"https:\/\/x.com\/psol50\",\"https:\/\/www.instagram.com\/psol50\/\",\"https:\/\/www.youtube.com\/channel\/UC7SnJS5o1os7a6CaiNabzcg\"]},{\"@type\":\"Person\",\"@id\":\"https:\/\/psol50.org.br\/#\/schema\/person\/475dfa57d0b815993c714c2e96491fcd\",\"name\":\"Comunica\u00e7\u00e3o PSOL\",\"image\":{\"@type\":\"ImageObject\",\"inLanguage\":\"pt-BR\",\"@id\":\"https:\/\/psol50.org.br\/#\/schema\/person\/image\/\",\"url\":\"https:\/\/secure.gravatar.com\/avatar\/b34fc4f4e468a4e51785917065a3db57b841f5c95dba6ad8c73aaf8f66f8f9bf?s=96&d=mm&r=g\",\"contentUrl\":\"https:\/\/secure.gravatar.com\/avatar\/b34fc4f4e468a4e51785917065a3db57b841f5c95dba6ad8c73aaf8f66f8f9bf?s=96&d=mm&r=g\",\"caption\":\"Comunica\u00e7\u00e3o PSOL\"}}]}<\/script>\n<!-- \/ Yoast SEO plugin. -->","yoast_head_json":{"title":"Chico Alencar | Provid\u00eancias indecentes - PSOL 50","robots":{"index":"index","follow":"follow","max-snippet":"max-snippet:-1","max-image-preview":"max-image-preview:large","max-video-preview":"max-video-preview:-1"},"canonical":"https:\/\/psol50.org.br\/chico-alencar-providencias-indecentes\/","og_locale":"pt_BR","og_type":"article","og_title":"Chico Alencar | Provid\u00eancias indecentes - PSOL 50","og_description":"Artigo publicado originalmente no Blog do Noblat O governo Temer \u2013 Confedera\u00e7\u00e3o de investigados e privatistas m\u00e1ximos, agora refor\u00e7ada pelo preposto de Eduardo Cunha, Carlos Marun, devotos (sem votos) do deus Mercado \u2013 se empenha, neste final de temporada, em sua especialidade: comprar votos para promover mudan\u00e7as na Previd\u00eancia Social. Sua base de \u201cconvic\u00e7\u00e3o\u201d mercen\u00e1ria [&hellip;]","og_url":"https:\/\/psol50.org.br\/chico-alencar-providencias-indecentes\/","og_site_name":"PSOL 50","article_publisher":"https:\/\/www.facebook.com\/psol50","article_published_time":"2017-12-13T14:09:18+00:00","og_image":[{"width":1350,"height":900,"url":"https:\/\/psol50.org.br\/inc\/uploads\/2018\/07\/capa.png","type":"image\/png"}],"author":"Comunica\u00e7\u00e3o PSOL","twitter_card":"summary_large_image","twitter_creator":"@psol50","twitter_site":"@psol50","twitter_misc":{"Escrito por":"Comunica\u00e7\u00e3o PSOL","Est. tempo de leitura":"3 minutos"},"schema":{"@context":"https:\/\/schema.org","@graph":[{"@type":"Article","@id":"https:\/\/psol50.org.br\/chico-alencar-providencias-indecentes\/#article","isPartOf":{"@id":"https:\/\/psol50.org.br\/chico-alencar-providencias-indecentes\/"},"author":{"name":"Comunica\u00e7\u00e3o PSOL","@id":"https:\/\/psol50.org.br\/#\/schema\/person\/475dfa57d0b815993c714c2e96491fcd"},"headline":"Chico Alencar | Provid\u00eancias indecentes","datePublished":"2017-12-13T14:09:18+00:00","mainEntityOfPage":{"@id":"https:\/\/psol50.org.br\/chico-alencar-providencias-indecentes\/"},"wordCount":629,"commentCount":0,"publisher":{"@id":"https:\/\/psol50.org.br\/#organization"},"image":{"@id":"https:\/\/psol50.org.br\/chico-alencar-providencias-indecentes\/#primaryimage"},"thumbnailUrl":"","keywords":["Chico Alencar","d\u00e9ficit","D\u00edvida Ativa da Uni\u00e3o","governo","Michel Temer","reforma da previd\u00eancia","Seguridade Social"],"articleSection":["A\u00e7\u00e3o Parlamentar","Artigos","Brasil"],"inLanguage":"pt-BR","potentialAction":[{"@type":"CommentAction","name":"Comment","target":["https:\/\/psol50.org.br\/chico-alencar-providencias-indecentes\/#respond"]}]},{"@type":"WebPage","@id":"https:\/\/psol50.org.br\/chico-alencar-providencias-indecentes\/","url":"https:\/\/psol50.org.br\/chico-alencar-providencias-indecentes\/","name":"Chico Alencar | Provid\u00eancias indecentes - PSOL 50","isPartOf":{"@id":"https:\/\/psol50.org.br\/#website"},"primaryImageOfPage":{"@id":"https:\/\/psol50.org.br\/chico-alencar-providencias-indecentes\/#primaryimage"},"image":{"@id":"https:\/\/psol50.org.br\/chico-alencar-providencias-indecentes\/#primaryimage"},"thumbnailUrl":"","datePublished":"2017-12-13T14:09:18+00:00","breadcrumb":{"@id":"https:\/\/psol50.org.br\/chico-alencar-providencias-indecentes\/#breadcrumb"},"inLanguage":"pt-BR","potentialAction":[{"@type":"ReadAction","target":["https:\/\/psol50.org.br\/chico-alencar-providencias-indecentes\/"]}]},{"@type":"ImageObject","inLanguage":"pt-BR","@id":"https:\/\/psol50.org.br\/chico-alencar-providencias-indecentes\/#primaryimage","url":"","contentUrl":""},{"@type":"BreadcrumbList","@id":"https:\/\/psol50.org.br\/chico-alencar-providencias-indecentes\/#breadcrumb","itemListElement":[{"@type":"ListItem","position":1,"name":"In\u00edcio","item":"https:\/\/psol50.org.br\/"},{"@type":"ListItem","position":2,"name":"Chico Alencar | Provid\u00eancias indecentes"}]},{"@type":"WebSite","@id":"https:\/\/psol50.org.br\/#website","url":"https:\/\/psol50.org.br\/","name":"PSOL 50","description":"Site oficial do Partido Socialismo e Liberdade","publisher":{"@id":"https:\/\/psol50.org.br\/#organization"},"alternateName":"PSOL50","potentialAction":[{"@type":"SearchAction","target":{"@type":"EntryPoint","urlTemplate":"https:\/\/psol50.org.br\/?s={search_term_string}"},"query-input":{"@type":"PropertyValueSpecification","valueRequired":true,"valueName":"search_term_string"}}],"inLanguage":"pt-BR"},{"@type":"Organization","@id":"https:\/\/psol50.org.br\/#organization","name":"PSOL 50","alternateName":"PSOL 50","url":"https:\/\/psol50.org.br\/","logo":{"@type":"ImageObject","inLanguage":"pt-BR","@id":"https:\/\/psol50.org.br\/#\/schema\/logo\/image\/","url":"https:\/\/psol50.org.br\/inc\/uploads\/2018\/07\/capa.png","contentUrl":"https:\/\/psol50.org.br\/inc\/uploads\/2018\/07\/capa.png","width":1350,"height":900,"caption":"PSOL 50"},"image":{"@id":"https:\/\/psol50.org.br\/#\/schema\/logo\/image\/"},"sameAs":["https:\/\/www.facebook.com\/psol50","https:\/\/x.com\/psol50","https:\/\/www.instagram.com\/psol50\/","https:\/\/www.youtube.com\/channel\/UC7SnJS5o1os7a6CaiNabzcg"]},{"@type":"Person","@id":"https:\/\/psol50.org.br\/#\/schema\/person\/475dfa57d0b815993c714c2e96491fcd","name":"Comunica\u00e7\u00e3o PSOL","image":{"@type":"ImageObject","inLanguage":"pt-BR","@id":"https:\/\/psol50.org.br\/#\/schema\/person\/image\/","url":"https:\/\/secure.gravatar.com\/avatar\/b34fc4f4e468a4e51785917065a3db57b841f5c95dba6ad8c73aaf8f66f8f9bf?s=96&d=mm&r=g","contentUrl":"https:\/\/secure.gravatar.com\/avatar\/b34fc4f4e468a4e51785917065a3db57b841f5c95dba6ad8c73aaf8f66f8f9bf?s=96&d=mm&r=g","caption":"Comunica\u00e7\u00e3o PSOL"}}]}},"_links":{"self":[{"href":"https:\/\/psol50.org.br\/rest\/wp\/v2\/posts\/19292","targetHints":{"allow":["GET"]}}],"collection":[{"href":"https:\/\/psol50.org.br\/rest\/wp\/v2\/posts"}],"about":[{"href":"https:\/\/psol50.org.br\/rest\/wp\/v2\/types\/post"}],"author":[{"embeddable":true,"href":"https:\/\/psol50.org.br\/rest\/wp\/v2\/users\/2"}],"replies":[{"embeddable":true,"href":"https:\/\/psol50.org.br\/rest\/wp\/v2\/comments?post=19292"}],"version-history":[{"count":0,"href":"https:\/\/psol50.org.br\/rest\/wp\/v2\/posts\/19292\/revisions"}],"wp:featuredmedia":[{"embeddable":true,"href":"https:\/\/psol50.org.br\/rest\/"}],"wp:attachment":[{"href":"https:\/\/psol50.org.br\/rest\/wp\/v2\/media?parent=19292"}],"wp:term":[{"taxonomy":"category","embeddable":true,"href":"https:\/\/psol50.org.br\/rest\/wp\/v2\/categories?post=19292"},{"taxonomy":"post_tag","embeddable":true,"href":"https:\/\/psol50.org.br\/rest\/wp\/v2\/tags?post=19292"}],"curies":[{"name":"wp","href":"https:\/\/api.w.org\/{rel}","templated":true}]}}