{"id":19298,"date":"2017-12-14T11:02:43","date_gmt":"2017-12-14T13:02:43","guid":{"rendered":"http:\/\/www.psol50.org.br\/?p=19298"},"modified":"2017-12-14T11:02:43","modified_gmt":"2017-12-14T13:02:43","slug":"psol-impede-que-pezao-parcele-salarios-de-servidores-em-2018","status":"publish","type":"post","link":"https:\/\/psol50.org.br\/psol-impede-que-pezao-parcele-salarios-de-servidores-em-2018\/","title":{"rendered":"PSOL impede que Pez\u00e3o parcele sal\u00e1rios de servidores em 2018"},"content":{"rendered":"<div class=\"s-block-item s-repeatable-item s-block-sortable-item s-blog-post-section blog-section\">\n<div class=\"container\">\n<div class=\"sixteen columns\">\n<div class=\"s-blog-section-inner\">\n<div class=\"s-component s-text\">\n<div class=\"s-component-content s-font-body\">\n<p>A bancada do PSOL e os servidores p\u00fablicos ativos e inativos conquistaram uma importante vit\u00f3ria nesta ter\u00e7a-feira (12) na Assembleia Legislativa do Rio de Janeiro (Alerj). Por apenas um voto de diferen\u00e7a, o parlamento aprovou a proposta do partido que pro\u00edbe o parcelamento no pagamento dos servidores p\u00fablicos, pensionistas e aposentados. A emenda, inclu\u00edda no texto da lei que define o or\u00e7amento para 2018, determina que saldar os vencimentos dever\u00e1 ser prioridade.<\/p>\n<\/div>\n<\/div>\n<\/div>\n<\/div>\n<\/div>\n<\/div>\n<div class=\"s-block-item s-repeatable-item s-block-sortable-item s-blog-post-section blog-section\">\n<div class=\"container\">\n<div class=\"sixteen columns\">\n<div class=\"s-blog-section-inner\">\n<div class=\"s-component s-text\">\n<div class=\"s-component-content s-font-body\">\n<p>A decis\u00e3o ainda precisa ser sancionada pelo governador Luiz Fernando Pez\u00e3o para valer. Se ele vetar a proposta, ocorrer\u00e1 uma nova vota\u00e7\u00e3o na Alerj para que os parlamentares avaliem se mant\u00eam ou derrubam o veto. Por isso, a mobiliza\u00e7\u00e3o dos servidores \u00e9 fundamental para garantir essa conquista.<\/p>\n<\/div>\n<\/div>\n<\/div>\n<\/div>\n<\/div>\n<\/div>\n<div class=\"s-block-item s-repeatable-item s-block-sortable-item s-blog-post-section blog-section\">\n<div class=\"container\">\n<div class=\"sixteen columns\">\n<div class=\"s-blog-section-inner\">\n<div class=\"s-component s-text\">\n<div class=\"s-component-content s-font-body\">\n<p>Os deputados do PSOL apresentaram outras propostas de modifica\u00e7\u00e3o, mas todas foram rejeitadas pela base do governo. Entre elas, a destina\u00e7\u00e3o das emendas parlamentares, que somar\u00e3o R$ 137 milh\u00f5es em 2018, para o pagamento dos servidores p\u00fablicos, e a proibi\u00e7\u00e3o da concess\u00e3o de benef\u00edcios fiscais sem autoriza\u00e7\u00e3o dos Confaz, conselho que re\u00fane representantes das secretarias estaduais de Fazenda. Emendas parlamentares s\u00e3o verbas reservadas para a realiza\u00e7\u00e3o de obras e presta\u00e7\u00e3o de servi\u00e7os indicados exclusivamente pelos deputados.<\/p>\n<\/div>\n<\/div>\n<\/div>\n<\/div>\n<\/div>\n<\/div>\n<div class=\"s-block-item s-repeatable-item s-block-sortable-item s-blog-post-section blog-section\">\n<div class=\"container\">\n<div class=\"sixteen columns\">\n<div class=\"s-blog-section-inner\">\n<div class=\"s-component s-text\">\n<div class=\"s-component-content s-font-body\">\n<p>\u201cOs servidores est\u00e3o com quatro sal\u00e1rios e meio atrasados. Est\u00e3o sendo humilhados por este governo, est\u00e3o sem ter o que comer, sem comprar rem\u00e9dios, sem dinheiro para pagar as contas. Mas est\u00e3o na luta. Essa emenda \u00e9 uma importante vit\u00f3ria dessa luta, porque em vez de dar verba para empreiteira, o governo ter\u00e1 que pagar os trabalhadores e os aposentados\u201d, comemorou Marcelo Freixo.<\/p>\n<\/div>\n<\/div>\n<\/div>\n<\/div>\n<\/div>\n<\/div>\n<div class=\"s-block-item s-repeatable-item s-block-sortable-item s-blog-post-section blog-section\">\n<div class=\"container\">\n<div class=\"sixteen columns\">\n<div class=\"s-blog-section-inner\">\n<div class=\"s-component s-text\">\n<div class=\"s-component-content s-font-body\">\n<p><b>Rombo no or\u00e7amento<br \/>\n<\/b>O governo prev\u00ea um rombo de R$ 10 bilh\u00f5es para o ano que vem. S\u00e3o R$ 62,3 bilh\u00f5es de receita e R$ 72,5 bilh\u00f5es de despesa. Apesar do d\u00e9ficit, Pez\u00e3o pretende conceder benef\u00edcios fiscais que somam R$ 9,5 bilh\u00f5es. Ou seja, o governador insiste na mesma pol\u00edtica fiscal irrespons\u00e1vel que quebrou o Estado.<\/p>\n<\/div>\n<\/div>\n<\/div>\n<\/div>\n<\/div>\n<\/div>\n<div class=\"s-block-item s-repeatable-item s-block-sortable-item s-blog-post-section blog-section\">\n<div class=\"container\">\n<div class=\"sixteen columns\">\n<div class=\"s-blog-section-inner\">\n<div class=\"s-component s-text\">\n<div class=\"s-component-content s-font-body\">\n<p>Al\u00e9m de ser um valor que quase cobriria o rombo nas contas, o Executivo espera obter um retorno p\u00edfio com a medida: o impacto positivo calculado \u00e9 de apenas R$ 816 milh\u00f5es, o equivalente a 8,6%. Pol\u00edticas de concess\u00e3o de benef\u00edcios fiscais s\u00e3o importantes para incentivar investimentos e assim aquecer a economia, mas precisam ser planejadas de forma racional e estrat\u00e9gica, de modo a promover o desenvolvimento econ\u00f4mico e social.<\/p>\n<\/div>\n<\/div>\n<\/div>\n<\/div>\n<\/div>\n<\/div>\n<div class=\"s-block-item s-repeatable-item s-block-sortable-item s-blog-post-section blog-section\">\n<div class=\"container\">\n<div class=\"sixteen columns\">\n<div class=\"s-blog-section-inner\">\n<div class=\"s-component s-text\">\n<div class=\"s-component-content s-font-body\">\n<p><strong>Crise de arrecada\u00e7\u00e3o<br \/>\n<\/strong>Para piorar, o governo n\u00e3o cria mecanismos para melhorar a arrecada\u00e7\u00e3o do Imposto Sobre Circula\u00e7\u00e3o de Mercadorias e Servi\u00e7os (ICMS), principal fonte tribut\u00e1ria do Estado. A previs\u00e3o de arrecada\u00e7\u00e3o para 2018 ser\u00e1 menor do que a deste ano. A redu\u00e7\u00e3o deve ser de R$ 38,7 bilh\u00f5es para R$ 38,3 bilh\u00f5es.<\/p>\n<\/div>\n<\/div>\n<\/div>\n<\/div>\n<\/div>\n<\/div>\n<div class=\"s-block-item s-repeatable-item s-block-sortable-item s-blog-post-section blog-section\">\n<div class=\"container\">\n<div class=\"sixteen columns\">\n<div class=\"s-blog-section-inner\">\n<div class=\"s-component s-text\">\n<div class=\"s-component-content s-font-body\">\n<p><span style=\"color: #0000ff;\"><strong><a href=\"http:\/\/www.marcelofreixo.com.br\/blog\/conheca-as-propostas-dos-deputados-do-psol-para-o-estado-superar\" target=\"_blank\" rel=\"noopener\"><span style=\"color: #0000ff;\">O PSOL apresentou alternativas para o Rio sair da crise<\/span><\/a><\/strong><\/span>\u00a0sem penalizar os servidores e a popula\u00e7\u00e3o pobre. Entre as propostas est\u00e1 a cobran\u00e7a efetiva dos d\u00e9bitos acumulados de empresas com o Estado, a chamada D\u00edvida Ativa, cujo total chegou a R$ 77 bilh\u00f5es. Entretanto, de acordo com a lei or\u00e7ament\u00e1ria, o governo prev\u00ea cobrar apenas R$ 207,9 milh\u00f5es do d\u00e9bito, o equivalente a 0,27%.<\/p>\n<\/div>\n<\/div>\n<\/div>\n<\/div>\n<\/div>\n<\/div>\n<div class=\"s-block-item s-repeatable-item s-block-sortable-item s-blog-post-section blog-section\">\n<div class=\"container\">\n<div class=\"sixteen columns\">\n<div class=\"s-blog-section-inner\">\n<div class=\"s-component s-text\">\n<div class=\"s-component-content s-font-body\">\n<p>Como a crise \u00e9 causada pela queda nas receitas, a irresponsabilidade fiscal e a omiss\u00e3o do governo em tentar ampliar a arrecada\u00e7\u00e3o agravam o problema. O segundo motivo, todos conhecem, s\u00e3o os dez anos do PMDB no poder, o que afundou o Estado em esquemas de corrup\u00e7\u00e3o e levou a c\u00fapula do partido para a cadeia.<\/p>\n<\/div>\n<\/div>\n<\/div>\n<\/div>\n<\/div>\n<\/div>\n<div class=\"s-block-item s-repeatable-item s-block-sortable-item s-blog-post-section blog-section\">\n<div class=\"container\">\n<div class=\"sixteen columns\">\n<div class=\"s-blog-section-inner\">\n<div class=\"s-component s-text\">\n<div class=\"s-component-content s-font-body\">\n<p><b>Endividamento<br \/>\n<\/b>A d\u00edvida do Estado deve ficar em R$ 116 bilh\u00f5es em 2018 &#8211; quando S\u00e9rgio Cabral assumiu, em 2007, ela estava em R$ 44 bilh\u00f5es. O governo prev\u00ea gastar R$ 513,7 milh\u00f5es com o pagamento de juros e amortiza\u00e7\u00f5es do d\u00e9bito no ano que vem. O valor \u00e9 superior ao destinado para Habita\u00e7\u00e3o (R$ 378 milh\u00f5es), Cultura (R$ 157 milh\u00f5es) e Desporto e Lazer (R$ 49 milh\u00f5es).<\/p>\n<\/div>\n<\/div>\n<\/div>\n<\/div>\n<\/div>\n<\/div>\n<div class=\"s-block-item s-repeatable-item s-block-sortable-item s-blog-post-section blog-section\">\n<div class=\"container\">\n<div class=\"sixteen columns\">\n<div class=\"s-blog-section-inner\">\n<div class=\"s-component s-text\">\n<div class=\"s-component-content s-font-body\">\n<p>A maior parte do dinheiro do or\u00e7amento ser\u00e1 destinado \u00e0 Seguran\u00e7a P\u00fablica (R$ 11 bilh\u00f5es), o que inclui tamb\u00e9m Defesa Civil e Administra\u00e7\u00e3o Penitenci\u00e1ria. A Educa\u00e7\u00e3o dever\u00e1 receber R$ 7,5 bilh\u00f5es e a Sa\u00fade, R$ 6,3 bilh\u00f5es.<\/p>\n<p><em>Fonte: Mandato Marcelo Freixo<\/em><\/p>\n<\/div>\n<\/div>\n<\/div>\n<\/div>\n<\/div>\n<\/div>\n","protected":false},"excerpt":{"rendered":"<p>A bancada do PSOL e os servidores p\u00fablicos ativos e inativos conquistaram uma importante vit\u00f3ria nesta ter\u00e7a-feira (12) na Assembleia Legislativa do Rio de Janeiro (Alerj). Por apenas um voto de diferen\u00e7a, o parlamento aprovou a proposta do partido que pro\u00edbe o parcelamento no pagamento dos servidores p\u00fablicos, pensionistas e aposentados. A emenda, inclu\u00edda no [&hellip;]<\/p>\n","protected":false},"author":2,"featured_media":19300,"comment_status":"open","ping_status":"open","sticky":false,"template":"","format":"standard","meta":{"_acf_changed":false,"footnotes":""},"categories":[10,654,6],"tags":[1031,3497,2240,22,162],"class_list":{"0":"post-19298","1":"post","2":"type-post","3":"status-publish","4":"format-standard","5":"has-post-thumbnail","7":"category-acao-parlamentares","8":"category-estados","9":"category-noticias","10":"tag-alerj","11":"tag-bancada-do-psol-na-alerj","12":"tag-luiz-fernando-pezao","13":"tag-psol","14":"tag-rio-de-janeiro"},"acf":[],"yoast_head":"<!-- This site is optimized with the Yoast SEO plugin v26.5 - https:\/\/yoast.com\/wordpress\/plugins\/seo\/ -->\n<title>PSOL impede que Pez\u00e3o parcele sal\u00e1rios de servidores em 2018 - PSOL 50<\/title>\n<meta name=\"robots\" content=\"index, follow, max-snippet:-1, max-image-preview:large, max-video-preview:-1\" \/>\n<link rel=\"canonical\" href=\"https:\/\/psol50.org.br\/psol-impede-que-pezao-parcele-salarios-de-servidores-em-2018\/\" \/>\n<meta property=\"og:locale\" content=\"pt_BR\" \/>\n<meta property=\"og:type\" content=\"article\" \/>\n<meta property=\"og:title\" content=\"PSOL impede que Pez\u00e3o parcele sal\u00e1rios de servidores em 2018 - PSOL 50\" \/>\n<meta property=\"og:description\" content=\"A bancada do PSOL e os servidores p\u00fablicos ativos e inativos conquistaram uma importante vit\u00f3ria nesta ter\u00e7a-feira (12) na Assembleia Legislativa do Rio de Janeiro (Alerj). Por apenas um voto de diferen\u00e7a, o parlamento aprovou a proposta do partido que pro\u00edbe o parcelamento no pagamento dos servidores p\u00fablicos, pensionistas e aposentados. A emenda, inclu\u00edda no [&hellip;]\" \/>\n<meta property=\"og:url\" content=\"https:\/\/psol50.org.br\/psol-impede-que-pezao-parcele-salarios-de-servidores-em-2018\/\" \/>\n<meta property=\"og:site_name\" content=\"PSOL 50\" \/>\n<meta property=\"article:publisher\" content=\"https:\/\/www.facebook.com\/psol50\" \/>\n<meta property=\"article:published_time\" content=\"2017-12-14T13:02:43+00:00\" \/>\n<meta property=\"og:image\" content=\"https:\/\/psol50.org.br\/inc\/uploads\/2018\/07\/capa.png\" \/>\n\t<meta property=\"og:image:width\" content=\"1350\" \/>\n\t<meta property=\"og:image:height\" content=\"900\" \/>\n\t<meta property=\"og:image:type\" content=\"image\/png\" \/>\n<meta name=\"author\" content=\"Comunica\u00e7\u00e3o PSOL\" \/>\n<meta name=\"twitter:card\" content=\"summary_large_image\" \/>\n<meta name=\"twitter:creator\" content=\"@psol50\" \/>\n<meta name=\"twitter:site\" content=\"@psol50\" \/>\n<meta name=\"twitter:label1\" content=\"Escrito por\" \/>\n\t<meta name=\"twitter:data1\" content=\"Comunica\u00e7\u00e3o PSOL\" \/>\n\t<meta name=\"twitter:label2\" content=\"Est. tempo de leitura\" \/>\n\t<meta name=\"twitter:data2\" content=\"4 minutos\" \/>\n<script type=\"application\/ld+json\" class=\"yoast-schema-graph\">{\"@context\":\"https:\/\/schema.org\",\"@graph\":[{\"@type\":\"Article\",\"@id\":\"https:\/\/psol50.org.br\/psol-impede-que-pezao-parcele-salarios-de-servidores-em-2018\/#article\",\"isPartOf\":{\"@id\":\"https:\/\/psol50.org.br\/psol-impede-que-pezao-parcele-salarios-de-servidores-em-2018\/\"},\"author\":{\"name\":\"Comunica\u00e7\u00e3o PSOL\",\"@id\":\"https:\/\/psol50.org.br\/#\/schema\/person\/475dfa57d0b815993c714c2e96491fcd\"},\"headline\":\"PSOL impede que Pez\u00e3o parcele sal\u00e1rios de servidores em 2018\",\"datePublished\":\"2017-12-14T13:02:43+00:00\",\"mainEntityOfPage\":{\"@id\":\"https:\/\/psol50.org.br\/psol-impede-que-pezao-parcele-salarios-de-servidores-em-2018\/\"},\"wordCount\":746,\"commentCount\":0,\"publisher\":{\"@id\":\"https:\/\/psol50.org.br\/#organization\"},\"image\":{\"@id\":\"https:\/\/psol50.org.br\/psol-impede-que-pezao-parcele-salarios-de-servidores-em-2018\/#primaryimage\"},\"thumbnailUrl\":\"\",\"keywords\":[\"Alerj\",\"bancada do PSOL na Alerj\",\"Luiz Fernando Pez\u00e3o\",\"PSOL\",\"Rio de Janeiro\"],\"articleSection\":[\"A\u00e7\u00e3o Parlamentar\",\"Estados\",\"Not\u00edcias\"],\"inLanguage\":\"pt-BR\",\"potentialAction\":[{\"@type\":\"CommentAction\",\"name\":\"Comment\",\"target\":[\"https:\/\/psol50.org.br\/psol-impede-que-pezao-parcele-salarios-de-servidores-em-2018\/#respond\"]}]},{\"@type\":\"WebPage\",\"@id\":\"https:\/\/psol50.org.br\/psol-impede-que-pezao-parcele-salarios-de-servidores-em-2018\/\",\"url\":\"https:\/\/psol50.org.br\/psol-impede-que-pezao-parcele-salarios-de-servidores-em-2018\/\",\"name\":\"PSOL impede que Pez\u00e3o parcele sal\u00e1rios de servidores em 2018 - PSOL 50\",\"isPartOf\":{\"@id\":\"https:\/\/psol50.org.br\/#website\"},\"primaryImageOfPage\":{\"@id\":\"https:\/\/psol50.org.br\/psol-impede-que-pezao-parcele-salarios-de-servidores-em-2018\/#primaryimage\"},\"image\":{\"@id\":\"https:\/\/psol50.org.br\/psol-impede-que-pezao-parcele-salarios-de-servidores-em-2018\/#primaryimage\"},\"thumbnailUrl\":\"\",\"datePublished\":\"2017-12-14T13:02:43+00:00\",\"breadcrumb\":{\"@id\":\"https:\/\/psol50.org.br\/psol-impede-que-pezao-parcele-salarios-de-servidores-em-2018\/#breadcrumb\"},\"inLanguage\":\"pt-BR\",\"potentialAction\":[{\"@type\":\"ReadAction\",\"target\":[\"https:\/\/psol50.org.br\/psol-impede-que-pezao-parcele-salarios-de-servidores-em-2018\/\"]}]},{\"@type\":\"ImageObject\",\"inLanguage\":\"pt-BR\",\"@id\":\"https:\/\/psol50.org.br\/psol-impede-que-pezao-parcele-salarios-de-servidores-em-2018\/#primaryimage\",\"url\":\"\",\"contentUrl\":\"\"},{\"@type\":\"BreadcrumbList\",\"@id\":\"https:\/\/psol50.org.br\/psol-impede-que-pezao-parcele-salarios-de-servidores-em-2018\/#breadcrumb\",\"itemListElement\":[{\"@type\":\"ListItem\",\"position\":1,\"name\":\"In\u00edcio\",\"item\":\"https:\/\/psol50.org.br\/\"},{\"@type\":\"ListItem\",\"position\":2,\"name\":\"PSOL impede que Pez\u00e3o parcele sal\u00e1rios de servidores em 2018\"}]},{\"@type\":\"WebSite\",\"@id\":\"https:\/\/psol50.org.br\/#website\",\"url\":\"https:\/\/psol50.org.br\/\",\"name\":\"PSOL 50\",\"description\":\"Site oficial do Partido Socialismo e Liberdade\",\"publisher\":{\"@id\":\"https:\/\/psol50.org.br\/#organization\"},\"alternateName\":\"PSOL50\",\"potentialAction\":[{\"@type\":\"SearchAction\",\"target\":{\"@type\":\"EntryPoint\",\"urlTemplate\":\"https:\/\/psol50.org.br\/?s={search_term_string}\"},\"query-input\":{\"@type\":\"PropertyValueSpecification\",\"valueRequired\":true,\"valueName\":\"search_term_string\"}}],\"inLanguage\":\"pt-BR\"},{\"@type\":\"Organization\",\"@id\":\"https:\/\/psol50.org.br\/#organization\",\"name\":\"PSOL 50\",\"alternateName\":\"PSOL 50\",\"url\":\"https:\/\/psol50.org.br\/\",\"logo\":{\"@type\":\"ImageObject\",\"inLanguage\":\"pt-BR\",\"@id\":\"https:\/\/psol50.org.br\/#\/schema\/logo\/image\/\",\"url\":\"https:\/\/psol50.org.br\/inc\/uploads\/2018\/07\/capa.png\",\"contentUrl\":\"https:\/\/psol50.org.br\/inc\/uploads\/2018\/07\/capa.png\",\"width\":1350,\"height\":900,\"caption\":\"PSOL 50\"},\"image\":{\"@id\":\"https:\/\/psol50.org.br\/#\/schema\/logo\/image\/\"},\"sameAs\":[\"https:\/\/www.facebook.com\/psol50\",\"https:\/\/x.com\/psol50\",\"https:\/\/www.instagram.com\/psol50\/\",\"https:\/\/www.youtube.com\/channel\/UC7SnJS5o1os7a6CaiNabzcg\"]},{\"@type\":\"Person\",\"@id\":\"https:\/\/psol50.org.br\/#\/schema\/person\/475dfa57d0b815993c714c2e96491fcd\",\"name\":\"Comunica\u00e7\u00e3o PSOL\",\"image\":{\"@type\":\"ImageObject\",\"inLanguage\":\"pt-BR\",\"@id\":\"https:\/\/psol50.org.br\/#\/schema\/person\/image\/\",\"url\":\"https:\/\/secure.gravatar.com\/avatar\/b34fc4f4e468a4e51785917065a3db57b841f5c95dba6ad8c73aaf8f66f8f9bf?s=96&d=mm&r=g\",\"contentUrl\":\"https:\/\/secure.gravatar.com\/avatar\/b34fc4f4e468a4e51785917065a3db57b841f5c95dba6ad8c73aaf8f66f8f9bf?s=96&d=mm&r=g\",\"caption\":\"Comunica\u00e7\u00e3o PSOL\"}}]}<\/script>\n<!-- \/ Yoast SEO plugin. -->","yoast_head_json":{"title":"PSOL impede que Pez\u00e3o parcele sal\u00e1rios de servidores em 2018 - PSOL 50","robots":{"index":"index","follow":"follow","max-snippet":"max-snippet:-1","max-image-preview":"max-image-preview:large","max-video-preview":"max-video-preview:-1"},"canonical":"https:\/\/psol50.org.br\/psol-impede-que-pezao-parcele-salarios-de-servidores-em-2018\/","og_locale":"pt_BR","og_type":"article","og_title":"PSOL impede que Pez\u00e3o parcele sal\u00e1rios de servidores em 2018 - PSOL 50","og_description":"A bancada do PSOL e os servidores p\u00fablicos ativos e inativos conquistaram uma importante vit\u00f3ria nesta ter\u00e7a-feira (12) na Assembleia Legislativa do Rio de Janeiro (Alerj). Por apenas um voto de diferen\u00e7a, o parlamento aprovou a proposta do partido que pro\u00edbe o parcelamento no pagamento dos servidores p\u00fablicos, pensionistas e aposentados. A emenda, inclu\u00edda no [&hellip;]","og_url":"https:\/\/psol50.org.br\/psol-impede-que-pezao-parcele-salarios-de-servidores-em-2018\/","og_site_name":"PSOL 50","article_publisher":"https:\/\/www.facebook.com\/psol50","article_published_time":"2017-12-14T13:02:43+00:00","og_image":[{"width":1350,"height":900,"url":"https:\/\/psol50.org.br\/inc\/uploads\/2018\/07\/capa.png","type":"image\/png"}],"author":"Comunica\u00e7\u00e3o PSOL","twitter_card":"summary_large_image","twitter_creator":"@psol50","twitter_site":"@psol50","twitter_misc":{"Escrito por":"Comunica\u00e7\u00e3o PSOL","Est. tempo de leitura":"4 minutos"},"schema":{"@context":"https:\/\/schema.org","@graph":[{"@type":"Article","@id":"https:\/\/psol50.org.br\/psol-impede-que-pezao-parcele-salarios-de-servidores-em-2018\/#article","isPartOf":{"@id":"https:\/\/psol50.org.br\/psol-impede-que-pezao-parcele-salarios-de-servidores-em-2018\/"},"author":{"name":"Comunica\u00e7\u00e3o PSOL","@id":"https:\/\/psol50.org.br\/#\/schema\/person\/475dfa57d0b815993c714c2e96491fcd"},"headline":"PSOL impede que Pez\u00e3o parcele sal\u00e1rios de servidores em 2018","datePublished":"2017-12-14T13:02:43+00:00","mainEntityOfPage":{"@id":"https:\/\/psol50.org.br\/psol-impede-que-pezao-parcele-salarios-de-servidores-em-2018\/"},"wordCount":746,"commentCount":0,"publisher":{"@id":"https:\/\/psol50.org.br\/#organization"},"image":{"@id":"https:\/\/psol50.org.br\/psol-impede-que-pezao-parcele-salarios-de-servidores-em-2018\/#primaryimage"},"thumbnailUrl":"","keywords":["Alerj","bancada do PSOL na Alerj","Luiz Fernando Pez\u00e3o","PSOL","Rio de Janeiro"],"articleSection":["A\u00e7\u00e3o Parlamentar","Estados","Not\u00edcias"],"inLanguage":"pt-BR","potentialAction":[{"@type":"CommentAction","name":"Comment","target":["https:\/\/psol50.org.br\/psol-impede-que-pezao-parcele-salarios-de-servidores-em-2018\/#respond"]}]},{"@type":"WebPage","@id":"https:\/\/psol50.org.br\/psol-impede-que-pezao-parcele-salarios-de-servidores-em-2018\/","url":"https:\/\/psol50.org.br\/psol-impede-que-pezao-parcele-salarios-de-servidores-em-2018\/","name":"PSOL impede que Pez\u00e3o parcele sal\u00e1rios de servidores em 2018 - PSOL 50","isPartOf":{"@id":"https:\/\/psol50.org.br\/#website"},"primaryImageOfPage":{"@id":"https:\/\/psol50.org.br\/psol-impede-que-pezao-parcele-salarios-de-servidores-em-2018\/#primaryimage"},"image":{"@id":"https:\/\/psol50.org.br\/psol-impede-que-pezao-parcele-salarios-de-servidores-em-2018\/#primaryimage"},"thumbnailUrl":"","datePublished":"2017-12-14T13:02:43+00:00","breadcrumb":{"@id":"https:\/\/psol50.org.br\/psol-impede-que-pezao-parcele-salarios-de-servidores-em-2018\/#breadcrumb"},"inLanguage":"pt-BR","potentialAction":[{"@type":"ReadAction","target":["https:\/\/psol50.org.br\/psol-impede-que-pezao-parcele-salarios-de-servidores-em-2018\/"]}]},{"@type":"ImageObject","inLanguage":"pt-BR","@id":"https:\/\/psol50.org.br\/psol-impede-que-pezao-parcele-salarios-de-servidores-em-2018\/#primaryimage","url":"","contentUrl":""},{"@type":"BreadcrumbList","@id":"https:\/\/psol50.org.br\/psol-impede-que-pezao-parcele-salarios-de-servidores-em-2018\/#breadcrumb","itemListElement":[{"@type":"ListItem","position":1,"name":"In\u00edcio","item":"https:\/\/psol50.org.br\/"},{"@type":"ListItem","position":2,"name":"PSOL impede que Pez\u00e3o parcele sal\u00e1rios de servidores em 2018"}]},{"@type":"WebSite","@id":"https:\/\/psol50.org.br\/#website","url":"https:\/\/psol50.org.br\/","name":"PSOL 50","description":"Site oficial do Partido Socialismo e Liberdade","publisher":{"@id":"https:\/\/psol50.org.br\/#organization"},"alternateName":"PSOL50","potentialAction":[{"@type":"SearchAction","target":{"@type":"EntryPoint","urlTemplate":"https:\/\/psol50.org.br\/?s={search_term_string}"},"query-input":{"@type":"PropertyValueSpecification","valueRequired":true,"valueName":"search_term_string"}}],"inLanguage":"pt-BR"},{"@type":"Organization","@id":"https:\/\/psol50.org.br\/#organization","name":"PSOL 50","alternateName":"PSOL 50","url":"https:\/\/psol50.org.br\/","logo":{"@type":"ImageObject","inLanguage":"pt-BR","@id":"https:\/\/psol50.org.br\/#\/schema\/logo\/image\/","url":"https:\/\/psol50.org.br\/inc\/uploads\/2018\/07\/capa.png","contentUrl":"https:\/\/psol50.org.br\/inc\/uploads\/2018\/07\/capa.png","width":1350,"height":900,"caption":"PSOL 50"},"image":{"@id":"https:\/\/psol50.org.br\/#\/schema\/logo\/image\/"},"sameAs":["https:\/\/www.facebook.com\/psol50","https:\/\/x.com\/psol50","https:\/\/www.instagram.com\/psol50\/","https:\/\/www.youtube.com\/channel\/UC7SnJS5o1os7a6CaiNabzcg"]},{"@type":"Person","@id":"https:\/\/psol50.org.br\/#\/schema\/person\/475dfa57d0b815993c714c2e96491fcd","name":"Comunica\u00e7\u00e3o PSOL","image":{"@type":"ImageObject","inLanguage":"pt-BR","@id":"https:\/\/psol50.org.br\/#\/schema\/person\/image\/","url":"https:\/\/secure.gravatar.com\/avatar\/b34fc4f4e468a4e51785917065a3db57b841f5c95dba6ad8c73aaf8f66f8f9bf?s=96&d=mm&r=g","contentUrl":"https:\/\/secure.gravatar.com\/avatar\/b34fc4f4e468a4e51785917065a3db57b841f5c95dba6ad8c73aaf8f66f8f9bf?s=96&d=mm&r=g","caption":"Comunica\u00e7\u00e3o PSOL"}}]}},"_links":{"self":[{"href":"https:\/\/psol50.org.br\/rest\/wp\/v2\/posts\/19298","targetHints":{"allow":["GET"]}}],"collection":[{"href":"https:\/\/psol50.org.br\/rest\/wp\/v2\/posts"}],"about":[{"href":"https:\/\/psol50.org.br\/rest\/wp\/v2\/types\/post"}],"author":[{"embeddable":true,"href":"https:\/\/psol50.org.br\/rest\/wp\/v2\/users\/2"}],"replies":[{"embeddable":true,"href":"https:\/\/psol50.org.br\/rest\/wp\/v2\/comments?post=19298"}],"version-history":[{"count":0,"href":"https:\/\/psol50.org.br\/rest\/wp\/v2\/posts\/19298\/revisions"}],"wp:featuredmedia":[{"embeddable":true,"href":"https:\/\/psol50.org.br\/rest\/"}],"wp:attachment":[{"href":"https:\/\/psol50.org.br\/rest\/wp\/v2\/media?parent=19298"}],"wp:term":[{"taxonomy":"category","embeddable":true,"href":"https:\/\/psol50.org.br\/rest\/wp\/v2\/categories?post=19298"},{"taxonomy":"post_tag","embeddable":true,"href":"https:\/\/psol50.org.br\/rest\/wp\/v2\/tags?post=19298"}],"curies":[{"name":"wp","href":"https:\/\/api.w.org\/{rel}","templated":true}]}}