{"id":19318,"date":"2017-12-14T15:58:52","date_gmt":"2017-12-14T17:58:52","guid":{"rendered":"http:\/\/www.psol50.org.br\/?p=19318"},"modified":"2017-12-14T15:58:52","modified_gmt":"2017-12-14T17:58:52","slug":"2-glauber-braga-responde-a-fake-news-do-dia-suposta-agressao-e-fraude-da-direita-e-sera-investigada-2","status":"publish","type":"post","link":"https:\/\/psol50.org.br\/2-glauber-braga-responde-a-fake-news-do-dia-suposta-agressao-e-fraude-da-direita-e-sera-investigada-2\/","title":{"rendered":"Glauber responde a acusa\u00e7\u00e3o de agress\u00e3o e pede investiga\u00e7\u00e3o das den\u00fancias"},"content":{"rendered":"<p>O deputado Glauber Braga, l\u00edder do PSOL na C\u00e2mara dos Deputados, respondeu \u00e0 not\u00edcia falsa que circulou nesta quinta-feira (14), em que teria sido denunciado pela jornalista Patr\u00edcia L\u00e9lis sobre uma suposta agress\u00e3o f\u00edsica contra a jovem.<\/p>\n<p>L\u00e9lis teve suas contas do Facebook e Instagram hackeadas por seguidores da extrema-direita e a &#8220;not\u00edcia&#8221; foi espalhada em sites falsos na internet. Glauber Braga far\u00e1 representa\u00e7\u00e3o na Pol\u00edcia Federal para que o caso seja investigado.<\/p>\n<p><strong>Assista \u00e0 resposta, feita ao vivo<\/strong>:<\/p>\n<p><a href=\"https:\/\/www.facebook.com\/glauber.braga1\/videos\/921935501296805\/?notif_id=1513272013687948&#038;notif_t=live_video_explicit&#038;ref=notif\">https:\/\/www.facebook.com\/glauber.braga1\/videos\/921935501296805\/?notif_id=1513272013687948&amp;notif_t=live_video_explicit&amp;ref=notif<\/a><\/p>\n","protected":false},"excerpt":{"rendered":"<p>O deputado Glauber Braga, l\u00edder do PSOL na C\u00e2mara dos Deputados, respondeu \u00e0 not\u00edcia falsa que circulou nesta quinta-feira (14), em que teria sido denunciado pela jornalista Patr\u00edcia L\u00e9lis sobre uma suposta agress\u00e3o f\u00edsica contra a jovem. L\u00e9lis teve suas contas do Facebook e Instagram hackeadas por seguidores da extrema-direita e a &#8220;not\u00edcia&#8221; foi espalhada [&hellip;]<\/p>\n","protected":false},"author":2,"featured_media":16103,"comment_status":"open","ping_status":"open","sticky":false,"template":"","format":"standard","meta":{"_acf_changed":false,"footnotes":""},"categories":[10,1882,6],"tags":[1191,3874],"class_list":{"0":"post-19318","1":"post","2":"type-post","3":"status-publish","4":"format-standard","5":"has-post-thumbnail","7":"category-acao-parlamentares","8":"category-brasil","9":"category-noticias","10":"tag-glauber-braga","11":"tag-patricia-lelis"},"acf":[],"yoast_head":"<!-- This site is optimized with the Yoast SEO plugin v26.5 - https:\/\/yoast.com\/wordpress\/plugins\/seo\/ -->\n<title>Glauber responde a acusa\u00e7\u00e3o de agress\u00e3o e pede investiga\u00e7\u00e3o das den\u00fancias - PSOL 50<\/title>\n<meta name=\"robots\" content=\"index, follow, max-snippet:-1, max-image-preview:large, max-video-preview:-1\" \/>\n<link rel=\"canonical\" href=\"https:\/\/psol50.org.br\/2-glauber-braga-responde-a-fake-news-do-dia-suposta-agressao-e-fraude-da-direita-e-sera-investigada-2\/\" \/>\n<meta property=\"og:locale\" content=\"pt_BR\" \/>\n<meta property=\"og:type\" content=\"article\" \/>\n<meta property=\"og:title\" content=\"Glauber responde a acusa\u00e7\u00e3o de agress\u00e3o e pede investiga\u00e7\u00e3o das den\u00fancias - PSOL 50\" \/>\n<meta property=\"og:description\" content=\"O deputado Glauber Braga, l\u00edder do PSOL na C\u00e2mara dos Deputados, respondeu \u00e0 not\u00edcia falsa que circulou nesta quinta-feira (14), em que teria sido denunciado pela jornalista Patr\u00edcia L\u00e9lis sobre uma suposta agress\u00e3o f\u00edsica contra a jovem. L\u00e9lis teve suas contas do Facebook e Instagram hackeadas por seguidores da extrema-direita e a &#8220;not\u00edcia&#8221; foi espalhada [&hellip;]\" \/>\n<meta property=\"og:url\" content=\"https:\/\/psol50.org.br\/2-glauber-braga-responde-a-fake-news-do-dia-suposta-agressao-e-fraude-da-direita-e-sera-investigada-2\/\" \/>\n<meta property=\"og:site_name\" content=\"PSOL 50\" \/>\n<meta property=\"article:publisher\" content=\"https:\/\/www.facebook.com\/psol50\" \/>\n<meta property=\"article:published_time\" content=\"2017-12-14T17:58:52+00:00\" \/>\n<meta property=\"og:image\" content=\"https:\/\/psol50.org.br\/inc\/uploads\/2018\/07\/capa.png\" \/>\n\t<meta property=\"og:image:width\" content=\"1350\" \/>\n\t<meta property=\"og:image:height\" content=\"900\" \/>\n\t<meta property=\"og:image:type\" content=\"image\/png\" \/>\n<meta name=\"author\" content=\"Comunica\u00e7\u00e3o PSOL\" \/>\n<meta name=\"twitter:card\" content=\"summary_large_image\" \/>\n<meta name=\"twitter:creator\" content=\"@psol50\" \/>\n<meta name=\"twitter:site\" content=\"@psol50\" \/>\n<meta name=\"twitter:label1\" content=\"Escrito por\" \/>\n\t<meta name=\"twitter:data1\" content=\"Comunica\u00e7\u00e3o PSOL\" \/>\n\t<meta name=\"twitter:label2\" content=\"Est. tempo de leitura\" \/>\n\t<meta name=\"twitter:data2\" content=\"1 minuto\" \/>\n<script type=\"application\/ld+json\" class=\"yoast-schema-graph\">{\"@context\":\"https:\/\/schema.org\",\"@graph\":[{\"@type\":\"Article\",\"@id\":\"https:\/\/psol50.org.br\/2-glauber-braga-responde-a-fake-news-do-dia-suposta-agressao-e-fraude-da-direita-e-sera-investigada-2\/#article\",\"isPartOf\":{\"@id\":\"https:\/\/psol50.org.br\/2-glauber-braga-responde-a-fake-news-do-dia-suposta-agressao-e-fraude-da-direita-e-sera-investigada-2\/\"},\"author\":{\"name\":\"Comunica\u00e7\u00e3o PSOL\",\"@id\":\"https:\/\/psol50.org.br\/#\/schema\/person\/475dfa57d0b815993c714c2e96491fcd\"},\"headline\":\"Glauber responde a acusa\u00e7\u00e3o de agress\u00e3o e pede investiga\u00e7\u00e3o das den\u00fancias\",\"datePublished\":\"2017-12-14T17:58:52+00:00\",\"mainEntityOfPage\":{\"@id\":\"https:\/\/psol50.org.br\/2-glauber-braga-responde-a-fake-news-do-dia-suposta-agressao-e-fraude-da-direita-e-sera-investigada-2\/\"},\"wordCount\":120,\"commentCount\":0,\"publisher\":{\"@id\":\"https:\/\/psol50.org.br\/#organization\"},\"image\":{\"@id\":\"https:\/\/psol50.org.br\/2-glauber-braga-responde-a-fake-news-do-dia-suposta-agressao-e-fraude-da-direita-e-sera-investigada-2\/#primaryimage\"},\"thumbnailUrl\":\"\",\"keywords\":[\"Glauber Braga\",\"Patr\u00edcia L\u00e9lis\"],\"articleSection\":[\"A\u00e7\u00e3o Parlamentar\",\"Brasil\",\"Not\u00edcias\"],\"inLanguage\":\"pt-BR\",\"potentialAction\":[{\"@type\":\"CommentAction\",\"name\":\"Comment\",\"target\":[\"https:\/\/psol50.org.br\/2-glauber-braga-responde-a-fake-news-do-dia-suposta-agressao-e-fraude-da-direita-e-sera-investigada-2\/#respond\"]}]},{\"@type\":\"WebPage\",\"@id\":\"https:\/\/psol50.org.br\/2-glauber-braga-responde-a-fake-news-do-dia-suposta-agressao-e-fraude-da-direita-e-sera-investigada-2\/\",\"url\":\"https:\/\/psol50.org.br\/2-glauber-braga-responde-a-fake-news-do-dia-suposta-agressao-e-fraude-da-direita-e-sera-investigada-2\/\",\"name\":\"Glauber responde a acusa\u00e7\u00e3o de agress\u00e3o e pede investiga\u00e7\u00e3o das den\u00fancias - PSOL 50\",\"isPartOf\":{\"@id\":\"https:\/\/psol50.org.br\/#website\"},\"primaryImageOfPage\":{\"@id\":\"https:\/\/psol50.org.br\/2-glauber-braga-responde-a-fake-news-do-dia-suposta-agressao-e-fraude-da-direita-e-sera-investigada-2\/#primaryimage\"},\"image\":{\"@id\":\"https:\/\/psol50.org.br\/2-glauber-braga-responde-a-fake-news-do-dia-suposta-agressao-e-fraude-da-direita-e-sera-investigada-2\/#primaryimage\"},\"thumbnailUrl\":\"\",\"datePublished\":\"2017-12-14T17:58:52+00:00\",\"breadcrumb\":{\"@id\":\"https:\/\/psol50.org.br\/2-glauber-braga-responde-a-fake-news-do-dia-suposta-agressao-e-fraude-da-direita-e-sera-investigada-2\/#breadcrumb\"},\"inLanguage\":\"pt-BR\",\"potentialAction\":[{\"@type\":\"ReadAction\",\"target\":[\"https:\/\/psol50.org.br\/2-glauber-braga-responde-a-fake-news-do-dia-suposta-agressao-e-fraude-da-direita-e-sera-investigada-2\/\"]}]},{\"@type\":\"ImageObject\",\"inLanguage\":\"pt-BR\",\"@id\":\"https:\/\/psol50.org.br\/2-glauber-braga-responde-a-fake-news-do-dia-suposta-agressao-e-fraude-da-direita-e-sera-investigada-2\/#primaryimage\",\"url\":\"\",\"contentUrl\":\"\"},{\"@type\":\"BreadcrumbList\",\"@id\":\"https:\/\/psol50.org.br\/2-glauber-braga-responde-a-fake-news-do-dia-suposta-agressao-e-fraude-da-direita-e-sera-investigada-2\/#breadcrumb\",\"itemListElement\":[{\"@type\":\"ListItem\",\"position\":1,\"name\":\"In\u00edcio\",\"item\":\"https:\/\/psol50.org.br\/\"},{\"@type\":\"ListItem\",\"position\":2,\"name\":\"Glauber responde a acusa\u00e7\u00e3o de agress\u00e3o e pede investiga\u00e7\u00e3o das den\u00fancias\"}]},{\"@type\":\"WebSite\",\"@id\":\"https:\/\/psol50.org.br\/#website\",\"url\":\"https:\/\/psol50.org.br\/\",\"name\":\"PSOL 50\",\"description\":\"Site oficial do Partido Socialismo e Liberdade\",\"publisher\":{\"@id\":\"https:\/\/psol50.org.br\/#organization\"},\"alternateName\":\"PSOL50\",\"potentialAction\":[{\"@type\":\"SearchAction\",\"target\":{\"@type\":\"EntryPoint\",\"urlTemplate\":\"https:\/\/psol50.org.br\/?s={search_term_string}\"},\"query-input\":{\"@type\":\"PropertyValueSpecification\",\"valueRequired\":true,\"valueName\":\"search_term_string\"}}],\"inLanguage\":\"pt-BR\"},{\"@type\":\"Organization\",\"@id\":\"https:\/\/psol50.org.br\/#organization\",\"name\":\"PSOL 50\",\"alternateName\":\"PSOL 50\",\"url\":\"https:\/\/psol50.org.br\/\",\"logo\":{\"@type\":\"ImageObject\",\"inLanguage\":\"pt-BR\",\"@id\":\"https:\/\/psol50.org.br\/#\/schema\/logo\/image\/\",\"url\":\"https:\/\/psol50.org.br\/inc\/uploads\/2018\/07\/capa.png\",\"contentUrl\":\"https:\/\/psol50.org.br\/inc\/uploads\/2018\/07\/capa.png\",\"width\":1350,\"height\":900,\"caption\":\"PSOL 50\"},\"image\":{\"@id\":\"https:\/\/psol50.org.br\/#\/schema\/logo\/image\/\"},\"sameAs\":[\"https:\/\/www.facebook.com\/psol50\",\"https:\/\/x.com\/psol50\",\"https:\/\/www.instagram.com\/psol50\/\",\"https:\/\/www.youtube.com\/channel\/UC7SnJS5o1os7a6CaiNabzcg\"]},{\"@type\":\"Person\",\"@id\":\"https:\/\/psol50.org.br\/#\/schema\/person\/475dfa57d0b815993c714c2e96491fcd\",\"name\":\"Comunica\u00e7\u00e3o PSOL\",\"image\":{\"@type\":\"ImageObject\",\"inLanguage\":\"pt-BR\",\"@id\":\"https:\/\/psol50.org.br\/#\/schema\/person\/image\/\",\"url\":\"https:\/\/secure.gravatar.com\/avatar\/b34fc4f4e468a4e51785917065a3db57b841f5c95dba6ad8c73aaf8f66f8f9bf?s=96&d=mm&r=g\",\"contentUrl\":\"https:\/\/secure.gravatar.com\/avatar\/b34fc4f4e468a4e51785917065a3db57b841f5c95dba6ad8c73aaf8f66f8f9bf?s=96&d=mm&r=g\",\"caption\":\"Comunica\u00e7\u00e3o PSOL\"}}]}<\/script>\n<!-- \/ Yoast SEO plugin. -->","yoast_head_json":{"title":"Glauber responde a acusa\u00e7\u00e3o de agress\u00e3o e pede investiga\u00e7\u00e3o das den\u00fancias - PSOL 50","robots":{"index":"index","follow":"follow","max-snippet":"max-snippet:-1","max-image-preview":"max-image-preview:large","max-video-preview":"max-video-preview:-1"},"canonical":"https:\/\/psol50.org.br\/2-glauber-braga-responde-a-fake-news-do-dia-suposta-agressao-e-fraude-da-direita-e-sera-investigada-2\/","og_locale":"pt_BR","og_type":"article","og_title":"Glauber responde a acusa\u00e7\u00e3o de agress\u00e3o e pede investiga\u00e7\u00e3o das den\u00fancias - PSOL 50","og_description":"O deputado Glauber Braga, l\u00edder do PSOL na C\u00e2mara dos Deputados, respondeu \u00e0 not\u00edcia falsa que circulou nesta quinta-feira (14), em que teria sido denunciado pela jornalista Patr\u00edcia L\u00e9lis sobre uma suposta agress\u00e3o f\u00edsica contra a jovem. L\u00e9lis teve suas contas do Facebook e Instagram hackeadas por seguidores da extrema-direita e a &#8220;not\u00edcia&#8221; foi espalhada [&hellip;]","og_url":"https:\/\/psol50.org.br\/2-glauber-braga-responde-a-fake-news-do-dia-suposta-agressao-e-fraude-da-direita-e-sera-investigada-2\/","og_site_name":"PSOL 50","article_publisher":"https:\/\/www.facebook.com\/psol50","article_published_time":"2017-12-14T17:58:52+00:00","og_image":[{"width":1350,"height":900,"url":"https:\/\/psol50.org.br\/inc\/uploads\/2018\/07\/capa.png","type":"image\/png"}],"author":"Comunica\u00e7\u00e3o PSOL","twitter_card":"summary_large_image","twitter_creator":"@psol50","twitter_site":"@psol50","twitter_misc":{"Escrito por":"Comunica\u00e7\u00e3o PSOL","Est. tempo de leitura":"1 minuto"},"schema":{"@context":"https:\/\/schema.org","@graph":[{"@type":"Article","@id":"https:\/\/psol50.org.br\/2-glauber-braga-responde-a-fake-news-do-dia-suposta-agressao-e-fraude-da-direita-e-sera-investigada-2\/#article","isPartOf":{"@id":"https:\/\/psol50.org.br\/2-glauber-braga-responde-a-fake-news-do-dia-suposta-agressao-e-fraude-da-direita-e-sera-investigada-2\/"},"author":{"name":"Comunica\u00e7\u00e3o PSOL","@id":"https:\/\/psol50.org.br\/#\/schema\/person\/475dfa57d0b815993c714c2e96491fcd"},"headline":"Glauber responde a acusa\u00e7\u00e3o de agress\u00e3o e pede investiga\u00e7\u00e3o das den\u00fancias","datePublished":"2017-12-14T17:58:52+00:00","mainEntityOfPage":{"@id":"https:\/\/psol50.org.br\/2-glauber-braga-responde-a-fake-news-do-dia-suposta-agressao-e-fraude-da-direita-e-sera-investigada-2\/"},"wordCount":120,"commentCount":0,"publisher":{"@id":"https:\/\/psol50.org.br\/#organization"},"image":{"@id":"https:\/\/psol50.org.br\/2-glauber-braga-responde-a-fake-news-do-dia-suposta-agressao-e-fraude-da-direita-e-sera-investigada-2\/#primaryimage"},"thumbnailUrl":"","keywords":["Glauber Braga","Patr\u00edcia L\u00e9lis"],"articleSection":["A\u00e7\u00e3o Parlamentar","Brasil","Not\u00edcias"],"inLanguage":"pt-BR","potentialAction":[{"@type":"CommentAction","name":"Comment","target":["https:\/\/psol50.org.br\/2-glauber-braga-responde-a-fake-news-do-dia-suposta-agressao-e-fraude-da-direita-e-sera-investigada-2\/#respond"]}]},{"@type":"WebPage","@id":"https:\/\/psol50.org.br\/2-glauber-braga-responde-a-fake-news-do-dia-suposta-agressao-e-fraude-da-direita-e-sera-investigada-2\/","url":"https:\/\/psol50.org.br\/2-glauber-braga-responde-a-fake-news-do-dia-suposta-agressao-e-fraude-da-direita-e-sera-investigada-2\/","name":"Glauber responde a acusa\u00e7\u00e3o de agress\u00e3o e pede investiga\u00e7\u00e3o das den\u00fancias - PSOL 50","isPartOf":{"@id":"https:\/\/psol50.org.br\/#website"},"primaryImageOfPage":{"@id":"https:\/\/psol50.org.br\/2-glauber-braga-responde-a-fake-news-do-dia-suposta-agressao-e-fraude-da-direita-e-sera-investigada-2\/#primaryimage"},"image":{"@id":"https:\/\/psol50.org.br\/2-glauber-braga-responde-a-fake-news-do-dia-suposta-agressao-e-fraude-da-direita-e-sera-investigada-2\/#primaryimage"},"thumbnailUrl":"","datePublished":"2017-12-14T17:58:52+00:00","breadcrumb":{"@id":"https:\/\/psol50.org.br\/2-glauber-braga-responde-a-fake-news-do-dia-suposta-agressao-e-fraude-da-direita-e-sera-investigada-2\/#breadcrumb"},"inLanguage":"pt-BR","potentialAction":[{"@type":"ReadAction","target":["https:\/\/psol50.org.br\/2-glauber-braga-responde-a-fake-news-do-dia-suposta-agressao-e-fraude-da-direita-e-sera-investigada-2\/"]}]},{"@type":"ImageObject","inLanguage":"pt-BR","@id":"https:\/\/psol50.org.br\/2-glauber-braga-responde-a-fake-news-do-dia-suposta-agressao-e-fraude-da-direita-e-sera-investigada-2\/#primaryimage","url":"","contentUrl":""},{"@type":"BreadcrumbList","@id":"https:\/\/psol50.org.br\/2-glauber-braga-responde-a-fake-news-do-dia-suposta-agressao-e-fraude-da-direita-e-sera-investigada-2\/#breadcrumb","itemListElement":[{"@type":"ListItem","position":1,"name":"In\u00edcio","item":"https:\/\/psol50.org.br\/"},{"@type":"ListItem","position":2,"name":"Glauber responde a acusa\u00e7\u00e3o de agress\u00e3o e pede investiga\u00e7\u00e3o das den\u00fancias"}]},{"@type":"WebSite","@id":"https:\/\/psol50.org.br\/#website","url":"https:\/\/psol50.org.br\/","name":"PSOL 50","description":"Site oficial do Partido Socialismo e Liberdade","publisher":{"@id":"https:\/\/psol50.org.br\/#organization"},"alternateName":"PSOL50","potentialAction":[{"@type":"SearchAction","target":{"@type":"EntryPoint","urlTemplate":"https:\/\/psol50.org.br\/?s={search_term_string}"},"query-input":{"@type":"PropertyValueSpecification","valueRequired":true,"valueName":"search_term_string"}}],"inLanguage":"pt-BR"},{"@type":"Organization","@id":"https:\/\/psol50.org.br\/#organization","name":"PSOL 50","alternateName":"PSOL 50","url":"https:\/\/psol50.org.br\/","logo":{"@type":"ImageObject","inLanguage":"pt-BR","@id":"https:\/\/psol50.org.br\/#\/schema\/logo\/image\/","url":"https:\/\/psol50.org.br\/inc\/uploads\/2018\/07\/capa.png","contentUrl":"https:\/\/psol50.org.br\/inc\/uploads\/2018\/07\/capa.png","width":1350,"height":900,"caption":"PSOL 50"},"image":{"@id":"https:\/\/psol50.org.br\/#\/schema\/logo\/image\/"},"sameAs":["https:\/\/www.facebook.com\/psol50","https:\/\/x.com\/psol50","https:\/\/www.instagram.com\/psol50\/","https:\/\/www.youtube.com\/channel\/UC7SnJS5o1os7a6CaiNabzcg"]},{"@type":"Person","@id":"https:\/\/psol50.org.br\/#\/schema\/person\/475dfa57d0b815993c714c2e96491fcd","name":"Comunica\u00e7\u00e3o PSOL","image":{"@type":"ImageObject","inLanguage":"pt-BR","@id":"https:\/\/psol50.org.br\/#\/schema\/person\/image\/","url":"https:\/\/secure.gravatar.com\/avatar\/b34fc4f4e468a4e51785917065a3db57b841f5c95dba6ad8c73aaf8f66f8f9bf?s=96&d=mm&r=g","contentUrl":"https:\/\/secure.gravatar.com\/avatar\/b34fc4f4e468a4e51785917065a3db57b841f5c95dba6ad8c73aaf8f66f8f9bf?s=96&d=mm&r=g","caption":"Comunica\u00e7\u00e3o PSOL"}}]}},"_links":{"self":[{"href":"https:\/\/psol50.org.br\/rest\/wp\/v2\/posts\/19318","targetHints":{"allow":["GET"]}}],"collection":[{"href":"https:\/\/psol50.org.br\/rest\/wp\/v2\/posts"}],"about":[{"href":"https:\/\/psol50.org.br\/rest\/wp\/v2\/types\/post"}],"author":[{"embeddable":true,"href":"https:\/\/psol50.org.br\/rest\/wp\/v2\/users\/2"}],"replies":[{"embeddable":true,"href":"https:\/\/psol50.org.br\/rest\/wp\/v2\/comments?post=19318"}],"version-history":[{"count":0,"href":"https:\/\/psol50.org.br\/rest\/wp\/v2\/posts\/19318\/revisions"}],"wp:featuredmedia":[{"embeddable":true,"href":"https:\/\/psol50.org.br\/rest\/"}],"wp:attachment":[{"href":"https:\/\/psol50.org.br\/rest\/wp\/v2\/media?parent=19318"}],"wp:term":[{"taxonomy":"category","embeddable":true,"href":"https:\/\/psol50.org.br\/rest\/wp\/v2\/categories?post=19318"},{"taxonomy":"post_tag","embeddable":true,"href":"https:\/\/psol50.org.br\/rest\/wp\/v2\/tags?post=19318"}],"curies":[{"name":"wp","href":"https:\/\/api.w.org\/{rel}","templated":true}]}}