{"id":19368,"date":"2017-12-20T12:59:24","date_gmt":"2017-12-20T14:59:24","guid":{"rendered":"http:\/\/www.psol50.org.br\/?p=19368"},"modified":"2017-12-20T12:59:24","modified_gmt":"2017-12-20T14:59:24","slug":"psol-faz-balanco-do-ano-e-aponta-desafios-para-2018-reafirmando-o-enfrentamento-ao-governo-temer","status":"publish","type":"post","link":"https:\/\/psol50.org.br\/psol-faz-balanco-do-ano-e-aponta-desafios-para-2018-reafirmando-o-enfrentamento-ao-governo-temer\/","title":{"rendered":"PSOL faz balan\u00e7o do ano e aponta desafios para 2018, reafirmando o enfrentamento ao governo Temer"},"content":{"rendered":"<p>Em coletiva \u00e0 imprensa realizada na manh\u00e3 desta quarta-feira (20), a bancada do <a href=\"https:\/\/www.facebook.com\/psolnacamara\/\" target=\"_blank\" rel=\"noopener\"><strong><span style=\"color: #0000ff;\">PSOL na C\u00e2mara<\/span><\/strong><\/a> fez um balan\u00e7o sobre a atua\u00e7\u00e3o do partido em 2017, se destacando mais uma vez pela sua coer\u00eancia e oposi\u00e7\u00e3o program\u00e1tica ao governo de Michel Temer, e apontou as tarefas desafiadoras para 2018. A deputada Luiza Erundina (SP) e os deputados Glauber Braga (RJ), Ivan Valente (SP), Chico Alencar (RJ), Jean Wyllys (RJ) e Edmilson Rodrigues (PA) destacaram os principais retrocessos enfrentados nesse ano, com destaque para a reforma trabalhista, as duas den\u00fancias contra Temer protocoladas pela Procuradoria Geral da Rep\u00fablica e a reforma da Previd\u00eancia, que chegou a ser aprovada em comiss\u00e3o especial mas, devido \u00e0 press\u00e3o popular, foi adiada para o in\u00edcio de 2018.<\/p>\n<p>A conclus\u00e3o \u00e9 que 2017 representa um dos per\u00edodos de maiores retrocessos para a popula\u00e7\u00e3o brasileira.<\/p>\n<p>&#8220;O ano de 2017 foi marcado por retrocessos. Nunca a democracia direta, participativa e representativa, a transpar\u00eancia, o meio ambiente, os direitos humanos e a igualdade de direitos foram t\u00e3o amea\u00e7ados. Um Parlamento \u00e0 disposi\u00e7\u00e3o do Pal\u00e1cio do Planalto manteve um governo golpista com a rejei\u00e7\u00e3o de duas den\u00fancias contra Michel Temer, por corrup\u00e7\u00e3o passiva, obstru\u00e7\u00e3o da Justi\u00e7a e organiza\u00e7\u00e3o criminosa. Com posi\u00e7\u00e3o contr\u00e1ria da bancada do PSOL, a C\u00e2mara dos Deputados figurou com a aprova\u00e7\u00e3o de propostas retr\u00f3gradas, principalmente, em nome de um &#8216;ajuste fiscal&#8217; que agrada ao mercado financeiro e achata, cada vez mais, o poder de compra das(os) brasileiras(os). Foi assim para a aprova\u00e7\u00e3o da retirada de direitos trabalhista e da lei da terceiriza\u00e7\u00e3o; a privatiza\u00e7\u00e3o de portos, aeroportos e rodovias; os benef\u00edcios a empresas estrangeiras para explora\u00e7\u00e3o do petr\u00f3leo e os diversos Refis&#8221;, destacam os deputados, em documento de balan\u00e7o divulgado na coletiva.<\/p>\n<p>Para o PSOL, embora tenha sido um ano muito dif\u00edcil do ponto de vista das amea\u00e7as aos direitos, tamb\u00e9m foi marcado por muita press\u00e3o junto aos parlamentares e mobiliza\u00e7\u00f5es nas ruas, que conseguiram impedir a consolida\u00e7\u00e3o de outros ataques.<\/p>\n<p>&#8220;A press\u00e3o popular conseguiu reverter o decreto que acabava com a Reserva Nacional do Cobre e Associados (Renca), na Amaz\u00f4nia, e permitiria uma irrestrita explora\u00e7\u00e3o mineral; manter o t\u00edtulo de Patrono da Educa\u00e7\u00e3o a Paulo Freire; impedir a conclus\u00e3o da PEC 181\/2015, que pro\u00edbe a interrup\u00e7\u00e3o da gravidez em casos de estupro ou risco de morte; e adiar a vota\u00e7\u00e3o da reforma da Previd\u00eancia. Al\u00e9m disso, nesta semana, a partir da A\u00e7\u00e3o Direta de Inconstitucionalidade apresentada pelo PSOL, houve a decis\u00e3o do Supremo Tribunal Federal em suspender a Medida Provis\u00f3ria que pretendia adiar o reajuste dos servidores p\u00fablicos e aumentar a contribui\u00e7\u00e3o previdenci\u00e1ria&#8221;, pontua.<\/p>\n<p>Na avalia\u00e7\u00e3o dos deputados, 2018 ser\u00e1 um ano de muitos desafios, exigindo a intensifica\u00e7\u00e3o das lutas sociais e candidaturas que apontem uma alternativa \u00e0 esquerda para o cen\u00e1rio de crise do pa\u00eds.<\/p>\n<p>Confira a <a href=\"http:\/\/www.psol50.org.br\/inc\/uploads\/2017\/12\/Balan\u00e7o_2017_Bancada.pdf\" target=\"_blank\" rel=\"noopener\"><span style=\"color: #0000ff;\"><strong>nota de balan\u00e7o<\/strong><\/span><\/a> divulgada pela bancada e assista, abaixo, a coletiva completa.<\/p>\n<p>https:\/\/www.facebook.com\/psolnacamara\/videos\/1283902991713929\/<\/p>\n","protected":false},"excerpt":{"rendered":"<p>Em coletiva \u00e0 imprensa realizada na manh\u00e3 desta quarta-feira (20), a bancada do PSOL na C\u00e2mara fez um balan\u00e7o sobre a atua\u00e7\u00e3o do partido em 2017, se destacando mais uma vez pela sua coer\u00eancia e oposi\u00e7\u00e3o program\u00e1tica ao governo de Michel Temer, e apontou as tarefas desafiadoras para 2018. A deputada Luiza Erundina (SP) e [&hellip;]<\/p>\n","protected":false},"author":2,"featured_media":19374,"comment_status":"open","ping_status":"open","sticky":false,"template":"","format":"standard","meta":{"_acf_changed":false,"footnotes":""},"categories":[10,1882,6,14],"tags":[3505,827,3891,1680,973,1191,552,663,553,1748,417,2207],"class_list":{"0":"post-19368","1":"post","2":"type-post","3":"status-publish","4":"format-standard","5":"has-post-thumbnail","7":"category-acao-parlamentares","8":"category-brasil","9":"category-noticias","10":"category-partido","11":"tag-3505","12":"tag-827","13":"tag-banlanco","14":"tag-chico-alencar","15":"tag-edmilson-rodrigues","16":"tag-glauber-braga","17":"tag-ivan-valente","18":"tag-jean-wyllys","19":"tag-luiza-erundina","20":"tag-michel-temer","21":"tag-psol-na-camara","22":"tag-retrocessos"},"acf":[],"yoast_head":"<!-- This site is optimized with the Yoast SEO plugin v26.5 - https:\/\/yoast.com\/wordpress\/plugins\/seo\/ -->\n<title>PSOL faz balan\u00e7o do ano e aponta desafios para 2018, reafirmando o enfrentamento ao governo Temer - PSOL 50<\/title>\n<meta name=\"robots\" content=\"index, follow, max-snippet:-1, max-image-preview:large, max-video-preview:-1\" \/>\n<link rel=\"canonical\" href=\"https:\/\/psol50.org.br\/psol-faz-balanco-do-ano-e-aponta-desafios-para-2018-reafirmando-o-enfrentamento-ao-governo-temer\/\" \/>\n<meta property=\"og:locale\" content=\"pt_BR\" \/>\n<meta property=\"og:type\" content=\"article\" \/>\n<meta property=\"og:title\" content=\"PSOL faz balan\u00e7o do ano e aponta desafios para 2018, reafirmando o enfrentamento ao governo Temer - PSOL 50\" \/>\n<meta property=\"og:description\" content=\"Em coletiva \u00e0 imprensa realizada na manh\u00e3 desta quarta-feira (20), a bancada do PSOL na C\u00e2mara fez um balan\u00e7o sobre a atua\u00e7\u00e3o do partido em 2017, se destacando mais uma vez pela sua coer\u00eancia e oposi\u00e7\u00e3o program\u00e1tica ao governo de Michel Temer, e apontou as tarefas desafiadoras para 2018. A deputada Luiza Erundina (SP) e [&hellip;]\" \/>\n<meta property=\"og:url\" content=\"https:\/\/psol50.org.br\/psol-faz-balanco-do-ano-e-aponta-desafios-para-2018-reafirmando-o-enfrentamento-ao-governo-temer\/\" \/>\n<meta property=\"og:site_name\" content=\"PSOL 50\" \/>\n<meta property=\"article:publisher\" content=\"https:\/\/www.facebook.com\/psol50\" \/>\n<meta property=\"article:published_time\" content=\"2017-12-20T14:59:24+00:00\" \/>\n<meta property=\"og:image\" content=\"https:\/\/psol50.org.br\/inc\/uploads\/2018\/07\/capa.png\" \/>\n\t<meta property=\"og:image:width\" content=\"1350\" \/>\n\t<meta property=\"og:image:height\" content=\"900\" \/>\n\t<meta property=\"og:image:type\" content=\"image\/png\" \/>\n<meta name=\"author\" content=\"Comunica\u00e7\u00e3o PSOL\" \/>\n<meta name=\"twitter:card\" content=\"summary_large_image\" \/>\n<meta name=\"twitter:creator\" content=\"@psol50\" \/>\n<meta name=\"twitter:site\" content=\"@psol50\" \/>\n<meta name=\"twitter:label1\" content=\"Escrito por\" \/>\n\t<meta name=\"twitter:data1\" content=\"Comunica\u00e7\u00e3o PSOL\" \/>\n\t<meta name=\"twitter:label2\" content=\"Est. tempo de leitura\" \/>\n\t<meta name=\"twitter:data2\" content=\"3 minutos\" \/>\n<script type=\"application\/ld+json\" class=\"yoast-schema-graph\">{\"@context\":\"https:\/\/schema.org\",\"@graph\":[{\"@type\":\"Article\",\"@id\":\"https:\/\/psol50.org.br\/psol-faz-balanco-do-ano-e-aponta-desafios-para-2018-reafirmando-o-enfrentamento-ao-governo-temer\/#article\",\"isPartOf\":{\"@id\":\"https:\/\/psol50.org.br\/psol-faz-balanco-do-ano-e-aponta-desafios-para-2018-reafirmando-o-enfrentamento-ao-governo-temer\/\"},\"author\":{\"name\":\"Comunica\u00e7\u00e3o PSOL\",\"@id\":\"https:\/\/psol50.org.br\/#\/schema\/person\/475dfa57d0b815993c714c2e96491fcd\"},\"headline\":\"PSOL faz balan\u00e7o do ano e aponta desafios para 2018, reafirmando o enfrentamento ao governo Temer\",\"datePublished\":\"2017-12-20T14:59:24+00:00\",\"mainEntityOfPage\":{\"@id\":\"https:\/\/psol50.org.br\/psol-faz-balanco-do-ano-e-aponta-desafios-para-2018-reafirmando-o-enfrentamento-ao-governo-temer\/\"},\"wordCount\":551,\"commentCount\":0,\"publisher\":{\"@id\":\"https:\/\/psol50.org.br\/#organization\"},\"image\":{\"@id\":\"https:\/\/psol50.org.br\/psol-faz-balanco-do-ano-e-aponta-desafios-para-2018-reafirmando-o-enfrentamento-ao-governo-temer\/#primaryimage\"},\"thumbnailUrl\":\"\",\"keywords\":[\"2017\",\"2018\",\"banlan\u00e7o\",\"Chico Alencar\",\"Edmilson Rodrigues\",\"Glauber Braga\",\"Ivan Valente\",\"Jean Wyllys\",\"Luiza Erundina\",\"Michel Temer\",\"PSOL na C\u00e2mara\",\"retrocessos\"],\"articleSection\":[\"A\u00e7\u00e3o Parlamentar\",\"Brasil\",\"Not\u00edcias\",\"Partido\"],\"inLanguage\":\"pt-BR\",\"potentialAction\":[{\"@type\":\"CommentAction\",\"name\":\"Comment\",\"target\":[\"https:\/\/psol50.org.br\/psol-faz-balanco-do-ano-e-aponta-desafios-para-2018-reafirmando-o-enfrentamento-ao-governo-temer\/#respond\"]}]},{\"@type\":\"WebPage\",\"@id\":\"https:\/\/psol50.org.br\/psol-faz-balanco-do-ano-e-aponta-desafios-para-2018-reafirmando-o-enfrentamento-ao-governo-temer\/\",\"url\":\"https:\/\/psol50.org.br\/psol-faz-balanco-do-ano-e-aponta-desafios-para-2018-reafirmando-o-enfrentamento-ao-governo-temer\/\",\"name\":\"PSOL faz balan\u00e7o do ano e aponta desafios para 2018, reafirmando o enfrentamento ao governo Temer - PSOL 50\",\"isPartOf\":{\"@id\":\"https:\/\/psol50.org.br\/#website\"},\"primaryImageOfPage\":{\"@id\":\"https:\/\/psol50.org.br\/psol-faz-balanco-do-ano-e-aponta-desafios-para-2018-reafirmando-o-enfrentamento-ao-governo-temer\/#primaryimage\"},\"image\":{\"@id\":\"https:\/\/psol50.org.br\/psol-faz-balanco-do-ano-e-aponta-desafios-para-2018-reafirmando-o-enfrentamento-ao-governo-temer\/#primaryimage\"},\"thumbnailUrl\":\"\",\"datePublished\":\"2017-12-20T14:59:24+00:00\",\"breadcrumb\":{\"@id\":\"https:\/\/psol50.org.br\/psol-faz-balanco-do-ano-e-aponta-desafios-para-2018-reafirmando-o-enfrentamento-ao-governo-temer\/#breadcrumb\"},\"inLanguage\":\"pt-BR\",\"potentialAction\":[{\"@type\":\"ReadAction\",\"target\":[\"https:\/\/psol50.org.br\/psol-faz-balanco-do-ano-e-aponta-desafios-para-2018-reafirmando-o-enfrentamento-ao-governo-temer\/\"]}]},{\"@type\":\"ImageObject\",\"inLanguage\":\"pt-BR\",\"@id\":\"https:\/\/psol50.org.br\/psol-faz-balanco-do-ano-e-aponta-desafios-para-2018-reafirmando-o-enfrentamento-ao-governo-temer\/#primaryimage\",\"url\":\"\",\"contentUrl\":\"\"},{\"@type\":\"BreadcrumbList\",\"@id\":\"https:\/\/psol50.org.br\/psol-faz-balanco-do-ano-e-aponta-desafios-para-2018-reafirmando-o-enfrentamento-ao-governo-temer\/#breadcrumb\",\"itemListElement\":[{\"@type\":\"ListItem\",\"position\":1,\"name\":\"In\u00edcio\",\"item\":\"https:\/\/psol50.org.br\/\"},{\"@type\":\"ListItem\",\"position\":2,\"name\":\"PSOL faz balan\u00e7o do ano e aponta desafios para 2018, reafirmando o enfrentamento ao governo Temer\"}]},{\"@type\":\"WebSite\",\"@id\":\"https:\/\/psol50.org.br\/#website\",\"url\":\"https:\/\/psol50.org.br\/\",\"name\":\"PSOL 50\",\"description\":\"Site oficial do Partido Socialismo e Liberdade\",\"publisher\":{\"@id\":\"https:\/\/psol50.org.br\/#organization\"},\"alternateName\":\"PSOL50\",\"potentialAction\":[{\"@type\":\"SearchAction\",\"target\":{\"@type\":\"EntryPoint\",\"urlTemplate\":\"https:\/\/psol50.org.br\/?s={search_term_string}\"},\"query-input\":{\"@type\":\"PropertyValueSpecification\",\"valueRequired\":true,\"valueName\":\"search_term_string\"}}],\"inLanguage\":\"pt-BR\"},{\"@type\":\"Organization\",\"@id\":\"https:\/\/psol50.org.br\/#organization\",\"name\":\"PSOL 50\",\"alternateName\":\"PSOL 50\",\"url\":\"https:\/\/psol50.org.br\/\",\"logo\":{\"@type\":\"ImageObject\",\"inLanguage\":\"pt-BR\",\"@id\":\"https:\/\/psol50.org.br\/#\/schema\/logo\/image\/\",\"url\":\"https:\/\/psol50.org.br\/inc\/uploads\/2018\/07\/capa.png\",\"contentUrl\":\"https:\/\/psol50.org.br\/inc\/uploads\/2018\/07\/capa.png\",\"width\":1350,\"height\":900,\"caption\":\"PSOL 50\"},\"image\":{\"@id\":\"https:\/\/psol50.org.br\/#\/schema\/logo\/image\/\"},\"sameAs\":[\"https:\/\/www.facebook.com\/psol50\",\"https:\/\/x.com\/psol50\",\"https:\/\/www.instagram.com\/psol50\/\",\"https:\/\/www.youtube.com\/channel\/UC7SnJS5o1os7a6CaiNabzcg\"]},{\"@type\":\"Person\",\"@id\":\"https:\/\/psol50.org.br\/#\/schema\/person\/475dfa57d0b815993c714c2e96491fcd\",\"name\":\"Comunica\u00e7\u00e3o PSOL\",\"image\":{\"@type\":\"ImageObject\",\"inLanguage\":\"pt-BR\",\"@id\":\"https:\/\/psol50.org.br\/#\/schema\/person\/image\/\",\"url\":\"https:\/\/secure.gravatar.com\/avatar\/b34fc4f4e468a4e51785917065a3db57b841f5c95dba6ad8c73aaf8f66f8f9bf?s=96&d=mm&r=g\",\"contentUrl\":\"https:\/\/secure.gravatar.com\/avatar\/b34fc4f4e468a4e51785917065a3db57b841f5c95dba6ad8c73aaf8f66f8f9bf?s=96&d=mm&r=g\",\"caption\":\"Comunica\u00e7\u00e3o PSOL\"}}]}<\/script>\n<!-- \/ Yoast SEO plugin. -->","yoast_head_json":{"title":"PSOL faz balan\u00e7o do ano e aponta desafios para 2018, reafirmando o enfrentamento ao governo Temer - PSOL 50","robots":{"index":"index","follow":"follow","max-snippet":"max-snippet:-1","max-image-preview":"max-image-preview:large","max-video-preview":"max-video-preview:-1"},"canonical":"https:\/\/psol50.org.br\/psol-faz-balanco-do-ano-e-aponta-desafios-para-2018-reafirmando-o-enfrentamento-ao-governo-temer\/","og_locale":"pt_BR","og_type":"article","og_title":"PSOL faz balan\u00e7o do ano e aponta desafios para 2018, reafirmando o enfrentamento ao governo Temer - PSOL 50","og_description":"Em coletiva \u00e0 imprensa realizada na manh\u00e3 desta quarta-feira (20), a bancada do PSOL na C\u00e2mara fez um balan\u00e7o sobre a atua\u00e7\u00e3o do partido em 2017, se destacando mais uma vez pela sua coer\u00eancia e oposi\u00e7\u00e3o program\u00e1tica ao governo de Michel Temer, e apontou as tarefas desafiadoras para 2018. A deputada Luiza Erundina (SP) e [&hellip;]","og_url":"https:\/\/psol50.org.br\/psol-faz-balanco-do-ano-e-aponta-desafios-para-2018-reafirmando-o-enfrentamento-ao-governo-temer\/","og_site_name":"PSOL 50","article_publisher":"https:\/\/www.facebook.com\/psol50","article_published_time":"2017-12-20T14:59:24+00:00","og_image":[{"width":1350,"height":900,"url":"https:\/\/psol50.org.br\/inc\/uploads\/2018\/07\/capa.png","type":"image\/png"}],"author":"Comunica\u00e7\u00e3o PSOL","twitter_card":"summary_large_image","twitter_creator":"@psol50","twitter_site":"@psol50","twitter_misc":{"Escrito por":"Comunica\u00e7\u00e3o PSOL","Est. tempo de leitura":"3 minutos"},"schema":{"@context":"https:\/\/schema.org","@graph":[{"@type":"Article","@id":"https:\/\/psol50.org.br\/psol-faz-balanco-do-ano-e-aponta-desafios-para-2018-reafirmando-o-enfrentamento-ao-governo-temer\/#article","isPartOf":{"@id":"https:\/\/psol50.org.br\/psol-faz-balanco-do-ano-e-aponta-desafios-para-2018-reafirmando-o-enfrentamento-ao-governo-temer\/"},"author":{"name":"Comunica\u00e7\u00e3o PSOL","@id":"https:\/\/psol50.org.br\/#\/schema\/person\/475dfa57d0b815993c714c2e96491fcd"},"headline":"PSOL faz balan\u00e7o do ano e aponta desafios para 2018, reafirmando o enfrentamento ao governo Temer","datePublished":"2017-12-20T14:59:24+00:00","mainEntityOfPage":{"@id":"https:\/\/psol50.org.br\/psol-faz-balanco-do-ano-e-aponta-desafios-para-2018-reafirmando-o-enfrentamento-ao-governo-temer\/"},"wordCount":551,"commentCount":0,"publisher":{"@id":"https:\/\/psol50.org.br\/#organization"},"image":{"@id":"https:\/\/psol50.org.br\/psol-faz-balanco-do-ano-e-aponta-desafios-para-2018-reafirmando-o-enfrentamento-ao-governo-temer\/#primaryimage"},"thumbnailUrl":"","keywords":["2017","2018","banlan\u00e7o","Chico Alencar","Edmilson Rodrigues","Glauber Braga","Ivan Valente","Jean Wyllys","Luiza Erundina","Michel Temer","PSOL na C\u00e2mara","retrocessos"],"articleSection":["A\u00e7\u00e3o Parlamentar","Brasil","Not\u00edcias","Partido"],"inLanguage":"pt-BR","potentialAction":[{"@type":"CommentAction","name":"Comment","target":["https:\/\/psol50.org.br\/psol-faz-balanco-do-ano-e-aponta-desafios-para-2018-reafirmando-o-enfrentamento-ao-governo-temer\/#respond"]}]},{"@type":"WebPage","@id":"https:\/\/psol50.org.br\/psol-faz-balanco-do-ano-e-aponta-desafios-para-2018-reafirmando-o-enfrentamento-ao-governo-temer\/","url":"https:\/\/psol50.org.br\/psol-faz-balanco-do-ano-e-aponta-desafios-para-2018-reafirmando-o-enfrentamento-ao-governo-temer\/","name":"PSOL faz balan\u00e7o do ano e aponta desafios para 2018, reafirmando o enfrentamento ao governo Temer - PSOL 50","isPartOf":{"@id":"https:\/\/psol50.org.br\/#website"},"primaryImageOfPage":{"@id":"https:\/\/psol50.org.br\/psol-faz-balanco-do-ano-e-aponta-desafios-para-2018-reafirmando-o-enfrentamento-ao-governo-temer\/#primaryimage"},"image":{"@id":"https:\/\/psol50.org.br\/psol-faz-balanco-do-ano-e-aponta-desafios-para-2018-reafirmando-o-enfrentamento-ao-governo-temer\/#primaryimage"},"thumbnailUrl":"","datePublished":"2017-12-20T14:59:24+00:00","breadcrumb":{"@id":"https:\/\/psol50.org.br\/psol-faz-balanco-do-ano-e-aponta-desafios-para-2018-reafirmando-o-enfrentamento-ao-governo-temer\/#breadcrumb"},"inLanguage":"pt-BR","potentialAction":[{"@type":"ReadAction","target":["https:\/\/psol50.org.br\/psol-faz-balanco-do-ano-e-aponta-desafios-para-2018-reafirmando-o-enfrentamento-ao-governo-temer\/"]}]},{"@type":"ImageObject","inLanguage":"pt-BR","@id":"https:\/\/psol50.org.br\/psol-faz-balanco-do-ano-e-aponta-desafios-para-2018-reafirmando-o-enfrentamento-ao-governo-temer\/#primaryimage","url":"","contentUrl":""},{"@type":"BreadcrumbList","@id":"https:\/\/psol50.org.br\/psol-faz-balanco-do-ano-e-aponta-desafios-para-2018-reafirmando-o-enfrentamento-ao-governo-temer\/#breadcrumb","itemListElement":[{"@type":"ListItem","position":1,"name":"In\u00edcio","item":"https:\/\/psol50.org.br\/"},{"@type":"ListItem","position":2,"name":"PSOL faz balan\u00e7o do ano e aponta desafios para 2018, reafirmando o enfrentamento ao governo Temer"}]},{"@type":"WebSite","@id":"https:\/\/psol50.org.br\/#website","url":"https:\/\/psol50.org.br\/","name":"PSOL 50","description":"Site oficial do Partido Socialismo e Liberdade","publisher":{"@id":"https:\/\/psol50.org.br\/#organization"},"alternateName":"PSOL50","potentialAction":[{"@type":"SearchAction","target":{"@type":"EntryPoint","urlTemplate":"https:\/\/psol50.org.br\/?s={search_term_string}"},"query-input":{"@type":"PropertyValueSpecification","valueRequired":true,"valueName":"search_term_string"}}],"inLanguage":"pt-BR"},{"@type":"Organization","@id":"https:\/\/psol50.org.br\/#organization","name":"PSOL 50","alternateName":"PSOL 50","url":"https:\/\/psol50.org.br\/","logo":{"@type":"ImageObject","inLanguage":"pt-BR","@id":"https:\/\/psol50.org.br\/#\/schema\/logo\/image\/","url":"https:\/\/psol50.org.br\/inc\/uploads\/2018\/07\/capa.png","contentUrl":"https:\/\/psol50.org.br\/inc\/uploads\/2018\/07\/capa.png","width":1350,"height":900,"caption":"PSOL 50"},"image":{"@id":"https:\/\/psol50.org.br\/#\/schema\/logo\/image\/"},"sameAs":["https:\/\/www.facebook.com\/psol50","https:\/\/x.com\/psol50","https:\/\/www.instagram.com\/psol50\/","https:\/\/www.youtube.com\/channel\/UC7SnJS5o1os7a6CaiNabzcg"]},{"@type":"Person","@id":"https:\/\/psol50.org.br\/#\/schema\/person\/475dfa57d0b815993c714c2e96491fcd","name":"Comunica\u00e7\u00e3o PSOL","image":{"@type":"ImageObject","inLanguage":"pt-BR","@id":"https:\/\/psol50.org.br\/#\/schema\/person\/image\/","url":"https:\/\/secure.gravatar.com\/avatar\/b34fc4f4e468a4e51785917065a3db57b841f5c95dba6ad8c73aaf8f66f8f9bf?s=96&d=mm&r=g","contentUrl":"https:\/\/secure.gravatar.com\/avatar\/b34fc4f4e468a4e51785917065a3db57b841f5c95dba6ad8c73aaf8f66f8f9bf?s=96&d=mm&r=g","caption":"Comunica\u00e7\u00e3o PSOL"}}]}},"_links":{"self":[{"href":"https:\/\/psol50.org.br\/rest\/wp\/v2\/posts\/19368","targetHints":{"allow":["GET"]}}],"collection":[{"href":"https:\/\/psol50.org.br\/rest\/wp\/v2\/posts"}],"about":[{"href":"https:\/\/psol50.org.br\/rest\/wp\/v2\/types\/post"}],"author":[{"embeddable":true,"href":"https:\/\/psol50.org.br\/rest\/wp\/v2\/users\/2"}],"replies":[{"embeddable":true,"href":"https:\/\/psol50.org.br\/rest\/wp\/v2\/comments?post=19368"}],"version-history":[{"count":0,"href":"https:\/\/psol50.org.br\/rest\/wp\/v2\/posts\/19368\/revisions"}],"wp:featuredmedia":[{"embeddable":true,"href":"https:\/\/psol50.org.br\/rest\/"}],"wp:attachment":[{"href":"https:\/\/psol50.org.br\/rest\/wp\/v2\/media?parent=19368"}],"wp:term":[{"taxonomy":"category","embeddable":true,"href":"https:\/\/psol50.org.br\/rest\/wp\/v2\/categories?post=19368"},{"taxonomy":"post_tag","embeddable":true,"href":"https:\/\/psol50.org.br\/rest\/wp\/v2\/tags?post=19368"}],"curies":[{"name":"wp","href":"https:\/\/api.w.org\/{rel}","templated":true}]}}