{"id":1940,"date":"2013-04-25T00:00:00","date_gmt":"2013-04-25T00:00:00","guid":{"rendered":"http:\/\/psol50.org.br\/arquivo\/2013\/04\/25\/acesso-a-reunioes-da-comissao-de-direitos-humanos-sera-liberado\/"},"modified":"2013-04-25T00:00:00","modified_gmt":"2013-04-25T00:00:00","slug":"acesso-a-reunioes-da-comissao-de-direitos-humanos-sera-liberado","status":"publish","type":"post","link":"https:\/\/psol50.org.br\/acesso-a-reunioes-da-comissao-de-direitos-humanos-sera-liberado\/","title":{"rendered":"Acesso a reuni\u00f5es da Comiss\u00e3o de Direitos Humanos ser\u00e1 liberado"},"content":{"rendered":"<div style=\"text-align: justify;\">\n\t<em>Manifestantes n\u00e3o poder\u00e3o ser previamente impedidos de participar das reuni\u00f5es, mas ser\u00e3o retirados se houver tumulto<\/em><br \/>\n\t&nbsp;<br \/>\n\tIntegrantes da Frente Parlamentar em Defesa dos Direitos Humanos informaram, ap\u00f3s reuni\u00e3o com o presidente Henrique Eduardo Alves nesta quinta-feira (25), que o acesso \u00e0s reuni\u00f5es da Comiss\u00e3o de Direitos Humanos e Minorias ser\u00e1 liberado. A assessoria da Presid\u00eancia confirmou a informa\u00e7\u00e3o. Segundo a assessoria, manifestantes poder\u00e3o ser retirados apenas se houver tumulto. O presidente da Comiss\u00e3o de Direitos Humanos, deputado Pastor Feliciano (PSC-SP), vem restringindo o acesso \u00e0s reuni\u00f5es.<br \/>\n\t&nbsp;<br \/>\n\t\u201cOs manifestantes v\u00e3o poder entrar na comiss\u00e3o, com o compromisso de se manifestar de maneira ordeira\u201d, afirmou o deputado Jean Wyllys (PSOL-RJ). \u201cNa pr\u00e1tica, quarta-feira que vem, n\u00e3o vai haver mais os cercados que estavam impedindo o livre acesso \u00e0s reuni\u00f5es, e a Pol\u00edcia Legislativa n\u00e3o vai mais selecionar quem vai entrar com base na apar\u00eancia, liberando o acesso \u00e0s pessoas com terno e B\u00edblia e proibindo o acesso das pessoas com brinco\u201d, complementou.<br \/>\n\t&nbsp;<br \/>\n\tOs parlamentares entregaram reclama\u00e7\u00e3o formal contra as declara\u00e7\u00f5es de Feliciano na reuni\u00e3o da Comiss\u00e3o de Direitos Humanos da \u00faltima quarta-feira (24). Segundo os deputados, Feliciano pediu que a Pol\u00edcia da Casa \u201cobservasse o perfil das pessoas\u201d, alegando que \u201cpelo perfil, se tem seguran\u00e7a de que as pessoas que estar\u00e3o na comiss\u00e3o v\u00e3o participar de maneira ordeira\u201d.<br \/>\n\t&nbsp;<br \/>\n\t\u201cO presidente da C\u00e2mara concorda que isso \u00e9 ato discriminat\u00f3rio e preconceituoso e que n\u00e3o pode perdurar\u201d, afirmou a deputada \u00c9rika Kokay (PT-DF. \u201cO presidente da Comiss\u00e3o de Direitos Humanos n\u00e3o pode dizer quem \u00e9 pessoa de bem e quem n\u00e3o \u00e9; esse ato \u00e9 discricion\u00e1rio e antidemocr\u00e1tico\u201d, completou.<br \/>\n\t&nbsp;<br \/>\n\t<strong>Agress\u00f5es<\/strong><br \/>\n\tOs deputados da Frente tamb\u00e9m entregaram ao presidente da C\u00e2mara dossi\u00ea contendo relatos de agress\u00f5es sofridas por militantes dos direitos humanos. O documento re\u00fane informa\u00e7\u00f5es sobre oito casos de agress\u00f5es praticadas na C\u00e2mara durante os protestos contra a perman\u00eancia do Pastor Marco Feliciano na presid\u00eancia da Comiss\u00e3o de Direitos Humanos.<br \/>\n\t&nbsp;<br \/>\n\tOutro ponto tratado com o presidente foi o andamento da representa\u00e7\u00e3o, movida pelo PSOL, apresentada no dia 3 de abril, contra o deputado Pastor Marco Feliciano, por mau uso do mandato.<\/p>\n<p>\tSegundo o deputado Chico Alencar (PSOL-RJ), o presidente informou que a representa\u00e7\u00e3o j\u00e1 est\u00e1 sendo analisada pela Corregedoria.<\/p><\/div>\n<p>&nbsp;<\/p>\n","protected":false},"excerpt":{"rendered":"<p>Manifestantes n\u00e3o poder\u00e3o ser previamente impedidos de participar das reuni\u00f5es, mas ser\u00e3o retirados se houver tumulto &nbsp; Integrantes da Frente Parlamentar em Defesa dos Direitos Humanos informaram, ap\u00f3s reuni\u00e3o com o presidente Henrique Eduardo Alves nesta quinta-feira (25), que o acesso \u00e0s reuni\u00f5es da Comiss\u00e3o de Direitos Humanos e Minorias ser\u00e1 liberado. A assessoria da [&hellip;]<\/p>\n","protected":false},"author":2,"featured_media":0,"comment_status":"open","ping_status":"open","sticky":false,"template":"","format":"standard","meta":{"_acf_changed":false,"footnotes":""},"categories":[4766],"tags":[],"class_list":{"0":"post-1940","1":"post","2":"type-post","3":"status-publish","4":"format-standard","6":"category-arquivo"},"acf":[],"yoast_head":"<!-- This site is optimized with the Yoast SEO plugin v26.5 - https:\/\/yoast.com\/wordpress\/plugins\/seo\/ -->\n<title>Acesso a reuni\u00f5es da Comiss\u00e3o de Direitos Humanos ser\u00e1 liberado - PSOL 50<\/title>\n<meta name=\"robots\" content=\"index, follow, max-snippet:-1, max-image-preview:large, max-video-preview:-1\" \/>\n<link rel=\"canonical\" href=\"https:\/\/psol50.org.br\/acesso-a-reunioes-da-comissao-de-direitos-humanos-sera-liberado\/\" \/>\n<meta property=\"og:locale\" content=\"pt_BR\" \/>\n<meta property=\"og:type\" content=\"article\" \/>\n<meta property=\"og:title\" content=\"Acesso a reuni\u00f5es da Comiss\u00e3o de Direitos Humanos ser\u00e1 liberado - PSOL 50\" \/>\n<meta property=\"og:description\" content=\"Manifestantes n\u00e3o poder\u00e3o ser previamente impedidos de participar das reuni\u00f5es, mas ser\u00e3o retirados se houver tumulto &nbsp; Integrantes da Frente Parlamentar em Defesa dos Direitos Humanos informaram, ap\u00f3s reuni\u00e3o com o presidente Henrique Eduardo Alves nesta quinta-feira (25), que o acesso \u00e0s reuni\u00f5es da Comiss\u00e3o de Direitos Humanos e Minorias ser\u00e1 liberado. A assessoria da [&hellip;]\" \/>\n<meta property=\"og:url\" content=\"https:\/\/psol50.org.br\/acesso-a-reunioes-da-comissao-de-direitos-humanos-sera-liberado\/\" \/>\n<meta property=\"og:site_name\" content=\"PSOL 50\" \/>\n<meta property=\"article:publisher\" content=\"https:\/\/www.facebook.com\/psol50\" \/>\n<meta property=\"article:published_time\" content=\"2013-04-25T00:00:00+00:00\" \/>\n<meta property=\"og:image\" content=\"https:\/\/psol50.org.br\/inc\/uploads\/2018\/07\/capa.png\" \/>\n\t<meta property=\"og:image:width\" content=\"1350\" \/>\n\t<meta property=\"og:image:height\" content=\"900\" \/>\n\t<meta property=\"og:image:type\" content=\"image\/png\" \/>\n<meta name=\"author\" content=\"Comunica\u00e7\u00e3o PSOL\" \/>\n<meta name=\"twitter:card\" content=\"summary_large_image\" \/>\n<meta name=\"twitter:creator\" content=\"@psol50\" \/>\n<meta name=\"twitter:site\" content=\"@psol50\" \/>\n<meta name=\"twitter:label1\" content=\"Escrito por\" \/>\n\t<meta name=\"twitter:data1\" content=\"Comunica\u00e7\u00e3o PSOL\" \/>\n\t<meta name=\"twitter:label2\" content=\"Est. tempo de leitura\" \/>\n\t<meta name=\"twitter:data2\" content=\"2 minutos\" \/>\n<script type=\"application\/ld+json\" class=\"yoast-schema-graph\">{\"@context\":\"https:\/\/schema.org\",\"@graph\":[{\"@type\":\"Article\",\"@id\":\"https:\/\/psol50.org.br\/acesso-a-reunioes-da-comissao-de-direitos-humanos-sera-liberado\/#article\",\"isPartOf\":{\"@id\":\"https:\/\/psol50.org.br\/acesso-a-reunioes-da-comissao-de-direitos-humanos-sera-liberado\/\"},\"author\":{\"name\":\"Comunica\u00e7\u00e3o PSOL\",\"@id\":\"https:\/\/psol50.org.br\/#\/schema\/person\/475dfa57d0b815993c714c2e96491fcd\"},\"headline\":\"Acesso a reuni\u00f5es da Comiss\u00e3o de Direitos Humanos ser\u00e1 liberado\",\"datePublished\":\"2013-04-25T00:00:00+00:00\",\"mainEntityOfPage\":{\"@id\":\"https:\/\/psol50.org.br\/acesso-a-reunioes-da-comissao-de-direitos-humanos-sera-liberado\/\"},\"wordCount\":429,\"commentCount\":0,\"publisher\":{\"@id\":\"https:\/\/psol50.org.br\/#organization\"},\"articleSection\":[\"Arquivo\"],\"inLanguage\":\"pt-BR\",\"potentialAction\":[{\"@type\":\"CommentAction\",\"name\":\"Comment\",\"target\":[\"https:\/\/psol50.org.br\/acesso-a-reunioes-da-comissao-de-direitos-humanos-sera-liberado\/#respond\"]}]},{\"@type\":\"WebPage\",\"@id\":\"https:\/\/psol50.org.br\/acesso-a-reunioes-da-comissao-de-direitos-humanos-sera-liberado\/\",\"url\":\"https:\/\/psol50.org.br\/acesso-a-reunioes-da-comissao-de-direitos-humanos-sera-liberado\/\",\"name\":\"Acesso a reuni\u00f5es da Comiss\u00e3o de Direitos Humanos ser\u00e1 liberado - PSOL 50\",\"isPartOf\":{\"@id\":\"https:\/\/psol50.org.br\/#website\"},\"datePublished\":\"2013-04-25T00:00:00+00:00\",\"breadcrumb\":{\"@id\":\"https:\/\/psol50.org.br\/acesso-a-reunioes-da-comissao-de-direitos-humanos-sera-liberado\/#breadcrumb\"},\"inLanguage\":\"pt-BR\",\"potentialAction\":[{\"@type\":\"ReadAction\",\"target\":[\"https:\/\/psol50.org.br\/acesso-a-reunioes-da-comissao-de-direitos-humanos-sera-liberado\/\"]}]},{\"@type\":\"BreadcrumbList\",\"@id\":\"https:\/\/psol50.org.br\/acesso-a-reunioes-da-comissao-de-direitos-humanos-sera-liberado\/#breadcrumb\",\"itemListElement\":[{\"@type\":\"ListItem\",\"position\":1,\"name\":\"In\u00edcio\",\"item\":\"https:\/\/psol50.org.br\/\"},{\"@type\":\"ListItem\",\"position\":2,\"name\":\"Acesso a reuni\u00f5es da Comiss\u00e3o de Direitos Humanos ser\u00e1 liberado\"}]},{\"@type\":\"WebSite\",\"@id\":\"https:\/\/psol50.org.br\/#website\",\"url\":\"https:\/\/psol50.org.br\/\",\"name\":\"PSOL 50\",\"description\":\"Site oficial do Partido Socialismo e Liberdade\",\"publisher\":{\"@id\":\"https:\/\/psol50.org.br\/#organization\"},\"alternateName\":\"PSOL50\",\"potentialAction\":[{\"@type\":\"SearchAction\",\"target\":{\"@type\":\"EntryPoint\",\"urlTemplate\":\"https:\/\/psol50.org.br\/?s={search_term_string}\"},\"query-input\":{\"@type\":\"PropertyValueSpecification\",\"valueRequired\":true,\"valueName\":\"search_term_string\"}}],\"inLanguage\":\"pt-BR\"},{\"@type\":\"Organization\",\"@id\":\"https:\/\/psol50.org.br\/#organization\",\"name\":\"PSOL 50\",\"alternateName\":\"PSOL 50\",\"url\":\"https:\/\/psol50.org.br\/\",\"logo\":{\"@type\":\"ImageObject\",\"inLanguage\":\"pt-BR\",\"@id\":\"https:\/\/psol50.org.br\/#\/schema\/logo\/image\/\",\"url\":\"https:\/\/psol50.org.br\/inc\/uploads\/2018\/07\/capa.png\",\"contentUrl\":\"https:\/\/psol50.org.br\/inc\/uploads\/2018\/07\/capa.png\",\"width\":1350,\"height\":900,\"caption\":\"PSOL 50\"},\"image\":{\"@id\":\"https:\/\/psol50.org.br\/#\/schema\/logo\/image\/\"},\"sameAs\":[\"https:\/\/www.facebook.com\/psol50\",\"https:\/\/x.com\/psol50\",\"https:\/\/www.instagram.com\/psol50\/\",\"https:\/\/www.youtube.com\/channel\/UC7SnJS5o1os7a6CaiNabzcg\"]},{\"@type\":\"Person\",\"@id\":\"https:\/\/psol50.org.br\/#\/schema\/person\/475dfa57d0b815993c714c2e96491fcd\",\"name\":\"Comunica\u00e7\u00e3o PSOL\",\"image\":{\"@type\":\"ImageObject\",\"inLanguage\":\"pt-BR\",\"@id\":\"https:\/\/psol50.org.br\/#\/schema\/person\/image\/\",\"url\":\"https:\/\/secure.gravatar.com\/avatar\/b34fc4f4e468a4e51785917065a3db57b841f5c95dba6ad8c73aaf8f66f8f9bf?s=96&d=mm&r=g\",\"contentUrl\":\"https:\/\/secure.gravatar.com\/avatar\/b34fc4f4e468a4e51785917065a3db57b841f5c95dba6ad8c73aaf8f66f8f9bf?s=96&d=mm&r=g\",\"caption\":\"Comunica\u00e7\u00e3o PSOL\"}}]}<\/script>\n<!-- \/ Yoast SEO plugin. -->","yoast_head_json":{"title":"Acesso a reuni\u00f5es da Comiss\u00e3o de Direitos Humanos ser\u00e1 liberado - PSOL 50","robots":{"index":"index","follow":"follow","max-snippet":"max-snippet:-1","max-image-preview":"max-image-preview:large","max-video-preview":"max-video-preview:-1"},"canonical":"https:\/\/psol50.org.br\/acesso-a-reunioes-da-comissao-de-direitos-humanos-sera-liberado\/","og_locale":"pt_BR","og_type":"article","og_title":"Acesso a reuni\u00f5es da Comiss\u00e3o de Direitos Humanos ser\u00e1 liberado - PSOL 50","og_description":"Manifestantes n\u00e3o poder\u00e3o ser previamente impedidos de participar das reuni\u00f5es, mas ser\u00e3o retirados se houver tumulto &nbsp; Integrantes da Frente Parlamentar em Defesa dos Direitos Humanos informaram, ap\u00f3s reuni\u00e3o com o presidente Henrique Eduardo Alves nesta quinta-feira (25), que o acesso \u00e0s reuni\u00f5es da Comiss\u00e3o de Direitos Humanos e Minorias ser\u00e1 liberado. A assessoria da [&hellip;]","og_url":"https:\/\/psol50.org.br\/acesso-a-reunioes-da-comissao-de-direitos-humanos-sera-liberado\/","og_site_name":"PSOL 50","article_publisher":"https:\/\/www.facebook.com\/psol50","article_published_time":"2013-04-25T00:00:00+00:00","og_image":[{"width":1350,"height":900,"url":"https:\/\/psol50.org.br\/inc\/uploads\/2018\/07\/capa.png","type":"image\/png"}],"author":"Comunica\u00e7\u00e3o PSOL","twitter_card":"summary_large_image","twitter_creator":"@psol50","twitter_site":"@psol50","twitter_misc":{"Escrito por":"Comunica\u00e7\u00e3o PSOL","Est. tempo de leitura":"2 minutos"},"schema":{"@context":"https:\/\/schema.org","@graph":[{"@type":"Article","@id":"https:\/\/psol50.org.br\/acesso-a-reunioes-da-comissao-de-direitos-humanos-sera-liberado\/#article","isPartOf":{"@id":"https:\/\/psol50.org.br\/acesso-a-reunioes-da-comissao-de-direitos-humanos-sera-liberado\/"},"author":{"name":"Comunica\u00e7\u00e3o PSOL","@id":"https:\/\/psol50.org.br\/#\/schema\/person\/475dfa57d0b815993c714c2e96491fcd"},"headline":"Acesso a reuni\u00f5es da Comiss\u00e3o de Direitos Humanos ser\u00e1 liberado","datePublished":"2013-04-25T00:00:00+00:00","mainEntityOfPage":{"@id":"https:\/\/psol50.org.br\/acesso-a-reunioes-da-comissao-de-direitos-humanos-sera-liberado\/"},"wordCount":429,"commentCount":0,"publisher":{"@id":"https:\/\/psol50.org.br\/#organization"},"articleSection":["Arquivo"],"inLanguage":"pt-BR","potentialAction":[{"@type":"CommentAction","name":"Comment","target":["https:\/\/psol50.org.br\/acesso-a-reunioes-da-comissao-de-direitos-humanos-sera-liberado\/#respond"]}]},{"@type":"WebPage","@id":"https:\/\/psol50.org.br\/acesso-a-reunioes-da-comissao-de-direitos-humanos-sera-liberado\/","url":"https:\/\/psol50.org.br\/acesso-a-reunioes-da-comissao-de-direitos-humanos-sera-liberado\/","name":"Acesso a reuni\u00f5es da Comiss\u00e3o de Direitos Humanos ser\u00e1 liberado - PSOL 50","isPartOf":{"@id":"https:\/\/psol50.org.br\/#website"},"datePublished":"2013-04-25T00:00:00+00:00","breadcrumb":{"@id":"https:\/\/psol50.org.br\/acesso-a-reunioes-da-comissao-de-direitos-humanos-sera-liberado\/#breadcrumb"},"inLanguage":"pt-BR","potentialAction":[{"@type":"ReadAction","target":["https:\/\/psol50.org.br\/acesso-a-reunioes-da-comissao-de-direitos-humanos-sera-liberado\/"]}]},{"@type":"BreadcrumbList","@id":"https:\/\/psol50.org.br\/acesso-a-reunioes-da-comissao-de-direitos-humanos-sera-liberado\/#breadcrumb","itemListElement":[{"@type":"ListItem","position":1,"name":"In\u00edcio","item":"https:\/\/psol50.org.br\/"},{"@type":"ListItem","position":2,"name":"Acesso a reuni\u00f5es da Comiss\u00e3o de Direitos Humanos ser\u00e1 liberado"}]},{"@type":"WebSite","@id":"https:\/\/psol50.org.br\/#website","url":"https:\/\/psol50.org.br\/","name":"PSOL 50","description":"Site oficial do Partido Socialismo e Liberdade","publisher":{"@id":"https:\/\/psol50.org.br\/#organization"},"alternateName":"PSOL50","potentialAction":[{"@type":"SearchAction","target":{"@type":"EntryPoint","urlTemplate":"https:\/\/psol50.org.br\/?s={search_term_string}"},"query-input":{"@type":"PropertyValueSpecification","valueRequired":true,"valueName":"search_term_string"}}],"inLanguage":"pt-BR"},{"@type":"Organization","@id":"https:\/\/psol50.org.br\/#organization","name":"PSOL 50","alternateName":"PSOL 50","url":"https:\/\/psol50.org.br\/","logo":{"@type":"ImageObject","inLanguage":"pt-BR","@id":"https:\/\/psol50.org.br\/#\/schema\/logo\/image\/","url":"https:\/\/psol50.org.br\/inc\/uploads\/2018\/07\/capa.png","contentUrl":"https:\/\/psol50.org.br\/inc\/uploads\/2018\/07\/capa.png","width":1350,"height":900,"caption":"PSOL 50"},"image":{"@id":"https:\/\/psol50.org.br\/#\/schema\/logo\/image\/"},"sameAs":["https:\/\/www.facebook.com\/psol50","https:\/\/x.com\/psol50","https:\/\/www.instagram.com\/psol50\/","https:\/\/www.youtube.com\/channel\/UC7SnJS5o1os7a6CaiNabzcg"]},{"@type":"Person","@id":"https:\/\/psol50.org.br\/#\/schema\/person\/475dfa57d0b815993c714c2e96491fcd","name":"Comunica\u00e7\u00e3o PSOL","image":{"@type":"ImageObject","inLanguage":"pt-BR","@id":"https:\/\/psol50.org.br\/#\/schema\/person\/image\/","url":"https:\/\/secure.gravatar.com\/avatar\/b34fc4f4e468a4e51785917065a3db57b841f5c95dba6ad8c73aaf8f66f8f9bf?s=96&d=mm&r=g","contentUrl":"https:\/\/secure.gravatar.com\/avatar\/b34fc4f4e468a4e51785917065a3db57b841f5c95dba6ad8c73aaf8f66f8f9bf?s=96&d=mm&r=g","caption":"Comunica\u00e7\u00e3o PSOL"}}]}},"_links":{"self":[{"href":"https:\/\/psol50.org.br\/rest\/wp\/v2\/posts\/1940","targetHints":{"allow":["GET"]}}],"collection":[{"href":"https:\/\/psol50.org.br\/rest\/wp\/v2\/posts"}],"about":[{"href":"https:\/\/psol50.org.br\/rest\/wp\/v2\/types\/post"}],"author":[{"embeddable":true,"href":"https:\/\/psol50.org.br\/rest\/wp\/v2\/users\/2"}],"replies":[{"embeddable":true,"href":"https:\/\/psol50.org.br\/rest\/wp\/v2\/comments?post=1940"}],"version-history":[{"count":0,"href":"https:\/\/psol50.org.br\/rest\/wp\/v2\/posts\/1940\/revisions"}],"wp:attachment":[{"href":"https:\/\/psol50.org.br\/rest\/wp\/v2\/media?parent=1940"}],"wp:term":[{"taxonomy":"category","embeddable":true,"href":"https:\/\/psol50.org.br\/rest\/wp\/v2\/categories?post=1940"},{"taxonomy":"post_tag","embeddable":true,"href":"https:\/\/psol50.org.br\/rest\/wp\/v2\/tags?post=1940"}],"curies":[{"name":"wp","href":"https:\/\/api.w.org\/{rel}","templated":true}]}}