{"id":19426,"date":"2018-01-11T15:50:17","date_gmt":"2018-01-11T17:50:17","guid":{"rendered":"http:\/\/www.psol50.org.br\/?p=19426"},"modified":"2018-01-11T15:50:17","modified_gmt":"2018-01-11T17:50:17","slug":"samir-oliveira-a-imagem-de-bolsonaro-nao-sobrevive-a-15-minutos-de-fama-a-imagem-de-bolsonaro-nao-sobrevive-a-15-minutos-de-fama","status":"publish","type":"post","link":"https:\/\/psol50.org.br\/samir-oliveira-a-imagem-de-bolsonaro-nao-sobrevive-a-15-minutos-de-fama-a-imagem-de-bolsonaro-nao-sobrevive-a-15-minutos-de-fama\/","title":{"rendered":"Samir Oliveira | A imagem de Bolsonaro n\u00e3o sobrevive a 15 minutos de fama"},"content":{"rendered":"<p>Acostumado a habitar o breu onde vivem os parlamentares do baixo clero, Jair Bolsonaro \u00e9 o t\u00edpico pol\u00edtico que sempre aproveitou o fato de ser um insignificante desconhecido para praticar suas mutretas longe dos holofotes da m\u00eddia. Foi assim que transformou parentes em CCs, iniciou os filhos na pol\u00edtica enquanto carreira e enriqueceu muito no exerc\u00edcio dos mandatos.<\/p>\n<p>Agora o jogo est\u00e1 virando. Se antes apenas seu discurso de \u00f3dio contra mulheres, negros e a popula\u00e7\u00e3o LGBT eram conhecidas do p\u00fablico, agora come\u00e7am a vir \u00e0 tona elementos ainda mais obscuros de sua trajet\u00f3ria. Em segundo lugar nas pesquisas de inten\u00e7\u00e3o de voto para presid\u00eancia da Rep\u00fablica \u2013 retrato da fal\u00eancia pol\u00edtica do pa\u00eds, com o crescimento da direita ap\u00f3s o fracasso de uma esquerda que se adaptou ao sistema \u2013, Bolsonaro est\u00e1 no centro das aten\u00e7\u00f5es. Sua vida pregressa n\u00e3o resiste ao m\u00ednimo escrut\u00ednio dos jornalistas. A imagem de Bolsonaro n\u00e3o sobrevive a 15 minutos de fama.<\/p>\n<p>Desde que se lan\u00e7ou pr\u00e9-candidato, atraindo com a forte presen\u00e7a nas pesquisas o interesse da m\u00eddia, Bolsonaro teve que responder a uma sucess\u00e3o de esc\u00e2ndalos praticados quando era um ilustre Z\u00e9 Ningu\u00e9m na C\u00e2mara. O jornal\u00a0<a href=\"https:\/\/oglobo.globo.com\/brasil\/bolsonaro-empregou-ex-mulher-parentes-dela-no-legislativo-22143135\" target=\"_blank\" rel=\"noopener\"><span style=\"color: #0000ff;\"><strong>O Globo revelou<\/strong><\/span><\/a>\u00a0que o deputado e seus filhos parlamentares empregaram em seus gabinetes uma ex-mulher, uma ex-cunhada e um ex-sogro de Bolsonaro. Em seguida, a <a href=\"http:\/\/www1.folha.uol.com.br\/poder\/2017\/12\/1941623-bolsonaro-empregou-e-promoveu-a-mulher-em-gabinete-na-camara.shtml\" target=\"_blank\" rel=\"noopener\"><strong><span style=\"color: #0000ff;\">Folha de S\u00e3o Paulo apontou<\/span><\/strong><\/a> que a atual esposa de Bolsonaro foi funcion\u00e1ria de seu gabinete, chegando a receber um sal\u00e1rio equivalente hoje a R$ 14,1 mil. Ela s\u00f3 foi exonerada em novembro de 2008, dois meses ap\u00f3s o STF regulamentar em s\u00famula o crime de nepotismo na administra\u00e7\u00e3o p\u00fablica.<\/p>\n<p>As falcatruas do deputado v\u00eam de longe, antes mesmo de seu ingresso na pol\u00edtica. Quando estava no Ex\u00e9rcito, admitiu ter cometido atos de indisciplina e deslealdade<strong><span style=\"color: #0000ff;\">\u00a0<\/span><\/strong>com seus superiores. Foi, inclusive, acusado de elaborar um obscuro plano para explodir bombas em unidades militares. O ent\u00e3o capit\u00e3o foi considerado culpado por um conselho formado por tr\u00eas coron\u00e9is, mas acabou sendo absolvido por oito votos a quatro no Superior Tribunal Militar.<\/p>\n<p>Foram os militares que primeiro identificaram em Bolsonaro uma gan\u00e2ncia incompat\u00edvel com a vida nos quarteis. Em 1983, uma ficha de informa\u00e7\u00f5es produzida pela Diretoria de Cadastro e Avalia\u00e7\u00e3o do Minist\u00e9rio da Defesa atestou que o capit\u00e3o \u201cdeu mostras de imaturidade ao ser atra\u00eddo por empreendimento de garimpo de ouro\u201d e que \u201cdeu demonstra\u00e7\u00f5es de excessiva ambi\u00e7\u00e3o<span style=\"color: #0000ff;\">\u00a0<\/span>em realizar-se financeira e economicamente\u201d.<\/p>\n<p>Se a aventura no garimpo e a passagem pelo Ex\u00e9rcito n\u00e3o renderam a Bolsonaro a riqueza que tanto almejava, a carreira na pol\u00edtica, sim. Recente <a href=\"http:\/\/www1.folha.uol.com.br\/poder\/2018\/01\/1948526-patrimonio-de-jair-bolsonaro-e-filhos-se-multiplica-na-politica.shtml\" target=\"_blank\" rel=\"noopener\"><strong><span style=\"color: #0000ff;\">reportagem da Folha de S\u00e3o Paulo<\/span><\/strong><\/a> demonstra que ele e seus filhos parlamentares s\u00e3o donos de 13 im\u00f3veis e acumulam um patrim\u00f4nio de R$ 15 milh\u00f5es. Um feito invej\u00e1vel para quem ingressou na pol\u00edtica em 1988 com apenas um Fiat Panorama, uma moto e dois terrenos pequenos que valeriam pouco mais de R$ 10 mil hoje em dia.<\/p>\n<p>Bolsonaro fez fortuna na pol\u00edtica. Seus sete mandatos de deputado, com sal\u00e1rio l\u00edquido de R$ 24 mil, al\u00e9m de um soldo de capit\u00e3o da reserva no valor de R$ 5,6 mil, s\u00e3o sua \u00fanica fonte de renda declarada. H\u00e1 forte suspeita de que suas transa\u00e7\u00f5es imobili\u00e1rias sejam pretexto para lavagem de dinheiro e sonega\u00e7\u00e3o de impostos \u2013 uma pr\u00e1tica que o deputado se orgulha de admitir e incentivar.<\/p>\n<p>Uma das mans\u00f5es de Bolsonaro, em zona nobre do Rio de Janeiro, foi avaliada pela prefeitura em R$ 1,06 milh\u00e3o. Misteriosamente, o im\u00f3vel foi vendido ao deputado por R$ 400 mil \u2013 sendo que a propriet\u00e1ria o havia comprado anteriormente por R$ 580 mil.<\/p>\n<p>N\u00e3o existe caridade no mercado imobili\u00e1rio. Mas na C\u00e2mara dos Deputados, aparentemente sim. Mesmo com im\u00f3vel pr\u00f3prio em Bras\u00edlia desde o fim dos anos 1990, Bolsonaro recebe, aux\u00edlio moradia do Congresso, no generoso valor de R$ 4,2 mil. Essa regalia da qual n\u00e3o necessita j\u00e1 rendeu a Bolsonaro e seu filho Eduardo a fortuna de R$ 730 mil desde 1995.<\/p>\n<p>Estas n\u00e3o s\u00e3o acusa\u00e7\u00f5es, s\u00e3o fatos. Elementos concretos trazidos pela imprensa ap\u00f3s breves investiga\u00e7\u00f5es sobre a vida do segundo colocado nas pesquisas presidenciais. A resposta do deputado a todos estes questionamentos \u00e9 a mesma e tem a profundidade de um pires. Para Bolsonaro, trata-se de uma conspira\u00e7\u00e3o da m\u00eddia para assassinar sua reputa\u00e7\u00e3o.<\/p>\n<p>O pior \u00e9 que muita gente acredita. A torcida de Bolsonaro nas redes sociais insiste em ignorar as reportagens. Qualifica ve\u00edculos como Folha de S\u00e3o Paulo e O Globo de \u201cm\u00eddia esquerdista\u201d e utiliza como resposta as den\u00fancias contra o ex-presidente Lula \u2013 curiosamente, muitas delas bastante noticiadas pela mesma \u201cm\u00eddia esquerdista\u201d que tamb\u00e9m se debru\u00e7a sobre a vida de Bolsonaro.<\/p>\n<p>Outra consequ\u00eancia da crescente visibilidade de Bolsonaro \u00e9 uma tentativa pat\u00e9tica de suaviza\u00e7\u00e3o de seu discurso. Como se fosse poss\u00edvel esconder embaixo do tapete o deputado que, aos 44 anos, disse ser favor\u00e1vel \u00e0 tortura e defendeu uma guerra civil que mate pelo menos 30 mil brasileiros, incluindo o ent\u00e3o presidente Fernando Henrique Cardoso.<span style=\"color: #0000ff;\">\u00a0<\/span><\/p>\n<p>O Bolsonaro-candidato tamb\u00e9m apresenta uma hip\u00f3crita faceta liberal. Uma contradi\u00e7\u00e3o gritante com sua hist\u00f3rica defesa da ditadura militar, cuja pol\u00edtica econ\u00f4mica encontrou no Estado forte seu principal esteio. Ali\u00e1s, a confus\u00e3o pol\u00edtica parece fazer parte da trajet\u00f3ria de Bolsonaro, um parlamentar de extrema-direita que j\u00e1 foi um apoiador confesso de Hugo Ch\u00e1vez.<\/p>\n<p>O mais recente cap\u00edtulo desta farsa ganhou ares tragic\u00f4micos, com a filia\u00e7\u00e3o de Bolsonaro ao Partido Social Liberal (PSL). Comandado pelo cartola Luciano Bivar \u2013 um exc\u00eantrico ex-candidato \u00e0 presid\u00eancia que em 2006 fez 0,06% dos votos \u2013, o PSL foi entregue a Bolsonaro de uma forma que nem o PEN\/Patriota, outro balc\u00e3o de neg\u00f3cios disfar\u00e7ado de partido pol\u00edtico, aceitou. Como consequ\u00eancia, os liberais puro-sangue abrigados no Livres, que foram ing\u00eanuos o bastante a ponto de acreditar que conseguiriam renovar uma legenda de aluguel, sa\u00edram do PSL envergonhados pela porta dos fundos. Conhecido entre os liberais ga\u00fachos, F\u00e1bio Ostermann perdeu seu partido para Bolsonaro.<\/p>\n<p>Nem mesmo o apelo autorit\u00e1rio e armamentista \u2013 \u00faltima bravata que resta a Bolsonaro \u2013 resiste a um olhar sobre seu passado. No dia 4 de julho de 1995, o deputado foi assaltado por dois homens no Rio de Janeiro. Levaram sua moto e, pasmem, sua arma!<\/p>\n","protected":false},"excerpt":{"rendered":"<p>Acostumado a habitar o breu onde vivem os parlamentares do baixo clero, Jair Bolsonaro \u00e9 o t\u00edpico pol\u00edtico que sempre aproveitou o fato de ser um insignificante desconhecido para praticar suas mutretas longe dos holofotes da m\u00eddia. Foi assim que transformou parentes em CCs, iniciou os filhos na pol\u00edtica enquanto carreira e enriqueceu muito no [&hellip;]<\/p>\n","protected":false},"author":2,"featured_media":19427,"comment_status":"open","ping_status":"open","sticky":false,"template":"","format":"standard","meta":{"_acf_changed":false,"footnotes":""},"categories":[3,1882],"tags":[266,56,58,2164],"class_list":{"0":"post-19426","1":"post","2":"type-post","3":"status-publish","4":"format-standard","5":"has-post-thumbnail","7":"category-artigos-e-entrevistas","8":"category-brasil","9":"tag-artigo","10":"tag-bolsonaro","11":"tag-corrupcao","12":"tag-samir-oliveira"},"acf":[],"yoast_head":"<!-- This site is optimized with the Yoast SEO plugin v26.5 - https:\/\/yoast.com\/wordpress\/plugins\/seo\/ -->\n<title>Samir Oliveira | A imagem de Bolsonaro n\u00e3o sobrevive a 15 minutos de fama - PSOL 50<\/title>\n<meta name=\"robots\" content=\"index, follow, max-snippet:-1, max-image-preview:large, max-video-preview:-1\" \/>\n<link rel=\"canonical\" href=\"https:\/\/psol50.org.br\/samir-oliveira-a-imagem-de-bolsonaro-nao-sobrevive-a-15-minutos-de-fama-a-imagem-de-bolsonaro-nao-sobrevive-a-15-minutos-de-fama\/\" \/>\n<meta property=\"og:locale\" content=\"pt_BR\" \/>\n<meta property=\"og:type\" content=\"article\" \/>\n<meta property=\"og:title\" content=\"Samir Oliveira | A imagem de Bolsonaro n\u00e3o sobrevive a 15 minutos de fama - PSOL 50\" \/>\n<meta property=\"og:description\" content=\"Acostumado a habitar o breu onde vivem os parlamentares do baixo clero, Jair Bolsonaro \u00e9 o t\u00edpico pol\u00edtico que sempre aproveitou o fato de ser um insignificante desconhecido para praticar suas mutretas longe dos holofotes da m\u00eddia. Foi assim que transformou parentes em CCs, iniciou os filhos na pol\u00edtica enquanto carreira e enriqueceu muito no [&hellip;]\" \/>\n<meta property=\"og:url\" content=\"https:\/\/psol50.org.br\/samir-oliveira-a-imagem-de-bolsonaro-nao-sobrevive-a-15-minutos-de-fama-a-imagem-de-bolsonaro-nao-sobrevive-a-15-minutos-de-fama\/\" \/>\n<meta property=\"og:site_name\" content=\"PSOL 50\" \/>\n<meta property=\"article:publisher\" content=\"https:\/\/www.facebook.com\/psol50\" \/>\n<meta property=\"article:published_time\" content=\"2018-01-11T17:50:17+00:00\" \/>\n<meta property=\"og:image\" content=\"https:\/\/psol50.org.br\/inc\/uploads\/2018\/01\/bolsonaro-marcelocamargo-abr.jpg\" \/>\n\t<meta property=\"og:image:width\" content=\"1350\" \/>\n\t<meta property=\"og:image:height\" content=\"900\" \/>\n\t<meta property=\"og:image:type\" content=\"image\/jpeg\" \/>\n<meta name=\"author\" content=\"Comunica\u00e7\u00e3o PSOL\" \/>\n<meta name=\"twitter:card\" content=\"summary_large_image\" \/>\n<meta name=\"twitter:creator\" content=\"@psol50\" \/>\n<meta name=\"twitter:site\" content=\"@psol50\" \/>\n<meta name=\"twitter:label1\" content=\"Escrito por\" \/>\n\t<meta name=\"twitter:data1\" content=\"Comunica\u00e7\u00e3o PSOL\" \/>\n\t<meta name=\"twitter:label2\" content=\"Est. tempo de leitura\" \/>\n\t<meta name=\"twitter:data2\" content=\"6 minutos\" \/>\n<script type=\"application\/ld+json\" class=\"yoast-schema-graph\">{\"@context\":\"https:\/\/schema.org\",\"@graph\":[{\"@type\":\"Article\",\"@id\":\"https:\/\/psol50.org.br\/samir-oliveira-a-imagem-de-bolsonaro-nao-sobrevive-a-15-minutos-de-fama-a-imagem-de-bolsonaro-nao-sobrevive-a-15-minutos-de-fama\/#article\",\"isPartOf\":{\"@id\":\"https:\/\/psol50.org.br\/samir-oliveira-a-imagem-de-bolsonaro-nao-sobrevive-a-15-minutos-de-fama-a-imagem-de-bolsonaro-nao-sobrevive-a-15-minutos-de-fama\/\"},\"author\":{\"name\":\"Comunica\u00e7\u00e3o PSOL\",\"@id\":\"https:\/\/psol50.org.br\/#\/schema\/person\/475dfa57d0b815993c714c2e96491fcd\"},\"headline\":\"Samir Oliveira | A imagem de Bolsonaro n\u00e3o sobrevive a 15 minutos de fama\",\"datePublished\":\"2018-01-11T17:50:17+00:00\",\"mainEntityOfPage\":{\"@id\":\"https:\/\/psol50.org.br\/samir-oliveira-a-imagem-de-bolsonaro-nao-sobrevive-a-15-minutos-de-fama-a-imagem-de-bolsonaro-nao-sobrevive-a-15-minutos-de-fama\/\"},\"wordCount\":1134,\"commentCount\":0,\"publisher\":{\"@id\":\"https:\/\/psol50.org.br\/#organization\"},\"image\":{\"@id\":\"https:\/\/psol50.org.br\/samir-oliveira-a-imagem-de-bolsonaro-nao-sobrevive-a-15-minutos-de-fama-a-imagem-de-bolsonaro-nao-sobrevive-a-15-minutos-de-fama\/#primaryimage\"},\"thumbnailUrl\":\"https:\/\/psol50.org.br\/inc\/uploads\/2018\/01\/bolsonaro-marcelocamargo-abr.jpg\",\"keywords\":[\"artigo\",\"Bolsonaro\",\"corrup\u00e7\u00e3o\",\"samir oliveira\"],\"articleSection\":[\"Artigos\",\"Brasil\"],\"inLanguage\":\"pt-BR\",\"potentialAction\":[{\"@type\":\"CommentAction\",\"name\":\"Comment\",\"target\":[\"https:\/\/psol50.org.br\/samir-oliveira-a-imagem-de-bolsonaro-nao-sobrevive-a-15-minutos-de-fama-a-imagem-de-bolsonaro-nao-sobrevive-a-15-minutos-de-fama\/#respond\"]}]},{\"@type\":\"WebPage\",\"@id\":\"https:\/\/psol50.org.br\/samir-oliveira-a-imagem-de-bolsonaro-nao-sobrevive-a-15-minutos-de-fama-a-imagem-de-bolsonaro-nao-sobrevive-a-15-minutos-de-fama\/\",\"url\":\"https:\/\/psol50.org.br\/samir-oliveira-a-imagem-de-bolsonaro-nao-sobrevive-a-15-minutos-de-fama-a-imagem-de-bolsonaro-nao-sobrevive-a-15-minutos-de-fama\/\",\"name\":\"Samir Oliveira | A imagem de Bolsonaro n\u00e3o sobrevive a 15 minutos de fama - PSOL 50\",\"isPartOf\":{\"@id\":\"https:\/\/psol50.org.br\/#website\"},\"primaryImageOfPage\":{\"@id\":\"https:\/\/psol50.org.br\/samir-oliveira-a-imagem-de-bolsonaro-nao-sobrevive-a-15-minutos-de-fama-a-imagem-de-bolsonaro-nao-sobrevive-a-15-minutos-de-fama\/#primaryimage\"},\"image\":{\"@id\":\"https:\/\/psol50.org.br\/samir-oliveira-a-imagem-de-bolsonaro-nao-sobrevive-a-15-minutos-de-fama-a-imagem-de-bolsonaro-nao-sobrevive-a-15-minutos-de-fama\/#primaryimage\"},\"thumbnailUrl\":\"https:\/\/psol50.org.br\/inc\/uploads\/2018\/01\/bolsonaro-marcelocamargo-abr.jpg\",\"datePublished\":\"2018-01-11T17:50:17+00:00\",\"breadcrumb\":{\"@id\":\"https:\/\/psol50.org.br\/samir-oliveira-a-imagem-de-bolsonaro-nao-sobrevive-a-15-minutos-de-fama-a-imagem-de-bolsonaro-nao-sobrevive-a-15-minutos-de-fama\/#breadcrumb\"},\"inLanguage\":\"pt-BR\",\"potentialAction\":[{\"@type\":\"ReadAction\",\"target\":[\"https:\/\/psol50.org.br\/samir-oliveira-a-imagem-de-bolsonaro-nao-sobrevive-a-15-minutos-de-fama-a-imagem-de-bolsonaro-nao-sobrevive-a-15-minutos-de-fama\/\"]}]},{\"@type\":\"ImageObject\",\"inLanguage\":\"pt-BR\",\"@id\":\"https:\/\/psol50.org.br\/samir-oliveira-a-imagem-de-bolsonaro-nao-sobrevive-a-15-minutos-de-fama-a-imagem-de-bolsonaro-nao-sobrevive-a-15-minutos-de-fama\/#primaryimage\",\"url\":\"https:\/\/psol50.org.br\/inc\/uploads\/2018\/01\/bolsonaro-marcelocamargo-abr.jpg\",\"contentUrl\":\"https:\/\/psol50.org.br\/inc\/uploads\/2018\/01\/bolsonaro-marcelocamargo-abr.jpg\",\"width\":1350,\"height\":900},{\"@type\":\"BreadcrumbList\",\"@id\":\"https:\/\/psol50.org.br\/samir-oliveira-a-imagem-de-bolsonaro-nao-sobrevive-a-15-minutos-de-fama-a-imagem-de-bolsonaro-nao-sobrevive-a-15-minutos-de-fama\/#breadcrumb\",\"itemListElement\":[{\"@type\":\"ListItem\",\"position\":1,\"name\":\"In\u00edcio\",\"item\":\"https:\/\/psol50.org.br\/\"},{\"@type\":\"ListItem\",\"position\":2,\"name\":\"Samir Oliveira | A imagem de Bolsonaro n\u00e3o sobrevive a 15 minutos de fama\"}]},{\"@type\":\"WebSite\",\"@id\":\"https:\/\/psol50.org.br\/#website\",\"url\":\"https:\/\/psol50.org.br\/\",\"name\":\"PSOL 50\",\"description\":\"Site oficial do Partido Socialismo e Liberdade\",\"publisher\":{\"@id\":\"https:\/\/psol50.org.br\/#organization\"},\"alternateName\":\"PSOL50\",\"potentialAction\":[{\"@type\":\"SearchAction\",\"target\":{\"@type\":\"EntryPoint\",\"urlTemplate\":\"https:\/\/psol50.org.br\/?s={search_term_string}\"},\"query-input\":{\"@type\":\"PropertyValueSpecification\",\"valueRequired\":true,\"valueName\":\"search_term_string\"}}],\"inLanguage\":\"pt-BR\"},{\"@type\":\"Organization\",\"@id\":\"https:\/\/psol50.org.br\/#organization\",\"name\":\"PSOL 50\",\"alternateName\":\"PSOL 50\",\"url\":\"https:\/\/psol50.org.br\/\",\"logo\":{\"@type\":\"ImageObject\",\"inLanguage\":\"pt-BR\",\"@id\":\"https:\/\/psol50.org.br\/#\/schema\/logo\/image\/\",\"url\":\"https:\/\/psol50.org.br\/inc\/uploads\/2018\/07\/capa.png\",\"contentUrl\":\"https:\/\/psol50.org.br\/inc\/uploads\/2018\/07\/capa.png\",\"width\":1350,\"height\":900,\"caption\":\"PSOL 50\"},\"image\":{\"@id\":\"https:\/\/psol50.org.br\/#\/schema\/logo\/image\/\"},\"sameAs\":[\"https:\/\/www.facebook.com\/psol50\",\"https:\/\/x.com\/psol50\",\"https:\/\/www.instagram.com\/psol50\/\",\"https:\/\/www.youtube.com\/channel\/UC7SnJS5o1os7a6CaiNabzcg\"]},{\"@type\":\"Person\",\"@id\":\"https:\/\/psol50.org.br\/#\/schema\/person\/475dfa57d0b815993c714c2e96491fcd\",\"name\":\"Comunica\u00e7\u00e3o PSOL\",\"image\":{\"@type\":\"ImageObject\",\"inLanguage\":\"pt-BR\",\"@id\":\"https:\/\/psol50.org.br\/#\/schema\/person\/image\/\",\"url\":\"https:\/\/secure.gravatar.com\/avatar\/b34fc4f4e468a4e51785917065a3db57b841f5c95dba6ad8c73aaf8f66f8f9bf?s=96&d=mm&r=g\",\"contentUrl\":\"https:\/\/secure.gravatar.com\/avatar\/b34fc4f4e468a4e51785917065a3db57b841f5c95dba6ad8c73aaf8f66f8f9bf?s=96&d=mm&r=g\",\"caption\":\"Comunica\u00e7\u00e3o PSOL\"}}]}<\/script>\n<!-- \/ Yoast SEO plugin. -->","yoast_head_json":{"title":"Samir Oliveira | A imagem de Bolsonaro n\u00e3o sobrevive a 15 minutos de fama - PSOL 50","robots":{"index":"index","follow":"follow","max-snippet":"max-snippet:-1","max-image-preview":"max-image-preview:large","max-video-preview":"max-video-preview:-1"},"canonical":"https:\/\/psol50.org.br\/samir-oliveira-a-imagem-de-bolsonaro-nao-sobrevive-a-15-minutos-de-fama-a-imagem-de-bolsonaro-nao-sobrevive-a-15-minutos-de-fama\/","og_locale":"pt_BR","og_type":"article","og_title":"Samir Oliveira | A imagem de Bolsonaro n\u00e3o sobrevive a 15 minutos de fama - PSOL 50","og_description":"Acostumado a habitar o breu onde vivem os parlamentares do baixo clero, Jair Bolsonaro \u00e9 o t\u00edpico pol\u00edtico que sempre aproveitou o fato de ser um insignificante desconhecido para praticar suas mutretas longe dos holofotes da m\u00eddia. Foi assim que transformou parentes em CCs, iniciou os filhos na pol\u00edtica enquanto carreira e enriqueceu muito no [&hellip;]","og_url":"https:\/\/psol50.org.br\/samir-oliveira-a-imagem-de-bolsonaro-nao-sobrevive-a-15-minutos-de-fama-a-imagem-de-bolsonaro-nao-sobrevive-a-15-minutos-de-fama\/","og_site_name":"PSOL 50","article_publisher":"https:\/\/www.facebook.com\/psol50","article_published_time":"2018-01-11T17:50:17+00:00","og_image":[{"width":1350,"height":900,"url":"https:\/\/psol50.org.br\/inc\/uploads\/2018\/01\/bolsonaro-marcelocamargo-abr.jpg","type":"image\/jpeg"}],"author":"Comunica\u00e7\u00e3o PSOL","twitter_card":"summary_large_image","twitter_creator":"@psol50","twitter_site":"@psol50","twitter_misc":{"Escrito por":"Comunica\u00e7\u00e3o PSOL","Est. tempo de leitura":"6 minutos"},"schema":{"@context":"https:\/\/schema.org","@graph":[{"@type":"Article","@id":"https:\/\/psol50.org.br\/samir-oliveira-a-imagem-de-bolsonaro-nao-sobrevive-a-15-minutos-de-fama-a-imagem-de-bolsonaro-nao-sobrevive-a-15-minutos-de-fama\/#article","isPartOf":{"@id":"https:\/\/psol50.org.br\/samir-oliveira-a-imagem-de-bolsonaro-nao-sobrevive-a-15-minutos-de-fama-a-imagem-de-bolsonaro-nao-sobrevive-a-15-minutos-de-fama\/"},"author":{"name":"Comunica\u00e7\u00e3o PSOL","@id":"https:\/\/psol50.org.br\/#\/schema\/person\/475dfa57d0b815993c714c2e96491fcd"},"headline":"Samir Oliveira | A imagem de Bolsonaro n\u00e3o sobrevive a 15 minutos de fama","datePublished":"2018-01-11T17:50:17+00:00","mainEntityOfPage":{"@id":"https:\/\/psol50.org.br\/samir-oliveira-a-imagem-de-bolsonaro-nao-sobrevive-a-15-minutos-de-fama-a-imagem-de-bolsonaro-nao-sobrevive-a-15-minutos-de-fama\/"},"wordCount":1134,"commentCount":0,"publisher":{"@id":"https:\/\/psol50.org.br\/#organization"},"image":{"@id":"https:\/\/psol50.org.br\/samir-oliveira-a-imagem-de-bolsonaro-nao-sobrevive-a-15-minutos-de-fama-a-imagem-de-bolsonaro-nao-sobrevive-a-15-minutos-de-fama\/#primaryimage"},"thumbnailUrl":"https:\/\/psol50.org.br\/inc\/uploads\/2018\/01\/bolsonaro-marcelocamargo-abr.jpg","keywords":["artigo","Bolsonaro","corrup\u00e7\u00e3o","samir oliveira"],"articleSection":["Artigos","Brasil"],"inLanguage":"pt-BR","potentialAction":[{"@type":"CommentAction","name":"Comment","target":["https:\/\/psol50.org.br\/samir-oliveira-a-imagem-de-bolsonaro-nao-sobrevive-a-15-minutos-de-fama-a-imagem-de-bolsonaro-nao-sobrevive-a-15-minutos-de-fama\/#respond"]}]},{"@type":"WebPage","@id":"https:\/\/psol50.org.br\/samir-oliveira-a-imagem-de-bolsonaro-nao-sobrevive-a-15-minutos-de-fama-a-imagem-de-bolsonaro-nao-sobrevive-a-15-minutos-de-fama\/","url":"https:\/\/psol50.org.br\/samir-oliveira-a-imagem-de-bolsonaro-nao-sobrevive-a-15-minutos-de-fama-a-imagem-de-bolsonaro-nao-sobrevive-a-15-minutos-de-fama\/","name":"Samir Oliveira | A imagem de Bolsonaro n\u00e3o sobrevive a 15 minutos de fama - PSOL 50","isPartOf":{"@id":"https:\/\/psol50.org.br\/#website"},"primaryImageOfPage":{"@id":"https:\/\/psol50.org.br\/samir-oliveira-a-imagem-de-bolsonaro-nao-sobrevive-a-15-minutos-de-fama-a-imagem-de-bolsonaro-nao-sobrevive-a-15-minutos-de-fama\/#primaryimage"},"image":{"@id":"https:\/\/psol50.org.br\/samir-oliveira-a-imagem-de-bolsonaro-nao-sobrevive-a-15-minutos-de-fama-a-imagem-de-bolsonaro-nao-sobrevive-a-15-minutos-de-fama\/#primaryimage"},"thumbnailUrl":"https:\/\/psol50.org.br\/inc\/uploads\/2018\/01\/bolsonaro-marcelocamargo-abr.jpg","datePublished":"2018-01-11T17:50:17+00:00","breadcrumb":{"@id":"https:\/\/psol50.org.br\/samir-oliveira-a-imagem-de-bolsonaro-nao-sobrevive-a-15-minutos-de-fama-a-imagem-de-bolsonaro-nao-sobrevive-a-15-minutos-de-fama\/#breadcrumb"},"inLanguage":"pt-BR","potentialAction":[{"@type":"ReadAction","target":["https:\/\/psol50.org.br\/samir-oliveira-a-imagem-de-bolsonaro-nao-sobrevive-a-15-minutos-de-fama-a-imagem-de-bolsonaro-nao-sobrevive-a-15-minutos-de-fama\/"]}]},{"@type":"ImageObject","inLanguage":"pt-BR","@id":"https:\/\/psol50.org.br\/samir-oliveira-a-imagem-de-bolsonaro-nao-sobrevive-a-15-minutos-de-fama-a-imagem-de-bolsonaro-nao-sobrevive-a-15-minutos-de-fama\/#primaryimage","url":"https:\/\/psol50.org.br\/inc\/uploads\/2018\/01\/bolsonaro-marcelocamargo-abr.jpg","contentUrl":"https:\/\/psol50.org.br\/inc\/uploads\/2018\/01\/bolsonaro-marcelocamargo-abr.jpg","width":1350,"height":900},{"@type":"BreadcrumbList","@id":"https:\/\/psol50.org.br\/samir-oliveira-a-imagem-de-bolsonaro-nao-sobrevive-a-15-minutos-de-fama-a-imagem-de-bolsonaro-nao-sobrevive-a-15-minutos-de-fama\/#breadcrumb","itemListElement":[{"@type":"ListItem","position":1,"name":"In\u00edcio","item":"https:\/\/psol50.org.br\/"},{"@type":"ListItem","position":2,"name":"Samir Oliveira | A imagem de Bolsonaro n\u00e3o sobrevive a 15 minutos de fama"}]},{"@type":"WebSite","@id":"https:\/\/psol50.org.br\/#website","url":"https:\/\/psol50.org.br\/","name":"PSOL 50","description":"Site oficial do Partido Socialismo e Liberdade","publisher":{"@id":"https:\/\/psol50.org.br\/#organization"},"alternateName":"PSOL50","potentialAction":[{"@type":"SearchAction","target":{"@type":"EntryPoint","urlTemplate":"https:\/\/psol50.org.br\/?s={search_term_string}"},"query-input":{"@type":"PropertyValueSpecification","valueRequired":true,"valueName":"search_term_string"}}],"inLanguage":"pt-BR"},{"@type":"Organization","@id":"https:\/\/psol50.org.br\/#organization","name":"PSOL 50","alternateName":"PSOL 50","url":"https:\/\/psol50.org.br\/","logo":{"@type":"ImageObject","inLanguage":"pt-BR","@id":"https:\/\/psol50.org.br\/#\/schema\/logo\/image\/","url":"https:\/\/psol50.org.br\/inc\/uploads\/2018\/07\/capa.png","contentUrl":"https:\/\/psol50.org.br\/inc\/uploads\/2018\/07\/capa.png","width":1350,"height":900,"caption":"PSOL 50"},"image":{"@id":"https:\/\/psol50.org.br\/#\/schema\/logo\/image\/"},"sameAs":["https:\/\/www.facebook.com\/psol50","https:\/\/x.com\/psol50","https:\/\/www.instagram.com\/psol50\/","https:\/\/www.youtube.com\/channel\/UC7SnJS5o1os7a6CaiNabzcg"]},{"@type":"Person","@id":"https:\/\/psol50.org.br\/#\/schema\/person\/475dfa57d0b815993c714c2e96491fcd","name":"Comunica\u00e7\u00e3o PSOL","image":{"@type":"ImageObject","inLanguage":"pt-BR","@id":"https:\/\/psol50.org.br\/#\/schema\/person\/image\/","url":"https:\/\/secure.gravatar.com\/avatar\/b34fc4f4e468a4e51785917065a3db57b841f5c95dba6ad8c73aaf8f66f8f9bf?s=96&d=mm&r=g","contentUrl":"https:\/\/secure.gravatar.com\/avatar\/b34fc4f4e468a4e51785917065a3db57b841f5c95dba6ad8c73aaf8f66f8f9bf?s=96&d=mm&r=g","caption":"Comunica\u00e7\u00e3o PSOL"}}]}},"_links":{"self":[{"href":"https:\/\/psol50.org.br\/rest\/wp\/v2\/posts\/19426","targetHints":{"allow":["GET"]}}],"collection":[{"href":"https:\/\/psol50.org.br\/rest\/wp\/v2\/posts"}],"about":[{"href":"https:\/\/psol50.org.br\/rest\/wp\/v2\/types\/post"}],"author":[{"embeddable":true,"href":"https:\/\/psol50.org.br\/rest\/wp\/v2\/users\/2"}],"replies":[{"embeddable":true,"href":"https:\/\/psol50.org.br\/rest\/wp\/v2\/comments?post=19426"}],"version-history":[{"count":0,"href":"https:\/\/psol50.org.br\/rest\/wp\/v2\/posts\/19426\/revisions"}],"wp:featuredmedia":[{"embeddable":true,"href":"https:\/\/psol50.org.br\/rest\/wp\/v2\/media\/19427"}],"wp:attachment":[{"href":"https:\/\/psol50.org.br\/rest\/wp\/v2\/media?parent=19426"}],"wp:term":[{"taxonomy":"category","embeddable":true,"href":"https:\/\/psol50.org.br\/rest\/wp\/v2\/categories?post=19426"},{"taxonomy":"post_tag","embeddable":true,"href":"https:\/\/psol50.org.br\/rest\/wp\/v2\/tags?post=19426"}],"curies":[{"name":"wp","href":"https:\/\/api.w.org\/{rel}","templated":true}]}}