{"id":19431,"date":"2018-01-13T14:34:07","date_gmt":"2018-01-13T16:34:07","guid":{"rendered":"http:\/\/www.psol50.org.br\/?p=19431"},"modified":"2018-01-13T14:34:07","modified_gmt":"2018-01-13T16:34:07","slug":"nota-do-psol-em-defesa-da-democracia-e-do-direito-de-lula-disputar-as-eleicoes-2","status":"publish","type":"post","link":"https:\/\/psol50.org.br\/nota-do-psol-em-defesa-da-democracia-e-do-direito-de-lula-disputar-as-eleicoes-2\/","title":{"rendered":"Nota do PSOL: Em defesa da democracia e do direito de Lula disputar as elei\u00e7\u00f5es"},"content":{"rendered":"<p>O golpe institucional de abril de 2016 abriu um per\u00edodo de novos e profundos ataques \u00e0 democracia, \u00e0 soberania e aos direitos sociais. Parte desses ataques se expressa nas tentativas de restringir ainda mais os direitos civis, como demonstram a tentativa de limita\u00e7\u00e3o do direito ao habeas corpus ou da aceita\u00e7\u00e3o de provas ilegais, proposto pelo Minist\u00e9rio P\u00fablico, ou as in\u00fameras condena\u00e7\u00f5es baseadas exclusivamente em dela\u00e7\u00f5es de executivos envolvidos em atos de corrup\u00e7\u00e3o promovidos em parceria com agentes p\u00fablicos, muitas delas sem quaisquer provas.<\/p>\n<p>Parte consider\u00e1vel do Poder Judici\u00e1rio, dessa forma, expressa tamb\u00e9m o avan\u00e7o da agenda que restringe direitos e sufoca a democracia, legitimando o golpe e seu conte\u00fado reacion\u00e1rio. Enquanto milhares de jovens negros e pobres est\u00e3o presos sem quaisquer prova, A\u00e9cio Neves e Michel Temer, flagrados em \u00e1udios que evidenciam diferentes crimes, beneficiam-se da impunidade que protege os ricos.<\/p>\n<p>O inesperado julgamento do recurso do ex-presidente Lula no Tribunal Federal da 4\u00aa Regi\u00e3o, em Porto Alegre, para o m\u00eas de janeiro \u00e9, no entender do PSOL, parte das tentativas de consolidar o golpe institucional de 2016. A condena\u00e7\u00e3o de Lula, em senten\u00e7a proferida sem quaisquer provas na primeira inst\u00e2ncia pelo juiz S\u00e9rgio Moro, j\u00e1 seria um absurdo jur\u00eddico. Mas antecipar o julgamento do recurso para o m\u00eas de janeiro, logo ap\u00f3s o fim do recesso do Judici\u00e1rio, representa uma evidente tentativa de influenciar o quadro eleitoral deste ano e impedir o direito de Lula de se candidatar.<\/p>\n<p>O PSOL ter\u00e1 candidatura pr\u00f3pria \u00e0 Presid\u00eancia da Rep\u00fablica. Uma candidatura radical, popular e que aponte a necessidade de uma alternativa independente dos trabalhadores e trabalhadoras, sem-teto, sem-terra, da juventude e dos estudantes, das mulheres, negros e negras, da popula\u00e7\u00e3o LGBT e todos os oprimidos, sem se furtar ao debate sobre as diferen\u00e7as de projeto que existem no campo das esquerdas. Mas acreditamos que Lula tem todo o direito de participar das elei\u00e7\u00f5es de 2018, apresentando suas propostas para o Brasil. Por isso, denunciaremos a tentativa de restri\u00e7\u00e3o desse direito em todos os espa\u00e7os.<\/p>\n<p>\u00c9 preciso derrotar o golpe em todas as suas manifesta\u00e7\u00f5es e a ofensiva reacion\u00e1ria de parte do Judici\u00e1rio \u00e9 uma delas. Nestas circunst\u00e2ncias, defenderemos os direitos democr\u00e1ticos e o Estado de Direito, com suas imperfei\u00e7\u00f5es e limites, jamais aceitando o linchamento pol\u00edtico, midi\u00e1tico ou judicial de quem quer que seja. A sociedade n\u00e3o pode aceitar a criminaliza\u00e7\u00e3o sem provas, nem contra Lula, nem contra qualquer cidad\u00e3o ou cidad\u00e3.<\/p>\n<p><strong>Executiva Nacional do PSOL<\/strong><br \/>\n<strong>13 de janeiro de 2018<\/strong><\/p>\n","protected":false},"excerpt":{"rendered":"<p>O golpe institucional de abril de 2016 abriu um per\u00edodo de novos e profundos ataques \u00e0 democracia, \u00e0 soberania e aos direitos sociais. Parte desses ataques se expressa nas tentativas de restringir ainda mais os direitos civis, como demonstram a tentativa de limita\u00e7\u00e3o do direito ao habeas corpus ou da aceita\u00e7\u00e3o de provas ilegais, proposto [&hellip;]<\/p>\n","protected":false},"author":2,"featured_media":18089,"comment_status":"open","ping_status":"open","sticky":false,"template":"","format":"standard","meta":{"_acf_changed":false,"footnotes":""},"categories":[1882,2165,6,14,72],"tags":[1604,242,1763,243],"class_list":{"0":"post-19431","1":"post","2":"type-post","3":"status-publish","4":"format-standard","5":"has-post-thumbnail","7":"category-brasil","8":"category-eleicoes-2018","9":"category-noticias","10":"category-partido","11":"category-resolucoes","12":"tag-eleicoes-2018","13":"tag-executiva-nacional-do-psol","14":"tag-lula","15":"tag-nota-do-psol"},"acf":[],"yoast_head":"<!-- This site is optimized with the Yoast SEO plugin v26.5 - https:\/\/yoast.com\/wordpress\/plugins\/seo\/ -->\n<title>Nota do PSOL: Em defesa da democracia e do direito de Lula disputar as elei\u00e7\u00f5es - PSOL 50<\/title>\n<meta name=\"robots\" content=\"index, follow, max-snippet:-1, max-image-preview:large, max-video-preview:-1\" \/>\n<link rel=\"canonical\" href=\"https:\/\/psol50.org.br\/nota-do-psol-em-defesa-da-democracia-e-do-direito-de-lula-disputar-as-eleicoes-2\/\" \/>\n<meta property=\"og:locale\" content=\"pt_BR\" \/>\n<meta property=\"og:type\" content=\"article\" \/>\n<meta property=\"og:title\" content=\"Nota do PSOL: Em defesa da democracia e do direito de Lula disputar as elei\u00e7\u00f5es - PSOL 50\" \/>\n<meta property=\"og:description\" content=\"O golpe institucional de abril de 2016 abriu um per\u00edodo de novos e profundos ataques \u00e0 democracia, \u00e0 soberania e aos direitos sociais. Parte desses ataques se expressa nas tentativas de restringir ainda mais os direitos civis, como demonstram a tentativa de limita\u00e7\u00e3o do direito ao habeas corpus ou da aceita\u00e7\u00e3o de provas ilegais, proposto [&hellip;]\" \/>\n<meta property=\"og:url\" content=\"https:\/\/psol50.org.br\/nota-do-psol-em-defesa-da-democracia-e-do-direito-de-lula-disputar-as-eleicoes-2\/\" \/>\n<meta property=\"og:site_name\" content=\"PSOL 50\" \/>\n<meta property=\"article:publisher\" content=\"https:\/\/www.facebook.com\/psol50\" \/>\n<meta property=\"article:published_time\" content=\"2018-01-13T16:34:07+00:00\" \/>\n<meta property=\"og:image\" content=\"https:\/\/psol50.org.br\/inc\/uploads\/2017\/09\/notadopsol.amareloepreto-01.jpg\" \/>\n\t<meta property=\"og:image:width\" content=\"1800\" \/>\n\t<meta property=\"og:image:height\" content=\"1200\" \/>\n\t<meta property=\"og:image:type\" content=\"image\/jpeg\" \/>\n<meta name=\"author\" content=\"Comunica\u00e7\u00e3o PSOL\" \/>\n<meta name=\"twitter:card\" content=\"summary_large_image\" \/>\n<meta name=\"twitter:creator\" content=\"@psol50\" \/>\n<meta name=\"twitter:site\" content=\"@psol50\" \/>\n<meta name=\"twitter:label1\" content=\"Escrito por\" \/>\n\t<meta name=\"twitter:data1\" content=\"Comunica\u00e7\u00e3o PSOL\" \/>\n\t<meta name=\"twitter:label2\" content=\"Est. tempo de leitura\" \/>\n\t<meta name=\"twitter:data2\" content=\"2 minutos\" \/>\n<script type=\"application\/ld+json\" class=\"yoast-schema-graph\">{\"@context\":\"https:\/\/schema.org\",\"@graph\":[{\"@type\":\"Article\",\"@id\":\"https:\/\/psol50.org.br\/nota-do-psol-em-defesa-da-democracia-e-do-direito-de-lula-disputar-as-eleicoes-2\/#article\",\"isPartOf\":{\"@id\":\"https:\/\/psol50.org.br\/nota-do-psol-em-defesa-da-democracia-e-do-direito-de-lula-disputar-as-eleicoes-2\/\"},\"author\":{\"name\":\"Comunica\u00e7\u00e3o PSOL\",\"@id\":\"https:\/\/psol50.org.br\/#\/schema\/person\/475dfa57d0b815993c714c2e96491fcd\"},\"headline\":\"Nota do PSOL: Em defesa da democracia e do direito de Lula disputar as elei\u00e7\u00f5es\",\"datePublished\":\"2018-01-13T16:34:07+00:00\",\"mainEntityOfPage\":{\"@id\":\"https:\/\/psol50.org.br\/nota-do-psol-em-defesa-da-democracia-e-do-direito-de-lula-disputar-as-eleicoes-2\/\"},\"wordCount\":462,\"commentCount\":0,\"publisher\":{\"@id\":\"https:\/\/psol50.org.br\/#organization\"},\"image\":{\"@id\":\"https:\/\/psol50.org.br\/nota-do-psol-em-defesa-da-democracia-e-do-direito-de-lula-disputar-as-eleicoes-2\/#primaryimage\"},\"thumbnailUrl\":\"https:\/\/psol50.org.br\/inc\/uploads\/2017\/09\/notadopsol.amareloepreto-01.jpg\",\"keywords\":[\"Elei\u00e7\u00f5es 2018\",\"Executiva Nacional do PSOL\",\"Lula\",\"Nota do PSOL\"],\"articleSection\":[\"Brasil\",\"Elei\u00e7\u00f5es 2018\",\"Not\u00edcias\",\"Partido\",\"Resolu\u00e7\u00f5es\"],\"inLanguage\":\"pt-BR\",\"potentialAction\":[{\"@type\":\"CommentAction\",\"name\":\"Comment\",\"target\":[\"https:\/\/psol50.org.br\/nota-do-psol-em-defesa-da-democracia-e-do-direito-de-lula-disputar-as-eleicoes-2\/#respond\"]}]},{\"@type\":\"WebPage\",\"@id\":\"https:\/\/psol50.org.br\/nota-do-psol-em-defesa-da-democracia-e-do-direito-de-lula-disputar-as-eleicoes-2\/\",\"url\":\"https:\/\/psol50.org.br\/nota-do-psol-em-defesa-da-democracia-e-do-direito-de-lula-disputar-as-eleicoes-2\/\",\"name\":\"Nota do PSOL: Em defesa da democracia e do direito de Lula disputar as elei\u00e7\u00f5es - PSOL 50\",\"isPartOf\":{\"@id\":\"https:\/\/psol50.org.br\/#website\"},\"primaryImageOfPage\":{\"@id\":\"https:\/\/psol50.org.br\/nota-do-psol-em-defesa-da-democracia-e-do-direito-de-lula-disputar-as-eleicoes-2\/#primaryimage\"},\"image\":{\"@id\":\"https:\/\/psol50.org.br\/nota-do-psol-em-defesa-da-democracia-e-do-direito-de-lula-disputar-as-eleicoes-2\/#primaryimage\"},\"thumbnailUrl\":\"https:\/\/psol50.org.br\/inc\/uploads\/2017\/09\/notadopsol.amareloepreto-01.jpg\",\"datePublished\":\"2018-01-13T16:34:07+00:00\",\"breadcrumb\":{\"@id\":\"https:\/\/psol50.org.br\/nota-do-psol-em-defesa-da-democracia-e-do-direito-de-lula-disputar-as-eleicoes-2\/#breadcrumb\"},\"inLanguage\":\"pt-BR\",\"potentialAction\":[{\"@type\":\"ReadAction\",\"target\":[\"https:\/\/psol50.org.br\/nota-do-psol-em-defesa-da-democracia-e-do-direito-de-lula-disputar-as-eleicoes-2\/\"]}]},{\"@type\":\"ImageObject\",\"inLanguage\":\"pt-BR\",\"@id\":\"https:\/\/psol50.org.br\/nota-do-psol-em-defesa-da-democracia-e-do-direito-de-lula-disputar-as-eleicoes-2\/#primaryimage\",\"url\":\"https:\/\/psol50.org.br\/inc\/uploads\/2017\/09\/notadopsol.amareloepreto-01.jpg\",\"contentUrl\":\"https:\/\/psol50.org.br\/inc\/uploads\/2017\/09\/notadopsol.amareloepreto-01.jpg\",\"width\":1800,\"height\":1200},{\"@type\":\"BreadcrumbList\",\"@id\":\"https:\/\/psol50.org.br\/nota-do-psol-em-defesa-da-democracia-e-do-direito-de-lula-disputar-as-eleicoes-2\/#breadcrumb\",\"itemListElement\":[{\"@type\":\"ListItem\",\"position\":1,\"name\":\"In\u00edcio\",\"item\":\"https:\/\/psol50.org.br\/\"},{\"@type\":\"ListItem\",\"position\":2,\"name\":\"Nota do PSOL: Em defesa da democracia e do direito de Lula disputar as elei\u00e7\u00f5es\"}]},{\"@type\":\"WebSite\",\"@id\":\"https:\/\/psol50.org.br\/#website\",\"url\":\"https:\/\/psol50.org.br\/\",\"name\":\"PSOL 50\",\"description\":\"Site oficial do Partido Socialismo e Liberdade\",\"publisher\":{\"@id\":\"https:\/\/psol50.org.br\/#organization\"},\"alternateName\":\"PSOL50\",\"potentialAction\":[{\"@type\":\"SearchAction\",\"target\":{\"@type\":\"EntryPoint\",\"urlTemplate\":\"https:\/\/psol50.org.br\/?s={search_term_string}\"},\"query-input\":{\"@type\":\"PropertyValueSpecification\",\"valueRequired\":true,\"valueName\":\"search_term_string\"}}],\"inLanguage\":\"pt-BR\"},{\"@type\":\"Organization\",\"@id\":\"https:\/\/psol50.org.br\/#organization\",\"name\":\"PSOL 50\",\"alternateName\":\"PSOL 50\",\"url\":\"https:\/\/psol50.org.br\/\",\"logo\":{\"@type\":\"ImageObject\",\"inLanguage\":\"pt-BR\",\"@id\":\"https:\/\/psol50.org.br\/#\/schema\/logo\/image\/\",\"url\":\"https:\/\/psol50.org.br\/inc\/uploads\/2018\/07\/capa.png\",\"contentUrl\":\"https:\/\/psol50.org.br\/inc\/uploads\/2018\/07\/capa.png\",\"width\":1350,\"height\":900,\"caption\":\"PSOL 50\"},\"image\":{\"@id\":\"https:\/\/psol50.org.br\/#\/schema\/logo\/image\/\"},\"sameAs\":[\"https:\/\/www.facebook.com\/psol50\",\"https:\/\/x.com\/psol50\",\"https:\/\/www.instagram.com\/psol50\/\",\"https:\/\/www.youtube.com\/channel\/UC7SnJS5o1os7a6CaiNabzcg\"]},{\"@type\":\"Person\",\"@id\":\"https:\/\/psol50.org.br\/#\/schema\/person\/475dfa57d0b815993c714c2e96491fcd\",\"name\":\"Comunica\u00e7\u00e3o PSOL\",\"image\":{\"@type\":\"ImageObject\",\"inLanguage\":\"pt-BR\",\"@id\":\"https:\/\/psol50.org.br\/#\/schema\/person\/image\/\",\"url\":\"https:\/\/secure.gravatar.com\/avatar\/b34fc4f4e468a4e51785917065a3db57b841f5c95dba6ad8c73aaf8f66f8f9bf?s=96&d=mm&r=g\",\"contentUrl\":\"https:\/\/secure.gravatar.com\/avatar\/b34fc4f4e468a4e51785917065a3db57b841f5c95dba6ad8c73aaf8f66f8f9bf?s=96&d=mm&r=g\",\"caption\":\"Comunica\u00e7\u00e3o PSOL\"}}]}<\/script>\n<!-- \/ Yoast SEO plugin. -->","yoast_head_json":{"title":"Nota do PSOL: Em defesa da democracia e do direito de Lula disputar as elei\u00e7\u00f5es - PSOL 50","robots":{"index":"index","follow":"follow","max-snippet":"max-snippet:-1","max-image-preview":"max-image-preview:large","max-video-preview":"max-video-preview:-1"},"canonical":"https:\/\/psol50.org.br\/nota-do-psol-em-defesa-da-democracia-e-do-direito-de-lula-disputar-as-eleicoes-2\/","og_locale":"pt_BR","og_type":"article","og_title":"Nota do PSOL: Em defesa da democracia e do direito de Lula disputar as elei\u00e7\u00f5es - PSOL 50","og_description":"O golpe institucional de abril de 2016 abriu um per\u00edodo de novos e profundos ataques \u00e0 democracia, \u00e0 soberania e aos direitos sociais. Parte desses ataques se expressa nas tentativas de restringir ainda mais os direitos civis, como demonstram a tentativa de limita\u00e7\u00e3o do direito ao habeas corpus ou da aceita\u00e7\u00e3o de provas ilegais, proposto [&hellip;]","og_url":"https:\/\/psol50.org.br\/nota-do-psol-em-defesa-da-democracia-e-do-direito-de-lula-disputar-as-eleicoes-2\/","og_site_name":"PSOL 50","article_publisher":"https:\/\/www.facebook.com\/psol50","article_published_time":"2018-01-13T16:34:07+00:00","og_image":[{"width":1800,"height":1200,"url":"https:\/\/psol50.org.br\/inc\/uploads\/2017\/09\/notadopsol.amareloepreto-01.jpg","type":"image\/jpeg"}],"author":"Comunica\u00e7\u00e3o PSOL","twitter_card":"summary_large_image","twitter_creator":"@psol50","twitter_site":"@psol50","twitter_misc":{"Escrito por":"Comunica\u00e7\u00e3o PSOL","Est. tempo de leitura":"2 minutos"},"schema":{"@context":"https:\/\/schema.org","@graph":[{"@type":"Article","@id":"https:\/\/psol50.org.br\/nota-do-psol-em-defesa-da-democracia-e-do-direito-de-lula-disputar-as-eleicoes-2\/#article","isPartOf":{"@id":"https:\/\/psol50.org.br\/nota-do-psol-em-defesa-da-democracia-e-do-direito-de-lula-disputar-as-eleicoes-2\/"},"author":{"name":"Comunica\u00e7\u00e3o PSOL","@id":"https:\/\/psol50.org.br\/#\/schema\/person\/475dfa57d0b815993c714c2e96491fcd"},"headline":"Nota do PSOL: Em defesa da democracia e do direito de Lula disputar as elei\u00e7\u00f5es","datePublished":"2018-01-13T16:34:07+00:00","mainEntityOfPage":{"@id":"https:\/\/psol50.org.br\/nota-do-psol-em-defesa-da-democracia-e-do-direito-de-lula-disputar-as-eleicoes-2\/"},"wordCount":462,"commentCount":0,"publisher":{"@id":"https:\/\/psol50.org.br\/#organization"},"image":{"@id":"https:\/\/psol50.org.br\/nota-do-psol-em-defesa-da-democracia-e-do-direito-de-lula-disputar-as-eleicoes-2\/#primaryimage"},"thumbnailUrl":"https:\/\/psol50.org.br\/inc\/uploads\/2017\/09\/notadopsol.amareloepreto-01.jpg","keywords":["Elei\u00e7\u00f5es 2018","Executiva Nacional do PSOL","Lula","Nota do PSOL"],"articleSection":["Brasil","Elei\u00e7\u00f5es 2018","Not\u00edcias","Partido","Resolu\u00e7\u00f5es"],"inLanguage":"pt-BR","potentialAction":[{"@type":"CommentAction","name":"Comment","target":["https:\/\/psol50.org.br\/nota-do-psol-em-defesa-da-democracia-e-do-direito-de-lula-disputar-as-eleicoes-2\/#respond"]}]},{"@type":"WebPage","@id":"https:\/\/psol50.org.br\/nota-do-psol-em-defesa-da-democracia-e-do-direito-de-lula-disputar-as-eleicoes-2\/","url":"https:\/\/psol50.org.br\/nota-do-psol-em-defesa-da-democracia-e-do-direito-de-lula-disputar-as-eleicoes-2\/","name":"Nota do PSOL: Em defesa da democracia e do direito de Lula disputar as elei\u00e7\u00f5es - PSOL 50","isPartOf":{"@id":"https:\/\/psol50.org.br\/#website"},"primaryImageOfPage":{"@id":"https:\/\/psol50.org.br\/nota-do-psol-em-defesa-da-democracia-e-do-direito-de-lula-disputar-as-eleicoes-2\/#primaryimage"},"image":{"@id":"https:\/\/psol50.org.br\/nota-do-psol-em-defesa-da-democracia-e-do-direito-de-lula-disputar-as-eleicoes-2\/#primaryimage"},"thumbnailUrl":"https:\/\/psol50.org.br\/inc\/uploads\/2017\/09\/notadopsol.amareloepreto-01.jpg","datePublished":"2018-01-13T16:34:07+00:00","breadcrumb":{"@id":"https:\/\/psol50.org.br\/nota-do-psol-em-defesa-da-democracia-e-do-direito-de-lula-disputar-as-eleicoes-2\/#breadcrumb"},"inLanguage":"pt-BR","potentialAction":[{"@type":"ReadAction","target":["https:\/\/psol50.org.br\/nota-do-psol-em-defesa-da-democracia-e-do-direito-de-lula-disputar-as-eleicoes-2\/"]}]},{"@type":"ImageObject","inLanguage":"pt-BR","@id":"https:\/\/psol50.org.br\/nota-do-psol-em-defesa-da-democracia-e-do-direito-de-lula-disputar-as-eleicoes-2\/#primaryimage","url":"https:\/\/psol50.org.br\/inc\/uploads\/2017\/09\/notadopsol.amareloepreto-01.jpg","contentUrl":"https:\/\/psol50.org.br\/inc\/uploads\/2017\/09\/notadopsol.amareloepreto-01.jpg","width":1800,"height":1200},{"@type":"BreadcrumbList","@id":"https:\/\/psol50.org.br\/nota-do-psol-em-defesa-da-democracia-e-do-direito-de-lula-disputar-as-eleicoes-2\/#breadcrumb","itemListElement":[{"@type":"ListItem","position":1,"name":"In\u00edcio","item":"https:\/\/psol50.org.br\/"},{"@type":"ListItem","position":2,"name":"Nota do PSOL: Em defesa da democracia e do direito de Lula disputar as elei\u00e7\u00f5es"}]},{"@type":"WebSite","@id":"https:\/\/psol50.org.br\/#website","url":"https:\/\/psol50.org.br\/","name":"PSOL 50","description":"Site oficial do Partido Socialismo e Liberdade","publisher":{"@id":"https:\/\/psol50.org.br\/#organization"},"alternateName":"PSOL50","potentialAction":[{"@type":"SearchAction","target":{"@type":"EntryPoint","urlTemplate":"https:\/\/psol50.org.br\/?s={search_term_string}"},"query-input":{"@type":"PropertyValueSpecification","valueRequired":true,"valueName":"search_term_string"}}],"inLanguage":"pt-BR"},{"@type":"Organization","@id":"https:\/\/psol50.org.br\/#organization","name":"PSOL 50","alternateName":"PSOL 50","url":"https:\/\/psol50.org.br\/","logo":{"@type":"ImageObject","inLanguage":"pt-BR","@id":"https:\/\/psol50.org.br\/#\/schema\/logo\/image\/","url":"https:\/\/psol50.org.br\/inc\/uploads\/2018\/07\/capa.png","contentUrl":"https:\/\/psol50.org.br\/inc\/uploads\/2018\/07\/capa.png","width":1350,"height":900,"caption":"PSOL 50"},"image":{"@id":"https:\/\/psol50.org.br\/#\/schema\/logo\/image\/"},"sameAs":["https:\/\/www.facebook.com\/psol50","https:\/\/x.com\/psol50","https:\/\/www.instagram.com\/psol50\/","https:\/\/www.youtube.com\/channel\/UC7SnJS5o1os7a6CaiNabzcg"]},{"@type":"Person","@id":"https:\/\/psol50.org.br\/#\/schema\/person\/475dfa57d0b815993c714c2e96491fcd","name":"Comunica\u00e7\u00e3o PSOL","image":{"@type":"ImageObject","inLanguage":"pt-BR","@id":"https:\/\/psol50.org.br\/#\/schema\/person\/image\/","url":"https:\/\/secure.gravatar.com\/avatar\/b34fc4f4e468a4e51785917065a3db57b841f5c95dba6ad8c73aaf8f66f8f9bf?s=96&d=mm&r=g","contentUrl":"https:\/\/secure.gravatar.com\/avatar\/b34fc4f4e468a4e51785917065a3db57b841f5c95dba6ad8c73aaf8f66f8f9bf?s=96&d=mm&r=g","caption":"Comunica\u00e7\u00e3o PSOL"}}]}},"_links":{"self":[{"href":"https:\/\/psol50.org.br\/rest\/wp\/v2\/posts\/19431","targetHints":{"allow":["GET"]}}],"collection":[{"href":"https:\/\/psol50.org.br\/rest\/wp\/v2\/posts"}],"about":[{"href":"https:\/\/psol50.org.br\/rest\/wp\/v2\/types\/post"}],"author":[{"embeddable":true,"href":"https:\/\/psol50.org.br\/rest\/wp\/v2\/users\/2"}],"replies":[{"embeddable":true,"href":"https:\/\/psol50.org.br\/rest\/wp\/v2\/comments?post=19431"}],"version-history":[{"count":0,"href":"https:\/\/psol50.org.br\/rest\/wp\/v2\/posts\/19431\/revisions"}],"wp:featuredmedia":[{"embeddable":true,"href":"https:\/\/psol50.org.br\/rest\/wp\/v2\/media\/18089"}],"wp:attachment":[{"href":"https:\/\/psol50.org.br\/rest\/wp\/v2\/media?parent=19431"}],"wp:term":[{"taxonomy":"category","embeddable":true,"href":"https:\/\/psol50.org.br\/rest\/wp\/v2\/categories?post=19431"},{"taxonomy":"post_tag","embeddable":true,"href":"https:\/\/psol50.org.br\/rest\/wp\/v2\/tags?post=19431"}],"curies":[{"name":"wp","href":"https:\/\/api.w.org\/{rel}","templated":true}]}}