{"id":19449,"date":"2018-01-14T12:23:36","date_gmt":"2018-01-14T14:23:36","guid":{"rendered":"http:\/\/www.psol50.org.br\/?p=19449"},"modified":"2018-01-14T12:23:36","modified_gmt":"2018-01-14T14:23:36","slug":"a-hora-decisiva-vamos-derrotar-a-reforma-da-previdencia-de-temer","status":"publish","type":"post","link":"https:\/\/psol50.org.br\/a-hora-decisiva-vamos-derrotar-a-reforma-da-previdencia-de-temer\/","title":{"rendered":"A hora decisiva: vamos derrotar a Reforma da Previd\u00eancia de Temer"},"content":{"rendered":"<p>Em reuni\u00e3o realizada neste s\u00e1bado (13), em S\u00e3o Paulo, a Executiva Nacional do PSOL debateu a ofensiva do governo Temer na tentativa de aprovar a Reforma da Previd\u00eancia em fevereiro, na volta do carnaval, e convocou os diret\u00f3rios e filiados de todo o pa\u00eds para construir lutas contra o desmonte representado pela proposta.<\/p>\n<p>Para o \u00f3rg\u00e3o de dire\u00e7\u00e3o do partido, o objetivo de Temer \u00e9 acabar com o direito \u00e0 aposentadoria para fortalecer fundos privados de pens\u00e3o, dentro de uma agenda de retrocessos hist\u00f3ricos \u00e0 classe trabalhadora de seu governo.<\/p>\n<p>Os dirigentes do PSOL afirmam, tamb\u00e9m, que a unidade de a\u00e7\u00e3o entre movimentos sociais, sindicatos e as mais diversas organiza\u00e7\u00f5es pol\u00edticas dispostas a construir lutas.<\/p>\n<p>Leia a nota completa sobre o tema:<\/p>\n<p><strong>A hora decisiva: vamos derrotar a reforma da previd\u00eancia de Temer!<\/strong><\/p>\n<p>O governo Temer vem impondo retrocessos hist\u00f3ricos \u00e0 classe trabalhadora, que vai desde o desmonte do Estado brasileiro, com a EC 95, \u00e0 Reforma Trabalhista, que na pr\u00e1tica colocou fim a 80 anos de CLT. A agenda pol\u00edtica retr\u00f3grada do governo ainda conta com a tentativa de \u201cReforma da Previd\u00eancia\u201d, cujo principal objetivo \u00e9 acabar com o direito \u00e0 aposentadoria dos trabalhadores e trabalhadores, transferindo aos fundos privados de pens\u00e3o.<\/p>\n<p>Durante 2017 a unidade de a\u00e7\u00e3o foi fundamental para impor ao governo derrotas em torno dessa pauta. Constru\u00edmos mobiliza\u00e7\u00f5es expressivas em torno da luta contra a Reforma da Previd\u00eancia de Temer, como a greve geral em abril de 2017, assim como o grande ato em Bras\u00edlia em maio neste mesmo ano. A press\u00e3o e mobiliza\u00e7\u00e3o das trabalhadoras e dos trabalhadores, tal como a aguerrida atua\u00e7\u00e3o da nossa bancada federal, foram decisivas para derrotar o calend\u00e1rio do governo, que simplesmente n\u00e3o conseguiu colocar em vota\u00e7\u00e3o tal Reforma.<\/p>\n<p>Apesar das dificuldades do governo, h\u00e1 uma grande press\u00e3o por parte da burguesia brasileira e do rentismo internacional para que o desmonte da previd\u00eancia seja aprovado. O rebaixamento do Brasil feito pela ag\u00eancia de risco internacional Standart&amp;Poor&#8217;s (S&amp;P) \u00e9 uma express\u00e3o dessa press\u00e3o internacional. O governo ileg\u00edtimo trabalha para que no dia 19 de fevereiro a reforma seja votada.<\/p>\n<p>Compreendemos que a Reforma da Previd\u00eancia ser\u00e1 um dos grandes enfrentamentos na luta em 2018. Por isso, o PSOL deve integrar e construir mobiliza\u00e7\u00f5es e a\u00e7\u00f5es unit\u00e1rias contra a reforma da previd\u00eancia. Convocamos nossos diret\u00f3rios municipais e estaduais \u00e0 realizarem plen\u00e1rias para mobiliza\u00e7\u00e3o da nossa milit\u00e2ncia em todo o pa\u00eds. Ao mesmo tempo, a Executiva Nacional produzir\u00e1 materiais atrav\u00e9s da secretaria de comunica\u00e7\u00e3o para orientar a interven\u00e7\u00e3o do PSOL nas lutas unit\u00e1rias contra a reforma da previd\u00eancia. Nesse processo de enfrentamento, o PSOL incentivar\u00e1 toda forma de resist\u00eancia dentro e fora do parlamento e com os movimentos sociais. Atrav\u00e9s da luta e da mobiliza\u00e7\u00e3o derrotaremos essa reforma<\/p>\n<p>Aposentadoria fica, Temer sai!<br \/>\nNenhum direito a menos!<\/p>\n<p><strong>Executiva Nacional do PSOL<\/strong><br \/>\n<strong>13 de janeiro de 2018<\/strong><\/p>\n","protected":false},"excerpt":{"rendered":"<p>Em reuni\u00e3o realizada neste s\u00e1bado (13), em S\u00e3o Paulo, a Executiva Nacional do PSOL debateu a ofensiva do governo Temer na tentativa de aprovar a Reforma da Previd\u00eancia em fevereiro, na volta do carnaval, e convocou os diret\u00f3rios e filiados de todo o pa\u00eds para construir lutas contra o desmonte representado pela proposta. Para o [&hellip;]<\/p>\n","protected":false},"author":2,"featured_media":19451,"comment_status":"open","ping_status":"open","sticky":false,"template":"","format":"standard","meta":{"_acf_changed":false,"footnotes":""},"categories":[1882,1104,6,14,72],"tags":[242,2169,1748,243,39],"class_list":{"0":"post-19449","1":"post","2":"type-post","3":"status-publish","4":"format-standard","5":"has-post-thumbnail","7":"category-brasil","8":"category-movimento","9":"category-noticias","10":"category-partido","11":"category-resolucoes","12":"tag-executiva-nacional-do-psol","13":"tag-fora-temer","14":"tag-michel-temer","15":"tag-nota-do-psol","16":"tag-reforma-da-previdencia"},"acf":[],"yoast_head":"<!-- This site is optimized with the Yoast SEO plugin v26.5 - https:\/\/yoast.com\/wordpress\/plugins\/seo\/ -->\n<title>A hora decisiva: vamos derrotar a Reforma da Previd\u00eancia de Temer - PSOL 50<\/title>\n<meta name=\"robots\" content=\"index, follow, max-snippet:-1, max-image-preview:large, max-video-preview:-1\" \/>\n<link rel=\"canonical\" href=\"https:\/\/psol50.org.br\/a-hora-decisiva-vamos-derrotar-a-reforma-da-previdencia-de-temer\/\" \/>\n<meta property=\"og:locale\" content=\"pt_BR\" \/>\n<meta property=\"og:type\" content=\"article\" \/>\n<meta property=\"og:title\" content=\"A hora decisiva: vamos derrotar a Reforma da Previd\u00eancia de Temer - PSOL 50\" \/>\n<meta property=\"og:description\" content=\"Em reuni\u00e3o realizada neste s\u00e1bado (13), em S\u00e3o Paulo, a Executiva Nacional do PSOL debateu a ofensiva do governo Temer na tentativa de aprovar a Reforma da Previd\u00eancia em fevereiro, na volta do carnaval, e convocou os diret\u00f3rios e filiados de todo o pa\u00eds para construir lutas contra o desmonte representado pela proposta. Para o [&hellip;]\" \/>\n<meta property=\"og:url\" content=\"https:\/\/psol50.org.br\/a-hora-decisiva-vamos-derrotar-a-reforma-da-previdencia-de-temer\/\" \/>\n<meta property=\"og:site_name\" content=\"PSOL 50\" \/>\n<meta property=\"article:publisher\" content=\"https:\/\/www.facebook.com\/psol50\" \/>\n<meta property=\"article:published_time\" content=\"2018-01-14T14:23:36+00:00\" \/>\n<meta property=\"og:image\" content=\"https:\/\/psol50.org.br\/inc\/uploads\/2018\/01\/34054839834_ca9cc68974_k.jpg\" \/>\n\t<meta property=\"og:image:width\" content=\"1798\" \/>\n\t<meta property=\"og:image:height\" content=\"1200\" \/>\n\t<meta property=\"og:image:type\" content=\"image\/jpeg\" \/>\n<meta name=\"author\" content=\"Comunica\u00e7\u00e3o PSOL\" \/>\n<meta name=\"twitter:card\" content=\"summary_large_image\" \/>\n<meta name=\"twitter:creator\" content=\"@psol50\" \/>\n<meta name=\"twitter:site\" content=\"@psol50\" \/>\n<meta name=\"twitter:label1\" content=\"Escrito por\" \/>\n\t<meta name=\"twitter:data1\" content=\"Comunica\u00e7\u00e3o PSOL\" \/>\n\t<meta name=\"twitter:label2\" content=\"Est. tempo de leitura\" \/>\n\t<meta name=\"twitter:data2\" content=\"3 minutos\" \/>\n<script type=\"application\/ld+json\" class=\"yoast-schema-graph\">{\"@context\":\"https:\/\/schema.org\",\"@graph\":[{\"@type\":\"Article\",\"@id\":\"https:\/\/psol50.org.br\/a-hora-decisiva-vamos-derrotar-a-reforma-da-previdencia-de-temer\/#article\",\"isPartOf\":{\"@id\":\"https:\/\/psol50.org.br\/a-hora-decisiva-vamos-derrotar-a-reforma-da-previdencia-de-temer\/\"},\"author\":{\"name\":\"Comunica\u00e7\u00e3o PSOL\",\"@id\":\"https:\/\/psol50.org.br\/#\/schema\/person\/475dfa57d0b815993c714c2e96491fcd\"},\"headline\":\"A hora decisiva: vamos derrotar a Reforma da Previd\u00eancia de Temer\",\"datePublished\":\"2018-01-14T14:23:36+00:00\",\"mainEntityOfPage\":{\"@id\":\"https:\/\/psol50.org.br\/a-hora-decisiva-vamos-derrotar-a-reforma-da-previdencia-de-temer\/\"},\"wordCount\":527,\"commentCount\":0,\"publisher\":{\"@id\":\"https:\/\/psol50.org.br\/#organization\"},\"image\":{\"@id\":\"https:\/\/psol50.org.br\/a-hora-decisiva-vamos-derrotar-a-reforma-da-previdencia-de-temer\/#primaryimage\"},\"thumbnailUrl\":\"https:\/\/psol50.org.br\/inc\/uploads\/2018\/01\/34054839834_ca9cc68974_k.jpg\",\"keywords\":[\"Executiva Nacional do PSOL\",\"Fora Temer\",\"Michel Temer\",\"Nota do PSOL\",\"reforma da previd\u00eancia\"],\"articleSection\":[\"Brasil\",\"Movimento\",\"Not\u00edcias\",\"Partido\",\"Resolu\u00e7\u00f5es\"],\"inLanguage\":\"pt-BR\",\"potentialAction\":[{\"@type\":\"CommentAction\",\"name\":\"Comment\",\"target\":[\"https:\/\/psol50.org.br\/a-hora-decisiva-vamos-derrotar-a-reforma-da-previdencia-de-temer\/#respond\"]}]},{\"@type\":\"WebPage\",\"@id\":\"https:\/\/psol50.org.br\/a-hora-decisiva-vamos-derrotar-a-reforma-da-previdencia-de-temer\/\",\"url\":\"https:\/\/psol50.org.br\/a-hora-decisiva-vamos-derrotar-a-reforma-da-previdencia-de-temer\/\",\"name\":\"A hora decisiva: vamos derrotar a Reforma da Previd\u00eancia de Temer - PSOL 50\",\"isPartOf\":{\"@id\":\"https:\/\/psol50.org.br\/#website\"},\"primaryImageOfPage\":{\"@id\":\"https:\/\/psol50.org.br\/a-hora-decisiva-vamos-derrotar-a-reforma-da-previdencia-de-temer\/#primaryimage\"},\"image\":{\"@id\":\"https:\/\/psol50.org.br\/a-hora-decisiva-vamos-derrotar-a-reforma-da-previdencia-de-temer\/#primaryimage\"},\"thumbnailUrl\":\"https:\/\/psol50.org.br\/inc\/uploads\/2018\/01\/34054839834_ca9cc68974_k.jpg\",\"datePublished\":\"2018-01-14T14:23:36+00:00\",\"breadcrumb\":{\"@id\":\"https:\/\/psol50.org.br\/a-hora-decisiva-vamos-derrotar-a-reforma-da-previdencia-de-temer\/#breadcrumb\"},\"inLanguage\":\"pt-BR\",\"potentialAction\":[{\"@type\":\"ReadAction\",\"target\":[\"https:\/\/psol50.org.br\/a-hora-decisiva-vamos-derrotar-a-reforma-da-previdencia-de-temer\/\"]}]},{\"@type\":\"ImageObject\",\"inLanguage\":\"pt-BR\",\"@id\":\"https:\/\/psol50.org.br\/a-hora-decisiva-vamos-derrotar-a-reforma-da-previdencia-de-temer\/#primaryimage\",\"url\":\"https:\/\/psol50.org.br\/inc\/uploads\/2018\/01\/34054839834_ca9cc68974_k.jpg\",\"contentUrl\":\"https:\/\/psol50.org.br\/inc\/uploads\/2018\/01\/34054839834_ca9cc68974_k.jpg\",\"width\":1798,\"height\":1200},{\"@type\":\"BreadcrumbList\",\"@id\":\"https:\/\/psol50.org.br\/a-hora-decisiva-vamos-derrotar-a-reforma-da-previdencia-de-temer\/#breadcrumb\",\"itemListElement\":[{\"@type\":\"ListItem\",\"position\":1,\"name\":\"In\u00edcio\",\"item\":\"https:\/\/psol50.org.br\/\"},{\"@type\":\"ListItem\",\"position\":2,\"name\":\"A hora decisiva: vamos derrotar a Reforma da Previd\u00eancia de Temer\"}]},{\"@type\":\"WebSite\",\"@id\":\"https:\/\/psol50.org.br\/#website\",\"url\":\"https:\/\/psol50.org.br\/\",\"name\":\"PSOL 50\",\"description\":\"Site oficial do Partido Socialismo e Liberdade\",\"publisher\":{\"@id\":\"https:\/\/psol50.org.br\/#organization\"},\"alternateName\":\"PSOL50\",\"potentialAction\":[{\"@type\":\"SearchAction\",\"target\":{\"@type\":\"EntryPoint\",\"urlTemplate\":\"https:\/\/psol50.org.br\/?s={search_term_string}\"},\"query-input\":{\"@type\":\"PropertyValueSpecification\",\"valueRequired\":true,\"valueName\":\"search_term_string\"}}],\"inLanguage\":\"pt-BR\"},{\"@type\":\"Organization\",\"@id\":\"https:\/\/psol50.org.br\/#organization\",\"name\":\"PSOL 50\",\"alternateName\":\"PSOL 50\",\"url\":\"https:\/\/psol50.org.br\/\",\"logo\":{\"@type\":\"ImageObject\",\"inLanguage\":\"pt-BR\",\"@id\":\"https:\/\/psol50.org.br\/#\/schema\/logo\/image\/\",\"url\":\"https:\/\/psol50.org.br\/inc\/uploads\/2018\/07\/capa.png\",\"contentUrl\":\"https:\/\/psol50.org.br\/inc\/uploads\/2018\/07\/capa.png\",\"width\":1350,\"height\":900,\"caption\":\"PSOL 50\"},\"image\":{\"@id\":\"https:\/\/psol50.org.br\/#\/schema\/logo\/image\/\"},\"sameAs\":[\"https:\/\/www.facebook.com\/psol50\",\"https:\/\/x.com\/psol50\",\"https:\/\/www.instagram.com\/psol50\/\",\"https:\/\/www.youtube.com\/channel\/UC7SnJS5o1os7a6CaiNabzcg\"]},{\"@type\":\"Person\",\"@id\":\"https:\/\/psol50.org.br\/#\/schema\/person\/475dfa57d0b815993c714c2e96491fcd\",\"name\":\"Comunica\u00e7\u00e3o PSOL\",\"image\":{\"@type\":\"ImageObject\",\"inLanguage\":\"pt-BR\",\"@id\":\"https:\/\/psol50.org.br\/#\/schema\/person\/image\/\",\"url\":\"https:\/\/secure.gravatar.com\/avatar\/b34fc4f4e468a4e51785917065a3db57b841f5c95dba6ad8c73aaf8f66f8f9bf?s=96&d=mm&r=g\",\"contentUrl\":\"https:\/\/secure.gravatar.com\/avatar\/b34fc4f4e468a4e51785917065a3db57b841f5c95dba6ad8c73aaf8f66f8f9bf?s=96&d=mm&r=g\",\"caption\":\"Comunica\u00e7\u00e3o PSOL\"}}]}<\/script>\n<!-- \/ Yoast SEO plugin. -->","yoast_head_json":{"title":"A hora decisiva: vamos derrotar a Reforma da Previd\u00eancia de Temer - PSOL 50","robots":{"index":"index","follow":"follow","max-snippet":"max-snippet:-1","max-image-preview":"max-image-preview:large","max-video-preview":"max-video-preview:-1"},"canonical":"https:\/\/psol50.org.br\/a-hora-decisiva-vamos-derrotar-a-reforma-da-previdencia-de-temer\/","og_locale":"pt_BR","og_type":"article","og_title":"A hora decisiva: vamos derrotar a Reforma da Previd\u00eancia de Temer - PSOL 50","og_description":"Em reuni\u00e3o realizada neste s\u00e1bado (13), em S\u00e3o Paulo, a Executiva Nacional do PSOL debateu a ofensiva do governo Temer na tentativa de aprovar a Reforma da Previd\u00eancia em fevereiro, na volta do carnaval, e convocou os diret\u00f3rios e filiados de todo o pa\u00eds para construir lutas contra o desmonte representado pela proposta. Para o [&hellip;]","og_url":"https:\/\/psol50.org.br\/a-hora-decisiva-vamos-derrotar-a-reforma-da-previdencia-de-temer\/","og_site_name":"PSOL 50","article_publisher":"https:\/\/www.facebook.com\/psol50","article_published_time":"2018-01-14T14:23:36+00:00","og_image":[{"width":1798,"height":1200,"url":"https:\/\/psol50.org.br\/inc\/uploads\/2018\/01\/34054839834_ca9cc68974_k.jpg","type":"image\/jpeg"}],"author":"Comunica\u00e7\u00e3o PSOL","twitter_card":"summary_large_image","twitter_creator":"@psol50","twitter_site":"@psol50","twitter_misc":{"Escrito por":"Comunica\u00e7\u00e3o PSOL","Est. tempo de leitura":"3 minutos"},"schema":{"@context":"https:\/\/schema.org","@graph":[{"@type":"Article","@id":"https:\/\/psol50.org.br\/a-hora-decisiva-vamos-derrotar-a-reforma-da-previdencia-de-temer\/#article","isPartOf":{"@id":"https:\/\/psol50.org.br\/a-hora-decisiva-vamos-derrotar-a-reforma-da-previdencia-de-temer\/"},"author":{"name":"Comunica\u00e7\u00e3o PSOL","@id":"https:\/\/psol50.org.br\/#\/schema\/person\/475dfa57d0b815993c714c2e96491fcd"},"headline":"A hora decisiva: vamos derrotar a Reforma da Previd\u00eancia de Temer","datePublished":"2018-01-14T14:23:36+00:00","mainEntityOfPage":{"@id":"https:\/\/psol50.org.br\/a-hora-decisiva-vamos-derrotar-a-reforma-da-previdencia-de-temer\/"},"wordCount":527,"commentCount":0,"publisher":{"@id":"https:\/\/psol50.org.br\/#organization"},"image":{"@id":"https:\/\/psol50.org.br\/a-hora-decisiva-vamos-derrotar-a-reforma-da-previdencia-de-temer\/#primaryimage"},"thumbnailUrl":"https:\/\/psol50.org.br\/inc\/uploads\/2018\/01\/34054839834_ca9cc68974_k.jpg","keywords":["Executiva Nacional do PSOL","Fora Temer","Michel Temer","Nota do PSOL","reforma da previd\u00eancia"],"articleSection":["Brasil","Movimento","Not\u00edcias","Partido","Resolu\u00e7\u00f5es"],"inLanguage":"pt-BR","potentialAction":[{"@type":"CommentAction","name":"Comment","target":["https:\/\/psol50.org.br\/a-hora-decisiva-vamos-derrotar-a-reforma-da-previdencia-de-temer\/#respond"]}]},{"@type":"WebPage","@id":"https:\/\/psol50.org.br\/a-hora-decisiva-vamos-derrotar-a-reforma-da-previdencia-de-temer\/","url":"https:\/\/psol50.org.br\/a-hora-decisiva-vamos-derrotar-a-reforma-da-previdencia-de-temer\/","name":"A hora decisiva: vamos derrotar a Reforma da Previd\u00eancia de Temer - PSOL 50","isPartOf":{"@id":"https:\/\/psol50.org.br\/#website"},"primaryImageOfPage":{"@id":"https:\/\/psol50.org.br\/a-hora-decisiva-vamos-derrotar-a-reforma-da-previdencia-de-temer\/#primaryimage"},"image":{"@id":"https:\/\/psol50.org.br\/a-hora-decisiva-vamos-derrotar-a-reforma-da-previdencia-de-temer\/#primaryimage"},"thumbnailUrl":"https:\/\/psol50.org.br\/inc\/uploads\/2018\/01\/34054839834_ca9cc68974_k.jpg","datePublished":"2018-01-14T14:23:36+00:00","breadcrumb":{"@id":"https:\/\/psol50.org.br\/a-hora-decisiva-vamos-derrotar-a-reforma-da-previdencia-de-temer\/#breadcrumb"},"inLanguage":"pt-BR","potentialAction":[{"@type":"ReadAction","target":["https:\/\/psol50.org.br\/a-hora-decisiva-vamos-derrotar-a-reforma-da-previdencia-de-temer\/"]}]},{"@type":"ImageObject","inLanguage":"pt-BR","@id":"https:\/\/psol50.org.br\/a-hora-decisiva-vamos-derrotar-a-reforma-da-previdencia-de-temer\/#primaryimage","url":"https:\/\/psol50.org.br\/inc\/uploads\/2018\/01\/34054839834_ca9cc68974_k.jpg","contentUrl":"https:\/\/psol50.org.br\/inc\/uploads\/2018\/01\/34054839834_ca9cc68974_k.jpg","width":1798,"height":1200},{"@type":"BreadcrumbList","@id":"https:\/\/psol50.org.br\/a-hora-decisiva-vamos-derrotar-a-reforma-da-previdencia-de-temer\/#breadcrumb","itemListElement":[{"@type":"ListItem","position":1,"name":"In\u00edcio","item":"https:\/\/psol50.org.br\/"},{"@type":"ListItem","position":2,"name":"A hora decisiva: vamos derrotar a Reforma da Previd\u00eancia de Temer"}]},{"@type":"WebSite","@id":"https:\/\/psol50.org.br\/#website","url":"https:\/\/psol50.org.br\/","name":"PSOL 50","description":"Site oficial do Partido Socialismo e Liberdade","publisher":{"@id":"https:\/\/psol50.org.br\/#organization"},"alternateName":"PSOL50","potentialAction":[{"@type":"SearchAction","target":{"@type":"EntryPoint","urlTemplate":"https:\/\/psol50.org.br\/?s={search_term_string}"},"query-input":{"@type":"PropertyValueSpecification","valueRequired":true,"valueName":"search_term_string"}}],"inLanguage":"pt-BR"},{"@type":"Organization","@id":"https:\/\/psol50.org.br\/#organization","name":"PSOL 50","alternateName":"PSOL 50","url":"https:\/\/psol50.org.br\/","logo":{"@type":"ImageObject","inLanguage":"pt-BR","@id":"https:\/\/psol50.org.br\/#\/schema\/logo\/image\/","url":"https:\/\/psol50.org.br\/inc\/uploads\/2018\/07\/capa.png","contentUrl":"https:\/\/psol50.org.br\/inc\/uploads\/2018\/07\/capa.png","width":1350,"height":900,"caption":"PSOL 50"},"image":{"@id":"https:\/\/psol50.org.br\/#\/schema\/logo\/image\/"},"sameAs":["https:\/\/www.facebook.com\/psol50","https:\/\/x.com\/psol50","https:\/\/www.instagram.com\/psol50\/","https:\/\/www.youtube.com\/channel\/UC7SnJS5o1os7a6CaiNabzcg"]},{"@type":"Person","@id":"https:\/\/psol50.org.br\/#\/schema\/person\/475dfa57d0b815993c714c2e96491fcd","name":"Comunica\u00e7\u00e3o PSOL","image":{"@type":"ImageObject","inLanguage":"pt-BR","@id":"https:\/\/psol50.org.br\/#\/schema\/person\/image\/","url":"https:\/\/secure.gravatar.com\/avatar\/b34fc4f4e468a4e51785917065a3db57b841f5c95dba6ad8c73aaf8f66f8f9bf?s=96&d=mm&r=g","contentUrl":"https:\/\/secure.gravatar.com\/avatar\/b34fc4f4e468a4e51785917065a3db57b841f5c95dba6ad8c73aaf8f66f8f9bf?s=96&d=mm&r=g","caption":"Comunica\u00e7\u00e3o PSOL"}}]}},"_links":{"self":[{"href":"https:\/\/psol50.org.br\/rest\/wp\/v2\/posts\/19449","targetHints":{"allow":["GET"]}}],"collection":[{"href":"https:\/\/psol50.org.br\/rest\/wp\/v2\/posts"}],"about":[{"href":"https:\/\/psol50.org.br\/rest\/wp\/v2\/types\/post"}],"author":[{"embeddable":true,"href":"https:\/\/psol50.org.br\/rest\/wp\/v2\/users\/2"}],"replies":[{"embeddable":true,"href":"https:\/\/psol50.org.br\/rest\/wp\/v2\/comments?post=19449"}],"version-history":[{"count":0,"href":"https:\/\/psol50.org.br\/rest\/wp\/v2\/posts\/19449\/revisions"}],"wp:featuredmedia":[{"embeddable":true,"href":"https:\/\/psol50.org.br\/rest\/wp\/v2\/media\/19451"}],"wp:attachment":[{"href":"https:\/\/psol50.org.br\/rest\/wp\/v2\/media?parent=19449"}],"wp:term":[{"taxonomy":"category","embeddable":true,"href":"https:\/\/psol50.org.br\/rest\/wp\/v2\/categories?post=19449"},{"taxonomy":"post_tag","embeddable":true,"href":"https:\/\/psol50.org.br\/rest\/wp\/v2\/tags?post=19449"}],"curies":[{"name":"wp","href":"https:\/\/api.w.org\/{rel}","templated":true}]}}