{"id":19531,"date":"2018-01-17T08:43:54","date_gmt":"2018-01-17T10:43:54","guid":{"rendered":"http:\/\/www.psol50.org.br\/?p=19531"},"modified":"2018-01-17T08:43:54","modified_gmt":"2018-01-17T10:43:54","slug":"nota-do-psol-rememorar-mae-gilda-e-reafirmar-a-liberdade-de-consciencia-e-crenca-no-brasil","status":"publish","type":"post","link":"https:\/\/psol50.org.br\/nota-do-psol-rememorar-mae-gilda-e-reafirmar-a-liberdade-de-consciencia-e-crenca-no-brasil\/","title":{"rendered":"Nota do PSOL: Rememorar M\u00e3e Gilda e reafirmar a liberdade de consci\u00eancia e cren\u00e7a no Brasil"},"content":{"rendered":"<p><strong>Dia 21 de janeiro: Rememorar M\u00e3e Gilda e reafirmar a liberdade de consci\u00eancia e cren\u00e7a no Brasil <\/strong><\/p>\n<p>N\u00f3s, comunistas, sabemos respeitar as religi\u00f5es; somos pela liberdade completa de consci\u00eancia e n\u00e3o desejamos, de forma alguma, que essa liberdade seja utilizada pelos dominadores, pelos fascistas, pelos reacion\u00e1rios, pelos senhores feudais para acorrentar o nosso povo, miseravelmente, como o t\u00eam feito.<\/p>\n<p>No dia 21 de janeiro homenageamos M\u00e3e Gilda, fundadora do Il\u00ea Ax\u00e9 Abass\u00e1 de Ogum, nas imedia\u00e7\u00f5es da Lagoa do Abaet\u00e9, em Itapu\u00e3, Salvador, falecida nesta data, em 2000, ap\u00f3s ter sua sa\u00fade debilitada por ataques contra seu terreiro e pessoa por intolerantes religiosos. A luta de M\u00e3e Gilda \u00e9 continuidade da luta dos negros e negras que resistiam pela liberdade nos quilombos, terreiros, casas de rezadeiras e col\u00f4nias de pesca em todo o territ\u00f3rio nacional.<\/p>\n<p>A intoler\u00e2ncia religiosa nada mais \u00e9, portanto, que racismo religioso contra a religiosidade afro-ind\u00edgena que constitui o patrim\u00f4nio de todo o povo brasileiro. O racismo religioso tem tentado cotidianamente destruir as religi\u00f5es de matriz africana n\u00e3o somente com discursos de \u00f3dio e prega\u00e7\u00f5es em igrejas fundamentalistas e redes de televis\u00e3o, mas na invas\u00e3o, depreda\u00e7\u00e3o e destrui\u00e7\u00e3o dos templos religiosos e tamb\u00e9m da viol\u00eancia e assassinato de religiosos e religiosas.<\/p>\n<p>Segundo dados do Disque 100 do Minist\u00e9rio dos Direitos Humanos, no per\u00edodo de 2015 at\u00e9 junho de 2017 foram recebidas aproximadamente 1.500 (hum mil e quinhentos) registros que incluem viola\u00e7\u00f5es como desrespeito, xingamento, agress\u00e3o e destrui\u00e7\u00e3o de templos, ou seja, temos 1 (uma) den\u00fancia a cada 15 (quinze) horas. Os adeptos das religi\u00f5es de Matriz Africana as maiores v\u00edtimas do \u00f3dio religioso que s\u00f3 cresce, ano a ano, com a a\u00e7\u00e3o de bancadas de parlamentares fundamentalistas, que n\u00e3o respeitam a liberdade de cren\u00e7a e de n\u00e3o cren\u00e7a e a laicidade do estado.<\/p>\n<p>O PSOL manifesta a sua defesa intransigente da democracia, do estado laico e do pluralismo religioso e enxerga no ataque \u00e0s religi\u00f5es de matriz africana e ind\u00edgena a continuidade do racismo que h\u00e1 s\u00e9culos\u00a0oprime negros, negras e povos ind\u00edgenas.<\/p>\n<p><strong>Executiva Nacional do PSOL <\/strong><br \/>\n<strong>13 de janeiro de 2018<\/strong><\/p>\n","protected":false},"excerpt":{"rendered":"<p>Dia 21 de janeiro: Rememorar M\u00e3e Gilda e reafirmar a liberdade de consci\u00eancia e cren\u00e7a no Brasil N\u00f3s, comunistas, sabemos respeitar as religi\u00f5es; somos pela liberdade completa de consci\u00eancia e n\u00e3o desejamos, de forma alguma, que essa liberdade seja utilizada pelos dominadores, pelos fascistas, pelos reacion\u00e1rios, pelos senhores feudais para acorrentar o nosso povo, miseravelmente, [&hellip;]<\/p>\n","protected":false},"author":2,"featured_media":19447,"comment_status":"open","ping_status":"open","sticky":false,"template":"","format":"standard","meta":{"_acf_changed":false,"footnotes":""},"categories":[1882,6,14],"tags":[2171,19,127,2172],"class_list":{"0":"post-19531","1":"post","2":"type-post","3":"status-publish","4":"format-standard","5":"has-post-thumbnail","7":"category-brasil","8":"category-noticias","9":"category-partido","10":"tag-mae-gilda","11":"tag-nota","12":"tag-racismo","13":"tag-religiao-afro"},"acf":[],"yoast_head":"<!-- This site is optimized with the Yoast SEO plugin v26.5 - https:\/\/yoast.com\/wordpress\/plugins\/seo\/ -->\n<title>Nota do PSOL: Rememorar M\u00e3e Gilda e reafirmar a liberdade de consci\u00eancia e cren\u00e7a no Brasil - PSOL 50<\/title>\n<meta name=\"robots\" content=\"index, follow, max-snippet:-1, max-image-preview:large, max-video-preview:-1\" \/>\n<link rel=\"canonical\" href=\"https:\/\/psol50.org.br\/nota-do-psol-rememorar-mae-gilda-e-reafirmar-a-liberdade-de-consciencia-e-crenca-no-brasil\/\" \/>\n<meta property=\"og:locale\" content=\"pt_BR\" \/>\n<meta property=\"og:type\" content=\"article\" \/>\n<meta property=\"og:title\" content=\"Nota do PSOL: Rememorar M\u00e3e Gilda e reafirmar a liberdade de consci\u00eancia e cren\u00e7a no Brasil - PSOL 50\" \/>\n<meta property=\"og:description\" content=\"Dia 21 de janeiro: Rememorar M\u00e3e Gilda e reafirmar a liberdade de consci\u00eancia e cren\u00e7a no Brasil N\u00f3s, comunistas, sabemos respeitar as religi\u00f5es; somos pela liberdade completa de consci\u00eancia e n\u00e3o desejamos, de forma alguma, que essa liberdade seja utilizada pelos dominadores, pelos fascistas, pelos reacion\u00e1rios, pelos senhores feudais para acorrentar o nosso povo, miseravelmente, [&hellip;]\" \/>\n<meta property=\"og:url\" content=\"https:\/\/psol50.org.br\/nota-do-psol-rememorar-mae-gilda-e-reafirmar-a-liberdade-de-consciencia-e-crenca-no-brasil\/\" \/>\n<meta property=\"og:site_name\" content=\"PSOL 50\" \/>\n<meta property=\"article:publisher\" content=\"https:\/\/www.facebook.com\/psol50\" \/>\n<meta property=\"article:published_time\" content=\"2018-01-17T10:43:54+00:00\" \/>\n<meta property=\"og:image\" content=\"https:\/\/psol50.org.br\/inc\/uploads\/2018\/01\/NotaPSOL.preto-01.png\" \/>\n\t<meta property=\"og:image:width\" content=\"1800\" \/>\n\t<meta property=\"og:image:height\" content=\"1200\" \/>\n\t<meta property=\"og:image:type\" content=\"image\/png\" \/>\n<meta name=\"author\" content=\"Comunica\u00e7\u00e3o PSOL\" \/>\n<meta name=\"twitter:card\" content=\"summary_large_image\" \/>\n<meta name=\"twitter:creator\" content=\"@psol50\" \/>\n<meta name=\"twitter:site\" content=\"@psol50\" \/>\n<meta name=\"twitter:label1\" content=\"Escrito por\" \/>\n\t<meta name=\"twitter:data1\" content=\"Comunica\u00e7\u00e3o PSOL\" \/>\n\t<meta name=\"twitter:label2\" content=\"Est. tempo de leitura\" \/>\n\t<meta name=\"twitter:data2\" content=\"2 minutos\" \/>\n<script type=\"application\/ld+json\" class=\"yoast-schema-graph\">{\"@context\":\"https:\/\/schema.org\",\"@graph\":[{\"@type\":\"Article\",\"@id\":\"https:\/\/psol50.org.br\/nota-do-psol-rememorar-mae-gilda-e-reafirmar-a-liberdade-de-consciencia-e-crenca-no-brasil\/#article\",\"isPartOf\":{\"@id\":\"https:\/\/psol50.org.br\/nota-do-psol-rememorar-mae-gilda-e-reafirmar-a-liberdade-de-consciencia-e-crenca-no-brasil\/\"},\"author\":{\"name\":\"Comunica\u00e7\u00e3o PSOL\",\"@id\":\"https:\/\/psol50.org.br\/#\/schema\/person\/475dfa57d0b815993c714c2e96491fcd\"},\"headline\":\"Nota do PSOL: Rememorar M\u00e3e Gilda e reafirmar a liberdade de consci\u00eancia e cren\u00e7a no Brasil\",\"datePublished\":\"2018-01-17T10:43:54+00:00\",\"mainEntityOfPage\":{\"@id\":\"https:\/\/psol50.org.br\/nota-do-psol-rememorar-mae-gilda-e-reafirmar-a-liberdade-de-consciencia-e-crenca-no-brasil\/\"},\"wordCount\":396,\"commentCount\":0,\"publisher\":{\"@id\":\"https:\/\/psol50.org.br\/#organization\"},\"image\":{\"@id\":\"https:\/\/psol50.org.br\/nota-do-psol-rememorar-mae-gilda-e-reafirmar-a-liberdade-de-consciencia-e-crenca-no-brasil\/#primaryimage\"},\"thumbnailUrl\":\"https:\/\/psol50.org.br\/inc\/uploads\/2018\/01\/NotaPSOL.preto-01.png\",\"keywords\":[\"m\u00e3e Gilda\",\"nota\",\"racismo\",\"religi\u00e3o afro\"],\"articleSection\":[\"Brasil\",\"Not\u00edcias\",\"Partido\"],\"inLanguage\":\"pt-BR\",\"potentialAction\":[{\"@type\":\"CommentAction\",\"name\":\"Comment\",\"target\":[\"https:\/\/psol50.org.br\/nota-do-psol-rememorar-mae-gilda-e-reafirmar-a-liberdade-de-consciencia-e-crenca-no-brasil\/#respond\"]}]},{\"@type\":\"WebPage\",\"@id\":\"https:\/\/psol50.org.br\/nota-do-psol-rememorar-mae-gilda-e-reafirmar-a-liberdade-de-consciencia-e-crenca-no-brasil\/\",\"url\":\"https:\/\/psol50.org.br\/nota-do-psol-rememorar-mae-gilda-e-reafirmar-a-liberdade-de-consciencia-e-crenca-no-brasil\/\",\"name\":\"Nota do PSOL: Rememorar M\u00e3e Gilda e reafirmar a liberdade de consci\u00eancia e cren\u00e7a no Brasil - PSOL 50\",\"isPartOf\":{\"@id\":\"https:\/\/psol50.org.br\/#website\"},\"primaryImageOfPage\":{\"@id\":\"https:\/\/psol50.org.br\/nota-do-psol-rememorar-mae-gilda-e-reafirmar-a-liberdade-de-consciencia-e-crenca-no-brasil\/#primaryimage\"},\"image\":{\"@id\":\"https:\/\/psol50.org.br\/nota-do-psol-rememorar-mae-gilda-e-reafirmar-a-liberdade-de-consciencia-e-crenca-no-brasil\/#primaryimage\"},\"thumbnailUrl\":\"https:\/\/psol50.org.br\/inc\/uploads\/2018\/01\/NotaPSOL.preto-01.png\",\"datePublished\":\"2018-01-17T10:43:54+00:00\",\"breadcrumb\":{\"@id\":\"https:\/\/psol50.org.br\/nota-do-psol-rememorar-mae-gilda-e-reafirmar-a-liberdade-de-consciencia-e-crenca-no-brasil\/#breadcrumb\"},\"inLanguage\":\"pt-BR\",\"potentialAction\":[{\"@type\":\"ReadAction\",\"target\":[\"https:\/\/psol50.org.br\/nota-do-psol-rememorar-mae-gilda-e-reafirmar-a-liberdade-de-consciencia-e-crenca-no-brasil\/\"]}]},{\"@type\":\"ImageObject\",\"inLanguage\":\"pt-BR\",\"@id\":\"https:\/\/psol50.org.br\/nota-do-psol-rememorar-mae-gilda-e-reafirmar-a-liberdade-de-consciencia-e-crenca-no-brasil\/#primaryimage\",\"url\":\"https:\/\/psol50.org.br\/inc\/uploads\/2018\/01\/NotaPSOL.preto-01.png\",\"contentUrl\":\"https:\/\/psol50.org.br\/inc\/uploads\/2018\/01\/NotaPSOL.preto-01.png\",\"width\":1800,\"height\":1200},{\"@type\":\"BreadcrumbList\",\"@id\":\"https:\/\/psol50.org.br\/nota-do-psol-rememorar-mae-gilda-e-reafirmar-a-liberdade-de-consciencia-e-crenca-no-brasil\/#breadcrumb\",\"itemListElement\":[{\"@type\":\"ListItem\",\"position\":1,\"name\":\"In\u00edcio\",\"item\":\"https:\/\/psol50.org.br\/\"},{\"@type\":\"ListItem\",\"position\":2,\"name\":\"Nota do PSOL: Rememorar M\u00e3e Gilda e reafirmar a liberdade de consci\u00eancia e cren\u00e7a no Brasil\"}]},{\"@type\":\"WebSite\",\"@id\":\"https:\/\/psol50.org.br\/#website\",\"url\":\"https:\/\/psol50.org.br\/\",\"name\":\"PSOL 50\",\"description\":\"Site oficial do Partido Socialismo e Liberdade\",\"publisher\":{\"@id\":\"https:\/\/psol50.org.br\/#organization\"},\"alternateName\":\"PSOL50\",\"potentialAction\":[{\"@type\":\"SearchAction\",\"target\":{\"@type\":\"EntryPoint\",\"urlTemplate\":\"https:\/\/psol50.org.br\/?s={search_term_string}\"},\"query-input\":{\"@type\":\"PropertyValueSpecification\",\"valueRequired\":true,\"valueName\":\"search_term_string\"}}],\"inLanguage\":\"pt-BR\"},{\"@type\":\"Organization\",\"@id\":\"https:\/\/psol50.org.br\/#organization\",\"name\":\"PSOL 50\",\"alternateName\":\"PSOL 50\",\"url\":\"https:\/\/psol50.org.br\/\",\"logo\":{\"@type\":\"ImageObject\",\"inLanguage\":\"pt-BR\",\"@id\":\"https:\/\/psol50.org.br\/#\/schema\/logo\/image\/\",\"url\":\"https:\/\/psol50.org.br\/inc\/uploads\/2018\/07\/capa.png\",\"contentUrl\":\"https:\/\/psol50.org.br\/inc\/uploads\/2018\/07\/capa.png\",\"width\":1350,\"height\":900,\"caption\":\"PSOL 50\"},\"image\":{\"@id\":\"https:\/\/psol50.org.br\/#\/schema\/logo\/image\/\"},\"sameAs\":[\"https:\/\/www.facebook.com\/psol50\",\"https:\/\/x.com\/psol50\",\"https:\/\/www.instagram.com\/psol50\/\",\"https:\/\/www.youtube.com\/channel\/UC7SnJS5o1os7a6CaiNabzcg\"]},{\"@type\":\"Person\",\"@id\":\"https:\/\/psol50.org.br\/#\/schema\/person\/475dfa57d0b815993c714c2e96491fcd\",\"name\":\"Comunica\u00e7\u00e3o PSOL\",\"image\":{\"@type\":\"ImageObject\",\"inLanguage\":\"pt-BR\",\"@id\":\"https:\/\/psol50.org.br\/#\/schema\/person\/image\/\",\"url\":\"https:\/\/secure.gravatar.com\/avatar\/b34fc4f4e468a4e51785917065a3db57b841f5c95dba6ad8c73aaf8f66f8f9bf?s=96&d=mm&r=g\",\"contentUrl\":\"https:\/\/secure.gravatar.com\/avatar\/b34fc4f4e468a4e51785917065a3db57b841f5c95dba6ad8c73aaf8f66f8f9bf?s=96&d=mm&r=g\",\"caption\":\"Comunica\u00e7\u00e3o PSOL\"}}]}<\/script>\n<!-- \/ Yoast SEO plugin. -->","yoast_head_json":{"title":"Nota do PSOL: Rememorar M\u00e3e Gilda e reafirmar a liberdade de consci\u00eancia e cren\u00e7a no Brasil - PSOL 50","robots":{"index":"index","follow":"follow","max-snippet":"max-snippet:-1","max-image-preview":"max-image-preview:large","max-video-preview":"max-video-preview:-1"},"canonical":"https:\/\/psol50.org.br\/nota-do-psol-rememorar-mae-gilda-e-reafirmar-a-liberdade-de-consciencia-e-crenca-no-brasil\/","og_locale":"pt_BR","og_type":"article","og_title":"Nota do PSOL: Rememorar M\u00e3e Gilda e reafirmar a liberdade de consci\u00eancia e cren\u00e7a no Brasil - PSOL 50","og_description":"Dia 21 de janeiro: Rememorar M\u00e3e Gilda e reafirmar a liberdade de consci\u00eancia e cren\u00e7a no Brasil N\u00f3s, comunistas, sabemos respeitar as religi\u00f5es; somos pela liberdade completa de consci\u00eancia e n\u00e3o desejamos, de forma alguma, que essa liberdade seja utilizada pelos dominadores, pelos fascistas, pelos reacion\u00e1rios, pelos senhores feudais para acorrentar o nosso povo, miseravelmente, [&hellip;]","og_url":"https:\/\/psol50.org.br\/nota-do-psol-rememorar-mae-gilda-e-reafirmar-a-liberdade-de-consciencia-e-crenca-no-brasil\/","og_site_name":"PSOL 50","article_publisher":"https:\/\/www.facebook.com\/psol50","article_published_time":"2018-01-17T10:43:54+00:00","og_image":[{"width":1800,"height":1200,"url":"https:\/\/psol50.org.br\/inc\/uploads\/2018\/01\/NotaPSOL.preto-01.png","type":"image\/png"}],"author":"Comunica\u00e7\u00e3o PSOL","twitter_card":"summary_large_image","twitter_creator":"@psol50","twitter_site":"@psol50","twitter_misc":{"Escrito por":"Comunica\u00e7\u00e3o PSOL","Est. tempo de leitura":"2 minutos"},"schema":{"@context":"https:\/\/schema.org","@graph":[{"@type":"Article","@id":"https:\/\/psol50.org.br\/nota-do-psol-rememorar-mae-gilda-e-reafirmar-a-liberdade-de-consciencia-e-crenca-no-brasil\/#article","isPartOf":{"@id":"https:\/\/psol50.org.br\/nota-do-psol-rememorar-mae-gilda-e-reafirmar-a-liberdade-de-consciencia-e-crenca-no-brasil\/"},"author":{"name":"Comunica\u00e7\u00e3o PSOL","@id":"https:\/\/psol50.org.br\/#\/schema\/person\/475dfa57d0b815993c714c2e96491fcd"},"headline":"Nota do PSOL: Rememorar M\u00e3e Gilda e reafirmar a liberdade de consci\u00eancia e cren\u00e7a no Brasil","datePublished":"2018-01-17T10:43:54+00:00","mainEntityOfPage":{"@id":"https:\/\/psol50.org.br\/nota-do-psol-rememorar-mae-gilda-e-reafirmar-a-liberdade-de-consciencia-e-crenca-no-brasil\/"},"wordCount":396,"commentCount":0,"publisher":{"@id":"https:\/\/psol50.org.br\/#organization"},"image":{"@id":"https:\/\/psol50.org.br\/nota-do-psol-rememorar-mae-gilda-e-reafirmar-a-liberdade-de-consciencia-e-crenca-no-brasil\/#primaryimage"},"thumbnailUrl":"https:\/\/psol50.org.br\/inc\/uploads\/2018\/01\/NotaPSOL.preto-01.png","keywords":["m\u00e3e Gilda","nota","racismo","religi\u00e3o afro"],"articleSection":["Brasil","Not\u00edcias","Partido"],"inLanguage":"pt-BR","potentialAction":[{"@type":"CommentAction","name":"Comment","target":["https:\/\/psol50.org.br\/nota-do-psol-rememorar-mae-gilda-e-reafirmar-a-liberdade-de-consciencia-e-crenca-no-brasil\/#respond"]}]},{"@type":"WebPage","@id":"https:\/\/psol50.org.br\/nota-do-psol-rememorar-mae-gilda-e-reafirmar-a-liberdade-de-consciencia-e-crenca-no-brasil\/","url":"https:\/\/psol50.org.br\/nota-do-psol-rememorar-mae-gilda-e-reafirmar-a-liberdade-de-consciencia-e-crenca-no-brasil\/","name":"Nota do PSOL: Rememorar M\u00e3e Gilda e reafirmar a liberdade de consci\u00eancia e cren\u00e7a no Brasil - PSOL 50","isPartOf":{"@id":"https:\/\/psol50.org.br\/#website"},"primaryImageOfPage":{"@id":"https:\/\/psol50.org.br\/nota-do-psol-rememorar-mae-gilda-e-reafirmar-a-liberdade-de-consciencia-e-crenca-no-brasil\/#primaryimage"},"image":{"@id":"https:\/\/psol50.org.br\/nota-do-psol-rememorar-mae-gilda-e-reafirmar-a-liberdade-de-consciencia-e-crenca-no-brasil\/#primaryimage"},"thumbnailUrl":"https:\/\/psol50.org.br\/inc\/uploads\/2018\/01\/NotaPSOL.preto-01.png","datePublished":"2018-01-17T10:43:54+00:00","breadcrumb":{"@id":"https:\/\/psol50.org.br\/nota-do-psol-rememorar-mae-gilda-e-reafirmar-a-liberdade-de-consciencia-e-crenca-no-brasil\/#breadcrumb"},"inLanguage":"pt-BR","potentialAction":[{"@type":"ReadAction","target":["https:\/\/psol50.org.br\/nota-do-psol-rememorar-mae-gilda-e-reafirmar-a-liberdade-de-consciencia-e-crenca-no-brasil\/"]}]},{"@type":"ImageObject","inLanguage":"pt-BR","@id":"https:\/\/psol50.org.br\/nota-do-psol-rememorar-mae-gilda-e-reafirmar-a-liberdade-de-consciencia-e-crenca-no-brasil\/#primaryimage","url":"https:\/\/psol50.org.br\/inc\/uploads\/2018\/01\/NotaPSOL.preto-01.png","contentUrl":"https:\/\/psol50.org.br\/inc\/uploads\/2018\/01\/NotaPSOL.preto-01.png","width":1800,"height":1200},{"@type":"BreadcrumbList","@id":"https:\/\/psol50.org.br\/nota-do-psol-rememorar-mae-gilda-e-reafirmar-a-liberdade-de-consciencia-e-crenca-no-brasil\/#breadcrumb","itemListElement":[{"@type":"ListItem","position":1,"name":"In\u00edcio","item":"https:\/\/psol50.org.br\/"},{"@type":"ListItem","position":2,"name":"Nota do PSOL: Rememorar M\u00e3e Gilda e reafirmar a liberdade de consci\u00eancia e cren\u00e7a no Brasil"}]},{"@type":"WebSite","@id":"https:\/\/psol50.org.br\/#website","url":"https:\/\/psol50.org.br\/","name":"PSOL 50","description":"Site oficial do Partido Socialismo e Liberdade","publisher":{"@id":"https:\/\/psol50.org.br\/#organization"},"alternateName":"PSOL50","potentialAction":[{"@type":"SearchAction","target":{"@type":"EntryPoint","urlTemplate":"https:\/\/psol50.org.br\/?s={search_term_string}"},"query-input":{"@type":"PropertyValueSpecification","valueRequired":true,"valueName":"search_term_string"}}],"inLanguage":"pt-BR"},{"@type":"Organization","@id":"https:\/\/psol50.org.br\/#organization","name":"PSOL 50","alternateName":"PSOL 50","url":"https:\/\/psol50.org.br\/","logo":{"@type":"ImageObject","inLanguage":"pt-BR","@id":"https:\/\/psol50.org.br\/#\/schema\/logo\/image\/","url":"https:\/\/psol50.org.br\/inc\/uploads\/2018\/07\/capa.png","contentUrl":"https:\/\/psol50.org.br\/inc\/uploads\/2018\/07\/capa.png","width":1350,"height":900,"caption":"PSOL 50"},"image":{"@id":"https:\/\/psol50.org.br\/#\/schema\/logo\/image\/"},"sameAs":["https:\/\/www.facebook.com\/psol50","https:\/\/x.com\/psol50","https:\/\/www.instagram.com\/psol50\/","https:\/\/www.youtube.com\/channel\/UC7SnJS5o1os7a6CaiNabzcg"]},{"@type":"Person","@id":"https:\/\/psol50.org.br\/#\/schema\/person\/475dfa57d0b815993c714c2e96491fcd","name":"Comunica\u00e7\u00e3o PSOL","image":{"@type":"ImageObject","inLanguage":"pt-BR","@id":"https:\/\/psol50.org.br\/#\/schema\/person\/image\/","url":"https:\/\/secure.gravatar.com\/avatar\/b34fc4f4e468a4e51785917065a3db57b841f5c95dba6ad8c73aaf8f66f8f9bf?s=96&d=mm&r=g","contentUrl":"https:\/\/secure.gravatar.com\/avatar\/b34fc4f4e468a4e51785917065a3db57b841f5c95dba6ad8c73aaf8f66f8f9bf?s=96&d=mm&r=g","caption":"Comunica\u00e7\u00e3o PSOL"}}]}},"_links":{"self":[{"href":"https:\/\/psol50.org.br\/rest\/wp\/v2\/posts\/19531","targetHints":{"allow":["GET"]}}],"collection":[{"href":"https:\/\/psol50.org.br\/rest\/wp\/v2\/posts"}],"about":[{"href":"https:\/\/psol50.org.br\/rest\/wp\/v2\/types\/post"}],"author":[{"embeddable":true,"href":"https:\/\/psol50.org.br\/rest\/wp\/v2\/users\/2"}],"replies":[{"embeddable":true,"href":"https:\/\/psol50.org.br\/rest\/wp\/v2\/comments?post=19531"}],"version-history":[{"count":0,"href":"https:\/\/psol50.org.br\/rest\/wp\/v2\/posts\/19531\/revisions"}],"wp:featuredmedia":[{"embeddable":true,"href":"https:\/\/psol50.org.br\/rest\/wp\/v2\/media\/19447"}],"wp:attachment":[{"href":"https:\/\/psol50.org.br\/rest\/wp\/v2\/media?parent=19531"}],"wp:term":[{"taxonomy":"category","embeddable":true,"href":"https:\/\/psol50.org.br\/rest\/wp\/v2\/categories?post=19531"},{"taxonomy":"post_tag","embeddable":true,"href":"https:\/\/psol50.org.br\/rest\/wp\/v2\/tags?post=19531"}],"curies":[{"name":"wp","href":"https:\/\/api.w.org\/{rel}","templated":true}]}}