{"id":19538,"date":"2018-01-19T15:33:27","date_gmt":"2018-01-19T17:33:27","guid":{"rendered":"http:\/\/www.psol50.org.br\/?p=19538"},"modified":"2018-01-19T15:33:27","modified_gmt":"2018-01-19T17:33:27","slug":"feminismo-nao-e-so-empoderamento-pessoal-e-luta-coletiva","status":"publish","type":"post","link":"https:\/\/psol50.org.br\/feminismo-nao-e-so-empoderamento-pessoal-e-luta-coletiva\/","title":{"rendered":"Luciana Genro | Feminismo n\u00e3o \u00e9 s\u00f3 empoderamento pessoal, \u00e9 luta coletiva"},"content":{"rendered":"<p>O dicion\u00e1rio da editora Merriam-Webster&#8217;s elegeu &#8220;feminismo&#8221; como a palavra do ano em 2017, tendo sido a mais pesquisada em seus registros. No mundo todo as mulheres est\u00e3o quebrando o silencio e exigindo igualdade, respeito e dignidade.<\/p>\n<p>No Brasil tivemos um ano marcado pela luta das mulheres, desde os expressivos protestos de 8 de mar\u00e7o at\u00e9 a participa\u00e7\u00e3o ativa da mobiliza\u00e7\u00e3o das mulheres contra a reforma da Previd\u00eancia \u2013 o que contribuiu para enfraquecer o governo, que precisou adiar a vota\u00e7\u00e3o para fevereiro. A inacredit\u00e1vel PEC do Cavalo de Troia, que tenta criminalizar o aborto at\u00e9 mesmo nos casos em que j\u00e1 \u00e9 permitido no Brasil, tamb\u00e9m provocou uma forte rea\u00e7\u00e3o das mulheres, principalmente nas redes sociais.<\/p>\n<p>\u00c9 neste marco que estamos pr\u00f3ximos de comemorar, em Porto Alegre, um ano de atividades da Emancipa Mulher: uma escola de forma\u00e7\u00e3o feminista e resist\u00eancia antirracista. Desde abril do ano passado, realizamos mais de 200 horas de atividades, envolvendo mais de 300 mulheres nas aulas fixas e nos eventos abertos ao p\u00fablico em geral.<\/p>\n<p>O nosso primeiro curso, idealizado e ministrado pela Joanna Burigo e pela Winnie Bueno, foi batizado de &#8220;Laudelina de Campos Mello&#8221;, n\u00e3o por acaso. Nossa inten\u00e7\u00e3o foi homenagear esta mulher negra que foi uma lutadora pelos direitos das mulheres e das empregadas dom\u00e9sticas, fundadora do primeiro sindicato de trabalhadoras dom\u00e9sticas do Brasil. Entendemos que classe, ra\u00e7a e g\u00eanero s\u00e3o vivenciados por mulheres de formas diferentes, e as implica\u00e7\u00f5es das discrimina\u00e7\u00f5es m\u00faltiplas se aprofundam para as mulheres pobres e negras. Por isso talvez voc\u00eas nunca tenhma ouvido falar da Laudelina. No Brasil, 94% das pessoas que fazem trabalho dom\u00e9stico s\u00e3o mulheres e a conquista de direitos trabalhistas para este segmento \u00e9 muito recente.<\/p>\n<p>O feminismo que buscamos fortalecer com a Emancipa Mulher \u00e9 interseccional. Kimberl\u00e9 Williams Crenshaw foi a primeira a utilizar este termo, em 1991, em pesquisa sobre viol\u00eancias vividas por mulheres n\u00e3o brancas nos Estados Unidos. A interseccionalidade estuda n\u00e3o s\u00f3 o fato de ser mulher, mas ao mesmo tempo o fato de ser negra, ou LGBT, trabalhadora, explorada, buscando capturar as consequ\u00eancias da intera\u00e7\u00e3o entre as diferentes formas de subordina\u00e7\u00e3o. O racismo estrutural da sociedade se projeta sobre as mulheres negras de forma brutal, e as consequ\u00eancias est\u00e3o evidenciadas em todas as estat\u00edsticas que demonstram que as mulheres negras vivem dificuldades ainda maiores para acessar educa\u00e7\u00e3o, sa\u00fade, moradia e emprego. S\u00e3o tamb\u00e9m as maiores v\u00edtimas da viol\u00eancia.<\/p>\n<p>Recentemente o dia 9 de janeiro marcou o anivers\u00e1rio de Simone de Beauvoir. Uma pensadora \u00e0 frente de seu tempo, que abriu o caminho para muitas que vieram depois. Sua c\u00e9lebre frase que diz que &#8220;n\u00e3o se nasce mulher, torna-se&#8221; pode ser muito bem adaptada para a pr\u00f3pria forma\u00e7\u00e3o feminista. Afinal nenhuma mulher nasce feminista, mas nos tornamos feministas \u2013 muitas vezes mesmo sem conhecer o termo ou ter proximidade com as leituras e a milit\u00e2ncia \u2013 com o tempo e a viv\u00eancia. O pr\u00f3prio fato de ser mulher num mundo de homens nos empurra a uma condi\u00e7\u00e3o feminista, mesmo que muitas n\u00e3o se percebam assim.<\/p>\n<p>O feminismo \u00e9 tamb\u00e9m uma luta pedag\u00f3gica dentro do processo de emancipa\u00e7\u00e3o das mulheres. Uma disputa que travamos atrav\u00e9s de palavras e a\u00e7\u00f5es pela constru\u00e7\u00e3o de uma sociedade sem discrimina\u00e7\u00e3o, onde o ass\u00e9dio seja combatido, em que n\u00e3o haja desigualdade salarial entre homens e mulheres e na qual a cultura do estupro possa ter fim. No Brasil, \u00e9 imposs\u00edvel falar em todos estes problemas sem colocar a quest\u00e3o racial e de classe no centro do tabuleiro, pois s\u00e3o as mulheres negras e pobres as mais atingidas por eles \u2013 e frequentemente as mais silenciadas.<\/p>\n<p>Neste ano de 2018 vamos seguir este trabalho da Emancipa Mulher, buscando cada vez mais fortalecer este feminismo interseccional, enfrentando o racismo, a LGBTfobia, o machismo e todas as formas de opress\u00e3o. Para n\u00f3s feminismo n\u00e3o \u00e9 apenas uma quest\u00e3o de empoderamento pessoal. \u00c9 uma luta coletiva e concreta: contra a viol\u00eancia dom\u00e9stica e social, contra a divis\u00e3o sexual do trabalho, por sal\u00e1rios e direitos iguais de verdade, por creches, por sa\u00fade, por moradia e por tantos outros direitos que este sistema capitalista e patriarcal sonega \u00e0s mulheres trabalhadoras. \u00c9 nesta trilha que caminhamos, e seguiremos.<\/p>\n","protected":false},"excerpt":{"rendered":"<p>O dicion\u00e1rio da editora Merriam-Webster&#8217;s elegeu &#8220;feminismo&#8221; como a palavra do ano em 2017, tendo sido a mais pesquisada em seus registros. No mundo todo as mulheres est\u00e3o quebrando o silencio e exigindo igualdade, respeito e dignidade. No Brasil tivemos um ano marcado pela luta das mulheres, desde os expressivos protestos de 8 de mar\u00e7o [&hellip;]<\/p>\n","protected":false},"author":2,"featured_media":18217,"comment_status":"open","ping_status":"open","sticky":false,"template":"","format":"standard","meta":{"_acf_changed":false,"footnotes":""},"categories":[3],"tags":[2173,30,230,2174,231],"class_list":{"0":"post-19538","1":"post","2":"type-post","3":"status-publish","4":"format-standard","5":"has-post-thumbnail","7":"category-artigos-e-entrevistas","8":"tag-emancipa","9":"tag-feminismo","10":"tag-genero","11":"tag-luciana-genro","12":"tag-mulher"},"acf":[],"yoast_head":"<!-- This site is optimized with the Yoast SEO plugin v26.5 - https:\/\/yoast.com\/wordpress\/plugins\/seo\/ -->\n<title>Luciana Genro | Feminismo n\u00e3o \u00e9 s\u00f3 empoderamento pessoal, \u00e9 luta coletiva - PSOL 50<\/title>\n<meta name=\"robots\" content=\"index, follow, max-snippet:-1, max-image-preview:large, max-video-preview:-1\" \/>\n<link rel=\"canonical\" href=\"https:\/\/psol50.org.br\/feminismo-nao-e-so-empoderamento-pessoal-e-luta-coletiva\/\" \/>\n<meta property=\"og:locale\" content=\"pt_BR\" \/>\n<meta property=\"og:type\" content=\"article\" \/>\n<meta property=\"og:title\" content=\"Luciana Genro | Feminismo n\u00e3o \u00e9 s\u00f3 empoderamento pessoal, \u00e9 luta coletiva - PSOL 50\" \/>\n<meta property=\"og:description\" content=\"O dicion\u00e1rio da editora Merriam-Webster&#8217;s elegeu &#8220;feminismo&#8221; como a palavra do ano em 2017, tendo sido a mais pesquisada em seus registros. No mundo todo as mulheres est\u00e3o quebrando o silencio e exigindo igualdade, respeito e dignidade. No Brasil tivemos um ano marcado pela luta das mulheres, desde os expressivos protestos de 8 de mar\u00e7o [&hellip;]\" \/>\n<meta property=\"og:url\" content=\"https:\/\/psol50.org.br\/feminismo-nao-e-so-empoderamento-pessoal-e-luta-coletiva\/\" \/>\n<meta property=\"og:site_name\" content=\"PSOL 50\" \/>\n<meta property=\"article:publisher\" content=\"https:\/\/www.facebook.com\/psol50\" \/>\n<meta property=\"article:published_time\" content=\"2018-01-19T17:33:27+00:00\" \/>\n<meta property=\"og:image\" content=\"https:\/\/psol50.org.br\/inc\/uploads\/2018\/07\/capa.png\" \/>\n\t<meta property=\"og:image:width\" content=\"1350\" \/>\n\t<meta property=\"og:image:height\" content=\"900\" \/>\n\t<meta property=\"og:image:type\" content=\"image\/png\" \/>\n<meta name=\"author\" content=\"Comunica\u00e7\u00e3o PSOL\" \/>\n<meta name=\"twitter:card\" content=\"summary_large_image\" \/>\n<meta name=\"twitter:creator\" content=\"@psol50\" \/>\n<meta name=\"twitter:site\" content=\"@psol50\" \/>\n<meta name=\"twitter:label1\" content=\"Escrito por\" \/>\n\t<meta name=\"twitter:data1\" content=\"Comunica\u00e7\u00e3o PSOL\" \/>\n\t<meta name=\"twitter:label2\" content=\"Est. tempo de leitura\" \/>\n\t<meta name=\"twitter:data2\" content=\"4 minutos\" \/>\n<script type=\"application\/ld+json\" class=\"yoast-schema-graph\">{\"@context\":\"https:\/\/schema.org\",\"@graph\":[{\"@type\":\"Article\",\"@id\":\"https:\/\/psol50.org.br\/feminismo-nao-e-so-empoderamento-pessoal-e-luta-coletiva\/#article\",\"isPartOf\":{\"@id\":\"https:\/\/psol50.org.br\/feminismo-nao-e-so-empoderamento-pessoal-e-luta-coletiva\/\"},\"author\":{\"name\":\"Comunica\u00e7\u00e3o PSOL\",\"@id\":\"https:\/\/psol50.org.br\/#\/schema\/person\/475dfa57d0b815993c714c2e96491fcd\"},\"headline\":\"Luciana Genro | Feminismo n\u00e3o \u00e9 s\u00f3 empoderamento pessoal, \u00e9 luta coletiva\",\"datePublished\":\"2018-01-19T17:33:27+00:00\",\"mainEntityOfPage\":{\"@id\":\"https:\/\/psol50.org.br\/feminismo-nao-e-so-empoderamento-pessoal-e-luta-coletiva\/\"},\"wordCount\":758,\"commentCount\":0,\"publisher\":{\"@id\":\"https:\/\/psol50.org.br\/#organization\"},\"image\":{\"@id\":\"https:\/\/psol50.org.br\/feminismo-nao-e-so-empoderamento-pessoal-e-luta-coletiva\/#primaryimage\"},\"thumbnailUrl\":\"\",\"keywords\":[\"emancipa\",\"feminismo\",\"G\u00eanero\",\"Luciana Genro\",\"mulher\"],\"articleSection\":[\"Artigos\"],\"inLanguage\":\"pt-BR\",\"potentialAction\":[{\"@type\":\"CommentAction\",\"name\":\"Comment\",\"target\":[\"https:\/\/psol50.org.br\/feminismo-nao-e-so-empoderamento-pessoal-e-luta-coletiva\/#respond\"]}]},{\"@type\":\"WebPage\",\"@id\":\"https:\/\/psol50.org.br\/feminismo-nao-e-so-empoderamento-pessoal-e-luta-coletiva\/\",\"url\":\"https:\/\/psol50.org.br\/feminismo-nao-e-so-empoderamento-pessoal-e-luta-coletiva\/\",\"name\":\"Luciana Genro | Feminismo n\u00e3o \u00e9 s\u00f3 empoderamento pessoal, \u00e9 luta coletiva - PSOL 50\",\"isPartOf\":{\"@id\":\"https:\/\/psol50.org.br\/#website\"},\"primaryImageOfPage\":{\"@id\":\"https:\/\/psol50.org.br\/feminismo-nao-e-so-empoderamento-pessoal-e-luta-coletiva\/#primaryimage\"},\"image\":{\"@id\":\"https:\/\/psol50.org.br\/feminismo-nao-e-so-empoderamento-pessoal-e-luta-coletiva\/#primaryimage\"},\"thumbnailUrl\":\"\",\"datePublished\":\"2018-01-19T17:33:27+00:00\",\"breadcrumb\":{\"@id\":\"https:\/\/psol50.org.br\/feminismo-nao-e-so-empoderamento-pessoal-e-luta-coletiva\/#breadcrumb\"},\"inLanguage\":\"pt-BR\",\"potentialAction\":[{\"@type\":\"ReadAction\",\"target\":[\"https:\/\/psol50.org.br\/feminismo-nao-e-so-empoderamento-pessoal-e-luta-coletiva\/\"]}]},{\"@type\":\"ImageObject\",\"inLanguage\":\"pt-BR\",\"@id\":\"https:\/\/psol50.org.br\/feminismo-nao-e-so-empoderamento-pessoal-e-luta-coletiva\/#primaryimage\",\"url\":\"\",\"contentUrl\":\"\"},{\"@type\":\"BreadcrumbList\",\"@id\":\"https:\/\/psol50.org.br\/feminismo-nao-e-so-empoderamento-pessoal-e-luta-coletiva\/#breadcrumb\",\"itemListElement\":[{\"@type\":\"ListItem\",\"position\":1,\"name\":\"In\u00edcio\",\"item\":\"https:\/\/psol50.org.br\/\"},{\"@type\":\"ListItem\",\"position\":2,\"name\":\"Luciana Genro | Feminismo n\u00e3o \u00e9 s\u00f3 empoderamento pessoal, \u00e9 luta coletiva\"}]},{\"@type\":\"WebSite\",\"@id\":\"https:\/\/psol50.org.br\/#website\",\"url\":\"https:\/\/psol50.org.br\/\",\"name\":\"PSOL 50\",\"description\":\"Site oficial do Partido Socialismo e Liberdade\",\"publisher\":{\"@id\":\"https:\/\/psol50.org.br\/#organization\"},\"alternateName\":\"PSOL50\",\"potentialAction\":[{\"@type\":\"SearchAction\",\"target\":{\"@type\":\"EntryPoint\",\"urlTemplate\":\"https:\/\/psol50.org.br\/?s={search_term_string}\"},\"query-input\":{\"@type\":\"PropertyValueSpecification\",\"valueRequired\":true,\"valueName\":\"search_term_string\"}}],\"inLanguage\":\"pt-BR\"},{\"@type\":\"Organization\",\"@id\":\"https:\/\/psol50.org.br\/#organization\",\"name\":\"PSOL 50\",\"alternateName\":\"PSOL 50\",\"url\":\"https:\/\/psol50.org.br\/\",\"logo\":{\"@type\":\"ImageObject\",\"inLanguage\":\"pt-BR\",\"@id\":\"https:\/\/psol50.org.br\/#\/schema\/logo\/image\/\",\"url\":\"https:\/\/psol50.org.br\/inc\/uploads\/2018\/07\/capa.png\",\"contentUrl\":\"https:\/\/psol50.org.br\/inc\/uploads\/2018\/07\/capa.png\",\"width\":1350,\"height\":900,\"caption\":\"PSOL 50\"},\"image\":{\"@id\":\"https:\/\/psol50.org.br\/#\/schema\/logo\/image\/\"},\"sameAs\":[\"https:\/\/www.facebook.com\/psol50\",\"https:\/\/x.com\/psol50\",\"https:\/\/www.instagram.com\/psol50\/\",\"https:\/\/www.youtube.com\/channel\/UC7SnJS5o1os7a6CaiNabzcg\"]},{\"@type\":\"Person\",\"@id\":\"https:\/\/psol50.org.br\/#\/schema\/person\/475dfa57d0b815993c714c2e96491fcd\",\"name\":\"Comunica\u00e7\u00e3o PSOL\",\"image\":{\"@type\":\"ImageObject\",\"inLanguage\":\"pt-BR\",\"@id\":\"https:\/\/psol50.org.br\/#\/schema\/person\/image\/\",\"url\":\"https:\/\/secure.gravatar.com\/avatar\/b34fc4f4e468a4e51785917065a3db57b841f5c95dba6ad8c73aaf8f66f8f9bf?s=96&d=mm&r=g\",\"contentUrl\":\"https:\/\/secure.gravatar.com\/avatar\/b34fc4f4e468a4e51785917065a3db57b841f5c95dba6ad8c73aaf8f66f8f9bf?s=96&d=mm&r=g\",\"caption\":\"Comunica\u00e7\u00e3o PSOL\"}}]}<\/script>\n<!-- \/ Yoast SEO plugin. -->","yoast_head_json":{"title":"Luciana Genro | Feminismo n\u00e3o \u00e9 s\u00f3 empoderamento pessoal, \u00e9 luta coletiva - PSOL 50","robots":{"index":"index","follow":"follow","max-snippet":"max-snippet:-1","max-image-preview":"max-image-preview:large","max-video-preview":"max-video-preview:-1"},"canonical":"https:\/\/psol50.org.br\/feminismo-nao-e-so-empoderamento-pessoal-e-luta-coletiva\/","og_locale":"pt_BR","og_type":"article","og_title":"Luciana Genro | Feminismo n\u00e3o \u00e9 s\u00f3 empoderamento pessoal, \u00e9 luta coletiva - PSOL 50","og_description":"O dicion\u00e1rio da editora Merriam-Webster&#8217;s elegeu &#8220;feminismo&#8221; como a palavra do ano em 2017, tendo sido a mais pesquisada em seus registros. No mundo todo as mulheres est\u00e3o quebrando o silencio e exigindo igualdade, respeito e dignidade. No Brasil tivemos um ano marcado pela luta das mulheres, desde os expressivos protestos de 8 de mar\u00e7o [&hellip;]","og_url":"https:\/\/psol50.org.br\/feminismo-nao-e-so-empoderamento-pessoal-e-luta-coletiva\/","og_site_name":"PSOL 50","article_publisher":"https:\/\/www.facebook.com\/psol50","article_published_time":"2018-01-19T17:33:27+00:00","og_image":[{"width":1350,"height":900,"url":"https:\/\/psol50.org.br\/inc\/uploads\/2018\/07\/capa.png","type":"image\/png"}],"author":"Comunica\u00e7\u00e3o PSOL","twitter_card":"summary_large_image","twitter_creator":"@psol50","twitter_site":"@psol50","twitter_misc":{"Escrito por":"Comunica\u00e7\u00e3o PSOL","Est. tempo de leitura":"4 minutos"},"schema":{"@context":"https:\/\/schema.org","@graph":[{"@type":"Article","@id":"https:\/\/psol50.org.br\/feminismo-nao-e-so-empoderamento-pessoal-e-luta-coletiva\/#article","isPartOf":{"@id":"https:\/\/psol50.org.br\/feminismo-nao-e-so-empoderamento-pessoal-e-luta-coletiva\/"},"author":{"name":"Comunica\u00e7\u00e3o PSOL","@id":"https:\/\/psol50.org.br\/#\/schema\/person\/475dfa57d0b815993c714c2e96491fcd"},"headline":"Luciana Genro | Feminismo n\u00e3o \u00e9 s\u00f3 empoderamento pessoal, \u00e9 luta coletiva","datePublished":"2018-01-19T17:33:27+00:00","mainEntityOfPage":{"@id":"https:\/\/psol50.org.br\/feminismo-nao-e-so-empoderamento-pessoal-e-luta-coletiva\/"},"wordCount":758,"commentCount":0,"publisher":{"@id":"https:\/\/psol50.org.br\/#organization"},"image":{"@id":"https:\/\/psol50.org.br\/feminismo-nao-e-so-empoderamento-pessoal-e-luta-coletiva\/#primaryimage"},"thumbnailUrl":"","keywords":["emancipa","feminismo","G\u00eanero","Luciana Genro","mulher"],"articleSection":["Artigos"],"inLanguage":"pt-BR","potentialAction":[{"@type":"CommentAction","name":"Comment","target":["https:\/\/psol50.org.br\/feminismo-nao-e-so-empoderamento-pessoal-e-luta-coletiva\/#respond"]}]},{"@type":"WebPage","@id":"https:\/\/psol50.org.br\/feminismo-nao-e-so-empoderamento-pessoal-e-luta-coletiva\/","url":"https:\/\/psol50.org.br\/feminismo-nao-e-so-empoderamento-pessoal-e-luta-coletiva\/","name":"Luciana Genro | Feminismo n\u00e3o \u00e9 s\u00f3 empoderamento pessoal, \u00e9 luta coletiva - PSOL 50","isPartOf":{"@id":"https:\/\/psol50.org.br\/#website"},"primaryImageOfPage":{"@id":"https:\/\/psol50.org.br\/feminismo-nao-e-so-empoderamento-pessoal-e-luta-coletiva\/#primaryimage"},"image":{"@id":"https:\/\/psol50.org.br\/feminismo-nao-e-so-empoderamento-pessoal-e-luta-coletiva\/#primaryimage"},"thumbnailUrl":"","datePublished":"2018-01-19T17:33:27+00:00","breadcrumb":{"@id":"https:\/\/psol50.org.br\/feminismo-nao-e-so-empoderamento-pessoal-e-luta-coletiva\/#breadcrumb"},"inLanguage":"pt-BR","potentialAction":[{"@type":"ReadAction","target":["https:\/\/psol50.org.br\/feminismo-nao-e-so-empoderamento-pessoal-e-luta-coletiva\/"]}]},{"@type":"ImageObject","inLanguage":"pt-BR","@id":"https:\/\/psol50.org.br\/feminismo-nao-e-so-empoderamento-pessoal-e-luta-coletiva\/#primaryimage","url":"","contentUrl":""},{"@type":"BreadcrumbList","@id":"https:\/\/psol50.org.br\/feminismo-nao-e-so-empoderamento-pessoal-e-luta-coletiva\/#breadcrumb","itemListElement":[{"@type":"ListItem","position":1,"name":"In\u00edcio","item":"https:\/\/psol50.org.br\/"},{"@type":"ListItem","position":2,"name":"Luciana Genro | Feminismo n\u00e3o \u00e9 s\u00f3 empoderamento pessoal, \u00e9 luta coletiva"}]},{"@type":"WebSite","@id":"https:\/\/psol50.org.br\/#website","url":"https:\/\/psol50.org.br\/","name":"PSOL 50","description":"Site oficial do Partido Socialismo e Liberdade","publisher":{"@id":"https:\/\/psol50.org.br\/#organization"},"alternateName":"PSOL50","potentialAction":[{"@type":"SearchAction","target":{"@type":"EntryPoint","urlTemplate":"https:\/\/psol50.org.br\/?s={search_term_string}"},"query-input":{"@type":"PropertyValueSpecification","valueRequired":true,"valueName":"search_term_string"}}],"inLanguage":"pt-BR"},{"@type":"Organization","@id":"https:\/\/psol50.org.br\/#organization","name":"PSOL 50","alternateName":"PSOL 50","url":"https:\/\/psol50.org.br\/","logo":{"@type":"ImageObject","inLanguage":"pt-BR","@id":"https:\/\/psol50.org.br\/#\/schema\/logo\/image\/","url":"https:\/\/psol50.org.br\/inc\/uploads\/2018\/07\/capa.png","contentUrl":"https:\/\/psol50.org.br\/inc\/uploads\/2018\/07\/capa.png","width":1350,"height":900,"caption":"PSOL 50"},"image":{"@id":"https:\/\/psol50.org.br\/#\/schema\/logo\/image\/"},"sameAs":["https:\/\/www.facebook.com\/psol50","https:\/\/x.com\/psol50","https:\/\/www.instagram.com\/psol50\/","https:\/\/www.youtube.com\/channel\/UC7SnJS5o1os7a6CaiNabzcg"]},{"@type":"Person","@id":"https:\/\/psol50.org.br\/#\/schema\/person\/475dfa57d0b815993c714c2e96491fcd","name":"Comunica\u00e7\u00e3o PSOL","image":{"@type":"ImageObject","inLanguage":"pt-BR","@id":"https:\/\/psol50.org.br\/#\/schema\/person\/image\/","url":"https:\/\/secure.gravatar.com\/avatar\/b34fc4f4e468a4e51785917065a3db57b841f5c95dba6ad8c73aaf8f66f8f9bf?s=96&d=mm&r=g","contentUrl":"https:\/\/secure.gravatar.com\/avatar\/b34fc4f4e468a4e51785917065a3db57b841f5c95dba6ad8c73aaf8f66f8f9bf?s=96&d=mm&r=g","caption":"Comunica\u00e7\u00e3o PSOL"}}]}},"_links":{"self":[{"href":"https:\/\/psol50.org.br\/rest\/wp\/v2\/posts\/19538","targetHints":{"allow":["GET"]}}],"collection":[{"href":"https:\/\/psol50.org.br\/rest\/wp\/v2\/posts"}],"about":[{"href":"https:\/\/psol50.org.br\/rest\/wp\/v2\/types\/post"}],"author":[{"embeddable":true,"href":"https:\/\/psol50.org.br\/rest\/wp\/v2\/users\/2"}],"replies":[{"embeddable":true,"href":"https:\/\/psol50.org.br\/rest\/wp\/v2\/comments?post=19538"}],"version-history":[{"count":0,"href":"https:\/\/psol50.org.br\/rest\/wp\/v2\/posts\/19538\/revisions"}],"wp:featuredmedia":[{"embeddable":true,"href":"https:\/\/psol50.org.br\/rest\/"}],"wp:attachment":[{"href":"https:\/\/psol50.org.br\/rest\/wp\/v2\/media?parent=19538"}],"wp:term":[{"taxonomy":"category","embeddable":true,"href":"https:\/\/psol50.org.br\/rest\/wp\/v2\/categories?post=19538"},{"taxonomy":"post_tag","embeddable":true,"href":"https:\/\/psol50.org.br\/rest\/wp\/v2\/tags?post=19538"}],"curies":[{"name":"wp","href":"https:\/\/api.w.org\/{rel}","templated":true}]}}