{"id":19540,"date":"2018-01-20T10:54:08","date_gmt":"2018-01-20T12:54:08","guid":{"rendered":"http:\/\/www.psol50.org.br\/?p=19540"},"modified":"2018-01-20T10:54:08","modified_gmt":"2018-01-20T12:54:08","slug":"8-vezes-em-que-o-psol-entrou-na-justica-contra-temer-3","status":"publish","type":"post","link":"https:\/\/psol50.org.br\/8-vezes-em-que-o-psol-entrou-na-justica-contra-temer-3\/","title":{"rendered":"8 vezes em que o PSOL entrou na Justi\u00e7a contra Temer"},"content":{"rendered":"<p>Desde que Michel Temer assumiu a Presid\u00eancia do Brasil, o PSOL tem denunciado diariamente as atrocidades de seu governo, sendo linha de frente na oposi\u00e7\u00e3o contra todas as suas pol\u00edticas de desmonte de direitos.<\/p>\n<p>Em homenagem ao \u00faltimo ano do presidente ileg\u00edtimo, \u00e0s v\u00e9speras das elei\u00e7\u00f5es presidenciais, listamos abaixo as principais a\u00e7\u00f5es temerosas que mereceram a\u00e7\u00f5es no Supremo Tribunal Federal (STF). Todas elas, claro, protocoladas por nossa combativa bancada na C\u00e2mara.<\/p>\n<p><span style=\"font-size: 20px;\"><strong>1. Para reverter o projeto de terceiriza\u00e7\u00e3o\u00a0<\/strong><\/span><\/p>\n<p style=\"text-align: center;\"><iframe loading=\"lazy\" class=\"giphy-embed\" src=\"https:\/\/giphy.com\/embed\/VP5UwVic0l7W0\" width=\"480\" height=\"340\" frameborder=\"0\" allowfullscreen=\"allowfullscreen\"><\/iframe><\/p>\n<p>Rodrigo Maia conseguiu manobrar, de forma autorit\u00e1ria, a aprova\u00e7\u00e3o da\u00a0terceiriza\u00e7\u00e3o ampla e irrestrita do trabalho &#8211; isso depois de o projeto ter ficado 15 anos paralisado na C\u00e2mara. O <a href=\"http:\/\/www.psol50.org.br\/psol-entra-com-acao-no-stf-para-reverter-terceirizacao-aprovada-por-temer-e-maia\/\" target=\"_blank\" rel=\"noopener\"><span style=\"color: #0000ff;\"><strong>PSOL protocolou um mandado de seguran\u00e7a<\/strong><\/span><\/a> com pedido de urg\u00eancia para inviabilizar a san\u00e7\u00e3o presidencial, j\u00e1 que o processo legislativo tramitou de maneira bastante controversa.<\/p>\n<p><span style=\"font-size: 20px;\"><strong>2. Para que Temer fosse investigado por cita\u00e7\u00e3o na dela\u00e7\u00e3o da Odebrecht<\/strong><\/span><\/p>\n<p style=\"text-align: center;\"><iframe loading=\"lazy\" class=\"giphy-embed\" src=\"https:\/\/giphy.com\/embed\/3o7bu0vggGPCQ2mZtm\" width=\"480\" height=\"270\" frameborder=\"0\" allowfullscreen=\"allowfullscreen\"><\/iframe><\/p>\n<p>Em abril, o ministro Edson Fachin soltou uma lista de pol\u00edticos citados em uma dela\u00e7\u00e3o da Odebrecht. Quem estava? Michel Temer. E l\u00e1 fomos n\u00f3s <a href=\"http:\/\/www.psol50.org.br\/psol-entra-com-recurso-no-stf-para-que-temer-seja-investigado-por-citacao-na-delacao-da-odebrecht\/\" target=\"_blank\" rel=\"noopener\"><span style=\"color: #0000ff;\"><strong>exigir que ele fosse investigado<\/strong><\/span><\/a>.<\/p>\n<p><span style=\"font-size: 20px;\"><strong>3.\u00a0Pela suspens\u00e3o imediata da emenda constitucional do Teto de Gastos<\/strong>\u00a0<\/span><\/p>\n<p style=\"text-align: center;\">\u00a0 <iframe loading=\"lazy\" style=\"-webkit-backface-visibility: hidden; -webkit-transform: scale(1);\" src=\"\/\/gifs.com\/embed\/ocupaunb-7LYA3r\" width=\"640px\" height=\"360px\" frameborder=\"0\" scrolling=\"no\"><\/iframe><\/p>\n<p>A limita\u00e7\u00e3o de investimentos p\u00fablicos por 20 anos foi uma das principais medidas de ajuste fiscal (e de aniquilamento de direitos) tomada pelo governo golpista. Mesmo com ampla rejei\u00e7\u00e3o da opini\u00e3o p\u00fablica e in\u00fameras manifesta\u00e7\u00f5es pelo pa\u00eds, o projeto foi aprovado. Entramos, assim, com uma <a href=\"http:\/\/www.psol50.org.br\/psol-protocola-no-stf-adi-contra-emenda-do-teto-de-gastos-aprovada-em-dezembro-passado\/\" target=\"_blank\" rel=\"noopener\"><strong><span style=\"color: #0000ff;\">A\u00e7\u00e3o Direta de Inconstitucionalidade (ADI) para suspender os efeitos<\/span><\/strong><\/a> daquela que ficou conhecida como PEC do Fim do Mundo.<\/p>\n<p><span style=\"font-size: 20px;\"><strong>4. Pela suspens\u00e3o da reforma do ensino m\u00e9dio\u00a0<\/strong><\/span><\/p>\n<p style=\"text-align: center;\"><iframe loading=\"lazy\" style=\"-webkit-backface-visibility: hidden; -webkit-transform: scale(1);\" src=\"\/\/gifs.com\/embed\/estudantes-protestam-contra-reforma-do-ensino-mdio-ZVvYQJ\" width=\"640px\" height=\"360px\" frameborder=\"0\" scrolling=\"no\"><\/iframe><\/p>\n<p>A reforma do Ensino M\u00e9dio de Temer tinha um objetivo principal: acabar com o pensamento cr\u00edtico nas escolas. Estudantes de todo o pa\u00eds reagiram ocupando suas institui\u00e7\u00f5es de ensino e mostrando que n\u00e3o iriam aceitar o projeto. Mais uma vez contrariando o clamor popular, a medida foi aprovada. E n\u00f3s fomos os primeiros a <a href=\"http:\/\/www.psol50.org.br\/psol-pede-no-stf-suspensao-dos-efeitos-da-mp-que-altera-o-ensino-medio\/\" target=\"_blank\" rel=\"noopener\"><span style=\"color: #0000ff;\"><strong>questionar a reforma no STF<\/strong><\/span><\/a>.<\/p>\n<p><span style=\"font-size: 20px;\"><strong>5. Contra decreto de Temer sobre reserva na Amaz\u00f4nia\u00a0<\/strong><\/span><\/p>\n<p style=\"text-align: center;\">\u00a0 <iframe loading=\"lazy\" style=\"-webkit-backface-visibility: hidden; -webkit-transform: scale(1);\" src=\"\/\/gifs.com\/embed\/renca-jq5ZwP\" width=\"640px\" height=\"360px\" frameborder=\"0\" scrolling=\"no\"><\/iframe><\/p>\n<p>Em agosto do ano passado, Temer publicou um decreto\u00a0extinguindo\u00a0cerca de 4,7 milh\u00f5es de hectares \u2013 equivalente ao territ\u00f3rio da Dinamarca \u2013 de \u00e1rea de preserva\u00e7\u00e3o\u00a0na Amaz\u00f4nia,\u00a0leiloando os territ\u00f3rios para companhias interessadas em explorar a regi\u00e3o. Al\u00e9m de absurdo, entendemos que foi uma atitude autorit\u00e1ria do Executivo sobre algo que deveria ser decidido pelo Legislativo. Resultado: <a href=\"http:\/\/www.psol50.org.br\/psol-entra-com-mandado-de-seguranca-contra-decreto-de-temer-sobre-reserva-na-amazonia\/\" target=\"_blank\" rel=\"noopener\"><strong><span style=\"color: #0000ff;\">outro mandado de seguran\u00e7a no STF<\/span><\/strong><\/a>.<\/p>\n<p style=\"text-align: left;\"><span style=\"font-size: 20px;\"><strong>6. Para reverter a vota\u00e7\u00e3o da urg\u00eancia da reforma trabalhista\u00a0<\/strong><\/span><\/p>\n<p style=\"text-align: center;\"><iframe loading=\"lazy\" style=\"-webkit-backface-visibility: hidden; -webkit-transform: scale(1);\" src=\"\/\/gifs.com\/embed\/maiaditador-VPoAjX\" width=\"640px\" height=\"360px\" frameborder=\"0\" scrolling=\"no\"><\/iframe><\/p>\n<p>Aprendiz de Eduardo Cunha e capacho de Michel Temer, o presidente da C\u00e2mara Rodrigo Maia colocou em vota\u00e7\u00e3o a urg\u00eancia da reforma trabalhista mesmo tendo sido derrotado um dia antes na mesma Casa. E assim ele conseguiu que um projeto t\u00e3o importante como esse tramitasse \u00e0s pressas e atropelos no Congresso. N\u00f3s n\u00e3o aceitamos de boca fechada e <a href=\"http:\/\/www.psol50.org.br\/psol-protocola-acao-no-stf-para-reverter-votacao-da-urgencia-da-reforma-trabalhista\/\" target=\"_blank\" rel=\"noopener\"><span style=\"color: #0000ff;\"><strong>recorremos ao STF para tentar reverter essa manobra<\/strong><\/span><\/a>.<\/p>\n<p><span style=\"font-size: 20px;\"><strong>7. Contra nomea\u00e7\u00e3o de Moreira Franco como ministro\u00a0<\/strong><\/span><\/p>\n<p style=\"text-align: center;\">\u00a0 <iframe loading=\"lazy\" style=\"-webkit-backface-visibility: hidden; -webkit-transform: scale(1);\" src=\"\/\/gifs.com\/embed\/moreirafranco-G5zvO8\" width=\"640px\" height=\"360px\" frameborder=\"0\" scrolling=\"no\"><\/iframe><\/p>\n<p>N\u00e3o \u00e9 novidade que os ministros de Temer s\u00e3o controversos. Em fevereiro, o peemedebista Moreira Franco foi indicado para a Secretaria-Geral da Presid\u00eancia da Rep\u00fablica. O problema \u00e9 que ele havia sido citado na dela\u00e7\u00e3o da Odebrecht, e passaria a ter foro privilegiado com o cargo. Protocolamos, assim, uma <a href=\"http:\/\/www.psol50.org.br\/psol-protocola-na-justica-federal-acao-popular-contra-nomeacao-de-moreira-franco-como-ministro-de-temer\/\" target=\"_blank\" rel=\"noopener\"><span style=\"color: #0000ff;\"><strong>a\u00e7\u00e3o popular na Justi\u00e7a Federal<\/strong><\/span><\/a> para que sua nomea\u00e7\u00e3o fosse anulada.<\/p>\n<p><span style=\"font-size: 20px;\"><strong>8. Contra o adiamento do reajuste e o aumento da contribui\u00e7\u00e3o de servidores\u00a0<\/strong><\/span><\/p>\n<p style=\"text-align: center;\">\u00a0 <iframe loading=\"lazy\" class=\"giphy-embed\" src=\"https:\/\/giphy.com\/embed\/3o6ZtlVODID8R9n2Ks\" width=\"480\" height=\"270\" frameborder=\"0\" allowfullscreen=\"allowfullscreen\"><\/iframe><\/p>\n<p>N\u00e3o basta querer aprovar a reforma da Previd\u00eancia e acabar com a CLT: Temer prop\u00f4s adiar os reajustes de 2018 de diversas categorias do funcionalismo p\u00fablico federal e aumentar a contribui\u00e7\u00e3o dos servidores de 11 para 14%. Isso, claro, \u00e9 inconstitucional. Pedimos a <a href=\"http:\/\/www.psol50.org.br\/apos-acao-do-psol-stf-suspende-mp-que-adia-reajuste-e-aumenta-contribuicao-de-servidores\/\" target=\"_blank\" rel=\"noopener\"><strong><span style=\"color: #0000ff;\">revoga\u00e7\u00e3o da medida, e ela foi acatada<\/span><\/strong><\/a>.<\/p>\n","protected":false},"excerpt":{"rendered":"<p>Desde que Michel Temer assumiu a Presid\u00eancia do Brasil, o PSOL tem denunciado diariamente as atrocidades de seu governo, sendo linha de frente na oposi\u00e7\u00e3o contra todas as suas pol\u00edticas de desmonte de direitos. Em homenagem ao \u00faltimo ano do presidente ileg\u00edtimo, \u00e0s v\u00e9speras das elei\u00e7\u00f5es presidenciais, listamos abaixo as principais a\u00e7\u00f5es temerosas que mereceram [&hellip;]<\/p>\n","protected":false},"author":2,"featured_media":19562,"comment_status":"open","ping_status":"open","sticky":false,"template":"","format":"standard","meta":{"_acf_changed":false,"footnotes":""},"categories":[10,1882,6],"tags":[2175,54,22,45,2176],"class_list":{"0":"post-19540","1":"post","2":"type-post","3":"status-publish","4":"format-standard","5":"has-post-thumbnail","7":"category-acao-parlamentares","8":"category-brasil","9":"category-noticias","10":"tag-atuacao","11":"tag-justica","12":"tag-psol","13":"tag-stf","14":"tag-temer"},"acf":[],"yoast_head":"<!-- This site is optimized with the Yoast SEO plugin v26.5 - https:\/\/yoast.com\/wordpress\/plugins\/seo\/ -->\n<title>8 vezes em que o PSOL entrou na Justi\u00e7a contra Temer - PSOL 50<\/title>\n<meta name=\"robots\" content=\"index, follow, max-snippet:-1, max-image-preview:large, max-video-preview:-1\" \/>\n<link rel=\"canonical\" href=\"https:\/\/psol50.org.br\/8-vezes-em-que-o-psol-entrou-na-justica-contra-temer-3\/\" \/>\n<meta property=\"og:locale\" content=\"pt_BR\" \/>\n<meta property=\"og:type\" content=\"article\" \/>\n<meta property=\"og:title\" content=\"8 vezes em que o PSOL entrou na Justi\u00e7a contra Temer - PSOL 50\" \/>\n<meta property=\"og:description\" content=\"Desde que Michel Temer assumiu a Presid\u00eancia do Brasil, o PSOL tem denunciado diariamente as atrocidades de seu governo, sendo linha de frente na oposi\u00e7\u00e3o contra todas as suas pol\u00edticas de desmonte de direitos. Em homenagem ao \u00faltimo ano do presidente ileg\u00edtimo, \u00e0s v\u00e9speras das elei\u00e7\u00f5es presidenciais, listamos abaixo as principais a\u00e7\u00f5es temerosas que mereceram [&hellip;]\" \/>\n<meta property=\"og:url\" content=\"https:\/\/psol50.org.br\/8-vezes-em-que-o-psol-entrou-na-justica-contra-temer-3\/\" \/>\n<meta property=\"og:site_name\" content=\"PSOL 50\" \/>\n<meta property=\"article:publisher\" content=\"https:\/\/www.facebook.com\/psol50\" \/>\n<meta property=\"article:published_time\" content=\"2018-01-20T12:54:08+00:00\" \/>\n<meta property=\"og:image\" content=\"https:\/\/psol50.org.br\/inc\/uploads\/2018\/01\/lista.lutacontratemer.3-01.png\" \/>\n\t<meta property=\"og:image:width\" content=\"1350\" \/>\n\t<meta property=\"og:image:height\" content=\"900\" \/>\n\t<meta property=\"og:image:type\" content=\"image\/png\" \/>\n<meta name=\"author\" content=\"Comunica\u00e7\u00e3o PSOL\" \/>\n<meta name=\"twitter:card\" content=\"summary_large_image\" \/>\n<meta name=\"twitter:creator\" content=\"@psol50\" \/>\n<meta name=\"twitter:site\" content=\"@psol50\" \/>\n<meta name=\"twitter:label1\" content=\"Escrito por\" \/>\n\t<meta name=\"twitter:data1\" content=\"Comunica\u00e7\u00e3o PSOL\" \/>\n\t<meta name=\"twitter:label2\" content=\"Est. tempo de leitura\" \/>\n\t<meta name=\"twitter:data2\" content=\"3 minutos\" \/>\n<script type=\"application\/ld+json\" class=\"yoast-schema-graph\">{\"@context\":\"https:\/\/schema.org\",\"@graph\":[{\"@type\":\"Article\",\"@id\":\"https:\/\/psol50.org.br\/8-vezes-em-que-o-psol-entrou-na-justica-contra-temer-3\/#article\",\"isPartOf\":{\"@id\":\"https:\/\/psol50.org.br\/8-vezes-em-que-o-psol-entrou-na-justica-contra-temer-3\/\"},\"author\":{\"name\":\"Comunica\u00e7\u00e3o PSOL\",\"@id\":\"https:\/\/psol50.org.br\/#\/schema\/person\/475dfa57d0b815993c714c2e96491fcd\"},\"headline\":\"8 vezes em que o PSOL entrou na Justi\u00e7a contra Temer\",\"datePublished\":\"2018-01-20T12:54:08+00:00\",\"mainEntityOfPage\":{\"@id\":\"https:\/\/psol50.org.br\/8-vezes-em-que-o-psol-entrou-na-justica-contra-temer-3\/\"},\"wordCount\":664,\"commentCount\":0,\"publisher\":{\"@id\":\"https:\/\/psol50.org.br\/#organization\"},\"image\":{\"@id\":\"https:\/\/psol50.org.br\/8-vezes-em-que-o-psol-entrou-na-justica-contra-temer-3\/#primaryimage\"},\"thumbnailUrl\":\"https:\/\/psol50.org.br\/inc\/uploads\/2018\/01\/lista.lutacontratemer.3-01.png\",\"keywords\":[\"atua\u00e7\u00e3o\",\"justi\u00e7a\",\"PSOL\",\"STF\",\"Temer\"],\"articleSection\":[\"A\u00e7\u00e3o Parlamentar\",\"Brasil\",\"Not\u00edcias\"],\"inLanguage\":\"pt-BR\",\"potentialAction\":[{\"@type\":\"CommentAction\",\"name\":\"Comment\",\"target\":[\"https:\/\/psol50.org.br\/8-vezes-em-que-o-psol-entrou-na-justica-contra-temer-3\/#respond\"]}]},{\"@type\":\"WebPage\",\"@id\":\"https:\/\/psol50.org.br\/8-vezes-em-que-o-psol-entrou-na-justica-contra-temer-3\/\",\"url\":\"https:\/\/psol50.org.br\/8-vezes-em-que-o-psol-entrou-na-justica-contra-temer-3\/\",\"name\":\"8 vezes em que o PSOL entrou na Justi\u00e7a contra Temer - PSOL 50\",\"isPartOf\":{\"@id\":\"https:\/\/psol50.org.br\/#website\"},\"primaryImageOfPage\":{\"@id\":\"https:\/\/psol50.org.br\/8-vezes-em-que-o-psol-entrou-na-justica-contra-temer-3\/#primaryimage\"},\"image\":{\"@id\":\"https:\/\/psol50.org.br\/8-vezes-em-que-o-psol-entrou-na-justica-contra-temer-3\/#primaryimage\"},\"thumbnailUrl\":\"https:\/\/psol50.org.br\/inc\/uploads\/2018\/01\/lista.lutacontratemer.3-01.png\",\"datePublished\":\"2018-01-20T12:54:08+00:00\",\"breadcrumb\":{\"@id\":\"https:\/\/psol50.org.br\/8-vezes-em-que-o-psol-entrou-na-justica-contra-temer-3\/#breadcrumb\"},\"inLanguage\":\"pt-BR\",\"potentialAction\":[{\"@type\":\"ReadAction\",\"target\":[\"https:\/\/psol50.org.br\/8-vezes-em-que-o-psol-entrou-na-justica-contra-temer-3\/\"]}]},{\"@type\":\"ImageObject\",\"inLanguage\":\"pt-BR\",\"@id\":\"https:\/\/psol50.org.br\/8-vezes-em-que-o-psol-entrou-na-justica-contra-temer-3\/#primaryimage\",\"url\":\"https:\/\/psol50.org.br\/inc\/uploads\/2018\/01\/lista.lutacontratemer.3-01.png\",\"contentUrl\":\"https:\/\/psol50.org.br\/inc\/uploads\/2018\/01\/lista.lutacontratemer.3-01.png\",\"width\":1350,\"height\":900},{\"@type\":\"BreadcrumbList\",\"@id\":\"https:\/\/psol50.org.br\/8-vezes-em-que-o-psol-entrou-na-justica-contra-temer-3\/#breadcrumb\",\"itemListElement\":[{\"@type\":\"ListItem\",\"position\":1,\"name\":\"In\u00edcio\",\"item\":\"https:\/\/psol50.org.br\/\"},{\"@type\":\"ListItem\",\"position\":2,\"name\":\"8 vezes em que o PSOL entrou na Justi\u00e7a contra Temer\"}]},{\"@type\":\"WebSite\",\"@id\":\"https:\/\/psol50.org.br\/#website\",\"url\":\"https:\/\/psol50.org.br\/\",\"name\":\"PSOL 50\",\"description\":\"Site oficial do Partido Socialismo e Liberdade\",\"publisher\":{\"@id\":\"https:\/\/psol50.org.br\/#organization\"},\"alternateName\":\"PSOL50\",\"potentialAction\":[{\"@type\":\"SearchAction\",\"target\":{\"@type\":\"EntryPoint\",\"urlTemplate\":\"https:\/\/psol50.org.br\/?s={search_term_string}\"},\"query-input\":{\"@type\":\"PropertyValueSpecification\",\"valueRequired\":true,\"valueName\":\"search_term_string\"}}],\"inLanguage\":\"pt-BR\"},{\"@type\":\"Organization\",\"@id\":\"https:\/\/psol50.org.br\/#organization\",\"name\":\"PSOL 50\",\"alternateName\":\"PSOL 50\",\"url\":\"https:\/\/psol50.org.br\/\",\"logo\":{\"@type\":\"ImageObject\",\"inLanguage\":\"pt-BR\",\"@id\":\"https:\/\/psol50.org.br\/#\/schema\/logo\/image\/\",\"url\":\"https:\/\/psol50.org.br\/inc\/uploads\/2018\/07\/capa.png\",\"contentUrl\":\"https:\/\/psol50.org.br\/inc\/uploads\/2018\/07\/capa.png\",\"width\":1350,\"height\":900,\"caption\":\"PSOL 50\"},\"image\":{\"@id\":\"https:\/\/psol50.org.br\/#\/schema\/logo\/image\/\"},\"sameAs\":[\"https:\/\/www.facebook.com\/psol50\",\"https:\/\/x.com\/psol50\",\"https:\/\/www.instagram.com\/psol50\/\",\"https:\/\/www.youtube.com\/channel\/UC7SnJS5o1os7a6CaiNabzcg\"]},{\"@type\":\"Person\",\"@id\":\"https:\/\/psol50.org.br\/#\/schema\/person\/475dfa57d0b815993c714c2e96491fcd\",\"name\":\"Comunica\u00e7\u00e3o PSOL\",\"image\":{\"@type\":\"ImageObject\",\"inLanguage\":\"pt-BR\",\"@id\":\"https:\/\/psol50.org.br\/#\/schema\/person\/image\/\",\"url\":\"https:\/\/secure.gravatar.com\/avatar\/b34fc4f4e468a4e51785917065a3db57b841f5c95dba6ad8c73aaf8f66f8f9bf?s=96&d=mm&r=g\",\"contentUrl\":\"https:\/\/secure.gravatar.com\/avatar\/b34fc4f4e468a4e51785917065a3db57b841f5c95dba6ad8c73aaf8f66f8f9bf?s=96&d=mm&r=g\",\"caption\":\"Comunica\u00e7\u00e3o PSOL\"}}]}<\/script>\n<!-- \/ Yoast SEO plugin. -->","yoast_head_json":{"title":"8 vezes em que o PSOL entrou na Justi\u00e7a contra Temer - PSOL 50","robots":{"index":"index","follow":"follow","max-snippet":"max-snippet:-1","max-image-preview":"max-image-preview:large","max-video-preview":"max-video-preview:-1"},"canonical":"https:\/\/psol50.org.br\/8-vezes-em-que-o-psol-entrou-na-justica-contra-temer-3\/","og_locale":"pt_BR","og_type":"article","og_title":"8 vezes em que o PSOL entrou na Justi\u00e7a contra Temer - PSOL 50","og_description":"Desde que Michel Temer assumiu a Presid\u00eancia do Brasil, o PSOL tem denunciado diariamente as atrocidades de seu governo, sendo linha de frente na oposi\u00e7\u00e3o contra todas as suas pol\u00edticas de desmonte de direitos. Em homenagem ao \u00faltimo ano do presidente ileg\u00edtimo, \u00e0s v\u00e9speras das elei\u00e7\u00f5es presidenciais, listamos abaixo as principais a\u00e7\u00f5es temerosas que mereceram [&hellip;]","og_url":"https:\/\/psol50.org.br\/8-vezes-em-que-o-psol-entrou-na-justica-contra-temer-3\/","og_site_name":"PSOL 50","article_publisher":"https:\/\/www.facebook.com\/psol50","article_published_time":"2018-01-20T12:54:08+00:00","og_image":[{"width":1350,"height":900,"url":"https:\/\/psol50.org.br\/inc\/uploads\/2018\/01\/lista.lutacontratemer.3-01.png","type":"image\/png"}],"author":"Comunica\u00e7\u00e3o PSOL","twitter_card":"summary_large_image","twitter_creator":"@psol50","twitter_site":"@psol50","twitter_misc":{"Escrito por":"Comunica\u00e7\u00e3o PSOL","Est. tempo de leitura":"3 minutos"},"schema":{"@context":"https:\/\/schema.org","@graph":[{"@type":"Article","@id":"https:\/\/psol50.org.br\/8-vezes-em-que-o-psol-entrou-na-justica-contra-temer-3\/#article","isPartOf":{"@id":"https:\/\/psol50.org.br\/8-vezes-em-que-o-psol-entrou-na-justica-contra-temer-3\/"},"author":{"name":"Comunica\u00e7\u00e3o PSOL","@id":"https:\/\/psol50.org.br\/#\/schema\/person\/475dfa57d0b815993c714c2e96491fcd"},"headline":"8 vezes em que o PSOL entrou na Justi\u00e7a contra Temer","datePublished":"2018-01-20T12:54:08+00:00","mainEntityOfPage":{"@id":"https:\/\/psol50.org.br\/8-vezes-em-que-o-psol-entrou-na-justica-contra-temer-3\/"},"wordCount":664,"commentCount":0,"publisher":{"@id":"https:\/\/psol50.org.br\/#organization"},"image":{"@id":"https:\/\/psol50.org.br\/8-vezes-em-que-o-psol-entrou-na-justica-contra-temer-3\/#primaryimage"},"thumbnailUrl":"https:\/\/psol50.org.br\/inc\/uploads\/2018\/01\/lista.lutacontratemer.3-01.png","keywords":["atua\u00e7\u00e3o","justi\u00e7a","PSOL","STF","Temer"],"articleSection":["A\u00e7\u00e3o Parlamentar","Brasil","Not\u00edcias"],"inLanguage":"pt-BR","potentialAction":[{"@type":"CommentAction","name":"Comment","target":["https:\/\/psol50.org.br\/8-vezes-em-que-o-psol-entrou-na-justica-contra-temer-3\/#respond"]}]},{"@type":"WebPage","@id":"https:\/\/psol50.org.br\/8-vezes-em-que-o-psol-entrou-na-justica-contra-temer-3\/","url":"https:\/\/psol50.org.br\/8-vezes-em-que-o-psol-entrou-na-justica-contra-temer-3\/","name":"8 vezes em que o PSOL entrou na Justi\u00e7a contra Temer - PSOL 50","isPartOf":{"@id":"https:\/\/psol50.org.br\/#website"},"primaryImageOfPage":{"@id":"https:\/\/psol50.org.br\/8-vezes-em-que-o-psol-entrou-na-justica-contra-temer-3\/#primaryimage"},"image":{"@id":"https:\/\/psol50.org.br\/8-vezes-em-que-o-psol-entrou-na-justica-contra-temer-3\/#primaryimage"},"thumbnailUrl":"https:\/\/psol50.org.br\/inc\/uploads\/2018\/01\/lista.lutacontratemer.3-01.png","datePublished":"2018-01-20T12:54:08+00:00","breadcrumb":{"@id":"https:\/\/psol50.org.br\/8-vezes-em-que-o-psol-entrou-na-justica-contra-temer-3\/#breadcrumb"},"inLanguage":"pt-BR","potentialAction":[{"@type":"ReadAction","target":["https:\/\/psol50.org.br\/8-vezes-em-que-o-psol-entrou-na-justica-contra-temer-3\/"]}]},{"@type":"ImageObject","inLanguage":"pt-BR","@id":"https:\/\/psol50.org.br\/8-vezes-em-que-o-psol-entrou-na-justica-contra-temer-3\/#primaryimage","url":"https:\/\/psol50.org.br\/inc\/uploads\/2018\/01\/lista.lutacontratemer.3-01.png","contentUrl":"https:\/\/psol50.org.br\/inc\/uploads\/2018\/01\/lista.lutacontratemer.3-01.png","width":1350,"height":900},{"@type":"BreadcrumbList","@id":"https:\/\/psol50.org.br\/8-vezes-em-que-o-psol-entrou-na-justica-contra-temer-3\/#breadcrumb","itemListElement":[{"@type":"ListItem","position":1,"name":"In\u00edcio","item":"https:\/\/psol50.org.br\/"},{"@type":"ListItem","position":2,"name":"8 vezes em que o PSOL entrou na Justi\u00e7a contra Temer"}]},{"@type":"WebSite","@id":"https:\/\/psol50.org.br\/#website","url":"https:\/\/psol50.org.br\/","name":"PSOL 50","description":"Site oficial do Partido Socialismo e Liberdade","publisher":{"@id":"https:\/\/psol50.org.br\/#organization"},"alternateName":"PSOL50","potentialAction":[{"@type":"SearchAction","target":{"@type":"EntryPoint","urlTemplate":"https:\/\/psol50.org.br\/?s={search_term_string}"},"query-input":{"@type":"PropertyValueSpecification","valueRequired":true,"valueName":"search_term_string"}}],"inLanguage":"pt-BR"},{"@type":"Organization","@id":"https:\/\/psol50.org.br\/#organization","name":"PSOL 50","alternateName":"PSOL 50","url":"https:\/\/psol50.org.br\/","logo":{"@type":"ImageObject","inLanguage":"pt-BR","@id":"https:\/\/psol50.org.br\/#\/schema\/logo\/image\/","url":"https:\/\/psol50.org.br\/inc\/uploads\/2018\/07\/capa.png","contentUrl":"https:\/\/psol50.org.br\/inc\/uploads\/2018\/07\/capa.png","width":1350,"height":900,"caption":"PSOL 50"},"image":{"@id":"https:\/\/psol50.org.br\/#\/schema\/logo\/image\/"},"sameAs":["https:\/\/www.facebook.com\/psol50","https:\/\/x.com\/psol50","https:\/\/www.instagram.com\/psol50\/","https:\/\/www.youtube.com\/channel\/UC7SnJS5o1os7a6CaiNabzcg"]},{"@type":"Person","@id":"https:\/\/psol50.org.br\/#\/schema\/person\/475dfa57d0b815993c714c2e96491fcd","name":"Comunica\u00e7\u00e3o PSOL","image":{"@type":"ImageObject","inLanguage":"pt-BR","@id":"https:\/\/psol50.org.br\/#\/schema\/person\/image\/","url":"https:\/\/secure.gravatar.com\/avatar\/b34fc4f4e468a4e51785917065a3db57b841f5c95dba6ad8c73aaf8f66f8f9bf?s=96&d=mm&r=g","contentUrl":"https:\/\/secure.gravatar.com\/avatar\/b34fc4f4e468a4e51785917065a3db57b841f5c95dba6ad8c73aaf8f66f8f9bf?s=96&d=mm&r=g","caption":"Comunica\u00e7\u00e3o PSOL"}}]}},"_links":{"self":[{"href":"https:\/\/psol50.org.br\/rest\/wp\/v2\/posts\/19540","targetHints":{"allow":["GET"]}}],"collection":[{"href":"https:\/\/psol50.org.br\/rest\/wp\/v2\/posts"}],"about":[{"href":"https:\/\/psol50.org.br\/rest\/wp\/v2\/types\/post"}],"author":[{"embeddable":true,"href":"https:\/\/psol50.org.br\/rest\/wp\/v2\/users\/2"}],"replies":[{"embeddable":true,"href":"https:\/\/psol50.org.br\/rest\/wp\/v2\/comments?post=19540"}],"version-history":[{"count":0,"href":"https:\/\/psol50.org.br\/rest\/wp\/v2\/posts\/19540\/revisions"}],"wp:featuredmedia":[{"embeddable":true,"href":"https:\/\/psol50.org.br\/rest\/wp\/v2\/media\/19562"}],"wp:attachment":[{"href":"https:\/\/psol50.org.br\/rest\/wp\/v2\/media?parent=19540"}],"wp:term":[{"taxonomy":"category","embeddable":true,"href":"https:\/\/psol50.org.br\/rest\/wp\/v2\/categories?post=19540"},{"taxonomy":"post_tag","embeddable":true,"href":"https:\/\/psol50.org.br\/rest\/wp\/v2\/tags?post=19540"}],"curies":[{"name":"wp","href":"https:\/\/api.w.org\/{rel}","templated":true}]}}