{"id":19549,"date":"2018-01-21T19:38:42","date_gmt":"2018-01-21T21:38:42","guid":{"rendered":"http:\/\/www.psol50.org.br\/?p=19549"},"modified":"2018-01-21T19:38:42","modified_gmt":"2018-01-21T21:38:42","slug":"parem-os-ataques-ao-povo-curdo","status":"publish","type":"post","link":"https:\/\/psol50.org.br\/parem-os-ataques-ao-povo-curdo\/","title":{"rendered":"Parem os ataques ao povo curdo!"},"content":{"rendered":"<p>Entre os dias 20 e 21, a avia\u00e7\u00e3o turca abriu fogo contra a cidade de Afrin, no norte da s\u00edria, buscando destruir as posi\u00e7\u00f5es do Curdisti\u00e3o s\u00edrio. Uma agress\u00e3o brutal e covarde, que deixou mortos e feridos civis, n\u00e3o apenas entre os curdos, mas tamb\u00e9m contra crist\u00e3os, \u00e1rabes e demais povos da regi\u00e3o.<\/p>\n<p>Essa agress\u00e3o \u00e9 um gesto de \u00f3dio, um crime de guerra. Muito similar aos crimes impetrados pelo Estado Isl\u00e2mico. Agredir um pa\u00eds que n\u00e3o se encontra em estado de guerra \u00e9 um ataque desmedido.<\/p>\n<p>O governo turco encabe\u00e7ado pelo d\u00e9sposta\u00a0Recep Tayyip Erdogan mant\u00e9m o cerco em duas frentes: no ambito interno, perseguindo, prendendo opositores, fechando institui\u00e7\u00f5es para perpetuar um regime autorit\u00e1rio e no frente externo- em alian\u00e7a com setores da AlQuaeda- tendo como estrat\u00e9gia liquidar as zonas liberadas pelos Curdos.<\/p>\n<p>Em sua primeira investida, a avia\u00e7\u00e3o turca matou seis civis e um combatente do YPG (Unidades em defesa do povo) e duas de YPJ (Unidades de defesa da Mulher); al\u00e9m de atacar Afrin, a avia\u00e7\u00e3o turca tamb\u00e9m o fez no campo de refugiados de Rubar.<\/p>\n<p>A partir desses ataques, se iniciou uma campanha internacional para denunciar os bombardeios. Precisamos somar for\u00e7as e rodear de solidariedade o povo curdo. Vale lembrar que foram os curdos, com seus destacados batalh\u00f5es femininos, que expulsaram o Estado Isl\u00e2mico de Kobane.<\/p>\n<p>O PSOL se soma \u00e0 solidariedade com o povo curdo, exigindo a imediata ruptura de rela\u00e7\u00f5es com o governo turco. \u00c9 preciso ampliar a campanha internacional de den\u00fancia contra essa opera\u00e7\u00e3o ilegal.<\/p>\n<p>Nossa posi\u00e7\u00e3o \u00e9 categ\u00f3rica e vamos amplificar a campanha \u201cParem as bombas contra o povo curdo\u201d entre parlamentares, partidos progressistas, democratas, no Brasil e em todo continente americano.<\/p>\n<p><strong>Partido Socialismo e Liberdade<\/strong><\/p>\n<p><strong>21\/01\/2018<\/strong><\/p>\n","protected":false},"excerpt":{"rendered":"<p>Entre os dias 20 e 21, a avia\u00e7\u00e3o turca abriu fogo contra a cidade de Afrin, no norte da s\u00edria, buscando destruir as posi\u00e7\u00f5es do Curdisti\u00e3o s\u00edrio. Uma agress\u00e3o brutal e covarde, que deixou mortos e feridos civis, n\u00e3o apenas entre os curdos, mas tamb\u00e9m contra crist\u00e3os, \u00e1rabes e demais povos da regi\u00e3o. Essa agress\u00e3o [&hellip;]<\/p>\n","protected":false},"author":2,"featured_media":19551,"comment_status":"open","ping_status":"open","sticky":false,"template":"","format":"standard","meta":{"_acf_changed":false,"footnotes":""},"categories":[836,6,14],"tags":[2177,242,1216,243],"class_list":{"0":"post-19549","1":"post","2":"type-post","3":"status-publish","4":"format-standard","5":"has-post-thumbnail","7":"category-internacional","8":"category-noticias","9":"category-partido","10":"tag-curdistao","11":"tag-executiva-nacional-do-psol","12":"tag-internacional","13":"tag-nota-do-psol"},"acf":[],"yoast_head":"<!-- This site is optimized with the Yoast SEO plugin v26.5 - https:\/\/yoast.com\/wordpress\/plugins\/seo\/ -->\n<title>Parem os ataques ao povo curdo! - PSOL 50<\/title>\n<meta name=\"robots\" content=\"index, follow, max-snippet:-1, max-image-preview:large, max-video-preview:-1\" \/>\n<link rel=\"canonical\" href=\"https:\/\/psol50.org.br\/parem-os-ataques-ao-povo-curdo\/\" \/>\n<meta property=\"og:locale\" content=\"pt_BR\" \/>\n<meta property=\"og:type\" content=\"article\" \/>\n<meta property=\"og:title\" content=\"Parem os ataques ao povo curdo! - PSOL 50\" \/>\n<meta property=\"og:description\" content=\"Entre os dias 20 e 21, a avia\u00e7\u00e3o turca abriu fogo contra a cidade de Afrin, no norte da s\u00edria, buscando destruir as posi\u00e7\u00f5es do Curdisti\u00e3o s\u00edrio. Uma agress\u00e3o brutal e covarde, que deixou mortos e feridos civis, n\u00e3o apenas entre os curdos, mas tamb\u00e9m contra crist\u00e3os, \u00e1rabes e demais povos da regi\u00e3o. Essa agress\u00e3o [&hellip;]\" \/>\n<meta property=\"og:url\" content=\"https:\/\/psol50.org.br\/parem-os-ataques-ao-povo-curdo\/\" \/>\n<meta property=\"og:site_name\" content=\"PSOL 50\" \/>\n<meta property=\"article:publisher\" content=\"https:\/\/www.facebook.com\/psol50\" \/>\n<meta property=\"article:published_time\" content=\"2018-01-21T21:38:42+00:00\" \/>\n<meta property=\"og:image\" content=\"https:\/\/psol50.org.br\/inc\/uploads\/2018\/01\/notadopsol.vermelho-01.png\" \/>\n\t<meta property=\"og:image:width\" content=\"5625\" \/>\n\t<meta property=\"og:image:height\" content=\"3750\" \/>\n\t<meta property=\"og:image:type\" content=\"image\/png\" \/>\n<meta name=\"author\" content=\"Comunica\u00e7\u00e3o PSOL\" \/>\n<meta name=\"twitter:card\" content=\"summary_large_image\" \/>\n<meta name=\"twitter:creator\" content=\"@psol50\" \/>\n<meta name=\"twitter:site\" content=\"@psol50\" \/>\n<meta name=\"twitter:label1\" content=\"Escrito por\" \/>\n\t<meta name=\"twitter:data1\" content=\"Comunica\u00e7\u00e3o PSOL\" \/>\n\t<meta name=\"twitter:label2\" content=\"Est. tempo de leitura\" \/>\n\t<meta name=\"twitter:data2\" content=\"2 minutos\" \/>\n<script type=\"application\/ld+json\" class=\"yoast-schema-graph\">{\"@context\":\"https:\/\/schema.org\",\"@graph\":[{\"@type\":\"Article\",\"@id\":\"https:\/\/psol50.org.br\/parem-os-ataques-ao-povo-curdo\/#article\",\"isPartOf\":{\"@id\":\"https:\/\/psol50.org.br\/parem-os-ataques-ao-povo-curdo\/\"},\"author\":{\"name\":\"Comunica\u00e7\u00e3o PSOL\",\"@id\":\"https:\/\/psol50.org.br\/#\/schema\/person\/475dfa57d0b815993c714c2e96491fcd\"},\"headline\":\"Parem os ataques ao povo curdo!\",\"datePublished\":\"2018-01-21T21:38:42+00:00\",\"mainEntityOfPage\":{\"@id\":\"https:\/\/psol50.org.br\/parem-os-ataques-ao-povo-curdo\/\"},\"wordCount\":316,\"commentCount\":0,\"publisher\":{\"@id\":\"https:\/\/psol50.org.br\/#organization\"},\"image\":{\"@id\":\"https:\/\/psol50.org.br\/parem-os-ataques-ao-povo-curdo\/#primaryimage\"},\"thumbnailUrl\":\"https:\/\/psol50.org.br\/inc\/uploads\/2018\/01\/notadopsol.vermelho-01.png\",\"keywords\":[\"Curdist\u00e3o\",\"Executiva Nacional do PSOL\",\"Internacional\",\"Nota do PSOL\"],\"articleSection\":[\"Internacional\",\"Not\u00edcias\",\"Partido\"],\"inLanguage\":\"pt-BR\",\"potentialAction\":[{\"@type\":\"CommentAction\",\"name\":\"Comment\",\"target\":[\"https:\/\/psol50.org.br\/parem-os-ataques-ao-povo-curdo\/#respond\"]}]},{\"@type\":\"WebPage\",\"@id\":\"https:\/\/psol50.org.br\/parem-os-ataques-ao-povo-curdo\/\",\"url\":\"https:\/\/psol50.org.br\/parem-os-ataques-ao-povo-curdo\/\",\"name\":\"Parem os ataques ao povo curdo! - PSOL 50\",\"isPartOf\":{\"@id\":\"https:\/\/psol50.org.br\/#website\"},\"primaryImageOfPage\":{\"@id\":\"https:\/\/psol50.org.br\/parem-os-ataques-ao-povo-curdo\/#primaryimage\"},\"image\":{\"@id\":\"https:\/\/psol50.org.br\/parem-os-ataques-ao-povo-curdo\/#primaryimage\"},\"thumbnailUrl\":\"https:\/\/psol50.org.br\/inc\/uploads\/2018\/01\/notadopsol.vermelho-01.png\",\"datePublished\":\"2018-01-21T21:38:42+00:00\",\"breadcrumb\":{\"@id\":\"https:\/\/psol50.org.br\/parem-os-ataques-ao-povo-curdo\/#breadcrumb\"},\"inLanguage\":\"pt-BR\",\"potentialAction\":[{\"@type\":\"ReadAction\",\"target\":[\"https:\/\/psol50.org.br\/parem-os-ataques-ao-povo-curdo\/\"]}]},{\"@type\":\"ImageObject\",\"inLanguage\":\"pt-BR\",\"@id\":\"https:\/\/psol50.org.br\/parem-os-ataques-ao-povo-curdo\/#primaryimage\",\"url\":\"https:\/\/psol50.org.br\/inc\/uploads\/2018\/01\/notadopsol.vermelho-01.png\",\"contentUrl\":\"https:\/\/psol50.org.br\/inc\/uploads\/2018\/01\/notadopsol.vermelho-01.png\",\"width\":5625,\"height\":3750},{\"@type\":\"BreadcrumbList\",\"@id\":\"https:\/\/psol50.org.br\/parem-os-ataques-ao-povo-curdo\/#breadcrumb\",\"itemListElement\":[{\"@type\":\"ListItem\",\"position\":1,\"name\":\"In\u00edcio\",\"item\":\"https:\/\/psol50.org.br\/\"},{\"@type\":\"ListItem\",\"position\":2,\"name\":\"Parem os ataques ao povo curdo!\"}]},{\"@type\":\"WebSite\",\"@id\":\"https:\/\/psol50.org.br\/#website\",\"url\":\"https:\/\/psol50.org.br\/\",\"name\":\"PSOL 50\",\"description\":\"Site oficial do Partido Socialismo e Liberdade\",\"publisher\":{\"@id\":\"https:\/\/psol50.org.br\/#organization\"},\"alternateName\":\"PSOL50\",\"potentialAction\":[{\"@type\":\"SearchAction\",\"target\":{\"@type\":\"EntryPoint\",\"urlTemplate\":\"https:\/\/psol50.org.br\/?s={search_term_string}\"},\"query-input\":{\"@type\":\"PropertyValueSpecification\",\"valueRequired\":true,\"valueName\":\"search_term_string\"}}],\"inLanguage\":\"pt-BR\"},{\"@type\":\"Organization\",\"@id\":\"https:\/\/psol50.org.br\/#organization\",\"name\":\"PSOL 50\",\"alternateName\":\"PSOL 50\",\"url\":\"https:\/\/psol50.org.br\/\",\"logo\":{\"@type\":\"ImageObject\",\"inLanguage\":\"pt-BR\",\"@id\":\"https:\/\/psol50.org.br\/#\/schema\/logo\/image\/\",\"url\":\"https:\/\/psol50.org.br\/inc\/uploads\/2018\/07\/capa.png\",\"contentUrl\":\"https:\/\/psol50.org.br\/inc\/uploads\/2018\/07\/capa.png\",\"width\":1350,\"height\":900,\"caption\":\"PSOL 50\"},\"image\":{\"@id\":\"https:\/\/psol50.org.br\/#\/schema\/logo\/image\/\"},\"sameAs\":[\"https:\/\/www.facebook.com\/psol50\",\"https:\/\/x.com\/psol50\",\"https:\/\/www.instagram.com\/psol50\/\",\"https:\/\/www.youtube.com\/channel\/UC7SnJS5o1os7a6CaiNabzcg\"]},{\"@type\":\"Person\",\"@id\":\"https:\/\/psol50.org.br\/#\/schema\/person\/475dfa57d0b815993c714c2e96491fcd\",\"name\":\"Comunica\u00e7\u00e3o PSOL\",\"image\":{\"@type\":\"ImageObject\",\"inLanguage\":\"pt-BR\",\"@id\":\"https:\/\/psol50.org.br\/#\/schema\/person\/image\/\",\"url\":\"https:\/\/secure.gravatar.com\/avatar\/b34fc4f4e468a4e51785917065a3db57b841f5c95dba6ad8c73aaf8f66f8f9bf?s=96&d=mm&r=g\",\"contentUrl\":\"https:\/\/secure.gravatar.com\/avatar\/b34fc4f4e468a4e51785917065a3db57b841f5c95dba6ad8c73aaf8f66f8f9bf?s=96&d=mm&r=g\",\"caption\":\"Comunica\u00e7\u00e3o PSOL\"}}]}<\/script>\n<!-- \/ Yoast SEO plugin. -->","yoast_head_json":{"title":"Parem os ataques ao povo curdo! - PSOL 50","robots":{"index":"index","follow":"follow","max-snippet":"max-snippet:-1","max-image-preview":"max-image-preview:large","max-video-preview":"max-video-preview:-1"},"canonical":"https:\/\/psol50.org.br\/parem-os-ataques-ao-povo-curdo\/","og_locale":"pt_BR","og_type":"article","og_title":"Parem os ataques ao povo curdo! - PSOL 50","og_description":"Entre os dias 20 e 21, a avia\u00e7\u00e3o turca abriu fogo contra a cidade de Afrin, no norte da s\u00edria, buscando destruir as posi\u00e7\u00f5es do Curdisti\u00e3o s\u00edrio. Uma agress\u00e3o brutal e covarde, que deixou mortos e feridos civis, n\u00e3o apenas entre os curdos, mas tamb\u00e9m contra crist\u00e3os, \u00e1rabes e demais povos da regi\u00e3o. Essa agress\u00e3o [&hellip;]","og_url":"https:\/\/psol50.org.br\/parem-os-ataques-ao-povo-curdo\/","og_site_name":"PSOL 50","article_publisher":"https:\/\/www.facebook.com\/psol50","article_published_time":"2018-01-21T21:38:42+00:00","og_image":[{"width":5625,"height":3750,"url":"https:\/\/psol50.org.br\/inc\/uploads\/2018\/01\/notadopsol.vermelho-01.png","type":"image\/png"}],"author":"Comunica\u00e7\u00e3o PSOL","twitter_card":"summary_large_image","twitter_creator":"@psol50","twitter_site":"@psol50","twitter_misc":{"Escrito por":"Comunica\u00e7\u00e3o PSOL","Est. tempo de leitura":"2 minutos"},"schema":{"@context":"https:\/\/schema.org","@graph":[{"@type":"Article","@id":"https:\/\/psol50.org.br\/parem-os-ataques-ao-povo-curdo\/#article","isPartOf":{"@id":"https:\/\/psol50.org.br\/parem-os-ataques-ao-povo-curdo\/"},"author":{"name":"Comunica\u00e7\u00e3o PSOL","@id":"https:\/\/psol50.org.br\/#\/schema\/person\/475dfa57d0b815993c714c2e96491fcd"},"headline":"Parem os ataques ao povo curdo!","datePublished":"2018-01-21T21:38:42+00:00","mainEntityOfPage":{"@id":"https:\/\/psol50.org.br\/parem-os-ataques-ao-povo-curdo\/"},"wordCount":316,"commentCount":0,"publisher":{"@id":"https:\/\/psol50.org.br\/#organization"},"image":{"@id":"https:\/\/psol50.org.br\/parem-os-ataques-ao-povo-curdo\/#primaryimage"},"thumbnailUrl":"https:\/\/psol50.org.br\/inc\/uploads\/2018\/01\/notadopsol.vermelho-01.png","keywords":["Curdist\u00e3o","Executiva Nacional do PSOL","Internacional","Nota do PSOL"],"articleSection":["Internacional","Not\u00edcias","Partido"],"inLanguage":"pt-BR","potentialAction":[{"@type":"CommentAction","name":"Comment","target":["https:\/\/psol50.org.br\/parem-os-ataques-ao-povo-curdo\/#respond"]}]},{"@type":"WebPage","@id":"https:\/\/psol50.org.br\/parem-os-ataques-ao-povo-curdo\/","url":"https:\/\/psol50.org.br\/parem-os-ataques-ao-povo-curdo\/","name":"Parem os ataques ao povo curdo! - PSOL 50","isPartOf":{"@id":"https:\/\/psol50.org.br\/#website"},"primaryImageOfPage":{"@id":"https:\/\/psol50.org.br\/parem-os-ataques-ao-povo-curdo\/#primaryimage"},"image":{"@id":"https:\/\/psol50.org.br\/parem-os-ataques-ao-povo-curdo\/#primaryimage"},"thumbnailUrl":"https:\/\/psol50.org.br\/inc\/uploads\/2018\/01\/notadopsol.vermelho-01.png","datePublished":"2018-01-21T21:38:42+00:00","breadcrumb":{"@id":"https:\/\/psol50.org.br\/parem-os-ataques-ao-povo-curdo\/#breadcrumb"},"inLanguage":"pt-BR","potentialAction":[{"@type":"ReadAction","target":["https:\/\/psol50.org.br\/parem-os-ataques-ao-povo-curdo\/"]}]},{"@type":"ImageObject","inLanguage":"pt-BR","@id":"https:\/\/psol50.org.br\/parem-os-ataques-ao-povo-curdo\/#primaryimage","url":"https:\/\/psol50.org.br\/inc\/uploads\/2018\/01\/notadopsol.vermelho-01.png","contentUrl":"https:\/\/psol50.org.br\/inc\/uploads\/2018\/01\/notadopsol.vermelho-01.png","width":5625,"height":3750},{"@type":"BreadcrumbList","@id":"https:\/\/psol50.org.br\/parem-os-ataques-ao-povo-curdo\/#breadcrumb","itemListElement":[{"@type":"ListItem","position":1,"name":"In\u00edcio","item":"https:\/\/psol50.org.br\/"},{"@type":"ListItem","position":2,"name":"Parem os ataques ao povo curdo!"}]},{"@type":"WebSite","@id":"https:\/\/psol50.org.br\/#website","url":"https:\/\/psol50.org.br\/","name":"PSOL 50","description":"Site oficial do Partido Socialismo e Liberdade","publisher":{"@id":"https:\/\/psol50.org.br\/#organization"},"alternateName":"PSOL50","potentialAction":[{"@type":"SearchAction","target":{"@type":"EntryPoint","urlTemplate":"https:\/\/psol50.org.br\/?s={search_term_string}"},"query-input":{"@type":"PropertyValueSpecification","valueRequired":true,"valueName":"search_term_string"}}],"inLanguage":"pt-BR"},{"@type":"Organization","@id":"https:\/\/psol50.org.br\/#organization","name":"PSOL 50","alternateName":"PSOL 50","url":"https:\/\/psol50.org.br\/","logo":{"@type":"ImageObject","inLanguage":"pt-BR","@id":"https:\/\/psol50.org.br\/#\/schema\/logo\/image\/","url":"https:\/\/psol50.org.br\/inc\/uploads\/2018\/07\/capa.png","contentUrl":"https:\/\/psol50.org.br\/inc\/uploads\/2018\/07\/capa.png","width":1350,"height":900,"caption":"PSOL 50"},"image":{"@id":"https:\/\/psol50.org.br\/#\/schema\/logo\/image\/"},"sameAs":["https:\/\/www.facebook.com\/psol50","https:\/\/x.com\/psol50","https:\/\/www.instagram.com\/psol50\/","https:\/\/www.youtube.com\/channel\/UC7SnJS5o1os7a6CaiNabzcg"]},{"@type":"Person","@id":"https:\/\/psol50.org.br\/#\/schema\/person\/475dfa57d0b815993c714c2e96491fcd","name":"Comunica\u00e7\u00e3o PSOL","image":{"@type":"ImageObject","inLanguage":"pt-BR","@id":"https:\/\/psol50.org.br\/#\/schema\/person\/image\/","url":"https:\/\/secure.gravatar.com\/avatar\/b34fc4f4e468a4e51785917065a3db57b841f5c95dba6ad8c73aaf8f66f8f9bf?s=96&d=mm&r=g","contentUrl":"https:\/\/secure.gravatar.com\/avatar\/b34fc4f4e468a4e51785917065a3db57b841f5c95dba6ad8c73aaf8f66f8f9bf?s=96&d=mm&r=g","caption":"Comunica\u00e7\u00e3o PSOL"}}]}},"_links":{"self":[{"href":"https:\/\/psol50.org.br\/rest\/wp\/v2\/posts\/19549","targetHints":{"allow":["GET"]}}],"collection":[{"href":"https:\/\/psol50.org.br\/rest\/wp\/v2\/posts"}],"about":[{"href":"https:\/\/psol50.org.br\/rest\/wp\/v2\/types\/post"}],"author":[{"embeddable":true,"href":"https:\/\/psol50.org.br\/rest\/wp\/v2\/users\/2"}],"replies":[{"embeddable":true,"href":"https:\/\/psol50.org.br\/rest\/wp\/v2\/comments?post=19549"}],"version-history":[{"count":0,"href":"https:\/\/psol50.org.br\/rest\/wp\/v2\/posts\/19549\/revisions"}],"wp:featuredmedia":[{"embeddable":true,"href":"https:\/\/psol50.org.br\/rest\/wp\/v2\/media\/19551"}],"wp:attachment":[{"href":"https:\/\/psol50.org.br\/rest\/wp\/v2\/media?parent=19549"}],"wp:term":[{"taxonomy":"category","embeddable":true,"href":"https:\/\/psol50.org.br\/rest\/wp\/v2\/categories?post=19549"},{"taxonomy":"post_tag","embeddable":true,"href":"https:\/\/psol50.org.br\/rest\/wp\/v2\/tags?post=19549"}],"curies":[{"name":"wp","href":"https:\/\/api.w.org\/{rel}","templated":true}]}}