{"id":19557,"date":"2018-01-25T17:14:25","date_gmt":"2018-01-25T19:14:25","guid":{"rendered":"http:\/\/www.psol50.org.br\/?p=19557"},"modified":"2018-01-25T17:14:25","modified_gmt":"2018-01-25T19:14:25","slug":"5-acoes-do-psol-em-defesa-dos-direitos-das-mulheres","status":"publish","type":"post","link":"https:\/\/psol50.org.br\/5-acoes-do-psol-em-defesa-dos-direitos-das-mulheres\/","title":{"rendered":"5 a\u00e7\u00f5es do PSOL em defesa dos direitos das mulheres"},"content":{"rendered":"<p>O feminismo \u00e9 uma pauta que a gente n\u00e3o abre m\u00e3o. Para o PSOL, defender e garantir os direitos das mulheres \u00e9 fundamental \u00e0 democracia e \u00e0 constru\u00e7\u00e3o de uma sociedade mais justa. Em um pa\u00eds com altos \u00edndices de viol\u00eancia e desigualdade de g\u00eanero, promover pol\u00edticas e participar de movimentos sociais de combate \u00e0s opress\u00f5es \u00e9 obriga\u00e7\u00e3o b\u00e1sica.<\/p>\n<p>Al\u00e9m de sermos um dos \u00fanicos partidos do Brasil a garantir paridade de g\u00eanero em todas as nossas inst\u00e2ncias internas, inclusive no Diret\u00f3rio Nacional, temos um Setorial Nacional de Mulheres que toma conta de assuntos relacionados \u00e0 pauta e realizam atividades em todo o pa\u00eds e compomos mandatos feministas que atuam combativamente em defesa das mulheres &#8211; com quatro vereadoras, inclusive, <a href=\"http:\/\/www.psol50.org.br\/em-quatro-cidades-vereadoras-do-psol-foram-as-mais-votadas\/\" target=\"_blank\" rel=\"noopener\"><span style=\"color: #0000ff;\"><strong>eleitas como as mais votadas de suas cidades nas elei\u00e7\u00f5es de 2016.<\/strong><\/span><\/a><\/p>\n<p>Elencamos aqui alguns dos projetos que encabe\u00e7amos nos \u00faltimos anos, a n\u00edvel nacional, para ilustrar nossa luta pela conquista de direitos das mulheres. E se preparem: em 2018, nossa voz vai crescer ainda mais!<\/p>\n<p>Confira:<\/p>\n<p><span style=\"font-size: 20px;\"><strong>1. Descriminaliza\u00e7\u00e3o do aborto<\/strong><\/span><\/p>\n<p><img loading=\"lazy\" decoding=\"async\" class=\"alignnone  wp-image-23546\" src=\"http:\/\/psol50.org.br\/inc\/uploads\/2018\/01\/aborto.NINJA_-300x200.jpg\" alt=\"\" width=\"480\" height=\"283\" \/><\/p>\n<p>Estima-se que a cada minuto uma mulher brasileira interrompa a gravidez. O aborto \u00e9 considerado um dos maiores causadores de mortes maternas no Brasil, ainda mais cruel com as mulheres mais pobres, que n\u00e3o recebem tratamentos m\u00e9dicos e psicol\u00f3gicos necess\u00e1rios para realizar o procedimento. Baseado nisso, no ano passado<a href=\"http:\/\/www.psol50.org.br\/entenda-a-acao-do-psol-pela-descriminalizacao-do-aborto\/\" target=\"_blank\" rel=\"noopener\"><strong><span style=\"color: #0000ff;\">\u00a0protocolamos uma a\u00e7\u00e3o no Supremo Tribunal Federal (STF) para descriminalizar o aborto<\/span><\/strong><\/a> at\u00e9 as 12 primeiras semana de gesta\u00e7\u00e3o, entendendo o assunto como uma quest\u00e3o de sa\u00fade p\u00fablica e garantia de direitos constitucionais. Al\u00e9m disso, em 2015, j\u00e1 hav\u00edamos apresentado um projeto de lei com os mesmos objetivos, de autoria do deputado Jean Wyllys (RJ), que aguarda tramita\u00e7\u00e3o. \u00c9 pela vida das mulheres!<\/p>\n<p><span style=\"font-size: 20px;\"><strong>2. Combate \u00e0 desigualdade salarial<\/strong><\/span><\/p>\n<p><iframe loading=\"lazy\" class=\"giphy-embed\" src=\"https:\/\/giphy.com\/embed\/xUOwG48UP1EsmwxMxa\" width=\"480\" height=\"270\" frameborder=\"0\" allowfullscreen=\"allowfullscreen\"><\/iframe><\/p>\n<p>O PSOL tem um projeto de lei, proposto inicialmente pela ex-deputada federal Luciana Genro (RS) em 2010 e reapresentado pelo deputado Chico Alencar (RJ) em 2011, para <a href=\"http:\/\/www.camara.gov.br\/proposicoesWeb\/fichadetramitacao?idProposicao=499002\" target=\"_blank\" rel=\"noopener\"><span style=\"color: #0000ff;\"><strong>proibir e pensar mecanismos de\u00a0fiscaliza\u00e7\u00e3o contra a desigualdade de sal\u00e1rio entre homens e mulheres<\/strong><\/span><\/a>, prevendo puni\u00e7\u00f5es. Atualmente, ele tramita apensado a um outro projeto e aguarda aprecia\u00e7\u00e3o pelas comiss\u00f5es da C\u00e2mara.<\/p>\n<p><span style=\"font-size: 20px;\"><strong>3. Mais mulheres na pol\u00edtica<\/strong><\/span><\/p>\n<p><img loading=\"lazy\" decoding=\"async\" class=\"wp-image-19575 alignnone\" src=\"http:\/\/www.psol50.org.br\/inc\/uploads\/2018\/01\/erundina.jpg\" alt=\"\" width=\"473\" height=\"327\" \/><\/p>\n<p>A deputada federal Luiza Erundina (SP) tem um Projeto de Emenda \u00e0 Constitui\u00e7\u00e3o (PEC) que<em>\u00a0<\/em>determina a representatividade proporcional de ambos os sexos na composi\u00e7\u00e3o de Mesa e Comiss\u00f5es na C\u00e2mara dos Deputados e no Senado Federal &#8211; ou seja,\u00a0beneficia as parlamentares mulheres, que s\u00e3o subrepresentadas nos colegiados do Congresso. O projeto recebeu parecer favor\u00e1vel e<a href=\"http:\/\/www.psol50.org.br\/ccj-do-senado-aprova-pec-de-luiza-erundina-que-aumenta-numero-de-mulheres-nas-mesas-do-congresso\/\" target=\"_blank\" rel=\"noopener\"><span style=\"color: #0000ff;\"><strong> foi aprovado pela Comiss\u00e3o de Constitui\u00e7\u00e3o e Justi\u00e7a em 2016<\/strong><\/span><\/a>. Agora, aguarda vota\u00e7\u00e3o no Plen\u00e1rio do Senado.<\/p>\n<p><span style=\"font-size: 20px;\"><strong>4. Direitos a estudantes gr\u00e1vidas<\/strong><\/span><\/p>\n<p><img loading=\"lazy\" decoding=\"async\" class=\"\" src=\"https:\/\/3.bp.blogspot.com\/-KnwrtBHIehc\/WHiWhdQEMOI\/AAAAAAAA6JM\/LlmCY1rONxIaB943HBjPckPu8XLKIqQmACLcB\/s640\/foto%2B3.jpg\" alt=\"Imagem relacionada\" width=\"468\" height=\"394\" \/><\/p>\n<p>Consciente de um hist\u00f3rico de preju\u00edzo das m\u00e3es quanto \u00e0s oportunidades de estudo por conta da maternidade, o deputado Jean Wyllys (RJ) apresentou um projeto que garante\u00a0a realiza\u00e7\u00e3o de provas e o recebimento de instru\u00e7\u00f5es em casa, com direito \u00e0 tutoria, acompanhamento pedag\u00f3gico e ensino \u00e0 dist\u00e2ncia para as estudantes gestantes. O projeto j\u00e1 <a href=\"http:\/\/www.psol50.org.br\/comissao-na-camara-aprova-projeto-de-jean-wyllys-que-garante-direitos-a-estudantes-gravidas\/\" target=\"_blank\" rel=\"noopener\"><span style=\"color: #0000ff;\"><strong>foi aprovado na Comiss\u00e3o da Mulher<\/strong><\/span><\/a> e aguarda agora a tramita\u00e7\u00e3o nas demais comiss\u00f5es da C\u00e2mara. Que nenhuma mulher tenha que interromper seus estudos por conta da gravidez!<\/p>\n<p><span style=\"font-size: 20px;\"><strong>5. Combate \u00e0 viol\u00eancia<\/strong><\/span><\/p>\n<p><iframe loading=\"lazy\" class=\"giphy-embed\" src=\"https:\/\/giphy.com\/embed\/3og0IEk1Eo8LyC7qJa\" width=\"480\" height=\"480\" frameborder=\"0\" allowfullscreen=\"allowfullscreen\"><\/iframe><\/p>\n<p>Em todo Brasil, nossas vereadoras apresentam a\u00e7\u00f5es e projetos para combater a viol\u00eancia de g\u00eanero. Dentre eles, est\u00e1 o pedido de S\u00e2mia Bomfim, em S\u00e3o Paulo, para a<a href=\"http:\/\/www.psol50.org.br\/crescem-apoios-para-instalacao-da-cpi-da-violencia-contra-mulher-em-sao-paulo-proposta-pelo-psol\/\" target=\"_blank\" rel=\"noopener\"><span style=\"color: #0000ff;\"><strong> instala\u00e7\u00e3o de\u00a0\u00a0uma Comiss\u00e3o Parlamentar de Inqu\u00e9rito (CPI) que apure casos de viol\u00eancia<\/strong><\/span> <\/a>contra as mulheres na capital paulista. No Rio, Marielle Franco tem um projeto chamado <a href=\"https:\/\/www.assedionaoepassageiro.mariellefranco.com.br\" target=\"_blank\" rel=\"noopener\"><span style=\"color: #0000ff;\"><strong>#Ass\u00e9dioN\u00e3o\u00c9Passageiro<\/strong><\/span><\/a>\u00a0para combater o ass\u00e9dio no transporte p\u00fablico carioca. Em Niter\u00f3i, Tal\u00edria Petrone prop\u00f4s a\u00a0<a href=\"https:\/\/www.psolniteroi.org\/single-post\/2017\/03\/12\/Tal\u00edria-apresenta-seis-projetos-de-lei-sobre-direitos-das-mulheres-em-Niter\u00f3i\" target=\"_blank\" rel=\"noopener\"><span style=\"color: #0000ff;\"><strong>obrigatoriedade do ensino de no\u00e7\u00f5es b\u00e1sicas sobre a Lei Maria da Penha nas escolas<\/strong><\/span><\/a> da rede p\u00fablica municipal. Juntas somos mais fortes!<\/p>\n","protected":false},"excerpt":{"rendered":"<p>O feminismo \u00e9 uma pauta que a gente n\u00e3o abre m\u00e3o. Para o PSOL, defender e garantir os direitos das mulheres \u00e9 fundamental \u00e0 democracia e \u00e0 constru\u00e7\u00e3o de uma sociedade mais justa. Em um pa\u00eds com altos \u00edndices de viol\u00eancia e desigualdade de g\u00eanero, promover pol\u00edticas e participar de movimentos sociais de combate \u00e0s [&hellip;]<\/p>\n","protected":false},"author":2,"featured_media":19575,"comment_status":"open","ping_status":"open","sticky":false,"template":"","format":"standard","meta":{"_acf_changed":false,"footnotes":""},"categories":[10,1882,6,14],"tags":[824,381,30,230,4,1271],"class_list":{"0":"post-19557","1":"post","2":"type-post","3":"status-publish","4":"format-standard","5":"has-post-thumbnail","7":"category-acao-parlamentares","8":"category-brasil","9":"category-noticias","10":"category-partido","11":"tag-aborto","12":"tag-desigualdade","13":"tag-feminismo","14":"tag-genero","15":"tag-mulheres","16":"tag-projetos"},"acf":[],"yoast_head":"<!-- This site is optimized with the Yoast SEO plugin v26.5 - https:\/\/yoast.com\/wordpress\/plugins\/seo\/ -->\n<title>5 a\u00e7\u00f5es do PSOL em defesa dos direitos das mulheres - PSOL 50<\/title>\n<meta name=\"robots\" content=\"index, follow, max-snippet:-1, max-image-preview:large, max-video-preview:-1\" \/>\n<link rel=\"canonical\" href=\"https:\/\/psol50.org.br\/5-acoes-do-psol-em-defesa-dos-direitos-das-mulheres\/\" \/>\n<meta property=\"og:locale\" content=\"pt_BR\" \/>\n<meta property=\"og:type\" content=\"article\" \/>\n<meta property=\"og:title\" content=\"5 a\u00e7\u00f5es do PSOL em defesa dos direitos das mulheres - PSOL 50\" \/>\n<meta property=\"og:description\" content=\"O feminismo \u00e9 uma pauta que a gente n\u00e3o abre m\u00e3o. Para o PSOL, defender e garantir os direitos das mulheres \u00e9 fundamental \u00e0 democracia e \u00e0 constru\u00e7\u00e3o de uma sociedade mais justa. Em um pa\u00eds com altos \u00edndices de viol\u00eancia e desigualdade de g\u00eanero, promover pol\u00edticas e participar de movimentos sociais de combate \u00e0s [&hellip;]\" \/>\n<meta property=\"og:url\" content=\"https:\/\/psol50.org.br\/5-acoes-do-psol-em-defesa-dos-direitos-das-mulheres\/\" \/>\n<meta property=\"og:site_name\" content=\"PSOL 50\" \/>\n<meta property=\"article:publisher\" content=\"https:\/\/www.facebook.com\/psol50\" \/>\n<meta property=\"article:published_time\" content=\"2018-01-25T19:14:25+00:00\" \/>\n<meta property=\"og:image\" content=\"https:\/\/psol50.org.br\/inc\/uploads\/2018\/01\/erundina.jpg\" \/>\n\t<meta property=\"og:image:width\" content=\"1350\" \/>\n\t<meta property=\"og:image:height\" content=\"900\" \/>\n\t<meta property=\"og:image:type\" content=\"image\/jpeg\" \/>\n<meta name=\"author\" content=\"Comunica\u00e7\u00e3o PSOL\" \/>\n<meta name=\"twitter:card\" content=\"summary_large_image\" \/>\n<meta name=\"twitter:creator\" content=\"@psol50\" \/>\n<meta name=\"twitter:site\" content=\"@psol50\" \/>\n<meta name=\"twitter:label1\" content=\"Escrito por\" \/>\n\t<meta name=\"twitter:data1\" content=\"Comunica\u00e7\u00e3o PSOL\" \/>\n\t<meta name=\"twitter:label2\" content=\"Est. tempo de leitura\" \/>\n\t<meta name=\"twitter:data2\" content=\"3 minutos\" \/>\n<script type=\"application\/ld+json\" class=\"yoast-schema-graph\">{\"@context\":\"https:\/\/schema.org\",\"@graph\":[{\"@type\":\"Article\",\"@id\":\"https:\/\/psol50.org.br\/5-acoes-do-psol-em-defesa-dos-direitos-das-mulheres\/#article\",\"isPartOf\":{\"@id\":\"https:\/\/psol50.org.br\/5-acoes-do-psol-em-defesa-dos-direitos-das-mulheres\/\"},\"author\":{\"name\":\"Comunica\u00e7\u00e3o PSOL\",\"@id\":\"https:\/\/psol50.org.br\/#\/schema\/person\/475dfa57d0b815993c714c2e96491fcd\"},\"headline\":\"5 a\u00e7\u00f5es do PSOL em defesa dos direitos das mulheres\",\"datePublished\":\"2018-01-25T19:14:25+00:00\",\"mainEntityOfPage\":{\"@id\":\"https:\/\/psol50.org.br\/5-acoes-do-psol-em-defesa-dos-direitos-das-mulheres\/\"},\"wordCount\":677,\"commentCount\":0,\"publisher\":{\"@id\":\"https:\/\/psol50.org.br\/#organization\"},\"image\":{\"@id\":\"https:\/\/psol50.org.br\/5-acoes-do-psol-em-defesa-dos-direitos-das-mulheres\/#primaryimage\"},\"thumbnailUrl\":\"https:\/\/psol50.org.br\/inc\/uploads\/2018\/01\/erundina.jpg\",\"keywords\":[\"aborto\",\"desigualdade\",\"feminismo\",\"G\u00eanero\",\"mulheres\",\"projetos\"],\"articleSection\":[\"A\u00e7\u00e3o Parlamentar\",\"Brasil\",\"Not\u00edcias\",\"Partido\"],\"inLanguage\":\"pt-BR\",\"potentialAction\":[{\"@type\":\"CommentAction\",\"name\":\"Comment\",\"target\":[\"https:\/\/psol50.org.br\/5-acoes-do-psol-em-defesa-dos-direitos-das-mulheres\/#respond\"]}]},{\"@type\":\"WebPage\",\"@id\":\"https:\/\/psol50.org.br\/5-acoes-do-psol-em-defesa-dos-direitos-das-mulheres\/\",\"url\":\"https:\/\/psol50.org.br\/5-acoes-do-psol-em-defesa-dos-direitos-das-mulheres\/\",\"name\":\"5 a\u00e7\u00f5es do PSOL em defesa dos direitos das mulheres - PSOL 50\",\"isPartOf\":{\"@id\":\"https:\/\/psol50.org.br\/#website\"},\"primaryImageOfPage\":{\"@id\":\"https:\/\/psol50.org.br\/5-acoes-do-psol-em-defesa-dos-direitos-das-mulheres\/#primaryimage\"},\"image\":{\"@id\":\"https:\/\/psol50.org.br\/5-acoes-do-psol-em-defesa-dos-direitos-das-mulheres\/#primaryimage\"},\"thumbnailUrl\":\"https:\/\/psol50.org.br\/inc\/uploads\/2018\/01\/erundina.jpg\",\"datePublished\":\"2018-01-25T19:14:25+00:00\",\"breadcrumb\":{\"@id\":\"https:\/\/psol50.org.br\/5-acoes-do-psol-em-defesa-dos-direitos-das-mulheres\/#breadcrumb\"},\"inLanguage\":\"pt-BR\",\"potentialAction\":[{\"@type\":\"ReadAction\",\"target\":[\"https:\/\/psol50.org.br\/5-acoes-do-psol-em-defesa-dos-direitos-das-mulheres\/\"]}]},{\"@type\":\"ImageObject\",\"inLanguage\":\"pt-BR\",\"@id\":\"https:\/\/psol50.org.br\/5-acoes-do-psol-em-defesa-dos-direitos-das-mulheres\/#primaryimage\",\"url\":\"https:\/\/psol50.org.br\/inc\/uploads\/2018\/01\/erundina.jpg\",\"contentUrl\":\"https:\/\/psol50.org.br\/inc\/uploads\/2018\/01\/erundina.jpg\",\"width\":1350,\"height\":900},{\"@type\":\"BreadcrumbList\",\"@id\":\"https:\/\/psol50.org.br\/5-acoes-do-psol-em-defesa-dos-direitos-das-mulheres\/#breadcrumb\",\"itemListElement\":[{\"@type\":\"ListItem\",\"position\":1,\"name\":\"In\u00edcio\",\"item\":\"https:\/\/psol50.org.br\/\"},{\"@type\":\"ListItem\",\"position\":2,\"name\":\"5 a\u00e7\u00f5es do PSOL em defesa dos direitos das mulheres\"}]},{\"@type\":\"WebSite\",\"@id\":\"https:\/\/psol50.org.br\/#website\",\"url\":\"https:\/\/psol50.org.br\/\",\"name\":\"PSOL 50\",\"description\":\"Site oficial do Partido Socialismo e Liberdade\",\"publisher\":{\"@id\":\"https:\/\/psol50.org.br\/#organization\"},\"alternateName\":\"PSOL50\",\"potentialAction\":[{\"@type\":\"SearchAction\",\"target\":{\"@type\":\"EntryPoint\",\"urlTemplate\":\"https:\/\/psol50.org.br\/?s={search_term_string}\"},\"query-input\":{\"@type\":\"PropertyValueSpecification\",\"valueRequired\":true,\"valueName\":\"search_term_string\"}}],\"inLanguage\":\"pt-BR\"},{\"@type\":\"Organization\",\"@id\":\"https:\/\/psol50.org.br\/#organization\",\"name\":\"PSOL 50\",\"alternateName\":\"PSOL 50\",\"url\":\"https:\/\/psol50.org.br\/\",\"logo\":{\"@type\":\"ImageObject\",\"inLanguage\":\"pt-BR\",\"@id\":\"https:\/\/psol50.org.br\/#\/schema\/logo\/image\/\",\"url\":\"https:\/\/psol50.org.br\/inc\/uploads\/2018\/07\/capa.png\",\"contentUrl\":\"https:\/\/psol50.org.br\/inc\/uploads\/2018\/07\/capa.png\",\"width\":1350,\"height\":900,\"caption\":\"PSOL 50\"},\"image\":{\"@id\":\"https:\/\/psol50.org.br\/#\/schema\/logo\/image\/\"},\"sameAs\":[\"https:\/\/www.facebook.com\/psol50\",\"https:\/\/x.com\/psol50\",\"https:\/\/www.instagram.com\/psol50\/\",\"https:\/\/www.youtube.com\/channel\/UC7SnJS5o1os7a6CaiNabzcg\"]},{\"@type\":\"Person\",\"@id\":\"https:\/\/psol50.org.br\/#\/schema\/person\/475dfa57d0b815993c714c2e96491fcd\",\"name\":\"Comunica\u00e7\u00e3o PSOL\",\"image\":{\"@type\":\"ImageObject\",\"inLanguage\":\"pt-BR\",\"@id\":\"https:\/\/psol50.org.br\/#\/schema\/person\/image\/\",\"url\":\"https:\/\/secure.gravatar.com\/avatar\/b34fc4f4e468a4e51785917065a3db57b841f5c95dba6ad8c73aaf8f66f8f9bf?s=96&d=mm&r=g\",\"contentUrl\":\"https:\/\/secure.gravatar.com\/avatar\/b34fc4f4e468a4e51785917065a3db57b841f5c95dba6ad8c73aaf8f66f8f9bf?s=96&d=mm&r=g\",\"caption\":\"Comunica\u00e7\u00e3o PSOL\"}}]}<\/script>\n<!-- \/ Yoast SEO plugin. -->","yoast_head_json":{"title":"5 a\u00e7\u00f5es do PSOL em defesa dos direitos das mulheres - PSOL 50","robots":{"index":"index","follow":"follow","max-snippet":"max-snippet:-1","max-image-preview":"max-image-preview:large","max-video-preview":"max-video-preview:-1"},"canonical":"https:\/\/psol50.org.br\/5-acoes-do-psol-em-defesa-dos-direitos-das-mulheres\/","og_locale":"pt_BR","og_type":"article","og_title":"5 a\u00e7\u00f5es do PSOL em defesa dos direitos das mulheres - PSOL 50","og_description":"O feminismo \u00e9 uma pauta que a gente n\u00e3o abre m\u00e3o. Para o PSOL, defender e garantir os direitos das mulheres \u00e9 fundamental \u00e0 democracia e \u00e0 constru\u00e7\u00e3o de uma sociedade mais justa. Em um pa\u00eds com altos \u00edndices de viol\u00eancia e desigualdade de g\u00eanero, promover pol\u00edticas e participar de movimentos sociais de combate \u00e0s [&hellip;]","og_url":"https:\/\/psol50.org.br\/5-acoes-do-psol-em-defesa-dos-direitos-das-mulheres\/","og_site_name":"PSOL 50","article_publisher":"https:\/\/www.facebook.com\/psol50","article_published_time":"2018-01-25T19:14:25+00:00","og_image":[{"width":1350,"height":900,"url":"https:\/\/psol50.org.br\/inc\/uploads\/2018\/01\/erundina.jpg","type":"image\/jpeg"}],"author":"Comunica\u00e7\u00e3o PSOL","twitter_card":"summary_large_image","twitter_creator":"@psol50","twitter_site":"@psol50","twitter_misc":{"Escrito por":"Comunica\u00e7\u00e3o PSOL","Est. tempo de leitura":"3 minutos"},"schema":{"@context":"https:\/\/schema.org","@graph":[{"@type":"Article","@id":"https:\/\/psol50.org.br\/5-acoes-do-psol-em-defesa-dos-direitos-das-mulheres\/#article","isPartOf":{"@id":"https:\/\/psol50.org.br\/5-acoes-do-psol-em-defesa-dos-direitos-das-mulheres\/"},"author":{"name":"Comunica\u00e7\u00e3o PSOL","@id":"https:\/\/psol50.org.br\/#\/schema\/person\/475dfa57d0b815993c714c2e96491fcd"},"headline":"5 a\u00e7\u00f5es do PSOL em defesa dos direitos das mulheres","datePublished":"2018-01-25T19:14:25+00:00","mainEntityOfPage":{"@id":"https:\/\/psol50.org.br\/5-acoes-do-psol-em-defesa-dos-direitos-das-mulheres\/"},"wordCount":677,"commentCount":0,"publisher":{"@id":"https:\/\/psol50.org.br\/#organization"},"image":{"@id":"https:\/\/psol50.org.br\/5-acoes-do-psol-em-defesa-dos-direitos-das-mulheres\/#primaryimage"},"thumbnailUrl":"https:\/\/psol50.org.br\/inc\/uploads\/2018\/01\/erundina.jpg","keywords":["aborto","desigualdade","feminismo","G\u00eanero","mulheres","projetos"],"articleSection":["A\u00e7\u00e3o Parlamentar","Brasil","Not\u00edcias","Partido"],"inLanguage":"pt-BR","potentialAction":[{"@type":"CommentAction","name":"Comment","target":["https:\/\/psol50.org.br\/5-acoes-do-psol-em-defesa-dos-direitos-das-mulheres\/#respond"]}]},{"@type":"WebPage","@id":"https:\/\/psol50.org.br\/5-acoes-do-psol-em-defesa-dos-direitos-das-mulheres\/","url":"https:\/\/psol50.org.br\/5-acoes-do-psol-em-defesa-dos-direitos-das-mulheres\/","name":"5 a\u00e7\u00f5es do PSOL em defesa dos direitos das mulheres - PSOL 50","isPartOf":{"@id":"https:\/\/psol50.org.br\/#website"},"primaryImageOfPage":{"@id":"https:\/\/psol50.org.br\/5-acoes-do-psol-em-defesa-dos-direitos-das-mulheres\/#primaryimage"},"image":{"@id":"https:\/\/psol50.org.br\/5-acoes-do-psol-em-defesa-dos-direitos-das-mulheres\/#primaryimage"},"thumbnailUrl":"https:\/\/psol50.org.br\/inc\/uploads\/2018\/01\/erundina.jpg","datePublished":"2018-01-25T19:14:25+00:00","breadcrumb":{"@id":"https:\/\/psol50.org.br\/5-acoes-do-psol-em-defesa-dos-direitos-das-mulheres\/#breadcrumb"},"inLanguage":"pt-BR","potentialAction":[{"@type":"ReadAction","target":["https:\/\/psol50.org.br\/5-acoes-do-psol-em-defesa-dos-direitos-das-mulheres\/"]}]},{"@type":"ImageObject","inLanguage":"pt-BR","@id":"https:\/\/psol50.org.br\/5-acoes-do-psol-em-defesa-dos-direitos-das-mulheres\/#primaryimage","url":"https:\/\/psol50.org.br\/inc\/uploads\/2018\/01\/erundina.jpg","contentUrl":"https:\/\/psol50.org.br\/inc\/uploads\/2018\/01\/erundina.jpg","width":1350,"height":900},{"@type":"BreadcrumbList","@id":"https:\/\/psol50.org.br\/5-acoes-do-psol-em-defesa-dos-direitos-das-mulheres\/#breadcrumb","itemListElement":[{"@type":"ListItem","position":1,"name":"In\u00edcio","item":"https:\/\/psol50.org.br\/"},{"@type":"ListItem","position":2,"name":"5 a\u00e7\u00f5es do PSOL em defesa dos direitos das mulheres"}]},{"@type":"WebSite","@id":"https:\/\/psol50.org.br\/#website","url":"https:\/\/psol50.org.br\/","name":"PSOL 50","description":"Site oficial do Partido Socialismo e Liberdade","publisher":{"@id":"https:\/\/psol50.org.br\/#organization"},"alternateName":"PSOL50","potentialAction":[{"@type":"SearchAction","target":{"@type":"EntryPoint","urlTemplate":"https:\/\/psol50.org.br\/?s={search_term_string}"},"query-input":{"@type":"PropertyValueSpecification","valueRequired":true,"valueName":"search_term_string"}}],"inLanguage":"pt-BR"},{"@type":"Organization","@id":"https:\/\/psol50.org.br\/#organization","name":"PSOL 50","alternateName":"PSOL 50","url":"https:\/\/psol50.org.br\/","logo":{"@type":"ImageObject","inLanguage":"pt-BR","@id":"https:\/\/psol50.org.br\/#\/schema\/logo\/image\/","url":"https:\/\/psol50.org.br\/inc\/uploads\/2018\/07\/capa.png","contentUrl":"https:\/\/psol50.org.br\/inc\/uploads\/2018\/07\/capa.png","width":1350,"height":900,"caption":"PSOL 50"},"image":{"@id":"https:\/\/psol50.org.br\/#\/schema\/logo\/image\/"},"sameAs":["https:\/\/www.facebook.com\/psol50","https:\/\/x.com\/psol50","https:\/\/www.instagram.com\/psol50\/","https:\/\/www.youtube.com\/channel\/UC7SnJS5o1os7a6CaiNabzcg"]},{"@type":"Person","@id":"https:\/\/psol50.org.br\/#\/schema\/person\/475dfa57d0b815993c714c2e96491fcd","name":"Comunica\u00e7\u00e3o PSOL","image":{"@type":"ImageObject","inLanguage":"pt-BR","@id":"https:\/\/psol50.org.br\/#\/schema\/person\/image\/","url":"https:\/\/secure.gravatar.com\/avatar\/b34fc4f4e468a4e51785917065a3db57b841f5c95dba6ad8c73aaf8f66f8f9bf?s=96&d=mm&r=g","contentUrl":"https:\/\/secure.gravatar.com\/avatar\/b34fc4f4e468a4e51785917065a3db57b841f5c95dba6ad8c73aaf8f66f8f9bf?s=96&d=mm&r=g","caption":"Comunica\u00e7\u00e3o PSOL"}}]}},"_links":{"self":[{"href":"https:\/\/psol50.org.br\/rest\/wp\/v2\/posts\/19557","targetHints":{"allow":["GET"]}}],"collection":[{"href":"https:\/\/psol50.org.br\/rest\/wp\/v2\/posts"}],"about":[{"href":"https:\/\/psol50.org.br\/rest\/wp\/v2\/types\/post"}],"author":[{"embeddable":true,"href":"https:\/\/psol50.org.br\/rest\/wp\/v2\/users\/2"}],"replies":[{"embeddable":true,"href":"https:\/\/psol50.org.br\/rest\/wp\/v2\/comments?post=19557"}],"version-history":[{"count":0,"href":"https:\/\/psol50.org.br\/rest\/wp\/v2\/posts\/19557\/revisions"}],"wp:featuredmedia":[{"embeddable":true,"href":"https:\/\/psol50.org.br\/rest\/wp\/v2\/media\/19575"}],"wp:attachment":[{"href":"https:\/\/psol50.org.br\/rest\/wp\/v2\/media?parent=19557"}],"wp:term":[{"taxonomy":"category","embeddable":true,"href":"https:\/\/psol50.org.br\/rest\/wp\/v2\/categories?post=19557"},{"taxonomy":"post_tag","embeddable":true,"href":"https:\/\/psol50.org.br\/rest\/wp\/v2\/tags?post=19557"}],"curies":[{"name":"wp","href":"https:\/\/api.w.org\/{rel}","templated":true}]}}