{"id":19572,"date":"2018-01-25T14:09:01","date_gmt":"2018-01-25T16:09:01","guid":{"rendered":"http:\/\/www.psol50.org.br\/?p=19572"},"modified":"2018-01-25T14:09:01","modified_gmt":"2018-01-25T16:09:01","slug":"jose-luis-fevereiro-sobre-o-circo-e-o-pao","status":"publish","type":"post","link":"https:\/\/psol50.org.br\/jose-luis-fevereiro-sobre-o-circo-e-o-pao\/","title":{"rendered":"Jos\u00e9 Luis Fevereiro | Sobre o circo e o p\u00e3o"},"content":{"rendered":"<p>A corrup\u00e7\u00e3o \u00e9 um \u00f3bvio problema que sempre tem e sempre ter\u00e1 que ser combatido. O aparelhamento do estado como forma de viabilizar coaliz\u00f5es parlamentares de sustenta\u00e7\u00e3o dos executivos n\u00e3o deve nem pode ser um mal necess\u00e1rio nem um problema a ser secundarizado. Mas com certeza esse n\u00e3o \u00e9 o principal problema brasileiro.<\/p>\n<p>At\u00e9 novembro de 2017 a Opera\u00e7\u00e3o Lava-Jato recuperou para os cofres da Petrobras R$ 800 milh\u00f5es provenientes de acordos de leni\u00eancia e de acordos de dela\u00e7\u00e3o premiada. Valor importante, sim, mas inexpressivo se comparado com outros n\u00fameros &#8211; como a queda de quase R$ 500 bilh\u00f5es no PIB do Brasil com a depress\u00e3o econ\u00f4mica de 2015 a 2017, que impactou a receita de estados e munic\u00edpios, com a decorrente quebra dos investimentos, atrasos de sal\u00e1rios e aumento do desemprego. Depress\u00e3o fabricada para produzir um ajuste no custo do trabalho que viabilizasse novo ciclo de acumula\u00e7\u00e3o de capital.<\/p>\n<p>O Brasil, junto com a Est\u00f4nia \u00e9 um dos poucos pa\u00edses que n\u00e3o tributam distribui\u00e7\u00e3o de lucros e dividendos cujo potencial arrecadat\u00f3rio anual seria da ordem de R$ 60 a 80 bilh\u00f5es, embora cobre impiedosamente imposto de renda de assalariados que ganham a partir de R$1.903,00 mensais. O Brasil cobra imposto sobre heran\u00e7as de no m\u00e1ximo 8% quando nos EUA a al\u00edquota m\u00e1xima chega a 40%. Por aqui, as grandes fortunas passam de gera\u00e7\u00e3o em gera\u00e7\u00e3o inc\u00f3lumes, enquanto o pa\u00eds se dedica a taxar as grandes pobrezas, como disse muito bem o economista David Deccache em artigo recente.<\/p>\n<p>Enquanto os 10% mais ricos pagam cerca de 17% da sua renda em impostos, os 40% mais pobres pagam 32% da sua renda em impostos. Segundo dados da Oxfam Brasil, quem tem renda mensal de 80 sal\u00e1rios m\u00ednimos (R$ 63 mil) tem uma isen\u00e7\u00e3o m\u00e9dia de 66% da sua renda, quem tem renda mensal de 320 sal\u00e1rios m\u00ednimos (cerca de R$252 mil) tem isen\u00e7\u00e3o m\u00e9dia de 70%, e quem ganha de um a tr\u00eas sal\u00e1rios m\u00ednimos tem isen\u00e7\u00e3o media de 9% (dados de 2016). Esse \u00e9 o retrato a branco e preto, com frequ\u00eancia literal, da desigualdade no Brasil.<\/p>\n<p>Resta por \u00f3bvio que a desigualdade, a injusti\u00e7a social e o controle da agenda pelos mais ricos s\u00e3o os principais problemas do Brasil. Reformas trabalhistas que visam reduzir o custo do trabalho e aumentar o espa\u00e7o da acumula\u00e7\u00e3o de capital, reformas previdenci\u00e1rias que buscam reduzir o car\u00e1ter redistributivo da previd\u00eancia publica e corte de gastos p\u00fablicos aprovados por um Congresso de n\u00e3o usu\u00e1rios de servi\u00e7os p\u00fablicos fazem parte do pacote.<\/p>\n<p>Do ponto de vista da pol\u00edtica a imposi\u00e7\u00e3o da agenda da corrup\u00e7\u00e3o como a raiz de todos os males funciona como o biombo atr\u00e1s do qual se esconde a agenda da guerra de classes movida pelos ricos contra os pobres. \u201cOlha l\u00e1 o ladr\u00e3o preso e acorrentado\u201d enquanto o teto dos gastos \u00e9 aprovado, a recess\u00e3o aprofundada, as contra reformas aprovadas e nova rodada de concentra\u00e7\u00e3o de renda \u00e9 feita. A parcela da esquerda que prioriza essa pauta est\u00e1 prestando servi\u00e7os \u00e0 Casa Grande. N\u00e3o se trata aqui de defender corruptos ou relativizar crimes de quem quer que seja, mas de entender que quanto mais r\u00e1pido conseguirmos girar a pauta da centralidade da corrup\u00e7\u00e3o para a centralidade da desigualdade, maior a chance de retomar a iniciativa.<\/p>\n<p>A agenda da corrup\u00e7\u00e3o \u00e9 a oferta do circo enquanto se corta o p\u00e3o.<\/p>\n","protected":false},"excerpt":{"rendered":"<p>A corrup\u00e7\u00e3o \u00e9 um \u00f3bvio problema que sempre tem e sempre ter\u00e1 que ser combatido. O aparelhamento do estado como forma de viabilizar coaliz\u00f5es parlamentares de sustenta\u00e7\u00e3o dos executivos n\u00e3o deve nem pode ser um mal necess\u00e1rio nem um problema a ser secundarizado. Mas com certeza esse n\u00e3o \u00e9 o principal problema brasileiro. At\u00e9 novembro [&hellip;]<\/p>\n","protected":false},"author":2,"featured_media":19293,"comment_status":"open","ping_status":"open","sticky":false,"template":"","format":"standard","meta":{"_acf_changed":false,"footnotes":""},"categories":[3,1882],"tags":[58,381,253,2182],"class_list":{"0":"post-19572","1":"post","2":"type-post","3":"status-publish","4":"format-standard","5":"has-post-thumbnail","7":"category-artigos-e-entrevistas","8":"category-brasil","9":"tag-corrupcao","10":"tag-desigualdade","11":"tag-economia","12":"tag-jose-luis-fevereiro"},"acf":[],"yoast_head":"<!-- This site is optimized with the Yoast SEO plugin v26.5 - https:\/\/yoast.com\/wordpress\/plugins\/seo\/ -->\n<title>Jos\u00e9 Luis Fevereiro | Sobre o circo e o p\u00e3o - PSOL 50<\/title>\n<meta name=\"robots\" content=\"index, follow, max-snippet:-1, max-image-preview:large, max-video-preview:-1\" \/>\n<link rel=\"canonical\" href=\"https:\/\/psol50.org.br\/jose-luis-fevereiro-sobre-o-circo-e-o-pao\/\" \/>\n<meta property=\"og:locale\" content=\"pt_BR\" \/>\n<meta property=\"og:type\" content=\"article\" \/>\n<meta property=\"og:title\" content=\"Jos\u00e9 Luis Fevereiro | Sobre o circo e o p\u00e3o - PSOL 50\" \/>\n<meta property=\"og:description\" content=\"A corrup\u00e7\u00e3o \u00e9 um \u00f3bvio problema que sempre tem e sempre ter\u00e1 que ser combatido. O aparelhamento do estado como forma de viabilizar coaliz\u00f5es parlamentares de sustenta\u00e7\u00e3o dos executivos n\u00e3o deve nem pode ser um mal necess\u00e1rio nem um problema a ser secundarizado. Mas com certeza esse n\u00e3o \u00e9 o principal problema brasileiro. At\u00e9 novembro [&hellip;]\" \/>\n<meta property=\"og:url\" content=\"https:\/\/psol50.org.br\/jose-luis-fevereiro-sobre-o-circo-e-o-pao\/\" \/>\n<meta property=\"og:site_name\" content=\"PSOL 50\" \/>\n<meta property=\"article:publisher\" content=\"https:\/\/www.facebook.com\/psol50\" \/>\n<meta property=\"article:published_time\" content=\"2018-01-25T16:09:01+00:00\" \/>\n<meta property=\"og:image\" content=\"https:\/\/psol50.org.br\/inc\/uploads\/2018\/07\/capa.png\" \/>\n\t<meta property=\"og:image:width\" content=\"1350\" \/>\n\t<meta property=\"og:image:height\" content=\"900\" \/>\n\t<meta property=\"og:image:type\" content=\"image\/png\" \/>\n<meta name=\"author\" content=\"Comunica\u00e7\u00e3o PSOL\" \/>\n<meta name=\"twitter:card\" content=\"summary_large_image\" \/>\n<meta name=\"twitter:creator\" content=\"@psol50\" \/>\n<meta name=\"twitter:site\" content=\"@psol50\" \/>\n<meta name=\"twitter:label1\" content=\"Escrito por\" \/>\n\t<meta name=\"twitter:data1\" content=\"Comunica\u00e7\u00e3o PSOL\" \/>\n\t<meta name=\"twitter:label2\" content=\"Est. tempo de leitura\" \/>\n\t<meta name=\"twitter:data2\" content=\"3 minutos\" \/>\n<script type=\"application\/ld+json\" class=\"yoast-schema-graph\">{\"@context\":\"https:\/\/schema.org\",\"@graph\":[{\"@type\":\"Article\",\"@id\":\"https:\/\/psol50.org.br\/jose-luis-fevereiro-sobre-o-circo-e-o-pao\/#article\",\"isPartOf\":{\"@id\":\"https:\/\/psol50.org.br\/jose-luis-fevereiro-sobre-o-circo-e-o-pao\/\"},\"author\":{\"name\":\"Comunica\u00e7\u00e3o PSOL\",\"@id\":\"https:\/\/psol50.org.br\/#\/schema\/person\/475dfa57d0b815993c714c2e96491fcd\"},\"headline\":\"Jos\u00e9 Luis Fevereiro | Sobre o circo e o p\u00e3o\",\"datePublished\":\"2018-01-25T16:09:01+00:00\",\"mainEntityOfPage\":{\"@id\":\"https:\/\/psol50.org.br\/jose-luis-fevereiro-sobre-o-circo-e-o-pao\/\"},\"wordCount\":609,\"commentCount\":0,\"publisher\":{\"@id\":\"https:\/\/psol50.org.br\/#organization\"},\"image\":{\"@id\":\"https:\/\/psol50.org.br\/jose-luis-fevereiro-sobre-o-circo-e-o-pao\/#primaryimage\"},\"thumbnailUrl\":\"\",\"keywords\":[\"corrup\u00e7\u00e3o\",\"desigualdade\",\"economia\",\"Jos\u00e9 Lu\u00eds Fevereiro\"],\"articleSection\":[\"Artigos\",\"Brasil\"],\"inLanguage\":\"pt-BR\",\"potentialAction\":[{\"@type\":\"CommentAction\",\"name\":\"Comment\",\"target\":[\"https:\/\/psol50.org.br\/jose-luis-fevereiro-sobre-o-circo-e-o-pao\/#respond\"]}]},{\"@type\":\"WebPage\",\"@id\":\"https:\/\/psol50.org.br\/jose-luis-fevereiro-sobre-o-circo-e-o-pao\/\",\"url\":\"https:\/\/psol50.org.br\/jose-luis-fevereiro-sobre-o-circo-e-o-pao\/\",\"name\":\"Jos\u00e9 Luis Fevereiro | Sobre o circo e o p\u00e3o - PSOL 50\",\"isPartOf\":{\"@id\":\"https:\/\/psol50.org.br\/#website\"},\"primaryImageOfPage\":{\"@id\":\"https:\/\/psol50.org.br\/jose-luis-fevereiro-sobre-o-circo-e-o-pao\/#primaryimage\"},\"image\":{\"@id\":\"https:\/\/psol50.org.br\/jose-luis-fevereiro-sobre-o-circo-e-o-pao\/#primaryimage\"},\"thumbnailUrl\":\"\",\"datePublished\":\"2018-01-25T16:09:01+00:00\",\"breadcrumb\":{\"@id\":\"https:\/\/psol50.org.br\/jose-luis-fevereiro-sobre-o-circo-e-o-pao\/#breadcrumb\"},\"inLanguage\":\"pt-BR\",\"potentialAction\":[{\"@type\":\"ReadAction\",\"target\":[\"https:\/\/psol50.org.br\/jose-luis-fevereiro-sobre-o-circo-e-o-pao\/\"]}]},{\"@type\":\"ImageObject\",\"inLanguage\":\"pt-BR\",\"@id\":\"https:\/\/psol50.org.br\/jose-luis-fevereiro-sobre-o-circo-e-o-pao\/#primaryimage\",\"url\":\"\",\"contentUrl\":\"\"},{\"@type\":\"BreadcrumbList\",\"@id\":\"https:\/\/psol50.org.br\/jose-luis-fevereiro-sobre-o-circo-e-o-pao\/#breadcrumb\",\"itemListElement\":[{\"@type\":\"ListItem\",\"position\":1,\"name\":\"In\u00edcio\",\"item\":\"https:\/\/psol50.org.br\/\"},{\"@type\":\"ListItem\",\"position\":2,\"name\":\"Jos\u00e9 Luis Fevereiro | Sobre o circo e o p\u00e3o\"}]},{\"@type\":\"WebSite\",\"@id\":\"https:\/\/psol50.org.br\/#website\",\"url\":\"https:\/\/psol50.org.br\/\",\"name\":\"PSOL 50\",\"description\":\"Site oficial do Partido Socialismo e Liberdade\",\"publisher\":{\"@id\":\"https:\/\/psol50.org.br\/#organization\"},\"alternateName\":\"PSOL50\",\"potentialAction\":[{\"@type\":\"SearchAction\",\"target\":{\"@type\":\"EntryPoint\",\"urlTemplate\":\"https:\/\/psol50.org.br\/?s={search_term_string}\"},\"query-input\":{\"@type\":\"PropertyValueSpecification\",\"valueRequired\":true,\"valueName\":\"search_term_string\"}}],\"inLanguage\":\"pt-BR\"},{\"@type\":\"Organization\",\"@id\":\"https:\/\/psol50.org.br\/#organization\",\"name\":\"PSOL 50\",\"alternateName\":\"PSOL 50\",\"url\":\"https:\/\/psol50.org.br\/\",\"logo\":{\"@type\":\"ImageObject\",\"inLanguage\":\"pt-BR\",\"@id\":\"https:\/\/psol50.org.br\/#\/schema\/logo\/image\/\",\"url\":\"https:\/\/psol50.org.br\/inc\/uploads\/2018\/07\/capa.png\",\"contentUrl\":\"https:\/\/psol50.org.br\/inc\/uploads\/2018\/07\/capa.png\",\"width\":1350,\"height\":900,\"caption\":\"PSOL 50\"},\"image\":{\"@id\":\"https:\/\/psol50.org.br\/#\/schema\/logo\/image\/\"},\"sameAs\":[\"https:\/\/www.facebook.com\/psol50\",\"https:\/\/x.com\/psol50\",\"https:\/\/www.instagram.com\/psol50\/\",\"https:\/\/www.youtube.com\/channel\/UC7SnJS5o1os7a6CaiNabzcg\"]},{\"@type\":\"Person\",\"@id\":\"https:\/\/psol50.org.br\/#\/schema\/person\/475dfa57d0b815993c714c2e96491fcd\",\"name\":\"Comunica\u00e7\u00e3o PSOL\",\"image\":{\"@type\":\"ImageObject\",\"inLanguage\":\"pt-BR\",\"@id\":\"https:\/\/psol50.org.br\/#\/schema\/person\/image\/\",\"url\":\"https:\/\/secure.gravatar.com\/avatar\/b34fc4f4e468a4e51785917065a3db57b841f5c95dba6ad8c73aaf8f66f8f9bf?s=96&d=mm&r=g\",\"contentUrl\":\"https:\/\/secure.gravatar.com\/avatar\/b34fc4f4e468a4e51785917065a3db57b841f5c95dba6ad8c73aaf8f66f8f9bf?s=96&d=mm&r=g\",\"caption\":\"Comunica\u00e7\u00e3o PSOL\"}}]}<\/script>\n<!-- \/ Yoast SEO plugin. -->","yoast_head_json":{"title":"Jos\u00e9 Luis Fevereiro | Sobre o circo e o p\u00e3o - PSOL 50","robots":{"index":"index","follow":"follow","max-snippet":"max-snippet:-1","max-image-preview":"max-image-preview:large","max-video-preview":"max-video-preview:-1"},"canonical":"https:\/\/psol50.org.br\/jose-luis-fevereiro-sobre-o-circo-e-o-pao\/","og_locale":"pt_BR","og_type":"article","og_title":"Jos\u00e9 Luis Fevereiro | Sobre o circo e o p\u00e3o - PSOL 50","og_description":"A corrup\u00e7\u00e3o \u00e9 um \u00f3bvio problema que sempre tem e sempre ter\u00e1 que ser combatido. O aparelhamento do estado como forma de viabilizar coaliz\u00f5es parlamentares de sustenta\u00e7\u00e3o dos executivos n\u00e3o deve nem pode ser um mal necess\u00e1rio nem um problema a ser secundarizado. Mas com certeza esse n\u00e3o \u00e9 o principal problema brasileiro. At\u00e9 novembro [&hellip;]","og_url":"https:\/\/psol50.org.br\/jose-luis-fevereiro-sobre-o-circo-e-o-pao\/","og_site_name":"PSOL 50","article_publisher":"https:\/\/www.facebook.com\/psol50","article_published_time":"2018-01-25T16:09:01+00:00","og_image":[{"width":1350,"height":900,"url":"https:\/\/psol50.org.br\/inc\/uploads\/2018\/07\/capa.png","type":"image\/png"}],"author":"Comunica\u00e7\u00e3o PSOL","twitter_card":"summary_large_image","twitter_creator":"@psol50","twitter_site":"@psol50","twitter_misc":{"Escrito por":"Comunica\u00e7\u00e3o PSOL","Est. tempo de leitura":"3 minutos"},"schema":{"@context":"https:\/\/schema.org","@graph":[{"@type":"Article","@id":"https:\/\/psol50.org.br\/jose-luis-fevereiro-sobre-o-circo-e-o-pao\/#article","isPartOf":{"@id":"https:\/\/psol50.org.br\/jose-luis-fevereiro-sobre-o-circo-e-o-pao\/"},"author":{"name":"Comunica\u00e7\u00e3o PSOL","@id":"https:\/\/psol50.org.br\/#\/schema\/person\/475dfa57d0b815993c714c2e96491fcd"},"headline":"Jos\u00e9 Luis Fevereiro | Sobre o circo e o p\u00e3o","datePublished":"2018-01-25T16:09:01+00:00","mainEntityOfPage":{"@id":"https:\/\/psol50.org.br\/jose-luis-fevereiro-sobre-o-circo-e-o-pao\/"},"wordCount":609,"commentCount":0,"publisher":{"@id":"https:\/\/psol50.org.br\/#organization"},"image":{"@id":"https:\/\/psol50.org.br\/jose-luis-fevereiro-sobre-o-circo-e-o-pao\/#primaryimage"},"thumbnailUrl":"","keywords":["corrup\u00e7\u00e3o","desigualdade","economia","Jos\u00e9 Lu\u00eds Fevereiro"],"articleSection":["Artigos","Brasil"],"inLanguage":"pt-BR","potentialAction":[{"@type":"CommentAction","name":"Comment","target":["https:\/\/psol50.org.br\/jose-luis-fevereiro-sobre-o-circo-e-o-pao\/#respond"]}]},{"@type":"WebPage","@id":"https:\/\/psol50.org.br\/jose-luis-fevereiro-sobre-o-circo-e-o-pao\/","url":"https:\/\/psol50.org.br\/jose-luis-fevereiro-sobre-o-circo-e-o-pao\/","name":"Jos\u00e9 Luis Fevereiro | Sobre o circo e o p\u00e3o - PSOL 50","isPartOf":{"@id":"https:\/\/psol50.org.br\/#website"},"primaryImageOfPage":{"@id":"https:\/\/psol50.org.br\/jose-luis-fevereiro-sobre-o-circo-e-o-pao\/#primaryimage"},"image":{"@id":"https:\/\/psol50.org.br\/jose-luis-fevereiro-sobre-o-circo-e-o-pao\/#primaryimage"},"thumbnailUrl":"","datePublished":"2018-01-25T16:09:01+00:00","breadcrumb":{"@id":"https:\/\/psol50.org.br\/jose-luis-fevereiro-sobre-o-circo-e-o-pao\/#breadcrumb"},"inLanguage":"pt-BR","potentialAction":[{"@type":"ReadAction","target":["https:\/\/psol50.org.br\/jose-luis-fevereiro-sobre-o-circo-e-o-pao\/"]}]},{"@type":"ImageObject","inLanguage":"pt-BR","@id":"https:\/\/psol50.org.br\/jose-luis-fevereiro-sobre-o-circo-e-o-pao\/#primaryimage","url":"","contentUrl":""},{"@type":"BreadcrumbList","@id":"https:\/\/psol50.org.br\/jose-luis-fevereiro-sobre-o-circo-e-o-pao\/#breadcrumb","itemListElement":[{"@type":"ListItem","position":1,"name":"In\u00edcio","item":"https:\/\/psol50.org.br\/"},{"@type":"ListItem","position":2,"name":"Jos\u00e9 Luis Fevereiro | Sobre o circo e o p\u00e3o"}]},{"@type":"WebSite","@id":"https:\/\/psol50.org.br\/#website","url":"https:\/\/psol50.org.br\/","name":"PSOL 50","description":"Site oficial do Partido Socialismo e Liberdade","publisher":{"@id":"https:\/\/psol50.org.br\/#organization"},"alternateName":"PSOL50","potentialAction":[{"@type":"SearchAction","target":{"@type":"EntryPoint","urlTemplate":"https:\/\/psol50.org.br\/?s={search_term_string}"},"query-input":{"@type":"PropertyValueSpecification","valueRequired":true,"valueName":"search_term_string"}}],"inLanguage":"pt-BR"},{"@type":"Organization","@id":"https:\/\/psol50.org.br\/#organization","name":"PSOL 50","alternateName":"PSOL 50","url":"https:\/\/psol50.org.br\/","logo":{"@type":"ImageObject","inLanguage":"pt-BR","@id":"https:\/\/psol50.org.br\/#\/schema\/logo\/image\/","url":"https:\/\/psol50.org.br\/inc\/uploads\/2018\/07\/capa.png","contentUrl":"https:\/\/psol50.org.br\/inc\/uploads\/2018\/07\/capa.png","width":1350,"height":900,"caption":"PSOL 50"},"image":{"@id":"https:\/\/psol50.org.br\/#\/schema\/logo\/image\/"},"sameAs":["https:\/\/www.facebook.com\/psol50","https:\/\/x.com\/psol50","https:\/\/www.instagram.com\/psol50\/","https:\/\/www.youtube.com\/channel\/UC7SnJS5o1os7a6CaiNabzcg"]},{"@type":"Person","@id":"https:\/\/psol50.org.br\/#\/schema\/person\/475dfa57d0b815993c714c2e96491fcd","name":"Comunica\u00e7\u00e3o PSOL","image":{"@type":"ImageObject","inLanguage":"pt-BR","@id":"https:\/\/psol50.org.br\/#\/schema\/person\/image\/","url":"https:\/\/secure.gravatar.com\/avatar\/b34fc4f4e468a4e51785917065a3db57b841f5c95dba6ad8c73aaf8f66f8f9bf?s=96&d=mm&r=g","contentUrl":"https:\/\/secure.gravatar.com\/avatar\/b34fc4f4e468a4e51785917065a3db57b841f5c95dba6ad8c73aaf8f66f8f9bf?s=96&d=mm&r=g","caption":"Comunica\u00e7\u00e3o PSOL"}}]}},"_links":{"self":[{"href":"https:\/\/psol50.org.br\/rest\/wp\/v2\/posts\/19572","targetHints":{"allow":["GET"]}}],"collection":[{"href":"https:\/\/psol50.org.br\/rest\/wp\/v2\/posts"}],"about":[{"href":"https:\/\/psol50.org.br\/rest\/wp\/v2\/types\/post"}],"author":[{"embeddable":true,"href":"https:\/\/psol50.org.br\/rest\/wp\/v2\/users\/2"}],"replies":[{"embeddable":true,"href":"https:\/\/psol50.org.br\/rest\/wp\/v2\/comments?post=19572"}],"version-history":[{"count":0,"href":"https:\/\/psol50.org.br\/rest\/wp\/v2\/posts\/19572\/revisions"}],"wp:featuredmedia":[{"embeddable":true,"href":"https:\/\/psol50.org.br\/rest\/"}],"wp:attachment":[{"href":"https:\/\/psol50.org.br\/rest\/wp\/v2\/media?parent=19572"}],"wp:term":[{"taxonomy":"category","embeddable":true,"href":"https:\/\/psol50.org.br\/rest\/wp\/v2\/categories?post=19572"},{"taxonomy":"post_tag","embeddable":true,"href":"https:\/\/psol50.org.br\/rest\/wp\/v2\/tags?post=19572"}],"curies":[{"name":"wp","href":"https:\/\/api.w.org\/{rel}","templated":true}]}}