{"id":1958,"date":"2013-05-07T00:00:00","date_gmt":"2013-05-07T00:00:00","guid":{"rendered":"http:\/\/psol50.org.br\/arquivo\/2013\/05\/07\/seminario-lgbt-do-congresso-nacional-vai-debater-liberdade-religiosa-e-diversidade-sexual\/"},"modified":"2013-05-07T00:00:00","modified_gmt":"2013-05-07T00:00:00","slug":"seminario-lgbt-do-congresso-nacional-vai-debater-liberdade-religiosa-e-diversidade-sexual","status":"publish","type":"post","link":"https:\/\/psol50.org.br\/seminario-lgbt-do-congresso-nacional-vai-debater-liberdade-religiosa-e-diversidade-sexual\/","title":{"rendered":"Semin\u00e1rio LGBT do Congresso Nacional vai debater liberdade religiosa e diversidade sexual"},"content":{"rendered":"<div style=\"text-align: justify;\">\n\t<em>Evento, cujo requerimento foi de autoria do deputado Jean Wyllys, ser\u00e1 no dia 14 de maio e transmitido ao vivo pela TV C\u00e2mara<\/em><br \/>\n\t&nbsp;<br \/>\n\tNo pr\u00f3ximo dia 14 de maio ser\u00e1 realizado, na C\u00e2mara dos Deputados, o 10\u00ba Semin\u00e1rio de L\u00e9sbicas, Gays, Bissexuais, Travestis e Transexuais (LGBT), que, mais uma vez, leva ao Congresso Nacional temas contempor\u00e2neos que afligem a comunidade n\u00e3o apenas LGBT, mas de grupos historicamente estigmatizados. Em sua 10\u00aa edi\u00e7\u00e3o, o evento este ano abre espa\u00e7o para uma discuss\u00e3o sobre religi\u00e3o e diversidades e reunir\u00e1 representantes das diferentes religi\u00f5es em vigor no Brasil, lideran\u00e7as dos movimentos LGBTs e outros grupos difamados, al\u00e9m de acad\u00eamicos que se dediquem ao estudo das religi\u00f5es e ou das transforma\u00e7\u00f5es da democracia para discutir o tema \u201cA liberdade de cren\u00e7a em rela\u00e7\u00e3o \u00e0s outras liberdades individuais\u201d. O lema do evento \u00e9 \u201cLiberdades, abram as asas sobre n\u00f3s\u201d. O deputado Jean Wyllys, pelo PSOL do Rio de Janeiro, \u00e9 um dos articuladores do semin\u00e1rio, que \u00e9 organizado pelas Comiss\u00f5es de Cultura, de Educa\u00e7\u00e3o e de Legisla\u00e7\u00e3o Participativa, em parceria com a Frente Mista pela Cidadania LGBT e Frente Parlamentar em Defesa dos Direitos Humanos.<br \/>\n\t&nbsp;<br \/>\n\tRec\u00e9m excomungado da Igreja Cat\u00f3lica por criticar algumas posturas conservadoras da Igreja, Roberto Francisco Daniel, o padre Beto,&nbsp;ser\u00e1 um dos palestrantes do evento. Segundo ele, a discuss\u00e3o que o semin\u00e1rio prop\u00f5e est\u00e1 em sintonia com a ideia de que essas posturas precisam ser revisitadas para que as liberdades individuais sejam respeitadas. \u201cA religi\u00e3o crist\u00e3 \u00e9 um caminho de transcend\u00eancia que n\u00e3o se choca de maneira alguma com a sexualidade. Pelo contr\u00e1rio, para viver o amor crist\u00e3o \u00e9 necess\u00e1rio o reconhecimento e o respeito \u00e0 diversidade sexual. O Cristo quando conversou com a samaritana estaria hoje pr\u00f3ximo de todos que pertencem ao grupo LGBT\u201d, diz.<br \/>\n\t&nbsp;<br \/>\n\tSegundo o deputado Jean Wyllys (PSOL-RJ), autor do requerimento do semin\u00e1rio, abrir esse debate para a sociedade como um todo, mas principalmente aos agentes do setor da religi\u00e3o, \u00e9 imprescind\u00edvel nesse momento em que o fundamentalismo vem tolhendo os espa\u00e7os de discuss\u00e3o dos direitos de minorias: \u201cO semin\u00e1rio ser\u00e1 um espa\u00e7o para debater, dialogar, e aprender com l\u00edderes religiosos e especialistas como um direito constitucional \u2013 de liberdade de cren\u00e7a \u2013 se relaciona com outras garantias constitucionais, partindo da compreens\u00e3o da pr\u00f3pria forma como essas institui\u00e7\u00f5es religiosas encaram quest\u00f5es concernentes \u00e0 orienta\u00e7\u00e3o sexual e\/ou identidade de g\u00eanero dos indiv\u00edduos. Por sermos uma sociedade formada por diferentes modos de vida, por diferentes religi\u00f5es, por agn\u00f3sticos e ate\u00edstas, o estado deve assegurar a cada cidad\u00e3o a liberdade de cren\u00e7a, de n\u00e3o cren\u00e7a, e o direito de livre express\u00e3o da sua orienta\u00e7\u00e3o sexual e\/ou da sua identidade de g\u00eanero\u201d, diz Wyllys.<br \/>\n\t&nbsp;<br \/>\n\tDividido em duas etapas, a programa\u00e7\u00e3o do semin\u00e1rio acontecer\u00e1 de manh\u00e3, das 9 \u00e0s 13h, no Plen\u00e1rio 2, com a mesa \u201cEstado laico na pr\u00e1tica e na teoria&nbsp;(Como fica o processo de representa\u00e7\u00e3o pol\u00edtica diante das contradi\u00e7\u00f5es existentes na Constitui\u00e7\u00e3o e nas pr\u00e1ticas de institui\u00e7\u00f5es?)\u201d; e das 14h \u00e0s 18h30, no audit\u00f3rio Nereu Ramos, com a mesa \u201cReligi\u00e3o e diversidades\u201d (Como trabalhar as diferen\u00e7as culturais para a garantia de um Estado Laico?)\u201d.<br \/>\n\t&nbsp;<br \/>\n\tO Semin\u00e1rio LGBT do Congresso Nacional ser\u00e1 transmitido ao vivo pela TV C\u00e2mara.&nbsp;<br \/>\n\t&nbsp;<br \/>\n\t<strong>Servi\u00e7o:<\/strong><br \/>\n\tD\u00e9cimo Semin\u00e1rio LGBT do Congresso Nacional \u2013 \u201cA liberdade de cren\u00e7a em rela\u00e7\u00e3o \u00e0s outras liberdades individuais\u201d. Dia 14 de maio de 2013, das 09h \u00e0s 13h, no Plen\u00e1rio 02, e das 14h \u00e0s 18h30 no audit\u00f3rio Nereu Ramos, C\u00e2mara dos Deputados. Informa\u00e7\u00f5es: (61) 3215-5646.<\/div>\n<p>&nbsp;<\/p>\n","protected":false},"excerpt":{"rendered":"<p>Evento, cujo requerimento foi de autoria do deputado Jean Wyllys, ser\u00e1 no dia 14 de maio e transmitido ao vivo pela TV C\u00e2mara &nbsp; No pr\u00f3ximo dia 14 de maio ser\u00e1 realizado, na C\u00e2mara dos Deputados, o 10\u00ba Semin\u00e1rio de L\u00e9sbicas, Gays, Bissexuais, Travestis e Transexuais (LGBT), que, mais uma vez, leva ao Congresso Nacional [&hellip;]<\/p>\n","protected":false},"author":2,"featured_media":0,"comment_status":"open","ping_status":"open","sticky":false,"template":"","format":"standard","meta":{"_acf_changed":false,"footnotes":""},"categories":[4766],"tags":[],"class_list":{"0":"post-1958","1":"post","2":"type-post","3":"status-publish","4":"format-standard","6":"category-arquivo"},"acf":[],"yoast_head":"<!-- This site is optimized with the Yoast SEO plugin v26.5 - https:\/\/yoast.com\/wordpress\/plugins\/seo\/ -->\n<title>Semin\u00e1rio LGBT do Congresso Nacional vai debater liberdade religiosa e diversidade sexual - PSOL 50<\/title>\n<meta name=\"robots\" content=\"index, follow, max-snippet:-1, max-image-preview:large, max-video-preview:-1\" \/>\n<link rel=\"canonical\" href=\"https:\/\/psol50.org.br\/seminario-lgbt-do-congresso-nacional-vai-debater-liberdade-religiosa-e-diversidade-sexual\/\" \/>\n<meta property=\"og:locale\" content=\"pt_BR\" \/>\n<meta property=\"og:type\" content=\"article\" \/>\n<meta property=\"og:title\" content=\"Semin\u00e1rio LGBT do Congresso Nacional vai debater liberdade religiosa e diversidade sexual - PSOL 50\" \/>\n<meta property=\"og:description\" content=\"Evento, cujo requerimento foi de autoria do deputado Jean Wyllys, ser\u00e1 no dia 14 de maio e transmitido ao vivo pela TV C\u00e2mara &nbsp; No pr\u00f3ximo dia 14 de maio ser\u00e1 realizado, na C\u00e2mara dos Deputados, o 10\u00ba Semin\u00e1rio de L\u00e9sbicas, Gays, Bissexuais, Travestis e Transexuais (LGBT), que, mais uma vez, leva ao Congresso Nacional [&hellip;]\" \/>\n<meta property=\"og:url\" content=\"https:\/\/psol50.org.br\/seminario-lgbt-do-congresso-nacional-vai-debater-liberdade-religiosa-e-diversidade-sexual\/\" \/>\n<meta property=\"og:site_name\" content=\"PSOL 50\" \/>\n<meta property=\"article:publisher\" content=\"https:\/\/www.facebook.com\/psol50\" \/>\n<meta property=\"article:published_time\" content=\"2013-05-07T00:00:00+00:00\" \/>\n<meta property=\"og:image\" content=\"https:\/\/psol50.org.br\/inc\/uploads\/2018\/07\/capa.png\" \/>\n\t<meta property=\"og:image:width\" content=\"1350\" \/>\n\t<meta property=\"og:image:height\" content=\"900\" \/>\n\t<meta property=\"og:image:type\" content=\"image\/png\" \/>\n<meta name=\"author\" content=\"Comunica\u00e7\u00e3o PSOL\" \/>\n<meta name=\"twitter:card\" content=\"summary_large_image\" \/>\n<meta name=\"twitter:creator\" content=\"@psol50\" \/>\n<meta name=\"twitter:site\" content=\"@psol50\" \/>\n<meta name=\"twitter:label1\" content=\"Escrito por\" \/>\n\t<meta name=\"twitter:data1\" content=\"Comunica\u00e7\u00e3o PSOL\" \/>\n\t<meta name=\"twitter:label2\" content=\"Est. tempo de leitura\" \/>\n\t<meta name=\"twitter:data2\" content=\"3 minutos\" \/>\n<script type=\"application\/ld+json\" class=\"yoast-schema-graph\">{\"@context\":\"https:\/\/schema.org\",\"@graph\":[{\"@type\":\"Article\",\"@id\":\"https:\/\/psol50.org.br\/seminario-lgbt-do-congresso-nacional-vai-debater-liberdade-religiosa-e-diversidade-sexual\/#article\",\"isPartOf\":{\"@id\":\"https:\/\/psol50.org.br\/seminario-lgbt-do-congresso-nacional-vai-debater-liberdade-religiosa-e-diversidade-sexual\/\"},\"author\":{\"name\":\"Comunica\u00e7\u00e3o PSOL\",\"@id\":\"https:\/\/psol50.org.br\/#\/schema\/person\/475dfa57d0b815993c714c2e96491fcd\"},\"headline\":\"Semin\u00e1rio LGBT do Congresso Nacional vai debater liberdade religiosa e diversidade sexual\",\"datePublished\":\"2013-05-07T00:00:00+00:00\",\"mainEntityOfPage\":{\"@id\":\"https:\/\/psol50.org.br\/seminario-lgbt-do-congresso-nacional-vai-debater-liberdade-religiosa-e-diversidade-sexual\/\"},\"wordCount\":665,\"commentCount\":0,\"publisher\":{\"@id\":\"https:\/\/psol50.org.br\/#organization\"},\"articleSection\":[\"Arquivo\"],\"inLanguage\":\"pt-BR\",\"potentialAction\":[{\"@type\":\"CommentAction\",\"name\":\"Comment\",\"target\":[\"https:\/\/psol50.org.br\/seminario-lgbt-do-congresso-nacional-vai-debater-liberdade-religiosa-e-diversidade-sexual\/#respond\"]}]},{\"@type\":\"WebPage\",\"@id\":\"https:\/\/psol50.org.br\/seminario-lgbt-do-congresso-nacional-vai-debater-liberdade-religiosa-e-diversidade-sexual\/\",\"url\":\"https:\/\/psol50.org.br\/seminario-lgbt-do-congresso-nacional-vai-debater-liberdade-religiosa-e-diversidade-sexual\/\",\"name\":\"Semin\u00e1rio LGBT do Congresso Nacional vai debater liberdade religiosa e diversidade sexual - PSOL 50\",\"isPartOf\":{\"@id\":\"https:\/\/psol50.org.br\/#website\"},\"datePublished\":\"2013-05-07T00:00:00+00:00\",\"breadcrumb\":{\"@id\":\"https:\/\/psol50.org.br\/seminario-lgbt-do-congresso-nacional-vai-debater-liberdade-religiosa-e-diversidade-sexual\/#breadcrumb\"},\"inLanguage\":\"pt-BR\",\"potentialAction\":[{\"@type\":\"ReadAction\",\"target\":[\"https:\/\/psol50.org.br\/seminario-lgbt-do-congresso-nacional-vai-debater-liberdade-religiosa-e-diversidade-sexual\/\"]}]},{\"@type\":\"BreadcrumbList\",\"@id\":\"https:\/\/psol50.org.br\/seminario-lgbt-do-congresso-nacional-vai-debater-liberdade-religiosa-e-diversidade-sexual\/#breadcrumb\",\"itemListElement\":[{\"@type\":\"ListItem\",\"position\":1,\"name\":\"In\u00edcio\",\"item\":\"https:\/\/psol50.org.br\/\"},{\"@type\":\"ListItem\",\"position\":2,\"name\":\"Semin\u00e1rio LGBT do Congresso Nacional vai debater liberdade religiosa e diversidade sexual\"}]},{\"@type\":\"WebSite\",\"@id\":\"https:\/\/psol50.org.br\/#website\",\"url\":\"https:\/\/psol50.org.br\/\",\"name\":\"PSOL 50\",\"description\":\"Site oficial do Partido Socialismo e Liberdade\",\"publisher\":{\"@id\":\"https:\/\/psol50.org.br\/#organization\"},\"alternateName\":\"PSOL50\",\"potentialAction\":[{\"@type\":\"SearchAction\",\"target\":{\"@type\":\"EntryPoint\",\"urlTemplate\":\"https:\/\/psol50.org.br\/?s={search_term_string}\"},\"query-input\":{\"@type\":\"PropertyValueSpecification\",\"valueRequired\":true,\"valueName\":\"search_term_string\"}}],\"inLanguage\":\"pt-BR\"},{\"@type\":\"Organization\",\"@id\":\"https:\/\/psol50.org.br\/#organization\",\"name\":\"PSOL 50\",\"alternateName\":\"PSOL 50\",\"url\":\"https:\/\/psol50.org.br\/\",\"logo\":{\"@type\":\"ImageObject\",\"inLanguage\":\"pt-BR\",\"@id\":\"https:\/\/psol50.org.br\/#\/schema\/logo\/image\/\",\"url\":\"https:\/\/psol50.org.br\/inc\/uploads\/2018\/07\/capa.png\",\"contentUrl\":\"https:\/\/psol50.org.br\/inc\/uploads\/2018\/07\/capa.png\",\"width\":1350,\"height\":900,\"caption\":\"PSOL 50\"},\"image\":{\"@id\":\"https:\/\/psol50.org.br\/#\/schema\/logo\/image\/\"},\"sameAs\":[\"https:\/\/www.facebook.com\/psol50\",\"https:\/\/x.com\/psol50\",\"https:\/\/www.instagram.com\/psol50\/\",\"https:\/\/www.youtube.com\/channel\/UC7SnJS5o1os7a6CaiNabzcg\"]},{\"@type\":\"Person\",\"@id\":\"https:\/\/psol50.org.br\/#\/schema\/person\/475dfa57d0b815993c714c2e96491fcd\",\"name\":\"Comunica\u00e7\u00e3o PSOL\",\"image\":{\"@type\":\"ImageObject\",\"inLanguage\":\"pt-BR\",\"@id\":\"https:\/\/psol50.org.br\/#\/schema\/person\/image\/\",\"url\":\"https:\/\/secure.gravatar.com\/avatar\/b34fc4f4e468a4e51785917065a3db57b841f5c95dba6ad8c73aaf8f66f8f9bf?s=96&d=mm&r=g\",\"contentUrl\":\"https:\/\/secure.gravatar.com\/avatar\/b34fc4f4e468a4e51785917065a3db57b841f5c95dba6ad8c73aaf8f66f8f9bf?s=96&d=mm&r=g\",\"caption\":\"Comunica\u00e7\u00e3o PSOL\"}}]}<\/script>\n<!-- \/ Yoast SEO plugin. -->","yoast_head_json":{"title":"Semin\u00e1rio LGBT do Congresso Nacional vai debater liberdade religiosa e diversidade sexual - PSOL 50","robots":{"index":"index","follow":"follow","max-snippet":"max-snippet:-1","max-image-preview":"max-image-preview:large","max-video-preview":"max-video-preview:-1"},"canonical":"https:\/\/psol50.org.br\/seminario-lgbt-do-congresso-nacional-vai-debater-liberdade-religiosa-e-diversidade-sexual\/","og_locale":"pt_BR","og_type":"article","og_title":"Semin\u00e1rio LGBT do Congresso Nacional vai debater liberdade religiosa e diversidade sexual - PSOL 50","og_description":"Evento, cujo requerimento foi de autoria do deputado Jean Wyllys, ser\u00e1 no dia 14 de maio e transmitido ao vivo pela TV C\u00e2mara &nbsp; No pr\u00f3ximo dia 14 de maio ser\u00e1 realizado, na C\u00e2mara dos Deputados, o 10\u00ba Semin\u00e1rio de L\u00e9sbicas, Gays, Bissexuais, Travestis e Transexuais (LGBT), que, mais uma vez, leva ao Congresso Nacional [&hellip;]","og_url":"https:\/\/psol50.org.br\/seminario-lgbt-do-congresso-nacional-vai-debater-liberdade-religiosa-e-diversidade-sexual\/","og_site_name":"PSOL 50","article_publisher":"https:\/\/www.facebook.com\/psol50","article_published_time":"2013-05-07T00:00:00+00:00","og_image":[{"width":1350,"height":900,"url":"https:\/\/psol50.org.br\/inc\/uploads\/2018\/07\/capa.png","type":"image\/png"}],"author":"Comunica\u00e7\u00e3o PSOL","twitter_card":"summary_large_image","twitter_creator":"@psol50","twitter_site":"@psol50","twitter_misc":{"Escrito por":"Comunica\u00e7\u00e3o PSOL","Est. tempo de leitura":"3 minutos"},"schema":{"@context":"https:\/\/schema.org","@graph":[{"@type":"Article","@id":"https:\/\/psol50.org.br\/seminario-lgbt-do-congresso-nacional-vai-debater-liberdade-religiosa-e-diversidade-sexual\/#article","isPartOf":{"@id":"https:\/\/psol50.org.br\/seminario-lgbt-do-congresso-nacional-vai-debater-liberdade-religiosa-e-diversidade-sexual\/"},"author":{"name":"Comunica\u00e7\u00e3o PSOL","@id":"https:\/\/psol50.org.br\/#\/schema\/person\/475dfa57d0b815993c714c2e96491fcd"},"headline":"Semin\u00e1rio LGBT do Congresso Nacional vai debater liberdade religiosa e diversidade sexual","datePublished":"2013-05-07T00:00:00+00:00","mainEntityOfPage":{"@id":"https:\/\/psol50.org.br\/seminario-lgbt-do-congresso-nacional-vai-debater-liberdade-religiosa-e-diversidade-sexual\/"},"wordCount":665,"commentCount":0,"publisher":{"@id":"https:\/\/psol50.org.br\/#organization"},"articleSection":["Arquivo"],"inLanguage":"pt-BR","potentialAction":[{"@type":"CommentAction","name":"Comment","target":["https:\/\/psol50.org.br\/seminario-lgbt-do-congresso-nacional-vai-debater-liberdade-religiosa-e-diversidade-sexual\/#respond"]}]},{"@type":"WebPage","@id":"https:\/\/psol50.org.br\/seminario-lgbt-do-congresso-nacional-vai-debater-liberdade-religiosa-e-diversidade-sexual\/","url":"https:\/\/psol50.org.br\/seminario-lgbt-do-congresso-nacional-vai-debater-liberdade-religiosa-e-diversidade-sexual\/","name":"Semin\u00e1rio LGBT do Congresso Nacional vai debater liberdade religiosa e diversidade sexual - PSOL 50","isPartOf":{"@id":"https:\/\/psol50.org.br\/#website"},"datePublished":"2013-05-07T00:00:00+00:00","breadcrumb":{"@id":"https:\/\/psol50.org.br\/seminario-lgbt-do-congresso-nacional-vai-debater-liberdade-religiosa-e-diversidade-sexual\/#breadcrumb"},"inLanguage":"pt-BR","potentialAction":[{"@type":"ReadAction","target":["https:\/\/psol50.org.br\/seminario-lgbt-do-congresso-nacional-vai-debater-liberdade-religiosa-e-diversidade-sexual\/"]}]},{"@type":"BreadcrumbList","@id":"https:\/\/psol50.org.br\/seminario-lgbt-do-congresso-nacional-vai-debater-liberdade-religiosa-e-diversidade-sexual\/#breadcrumb","itemListElement":[{"@type":"ListItem","position":1,"name":"In\u00edcio","item":"https:\/\/psol50.org.br\/"},{"@type":"ListItem","position":2,"name":"Semin\u00e1rio LGBT do Congresso Nacional vai debater liberdade religiosa e diversidade sexual"}]},{"@type":"WebSite","@id":"https:\/\/psol50.org.br\/#website","url":"https:\/\/psol50.org.br\/","name":"PSOL 50","description":"Site oficial do Partido Socialismo e Liberdade","publisher":{"@id":"https:\/\/psol50.org.br\/#organization"},"alternateName":"PSOL50","potentialAction":[{"@type":"SearchAction","target":{"@type":"EntryPoint","urlTemplate":"https:\/\/psol50.org.br\/?s={search_term_string}"},"query-input":{"@type":"PropertyValueSpecification","valueRequired":true,"valueName":"search_term_string"}}],"inLanguage":"pt-BR"},{"@type":"Organization","@id":"https:\/\/psol50.org.br\/#organization","name":"PSOL 50","alternateName":"PSOL 50","url":"https:\/\/psol50.org.br\/","logo":{"@type":"ImageObject","inLanguage":"pt-BR","@id":"https:\/\/psol50.org.br\/#\/schema\/logo\/image\/","url":"https:\/\/psol50.org.br\/inc\/uploads\/2018\/07\/capa.png","contentUrl":"https:\/\/psol50.org.br\/inc\/uploads\/2018\/07\/capa.png","width":1350,"height":900,"caption":"PSOL 50"},"image":{"@id":"https:\/\/psol50.org.br\/#\/schema\/logo\/image\/"},"sameAs":["https:\/\/www.facebook.com\/psol50","https:\/\/x.com\/psol50","https:\/\/www.instagram.com\/psol50\/","https:\/\/www.youtube.com\/channel\/UC7SnJS5o1os7a6CaiNabzcg"]},{"@type":"Person","@id":"https:\/\/psol50.org.br\/#\/schema\/person\/475dfa57d0b815993c714c2e96491fcd","name":"Comunica\u00e7\u00e3o PSOL","image":{"@type":"ImageObject","inLanguage":"pt-BR","@id":"https:\/\/psol50.org.br\/#\/schema\/person\/image\/","url":"https:\/\/secure.gravatar.com\/avatar\/b34fc4f4e468a4e51785917065a3db57b841f5c95dba6ad8c73aaf8f66f8f9bf?s=96&d=mm&r=g","contentUrl":"https:\/\/secure.gravatar.com\/avatar\/b34fc4f4e468a4e51785917065a3db57b841f5c95dba6ad8c73aaf8f66f8f9bf?s=96&d=mm&r=g","caption":"Comunica\u00e7\u00e3o PSOL"}}]}},"_links":{"self":[{"href":"https:\/\/psol50.org.br\/rest\/wp\/v2\/posts\/1958","targetHints":{"allow":["GET"]}}],"collection":[{"href":"https:\/\/psol50.org.br\/rest\/wp\/v2\/posts"}],"about":[{"href":"https:\/\/psol50.org.br\/rest\/wp\/v2\/types\/post"}],"author":[{"embeddable":true,"href":"https:\/\/psol50.org.br\/rest\/wp\/v2\/users\/2"}],"replies":[{"embeddable":true,"href":"https:\/\/psol50.org.br\/rest\/wp\/v2\/comments?post=1958"}],"version-history":[{"count":0,"href":"https:\/\/psol50.org.br\/rest\/wp\/v2\/posts\/1958\/revisions"}],"wp:attachment":[{"href":"https:\/\/psol50.org.br\/rest\/wp\/v2\/media?parent=1958"}],"wp:term":[{"taxonomy":"category","embeddable":true,"href":"https:\/\/psol50.org.br\/rest\/wp\/v2\/categories?post=1958"},{"taxonomy":"post_tag","embeddable":true,"href":"https:\/\/psol50.org.br\/rest\/wp\/v2\/tags?post=1958"}],"curies":[{"name":"wp","href":"https:\/\/api.w.org\/{rel}","templated":true}]}}