{"id":19581,"date":"2018-01-26T12:06:40","date_gmt":"2018-01-26T14:06:40","guid":{"rendered":"http:\/\/www.psol50.org.br\/?p=19581"},"modified":"2018-01-26T12:06:40","modified_gmt":"2018-01-26T14:06:40","slug":"privatizacao-da-eletrobras-e-mais-uma-etapa-do-desmonte-feito-por-temer-avalia-lider-do-psol","status":"publish","type":"post","link":"https:\/\/psol50.org.br\/privatizacao-da-eletrobras-e-mais-uma-etapa-do-desmonte-feito-por-temer-avalia-lider-do-psol\/","title":{"rendered":"Privatiza\u00e7\u00e3o da Eletrobras \u00e9 mais uma etapa do desmonte feito por Temer, avalia l\u00edder do PSOL"},"content":{"rendered":"<p>O aprofundamento da pol\u00edtica de ajuste fiscal colocado em pr\u00e1tica por Michel Temer continua sendo a prioridade de seu governo em 2018. No que depender do Pal\u00e1cio do Planalto e de sua base de sustenta\u00e7\u00e3o no Congresso Nacional, o novo ano que se iniciou h\u00e1 menos de um m\u00eas seguir\u00e1 a mesma linha de 2017, fortemente marcado pelos retrocessos contra o povo brasileiro.<\/p>\n<p>Al\u00e9m da Reforma da Previd\u00eancia, o governo tamb\u00e9m tem como pauta priorit\u00e1ria a vota\u00e7\u00e3o da venda da Eletrobras. No \u00faltimo dia 23 chegou \u00e0 C\u00e2mara dos Deputados o <a href=\"http:\/\/www.camara.gov.br\/proposicoesWeb\/fichadetramitacao?idProposicao=2167572\" target=\"_blank\" rel=\"noopener\"><span style=\"color: #0000ff;\"><strong>Projeto de Lei 9463\/18<\/strong><\/span><\/a>, do Poder Executivo, que regulamenta a privatiza\u00e7\u00e3o do setor de energia no Brasil, a ser feita a partir da transfer\u00eancia para o setor privado da Eletrobras e de suas subsidi\u00e1rias, diminuindo drasticamente a participa\u00e7\u00e3o da Uni\u00e3o.<\/p>\n<p>A empresa estatal \u00e9 a maior do setor na Am\u00e9rica Latina e a 16\u00aa maior empresa de energia do mundo. \u00c9 dela 30,7% da capacidade de gera\u00e7\u00e3o de energia do Brasil.<\/p>\n<p>O argumento do governo \u00e9 que, com a privatiza\u00e7\u00e3o, ocorrer\u00e1 a redu\u00e7\u00e3o das tarifas de energia pagas pelo consumidor. Na avalia\u00e7\u00e3o do l\u00edder do PSOL na C\u00e2mara, Glauber Braga (RJ), essa justificativa n\u00e3o passa de fal\u00e1cia, uma vez que a venda do patrim\u00f4nio deixar\u00e1 o setor nas m\u00e3os do setor privado. Ele j\u00e1 adianta que o PSOL votar\u00e1 contra.<\/p>\n<p>\u201cA privatiza\u00e7\u00e3o da Eletrobras \u00e9 mais uma etapa do programa de desmonte do Estado brasileiro. O governo Temer e aqueles lhe d\u00e3o sustenta\u00e7\u00e3o querem, a todo custo, entregar tudo que seja poss\u00edvel no mais curto espa\u00e7o de tempo. E quem vai pagar essa conta \u00e9, necessariamente, o trabalhador brasileiro, que vai ter o aumento da tarifa de energia el\u00e9trica e o interesse brasileiro subordinado ao do capital internacional\u201d, destaca Braga, ao comentar o projeto enviado esta semana \u00e0 C\u00e2mara.<\/p>\n<p>O principal aliado de Temer na Casa, Rodrigo Maia (DEM-RJ), anunciou que tem pressa em votar a proposta. O prazo dado pelo presidente da C\u00e2mara, que ocupa interinamente a presid\u00eancia do pa\u00eds, \u00e9 abril deste ano.<\/p>\n<p>Segundo Glauber Braga, a bancada do PSOL vai resistir com todos os instrumentos para que essa mat\u00e9ria n\u00e3o seja aprovada.<\/p>\n","protected":false},"excerpt":{"rendered":"<p>O aprofundamento da pol\u00edtica de ajuste fiscal colocado em pr\u00e1tica por Michel Temer continua sendo a prioridade de seu governo em 2018. No que depender do Pal\u00e1cio do Planalto e de sua base de sustenta\u00e7\u00e3o no Congresso Nacional, o novo ano que se iniciou h\u00e1 menos de um m\u00eas seguir\u00e1 a mesma linha de 2017, [&hellip;]<\/p>\n","protected":false},"author":2,"featured_media":19582,"comment_status":"open","ping_status":"open","sticky":false,"template":"","format":"standard","meta":{"_acf_changed":false,"footnotes":""},"categories":[10,1882,6],"tags":[2183,2184,1417,2185,1191,1748,157,2186,22,64,2187],"class_list":{"0":"post-19581","1":"post","2":"type-post","3":"status-publish","4":"format-standard","5":"has-post-thumbnail","7":"category-acao-parlamentares","8":"category-brasil","9":"category-noticias","10":"tag-consumidor","11":"tag-conta-de-energia","12":"tag-eletrobras","13":"tag-estatal","14":"tag-glauber-braga","15":"tag-michel-temer","16":"tag-privatizacao","17":"tag-projeto-de-lei-964318","18":"tag-psol","19":"tag-rodrigo-maia","20":"tag-setor-eletrico"},"acf":[],"yoast_head":"<!-- This site is optimized with the Yoast SEO plugin v26.5 - https:\/\/yoast.com\/wordpress\/plugins\/seo\/ -->\n<title>Privatiza\u00e7\u00e3o da Eletrobras \u00e9 mais uma etapa do desmonte feito por Temer, avalia l\u00edder do PSOL - PSOL 50<\/title>\n<meta name=\"robots\" content=\"index, follow, max-snippet:-1, max-image-preview:large, max-video-preview:-1\" \/>\n<link rel=\"canonical\" href=\"https:\/\/psol50.org.br\/privatizacao-da-eletrobras-e-mais-uma-etapa-do-desmonte-feito-por-temer-avalia-lider-do-psol\/\" \/>\n<meta property=\"og:locale\" content=\"pt_BR\" \/>\n<meta property=\"og:type\" content=\"article\" \/>\n<meta property=\"og:title\" content=\"Privatiza\u00e7\u00e3o da Eletrobras \u00e9 mais uma etapa do desmonte feito por Temer, avalia l\u00edder do PSOL - PSOL 50\" \/>\n<meta property=\"og:description\" content=\"O aprofundamento da pol\u00edtica de ajuste fiscal colocado em pr\u00e1tica por Michel Temer continua sendo a prioridade de seu governo em 2018. No que depender do Pal\u00e1cio do Planalto e de sua base de sustenta\u00e7\u00e3o no Congresso Nacional, o novo ano que se iniciou h\u00e1 menos de um m\u00eas seguir\u00e1 a mesma linha de 2017, [&hellip;]\" \/>\n<meta property=\"og:url\" content=\"https:\/\/psol50.org.br\/privatizacao-da-eletrobras-e-mais-uma-etapa-do-desmonte-feito-por-temer-avalia-lider-do-psol\/\" \/>\n<meta property=\"og:site_name\" content=\"PSOL 50\" \/>\n<meta property=\"article:publisher\" content=\"https:\/\/www.facebook.com\/psol50\" \/>\n<meta property=\"article:published_time\" content=\"2018-01-26T14:06:40+00:00\" \/>\n<meta property=\"og:image\" content=\"https:\/\/psol50.org.br\/inc\/uploads\/2018\/01\/Hidreletrica_ABr.jpg\" \/>\n\t<meta property=\"og:image:width\" content=\"1350\" \/>\n\t<meta property=\"og:image:height\" content=\"903\" \/>\n\t<meta property=\"og:image:type\" content=\"image\/jpeg\" \/>\n<meta name=\"author\" content=\"Comunica\u00e7\u00e3o PSOL\" \/>\n<meta name=\"twitter:card\" content=\"summary_large_image\" \/>\n<meta name=\"twitter:creator\" content=\"@psol50\" \/>\n<meta name=\"twitter:site\" content=\"@psol50\" \/>\n<meta name=\"twitter:label1\" content=\"Escrito por\" \/>\n\t<meta name=\"twitter:data1\" content=\"Comunica\u00e7\u00e3o PSOL\" \/>\n\t<meta name=\"twitter:label2\" content=\"Est. tempo de leitura\" \/>\n\t<meta name=\"twitter:data2\" content=\"2 minutos\" \/>\n<script type=\"application\/ld+json\" class=\"yoast-schema-graph\">{\"@context\":\"https:\/\/schema.org\",\"@graph\":[{\"@type\":\"Article\",\"@id\":\"https:\/\/psol50.org.br\/privatizacao-da-eletrobras-e-mais-uma-etapa-do-desmonte-feito-por-temer-avalia-lider-do-psol\/#article\",\"isPartOf\":{\"@id\":\"https:\/\/psol50.org.br\/privatizacao-da-eletrobras-e-mais-uma-etapa-do-desmonte-feito-por-temer-avalia-lider-do-psol\/\"},\"author\":{\"name\":\"Comunica\u00e7\u00e3o PSOL\",\"@id\":\"https:\/\/psol50.org.br\/#\/schema\/person\/475dfa57d0b815993c714c2e96491fcd\"},\"headline\":\"Privatiza\u00e7\u00e3o da Eletrobras \u00e9 mais uma etapa do desmonte feito por Temer, avalia l\u00edder do PSOL\",\"datePublished\":\"2018-01-26T14:06:40+00:00\",\"mainEntityOfPage\":{\"@id\":\"https:\/\/psol50.org.br\/privatizacao-da-eletrobras-e-mais-uma-etapa-do-desmonte-feito-por-temer-avalia-lider-do-psol\/\"},\"wordCount\":398,\"commentCount\":0,\"publisher\":{\"@id\":\"https:\/\/psol50.org.br\/#organization\"},\"image\":{\"@id\":\"https:\/\/psol50.org.br\/privatizacao-da-eletrobras-e-mais-uma-etapa-do-desmonte-feito-por-temer-avalia-lider-do-psol\/#primaryimage\"},\"thumbnailUrl\":\"https:\/\/psol50.org.br\/inc\/uploads\/2018\/01\/Hidreletrica_ABr.jpg\",\"keywords\":[\"consumidor\",\"conta de energia\",\"Eletrobras\",\"estatal\",\"Glauber Braga\",\"Michel Temer\",\"privatiza\u00e7\u00e3o\",\"Projeto de Lei 9643\/18\",\"PSOL\",\"Rodrigo Maia\",\"setor el\u00e9trico\"],\"articleSection\":[\"A\u00e7\u00e3o Parlamentar\",\"Brasil\",\"Not\u00edcias\"],\"inLanguage\":\"pt-BR\",\"potentialAction\":[{\"@type\":\"CommentAction\",\"name\":\"Comment\",\"target\":[\"https:\/\/psol50.org.br\/privatizacao-da-eletrobras-e-mais-uma-etapa-do-desmonte-feito-por-temer-avalia-lider-do-psol\/#respond\"]}]},{\"@type\":\"WebPage\",\"@id\":\"https:\/\/psol50.org.br\/privatizacao-da-eletrobras-e-mais-uma-etapa-do-desmonte-feito-por-temer-avalia-lider-do-psol\/\",\"url\":\"https:\/\/psol50.org.br\/privatizacao-da-eletrobras-e-mais-uma-etapa-do-desmonte-feito-por-temer-avalia-lider-do-psol\/\",\"name\":\"Privatiza\u00e7\u00e3o da Eletrobras \u00e9 mais uma etapa do desmonte feito por Temer, avalia l\u00edder do PSOL - PSOL 50\",\"isPartOf\":{\"@id\":\"https:\/\/psol50.org.br\/#website\"},\"primaryImageOfPage\":{\"@id\":\"https:\/\/psol50.org.br\/privatizacao-da-eletrobras-e-mais-uma-etapa-do-desmonte-feito-por-temer-avalia-lider-do-psol\/#primaryimage\"},\"image\":{\"@id\":\"https:\/\/psol50.org.br\/privatizacao-da-eletrobras-e-mais-uma-etapa-do-desmonte-feito-por-temer-avalia-lider-do-psol\/#primaryimage\"},\"thumbnailUrl\":\"https:\/\/psol50.org.br\/inc\/uploads\/2018\/01\/Hidreletrica_ABr.jpg\",\"datePublished\":\"2018-01-26T14:06:40+00:00\",\"breadcrumb\":{\"@id\":\"https:\/\/psol50.org.br\/privatizacao-da-eletrobras-e-mais-uma-etapa-do-desmonte-feito-por-temer-avalia-lider-do-psol\/#breadcrumb\"},\"inLanguage\":\"pt-BR\",\"potentialAction\":[{\"@type\":\"ReadAction\",\"target\":[\"https:\/\/psol50.org.br\/privatizacao-da-eletrobras-e-mais-uma-etapa-do-desmonte-feito-por-temer-avalia-lider-do-psol\/\"]}]},{\"@type\":\"ImageObject\",\"inLanguage\":\"pt-BR\",\"@id\":\"https:\/\/psol50.org.br\/privatizacao-da-eletrobras-e-mais-uma-etapa-do-desmonte-feito-por-temer-avalia-lider-do-psol\/#primaryimage\",\"url\":\"https:\/\/psol50.org.br\/inc\/uploads\/2018\/01\/Hidreletrica_ABr.jpg\",\"contentUrl\":\"https:\/\/psol50.org.br\/inc\/uploads\/2018\/01\/Hidreletrica_ABr.jpg\",\"width\":1350,\"height\":903,\"caption\":\"Bras\u0092lia - As concession\u0087rias de gera\u008d\u008bo e transmiss\u008bo de energia t\u0090m at\u008e 1\u00bc de novembro para assinar os requerimentos de prorroga\u008d\u008bo das concess\u009bes, documento que definir\u0087 os pre\u008dos da tarifa e os valores de indeniza\u008d\u008bo \u0088s empresas. O prazo consta da regulamenta\u008d\u008bo da medida provis\u0097ria que trata das concess\u009bes - e da redu\u008d\u008bo dos encargos aplicados ao setor \u00d0 publicada na edi\u008d\u008bo de hoje (17) do Di\u0087rio Oficial da Uni\u008bo. A presidenta Dilma Rousseff anunciou na semana passada pacote de medidas para reduzir a conta de luz no pa\u0092s a partir de 2013. De acordo com o governo, as redu\u008d\u009bes variar\u008bo de 16,2% a 28% para consumidores individuais e industriais, respectivamente. Caber\u0087 \u0088 Ag\u0090ncia Nacional de Energia El\u008etrica (Aneel) a defini\u008d\u008bo do percentual de redu\u008d\u008bo da tarifa e dos valores de indeniza\u008d\u009bes. As concession\u0087rias de gera\u008d\u008bo dever\u008bo apresentar garantias de que o fornecimentos de energia e de pot\u0090ncia das usinas hidrel\u008etricas ser\u008bo disponibilizados para contrata\u008d\u008bo em regime de cotas (para diferentes tipos de consumidores, como ind\u009cstrias e individuais). As empresas que decidirem continuar como concession\u0087rias ter\u008bo de assinar um contrato ou um termo aditivo garantindo que cumprir\u008bo as condi\u008d\u009bes previstas no prazo de 30 dias, contados a partir da convoca\u008d\u008bo pelo governo federal. O n\u008bo cumprimento do prazo resultar\u0087 na impossibilidade de prorroga\u008d\u008bo da concess\u008bo \u00d2a qualquer tempo\u00d3. Edi\u008d\u008bo: Carolina Pimentel\"},{\"@type\":\"BreadcrumbList\",\"@id\":\"https:\/\/psol50.org.br\/privatizacao-da-eletrobras-e-mais-uma-etapa-do-desmonte-feito-por-temer-avalia-lider-do-psol\/#breadcrumb\",\"itemListElement\":[{\"@type\":\"ListItem\",\"position\":1,\"name\":\"In\u00edcio\",\"item\":\"https:\/\/psol50.org.br\/\"},{\"@type\":\"ListItem\",\"position\":2,\"name\":\"Privatiza\u00e7\u00e3o da Eletrobras \u00e9 mais uma etapa do desmonte feito por Temer, avalia l\u00edder do PSOL\"}]},{\"@type\":\"WebSite\",\"@id\":\"https:\/\/psol50.org.br\/#website\",\"url\":\"https:\/\/psol50.org.br\/\",\"name\":\"PSOL 50\",\"description\":\"Site oficial do Partido Socialismo e Liberdade\",\"publisher\":{\"@id\":\"https:\/\/psol50.org.br\/#organization\"},\"alternateName\":\"PSOL50\",\"potentialAction\":[{\"@type\":\"SearchAction\",\"target\":{\"@type\":\"EntryPoint\",\"urlTemplate\":\"https:\/\/psol50.org.br\/?s={search_term_string}\"},\"query-input\":{\"@type\":\"PropertyValueSpecification\",\"valueRequired\":true,\"valueName\":\"search_term_string\"}}],\"inLanguage\":\"pt-BR\"},{\"@type\":\"Organization\",\"@id\":\"https:\/\/psol50.org.br\/#organization\",\"name\":\"PSOL 50\",\"alternateName\":\"PSOL 50\",\"url\":\"https:\/\/psol50.org.br\/\",\"logo\":{\"@type\":\"ImageObject\",\"inLanguage\":\"pt-BR\",\"@id\":\"https:\/\/psol50.org.br\/#\/schema\/logo\/image\/\",\"url\":\"https:\/\/psol50.org.br\/inc\/uploads\/2018\/07\/capa.png\",\"contentUrl\":\"https:\/\/psol50.org.br\/inc\/uploads\/2018\/07\/capa.png\",\"width\":1350,\"height\":900,\"caption\":\"PSOL 50\"},\"image\":{\"@id\":\"https:\/\/psol50.org.br\/#\/schema\/logo\/image\/\"},\"sameAs\":[\"https:\/\/www.facebook.com\/psol50\",\"https:\/\/x.com\/psol50\",\"https:\/\/www.instagram.com\/psol50\/\",\"https:\/\/www.youtube.com\/channel\/UC7SnJS5o1os7a6CaiNabzcg\"]},{\"@type\":\"Person\",\"@id\":\"https:\/\/psol50.org.br\/#\/schema\/person\/475dfa57d0b815993c714c2e96491fcd\",\"name\":\"Comunica\u00e7\u00e3o PSOL\",\"image\":{\"@type\":\"ImageObject\",\"inLanguage\":\"pt-BR\",\"@id\":\"https:\/\/psol50.org.br\/#\/schema\/person\/image\/\",\"url\":\"https:\/\/secure.gravatar.com\/avatar\/b34fc4f4e468a4e51785917065a3db57b841f5c95dba6ad8c73aaf8f66f8f9bf?s=96&d=mm&r=g\",\"contentUrl\":\"https:\/\/secure.gravatar.com\/avatar\/b34fc4f4e468a4e51785917065a3db57b841f5c95dba6ad8c73aaf8f66f8f9bf?s=96&d=mm&r=g\",\"caption\":\"Comunica\u00e7\u00e3o PSOL\"}}]}<\/script>\n<!-- \/ Yoast SEO plugin. -->","yoast_head_json":{"title":"Privatiza\u00e7\u00e3o da Eletrobras \u00e9 mais uma etapa do desmonte feito por Temer, avalia l\u00edder do PSOL - PSOL 50","robots":{"index":"index","follow":"follow","max-snippet":"max-snippet:-1","max-image-preview":"max-image-preview:large","max-video-preview":"max-video-preview:-1"},"canonical":"https:\/\/psol50.org.br\/privatizacao-da-eletrobras-e-mais-uma-etapa-do-desmonte-feito-por-temer-avalia-lider-do-psol\/","og_locale":"pt_BR","og_type":"article","og_title":"Privatiza\u00e7\u00e3o da Eletrobras \u00e9 mais uma etapa do desmonte feito por Temer, avalia l\u00edder do PSOL - PSOL 50","og_description":"O aprofundamento da pol\u00edtica de ajuste fiscal colocado em pr\u00e1tica por Michel Temer continua sendo a prioridade de seu governo em 2018. No que depender do Pal\u00e1cio do Planalto e de sua base de sustenta\u00e7\u00e3o no Congresso Nacional, o novo ano que se iniciou h\u00e1 menos de um m\u00eas seguir\u00e1 a mesma linha de 2017, [&hellip;]","og_url":"https:\/\/psol50.org.br\/privatizacao-da-eletrobras-e-mais-uma-etapa-do-desmonte-feito-por-temer-avalia-lider-do-psol\/","og_site_name":"PSOL 50","article_publisher":"https:\/\/www.facebook.com\/psol50","article_published_time":"2018-01-26T14:06:40+00:00","og_image":[{"width":1350,"height":903,"url":"https:\/\/psol50.org.br\/inc\/uploads\/2018\/01\/Hidreletrica_ABr.jpg","type":"image\/jpeg"}],"author":"Comunica\u00e7\u00e3o PSOL","twitter_card":"summary_large_image","twitter_creator":"@psol50","twitter_site":"@psol50","twitter_misc":{"Escrito por":"Comunica\u00e7\u00e3o PSOL","Est. tempo de leitura":"2 minutos"},"schema":{"@context":"https:\/\/schema.org","@graph":[{"@type":"Article","@id":"https:\/\/psol50.org.br\/privatizacao-da-eletrobras-e-mais-uma-etapa-do-desmonte-feito-por-temer-avalia-lider-do-psol\/#article","isPartOf":{"@id":"https:\/\/psol50.org.br\/privatizacao-da-eletrobras-e-mais-uma-etapa-do-desmonte-feito-por-temer-avalia-lider-do-psol\/"},"author":{"name":"Comunica\u00e7\u00e3o PSOL","@id":"https:\/\/psol50.org.br\/#\/schema\/person\/475dfa57d0b815993c714c2e96491fcd"},"headline":"Privatiza\u00e7\u00e3o da Eletrobras \u00e9 mais uma etapa do desmonte feito por Temer, avalia l\u00edder do PSOL","datePublished":"2018-01-26T14:06:40+00:00","mainEntityOfPage":{"@id":"https:\/\/psol50.org.br\/privatizacao-da-eletrobras-e-mais-uma-etapa-do-desmonte-feito-por-temer-avalia-lider-do-psol\/"},"wordCount":398,"commentCount":0,"publisher":{"@id":"https:\/\/psol50.org.br\/#organization"},"image":{"@id":"https:\/\/psol50.org.br\/privatizacao-da-eletrobras-e-mais-uma-etapa-do-desmonte-feito-por-temer-avalia-lider-do-psol\/#primaryimage"},"thumbnailUrl":"https:\/\/psol50.org.br\/inc\/uploads\/2018\/01\/Hidreletrica_ABr.jpg","keywords":["consumidor","conta de energia","Eletrobras","estatal","Glauber Braga","Michel Temer","privatiza\u00e7\u00e3o","Projeto de Lei 9643\/18","PSOL","Rodrigo Maia","setor el\u00e9trico"],"articleSection":["A\u00e7\u00e3o Parlamentar","Brasil","Not\u00edcias"],"inLanguage":"pt-BR","potentialAction":[{"@type":"CommentAction","name":"Comment","target":["https:\/\/psol50.org.br\/privatizacao-da-eletrobras-e-mais-uma-etapa-do-desmonte-feito-por-temer-avalia-lider-do-psol\/#respond"]}]},{"@type":"WebPage","@id":"https:\/\/psol50.org.br\/privatizacao-da-eletrobras-e-mais-uma-etapa-do-desmonte-feito-por-temer-avalia-lider-do-psol\/","url":"https:\/\/psol50.org.br\/privatizacao-da-eletrobras-e-mais-uma-etapa-do-desmonte-feito-por-temer-avalia-lider-do-psol\/","name":"Privatiza\u00e7\u00e3o da Eletrobras \u00e9 mais uma etapa do desmonte feito por Temer, avalia l\u00edder do PSOL - PSOL 50","isPartOf":{"@id":"https:\/\/psol50.org.br\/#website"},"primaryImageOfPage":{"@id":"https:\/\/psol50.org.br\/privatizacao-da-eletrobras-e-mais-uma-etapa-do-desmonte-feito-por-temer-avalia-lider-do-psol\/#primaryimage"},"image":{"@id":"https:\/\/psol50.org.br\/privatizacao-da-eletrobras-e-mais-uma-etapa-do-desmonte-feito-por-temer-avalia-lider-do-psol\/#primaryimage"},"thumbnailUrl":"https:\/\/psol50.org.br\/inc\/uploads\/2018\/01\/Hidreletrica_ABr.jpg","datePublished":"2018-01-26T14:06:40+00:00","breadcrumb":{"@id":"https:\/\/psol50.org.br\/privatizacao-da-eletrobras-e-mais-uma-etapa-do-desmonte-feito-por-temer-avalia-lider-do-psol\/#breadcrumb"},"inLanguage":"pt-BR","potentialAction":[{"@type":"ReadAction","target":["https:\/\/psol50.org.br\/privatizacao-da-eletrobras-e-mais-uma-etapa-do-desmonte-feito-por-temer-avalia-lider-do-psol\/"]}]},{"@type":"ImageObject","inLanguage":"pt-BR","@id":"https:\/\/psol50.org.br\/privatizacao-da-eletrobras-e-mais-uma-etapa-do-desmonte-feito-por-temer-avalia-lider-do-psol\/#primaryimage","url":"https:\/\/psol50.org.br\/inc\/uploads\/2018\/01\/Hidreletrica_ABr.jpg","contentUrl":"https:\/\/psol50.org.br\/inc\/uploads\/2018\/01\/Hidreletrica_ABr.jpg","width":1350,"height":903,"caption":"Bras\u0092lia - As concession\u0087rias de gera\u008d\u008bo e transmiss\u008bo de energia t\u0090m at\u008e 1\u00bc de novembro para assinar os requerimentos de prorroga\u008d\u008bo das concess\u009bes, documento que definir\u0087 os pre\u008dos da tarifa e os valores de indeniza\u008d\u008bo \u0088s empresas. O prazo consta da regulamenta\u008d\u008bo da medida provis\u0097ria que trata das concess\u009bes - e da redu\u008d\u008bo dos encargos aplicados ao setor \u00d0 publicada na edi\u008d\u008bo de hoje (17) do Di\u0087rio Oficial da Uni\u008bo. A presidenta Dilma Rousseff anunciou na semana passada pacote de medidas para reduzir a conta de luz no pa\u0092s a partir de 2013. De acordo com o governo, as redu\u008d\u009bes variar\u008bo de 16,2% a 28% para consumidores individuais e industriais, respectivamente. Caber\u0087 \u0088 Ag\u0090ncia Nacional de Energia El\u008etrica (Aneel) a defini\u008d\u008bo do percentual de redu\u008d\u008bo da tarifa e dos valores de indeniza\u008d\u009bes. As concession\u0087rias de gera\u008d\u008bo dever\u008bo apresentar garantias de que o fornecimentos de energia e de pot\u0090ncia das usinas hidrel\u008etricas ser\u008bo disponibilizados para contrata\u008d\u008bo em regime de cotas (para diferentes tipos de consumidores, como ind\u009cstrias e individuais). As empresas que decidirem continuar como concession\u0087rias ter\u008bo de assinar um contrato ou um termo aditivo garantindo que cumprir\u008bo as condi\u008d\u009bes previstas no prazo de 30 dias, contados a partir da convoca\u008d\u008bo pelo governo federal. O n\u008bo cumprimento do prazo resultar\u0087 na impossibilidade de prorroga\u008d\u008bo da concess\u008bo \u00d2a qualquer tempo\u00d3. Edi\u008d\u008bo: Carolina Pimentel"},{"@type":"BreadcrumbList","@id":"https:\/\/psol50.org.br\/privatizacao-da-eletrobras-e-mais-uma-etapa-do-desmonte-feito-por-temer-avalia-lider-do-psol\/#breadcrumb","itemListElement":[{"@type":"ListItem","position":1,"name":"In\u00edcio","item":"https:\/\/psol50.org.br\/"},{"@type":"ListItem","position":2,"name":"Privatiza\u00e7\u00e3o da Eletrobras \u00e9 mais uma etapa do desmonte feito por Temer, avalia l\u00edder do PSOL"}]},{"@type":"WebSite","@id":"https:\/\/psol50.org.br\/#website","url":"https:\/\/psol50.org.br\/","name":"PSOL 50","description":"Site oficial do Partido Socialismo e Liberdade","publisher":{"@id":"https:\/\/psol50.org.br\/#organization"},"alternateName":"PSOL50","potentialAction":[{"@type":"SearchAction","target":{"@type":"EntryPoint","urlTemplate":"https:\/\/psol50.org.br\/?s={search_term_string}"},"query-input":{"@type":"PropertyValueSpecification","valueRequired":true,"valueName":"search_term_string"}}],"inLanguage":"pt-BR"},{"@type":"Organization","@id":"https:\/\/psol50.org.br\/#organization","name":"PSOL 50","alternateName":"PSOL 50","url":"https:\/\/psol50.org.br\/","logo":{"@type":"ImageObject","inLanguage":"pt-BR","@id":"https:\/\/psol50.org.br\/#\/schema\/logo\/image\/","url":"https:\/\/psol50.org.br\/inc\/uploads\/2018\/07\/capa.png","contentUrl":"https:\/\/psol50.org.br\/inc\/uploads\/2018\/07\/capa.png","width":1350,"height":900,"caption":"PSOL 50"},"image":{"@id":"https:\/\/psol50.org.br\/#\/schema\/logo\/image\/"},"sameAs":["https:\/\/www.facebook.com\/psol50","https:\/\/x.com\/psol50","https:\/\/www.instagram.com\/psol50\/","https:\/\/www.youtube.com\/channel\/UC7SnJS5o1os7a6CaiNabzcg"]},{"@type":"Person","@id":"https:\/\/psol50.org.br\/#\/schema\/person\/475dfa57d0b815993c714c2e96491fcd","name":"Comunica\u00e7\u00e3o PSOL","image":{"@type":"ImageObject","inLanguage":"pt-BR","@id":"https:\/\/psol50.org.br\/#\/schema\/person\/image\/","url":"https:\/\/secure.gravatar.com\/avatar\/b34fc4f4e468a4e51785917065a3db57b841f5c95dba6ad8c73aaf8f66f8f9bf?s=96&d=mm&r=g","contentUrl":"https:\/\/secure.gravatar.com\/avatar\/b34fc4f4e468a4e51785917065a3db57b841f5c95dba6ad8c73aaf8f66f8f9bf?s=96&d=mm&r=g","caption":"Comunica\u00e7\u00e3o PSOL"}}]}},"_links":{"self":[{"href":"https:\/\/psol50.org.br\/rest\/wp\/v2\/posts\/19581","targetHints":{"allow":["GET"]}}],"collection":[{"href":"https:\/\/psol50.org.br\/rest\/wp\/v2\/posts"}],"about":[{"href":"https:\/\/psol50.org.br\/rest\/wp\/v2\/types\/post"}],"author":[{"embeddable":true,"href":"https:\/\/psol50.org.br\/rest\/wp\/v2\/users\/2"}],"replies":[{"embeddable":true,"href":"https:\/\/psol50.org.br\/rest\/wp\/v2\/comments?post=19581"}],"version-history":[{"count":0,"href":"https:\/\/psol50.org.br\/rest\/wp\/v2\/posts\/19581\/revisions"}],"wp:featuredmedia":[{"embeddable":true,"href":"https:\/\/psol50.org.br\/rest\/wp\/v2\/media\/19582"}],"wp:attachment":[{"href":"https:\/\/psol50.org.br\/rest\/wp\/v2\/media?parent=19581"}],"wp:term":[{"taxonomy":"category","embeddable":true,"href":"https:\/\/psol50.org.br\/rest\/wp\/v2\/categories?post=19581"},{"taxonomy":"post_tag","embeddable":true,"href":"https:\/\/psol50.org.br\/rest\/wp\/v2\/tags?post=19581"}],"curies":[{"name":"wp","href":"https:\/\/api.w.org\/{rel}","templated":true}]}}