{"id":1959,"date":"2013-05-07T00:00:00","date_gmt":"2013-05-07T00:00:00","guid":{"rendered":"http:\/\/psol50.org.br\/arquivo\/2013\/05\/07\/alta-de-alimentos-esta-ligada-ao-agronegocio-dizem-especialistas\/"},"modified":"2013-05-07T00:00:00","modified_gmt":"2013-05-07T00:00:00","slug":"alta-de-alimentos-esta-ligada-ao-agronegocio-dizem-especialistas","status":"publish","type":"post","link":"https:\/\/psol50.org.br\/alta-de-alimentos-esta-ligada-ao-agronegocio-dizem-especialistas\/","title":{"rendered":"Alta de alimentos est\u00e1 ligada ao agroneg\u00f3cio, dizem especialistas"},"content":{"rendered":"<div style=\"text-align: justify;\">\n\t<em>Para o economista Guilherme Delgado, o aumento dos juros para controlar a infla\u00e7\u00e3o tem custos econ\u00f4micos e sociais &nbsp;<\/em><br \/>\n\t&nbsp;<br \/>\n\t\u201cOlha o meu cord\u00e3o! Tomates! Estou usando ouro\u201d, disse a apresentadora Ana Maria Braga, do programa Mais Voc\u00ea, da Rede Globo, no dia 10 de abril.&nbsp;Ela proferiu essa frase e fez o programa inteiro usando um colar feito de tomates, em \u201cprotesto\u201d ao aumento do pre\u00e7o.&nbsp;<\/p>\n<p>\tDiversas piadas em rela\u00e7\u00e3o ao pre\u00e7o alto do tomate se espalharam pela internet nas \u00faltimas semanas.&nbsp;Muito se discutiu na imprensa sobre a alta do pre\u00e7o, alardeando o crescimento da infla\u00e7\u00e3o provocado pela alta dos alimentos e que o aumento na taxa de juros seria a medida principal no controle da infla\u00e7\u00e3o.<\/p>\n<p>\tPara o economista Guilherme Delgado, pesquisador do Instituto de Pesquisa Econ\u00f4mica Aplicada (Ipea), o aumento dos juros para controlar a infla\u00e7\u00e3o tem custos econ\u00f4micos e sociais.<br \/>\n\t&nbsp;<br \/>\n\t\u201cA eleva\u00e7\u00e3o da taxa de juros Selic pelo governo (de 7,25% a 7,5%) n\u00e3o tem nenhum efeito do ponto de vista da conten\u00e7\u00e3o inflacion\u00e1ria, mas atende a apetites midi\u00e1ticos e simb\u00f3licos. A linha de conten\u00e7\u00e3o da demanda via eleva\u00e7\u00e3o de juros e redu\u00e7\u00e3o do gasto social aparece como uma forma de conter a infla\u00e7\u00e3o, mas tem custo de muitos empregos e desacelera\u00e7\u00e3o econ\u00f4mica. N\u00e3o me parece que seja essa a via que o governo est\u00e1 seguindo\u201d, acredita.O uso pol\u00edtico da alta do tomate para for\u00e7ar o aumento de juros se torna mais evidente ao analisar a queda brusca do pre\u00e7o do fruto.&nbsp;A infla\u00e7\u00e3o do tomate em mar\u00e7o foi de 122,13%, sendo que no meio de abril o pre\u00e7o j\u00e1 havia ca\u00eddo mais de 75%.<br \/>\n\t&nbsp;<br \/>\n\tAl\u00e9m disso, a farinha de trigo teve um aumento de pre\u00e7o maior que o tomate (151,39%) por conta da seca no nordeste, e n\u00e3o recebeu tanta aten\u00e7\u00e3o dos analistas e da m\u00eddia quanto o tomate.&nbsp;<br \/>\n\t&nbsp;<br \/>\n\t\u201cO tomate \u00e9 um produto de cultivo c\u00edclico de 90 dias.&nbsp;Se est\u00e1 faltando no mercado \u00e9 porque os agricultores est\u00e3o plantando.&nbsp;O pre\u00e7o que estava muito alto come\u00e7a a diminuir quando o plantio novo chega. A produ\u00e7\u00e3o do tomate n\u00e3o \u00e9 relevante para explicar a press\u00e3o inflacion\u00e1ria, porque sen\u00e3o temos um discurso puramente sazonal. Todas as economias do mundo, em todas as \u00e9pocas, tem problemas sazonais.&nbsp;E isso n\u00e3o \u00e9 causa de infla\u00e7\u00e3o\u201d, afirma Delgado.<br \/>\n\t&nbsp;<br \/>\n\tGerson Teixeira, presidente da Associa\u00e7\u00e3o Brasileira de Reforma Agr\u00e1ria (Abra), concorda. \u201cExiste sim um problema de press\u00e3o dos pre\u00e7os dos alimentos, mas o tomate foi usado como um vil\u00e3o para pressionar o governo a aumentar a Selic.&nbsp;O impacto do pre\u00e7o do tomate na taxa de infla\u00e7\u00e3o \u00e9 m\u00ednimo, em torno de 0.2%\u201d.<br \/>\n\t&nbsp;<br \/>\n\t<strong>Pol\u00edtica Agr\u00e1ria<\/strong><br \/>\n\tOs especialistas avaliam que a alta inflacion\u00e1ria dos alimentos se deve, em grande parte, \u00e0 pol\u00edtica agr\u00edcola adotada pelo governo brasileiro, que prioriza as exporta\u00e7\u00f5es do agroneg\u00f3cio em vez do abastecimento interno.<br \/>\n\t&nbsp;<br \/>\n\tDados da Abra apontam que, de 1990 para 2011, as \u00e1reas plantadas com alimentos b\u00e1sicos como arroz, feij\u00e3o, mandioca e trigo declinaram, respectivamente, 31%, 26%, 11% e 35%. J\u00e1 as de produtos do agroneg\u00f3cio exportador, como cana e soja, aumentaram 122% e 107%.<br \/>\n\t&nbsp;<br \/>\n\t\u201cPrecisamos pensar melhor em como atender a demanda interna e externa para resguardar a estabilidade de pre\u00e7os nos produtos alimentares. Hoje, pensamos em resolver o equil\u00edbrio externo, exportar a qualquer custo para obter super\u00e1vit na balan\u00e7a comercial e o menor d\u00e9ficit poss\u00edvel na balan\u00e7a corrente. E o res\u00edduo das exporta\u00e7\u00f5es fica com o mercado interno para resolver as quest\u00f5es de estabilidade. Essa equa\u00e7\u00e3o est\u00e1 equivocada e precisa ser reformulada\u201d, afirma Delgado.<br \/>\n\t&nbsp;<br \/>\n\tEsse cen\u00e1rio faz com que o Brasil dependa de importa\u00e7\u00f5es de alimentos b\u00e1sicos para suprir seu mercado interno. No ano passado, o pa\u00eds importou US$ 334 milh\u00f5es em arroz, equivalente a 50% do valor aplicado no custeio da lavoura em n\u00edvel nacional. No caso do trigo, o valor das importa\u00e7\u00f5es foi de US$ 1,7 bi, duas vezes superior ao destinado para o custeio da lavoura, e a produ\u00e7\u00e3o de mandioca atualmente \u00e9 a mesma de 1990.<br \/>\n\t&nbsp;<br \/>\n\tPara controlar os pre\u00e7os e garantir o abastecimento interno, o governo come\u00e7a a adotar a cria\u00e7\u00e3o de estoques reguladores por meio da Companhia Nacional de Abastecimento (Conab).<br \/>\n\t&nbsp;<br \/>\n\tEssas reservas permitem ao governo intervir caso o pre\u00e7o dos alimentos esteja fora do padr\u00e3o determinado, e comprar ou vender esses alimentos, com \u00eanfase especial nos que comp\u00f5em a cesta b\u00e1sica para equilibrar os valores.<br \/>\n\tSegundo Gerson Teixeira, os estoques s\u00e3o estrat\u00e9gicos. \u201cDeixamos de estocar na d\u00e9cada de 90, pois prevalece at\u00e9 hoje a tese neoliberal da autorregula\u00e7\u00e3o do mercado. Qual o resultado? N\u00e3o temos estoques de alimentos capazes de impedir a alta dos pre\u00e7os&#8221;.<br \/>\n\t&nbsp;<br \/>\n\t&#8220;A pol\u00edtica de estoques regulares e estrat\u00e9gicos \u00e9 fundamental. A presidenta Dilma assinou uma medida importante em fevereiro, criando um conselho interministerial para formar estoques p\u00fablicos de alimentos. \u00c9 uma medida extremamente necess\u00e1ria nesses tempos de volatilidade do mercado agr\u00edcola\u201d, defende.<br \/>\n\t&nbsp;<br \/>\n\tLeia mat\u00e9ria completa no site do jornal <a href=\"http:\/\/www.brasildefato.com.br\/node\/12767\">Brasil de Fato<\/a>.<br \/>\n\t&nbsp;<\/div>\n","protected":false},"excerpt":{"rendered":"<p>Para o economista Guilherme Delgado, o aumento dos juros para controlar a infla\u00e7\u00e3o tem custos econ\u00f4micos e sociais &nbsp; &nbsp; \u201cOlha o meu cord\u00e3o! Tomates! Estou usando ouro\u201d, disse a apresentadora Ana Maria Braga, do programa Mais Voc\u00ea, da Rede Globo, no dia 10 de abril.&nbsp;Ela proferiu essa frase e fez o programa inteiro usando [&hellip;]<\/p>\n","protected":false},"author":2,"featured_media":0,"comment_status":"open","ping_status":"open","sticky":false,"template":"","format":"standard","meta":{"_acf_changed":false,"footnotes":""},"categories":[4766],"tags":[],"class_list":{"0":"post-1959","1":"post","2":"type-post","3":"status-publish","4":"format-standard","6":"category-arquivo"},"acf":[],"yoast_head":"<!-- This site is optimized with the Yoast SEO plugin v26.5 - https:\/\/yoast.com\/wordpress\/plugins\/seo\/ -->\n<title>Alta de alimentos est\u00e1 ligada ao agroneg\u00f3cio, dizem especialistas - PSOL 50<\/title>\n<meta name=\"robots\" content=\"index, follow, max-snippet:-1, max-image-preview:large, max-video-preview:-1\" \/>\n<link rel=\"canonical\" href=\"https:\/\/psol50.org.br\/alta-de-alimentos-esta-ligada-ao-agronegocio-dizem-especialistas\/\" \/>\n<meta property=\"og:locale\" content=\"pt_BR\" \/>\n<meta property=\"og:type\" content=\"article\" \/>\n<meta property=\"og:title\" content=\"Alta de alimentos est\u00e1 ligada ao agroneg\u00f3cio, dizem especialistas - PSOL 50\" \/>\n<meta property=\"og:description\" content=\"Para o economista Guilherme Delgado, o aumento dos juros para controlar a infla\u00e7\u00e3o tem custos econ\u00f4micos e sociais &nbsp; &nbsp; \u201cOlha o meu cord\u00e3o! Tomates! Estou usando ouro\u201d, disse a apresentadora Ana Maria Braga, do programa Mais Voc\u00ea, da Rede Globo, no dia 10 de abril.&nbsp;Ela proferiu essa frase e fez o programa inteiro usando [&hellip;]\" \/>\n<meta property=\"og:url\" content=\"https:\/\/psol50.org.br\/alta-de-alimentos-esta-ligada-ao-agronegocio-dizem-especialistas\/\" \/>\n<meta property=\"og:site_name\" content=\"PSOL 50\" \/>\n<meta property=\"article:publisher\" content=\"https:\/\/www.facebook.com\/psol50\" \/>\n<meta property=\"article:published_time\" content=\"2013-05-07T00:00:00+00:00\" \/>\n<meta property=\"og:image\" content=\"https:\/\/psol50.org.br\/inc\/uploads\/2018\/07\/capa.png\" \/>\n\t<meta property=\"og:image:width\" content=\"1350\" \/>\n\t<meta property=\"og:image:height\" content=\"900\" \/>\n\t<meta property=\"og:image:type\" content=\"image\/png\" \/>\n<meta name=\"author\" content=\"Comunica\u00e7\u00e3o PSOL\" \/>\n<meta name=\"twitter:card\" content=\"summary_large_image\" \/>\n<meta name=\"twitter:creator\" content=\"@psol50\" \/>\n<meta name=\"twitter:site\" content=\"@psol50\" \/>\n<meta name=\"twitter:label1\" content=\"Escrito por\" \/>\n\t<meta name=\"twitter:data1\" content=\"Comunica\u00e7\u00e3o PSOL\" \/>\n\t<meta name=\"twitter:label2\" content=\"Est. tempo de leitura\" \/>\n\t<meta name=\"twitter:data2\" content=\"5 minutos\" \/>\n<script type=\"application\/ld+json\" class=\"yoast-schema-graph\">{\"@context\":\"https:\/\/schema.org\",\"@graph\":[{\"@type\":\"Article\",\"@id\":\"https:\/\/psol50.org.br\/alta-de-alimentos-esta-ligada-ao-agronegocio-dizem-especialistas\/#article\",\"isPartOf\":{\"@id\":\"https:\/\/psol50.org.br\/alta-de-alimentos-esta-ligada-ao-agronegocio-dizem-especialistas\/\"},\"author\":{\"name\":\"Comunica\u00e7\u00e3o PSOL\",\"@id\":\"https:\/\/psol50.org.br\/#\/schema\/person\/475dfa57d0b815993c714c2e96491fcd\"},\"headline\":\"Alta de alimentos est\u00e1 ligada ao agroneg\u00f3cio, dizem especialistas\",\"datePublished\":\"2013-05-07T00:00:00+00:00\",\"mainEntityOfPage\":{\"@id\":\"https:\/\/psol50.org.br\/alta-de-alimentos-esta-ligada-ao-agronegocio-dizem-especialistas\/\"},\"wordCount\":918,\"commentCount\":0,\"publisher\":{\"@id\":\"https:\/\/psol50.org.br\/#organization\"},\"articleSection\":[\"Arquivo\"],\"inLanguage\":\"pt-BR\",\"potentialAction\":[{\"@type\":\"CommentAction\",\"name\":\"Comment\",\"target\":[\"https:\/\/psol50.org.br\/alta-de-alimentos-esta-ligada-ao-agronegocio-dizem-especialistas\/#respond\"]}]},{\"@type\":\"WebPage\",\"@id\":\"https:\/\/psol50.org.br\/alta-de-alimentos-esta-ligada-ao-agronegocio-dizem-especialistas\/\",\"url\":\"https:\/\/psol50.org.br\/alta-de-alimentos-esta-ligada-ao-agronegocio-dizem-especialistas\/\",\"name\":\"Alta de alimentos est\u00e1 ligada ao agroneg\u00f3cio, dizem especialistas - PSOL 50\",\"isPartOf\":{\"@id\":\"https:\/\/psol50.org.br\/#website\"},\"datePublished\":\"2013-05-07T00:00:00+00:00\",\"breadcrumb\":{\"@id\":\"https:\/\/psol50.org.br\/alta-de-alimentos-esta-ligada-ao-agronegocio-dizem-especialistas\/#breadcrumb\"},\"inLanguage\":\"pt-BR\",\"potentialAction\":[{\"@type\":\"ReadAction\",\"target\":[\"https:\/\/psol50.org.br\/alta-de-alimentos-esta-ligada-ao-agronegocio-dizem-especialistas\/\"]}]},{\"@type\":\"BreadcrumbList\",\"@id\":\"https:\/\/psol50.org.br\/alta-de-alimentos-esta-ligada-ao-agronegocio-dizem-especialistas\/#breadcrumb\",\"itemListElement\":[{\"@type\":\"ListItem\",\"position\":1,\"name\":\"In\u00edcio\",\"item\":\"https:\/\/psol50.org.br\/\"},{\"@type\":\"ListItem\",\"position\":2,\"name\":\"Alta de alimentos est\u00e1 ligada ao agroneg\u00f3cio, dizem especialistas\"}]},{\"@type\":\"WebSite\",\"@id\":\"https:\/\/psol50.org.br\/#website\",\"url\":\"https:\/\/psol50.org.br\/\",\"name\":\"PSOL 50\",\"description\":\"Site oficial do Partido Socialismo e Liberdade\",\"publisher\":{\"@id\":\"https:\/\/psol50.org.br\/#organization\"},\"alternateName\":\"PSOL50\",\"potentialAction\":[{\"@type\":\"SearchAction\",\"target\":{\"@type\":\"EntryPoint\",\"urlTemplate\":\"https:\/\/psol50.org.br\/?s={search_term_string}\"},\"query-input\":{\"@type\":\"PropertyValueSpecification\",\"valueRequired\":true,\"valueName\":\"search_term_string\"}}],\"inLanguage\":\"pt-BR\"},{\"@type\":\"Organization\",\"@id\":\"https:\/\/psol50.org.br\/#organization\",\"name\":\"PSOL 50\",\"alternateName\":\"PSOL 50\",\"url\":\"https:\/\/psol50.org.br\/\",\"logo\":{\"@type\":\"ImageObject\",\"inLanguage\":\"pt-BR\",\"@id\":\"https:\/\/psol50.org.br\/#\/schema\/logo\/image\/\",\"url\":\"https:\/\/psol50.org.br\/inc\/uploads\/2018\/07\/capa.png\",\"contentUrl\":\"https:\/\/psol50.org.br\/inc\/uploads\/2018\/07\/capa.png\",\"width\":1350,\"height\":900,\"caption\":\"PSOL 50\"},\"image\":{\"@id\":\"https:\/\/psol50.org.br\/#\/schema\/logo\/image\/\"},\"sameAs\":[\"https:\/\/www.facebook.com\/psol50\",\"https:\/\/x.com\/psol50\",\"https:\/\/www.instagram.com\/psol50\/\",\"https:\/\/www.youtube.com\/channel\/UC7SnJS5o1os7a6CaiNabzcg\"]},{\"@type\":\"Person\",\"@id\":\"https:\/\/psol50.org.br\/#\/schema\/person\/475dfa57d0b815993c714c2e96491fcd\",\"name\":\"Comunica\u00e7\u00e3o PSOL\",\"image\":{\"@type\":\"ImageObject\",\"inLanguage\":\"pt-BR\",\"@id\":\"https:\/\/psol50.org.br\/#\/schema\/person\/image\/\",\"url\":\"https:\/\/secure.gravatar.com\/avatar\/b34fc4f4e468a4e51785917065a3db57b841f5c95dba6ad8c73aaf8f66f8f9bf?s=96&d=mm&r=g\",\"contentUrl\":\"https:\/\/secure.gravatar.com\/avatar\/b34fc4f4e468a4e51785917065a3db57b841f5c95dba6ad8c73aaf8f66f8f9bf?s=96&d=mm&r=g\",\"caption\":\"Comunica\u00e7\u00e3o PSOL\"}}]}<\/script>\n<!-- \/ Yoast SEO plugin. -->","yoast_head_json":{"title":"Alta de alimentos est\u00e1 ligada ao agroneg\u00f3cio, dizem especialistas - PSOL 50","robots":{"index":"index","follow":"follow","max-snippet":"max-snippet:-1","max-image-preview":"max-image-preview:large","max-video-preview":"max-video-preview:-1"},"canonical":"https:\/\/psol50.org.br\/alta-de-alimentos-esta-ligada-ao-agronegocio-dizem-especialistas\/","og_locale":"pt_BR","og_type":"article","og_title":"Alta de alimentos est\u00e1 ligada ao agroneg\u00f3cio, dizem especialistas - PSOL 50","og_description":"Para o economista Guilherme Delgado, o aumento dos juros para controlar a infla\u00e7\u00e3o tem custos econ\u00f4micos e sociais &nbsp; &nbsp; \u201cOlha o meu cord\u00e3o! Tomates! Estou usando ouro\u201d, disse a apresentadora Ana Maria Braga, do programa Mais Voc\u00ea, da Rede Globo, no dia 10 de abril.&nbsp;Ela proferiu essa frase e fez o programa inteiro usando [&hellip;]","og_url":"https:\/\/psol50.org.br\/alta-de-alimentos-esta-ligada-ao-agronegocio-dizem-especialistas\/","og_site_name":"PSOL 50","article_publisher":"https:\/\/www.facebook.com\/psol50","article_published_time":"2013-05-07T00:00:00+00:00","og_image":[{"width":1350,"height":900,"url":"https:\/\/psol50.org.br\/inc\/uploads\/2018\/07\/capa.png","type":"image\/png"}],"author":"Comunica\u00e7\u00e3o PSOL","twitter_card":"summary_large_image","twitter_creator":"@psol50","twitter_site":"@psol50","twitter_misc":{"Escrito por":"Comunica\u00e7\u00e3o PSOL","Est. tempo de leitura":"5 minutos"},"schema":{"@context":"https:\/\/schema.org","@graph":[{"@type":"Article","@id":"https:\/\/psol50.org.br\/alta-de-alimentos-esta-ligada-ao-agronegocio-dizem-especialistas\/#article","isPartOf":{"@id":"https:\/\/psol50.org.br\/alta-de-alimentos-esta-ligada-ao-agronegocio-dizem-especialistas\/"},"author":{"name":"Comunica\u00e7\u00e3o PSOL","@id":"https:\/\/psol50.org.br\/#\/schema\/person\/475dfa57d0b815993c714c2e96491fcd"},"headline":"Alta de alimentos est\u00e1 ligada ao agroneg\u00f3cio, dizem especialistas","datePublished":"2013-05-07T00:00:00+00:00","mainEntityOfPage":{"@id":"https:\/\/psol50.org.br\/alta-de-alimentos-esta-ligada-ao-agronegocio-dizem-especialistas\/"},"wordCount":918,"commentCount":0,"publisher":{"@id":"https:\/\/psol50.org.br\/#organization"},"articleSection":["Arquivo"],"inLanguage":"pt-BR","potentialAction":[{"@type":"CommentAction","name":"Comment","target":["https:\/\/psol50.org.br\/alta-de-alimentos-esta-ligada-ao-agronegocio-dizem-especialistas\/#respond"]}]},{"@type":"WebPage","@id":"https:\/\/psol50.org.br\/alta-de-alimentos-esta-ligada-ao-agronegocio-dizem-especialistas\/","url":"https:\/\/psol50.org.br\/alta-de-alimentos-esta-ligada-ao-agronegocio-dizem-especialistas\/","name":"Alta de alimentos est\u00e1 ligada ao agroneg\u00f3cio, dizem especialistas - PSOL 50","isPartOf":{"@id":"https:\/\/psol50.org.br\/#website"},"datePublished":"2013-05-07T00:00:00+00:00","breadcrumb":{"@id":"https:\/\/psol50.org.br\/alta-de-alimentos-esta-ligada-ao-agronegocio-dizem-especialistas\/#breadcrumb"},"inLanguage":"pt-BR","potentialAction":[{"@type":"ReadAction","target":["https:\/\/psol50.org.br\/alta-de-alimentos-esta-ligada-ao-agronegocio-dizem-especialistas\/"]}]},{"@type":"BreadcrumbList","@id":"https:\/\/psol50.org.br\/alta-de-alimentos-esta-ligada-ao-agronegocio-dizem-especialistas\/#breadcrumb","itemListElement":[{"@type":"ListItem","position":1,"name":"In\u00edcio","item":"https:\/\/psol50.org.br\/"},{"@type":"ListItem","position":2,"name":"Alta de alimentos est\u00e1 ligada ao agroneg\u00f3cio, dizem especialistas"}]},{"@type":"WebSite","@id":"https:\/\/psol50.org.br\/#website","url":"https:\/\/psol50.org.br\/","name":"PSOL 50","description":"Site oficial do Partido Socialismo e Liberdade","publisher":{"@id":"https:\/\/psol50.org.br\/#organization"},"alternateName":"PSOL50","potentialAction":[{"@type":"SearchAction","target":{"@type":"EntryPoint","urlTemplate":"https:\/\/psol50.org.br\/?s={search_term_string}"},"query-input":{"@type":"PropertyValueSpecification","valueRequired":true,"valueName":"search_term_string"}}],"inLanguage":"pt-BR"},{"@type":"Organization","@id":"https:\/\/psol50.org.br\/#organization","name":"PSOL 50","alternateName":"PSOL 50","url":"https:\/\/psol50.org.br\/","logo":{"@type":"ImageObject","inLanguage":"pt-BR","@id":"https:\/\/psol50.org.br\/#\/schema\/logo\/image\/","url":"https:\/\/psol50.org.br\/inc\/uploads\/2018\/07\/capa.png","contentUrl":"https:\/\/psol50.org.br\/inc\/uploads\/2018\/07\/capa.png","width":1350,"height":900,"caption":"PSOL 50"},"image":{"@id":"https:\/\/psol50.org.br\/#\/schema\/logo\/image\/"},"sameAs":["https:\/\/www.facebook.com\/psol50","https:\/\/x.com\/psol50","https:\/\/www.instagram.com\/psol50\/","https:\/\/www.youtube.com\/channel\/UC7SnJS5o1os7a6CaiNabzcg"]},{"@type":"Person","@id":"https:\/\/psol50.org.br\/#\/schema\/person\/475dfa57d0b815993c714c2e96491fcd","name":"Comunica\u00e7\u00e3o PSOL","image":{"@type":"ImageObject","inLanguage":"pt-BR","@id":"https:\/\/psol50.org.br\/#\/schema\/person\/image\/","url":"https:\/\/secure.gravatar.com\/avatar\/b34fc4f4e468a4e51785917065a3db57b841f5c95dba6ad8c73aaf8f66f8f9bf?s=96&d=mm&r=g","contentUrl":"https:\/\/secure.gravatar.com\/avatar\/b34fc4f4e468a4e51785917065a3db57b841f5c95dba6ad8c73aaf8f66f8f9bf?s=96&d=mm&r=g","caption":"Comunica\u00e7\u00e3o PSOL"}}]}},"_links":{"self":[{"href":"https:\/\/psol50.org.br\/rest\/wp\/v2\/posts\/1959","targetHints":{"allow":["GET"]}}],"collection":[{"href":"https:\/\/psol50.org.br\/rest\/wp\/v2\/posts"}],"about":[{"href":"https:\/\/psol50.org.br\/rest\/wp\/v2\/types\/post"}],"author":[{"embeddable":true,"href":"https:\/\/psol50.org.br\/rest\/wp\/v2\/users\/2"}],"replies":[{"embeddable":true,"href":"https:\/\/psol50.org.br\/rest\/wp\/v2\/comments?post=1959"}],"version-history":[{"count":0,"href":"https:\/\/psol50.org.br\/rest\/wp\/v2\/posts\/1959\/revisions"}],"wp:attachment":[{"href":"https:\/\/psol50.org.br\/rest\/wp\/v2\/media?parent=1959"}],"wp:term":[{"taxonomy":"category","embeddable":true,"href":"https:\/\/psol50.org.br\/rest\/wp\/v2\/categories?post=1959"},{"taxonomy":"post_tag","embeddable":true,"href":"https:\/\/psol50.org.br\/rest\/wp\/v2\/tags?post=1959"}],"curies":[{"name":"wp","href":"https:\/\/api.w.org\/{rel}","templated":true}]}}