{"id":19623,"date":"2018-01-29T15:05:42","date_gmt":"2018-01-29T17:05:42","guid":{"rendered":"http:\/\/www.psol50.org.br\/?p=19623"},"modified":"2018-01-29T15:05:42","modified_gmt":"2018-01-29T17:05:42","slug":"ivan-valente-entrevista-de-temer-no-programa-de-silvio-santos-e-escarnio-com-a-populacao","status":"publish","type":"post","link":"https:\/\/psol50.org.br\/ivan-valente-entrevista-de-temer-no-programa-de-silvio-santos-e-escarnio-com-a-populacao\/","title":{"rendered":"Ivan Valente: entrevista de Temer no programa de Silvio Santos \u00e9 esc\u00e1rnio com a popula\u00e7\u00e3o"},"content":{"rendered":"<p><a href=\"https:\/\/www.facebook.com\/IvanValentePSOL\/photos\/a.544351092276444.127647.194174003960823\/1832697876775086\/?type=3&amp;theater\" target=\"_blank\" rel=\"noopener\"><strong><span style=\"color: #3366ff;\"><em>Originalmente publicado no Facebook do deputado Ivan Valente<\/em><\/span><\/strong><\/a><\/p>\n<p>Na noite deste Domingo (28\/01), o golpista Michel Temer participou do programa de Silvio Santos no SBT para repetir as mentiras de sempre sobre a previd\u00eancia.<\/p>\n<p>A dupla ficou fazendo um bate bola ensaiado sobre a \u201creforma\u201d da previd\u00eancia, utilizando um canal de televis\u00e3o que funciona por concess\u00e3o p\u00fablica para tomar partido em favor de uma proposta que ataca a aposentadoria de milh\u00f5es de <span class=\"text_exposed_show\">brasileiros e brasileiras.<\/span><\/p>\n<p>O espa\u00e7o foi \u201ccedido\u201d ao Temer ap\u00f3s o SBT ter veiculado dezenas de pe\u00e7as publicit\u00e1rias em favor da famigerada \u201creforma\u201d, tendo ganho com isso milh\u00f5es de reais dos cofres p\u00fablicos. A conversa, como no melhor estilo das ditaduras, n\u00e3o teve qualquer contraponto, nenhuma posi\u00e7\u00e3o cr\u00edtica sobre a \u201creforma\u201d, numa pr\u00e1tica autorit\u00e1ria voltada a enganar e manipular o povo.<\/p>\n<p>A \u201centrevista\u201d de Temer para o Silvio Santos s\u00f3 falou da reforma da previd\u00eancia. Nenhuma palavra foi mencionada sobre os v\u00e1rios esc\u00e2ndalos que cercam o governo corrupto de Temer. Uma entrevista comprada, um esc\u00e1rnio contra a intelig\u00eancia do povo brasileiro. Tudo isso utilizando um canal de televis\u00e3o que deveria respeitar as regras da pluralidade e da democracia a que as concess\u00f5es p\u00fablicas est\u00e3o sujeitas.<\/p>\n<p>A entrevista arranjada terminou com Temer dando uma nota de 50 reais para Silvio Santos, numa alus\u00e3o c\u00ednica ao programa \u201cTopa Tudo Por Dinheiro\u201d. Um gesto revelador da canalhice que representou esta entrevista.<\/p>\n<p>Chega de mentiras!<\/p>\n","protected":false},"excerpt":{"rendered":"<p>Originalmente publicado no Facebook do deputado Ivan Valente Na noite deste Domingo (28\/01), o golpista Michel Temer participou do programa de Silvio Santos no SBT para repetir as mentiras de sempre sobre a previd\u00eancia. A dupla ficou fazendo um bate bola ensaiado sobre a \u201creforma\u201d da previd\u00eancia, utilizando um canal de televis\u00e3o que funciona por [&hellip;]<\/p>\n","protected":false},"author":2,"featured_media":19624,"comment_status":"open","ping_status":"open","sticky":false,"template":"","format":"standard","meta":{"_acf_changed":false,"footnotes":""},"categories":[1882,6],"tags":[2169,1748,39,851],"class_list":{"0":"post-19623","1":"post","2":"type-post","3":"status-publish","4":"format-standard","5":"has-post-thumbnail","7":"category-brasil","8":"category-noticias","9":"tag-fora-temer","10":"tag-michel-temer","11":"tag-reforma-da-previdencia","12":"tag-silvio-santos"},"acf":[],"yoast_head":"<!-- This site is optimized with the Yoast SEO plugin v26.5 - https:\/\/yoast.com\/wordpress\/plugins\/seo\/ -->\n<title>Ivan Valente: entrevista de Temer no programa de Silvio Santos \u00e9 esc\u00e1rnio com a popula\u00e7\u00e3o - PSOL 50<\/title>\n<meta name=\"robots\" content=\"index, follow, max-snippet:-1, max-image-preview:large, max-video-preview:-1\" \/>\n<link rel=\"canonical\" href=\"https:\/\/psol50.org.br\/ivan-valente-entrevista-de-temer-no-programa-de-silvio-santos-e-escarnio-com-a-populacao\/\" \/>\n<meta property=\"og:locale\" content=\"pt_BR\" \/>\n<meta property=\"og:type\" content=\"article\" \/>\n<meta property=\"og:title\" content=\"Ivan Valente: entrevista de Temer no programa de Silvio Santos \u00e9 esc\u00e1rnio com a popula\u00e7\u00e3o - PSOL 50\" \/>\n<meta property=\"og:description\" content=\"Originalmente publicado no Facebook do deputado Ivan Valente Na noite deste Domingo (28\/01), o golpista Michel Temer participou do programa de Silvio Santos no SBT para repetir as mentiras de sempre sobre a previd\u00eancia. A dupla ficou fazendo um bate bola ensaiado sobre a \u201creforma\u201d da previd\u00eancia, utilizando um canal de televis\u00e3o que funciona por [&hellip;]\" \/>\n<meta property=\"og:url\" content=\"https:\/\/psol50.org.br\/ivan-valente-entrevista-de-temer-no-programa-de-silvio-santos-e-escarnio-com-a-populacao\/\" \/>\n<meta property=\"og:site_name\" content=\"PSOL 50\" \/>\n<meta property=\"article:publisher\" content=\"https:\/\/www.facebook.com\/psol50\" \/>\n<meta property=\"article:published_time\" content=\"2018-01-29T17:05:42+00:00\" \/>\n<meta property=\"og:image\" content=\"https:\/\/psol50.org.br\/inc\/uploads\/2018\/01\/Temer.SilvioSantos-.jpg\" \/>\n\t<meta property=\"og:image:width\" content=\"1350\" \/>\n\t<meta property=\"og:image:height\" content=\"900\" \/>\n\t<meta property=\"og:image:type\" content=\"image\/jpeg\" \/>\n<meta name=\"author\" content=\"Comunica\u00e7\u00e3o PSOL\" \/>\n<meta name=\"twitter:card\" content=\"summary_large_image\" \/>\n<meta name=\"twitter:creator\" content=\"@psol50\" \/>\n<meta name=\"twitter:site\" content=\"@psol50\" \/>\n<meta name=\"twitter:label1\" content=\"Escrito por\" \/>\n\t<meta name=\"twitter:data1\" content=\"Comunica\u00e7\u00e3o PSOL\" \/>\n\t<meta name=\"twitter:label2\" content=\"Est. tempo de leitura\" \/>\n\t<meta name=\"twitter:data2\" content=\"1 minuto\" \/>\n<script type=\"application\/ld+json\" class=\"yoast-schema-graph\">{\"@context\":\"https:\/\/schema.org\",\"@graph\":[{\"@type\":\"Article\",\"@id\":\"https:\/\/psol50.org.br\/ivan-valente-entrevista-de-temer-no-programa-de-silvio-santos-e-escarnio-com-a-populacao\/#article\",\"isPartOf\":{\"@id\":\"https:\/\/psol50.org.br\/ivan-valente-entrevista-de-temer-no-programa-de-silvio-santos-e-escarnio-com-a-populacao\/\"},\"author\":{\"name\":\"Comunica\u00e7\u00e3o PSOL\",\"@id\":\"https:\/\/psol50.org.br\/#\/schema\/person\/475dfa57d0b815993c714c2e96491fcd\"},\"headline\":\"Ivan Valente: entrevista de Temer no programa de Silvio Santos \u00e9 esc\u00e1rnio com a popula\u00e7\u00e3o\",\"datePublished\":\"2018-01-29T17:05:42+00:00\",\"mainEntityOfPage\":{\"@id\":\"https:\/\/psol50.org.br\/ivan-valente-entrevista-de-temer-no-programa-de-silvio-santos-e-escarnio-com-a-populacao\/\"},\"wordCount\":275,\"commentCount\":0,\"publisher\":{\"@id\":\"https:\/\/psol50.org.br\/#organization\"},\"image\":{\"@id\":\"https:\/\/psol50.org.br\/ivan-valente-entrevista-de-temer-no-programa-de-silvio-santos-e-escarnio-com-a-populacao\/#primaryimage\"},\"thumbnailUrl\":\"https:\/\/psol50.org.br\/inc\/uploads\/2018\/01\/Temer.SilvioSantos-.jpg\",\"keywords\":[\"Fora Temer\",\"Michel Temer\",\"reforma da previd\u00eancia\",\"Silvio Santos\"],\"articleSection\":[\"Brasil\",\"Not\u00edcias\"],\"inLanguage\":\"pt-BR\",\"potentialAction\":[{\"@type\":\"CommentAction\",\"name\":\"Comment\",\"target\":[\"https:\/\/psol50.org.br\/ivan-valente-entrevista-de-temer-no-programa-de-silvio-santos-e-escarnio-com-a-populacao\/#respond\"]}]},{\"@type\":\"WebPage\",\"@id\":\"https:\/\/psol50.org.br\/ivan-valente-entrevista-de-temer-no-programa-de-silvio-santos-e-escarnio-com-a-populacao\/\",\"url\":\"https:\/\/psol50.org.br\/ivan-valente-entrevista-de-temer-no-programa-de-silvio-santos-e-escarnio-com-a-populacao\/\",\"name\":\"Ivan Valente: entrevista de Temer no programa de Silvio Santos \u00e9 esc\u00e1rnio com a popula\u00e7\u00e3o - PSOL 50\",\"isPartOf\":{\"@id\":\"https:\/\/psol50.org.br\/#website\"},\"primaryImageOfPage\":{\"@id\":\"https:\/\/psol50.org.br\/ivan-valente-entrevista-de-temer-no-programa-de-silvio-santos-e-escarnio-com-a-populacao\/#primaryimage\"},\"image\":{\"@id\":\"https:\/\/psol50.org.br\/ivan-valente-entrevista-de-temer-no-programa-de-silvio-santos-e-escarnio-com-a-populacao\/#primaryimage\"},\"thumbnailUrl\":\"https:\/\/psol50.org.br\/inc\/uploads\/2018\/01\/Temer.SilvioSantos-.jpg\",\"datePublished\":\"2018-01-29T17:05:42+00:00\",\"breadcrumb\":{\"@id\":\"https:\/\/psol50.org.br\/ivan-valente-entrevista-de-temer-no-programa-de-silvio-santos-e-escarnio-com-a-populacao\/#breadcrumb\"},\"inLanguage\":\"pt-BR\",\"potentialAction\":[{\"@type\":\"ReadAction\",\"target\":[\"https:\/\/psol50.org.br\/ivan-valente-entrevista-de-temer-no-programa-de-silvio-santos-e-escarnio-com-a-populacao\/\"]}]},{\"@type\":\"ImageObject\",\"inLanguage\":\"pt-BR\",\"@id\":\"https:\/\/psol50.org.br\/ivan-valente-entrevista-de-temer-no-programa-de-silvio-santos-e-escarnio-com-a-populacao\/#primaryimage\",\"url\":\"https:\/\/psol50.org.br\/inc\/uploads\/2018\/01\/Temer.SilvioSantos-.jpg\",\"contentUrl\":\"https:\/\/psol50.org.br\/inc\/uploads\/2018\/01\/Temer.SilvioSantos-.jpg\",\"width\":1350,\"height\":900},{\"@type\":\"BreadcrumbList\",\"@id\":\"https:\/\/psol50.org.br\/ivan-valente-entrevista-de-temer-no-programa-de-silvio-santos-e-escarnio-com-a-populacao\/#breadcrumb\",\"itemListElement\":[{\"@type\":\"ListItem\",\"position\":1,\"name\":\"In\u00edcio\",\"item\":\"https:\/\/psol50.org.br\/\"},{\"@type\":\"ListItem\",\"position\":2,\"name\":\"Ivan Valente: entrevista de Temer no programa de Silvio Santos \u00e9 esc\u00e1rnio com a popula\u00e7\u00e3o\"}]},{\"@type\":\"WebSite\",\"@id\":\"https:\/\/psol50.org.br\/#website\",\"url\":\"https:\/\/psol50.org.br\/\",\"name\":\"PSOL 50\",\"description\":\"Site oficial do Partido Socialismo e Liberdade\",\"publisher\":{\"@id\":\"https:\/\/psol50.org.br\/#organization\"},\"alternateName\":\"PSOL50\",\"potentialAction\":[{\"@type\":\"SearchAction\",\"target\":{\"@type\":\"EntryPoint\",\"urlTemplate\":\"https:\/\/psol50.org.br\/?s={search_term_string}\"},\"query-input\":{\"@type\":\"PropertyValueSpecification\",\"valueRequired\":true,\"valueName\":\"search_term_string\"}}],\"inLanguage\":\"pt-BR\"},{\"@type\":\"Organization\",\"@id\":\"https:\/\/psol50.org.br\/#organization\",\"name\":\"PSOL 50\",\"alternateName\":\"PSOL 50\",\"url\":\"https:\/\/psol50.org.br\/\",\"logo\":{\"@type\":\"ImageObject\",\"inLanguage\":\"pt-BR\",\"@id\":\"https:\/\/psol50.org.br\/#\/schema\/logo\/image\/\",\"url\":\"https:\/\/psol50.org.br\/inc\/uploads\/2018\/07\/capa.png\",\"contentUrl\":\"https:\/\/psol50.org.br\/inc\/uploads\/2018\/07\/capa.png\",\"width\":1350,\"height\":900,\"caption\":\"PSOL 50\"},\"image\":{\"@id\":\"https:\/\/psol50.org.br\/#\/schema\/logo\/image\/\"},\"sameAs\":[\"https:\/\/www.facebook.com\/psol50\",\"https:\/\/x.com\/psol50\",\"https:\/\/www.instagram.com\/psol50\/\",\"https:\/\/www.youtube.com\/channel\/UC7SnJS5o1os7a6CaiNabzcg\"]},{\"@type\":\"Person\",\"@id\":\"https:\/\/psol50.org.br\/#\/schema\/person\/475dfa57d0b815993c714c2e96491fcd\",\"name\":\"Comunica\u00e7\u00e3o PSOL\",\"image\":{\"@type\":\"ImageObject\",\"inLanguage\":\"pt-BR\",\"@id\":\"https:\/\/psol50.org.br\/#\/schema\/person\/image\/\",\"url\":\"https:\/\/secure.gravatar.com\/avatar\/b34fc4f4e468a4e51785917065a3db57b841f5c95dba6ad8c73aaf8f66f8f9bf?s=96&d=mm&r=g\",\"contentUrl\":\"https:\/\/secure.gravatar.com\/avatar\/b34fc4f4e468a4e51785917065a3db57b841f5c95dba6ad8c73aaf8f66f8f9bf?s=96&d=mm&r=g\",\"caption\":\"Comunica\u00e7\u00e3o PSOL\"}}]}<\/script>\n<!-- \/ Yoast SEO plugin. -->","yoast_head_json":{"title":"Ivan Valente: entrevista de Temer no programa de Silvio Santos \u00e9 esc\u00e1rnio com a popula\u00e7\u00e3o - PSOL 50","robots":{"index":"index","follow":"follow","max-snippet":"max-snippet:-1","max-image-preview":"max-image-preview:large","max-video-preview":"max-video-preview:-1"},"canonical":"https:\/\/psol50.org.br\/ivan-valente-entrevista-de-temer-no-programa-de-silvio-santos-e-escarnio-com-a-populacao\/","og_locale":"pt_BR","og_type":"article","og_title":"Ivan Valente: entrevista de Temer no programa de Silvio Santos \u00e9 esc\u00e1rnio com a popula\u00e7\u00e3o - PSOL 50","og_description":"Originalmente publicado no Facebook do deputado Ivan Valente Na noite deste Domingo (28\/01), o golpista Michel Temer participou do programa de Silvio Santos no SBT para repetir as mentiras de sempre sobre a previd\u00eancia. A dupla ficou fazendo um bate bola ensaiado sobre a \u201creforma\u201d da previd\u00eancia, utilizando um canal de televis\u00e3o que funciona por [&hellip;]","og_url":"https:\/\/psol50.org.br\/ivan-valente-entrevista-de-temer-no-programa-de-silvio-santos-e-escarnio-com-a-populacao\/","og_site_name":"PSOL 50","article_publisher":"https:\/\/www.facebook.com\/psol50","article_published_time":"2018-01-29T17:05:42+00:00","og_image":[{"width":1350,"height":900,"url":"https:\/\/psol50.org.br\/inc\/uploads\/2018\/01\/Temer.SilvioSantos-.jpg","type":"image\/jpeg"}],"author":"Comunica\u00e7\u00e3o PSOL","twitter_card":"summary_large_image","twitter_creator":"@psol50","twitter_site":"@psol50","twitter_misc":{"Escrito por":"Comunica\u00e7\u00e3o PSOL","Est. tempo de leitura":"1 minuto"},"schema":{"@context":"https:\/\/schema.org","@graph":[{"@type":"Article","@id":"https:\/\/psol50.org.br\/ivan-valente-entrevista-de-temer-no-programa-de-silvio-santos-e-escarnio-com-a-populacao\/#article","isPartOf":{"@id":"https:\/\/psol50.org.br\/ivan-valente-entrevista-de-temer-no-programa-de-silvio-santos-e-escarnio-com-a-populacao\/"},"author":{"name":"Comunica\u00e7\u00e3o PSOL","@id":"https:\/\/psol50.org.br\/#\/schema\/person\/475dfa57d0b815993c714c2e96491fcd"},"headline":"Ivan Valente: entrevista de Temer no programa de Silvio Santos \u00e9 esc\u00e1rnio com a popula\u00e7\u00e3o","datePublished":"2018-01-29T17:05:42+00:00","mainEntityOfPage":{"@id":"https:\/\/psol50.org.br\/ivan-valente-entrevista-de-temer-no-programa-de-silvio-santos-e-escarnio-com-a-populacao\/"},"wordCount":275,"commentCount":0,"publisher":{"@id":"https:\/\/psol50.org.br\/#organization"},"image":{"@id":"https:\/\/psol50.org.br\/ivan-valente-entrevista-de-temer-no-programa-de-silvio-santos-e-escarnio-com-a-populacao\/#primaryimage"},"thumbnailUrl":"https:\/\/psol50.org.br\/inc\/uploads\/2018\/01\/Temer.SilvioSantos-.jpg","keywords":["Fora Temer","Michel Temer","reforma da previd\u00eancia","Silvio Santos"],"articleSection":["Brasil","Not\u00edcias"],"inLanguage":"pt-BR","potentialAction":[{"@type":"CommentAction","name":"Comment","target":["https:\/\/psol50.org.br\/ivan-valente-entrevista-de-temer-no-programa-de-silvio-santos-e-escarnio-com-a-populacao\/#respond"]}]},{"@type":"WebPage","@id":"https:\/\/psol50.org.br\/ivan-valente-entrevista-de-temer-no-programa-de-silvio-santos-e-escarnio-com-a-populacao\/","url":"https:\/\/psol50.org.br\/ivan-valente-entrevista-de-temer-no-programa-de-silvio-santos-e-escarnio-com-a-populacao\/","name":"Ivan Valente: entrevista de Temer no programa de Silvio Santos \u00e9 esc\u00e1rnio com a popula\u00e7\u00e3o - PSOL 50","isPartOf":{"@id":"https:\/\/psol50.org.br\/#website"},"primaryImageOfPage":{"@id":"https:\/\/psol50.org.br\/ivan-valente-entrevista-de-temer-no-programa-de-silvio-santos-e-escarnio-com-a-populacao\/#primaryimage"},"image":{"@id":"https:\/\/psol50.org.br\/ivan-valente-entrevista-de-temer-no-programa-de-silvio-santos-e-escarnio-com-a-populacao\/#primaryimage"},"thumbnailUrl":"https:\/\/psol50.org.br\/inc\/uploads\/2018\/01\/Temer.SilvioSantos-.jpg","datePublished":"2018-01-29T17:05:42+00:00","breadcrumb":{"@id":"https:\/\/psol50.org.br\/ivan-valente-entrevista-de-temer-no-programa-de-silvio-santos-e-escarnio-com-a-populacao\/#breadcrumb"},"inLanguage":"pt-BR","potentialAction":[{"@type":"ReadAction","target":["https:\/\/psol50.org.br\/ivan-valente-entrevista-de-temer-no-programa-de-silvio-santos-e-escarnio-com-a-populacao\/"]}]},{"@type":"ImageObject","inLanguage":"pt-BR","@id":"https:\/\/psol50.org.br\/ivan-valente-entrevista-de-temer-no-programa-de-silvio-santos-e-escarnio-com-a-populacao\/#primaryimage","url":"https:\/\/psol50.org.br\/inc\/uploads\/2018\/01\/Temer.SilvioSantos-.jpg","contentUrl":"https:\/\/psol50.org.br\/inc\/uploads\/2018\/01\/Temer.SilvioSantos-.jpg","width":1350,"height":900},{"@type":"BreadcrumbList","@id":"https:\/\/psol50.org.br\/ivan-valente-entrevista-de-temer-no-programa-de-silvio-santos-e-escarnio-com-a-populacao\/#breadcrumb","itemListElement":[{"@type":"ListItem","position":1,"name":"In\u00edcio","item":"https:\/\/psol50.org.br\/"},{"@type":"ListItem","position":2,"name":"Ivan Valente: entrevista de Temer no programa de Silvio Santos \u00e9 esc\u00e1rnio com a popula\u00e7\u00e3o"}]},{"@type":"WebSite","@id":"https:\/\/psol50.org.br\/#website","url":"https:\/\/psol50.org.br\/","name":"PSOL 50","description":"Site oficial do Partido Socialismo e Liberdade","publisher":{"@id":"https:\/\/psol50.org.br\/#organization"},"alternateName":"PSOL50","potentialAction":[{"@type":"SearchAction","target":{"@type":"EntryPoint","urlTemplate":"https:\/\/psol50.org.br\/?s={search_term_string}"},"query-input":{"@type":"PropertyValueSpecification","valueRequired":true,"valueName":"search_term_string"}}],"inLanguage":"pt-BR"},{"@type":"Organization","@id":"https:\/\/psol50.org.br\/#organization","name":"PSOL 50","alternateName":"PSOL 50","url":"https:\/\/psol50.org.br\/","logo":{"@type":"ImageObject","inLanguage":"pt-BR","@id":"https:\/\/psol50.org.br\/#\/schema\/logo\/image\/","url":"https:\/\/psol50.org.br\/inc\/uploads\/2018\/07\/capa.png","contentUrl":"https:\/\/psol50.org.br\/inc\/uploads\/2018\/07\/capa.png","width":1350,"height":900,"caption":"PSOL 50"},"image":{"@id":"https:\/\/psol50.org.br\/#\/schema\/logo\/image\/"},"sameAs":["https:\/\/www.facebook.com\/psol50","https:\/\/x.com\/psol50","https:\/\/www.instagram.com\/psol50\/","https:\/\/www.youtube.com\/channel\/UC7SnJS5o1os7a6CaiNabzcg"]},{"@type":"Person","@id":"https:\/\/psol50.org.br\/#\/schema\/person\/475dfa57d0b815993c714c2e96491fcd","name":"Comunica\u00e7\u00e3o PSOL","image":{"@type":"ImageObject","inLanguage":"pt-BR","@id":"https:\/\/psol50.org.br\/#\/schema\/person\/image\/","url":"https:\/\/secure.gravatar.com\/avatar\/b34fc4f4e468a4e51785917065a3db57b841f5c95dba6ad8c73aaf8f66f8f9bf?s=96&d=mm&r=g","contentUrl":"https:\/\/secure.gravatar.com\/avatar\/b34fc4f4e468a4e51785917065a3db57b841f5c95dba6ad8c73aaf8f66f8f9bf?s=96&d=mm&r=g","caption":"Comunica\u00e7\u00e3o PSOL"}}]}},"_links":{"self":[{"href":"https:\/\/psol50.org.br\/rest\/wp\/v2\/posts\/19623","targetHints":{"allow":["GET"]}}],"collection":[{"href":"https:\/\/psol50.org.br\/rest\/wp\/v2\/posts"}],"about":[{"href":"https:\/\/psol50.org.br\/rest\/wp\/v2\/types\/post"}],"author":[{"embeddable":true,"href":"https:\/\/psol50.org.br\/rest\/wp\/v2\/users\/2"}],"replies":[{"embeddable":true,"href":"https:\/\/psol50.org.br\/rest\/wp\/v2\/comments?post=19623"}],"version-history":[{"count":0,"href":"https:\/\/psol50.org.br\/rest\/wp\/v2\/posts\/19623\/revisions"}],"wp:featuredmedia":[{"embeddable":true,"href":"https:\/\/psol50.org.br\/rest\/wp\/v2\/media\/19624"}],"wp:attachment":[{"href":"https:\/\/psol50.org.br\/rest\/wp\/v2\/media?parent=19623"}],"wp:term":[{"taxonomy":"category","embeddable":true,"href":"https:\/\/psol50.org.br\/rest\/wp\/v2\/categories?post=19623"},{"taxonomy":"post_tag","embeddable":true,"href":"https:\/\/psol50.org.br\/rest\/wp\/v2\/tags?post=19623"}],"curies":[{"name":"wp","href":"https:\/\/api.w.org\/{rel}","templated":true}]}}