{"id":19671,"date":"2018-02-01T16:16:36","date_gmt":"2018-02-01T18:16:36","guid":{"rendered":"http:\/\/www.psol50.org.br\/?p=19671"},"modified":"2018-02-01T16:16:36","modified_gmt":"2018-02-01T18:16:36","slug":"nota-do-psol-rs-sartori-quer-vender-o-estado-resistir-e-preciso","status":"publish","type":"post","link":"https:\/\/psol50.org.br\/nota-do-psol-rs-sartori-quer-vender-o-estado-resistir-e-preciso\/","title":{"rendered":"Nota do PSOL RS: Sartori quer vender o estado! Resistir \u00e9 preciso!"},"content":{"rendered":"<p>Vivemos tempos dif\u00edceis de ataque aos trabalhadores e retirada de direitos. No pa\u00eds, o ileg\u00edtimo governo Temer n\u00e3o arrefece suas investidas contra o povo. Seguindo a agenda neoliberal, corta investimentos e pressiona os estados por privatiza\u00e7\u00f5es e arrocho dos servidores p\u00fablicos. Ap\u00f3s conseguir aprovar a nefasta Reforma Trabalhista, agora tenta &#8220;comprar&#8221; a todo custo os deputados para aprova\u00e7\u00e3o da Reforma da Previd\u00eancia. Sendo assim, dia 19 de fevereiro as centrais e os trabalhadores voltam \u00e0s ruas em protesto e por uma Greve Geral para barrar a reforma. A \u00faltima &#8220;novidade&#8221; deste governo \u00e9 a proposta de aumento abusivo de 94% da passagem do trensurb que acessa Poa e regi\u00e3o metropolitana.<\/p>\n<p>O povo cada vez mais empobrecido, sofre com tantos ataques e com a carestia. O g\u00e1s, a luz, a gasolina aumentam o pre\u00e7o de forma a tornar a vida das fam\u00edlias uma incerteza do amanh\u00e3. Enquanto isso, a concentra\u00e7\u00e3o de renda torna-se abismal e revolta a cada pesquisa. A \u00faltima nos diz que 5 bilion\u00e1rios concentram a riqueza da metade mais pobre da popula\u00e7\u00e3o.<\/p>\n<p>Junto com todo pa\u00eds, o povo ga\u00facho tamb\u00e9m sofre. Pelo terceiro ano consecutivo, o governo Sartori do PMDB tenta aprovar seu plano de privatiza\u00e7\u00e3o com a desculpa da recupera\u00e7\u00e3o fiscal. Na \u00faltima semana, conquistamos uma vit\u00f3ria, por enquanto. Com a mobiliza\u00e7\u00e3o dos servidores, a atua\u00e7\u00e3o da oposi\u00e7\u00e3o, especialmente do nosso deputado Pedro Ruas, Sartori n\u00e3o conseguiu o n\u00famero de votos necess\u00e1rios para aprovar suas medidas, entre elas a privatiza\u00e7\u00e3o da CEEE, da Sulg\u00e1s e da CRM, estatais rent\u00e1veis e que n\u00e3o s\u00e3o mais lucrativas pela gest\u00e3o desastrosa do PMDB. Na pr\u00f3xima semana, um novo pacote entrar\u00e1 em vota\u00e7\u00e3o.<\/p>\n<p>Defendemos que a grave crise das finan\u00e7as p\u00fablicas, al\u00e9m de reflexo da crise econ\u00f4mica mundial, \u00e9 tamb\u00e9m resultado da ren\u00fancia fiscal dos grandes empres\u00e1rios pelos sucessivos governos. Como a Lei Kandir, que s\u00f3 beneficia o agroneg\u00f3cio exportador em detrimento das necessidades da popula\u00e7\u00e3o do Rio Grande. Al\u00e9m dos bilh\u00f5es perdidos com sonega\u00e7\u00e3o.<\/p>\n<p>O PSOL ga\u00facho combate o privil\u00e9gio da casta pol\u00edtica e dos ricos. Lutamos por uma outra pol\u00edtica social e econ\u00f4mica. Estamos na Alergs e nas ruas com nossa milit\u00e2ncia e dirigentes sindicais. Neste ano, vamos apresentar um programa que ser\u00e1 representado pelo nosso pr\u00e9-candidato Roberto Robaina ao governo do estado. Constru\u00eddo coletivamente, que represente as lutas do povo, da juventude, dos trabalhadores, trabalhadoras e servidores p\u00fablicos. Das mulheres, negras e negros, dos LGBTs.<\/p>\n<p><strong>Executiva Estadual PSOL RS<\/strong><br \/>\n<strong>Porto Alegre, 31 de Janeiro de 2018<\/strong><\/p>\n","protected":false},"excerpt":{"rendered":"<p>Vivemos tempos dif\u00edceis de ataque aos trabalhadores e retirada de direitos. No pa\u00eds, o ileg\u00edtimo governo Temer n\u00e3o arrefece suas investidas contra o povo. Seguindo a agenda neoliberal, corta investimentos e pressiona os estados por privatiza\u00e7\u00f5es e arrocho dos servidores p\u00fablicos. Ap\u00f3s conseguir aprovar a nefasta Reforma Trabalhista, agora tenta &#8220;comprar&#8221; a todo custo os [&hellip;]<\/p>\n","protected":false},"author":2,"featured_media":19673,"comment_status":"open","ping_status":"open","sticky":false,"template":"","format":"standard","meta":{"_acf_changed":false,"footnotes":""},"categories":[654,6,14],"tags":[2201,243,2202,1251],"class_list":{"0":"post-19671","1":"post","2":"type-post","3":"status-publish","4":"format-standard","5":"has-post-thumbnail","7":"category-estados","8":"category-noticias","9":"category-partido","10":"tag-jose-ivo-sartori","11":"tag-nota-do-psol","12":"tag-psol-rs","13":"tag-rio-grande-do-sul"},"acf":[],"yoast_head":"<!-- This site is optimized with the Yoast SEO plugin v26.5 - https:\/\/yoast.com\/wordpress\/plugins\/seo\/ -->\n<title>Nota do PSOL RS: Sartori quer vender o estado! Resistir \u00e9 preciso! - PSOL 50<\/title>\n<meta name=\"robots\" content=\"index, follow, max-snippet:-1, max-image-preview:large, max-video-preview:-1\" \/>\n<link rel=\"canonical\" href=\"https:\/\/psol50.org.br\/nota-do-psol-rs-sartori-quer-vender-o-estado-resistir-e-preciso\/\" \/>\n<meta property=\"og:locale\" content=\"pt_BR\" \/>\n<meta property=\"og:type\" content=\"article\" \/>\n<meta property=\"og:title\" content=\"Nota do PSOL RS: Sartori quer vender o estado! Resistir \u00e9 preciso! - PSOL 50\" \/>\n<meta property=\"og:description\" content=\"Vivemos tempos dif\u00edceis de ataque aos trabalhadores e retirada de direitos. No pa\u00eds, o ileg\u00edtimo governo Temer n\u00e3o arrefece suas investidas contra o povo. Seguindo a agenda neoliberal, corta investimentos e pressiona os estados por privatiza\u00e7\u00f5es e arrocho dos servidores p\u00fablicos. Ap\u00f3s conseguir aprovar a nefasta Reforma Trabalhista, agora tenta &#8220;comprar&#8221; a todo custo os [&hellip;]\" \/>\n<meta property=\"og:url\" content=\"https:\/\/psol50.org.br\/nota-do-psol-rs-sartori-quer-vender-o-estado-resistir-e-preciso\/\" \/>\n<meta property=\"og:site_name\" content=\"PSOL 50\" \/>\n<meta property=\"article:publisher\" content=\"https:\/\/www.facebook.com\/psol50\" \/>\n<meta property=\"article:published_time\" content=\"2018-02-01T18:16:36+00:00\" \/>\n<meta property=\"og:image\" content=\"https:\/\/psol50.org.br\/inc\/uploads\/2018\/02\/JoseIvoSartori.GovernoRS-0910.jpg\" \/>\n\t<meta property=\"og:image:width\" content=\"1350\" \/>\n\t<meta property=\"og:image:height\" content=\"900\" \/>\n\t<meta property=\"og:image:type\" content=\"image\/jpeg\" \/>\n<meta name=\"author\" content=\"Comunica\u00e7\u00e3o PSOL\" \/>\n<meta name=\"twitter:card\" content=\"summary_large_image\" \/>\n<meta name=\"twitter:creator\" content=\"@psol50\" \/>\n<meta name=\"twitter:site\" content=\"@psol50\" \/>\n<meta name=\"twitter:label1\" content=\"Escrito por\" \/>\n\t<meta name=\"twitter:data1\" content=\"Comunica\u00e7\u00e3o PSOL\" \/>\n\t<meta name=\"twitter:label2\" content=\"Est. tempo de leitura\" \/>\n\t<meta name=\"twitter:data2\" content=\"2 minutos\" \/>\n<script type=\"application\/ld+json\" class=\"yoast-schema-graph\">{\"@context\":\"https:\/\/schema.org\",\"@graph\":[{\"@type\":\"Article\",\"@id\":\"https:\/\/psol50.org.br\/nota-do-psol-rs-sartori-quer-vender-o-estado-resistir-e-preciso\/#article\",\"isPartOf\":{\"@id\":\"https:\/\/psol50.org.br\/nota-do-psol-rs-sartori-quer-vender-o-estado-resistir-e-preciso\/\"},\"author\":{\"name\":\"Comunica\u00e7\u00e3o PSOL\",\"@id\":\"https:\/\/psol50.org.br\/#\/schema\/person\/475dfa57d0b815993c714c2e96491fcd\"},\"headline\":\"Nota do PSOL RS: Sartori quer vender o estado! Resistir \u00e9 preciso!\",\"datePublished\":\"2018-02-01T18:16:36+00:00\",\"mainEntityOfPage\":{\"@id\":\"https:\/\/psol50.org.br\/nota-do-psol-rs-sartori-quer-vender-o-estado-resistir-e-preciso\/\"},\"wordCount\":469,\"commentCount\":0,\"publisher\":{\"@id\":\"https:\/\/psol50.org.br\/#organization\"},\"image\":{\"@id\":\"https:\/\/psol50.org.br\/nota-do-psol-rs-sartori-quer-vender-o-estado-resistir-e-preciso\/#primaryimage\"},\"thumbnailUrl\":\"https:\/\/psol50.org.br\/inc\/uploads\/2018\/02\/JoseIvoSartori.GovernoRS-0910.jpg\",\"keywords\":[\"Jos\u00e9 Ivo Sartori\",\"Nota do PSOL\",\"PSOL-RS\",\"Rio Grande do Sul\"],\"articleSection\":[\"Estados\",\"Not\u00edcias\",\"Partido\"],\"inLanguage\":\"pt-BR\",\"potentialAction\":[{\"@type\":\"CommentAction\",\"name\":\"Comment\",\"target\":[\"https:\/\/psol50.org.br\/nota-do-psol-rs-sartori-quer-vender-o-estado-resistir-e-preciso\/#respond\"]}]},{\"@type\":\"WebPage\",\"@id\":\"https:\/\/psol50.org.br\/nota-do-psol-rs-sartori-quer-vender-o-estado-resistir-e-preciso\/\",\"url\":\"https:\/\/psol50.org.br\/nota-do-psol-rs-sartori-quer-vender-o-estado-resistir-e-preciso\/\",\"name\":\"Nota do PSOL RS: Sartori quer vender o estado! Resistir \u00e9 preciso! - PSOL 50\",\"isPartOf\":{\"@id\":\"https:\/\/psol50.org.br\/#website\"},\"primaryImageOfPage\":{\"@id\":\"https:\/\/psol50.org.br\/nota-do-psol-rs-sartori-quer-vender-o-estado-resistir-e-preciso\/#primaryimage\"},\"image\":{\"@id\":\"https:\/\/psol50.org.br\/nota-do-psol-rs-sartori-quer-vender-o-estado-resistir-e-preciso\/#primaryimage\"},\"thumbnailUrl\":\"https:\/\/psol50.org.br\/inc\/uploads\/2018\/02\/JoseIvoSartori.GovernoRS-0910.jpg\",\"datePublished\":\"2018-02-01T18:16:36+00:00\",\"breadcrumb\":{\"@id\":\"https:\/\/psol50.org.br\/nota-do-psol-rs-sartori-quer-vender-o-estado-resistir-e-preciso\/#breadcrumb\"},\"inLanguage\":\"pt-BR\",\"potentialAction\":[{\"@type\":\"ReadAction\",\"target\":[\"https:\/\/psol50.org.br\/nota-do-psol-rs-sartori-quer-vender-o-estado-resistir-e-preciso\/\"]}]},{\"@type\":\"ImageObject\",\"inLanguage\":\"pt-BR\",\"@id\":\"https:\/\/psol50.org.br\/nota-do-psol-rs-sartori-quer-vender-o-estado-resistir-e-preciso\/#primaryimage\",\"url\":\"https:\/\/psol50.org.br\/inc\/uploads\/2018\/02\/JoseIvoSartori.GovernoRS-0910.jpg\",\"contentUrl\":\"https:\/\/psol50.org.br\/inc\/uploads\/2018\/02\/JoseIvoSartori.GovernoRS-0910.jpg\",\"width\":1350,\"height\":900,\"caption\":\"PORTO ALEGRE, RS, BRASIL 31.01.2018: Acompanhado por integrantes do Secretariado, o governador Jos\u00e9 Ivo Sartori fez um pronunciamento a imprensa, nesta quarta-feira (31), no Pal\u00e1cio Piratini, logo ap\u00f3s o encerramento da sess\u00e3o extraordin\u00e1ria da Assembleia Legislativa. Foto: Dani Barcellos\/Pal\u00e1cio Piratini\"},{\"@type\":\"BreadcrumbList\",\"@id\":\"https:\/\/psol50.org.br\/nota-do-psol-rs-sartori-quer-vender-o-estado-resistir-e-preciso\/#breadcrumb\",\"itemListElement\":[{\"@type\":\"ListItem\",\"position\":1,\"name\":\"In\u00edcio\",\"item\":\"https:\/\/psol50.org.br\/\"},{\"@type\":\"ListItem\",\"position\":2,\"name\":\"Nota do PSOL RS: Sartori quer vender o estado! Resistir \u00e9 preciso!\"}]},{\"@type\":\"WebSite\",\"@id\":\"https:\/\/psol50.org.br\/#website\",\"url\":\"https:\/\/psol50.org.br\/\",\"name\":\"PSOL 50\",\"description\":\"Site oficial do Partido Socialismo e Liberdade\",\"publisher\":{\"@id\":\"https:\/\/psol50.org.br\/#organization\"},\"alternateName\":\"PSOL50\",\"potentialAction\":[{\"@type\":\"SearchAction\",\"target\":{\"@type\":\"EntryPoint\",\"urlTemplate\":\"https:\/\/psol50.org.br\/?s={search_term_string}\"},\"query-input\":{\"@type\":\"PropertyValueSpecification\",\"valueRequired\":true,\"valueName\":\"search_term_string\"}}],\"inLanguage\":\"pt-BR\"},{\"@type\":\"Organization\",\"@id\":\"https:\/\/psol50.org.br\/#organization\",\"name\":\"PSOL 50\",\"alternateName\":\"PSOL 50\",\"url\":\"https:\/\/psol50.org.br\/\",\"logo\":{\"@type\":\"ImageObject\",\"inLanguage\":\"pt-BR\",\"@id\":\"https:\/\/psol50.org.br\/#\/schema\/logo\/image\/\",\"url\":\"https:\/\/psol50.org.br\/inc\/uploads\/2018\/07\/capa.png\",\"contentUrl\":\"https:\/\/psol50.org.br\/inc\/uploads\/2018\/07\/capa.png\",\"width\":1350,\"height\":900,\"caption\":\"PSOL 50\"},\"image\":{\"@id\":\"https:\/\/psol50.org.br\/#\/schema\/logo\/image\/\"},\"sameAs\":[\"https:\/\/www.facebook.com\/psol50\",\"https:\/\/x.com\/psol50\",\"https:\/\/www.instagram.com\/psol50\/\",\"https:\/\/www.youtube.com\/channel\/UC7SnJS5o1os7a6CaiNabzcg\"]},{\"@type\":\"Person\",\"@id\":\"https:\/\/psol50.org.br\/#\/schema\/person\/475dfa57d0b815993c714c2e96491fcd\",\"name\":\"Comunica\u00e7\u00e3o PSOL\",\"image\":{\"@type\":\"ImageObject\",\"inLanguage\":\"pt-BR\",\"@id\":\"https:\/\/psol50.org.br\/#\/schema\/person\/image\/\",\"url\":\"https:\/\/secure.gravatar.com\/avatar\/b34fc4f4e468a4e51785917065a3db57b841f5c95dba6ad8c73aaf8f66f8f9bf?s=96&d=mm&r=g\",\"contentUrl\":\"https:\/\/secure.gravatar.com\/avatar\/b34fc4f4e468a4e51785917065a3db57b841f5c95dba6ad8c73aaf8f66f8f9bf?s=96&d=mm&r=g\",\"caption\":\"Comunica\u00e7\u00e3o PSOL\"}}]}<\/script>\n<!-- \/ Yoast SEO plugin. -->","yoast_head_json":{"title":"Nota do PSOL RS: Sartori quer vender o estado! Resistir \u00e9 preciso! - PSOL 50","robots":{"index":"index","follow":"follow","max-snippet":"max-snippet:-1","max-image-preview":"max-image-preview:large","max-video-preview":"max-video-preview:-1"},"canonical":"https:\/\/psol50.org.br\/nota-do-psol-rs-sartori-quer-vender-o-estado-resistir-e-preciso\/","og_locale":"pt_BR","og_type":"article","og_title":"Nota do PSOL RS: Sartori quer vender o estado! Resistir \u00e9 preciso! - PSOL 50","og_description":"Vivemos tempos dif\u00edceis de ataque aos trabalhadores e retirada de direitos. No pa\u00eds, o ileg\u00edtimo governo Temer n\u00e3o arrefece suas investidas contra o povo. Seguindo a agenda neoliberal, corta investimentos e pressiona os estados por privatiza\u00e7\u00f5es e arrocho dos servidores p\u00fablicos. Ap\u00f3s conseguir aprovar a nefasta Reforma Trabalhista, agora tenta &#8220;comprar&#8221; a todo custo os [&hellip;]","og_url":"https:\/\/psol50.org.br\/nota-do-psol-rs-sartori-quer-vender-o-estado-resistir-e-preciso\/","og_site_name":"PSOL 50","article_publisher":"https:\/\/www.facebook.com\/psol50","article_published_time":"2018-02-01T18:16:36+00:00","og_image":[{"width":1350,"height":900,"url":"https:\/\/psol50.org.br\/inc\/uploads\/2018\/02\/JoseIvoSartori.GovernoRS-0910.jpg","type":"image\/jpeg"}],"author":"Comunica\u00e7\u00e3o PSOL","twitter_card":"summary_large_image","twitter_creator":"@psol50","twitter_site":"@psol50","twitter_misc":{"Escrito por":"Comunica\u00e7\u00e3o PSOL","Est. tempo de leitura":"2 minutos"},"schema":{"@context":"https:\/\/schema.org","@graph":[{"@type":"Article","@id":"https:\/\/psol50.org.br\/nota-do-psol-rs-sartori-quer-vender-o-estado-resistir-e-preciso\/#article","isPartOf":{"@id":"https:\/\/psol50.org.br\/nota-do-psol-rs-sartori-quer-vender-o-estado-resistir-e-preciso\/"},"author":{"name":"Comunica\u00e7\u00e3o PSOL","@id":"https:\/\/psol50.org.br\/#\/schema\/person\/475dfa57d0b815993c714c2e96491fcd"},"headline":"Nota do PSOL RS: Sartori quer vender o estado! Resistir \u00e9 preciso!","datePublished":"2018-02-01T18:16:36+00:00","mainEntityOfPage":{"@id":"https:\/\/psol50.org.br\/nota-do-psol-rs-sartori-quer-vender-o-estado-resistir-e-preciso\/"},"wordCount":469,"commentCount":0,"publisher":{"@id":"https:\/\/psol50.org.br\/#organization"},"image":{"@id":"https:\/\/psol50.org.br\/nota-do-psol-rs-sartori-quer-vender-o-estado-resistir-e-preciso\/#primaryimage"},"thumbnailUrl":"https:\/\/psol50.org.br\/inc\/uploads\/2018\/02\/JoseIvoSartori.GovernoRS-0910.jpg","keywords":["Jos\u00e9 Ivo Sartori","Nota do PSOL","PSOL-RS","Rio Grande do Sul"],"articleSection":["Estados","Not\u00edcias","Partido"],"inLanguage":"pt-BR","potentialAction":[{"@type":"CommentAction","name":"Comment","target":["https:\/\/psol50.org.br\/nota-do-psol-rs-sartori-quer-vender-o-estado-resistir-e-preciso\/#respond"]}]},{"@type":"WebPage","@id":"https:\/\/psol50.org.br\/nota-do-psol-rs-sartori-quer-vender-o-estado-resistir-e-preciso\/","url":"https:\/\/psol50.org.br\/nota-do-psol-rs-sartori-quer-vender-o-estado-resistir-e-preciso\/","name":"Nota do PSOL RS: Sartori quer vender o estado! Resistir \u00e9 preciso! - PSOL 50","isPartOf":{"@id":"https:\/\/psol50.org.br\/#website"},"primaryImageOfPage":{"@id":"https:\/\/psol50.org.br\/nota-do-psol-rs-sartori-quer-vender-o-estado-resistir-e-preciso\/#primaryimage"},"image":{"@id":"https:\/\/psol50.org.br\/nota-do-psol-rs-sartori-quer-vender-o-estado-resistir-e-preciso\/#primaryimage"},"thumbnailUrl":"https:\/\/psol50.org.br\/inc\/uploads\/2018\/02\/JoseIvoSartori.GovernoRS-0910.jpg","datePublished":"2018-02-01T18:16:36+00:00","breadcrumb":{"@id":"https:\/\/psol50.org.br\/nota-do-psol-rs-sartori-quer-vender-o-estado-resistir-e-preciso\/#breadcrumb"},"inLanguage":"pt-BR","potentialAction":[{"@type":"ReadAction","target":["https:\/\/psol50.org.br\/nota-do-psol-rs-sartori-quer-vender-o-estado-resistir-e-preciso\/"]}]},{"@type":"ImageObject","inLanguage":"pt-BR","@id":"https:\/\/psol50.org.br\/nota-do-psol-rs-sartori-quer-vender-o-estado-resistir-e-preciso\/#primaryimage","url":"https:\/\/psol50.org.br\/inc\/uploads\/2018\/02\/JoseIvoSartori.GovernoRS-0910.jpg","contentUrl":"https:\/\/psol50.org.br\/inc\/uploads\/2018\/02\/JoseIvoSartori.GovernoRS-0910.jpg","width":1350,"height":900,"caption":"PORTO ALEGRE, RS, BRASIL 31.01.2018: Acompanhado por integrantes do Secretariado, o governador Jos\u00e9 Ivo Sartori fez um pronunciamento a imprensa, nesta quarta-feira (31), no Pal\u00e1cio Piratini, logo ap\u00f3s o encerramento da sess\u00e3o extraordin\u00e1ria da Assembleia Legislativa. Foto: Dani Barcellos\/Pal\u00e1cio Piratini"},{"@type":"BreadcrumbList","@id":"https:\/\/psol50.org.br\/nota-do-psol-rs-sartori-quer-vender-o-estado-resistir-e-preciso\/#breadcrumb","itemListElement":[{"@type":"ListItem","position":1,"name":"In\u00edcio","item":"https:\/\/psol50.org.br\/"},{"@type":"ListItem","position":2,"name":"Nota do PSOL RS: Sartori quer vender o estado! Resistir \u00e9 preciso!"}]},{"@type":"WebSite","@id":"https:\/\/psol50.org.br\/#website","url":"https:\/\/psol50.org.br\/","name":"PSOL 50","description":"Site oficial do Partido Socialismo e Liberdade","publisher":{"@id":"https:\/\/psol50.org.br\/#organization"},"alternateName":"PSOL50","potentialAction":[{"@type":"SearchAction","target":{"@type":"EntryPoint","urlTemplate":"https:\/\/psol50.org.br\/?s={search_term_string}"},"query-input":{"@type":"PropertyValueSpecification","valueRequired":true,"valueName":"search_term_string"}}],"inLanguage":"pt-BR"},{"@type":"Organization","@id":"https:\/\/psol50.org.br\/#organization","name":"PSOL 50","alternateName":"PSOL 50","url":"https:\/\/psol50.org.br\/","logo":{"@type":"ImageObject","inLanguage":"pt-BR","@id":"https:\/\/psol50.org.br\/#\/schema\/logo\/image\/","url":"https:\/\/psol50.org.br\/inc\/uploads\/2018\/07\/capa.png","contentUrl":"https:\/\/psol50.org.br\/inc\/uploads\/2018\/07\/capa.png","width":1350,"height":900,"caption":"PSOL 50"},"image":{"@id":"https:\/\/psol50.org.br\/#\/schema\/logo\/image\/"},"sameAs":["https:\/\/www.facebook.com\/psol50","https:\/\/x.com\/psol50","https:\/\/www.instagram.com\/psol50\/","https:\/\/www.youtube.com\/channel\/UC7SnJS5o1os7a6CaiNabzcg"]},{"@type":"Person","@id":"https:\/\/psol50.org.br\/#\/schema\/person\/475dfa57d0b815993c714c2e96491fcd","name":"Comunica\u00e7\u00e3o PSOL","image":{"@type":"ImageObject","inLanguage":"pt-BR","@id":"https:\/\/psol50.org.br\/#\/schema\/person\/image\/","url":"https:\/\/secure.gravatar.com\/avatar\/b34fc4f4e468a4e51785917065a3db57b841f5c95dba6ad8c73aaf8f66f8f9bf?s=96&d=mm&r=g","contentUrl":"https:\/\/secure.gravatar.com\/avatar\/b34fc4f4e468a4e51785917065a3db57b841f5c95dba6ad8c73aaf8f66f8f9bf?s=96&d=mm&r=g","caption":"Comunica\u00e7\u00e3o PSOL"}}]}},"_links":{"self":[{"href":"https:\/\/psol50.org.br\/rest\/wp\/v2\/posts\/19671","targetHints":{"allow":["GET"]}}],"collection":[{"href":"https:\/\/psol50.org.br\/rest\/wp\/v2\/posts"}],"about":[{"href":"https:\/\/psol50.org.br\/rest\/wp\/v2\/types\/post"}],"author":[{"embeddable":true,"href":"https:\/\/psol50.org.br\/rest\/wp\/v2\/users\/2"}],"replies":[{"embeddable":true,"href":"https:\/\/psol50.org.br\/rest\/wp\/v2\/comments?post=19671"}],"version-history":[{"count":0,"href":"https:\/\/psol50.org.br\/rest\/wp\/v2\/posts\/19671\/revisions"}],"wp:featuredmedia":[{"embeddable":true,"href":"https:\/\/psol50.org.br\/rest\/wp\/v2\/media\/19673"}],"wp:attachment":[{"href":"https:\/\/psol50.org.br\/rest\/wp\/v2\/media?parent=19671"}],"wp:term":[{"taxonomy":"category","embeddable":true,"href":"https:\/\/psol50.org.br\/rest\/wp\/v2\/categories?post=19671"},{"taxonomy":"post_tag","embeddable":true,"href":"https:\/\/psol50.org.br\/rest\/wp\/v2\/tags?post=19671"}],"curies":[{"name":"wp","href":"https:\/\/api.w.org\/{rel}","templated":true}]}}