{"id":19729,"date":"2018-02-02T10:53:48","date_gmt":"2018-02-02T12:53:48","guid":{"rendered":"http:\/\/www.psol50.org.br\/?p=19729"},"modified":"2018-02-02T10:53:48","modified_gmt":"2018-02-02T12:53:48","slug":"glauber-braga-psol-na-linha-de-frente-contra-a-agenda-de-temer-2","status":"publish","type":"post","link":"https:\/\/psol50.org.br\/glauber-braga-psol-na-linha-de-frente-contra-a-agenda-de-temer-2\/","title":{"rendered":"Glauber Braga: PSOL na linha de frente contra a agenda de Temer"},"content":{"rendered":"<p>No retorno dos trabalhos do Legislativo, o l\u00edder do <a href=\"https:\/\/www.facebook.com\/psolnacamara\/\" target=\"_blank\" rel=\"noopener\"><strong><span style=\"color: #0000ff;\">PSOL na C\u00e2mara<\/span><\/strong><\/a>, deputado <a href=\"https:\/\/www.facebook.com\/glauber.braga1\/\" target=\"_blank\" rel=\"noopener\"><strong><span style=\"color: #0000ff;\">Glauber Braga<\/span><\/strong><\/a> (RJ), analisa os desafios que o partido ter\u00e1 pela frente, a batalha contra a Reforma da Previd\u00eancia e o cen\u00e1rio pol\u00edtico nesse ano de elei\u00e7\u00f5es gerais, em entrevista concedida \u00e0 equipe de comunica\u00e7\u00e3o do partido. Para ele, somente a\u00a0amplia\u00e7\u00e3o do enfrentamento, tanto no Parlamento, quanto nas ruas, em todo o pa\u00eds, ser\u00e1 capaz de derrotar a agenda de retrocessos do governo de Michel Temer.<\/p>\n<p>Na avalia\u00e7\u00e3o de Glauber, al\u00e9m das mudan\u00e7as na aposentadoria, o Pal\u00e1cio do Planalto tem outros projetos de desmonte para o pa\u00eds e, em 2018, seguir\u00e1 aprofundando o ajuste fiscal.\u00a0&#8220;Eles v\u00e3o manter esse projeto at\u00e9 o \u00faltimo minuto. Eles t\u00eam diferen\u00e7as entre si, mas no que diz respeito ao programa h\u00e1 uma grande afinidade. Est\u00e3o implementando a todo custo esse programa de desmonte&#8221;, pontua, afirmando, ainda, que o PSOL estar\u00e1 na linha de frente para derrotar a agenda de retrocessos.<\/p>\n<p>Sobre a participa\u00e7\u00e3o do PSOL nas elei\u00e7\u00f5es de outubro, o l\u00edder defende um programa que seja capaz de romper com o sistema vigente e que tenha uma ampla participa\u00e7\u00e3o popular. &#8220;Uma candidatura do PSOL tem que apresentar um programa que seja radical, no sentido de combater as estruturas hist\u00f3ricas de exclus\u00e3o, e que tenha a participa\u00e7\u00e3o popular como fundamento, n\u00e3o s\u00f3 no per\u00edodo de campanha, mas tamb\u00e9m na estrutura\u00e7\u00e3o pr\u00e1tica desse projeto&#8221;, finaliza.<\/p>\n<p>Confira a entrevista completa.<\/p>\n<p><strong>1- O Congresso retoma os trabalhos, efetivamente, na pr\u00f3xima semana. Como dever\u00e1 ser a atua\u00e7\u00e3o da bancada do PSOL nesse ano legislativo, que ser\u00e1 marcado por elei\u00e7\u00f5es gerais, troca de favores entre bancadas e a tentativa do governo em aprofundar o ajuste fiscal?<\/strong><\/p>\n<p><em>O primeiro semestre \u00e9 de um enorme desafio para a bancada do PSOL, porque eles v\u00e3o vir com tudo com um projeto de desmontar o Estado brasileiro, n\u00e3o s\u00f3 com a reforma da Previd\u00eancia, mas tamb\u00e9m com as privatiza\u00e7\u00f5es, neste programa de Estado m\u00ednimo. Ampliar a resist\u00eancia, n\u00e3o s\u00f3 institucionalmente, mas no Brasil como um todo, nas pra\u00e7as, nas ruas, mobilizando as pessoas contra essa agenda, \u00e9 fundamental. E a bancada do PSOL vai estar na linha de frente, na resist\u00eancia institucional dentro do Parlamento, contra a aprova\u00e7\u00e3o dessas medidas.<\/em><\/p>\n<p><strong>2- Temer e sua base aliada na C\u00e2mara, liderada por Rodrigo Maia, prometem colocar a reforma da Previd\u00eancia em vota\u00e7\u00e3o, no plen\u00e1rio, at\u00e9 o dia 19. O Pal\u00e1cio do Planalto j\u00e1 fala em promover novas mudan\u00e7as na proposta. A bancada do PSOL avalia que o governo conseguir\u00e1 fazer os acordos para manter o calend\u00e1rio?<\/strong><\/p>\n<p><em>Se fosse hoje, eles n\u00e3o teriam os votos necess\u00e1rios para a aprova\u00e7\u00e3o da Reforma da Previd\u00eancia. O relator veio a p\u00fablico dizer que eles j\u00e1 tinham 270 votos. Eles n\u00e3o t\u00eam os 308 necess\u00e1rios. A gente tem que permanecer com a mobiliza\u00e7\u00e3o, porque eles est\u00e3o fazendo de tudo para aprovar. Basta ver a\u00ed o &#8220;Topa Tudo Por Dinheiro&#8221; que foi a entrevista de Michel Temer para o Silvio Santos. Isto \u00e9 s\u00f3 mais um aspecto simb\u00f3lico daquilo que eles est\u00e3o fazendo, que \u00e9 entregar parcela significativa do patrim\u00f4nio brasileiro para aprova\u00e7\u00e3o dessas mat\u00e9rias. N\u00f3s vamos continuar trabalhando &#8211; e trabalhando firme &#8211; para que eles n\u00e3o consigam aprovar. Hoje eles n\u00e3o teriam os votos suficientes para manter o calend\u00e1rio em fevereiro, mas a nossa mobiliza\u00e7\u00e3o tem que ser permanente. At\u00e9 porque eles podem fazer a t\u00e1tica de botar outras mat\u00e9rias antes, mat\u00e9rias que n\u00e3o precisem de qu\u00f3rum qualificado, como por exemplo a privatiza\u00e7\u00e3o da Eletrobras ou outras privatiza\u00e7\u00f5es, como fizeram no passado quando botaram o desmonte da legisla\u00e7\u00e3o trabalhista para votar. O enfrentamento e a mobiliza\u00e7\u00e3o t\u00eam que ser permanentes. Hoje eles n\u00e3o conseguiriam aprovar o desmonte da Previd\u00eancia p\u00fablica.<\/em><\/p>\n<p><strong>3- Al\u00e9m da batalha contra a reforma da Previd\u00eancia, quais outros enfrentamentos o partido deve travar este ano?<\/strong><\/p>\n<p><em>Al\u00e9m da batalha contra a Reforma da Previd\u00eancia e contra o desmonte do Estado, a gente tem uma tarefa fundamental de apresentar um programa para o Brasil que, al\u00e9m da resist\u00eancia, gere uma alternativa e apaixone os cora\u00e7\u00f5es e as mentes do povo brasileiro. Isso s\u00f3 se constr\u00f3i a partir de um programa dialogado com as ruas, com as pessoas, constru\u00eddo coletivamente. O PSOL tem um papel fundamental no processo de reorganiza\u00e7\u00e3o da esquerda, que passa agora pela resist\u00eancia ao programa implementado pelo governo Temer, mas tamb\u00e9m pela apresenta\u00e7\u00e3o de um programa popular que seja uma ruptura com esse capitalismo selvagem excludente, que eles procuram colocar em pr\u00e1tica a todo custo.<\/em><\/p>\n<figure id=\"attachment_19731\" aria-describedby=\"caption-attachment-19731\" style=\"width: 600px\" class=\"wp-caption aligncenter\"><img loading=\"lazy\" decoding=\"async\" class=\"wp-image-19731 size-medium\" src=\"http:\/\/www.psol50.org.br\/inc\/uploads\/2018\/02\/Bancada-600x400.jpg\" alt=\"\" width=\"600\" height=\"400\" \/><figcaption id=\"caption-attachment-19731\" class=\"wp-caption-text\"><em>Foto: PSOL na C\u00e2mara<\/em><\/figcaption><\/figure>\n<p><strong>4- O PSOL teve um papel central nas duas vota\u00e7\u00f5es pela continuidade da investiga\u00e7\u00e3o, no STF, das den\u00fancias contra Temer. A popularidade do presidente ileg\u00edtimo est\u00e1 cada vez menor. Para o partido, como ser\u00e1 a conjuntura nesse \u00faltimo ano de governo fruto do golpe institucional?<\/strong><\/p>\n<p><em>O Temer, junto com o grupo que d\u00e1 sustenta\u00e7\u00e3o ao governo, n\u00e3o est\u00e1 muito preocupado se a popularidade dele \u00e9 baixa. O que conduz essa quest\u00e3o \u00e9 a tentativa de desmontar o Estado brasileiro. Eles v\u00e3o manter esse projeto at\u00e9 o \u00faltimo minuto. Eles t\u00eam diferen\u00e7as entre si, mas no que diz respeito ao programa h\u00e1 uma grande afinidade. Est\u00e3o implementando a todo custo esse programa de desmonte. O ano de 2018 n\u00e3o vai ser diferente: eles v\u00e3o manter essa agenda e, al\u00e9m disso, v\u00e3o tentar apresentar uma candidatura como se fosse de &#8220;centro&#8221;. &#8220;Centro&#8221; coisa nenhuma! A candidatura deles \u00e9 de direita, porque \u00e9 a que quer dar continuidade ao programa ileg\u00edtimo de Temer, apoiado prioritariamente pelo sistema financeiro.\u00a0<\/em><em>Programa esse que quer retirar direitos e recursos de quem t\u00e1 na base da pir\u00e2mide, para transferir aos mais ricos, bem como transferir parte significativa do Estado brasileiro ao capital internacional, \u00e0s grandes corpora\u00e7\u00f5es que est\u00e3o atuando tamb\u00e9m com tudo aqui dentro do Brasil.<\/em><\/p>\n<p><strong>5- O que dominar\u00e1 a cena pol\u00edtica em 2018 ser\u00e3o as elei\u00e7\u00f5es. O PSOL ter\u00e1 candidatura pr\u00f3pria, cujo nome ser\u00e1 definido na conven\u00e7\u00e3o eleitoral, em mar\u00e7o. Na sua avalia\u00e7\u00e3o, quais devem ser os eixos do programa que o partido apresentar\u00e1 \u00e0 popula\u00e7\u00e3o?<\/strong><\/p>\n<p><em>A candidatura do PSOL tem que propor um programa que seja de ruptura estrutural com o sistema e o programa que est\u00e1 sendo implementado no Brasil, de retirada de direitos e amplia\u00e7\u00e3o do processo de explora\u00e7\u00e3o dos trabalhadores e das trabalhadoras do Brasil. Tem que ser uma candidatura que necessariamente, al\u00e9m de romper com essas estruturas hist\u00f3ricas que fomentam a exclus\u00e3o, tenha na participa\u00e7\u00e3o popular n\u00e3o um discurso eleitoral, mas uma forma permanente de se articular com a sociedade brasileira. Ent\u00e3o, uma candidatura do PSOL tem que apresentar um programa que seja radical, no sentido de combater as estruturas hist\u00f3ricas de exclus\u00e3o, e que tenha a participa\u00e7\u00e3o popular como fundamento, n\u00e3o s\u00f3 no per\u00edodo de campanha, mas tamb\u00e9m na estrutura\u00e7\u00e3o pr\u00e1tica desse projeto.\u00a0<\/em><\/p>\n","protected":false},"excerpt":{"rendered":"<p>No retorno dos trabalhos do Legislativo, o l\u00edder do PSOL na C\u00e2mara, deputado Glauber Braga (RJ), analisa os desafios que o partido ter\u00e1 pela frente, a batalha contra a Reforma da Previd\u00eancia e o cen\u00e1rio pol\u00edtico nesse ano de elei\u00e7\u00f5es gerais, em entrevista concedida \u00e0 equipe de comunica\u00e7\u00e3o do partido. Para ele, somente a\u00a0amplia\u00e7\u00e3o do [&hellip;]<\/p>\n","protected":false},"author":2,"featured_media":19739,"comment_status":"open","ping_status":"open","sticky":false,"template":"","format":"standard","meta":{"_acf_changed":false,"footnotes":""},"categories":[10,1882,6],"tags":[2203,1604,790,2204,1191,2205,1748,2206,22,39,2207],"class_list":{"0":"post-19729","1":"post","2":"type-post","3":"status-publish","4":"format-standard","5":"has-post-thumbnail","7":"category-acao-parlamentares","8":"category-brasil","9":"category-noticias","10":"tag-desmonte","11":"tag-eleicoes-2018","12":"tag-esquerda","13":"tag-estado","14":"tag-glauber-braga","15":"tag-lider-do-psol-na-camara","16":"tag-michel-temer","17":"tag-programa-radical","18":"tag-psol","19":"tag-reforma-da-previdencia","20":"tag-retrocessos"},"acf":[],"yoast_head":"<!-- This site is optimized with the Yoast SEO plugin v26.5 - https:\/\/yoast.com\/wordpress\/plugins\/seo\/ -->\n<title>Glauber Braga: PSOL na linha de frente contra a agenda de Temer - PSOL 50<\/title>\n<meta name=\"robots\" content=\"index, follow, max-snippet:-1, max-image-preview:large, max-video-preview:-1\" \/>\n<link rel=\"canonical\" href=\"https:\/\/psol50.org.br\/glauber-braga-psol-na-linha-de-frente-contra-a-agenda-de-temer-2\/\" \/>\n<meta property=\"og:locale\" content=\"pt_BR\" \/>\n<meta property=\"og:type\" content=\"article\" \/>\n<meta property=\"og:title\" content=\"Glauber Braga: PSOL na linha de frente contra a agenda de Temer - PSOL 50\" \/>\n<meta property=\"og:description\" content=\"No retorno dos trabalhos do Legislativo, o l\u00edder do PSOL na C\u00e2mara, deputado Glauber Braga (RJ), analisa os desafios que o partido ter\u00e1 pela frente, a batalha contra a Reforma da Previd\u00eancia e o cen\u00e1rio pol\u00edtico nesse ano de elei\u00e7\u00f5es gerais, em entrevista concedida \u00e0 equipe de comunica\u00e7\u00e3o do partido. Para ele, somente a\u00a0amplia\u00e7\u00e3o do [&hellip;]\" \/>\n<meta property=\"og:url\" content=\"https:\/\/psol50.org.br\/glauber-braga-psol-na-linha-de-frente-contra-a-agenda-de-temer-2\/\" \/>\n<meta property=\"og:site_name\" content=\"PSOL 50\" \/>\n<meta property=\"article:publisher\" content=\"https:\/\/www.facebook.com\/psol50\" \/>\n<meta property=\"article:published_time\" content=\"2018-02-02T12:53:48+00:00\" \/>\n<meta property=\"og:image\" content=\"https:\/\/psol50.org.br\/inc\/uploads\/2018\/02\/Glauber_Congresso-1.jpg\" \/>\n\t<meta property=\"og:image:width\" content=\"1350\" \/>\n\t<meta property=\"og:image:height\" content=\"899\" \/>\n\t<meta property=\"og:image:type\" content=\"image\/jpeg\" \/>\n<meta name=\"author\" content=\"Comunica\u00e7\u00e3o PSOL\" \/>\n<meta name=\"twitter:card\" content=\"summary_large_image\" \/>\n<meta name=\"twitter:creator\" content=\"@psol50\" \/>\n<meta name=\"twitter:site\" content=\"@psol50\" \/>\n<meta name=\"twitter:label1\" content=\"Escrito por\" \/>\n\t<meta name=\"twitter:data1\" content=\"Comunica\u00e7\u00e3o PSOL\" \/>\n\t<meta name=\"twitter:label2\" content=\"Est. tempo de leitura\" \/>\n\t<meta name=\"twitter:data2\" content=\"6 minutos\" \/>\n<script type=\"application\/ld+json\" class=\"yoast-schema-graph\">{\"@context\":\"https:\/\/schema.org\",\"@graph\":[{\"@type\":\"Article\",\"@id\":\"https:\/\/psol50.org.br\/glauber-braga-psol-na-linha-de-frente-contra-a-agenda-de-temer-2\/#article\",\"isPartOf\":{\"@id\":\"https:\/\/psol50.org.br\/glauber-braga-psol-na-linha-de-frente-contra-a-agenda-de-temer-2\/\"},\"author\":{\"name\":\"Comunica\u00e7\u00e3o PSOL\",\"@id\":\"https:\/\/psol50.org.br\/#\/schema\/person\/475dfa57d0b815993c714c2e96491fcd\"},\"headline\":\"Glauber Braga: PSOL na linha de frente contra a agenda de Temer\",\"datePublished\":\"2018-02-02T12:53:48+00:00\",\"mainEntityOfPage\":{\"@id\":\"https:\/\/psol50.org.br\/glauber-braga-psol-na-linha-de-frente-contra-a-agenda-de-temer-2\/\"},\"wordCount\":1267,\"commentCount\":0,\"publisher\":{\"@id\":\"https:\/\/psol50.org.br\/#organization\"},\"image\":{\"@id\":\"https:\/\/psol50.org.br\/glauber-braga-psol-na-linha-de-frente-contra-a-agenda-de-temer-2\/#primaryimage\"},\"thumbnailUrl\":\"https:\/\/psol50.org.br\/inc\/uploads\/2018\/02\/Glauber_Congresso-1.jpg\",\"keywords\":[\"desmonte\",\"Elei\u00e7\u00f5es 2018\",\"esquerda\",\"Estado\",\"Glauber Braga\",\"l\u00edder do PSOL na C\u00e2mara\",\"Michel Temer\",\"programa radical\",\"PSOL\",\"reforma da previd\u00eancia\",\"retrocessos\"],\"articleSection\":[\"A\u00e7\u00e3o Parlamentar\",\"Brasil\",\"Not\u00edcias\"],\"inLanguage\":\"pt-BR\",\"potentialAction\":[{\"@type\":\"CommentAction\",\"name\":\"Comment\",\"target\":[\"https:\/\/psol50.org.br\/glauber-braga-psol-na-linha-de-frente-contra-a-agenda-de-temer-2\/#respond\"]}]},{\"@type\":\"WebPage\",\"@id\":\"https:\/\/psol50.org.br\/glauber-braga-psol-na-linha-de-frente-contra-a-agenda-de-temer-2\/\",\"url\":\"https:\/\/psol50.org.br\/glauber-braga-psol-na-linha-de-frente-contra-a-agenda-de-temer-2\/\",\"name\":\"Glauber Braga: PSOL na linha de frente contra a agenda de Temer - PSOL 50\",\"isPartOf\":{\"@id\":\"https:\/\/psol50.org.br\/#website\"},\"primaryImageOfPage\":{\"@id\":\"https:\/\/psol50.org.br\/glauber-braga-psol-na-linha-de-frente-contra-a-agenda-de-temer-2\/#primaryimage\"},\"image\":{\"@id\":\"https:\/\/psol50.org.br\/glauber-braga-psol-na-linha-de-frente-contra-a-agenda-de-temer-2\/#primaryimage\"},\"thumbnailUrl\":\"https:\/\/psol50.org.br\/inc\/uploads\/2018\/02\/Glauber_Congresso-1.jpg\",\"datePublished\":\"2018-02-02T12:53:48+00:00\",\"breadcrumb\":{\"@id\":\"https:\/\/psol50.org.br\/glauber-braga-psol-na-linha-de-frente-contra-a-agenda-de-temer-2\/#breadcrumb\"},\"inLanguage\":\"pt-BR\",\"potentialAction\":[{\"@type\":\"ReadAction\",\"target\":[\"https:\/\/psol50.org.br\/glauber-braga-psol-na-linha-de-frente-contra-a-agenda-de-temer-2\/\"]}]},{\"@type\":\"ImageObject\",\"inLanguage\":\"pt-BR\",\"@id\":\"https:\/\/psol50.org.br\/glauber-braga-psol-na-linha-de-frente-contra-a-agenda-de-temer-2\/#primaryimage\",\"url\":\"https:\/\/psol50.org.br\/inc\/uploads\/2018\/02\/Glauber_Congresso-1.jpg\",\"contentUrl\":\"https:\/\/psol50.org.br\/inc\/uploads\/2018\/02\/Glauber_Congresso-1.jpg\",\"width\":1350,\"height\":899},{\"@type\":\"BreadcrumbList\",\"@id\":\"https:\/\/psol50.org.br\/glauber-braga-psol-na-linha-de-frente-contra-a-agenda-de-temer-2\/#breadcrumb\",\"itemListElement\":[{\"@type\":\"ListItem\",\"position\":1,\"name\":\"In\u00edcio\",\"item\":\"https:\/\/psol50.org.br\/\"},{\"@type\":\"ListItem\",\"position\":2,\"name\":\"Glauber Braga: PSOL na linha de frente contra a agenda de Temer\"}]},{\"@type\":\"WebSite\",\"@id\":\"https:\/\/psol50.org.br\/#website\",\"url\":\"https:\/\/psol50.org.br\/\",\"name\":\"PSOL 50\",\"description\":\"Site oficial do Partido Socialismo e Liberdade\",\"publisher\":{\"@id\":\"https:\/\/psol50.org.br\/#organization\"},\"alternateName\":\"PSOL50\",\"potentialAction\":[{\"@type\":\"SearchAction\",\"target\":{\"@type\":\"EntryPoint\",\"urlTemplate\":\"https:\/\/psol50.org.br\/?s={search_term_string}\"},\"query-input\":{\"@type\":\"PropertyValueSpecification\",\"valueRequired\":true,\"valueName\":\"search_term_string\"}}],\"inLanguage\":\"pt-BR\"},{\"@type\":\"Organization\",\"@id\":\"https:\/\/psol50.org.br\/#organization\",\"name\":\"PSOL 50\",\"alternateName\":\"PSOL 50\",\"url\":\"https:\/\/psol50.org.br\/\",\"logo\":{\"@type\":\"ImageObject\",\"inLanguage\":\"pt-BR\",\"@id\":\"https:\/\/psol50.org.br\/#\/schema\/logo\/image\/\",\"url\":\"https:\/\/psol50.org.br\/inc\/uploads\/2018\/07\/capa.png\",\"contentUrl\":\"https:\/\/psol50.org.br\/inc\/uploads\/2018\/07\/capa.png\",\"width\":1350,\"height\":900,\"caption\":\"PSOL 50\"},\"image\":{\"@id\":\"https:\/\/psol50.org.br\/#\/schema\/logo\/image\/\"},\"sameAs\":[\"https:\/\/www.facebook.com\/psol50\",\"https:\/\/x.com\/psol50\",\"https:\/\/www.instagram.com\/psol50\/\",\"https:\/\/www.youtube.com\/channel\/UC7SnJS5o1os7a6CaiNabzcg\"]},{\"@type\":\"Person\",\"@id\":\"https:\/\/psol50.org.br\/#\/schema\/person\/475dfa57d0b815993c714c2e96491fcd\",\"name\":\"Comunica\u00e7\u00e3o PSOL\",\"image\":{\"@type\":\"ImageObject\",\"inLanguage\":\"pt-BR\",\"@id\":\"https:\/\/psol50.org.br\/#\/schema\/person\/image\/\",\"url\":\"https:\/\/secure.gravatar.com\/avatar\/b34fc4f4e468a4e51785917065a3db57b841f5c95dba6ad8c73aaf8f66f8f9bf?s=96&d=mm&r=g\",\"contentUrl\":\"https:\/\/secure.gravatar.com\/avatar\/b34fc4f4e468a4e51785917065a3db57b841f5c95dba6ad8c73aaf8f66f8f9bf?s=96&d=mm&r=g\",\"caption\":\"Comunica\u00e7\u00e3o PSOL\"}}]}<\/script>\n<!-- \/ Yoast SEO plugin. -->","yoast_head_json":{"title":"Glauber Braga: PSOL na linha de frente contra a agenda de Temer - PSOL 50","robots":{"index":"index","follow":"follow","max-snippet":"max-snippet:-1","max-image-preview":"max-image-preview:large","max-video-preview":"max-video-preview:-1"},"canonical":"https:\/\/psol50.org.br\/glauber-braga-psol-na-linha-de-frente-contra-a-agenda-de-temer-2\/","og_locale":"pt_BR","og_type":"article","og_title":"Glauber Braga: PSOL na linha de frente contra a agenda de Temer - PSOL 50","og_description":"No retorno dos trabalhos do Legislativo, o l\u00edder do PSOL na C\u00e2mara, deputado Glauber Braga (RJ), analisa os desafios que o partido ter\u00e1 pela frente, a batalha contra a Reforma da Previd\u00eancia e o cen\u00e1rio pol\u00edtico nesse ano de elei\u00e7\u00f5es gerais, em entrevista concedida \u00e0 equipe de comunica\u00e7\u00e3o do partido. Para ele, somente a\u00a0amplia\u00e7\u00e3o do [&hellip;]","og_url":"https:\/\/psol50.org.br\/glauber-braga-psol-na-linha-de-frente-contra-a-agenda-de-temer-2\/","og_site_name":"PSOL 50","article_publisher":"https:\/\/www.facebook.com\/psol50","article_published_time":"2018-02-02T12:53:48+00:00","og_image":[{"width":1350,"height":899,"url":"https:\/\/psol50.org.br\/inc\/uploads\/2018\/02\/Glauber_Congresso-1.jpg","type":"image\/jpeg"}],"author":"Comunica\u00e7\u00e3o PSOL","twitter_card":"summary_large_image","twitter_creator":"@psol50","twitter_site":"@psol50","twitter_misc":{"Escrito por":"Comunica\u00e7\u00e3o PSOL","Est. tempo de leitura":"6 minutos"},"schema":{"@context":"https:\/\/schema.org","@graph":[{"@type":"Article","@id":"https:\/\/psol50.org.br\/glauber-braga-psol-na-linha-de-frente-contra-a-agenda-de-temer-2\/#article","isPartOf":{"@id":"https:\/\/psol50.org.br\/glauber-braga-psol-na-linha-de-frente-contra-a-agenda-de-temer-2\/"},"author":{"name":"Comunica\u00e7\u00e3o PSOL","@id":"https:\/\/psol50.org.br\/#\/schema\/person\/475dfa57d0b815993c714c2e96491fcd"},"headline":"Glauber Braga: PSOL na linha de frente contra a agenda de Temer","datePublished":"2018-02-02T12:53:48+00:00","mainEntityOfPage":{"@id":"https:\/\/psol50.org.br\/glauber-braga-psol-na-linha-de-frente-contra-a-agenda-de-temer-2\/"},"wordCount":1267,"commentCount":0,"publisher":{"@id":"https:\/\/psol50.org.br\/#organization"},"image":{"@id":"https:\/\/psol50.org.br\/glauber-braga-psol-na-linha-de-frente-contra-a-agenda-de-temer-2\/#primaryimage"},"thumbnailUrl":"https:\/\/psol50.org.br\/inc\/uploads\/2018\/02\/Glauber_Congresso-1.jpg","keywords":["desmonte","Elei\u00e7\u00f5es 2018","esquerda","Estado","Glauber Braga","l\u00edder do PSOL na C\u00e2mara","Michel Temer","programa radical","PSOL","reforma da previd\u00eancia","retrocessos"],"articleSection":["A\u00e7\u00e3o Parlamentar","Brasil","Not\u00edcias"],"inLanguage":"pt-BR","potentialAction":[{"@type":"CommentAction","name":"Comment","target":["https:\/\/psol50.org.br\/glauber-braga-psol-na-linha-de-frente-contra-a-agenda-de-temer-2\/#respond"]}]},{"@type":"WebPage","@id":"https:\/\/psol50.org.br\/glauber-braga-psol-na-linha-de-frente-contra-a-agenda-de-temer-2\/","url":"https:\/\/psol50.org.br\/glauber-braga-psol-na-linha-de-frente-contra-a-agenda-de-temer-2\/","name":"Glauber Braga: PSOL na linha de frente contra a agenda de Temer - PSOL 50","isPartOf":{"@id":"https:\/\/psol50.org.br\/#website"},"primaryImageOfPage":{"@id":"https:\/\/psol50.org.br\/glauber-braga-psol-na-linha-de-frente-contra-a-agenda-de-temer-2\/#primaryimage"},"image":{"@id":"https:\/\/psol50.org.br\/glauber-braga-psol-na-linha-de-frente-contra-a-agenda-de-temer-2\/#primaryimage"},"thumbnailUrl":"https:\/\/psol50.org.br\/inc\/uploads\/2018\/02\/Glauber_Congresso-1.jpg","datePublished":"2018-02-02T12:53:48+00:00","breadcrumb":{"@id":"https:\/\/psol50.org.br\/glauber-braga-psol-na-linha-de-frente-contra-a-agenda-de-temer-2\/#breadcrumb"},"inLanguage":"pt-BR","potentialAction":[{"@type":"ReadAction","target":["https:\/\/psol50.org.br\/glauber-braga-psol-na-linha-de-frente-contra-a-agenda-de-temer-2\/"]}]},{"@type":"ImageObject","inLanguage":"pt-BR","@id":"https:\/\/psol50.org.br\/glauber-braga-psol-na-linha-de-frente-contra-a-agenda-de-temer-2\/#primaryimage","url":"https:\/\/psol50.org.br\/inc\/uploads\/2018\/02\/Glauber_Congresso-1.jpg","contentUrl":"https:\/\/psol50.org.br\/inc\/uploads\/2018\/02\/Glauber_Congresso-1.jpg","width":1350,"height":899},{"@type":"BreadcrumbList","@id":"https:\/\/psol50.org.br\/glauber-braga-psol-na-linha-de-frente-contra-a-agenda-de-temer-2\/#breadcrumb","itemListElement":[{"@type":"ListItem","position":1,"name":"In\u00edcio","item":"https:\/\/psol50.org.br\/"},{"@type":"ListItem","position":2,"name":"Glauber Braga: PSOL na linha de frente contra a agenda de Temer"}]},{"@type":"WebSite","@id":"https:\/\/psol50.org.br\/#website","url":"https:\/\/psol50.org.br\/","name":"PSOL 50","description":"Site oficial do Partido Socialismo e Liberdade","publisher":{"@id":"https:\/\/psol50.org.br\/#organization"},"alternateName":"PSOL50","potentialAction":[{"@type":"SearchAction","target":{"@type":"EntryPoint","urlTemplate":"https:\/\/psol50.org.br\/?s={search_term_string}"},"query-input":{"@type":"PropertyValueSpecification","valueRequired":true,"valueName":"search_term_string"}}],"inLanguage":"pt-BR"},{"@type":"Organization","@id":"https:\/\/psol50.org.br\/#organization","name":"PSOL 50","alternateName":"PSOL 50","url":"https:\/\/psol50.org.br\/","logo":{"@type":"ImageObject","inLanguage":"pt-BR","@id":"https:\/\/psol50.org.br\/#\/schema\/logo\/image\/","url":"https:\/\/psol50.org.br\/inc\/uploads\/2018\/07\/capa.png","contentUrl":"https:\/\/psol50.org.br\/inc\/uploads\/2018\/07\/capa.png","width":1350,"height":900,"caption":"PSOL 50"},"image":{"@id":"https:\/\/psol50.org.br\/#\/schema\/logo\/image\/"},"sameAs":["https:\/\/www.facebook.com\/psol50","https:\/\/x.com\/psol50","https:\/\/www.instagram.com\/psol50\/","https:\/\/www.youtube.com\/channel\/UC7SnJS5o1os7a6CaiNabzcg"]},{"@type":"Person","@id":"https:\/\/psol50.org.br\/#\/schema\/person\/475dfa57d0b815993c714c2e96491fcd","name":"Comunica\u00e7\u00e3o PSOL","image":{"@type":"ImageObject","inLanguage":"pt-BR","@id":"https:\/\/psol50.org.br\/#\/schema\/person\/image\/","url":"https:\/\/secure.gravatar.com\/avatar\/b34fc4f4e468a4e51785917065a3db57b841f5c95dba6ad8c73aaf8f66f8f9bf?s=96&d=mm&r=g","contentUrl":"https:\/\/secure.gravatar.com\/avatar\/b34fc4f4e468a4e51785917065a3db57b841f5c95dba6ad8c73aaf8f66f8f9bf?s=96&d=mm&r=g","caption":"Comunica\u00e7\u00e3o PSOL"}}]}},"_links":{"self":[{"href":"https:\/\/psol50.org.br\/rest\/wp\/v2\/posts\/19729","targetHints":{"allow":["GET"]}}],"collection":[{"href":"https:\/\/psol50.org.br\/rest\/wp\/v2\/posts"}],"about":[{"href":"https:\/\/psol50.org.br\/rest\/wp\/v2\/types\/post"}],"author":[{"embeddable":true,"href":"https:\/\/psol50.org.br\/rest\/wp\/v2\/users\/2"}],"replies":[{"embeddable":true,"href":"https:\/\/psol50.org.br\/rest\/wp\/v2\/comments?post=19729"}],"version-history":[{"count":0,"href":"https:\/\/psol50.org.br\/rest\/wp\/v2\/posts\/19729\/revisions"}],"wp:featuredmedia":[{"embeddable":true,"href":"https:\/\/psol50.org.br\/rest\/wp\/v2\/media\/19739"}],"wp:attachment":[{"href":"https:\/\/psol50.org.br\/rest\/wp\/v2\/media?parent=19729"}],"wp:term":[{"taxonomy":"category","embeddable":true,"href":"https:\/\/psol50.org.br\/rest\/wp\/v2\/categories?post=19729"},{"taxonomy":"post_tag","embeddable":true,"href":"https:\/\/psol50.org.br\/rest\/wp\/v2\/tags?post=19729"}],"curies":[{"name":"wp","href":"https:\/\/api.w.org\/{rel}","templated":true}]}}