{"id":19740,"date":"2018-02-02T21:11:22","date_gmt":"2018-02-02T23:11:22","guid":{"rendered":"http:\/\/www.psol50.org.br\/?p=19740"},"modified":"2018-02-02T21:11:22","modified_gmt":"2018-02-02T23:11:22","slug":"educar-e-ato-politico","status":"publish","type":"post","link":"https:\/\/psol50.org.br\/educar-e-ato-politico\/","title":{"rendered":"Tarc\u00edsio Motta | Educar \u00e9 ato pol\u00edtico"},"content":{"rendered":"<p><em>Artigo publicado originalmente no jornal <a href=\"https:\/\/oglobo.globo.com\/opiniao\/educar-ato-politico-22356002\" target=\"_blank\" rel=\"noopener\"><strong><span style=\"color: #0000ff;\">O Globo<\/span><\/strong><\/a><\/em><\/p>\n<p>Desafio qualquer pessoa a dar uma aula de Hist\u00f3ria sem falar de pol\u00edtica. Se algu\u00e9m se arriscar a isso, ou n\u00e3o entende de educa\u00e7\u00e3o, ou n\u00e3o entende de Hist\u00f3ria. Afinal, Imp\u00e9rio Romano, Gr\u00e9cia Antiga, casamentos reais, guerras, todo tema hist\u00f3rico \u00e9 pol\u00edtico, assim como a Matem\u00e1tica, a F\u00edsica, a Biologia\u2026 J\u00e1 ensinaram que a Terra era plana. Desafiar essa verdade e compartilhar outra vis\u00e3o de mundo foi um ato pol\u00edtico. Mas e se todos os professores do pa\u00eds fossem proibidos, por lei, de falar sobre pol\u00edtica? Pelo menos uma gera\u00e7\u00e3o inteira teria sua capacidade cr\u00edtica amea\u00e7ada. \u00c9 esta a lobotomia defendida pelo projeto Escola Sem Partido, atualmente em discuss\u00e3o na C\u00e2mara Federal e em diversas casas de leis do pa\u00eds.<\/p>\n<p>Ganhando espa\u00e7o sorrateiramente em pequenos munic\u00edpios brasileiros, sua l\u00f3gica \u00e9 perversa desde o t\u00edtulo: ao batiz\u00e1-lo de Escola Sem Partido, seus defensores causam uma proposital confus\u00e3o, insinuando que quem se op\u00f5e a esse projeto defende uma escola comandada por partidos pol\u00edticos, o que seria uma ideia descabida. Mais coerente \u00e9 cham\u00e1-lo de \u201cEscola sem debate\u201d ou \u201cEscola com censura\u201d, tamanho \u00e9 o ataque \u00e0 diversidade de pensamento.<\/p>\n<p>Segundo a Organiza\u00e7\u00e3o das Na\u00e7\u00f5es Unidas (ONU), \u201cpor n\u00e3o definir o que \u00e9 doutrina\u00e7\u00e3o pol\u00edtica e ideol\u00f3gica, a proposi\u00e7\u00e3o permite que quaisquer pr\u00e1ticas pedag\u00f3gicas dos professores sejam consideradas como doutrina\u00e7\u00e3o, tornando a escola uma extens\u00e3o do ambiente dom\u00e9stico antes de uma institui\u00e7\u00e3o educacional que proveja novas perspectivas\u201d. O ministro Lu\u00eds Roberto Barroso, em decis\u00e3o do Supremo Tribunal Federal (STF) que suspendeu lei inspirada no projeto em Alagoas, foi claro ao dizer que a norma era \u201ct\u00e3o vaga e gen\u00e9rica que pode se prestar \u00e0 finalidade inversa: a imposi\u00e7\u00e3o ideol\u00f3gica e a persegui\u00e7\u00e3o dos que dela divergem\u201d.<\/p>\n<p>Em 2016, o Minist\u00e9rio P\u00fablico Federal (MPF) chegou a classificar o projeto como uma iniciativa legislativa que nasceu \u201ceivada de inconstitucionalidade\u201d. Os motivos n\u00e3o foram poucos: impede o pluralismo de ideias e de concep\u00e7\u00f5es pedag\u00f3gicas; confunde a educa\u00e7\u00e3o escolar com a que \u00e9 fornecida pelos pais; nega a liberdade de c\u00e1tedra e a possibilidade ampla de aprendizagem; e contraria o princ\u00edpio da laicidade do Estado. O \u00f3rg\u00e3o destacou ainda que a censura a assuntos relacionados \u00e0 orienta\u00e7\u00e3o sexual e identidade de g\u00eanero nas escolas \u201ccontribui para um ambiente hostil no qual as diferen\u00e7as n\u00e3o s\u00e3o respeitadas, dificultando o aprendizado e o processo de socializa\u00e7\u00e3o\u201d.<\/p>\n<p>Como se v\u00ea, trata-se de um projeto inconstitucional, discriminat\u00f3rio, gen\u00e9rico e que pode servir, inclusive, como instrumento de manipula\u00e7\u00e3o. As decis\u00f5es desses \u00f3rg\u00e3os demonstram que, felizmente, s\u00e3o muitos os que defendem uma escola democr\u00e1tica e plural e que \u00e9 preciso reconhec\u00ea-la como lugar de desvendamento do mundo \u2014 sem morda\u00e7a, \u00f3dio ou sil\u00eancio \u2014 e de forma\u00e7\u00e3o de cidad\u00e3os capazes de mudar a sociedade para melhor. Afinal, educar \u00e9 um ato pol\u00edtico.<\/p>\n<p>*Tarc\u00edsio Motta \u00e9 professor de Hist\u00f3ria e vereador do Rio de Janeiro.<\/p>\n","protected":false},"excerpt":{"rendered":"<p>Artigo publicado originalmente no jornal O Globo Desafio qualquer pessoa a dar uma aula de Hist\u00f3ria sem falar de pol\u00edtica. Se algu\u00e9m se arriscar a isso, ou n\u00e3o entende de educa\u00e7\u00e3o, ou n\u00e3o entende de Hist\u00f3ria. Afinal, Imp\u00e9rio Romano, Gr\u00e9cia Antiga, casamentos reais, guerras, todo tema hist\u00f3rico \u00e9 pol\u00edtico, assim como a Matem\u00e1tica, a F\u00edsica, [&hellip;]<\/p>\n","protected":false},"author":2,"featured_media":19742,"comment_status":"open","ping_status":"open","sticky":false,"template":"","format":"standard","meta":{"_acf_changed":false,"footnotes":""},"categories":[3,1882,2208],"tags":[164,2209,162,1754],"class_list":{"0":"post-19740","1":"post","2":"type-post","3":"status-publish","4":"format-standard","5":"has-post-thumbnail","7":"category-artigos-e-entrevistas","8":"category-brasil","9":"category-educacao","10":"tag-educacao","11":"tag-escola-sem-partido","12":"tag-rio-de-janeiro","13":"tag-tarcisio-motta"},"acf":[],"yoast_head":"<!-- This site is optimized with the Yoast SEO plugin v26.5 - https:\/\/yoast.com\/wordpress\/plugins\/seo\/ -->\n<title>Tarc\u00edsio Motta | Educar \u00e9 ato pol\u00edtico - PSOL 50<\/title>\n<meta name=\"robots\" content=\"index, follow, max-snippet:-1, max-image-preview:large, max-video-preview:-1\" \/>\n<link rel=\"canonical\" href=\"https:\/\/psol50.org.br\/educar-e-ato-politico\/\" \/>\n<meta property=\"og:locale\" content=\"pt_BR\" \/>\n<meta property=\"og:type\" content=\"article\" \/>\n<meta property=\"og:title\" content=\"Tarc\u00edsio Motta | Educar \u00e9 ato pol\u00edtico - PSOL 50\" \/>\n<meta property=\"og:description\" content=\"Artigo publicado originalmente no jornal O Globo Desafio qualquer pessoa a dar uma aula de Hist\u00f3ria sem falar de pol\u00edtica. Se algu\u00e9m se arriscar a isso, ou n\u00e3o entende de educa\u00e7\u00e3o, ou n\u00e3o entende de Hist\u00f3ria. Afinal, Imp\u00e9rio Romano, Gr\u00e9cia Antiga, casamentos reais, guerras, todo tema hist\u00f3rico \u00e9 pol\u00edtico, assim como a Matem\u00e1tica, a F\u00edsica, [&hellip;]\" \/>\n<meta property=\"og:url\" content=\"https:\/\/psol50.org.br\/educar-e-ato-politico\/\" \/>\n<meta property=\"og:site_name\" content=\"PSOL 50\" \/>\n<meta property=\"article:publisher\" content=\"https:\/\/www.facebook.com\/psol50\" \/>\n<meta property=\"article:published_time\" content=\"2018-02-02T23:11:22+00:00\" \/>\n<meta property=\"og:image\" content=\"https:\/\/psol50.org.br\/inc\/uploads\/2018\/02\/ABr-educacao-basica.png\" \/>\n\t<meta property=\"og:image:width\" content=\"1350\" \/>\n\t<meta property=\"og:image:height\" content=\"900\" \/>\n\t<meta property=\"og:image:type\" content=\"image\/png\" \/>\n<meta name=\"author\" content=\"Comunica\u00e7\u00e3o PSOL\" \/>\n<meta name=\"twitter:card\" content=\"summary_large_image\" \/>\n<meta name=\"twitter:creator\" content=\"@psol50\" \/>\n<meta name=\"twitter:site\" content=\"@psol50\" \/>\n<meta name=\"twitter:label1\" content=\"Escrito por\" \/>\n\t<meta name=\"twitter:data1\" content=\"Comunica\u00e7\u00e3o PSOL\" \/>\n\t<meta name=\"twitter:label2\" content=\"Est. tempo de leitura\" \/>\n\t<meta name=\"twitter:data2\" content=\"3 minutos\" \/>\n<script type=\"application\/ld+json\" class=\"yoast-schema-graph\">{\"@context\":\"https:\/\/schema.org\",\"@graph\":[{\"@type\":\"Article\",\"@id\":\"https:\/\/psol50.org.br\/educar-e-ato-politico\/#article\",\"isPartOf\":{\"@id\":\"https:\/\/psol50.org.br\/educar-e-ato-politico\/\"},\"author\":{\"name\":\"Comunica\u00e7\u00e3o PSOL\",\"@id\":\"https:\/\/psol50.org.br\/#\/schema\/person\/475dfa57d0b815993c714c2e96491fcd\"},\"headline\":\"Tarc\u00edsio Motta | Educar \u00e9 ato pol\u00edtico\",\"datePublished\":\"2018-02-02T23:11:22+00:00\",\"mainEntityOfPage\":{\"@id\":\"https:\/\/psol50.org.br\/educar-e-ato-politico\/\"},\"wordCount\":551,\"commentCount\":0,\"publisher\":{\"@id\":\"https:\/\/psol50.org.br\/#organization\"},\"image\":{\"@id\":\"https:\/\/psol50.org.br\/educar-e-ato-politico\/#primaryimage\"},\"thumbnailUrl\":\"https:\/\/psol50.org.br\/inc\/uploads\/2018\/02\/ABr-educacao-basica.png\",\"keywords\":[\"Educa\u00e7\u00e3o\",\"escola sem partido\",\"Rio de Janeiro\",\"Tarc\u00edsio Motta\"],\"articleSection\":[\"Artigos\",\"Brasil\",\"Educa\u00e7\u00e3o\"],\"inLanguage\":\"pt-BR\",\"potentialAction\":[{\"@type\":\"CommentAction\",\"name\":\"Comment\",\"target\":[\"https:\/\/psol50.org.br\/educar-e-ato-politico\/#respond\"]}]},{\"@type\":\"WebPage\",\"@id\":\"https:\/\/psol50.org.br\/educar-e-ato-politico\/\",\"url\":\"https:\/\/psol50.org.br\/educar-e-ato-politico\/\",\"name\":\"Tarc\u00edsio Motta | Educar \u00e9 ato pol\u00edtico - PSOL 50\",\"isPartOf\":{\"@id\":\"https:\/\/psol50.org.br\/#website\"},\"primaryImageOfPage\":{\"@id\":\"https:\/\/psol50.org.br\/educar-e-ato-politico\/#primaryimage\"},\"image\":{\"@id\":\"https:\/\/psol50.org.br\/educar-e-ato-politico\/#primaryimage\"},\"thumbnailUrl\":\"https:\/\/psol50.org.br\/inc\/uploads\/2018\/02\/ABr-educacao-basica.png\",\"datePublished\":\"2018-02-02T23:11:22+00:00\",\"breadcrumb\":{\"@id\":\"https:\/\/psol50.org.br\/educar-e-ato-politico\/#breadcrumb\"},\"inLanguage\":\"pt-BR\",\"potentialAction\":[{\"@type\":\"ReadAction\",\"target\":[\"https:\/\/psol50.org.br\/educar-e-ato-politico\/\"]}]},{\"@type\":\"ImageObject\",\"inLanguage\":\"pt-BR\",\"@id\":\"https:\/\/psol50.org.br\/educar-e-ato-politico\/#primaryimage\",\"url\":\"https:\/\/psol50.org.br\/inc\/uploads\/2018\/02\/ABr-educacao-basica.png\",\"contentUrl\":\"https:\/\/psol50.org.br\/inc\/uploads\/2018\/02\/ABr-educacao-basica.png\",\"width\":1350,\"height\":900},{\"@type\":\"BreadcrumbList\",\"@id\":\"https:\/\/psol50.org.br\/educar-e-ato-politico\/#breadcrumb\",\"itemListElement\":[{\"@type\":\"ListItem\",\"position\":1,\"name\":\"In\u00edcio\",\"item\":\"https:\/\/psol50.org.br\/\"},{\"@type\":\"ListItem\",\"position\":2,\"name\":\"Tarc\u00edsio Motta | Educar \u00e9 ato pol\u00edtico\"}]},{\"@type\":\"WebSite\",\"@id\":\"https:\/\/psol50.org.br\/#website\",\"url\":\"https:\/\/psol50.org.br\/\",\"name\":\"PSOL 50\",\"description\":\"Site oficial do Partido Socialismo e Liberdade\",\"publisher\":{\"@id\":\"https:\/\/psol50.org.br\/#organization\"},\"alternateName\":\"PSOL50\",\"potentialAction\":[{\"@type\":\"SearchAction\",\"target\":{\"@type\":\"EntryPoint\",\"urlTemplate\":\"https:\/\/psol50.org.br\/?s={search_term_string}\"},\"query-input\":{\"@type\":\"PropertyValueSpecification\",\"valueRequired\":true,\"valueName\":\"search_term_string\"}}],\"inLanguage\":\"pt-BR\"},{\"@type\":\"Organization\",\"@id\":\"https:\/\/psol50.org.br\/#organization\",\"name\":\"PSOL 50\",\"alternateName\":\"PSOL 50\",\"url\":\"https:\/\/psol50.org.br\/\",\"logo\":{\"@type\":\"ImageObject\",\"inLanguage\":\"pt-BR\",\"@id\":\"https:\/\/psol50.org.br\/#\/schema\/logo\/image\/\",\"url\":\"https:\/\/psol50.org.br\/inc\/uploads\/2018\/07\/capa.png\",\"contentUrl\":\"https:\/\/psol50.org.br\/inc\/uploads\/2018\/07\/capa.png\",\"width\":1350,\"height\":900,\"caption\":\"PSOL 50\"},\"image\":{\"@id\":\"https:\/\/psol50.org.br\/#\/schema\/logo\/image\/\"},\"sameAs\":[\"https:\/\/www.facebook.com\/psol50\",\"https:\/\/x.com\/psol50\",\"https:\/\/www.instagram.com\/psol50\/\",\"https:\/\/www.youtube.com\/channel\/UC7SnJS5o1os7a6CaiNabzcg\"]},{\"@type\":\"Person\",\"@id\":\"https:\/\/psol50.org.br\/#\/schema\/person\/475dfa57d0b815993c714c2e96491fcd\",\"name\":\"Comunica\u00e7\u00e3o PSOL\",\"image\":{\"@type\":\"ImageObject\",\"inLanguage\":\"pt-BR\",\"@id\":\"https:\/\/psol50.org.br\/#\/schema\/person\/image\/\",\"url\":\"https:\/\/secure.gravatar.com\/avatar\/b34fc4f4e468a4e51785917065a3db57b841f5c95dba6ad8c73aaf8f66f8f9bf?s=96&d=mm&r=g\",\"contentUrl\":\"https:\/\/secure.gravatar.com\/avatar\/b34fc4f4e468a4e51785917065a3db57b841f5c95dba6ad8c73aaf8f66f8f9bf?s=96&d=mm&r=g\",\"caption\":\"Comunica\u00e7\u00e3o PSOL\"}}]}<\/script>\n<!-- \/ Yoast SEO plugin. -->","yoast_head_json":{"title":"Tarc\u00edsio Motta | Educar \u00e9 ato pol\u00edtico - PSOL 50","robots":{"index":"index","follow":"follow","max-snippet":"max-snippet:-1","max-image-preview":"max-image-preview:large","max-video-preview":"max-video-preview:-1"},"canonical":"https:\/\/psol50.org.br\/educar-e-ato-politico\/","og_locale":"pt_BR","og_type":"article","og_title":"Tarc\u00edsio Motta | Educar \u00e9 ato pol\u00edtico - PSOL 50","og_description":"Artigo publicado originalmente no jornal O Globo Desafio qualquer pessoa a dar uma aula de Hist\u00f3ria sem falar de pol\u00edtica. Se algu\u00e9m se arriscar a isso, ou n\u00e3o entende de educa\u00e7\u00e3o, ou n\u00e3o entende de Hist\u00f3ria. Afinal, Imp\u00e9rio Romano, Gr\u00e9cia Antiga, casamentos reais, guerras, todo tema hist\u00f3rico \u00e9 pol\u00edtico, assim como a Matem\u00e1tica, a F\u00edsica, [&hellip;]","og_url":"https:\/\/psol50.org.br\/educar-e-ato-politico\/","og_site_name":"PSOL 50","article_publisher":"https:\/\/www.facebook.com\/psol50","article_published_time":"2018-02-02T23:11:22+00:00","og_image":[{"width":1350,"height":900,"url":"https:\/\/psol50.org.br\/inc\/uploads\/2018\/02\/ABr-educacao-basica.png","type":"image\/png"}],"author":"Comunica\u00e7\u00e3o PSOL","twitter_card":"summary_large_image","twitter_creator":"@psol50","twitter_site":"@psol50","twitter_misc":{"Escrito por":"Comunica\u00e7\u00e3o PSOL","Est. tempo de leitura":"3 minutos"},"schema":{"@context":"https:\/\/schema.org","@graph":[{"@type":"Article","@id":"https:\/\/psol50.org.br\/educar-e-ato-politico\/#article","isPartOf":{"@id":"https:\/\/psol50.org.br\/educar-e-ato-politico\/"},"author":{"name":"Comunica\u00e7\u00e3o PSOL","@id":"https:\/\/psol50.org.br\/#\/schema\/person\/475dfa57d0b815993c714c2e96491fcd"},"headline":"Tarc\u00edsio Motta | Educar \u00e9 ato pol\u00edtico","datePublished":"2018-02-02T23:11:22+00:00","mainEntityOfPage":{"@id":"https:\/\/psol50.org.br\/educar-e-ato-politico\/"},"wordCount":551,"commentCount":0,"publisher":{"@id":"https:\/\/psol50.org.br\/#organization"},"image":{"@id":"https:\/\/psol50.org.br\/educar-e-ato-politico\/#primaryimage"},"thumbnailUrl":"https:\/\/psol50.org.br\/inc\/uploads\/2018\/02\/ABr-educacao-basica.png","keywords":["Educa\u00e7\u00e3o","escola sem partido","Rio de Janeiro","Tarc\u00edsio Motta"],"articleSection":["Artigos","Brasil","Educa\u00e7\u00e3o"],"inLanguage":"pt-BR","potentialAction":[{"@type":"CommentAction","name":"Comment","target":["https:\/\/psol50.org.br\/educar-e-ato-politico\/#respond"]}]},{"@type":"WebPage","@id":"https:\/\/psol50.org.br\/educar-e-ato-politico\/","url":"https:\/\/psol50.org.br\/educar-e-ato-politico\/","name":"Tarc\u00edsio Motta | Educar \u00e9 ato pol\u00edtico - PSOL 50","isPartOf":{"@id":"https:\/\/psol50.org.br\/#website"},"primaryImageOfPage":{"@id":"https:\/\/psol50.org.br\/educar-e-ato-politico\/#primaryimage"},"image":{"@id":"https:\/\/psol50.org.br\/educar-e-ato-politico\/#primaryimage"},"thumbnailUrl":"https:\/\/psol50.org.br\/inc\/uploads\/2018\/02\/ABr-educacao-basica.png","datePublished":"2018-02-02T23:11:22+00:00","breadcrumb":{"@id":"https:\/\/psol50.org.br\/educar-e-ato-politico\/#breadcrumb"},"inLanguage":"pt-BR","potentialAction":[{"@type":"ReadAction","target":["https:\/\/psol50.org.br\/educar-e-ato-politico\/"]}]},{"@type":"ImageObject","inLanguage":"pt-BR","@id":"https:\/\/psol50.org.br\/educar-e-ato-politico\/#primaryimage","url":"https:\/\/psol50.org.br\/inc\/uploads\/2018\/02\/ABr-educacao-basica.png","contentUrl":"https:\/\/psol50.org.br\/inc\/uploads\/2018\/02\/ABr-educacao-basica.png","width":1350,"height":900},{"@type":"BreadcrumbList","@id":"https:\/\/psol50.org.br\/educar-e-ato-politico\/#breadcrumb","itemListElement":[{"@type":"ListItem","position":1,"name":"In\u00edcio","item":"https:\/\/psol50.org.br\/"},{"@type":"ListItem","position":2,"name":"Tarc\u00edsio Motta | Educar \u00e9 ato pol\u00edtico"}]},{"@type":"WebSite","@id":"https:\/\/psol50.org.br\/#website","url":"https:\/\/psol50.org.br\/","name":"PSOL 50","description":"Site oficial do Partido Socialismo e Liberdade","publisher":{"@id":"https:\/\/psol50.org.br\/#organization"},"alternateName":"PSOL50","potentialAction":[{"@type":"SearchAction","target":{"@type":"EntryPoint","urlTemplate":"https:\/\/psol50.org.br\/?s={search_term_string}"},"query-input":{"@type":"PropertyValueSpecification","valueRequired":true,"valueName":"search_term_string"}}],"inLanguage":"pt-BR"},{"@type":"Organization","@id":"https:\/\/psol50.org.br\/#organization","name":"PSOL 50","alternateName":"PSOL 50","url":"https:\/\/psol50.org.br\/","logo":{"@type":"ImageObject","inLanguage":"pt-BR","@id":"https:\/\/psol50.org.br\/#\/schema\/logo\/image\/","url":"https:\/\/psol50.org.br\/inc\/uploads\/2018\/07\/capa.png","contentUrl":"https:\/\/psol50.org.br\/inc\/uploads\/2018\/07\/capa.png","width":1350,"height":900,"caption":"PSOL 50"},"image":{"@id":"https:\/\/psol50.org.br\/#\/schema\/logo\/image\/"},"sameAs":["https:\/\/www.facebook.com\/psol50","https:\/\/x.com\/psol50","https:\/\/www.instagram.com\/psol50\/","https:\/\/www.youtube.com\/channel\/UC7SnJS5o1os7a6CaiNabzcg"]},{"@type":"Person","@id":"https:\/\/psol50.org.br\/#\/schema\/person\/475dfa57d0b815993c714c2e96491fcd","name":"Comunica\u00e7\u00e3o PSOL","image":{"@type":"ImageObject","inLanguage":"pt-BR","@id":"https:\/\/psol50.org.br\/#\/schema\/person\/image\/","url":"https:\/\/secure.gravatar.com\/avatar\/b34fc4f4e468a4e51785917065a3db57b841f5c95dba6ad8c73aaf8f66f8f9bf?s=96&d=mm&r=g","contentUrl":"https:\/\/secure.gravatar.com\/avatar\/b34fc4f4e468a4e51785917065a3db57b841f5c95dba6ad8c73aaf8f66f8f9bf?s=96&d=mm&r=g","caption":"Comunica\u00e7\u00e3o PSOL"}}]}},"_links":{"self":[{"href":"https:\/\/psol50.org.br\/rest\/wp\/v2\/posts\/19740","targetHints":{"allow":["GET"]}}],"collection":[{"href":"https:\/\/psol50.org.br\/rest\/wp\/v2\/posts"}],"about":[{"href":"https:\/\/psol50.org.br\/rest\/wp\/v2\/types\/post"}],"author":[{"embeddable":true,"href":"https:\/\/psol50.org.br\/rest\/wp\/v2\/users\/2"}],"replies":[{"embeddable":true,"href":"https:\/\/psol50.org.br\/rest\/wp\/v2\/comments?post=19740"}],"version-history":[{"count":0,"href":"https:\/\/psol50.org.br\/rest\/wp\/v2\/posts\/19740\/revisions"}],"wp:featuredmedia":[{"embeddable":true,"href":"https:\/\/psol50.org.br\/rest\/wp\/v2\/media\/19742"}],"wp:attachment":[{"href":"https:\/\/psol50.org.br\/rest\/wp\/v2\/media?parent=19740"}],"wp:term":[{"taxonomy":"category","embeddable":true,"href":"https:\/\/psol50.org.br\/rest\/wp\/v2\/categories?post=19740"},{"taxonomy":"post_tag","embeddable":true,"href":"https:\/\/psol50.org.br\/rest\/wp\/v2\/tags?post=19740"}],"curies":[{"name":"wp","href":"https:\/\/api.w.org\/{rel}","templated":true}]}}