{"id":19795,"date":"2018-02-06T13:45:14","date_gmt":"2018-02-06T15:45:14","guid":{"rendered":"http:\/\/www.psol50.org.br\/?p=19795"},"modified":"2018-02-06T13:45:14","modified_gmt":"2018-02-06T15:45:14","slug":"ivan-valente-e-o-novo-lider-do-psol-na-camara","status":"publish","type":"post","link":"https:\/\/psol50.org.br\/ivan-valente-e-o-novo-lider-do-psol-na-camara\/","title":{"rendered":"Ivan Valente \u00e9 o novo l\u00edder do PSOL na C\u00e2mara"},"content":{"rendered":"<p><span id=\"fbPhotoSnowliftCaption\" class=\"fbPhotosPhotoCaption\" tabindex=\"0\" aria-live=\"polite\" data-ft=\"{&quot;tn&quot;:&quot;K&quot;}\"><span class=\"hasCaption\">A bancada do\u00a0<span style=\"color: #333399;\"><strong><a href=\"https:\/\/www.facebook.com\/psolnacamara\/\" data-hovercard=\"\/ajax\/hovercard\/page.php?id=197749170329322&amp;extragetparams=%7B%22directed_target_id%22%3Anull%2C%22groups_location%22%3Anull%7D\" data-hovercard-prefer-more-content-show=\"1\">PSOL na C\u00e2mara<\/a><\/strong><\/span>, em reuni\u00e3o na manh\u00e3 desta ter\u00e7a-feira (06\/02), debateu as a\u00e7\u00f5es deste ano e as estrat\u00e9gias para barrar a reforma da Previd\u00eancia e os demais retrocessos defendidos pelo governo de Michel Temer. No encontro, os deputados tamb\u00e9m escolheram o novo l\u00edder do partido: o deputado Ivan Valente (SP).\u00a0\u00a0<\/span><\/span><\/p>\n<p>A bancada tamb\u00e9m definiu que haver\u00e1 um revezamento na lideran\u00e7a nesta legislatura, que se inicia esta semana com o retorno dos trabalhos legislativos. Chico Alencar (RJ) dividir\u00e1 com Valente a condu\u00e7\u00e3o pol\u00edtica da bancada, formada tamb\u00e9m pela deputada Luiza Erundina (SP) e pelos deputados Glauber Braga (RJ) &#8211; que deixa a lideran\u00e7a -, Jean Wyllys (RJ) e Edmilson Rodrigues (PA).\u00a0<span id=\"fbPhotoSnowliftCaption\" class=\"fbPhotosPhotoCaption\" tabindex=\"0\" aria-live=\"polite\" data-ft=\"{&quot;tn&quot;:&quot;K&quot;}\"><span class=\"hasCaption\">A vice-lideran\u00e7a ficar\u00e1 com Jean Wyllys.\u00a0<\/span><\/span><\/p>\n<p>Al\u00e9m dos parlamentares, tamb\u00e9m participou da primeira reuni\u00e3o em 2018 o presidente nacional do partido, Juliano Medeiros.<\/p>\n<p>&#8220;\u00c9 uma honra assumir, novamente, a lideran\u00e7a do PSOL aqui na C\u00e2mara dos Deputados, num ano de tantos desafios, que \u00e9 combater a reforma da Previd\u00eancia. Num ano eleitoral, em que teremos uma candidatura combativa \u00e0 Presid\u00eancia da Rep\u00fablica e que a conjuntura mostra grande imponderabilidade. N\u00f3s, nesse momento, dissemos a todos os militantes e ao povo brasileiro: o PSOL continuar\u00e1 atuando por um programa de mudan\u00e7as sociais, com a ideologia pol\u00edtica pela igualdade, justi\u00e7a social e com coer\u00eancia e \u00e9tica na pol\u00edtica&#8221;, pontua o novo l\u00edder, Ivan Valente.<\/p>\n<p>&nbsp;<\/p>\n","protected":false},"excerpt":{"rendered":"<p>A bancada do\u00a0PSOL na C\u00e2mara, em reuni\u00e3o na manh\u00e3 desta ter\u00e7a-feira (06\/02), debateu as a\u00e7\u00f5es deste ano e as estrat\u00e9gias para barrar a reforma da Previd\u00eancia e os demais retrocessos defendidos pelo governo de Michel Temer. No encontro, os deputados tamb\u00e9m escolheram o novo l\u00edder do partido: o deputado Ivan Valente (SP).\u00a0\u00a0 A bancada tamb\u00e9m [&hellip;]<\/p>\n","protected":false},"author":2,"featured_media":19796,"comment_status":"open","ping_status":"open","sticky":false,"template":"","format":"standard","meta":{"_acf_changed":false,"footnotes":""},"categories":[10,1882,6],"tags":[2066,1680,1191,552,259,1373,207],"class_list":{"0":"post-19795","1":"post","2":"type-post","3":"status-publish","4":"format-standard","5":"has-post-thumbnail","7":"category-acao-parlamentares","8":"category-brasil","9":"category-noticias","10":"tag-bancada-do-psol-na-camara","11":"tag-chico-alencar","12":"tag-glauber-braga","13":"tag-ivan-valente","14":"tag-juliano-medeiros","15":"tag-lider","16":"tag-lideranca"},"acf":[],"yoast_head":"<!-- This site is optimized with the Yoast SEO plugin v26.5 - https:\/\/yoast.com\/wordpress\/plugins\/seo\/ -->\n<title>Ivan Valente \u00e9 o novo l\u00edder do PSOL na C\u00e2mara - PSOL 50<\/title>\n<meta name=\"robots\" content=\"index, follow, max-snippet:-1, max-image-preview:large, max-video-preview:-1\" \/>\n<link rel=\"canonical\" href=\"https:\/\/psol50.org.br\/ivan-valente-e-o-novo-lider-do-psol-na-camara\/\" \/>\n<meta property=\"og:locale\" content=\"pt_BR\" \/>\n<meta property=\"og:type\" content=\"article\" \/>\n<meta property=\"og:title\" content=\"Ivan Valente \u00e9 o novo l\u00edder do PSOL na C\u00e2mara - PSOL 50\" \/>\n<meta property=\"og:description\" content=\"A bancada do\u00a0PSOL na C\u00e2mara, em reuni\u00e3o na manh\u00e3 desta ter\u00e7a-feira (06\/02), debateu as a\u00e7\u00f5es deste ano e as estrat\u00e9gias para barrar a reforma da Previd\u00eancia e os demais retrocessos defendidos pelo governo de Michel Temer. No encontro, os deputados tamb\u00e9m escolheram o novo l\u00edder do partido: o deputado Ivan Valente (SP).\u00a0\u00a0 A bancada tamb\u00e9m [&hellip;]\" \/>\n<meta property=\"og:url\" content=\"https:\/\/psol50.org.br\/ivan-valente-e-o-novo-lider-do-psol-na-camara\/\" \/>\n<meta property=\"og:site_name\" content=\"PSOL 50\" \/>\n<meta property=\"article:publisher\" content=\"https:\/\/www.facebook.com\/psol50\" \/>\n<meta property=\"article:published_time\" content=\"2018-02-06T15:45:14+00:00\" \/>\n<meta property=\"og:image\" content=\"https:\/\/psol50.org.br\/inc\/uploads\/2018\/02\/Bancada_Reuniao_060218.jpg\" \/>\n\t<meta property=\"og:image:width\" content=\"1350\" \/>\n\t<meta property=\"og:image:height\" content=\"900\" \/>\n\t<meta property=\"og:image:type\" content=\"image\/jpeg\" \/>\n<meta name=\"author\" content=\"Comunica\u00e7\u00e3o PSOL\" \/>\n<meta name=\"twitter:card\" content=\"summary_large_image\" \/>\n<meta name=\"twitter:creator\" content=\"@psol50\" \/>\n<meta name=\"twitter:site\" content=\"@psol50\" \/>\n<meta name=\"twitter:label1\" content=\"Escrito por\" \/>\n\t<meta name=\"twitter:data1\" content=\"Comunica\u00e7\u00e3o PSOL\" \/>\n\t<meta name=\"twitter:label2\" content=\"Est. tempo de leitura\" \/>\n\t<meta name=\"twitter:data2\" content=\"1 minuto\" \/>\n<script type=\"application\/ld+json\" class=\"yoast-schema-graph\">{\"@context\":\"https:\/\/schema.org\",\"@graph\":[{\"@type\":\"Article\",\"@id\":\"https:\/\/psol50.org.br\/ivan-valente-e-o-novo-lider-do-psol-na-camara\/#article\",\"isPartOf\":{\"@id\":\"https:\/\/psol50.org.br\/ivan-valente-e-o-novo-lider-do-psol-na-camara\/\"},\"author\":{\"name\":\"Comunica\u00e7\u00e3o PSOL\",\"@id\":\"https:\/\/psol50.org.br\/#\/schema\/person\/475dfa57d0b815993c714c2e96491fcd\"},\"headline\":\"Ivan Valente \u00e9 o novo l\u00edder do PSOL na C\u00e2mara\",\"datePublished\":\"2018-02-06T15:45:14+00:00\",\"mainEntityOfPage\":{\"@id\":\"https:\/\/psol50.org.br\/ivan-valente-e-o-novo-lider-do-psol-na-camara\/\"},\"wordCount\":262,\"commentCount\":0,\"publisher\":{\"@id\":\"https:\/\/psol50.org.br\/#organization\"},\"image\":{\"@id\":\"https:\/\/psol50.org.br\/ivan-valente-e-o-novo-lider-do-psol-na-camara\/#primaryimage\"},\"thumbnailUrl\":\"https:\/\/psol50.org.br\/inc\/uploads\/2018\/02\/Bancada_Reuniao_060218.jpg\",\"keywords\":[\"bancada do PSOL na C\u00e2mara\",\"Chico Alencar\",\"Glauber Braga\",\"Ivan Valente\",\"Juliano Medeiros\",\"l\u00edder\",\"lideran\u00e7a\"],\"articleSection\":[\"A\u00e7\u00e3o Parlamentar\",\"Brasil\",\"Not\u00edcias\"],\"inLanguage\":\"pt-BR\",\"potentialAction\":[{\"@type\":\"CommentAction\",\"name\":\"Comment\",\"target\":[\"https:\/\/psol50.org.br\/ivan-valente-e-o-novo-lider-do-psol-na-camara\/#respond\"]}]},{\"@type\":\"WebPage\",\"@id\":\"https:\/\/psol50.org.br\/ivan-valente-e-o-novo-lider-do-psol-na-camara\/\",\"url\":\"https:\/\/psol50.org.br\/ivan-valente-e-o-novo-lider-do-psol-na-camara\/\",\"name\":\"Ivan Valente \u00e9 o novo l\u00edder do PSOL na C\u00e2mara - PSOL 50\",\"isPartOf\":{\"@id\":\"https:\/\/psol50.org.br\/#website\"},\"primaryImageOfPage\":{\"@id\":\"https:\/\/psol50.org.br\/ivan-valente-e-o-novo-lider-do-psol-na-camara\/#primaryimage\"},\"image\":{\"@id\":\"https:\/\/psol50.org.br\/ivan-valente-e-o-novo-lider-do-psol-na-camara\/#primaryimage\"},\"thumbnailUrl\":\"https:\/\/psol50.org.br\/inc\/uploads\/2018\/02\/Bancada_Reuniao_060218.jpg\",\"datePublished\":\"2018-02-06T15:45:14+00:00\",\"breadcrumb\":{\"@id\":\"https:\/\/psol50.org.br\/ivan-valente-e-o-novo-lider-do-psol-na-camara\/#breadcrumb\"},\"inLanguage\":\"pt-BR\",\"potentialAction\":[{\"@type\":\"ReadAction\",\"target\":[\"https:\/\/psol50.org.br\/ivan-valente-e-o-novo-lider-do-psol-na-camara\/\"]}]},{\"@type\":\"ImageObject\",\"inLanguage\":\"pt-BR\",\"@id\":\"https:\/\/psol50.org.br\/ivan-valente-e-o-novo-lider-do-psol-na-camara\/#primaryimage\",\"url\":\"https:\/\/psol50.org.br\/inc\/uploads\/2018\/02\/Bancada_Reuniao_060218.jpg\",\"contentUrl\":\"https:\/\/psol50.org.br\/inc\/uploads\/2018\/02\/Bancada_Reuniao_060218.jpg\",\"width\":1350,\"height\":900},{\"@type\":\"BreadcrumbList\",\"@id\":\"https:\/\/psol50.org.br\/ivan-valente-e-o-novo-lider-do-psol-na-camara\/#breadcrumb\",\"itemListElement\":[{\"@type\":\"ListItem\",\"position\":1,\"name\":\"In\u00edcio\",\"item\":\"https:\/\/psol50.org.br\/\"},{\"@type\":\"ListItem\",\"position\":2,\"name\":\"Ivan Valente \u00e9 o novo l\u00edder do PSOL na C\u00e2mara\"}]},{\"@type\":\"WebSite\",\"@id\":\"https:\/\/psol50.org.br\/#website\",\"url\":\"https:\/\/psol50.org.br\/\",\"name\":\"PSOL 50\",\"description\":\"Site oficial do Partido Socialismo e Liberdade\",\"publisher\":{\"@id\":\"https:\/\/psol50.org.br\/#organization\"},\"alternateName\":\"PSOL50\",\"potentialAction\":[{\"@type\":\"SearchAction\",\"target\":{\"@type\":\"EntryPoint\",\"urlTemplate\":\"https:\/\/psol50.org.br\/?s={search_term_string}\"},\"query-input\":{\"@type\":\"PropertyValueSpecification\",\"valueRequired\":true,\"valueName\":\"search_term_string\"}}],\"inLanguage\":\"pt-BR\"},{\"@type\":\"Organization\",\"@id\":\"https:\/\/psol50.org.br\/#organization\",\"name\":\"PSOL 50\",\"alternateName\":\"PSOL 50\",\"url\":\"https:\/\/psol50.org.br\/\",\"logo\":{\"@type\":\"ImageObject\",\"inLanguage\":\"pt-BR\",\"@id\":\"https:\/\/psol50.org.br\/#\/schema\/logo\/image\/\",\"url\":\"https:\/\/psol50.org.br\/inc\/uploads\/2018\/07\/capa.png\",\"contentUrl\":\"https:\/\/psol50.org.br\/inc\/uploads\/2018\/07\/capa.png\",\"width\":1350,\"height\":900,\"caption\":\"PSOL 50\"},\"image\":{\"@id\":\"https:\/\/psol50.org.br\/#\/schema\/logo\/image\/\"},\"sameAs\":[\"https:\/\/www.facebook.com\/psol50\",\"https:\/\/x.com\/psol50\",\"https:\/\/www.instagram.com\/psol50\/\",\"https:\/\/www.youtube.com\/channel\/UC7SnJS5o1os7a6CaiNabzcg\"]},{\"@type\":\"Person\",\"@id\":\"https:\/\/psol50.org.br\/#\/schema\/person\/475dfa57d0b815993c714c2e96491fcd\",\"name\":\"Comunica\u00e7\u00e3o PSOL\",\"image\":{\"@type\":\"ImageObject\",\"inLanguage\":\"pt-BR\",\"@id\":\"https:\/\/psol50.org.br\/#\/schema\/person\/image\/\",\"url\":\"https:\/\/secure.gravatar.com\/avatar\/b34fc4f4e468a4e51785917065a3db57b841f5c95dba6ad8c73aaf8f66f8f9bf?s=96&d=mm&r=g\",\"contentUrl\":\"https:\/\/secure.gravatar.com\/avatar\/b34fc4f4e468a4e51785917065a3db57b841f5c95dba6ad8c73aaf8f66f8f9bf?s=96&d=mm&r=g\",\"caption\":\"Comunica\u00e7\u00e3o PSOL\"}}]}<\/script>\n<!-- \/ Yoast SEO plugin. -->","yoast_head_json":{"title":"Ivan Valente \u00e9 o novo l\u00edder do PSOL na C\u00e2mara - PSOL 50","robots":{"index":"index","follow":"follow","max-snippet":"max-snippet:-1","max-image-preview":"max-image-preview:large","max-video-preview":"max-video-preview:-1"},"canonical":"https:\/\/psol50.org.br\/ivan-valente-e-o-novo-lider-do-psol-na-camara\/","og_locale":"pt_BR","og_type":"article","og_title":"Ivan Valente \u00e9 o novo l\u00edder do PSOL na C\u00e2mara - PSOL 50","og_description":"A bancada do\u00a0PSOL na C\u00e2mara, em reuni\u00e3o na manh\u00e3 desta ter\u00e7a-feira (06\/02), debateu as a\u00e7\u00f5es deste ano e as estrat\u00e9gias para barrar a reforma da Previd\u00eancia e os demais retrocessos defendidos pelo governo de Michel Temer. No encontro, os deputados tamb\u00e9m escolheram o novo l\u00edder do partido: o deputado Ivan Valente (SP).\u00a0\u00a0 A bancada tamb\u00e9m [&hellip;]","og_url":"https:\/\/psol50.org.br\/ivan-valente-e-o-novo-lider-do-psol-na-camara\/","og_site_name":"PSOL 50","article_publisher":"https:\/\/www.facebook.com\/psol50","article_published_time":"2018-02-06T15:45:14+00:00","og_image":[{"width":1350,"height":900,"url":"https:\/\/psol50.org.br\/inc\/uploads\/2018\/02\/Bancada_Reuniao_060218.jpg","type":"image\/jpeg"}],"author":"Comunica\u00e7\u00e3o PSOL","twitter_card":"summary_large_image","twitter_creator":"@psol50","twitter_site":"@psol50","twitter_misc":{"Escrito por":"Comunica\u00e7\u00e3o PSOL","Est. tempo de leitura":"1 minuto"},"schema":{"@context":"https:\/\/schema.org","@graph":[{"@type":"Article","@id":"https:\/\/psol50.org.br\/ivan-valente-e-o-novo-lider-do-psol-na-camara\/#article","isPartOf":{"@id":"https:\/\/psol50.org.br\/ivan-valente-e-o-novo-lider-do-psol-na-camara\/"},"author":{"name":"Comunica\u00e7\u00e3o PSOL","@id":"https:\/\/psol50.org.br\/#\/schema\/person\/475dfa57d0b815993c714c2e96491fcd"},"headline":"Ivan Valente \u00e9 o novo l\u00edder do PSOL na C\u00e2mara","datePublished":"2018-02-06T15:45:14+00:00","mainEntityOfPage":{"@id":"https:\/\/psol50.org.br\/ivan-valente-e-o-novo-lider-do-psol-na-camara\/"},"wordCount":262,"commentCount":0,"publisher":{"@id":"https:\/\/psol50.org.br\/#organization"},"image":{"@id":"https:\/\/psol50.org.br\/ivan-valente-e-o-novo-lider-do-psol-na-camara\/#primaryimage"},"thumbnailUrl":"https:\/\/psol50.org.br\/inc\/uploads\/2018\/02\/Bancada_Reuniao_060218.jpg","keywords":["bancada do PSOL na C\u00e2mara","Chico Alencar","Glauber Braga","Ivan Valente","Juliano Medeiros","l\u00edder","lideran\u00e7a"],"articleSection":["A\u00e7\u00e3o Parlamentar","Brasil","Not\u00edcias"],"inLanguage":"pt-BR","potentialAction":[{"@type":"CommentAction","name":"Comment","target":["https:\/\/psol50.org.br\/ivan-valente-e-o-novo-lider-do-psol-na-camara\/#respond"]}]},{"@type":"WebPage","@id":"https:\/\/psol50.org.br\/ivan-valente-e-o-novo-lider-do-psol-na-camara\/","url":"https:\/\/psol50.org.br\/ivan-valente-e-o-novo-lider-do-psol-na-camara\/","name":"Ivan Valente \u00e9 o novo l\u00edder do PSOL na C\u00e2mara - PSOL 50","isPartOf":{"@id":"https:\/\/psol50.org.br\/#website"},"primaryImageOfPage":{"@id":"https:\/\/psol50.org.br\/ivan-valente-e-o-novo-lider-do-psol-na-camara\/#primaryimage"},"image":{"@id":"https:\/\/psol50.org.br\/ivan-valente-e-o-novo-lider-do-psol-na-camara\/#primaryimage"},"thumbnailUrl":"https:\/\/psol50.org.br\/inc\/uploads\/2018\/02\/Bancada_Reuniao_060218.jpg","datePublished":"2018-02-06T15:45:14+00:00","breadcrumb":{"@id":"https:\/\/psol50.org.br\/ivan-valente-e-o-novo-lider-do-psol-na-camara\/#breadcrumb"},"inLanguage":"pt-BR","potentialAction":[{"@type":"ReadAction","target":["https:\/\/psol50.org.br\/ivan-valente-e-o-novo-lider-do-psol-na-camara\/"]}]},{"@type":"ImageObject","inLanguage":"pt-BR","@id":"https:\/\/psol50.org.br\/ivan-valente-e-o-novo-lider-do-psol-na-camara\/#primaryimage","url":"https:\/\/psol50.org.br\/inc\/uploads\/2018\/02\/Bancada_Reuniao_060218.jpg","contentUrl":"https:\/\/psol50.org.br\/inc\/uploads\/2018\/02\/Bancada_Reuniao_060218.jpg","width":1350,"height":900},{"@type":"BreadcrumbList","@id":"https:\/\/psol50.org.br\/ivan-valente-e-o-novo-lider-do-psol-na-camara\/#breadcrumb","itemListElement":[{"@type":"ListItem","position":1,"name":"In\u00edcio","item":"https:\/\/psol50.org.br\/"},{"@type":"ListItem","position":2,"name":"Ivan Valente \u00e9 o novo l\u00edder do PSOL na C\u00e2mara"}]},{"@type":"WebSite","@id":"https:\/\/psol50.org.br\/#website","url":"https:\/\/psol50.org.br\/","name":"PSOL 50","description":"Site oficial do Partido Socialismo e Liberdade","publisher":{"@id":"https:\/\/psol50.org.br\/#organization"},"alternateName":"PSOL50","potentialAction":[{"@type":"SearchAction","target":{"@type":"EntryPoint","urlTemplate":"https:\/\/psol50.org.br\/?s={search_term_string}"},"query-input":{"@type":"PropertyValueSpecification","valueRequired":true,"valueName":"search_term_string"}}],"inLanguage":"pt-BR"},{"@type":"Organization","@id":"https:\/\/psol50.org.br\/#organization","name":"PSOL 50","alternateName":"PSOL 50","url":"https:\/\/psol50.org.br\/","logo":{"@type":"ImageObject","inLanguage":"pt-BR","@id":"https:\/\/psol50.org.br\/#\/schema\/logo\/image\/","url":"https:\/\/psol50.org.br\/inc\/uploads\/2018\/07\/capa.png","contentUrl":"https:\/\/psol50.org.br\/inc\/uploads\/2018\/07\/capa.png","width":1350,"height":900,"caption":"PSOL 50"},"image":{"@id":"https:\/\/psol50.org.br\/#\/schema\/logo\/image\/"},"sameAs":["https:\/\/www.facebook.com\/psol50","https:\/\/x.com\/psol50","https:\/\/www.instagram.com\/psol50\/","https:\/\/www.youtube.com\/channel\/UC7SnJS5o1os7a6CaiNabzcg"]},{"@type":"Person","@id":"https:\/\/psol50.org.br\/#\/schema\/person\/475dfa57d0b815993c714c2e96491fcd","name":"Comunica\u00e7\u00e3o PSOL","image":{"@type":"ImageObject","inLanguage":"pt-BR","@id":"https:\/\/psol50.org.br\/#\/schema\/person\/image\/","url":"https:\/\/secure.gravatar.com\/avatar\/b34fc4f4e468a4e51785917065a3db57b841f5c95dba6ad8c73aaf8f66f8f9bf?s=96&d=mm&r=g","contentUrl":"https:\/\/secure.gravatar.com\/avatar\/b34fc4f4e468a4e51785917065a3db57b841f5c95dba6ad8c73aaf8f66f8f9bf?s=96&d=mm&r=g","caption":"Comunica\u00e7\u00e3o PSOL"}}]}},"_links":{"self":[{"href":"https:\/\/psol50.org.br\/rest\/wp\/v2\/posts\/19795","targetHints":{"allow":["GET"]}}],"collection":[{"href":"https:\/\/psol50.org.br\/rest\/wp\/v2\/posts"}],"about":[{"href":"https:\/\/psol50.org.br\/rest\/wp\/v2\/types\/post"}],"author":[{"embeddable":true,"href":"https:\/\/psol50.org.br\/rest\/wp\/v2\/users\/2"}],"replies":[{"embeddable":true,"href":"https:\/\/psol50.org.br\/rest\/wp\/v2\/comments?post=19795"}],"version-history":[{"count":0,"href":"https:\/\/psol50.org.br\/rest\/wp\/v2\/posts\/19795\/revisions"}],"wp:featuredmedia":[{"embeddable":true,"href":"https:\/\/psol50.org.br\/rest\/wp\/v2\/media\/19796"}],"wp:attachment":[{"href":"https:\/\/psol50.org.br\/rest\/wp\/v2\/media?parent=19795"}],"wp:term":[{"taxonomy":"category","embeddable":true,"href":"https:\/\/psol50.org.br\/rest\/wp\/v2\/categories?post=19795"},{"taxonomy":"post_tag","embeddable":true,"href":"https:\/\/psol50.org.br\/rest\/wp\/v2\/tags?post=19795"}],"curies":[{"name":"wp","href":"https:\/\/api.w.org\/{rel}","templated":true}]}}