{"id":19800,"date":"2018-02-06T17:17:36","date_gmt":"2018-02-06T19:17:36","guid":{"rendered":"http:\/\/www.psol50.org.br\/?p=19800"},"modified":"2018-02-06T17:17:36","modified_gmt":"2018-02-06T19:17:36","slug":"nota-do-psol-df-negligencia-marca-gdf","status":"publish","type":"post","link":"https:\/\/psol50.org.br\/nota-do-psol-df-negligencia-marca-gdf\/","title":{"rendered":"Nota do PSOL DF: Neglig\u00eancia marca GDF"},"content":{"rendered":"<p>Nesta ter\u00e7a-feira (06.02), a popula\u00e7\u00e3o do DF assistiu em choque ao desabamento de parte do viaduto pr\u00f3ximo \u00e0 Galeria dos Estados, no Plano Piloto, em Bras\u00edlia. Por muita sorte, apenas quatro ve\u00edculos foram esmagados, sem not\u00edcias de feridos.<\/p>\n<p>O viaduto em que aconteceu o acidente hoje est\u00e1 entre os citados no relat\u00f3rio feito em 2011 pelo Sindicato de Engenharia e Arquitetura (Sinaenco). O documento alertava, desde aquela \u00e9poca, que nove de 11 viadutos e pontes do DF precisavam de reparos e obras de manuten\u00e7\u00e3o com urg\u00eancia.<\/p>\n<p>Ontem (05.02), foi noticiado que a barragem do Parano\u00e1 sofre risco de ceder. Isso mostra neglig\u00eancia que vem marcando as \u00faltimas gest\u00f5es dos governos do Distrito Federal. Apesar de ter conhecimento, o governador foi omisso na tomada de provid\u00eancias, mostrando seu descompromisso com o bem estar da popula\u00e7\u00e3o do DF. A culpa \u00e9 do Rollemberg e dos governos anteriores que sabiam e nada fizeram, priorizando, inclusive, gastos exorbitantes como os 1,2 bilh\u00f5es gastos no Est\u00e1dio Man\u00e9 Garrincha.<\/p>\n<p>Alem da neglig\u00eancia, \u00e9 importante destacar a prioridade por um modelo de cidade que desrespeita o meio ambiente. Vimos no passado, Governos Arruda e Agnelo constru\u00edrem o Noroeste e diminu\u00edrem espa\u00e7os de escoamento da \u00e1gua. Agora constr\u00f3i-se o trevo norte soterrando nascentes. A culpa n\u00e3o \u00e9 das chuvas.<\/p>\n<p>O PSOL &#8211; DF exige que o governo vistorie todos os viadutos citados no relat\u00f3rio de 2011 e tome provid\u00eancias para garantir a seguran\u00e7a da popula\u00e7\u00e3o. E exigimos que haja transpar\u00eancia acerca das medidas saneadoras de t\u00e3o grave problema, apresentando prazos para refor\u00e7o das estruturas comprometidas.<\/p>\n<p><strong>Bras\u00edlia, 6 de fevereiro de 2018<\/strong><br \/>\n<strong>Executiva do PSOL-DF<\/strong><\/p>\n","protected":false},"excerpt":{"rendered":"<p>Nesta ter\u00e7a-feira (06.02), a popula\u00e7\u00e3o do DF assistiu em choque ao desabamento de parte do viaduto pr\u00f3ximo \u00e0 Galeria dos Estados, no Plano Piloto, em Bras\u00edlia. Por muita sorte, apenas quatro ve\u00edculos foram esmagados, sem not\u00edcias de feridos. O viaduto em que aconteceu o acidente hoje est\u00e1 entre os citados no relat\u00f3rio feito em 2011 [&hellip;]<\/p>\n","protected":false},"author":2,"featured_media":19801,"comment_status":"open","ping_status":"open","sticky":false,"template":"","format":"standard","meta":{"_acf_changed":false,"footnotes":""},"categories":[654,6],"tags":[1672,2219],"class_list":{"0":"post-19800","1":"post","2":"type-post","3":"status-publish","4":"format-standard","5":"has-post-thumbnail","7":"category-estados","8":"category-noticias","9":"tag-gdf","10":"tag-psol-df"},"acf":[],"yoast_head":"<!-- This site is optimized with the Yoast SEO plugin v26.5 - https:\/\/yoast.com\/wordpress\/plugins\/seo\/ -->\n<title>Nota do PSOL DF: Neglig\u00eancia marca GDF - PSOL 50<\/title>\n<meta name=\"robots\" content=\"index, follow, max-snippet:-1, max-image-preview:large, max-video-preview:-1\" \/>\n<link rel=\"canonical\" href=\"https:\/\/psol50.org.br\/nota-do-psol-df-negligencia-marca-gdf\/\" \/>\n<meta property=\"og:locale\" content=\"pt_BR\" \/>\n<meta property=\"og:type\" content=\"article\" \/>\n<meta property=\"og:title\" content=\"Nota do PSOL DF: Neglig\u00eancia marca GDF - PSOL 50\" \/>\n<meta property=\"og:description\" content=\"Nesta ter\u00e7a-feira (06.02), a popula\u00e7\u00e3o do DF assistiu em choque ao desabamento de parte do viaduto pr\u00f3ximo \u00e0 Galeria dos Estados, no Plano Piloto, em Bras\u00edlia. Por muita sorte, apenas quatro ve\u00edculos foram esmagados, sem not\u00edcias de feridos. O viaduto em que aconteceu o acidente hoje est\u00e1 entre os citados no relat\u00f3rio feito em 2011 [&hellip;]\" \/>\n<meta property=\"og:url\" content=\"https:\/\/psol50.org.br\/nota-do-psol-df-negligencia-marca-gdf\/\" \/>\n<meta property=\"og:site_name\" content=\"PSOL 50\" \/>\n<meta property=\"article:publisher\" content=\"https:\/\/www.facebook.com\/psol50\" \/>\n<meta property=\"article:published_time\" content=\"2018-02-06T19:17:36+00:00\" \/>\n<meta property=\"og:image\" content=\"https:\/\/psol50.org.br\/inc\/uploads\/2018\/02\/csm_06022018._eixao_df_desabamento_45351c83c2-2.jpg\" \/>\n\t<meta property=\"og:image:width\" content=\"1350\" \/>\n\t<meta property=\"og:image:height\" content=\"900\" \/>\n\t<meta property=\"og:image:type\" content=\"image\/jpeg\" \/>\n<meta name=\"author\" content=\"Comunica\u00e7\u00e3o PSOL\" \/>\n<meta name=\"twitter:card\" content=\"summary_large_image\" \/>\n<meta name=\"twitter:creator\" content=\"@psol50\" \/>\n<meta name=\"twitter:site\" content=\"@psol50\" \/>\n<meta name=\"twitter:label1\" content=\"Escrito por\" \/>\n\t<meta name=\"twitter:data1\" content=\"Comunica\u00e7\u00e3o PSOL\" \/>\n\t<meta name=\"twitter:label2\" content=\"Est. tempo de leitura\" \/>\n\t<meta name=\"twitter:data2\" content=\"1 minuto\" \/>\n<script type=\"application\/ld+json\" class=\"yoast-schema-graph\">{\"@context\":\"https:\/\/schema.org\",\"@graph\":[{\"@type\":\"Article\",\"@id\":\"https:\/\/psol50.org.br\/nota-do-psol-df-negligencia-marca-gdf\/#article\",\"isPartOf\":{\"@id\":\"https:\/\/psol50.org.br\/nota-do-psol-df-negligencia-marca-gdf\/\"},\"author\":{\"name\":\"Comunica\u00e7\u00e3o PSOL\",\"@id\":\"https:\/\/psol50.org.br\/#\/schema\/person\/475dfa57d0b815993c714c2e96491fcd\"},\"headline\":\"Nota do PSOL DF: Neglig\u00eancia marca GDF\",\"datePublished\":\"2018-02-06T19:17:36+00:00\",\"mainEntityOfPage\":{\"@id\":\"https:\/\/psol50.org.br\/nota-do-psol-df-negligencia-marca-gdf\/\"},\"wordCount\":291,\"commentCount\":0,\"publisher\":{\"@id\":\"https:\/\/psol50.org.br\/#organization\"},\"image\":{\"@id\":\"https:\/\/psol50.org.br\/nota-do-psol-df-negligencia-marca-gdf\/#primaryimage\"},\"thumbnailUrl\":\"https:\/\/psol50.org.br\/inc\/uploads\/2018\/02\/csm_06022018._eixao_df_desabamento_45351c83c2-2.jpg\",\"keywords\":[\"GDF\",\"PSOL-DF\"],\"articleSection\":[\"Estados\",\"Not\u00edcias\"],\"inLanguage\":\"pt-BR\",\"potentialAction\":[{\"@type\":\"CommentAction\",\"name\":\"Comment\",\"target\":[\"https:\/\/psol50.org.br\/nota-do-psol-df-negligencia-marca-gdf\/#respond\"]}]},{\"@type\":\"WebPage\",\"@id\":\"https:\/\/psol50.org.br\/nota-do-psol-df-negligencia-marca-gdf\/\",\"url\":\"https:\/\/psol50.org.br\/nota-do-psol-df-negligencia-marca-gdf\/\",\"name\":\"Nota do PSOL DF: Neglig\u00eancia marca GDF - PSOL 50\",\"isPartOf\":{\"@id\":\"https:\/\/psol50.org.br\/#website\"},\"primaryImageOfPage\":{\"@id\":\"https:\/\/psol50.org.br\/nota-do-psol-df-negligencia-marca-gdf\/#primaryimage\"},\"image\":{\"@id\":\"https:\/\/psol50.org.br\/nota-do-psol-df-negligencia-marca-gdf\/#primaryimage\"},\"thumbnailUrl\":\"https:\/\/psol50.org.br\/inc\/uploads\/2018\/02\/csm_06022018._eixao_df_desabamento_45351c83c2-2.jpg\",\"datePublished\":\"2018-02-06T19:17:36+00:00\",\"breadcrumb\":{\"@id\":\"https:\/\/psol50.org.br\/nota-do-psol-df-negligencia-marca-gdf\/#breadcrumb\"},\"inLanguage\":\"pt-BR\",\"potentialAction\":[{\"@type\":\"ReadAction\",\"target\":[\"https:\/\/psol50.org.br\/nota-do-psol-df-negligencia-marca-gdf\/\"]}]},{\"@type\":\"ImageObject\",\"inLanguage\":\"pt-BR\",\"@id\":\"https:\/\/psol50.org.br\/nota-do-psol-df-negligencia-marca-gdf\/#primaryimage\",\"url\":\"https:\/\/psol50.org.br\/inc\/uploads\/2018\/02\/csm_06022018._eixao_df_desabamento_45351c83c2-2.jpg\",\"contentUrl\":\"https:\/\/psol50.org.br\/inc\/uploads\/2018\/02\/csm_06022018._eixao_df_desabamento_45351c83c2-2.jpg\",\"width\":1350,\"height\":900},{\"@type\":\"BreadcrumbList\",\"@id\":\"https:\/\/psol50.org.br\/nota-do-psol-df-negligencia-marca-gdf\/#breadcrumb\",\"itemListElement\":[{\"@type\":\"ListItem\",\"position\":1,\"name\":\"In\u00edcio\",\"item\":\"https:\/\/psol50.org.br\/\"},{\"@type\":\"ListItem\",\"position\":2,\"name\":\"Nota do PSOL DF: Neglig\u00eancia marca GDF\"}]},{\"@type\":\"WebSite\",\"@id\":\"https:\/\/psol50.org.br\/#website\",\"url\":\"https:\/\/psol50.org.br\/\",\"name\":\"PSOL 50\",\"description\":\"Site oficial do Partido Socialismo e Liberdade\",\"publisher\":{\"@id\":\"https:\/\/psol50.org.br\/#organization\"},\"alternateName\":\"PSOL50\",\"potentialAction\":[{\"@type\":\"SearchAction\",\"target\":{\"@type\":\"EntryPoint\",\"urlTemplate\":\"https:\/\/psol50.org.br\/?s={search_term_string}\"},\"query-input\":{\"@type\":\"PropertyValueSpecification\",\"valueRequired\":true,\"valueName\":\"search_term_string\"}}],\"inLanguage\":\"pt-BR\"},{\"@type\":\"Organization\",\"@id\":\"https:\/\/psol50.org.br\/#organization\",\"name\":\"PSOL 50\",\"alternateName\":\"PSOL 50\",\"url\":\"https:\/\/psol50.org.br\/\",\"logo\":{\"@type\":\"ImageObject\",\"inLanguage\":\"pt-BR\",\"@id\":\"https:\/\/psol50.org.br\/#\/schema\/logo\/image\/\",\"url\":\"https:\/\/psol50.org.br\/inc\/uploads\/2018\/07\/capa.png\",\"contentUrl\":\"https:\/\/psol50.org.br\/inc\/uploads\/2018\/07\/capa.png\",\"width\":1350,\"height\":900,\"caption\":\"PSOL 50\"},\"image\":{\"@id\":\"https:\/\/psol50.org.br\/#\/schema\/logo\/image\/\"},\"sameAs\":[\"https:\/\/www.facebook.com\/psol50\",\"https:\/\/x.com\/psol50\",\"https:\/\/www.instagram.com\/psol50\/\",\"https:\/\/www.youtube.com\/channel\/UC7SnJS5o1os7a6CaiNabzcg\"]},{\"@type\":\"Person\",\"@id\":\"https:\/\/psol50.org.br\/#\/schema\/person\/475dfa57d0b815993c714c2e96491fcd\",\"name\":\"Comunica\u00e7\u00e3o PSOL\",\"image\":{\"@type\":\"ImageObject\",\"inLanguage\":\"pt-BR\",\"@id\":\"https:\/\/psol50.org.br\/#\/schema\/person\/image\/\",\"url\":\"https:\/\/secure.gravatar.com\/avatar\/b34fc4f4e468a4e51785917065a3db57b841f5c95dba6ad8c73aaf8f66f8f9bf?s=96&d=mm&r=g\",\"contentUrl\":\"https:\/\/secure.gravatar.com\/avatar\/b34fc4f4e468a4e51785917065a3db57b841f5c95dba6ad8c73aaf8f66f8f9bf?s=96&d=mm&r=g\",\"caption\":\"Comunica\u00e7\u00e3o PSOL\"}}]}<\/script>\n<!-- \/ Yoast SEO plugin. -->","yoast_head_json":{"title":"Nota do PSOL DF: Neglig\u00eancia marca GDF - PSOL 50","robots":{"index":"index","follow":"follow","max-snippet":"max-snippet:-1","max-image-preview":"max-image-preview:large","max-video-preview":"max-video-preview:-1"},"canonical":"https:\/\/psol50.org.br\/nota-do-psol-df-negligencia-marca-gdf\/","og_locale":"pt_BR","og_type":"article","og_title":"Nota do PSOL DF: Neglig\u00eancia marca GDF - PSOL 50","og_description":"Nesta ter\u00e7a-feira (06.02), a popula\u00e7\u00e3o do DF assistiu em choque ao desabamento de parte do viaduto pr\u00f3ximo \u00e0 Galeria dos Estados, no Plano Piloto, em Bras\u00edlia. Por muita sorte, apenas quatro ve\u00edculos foram esmagados, sem not\u00edcias de feridos. O viaduto em que aconteceu o acidente hoje est\u00e1 entre os citados no relat\u00f3rio feito em 2011 [&hellip;]","og_url":"https:\/\/psol50.org.br\/nota-do-psol-df-negligencia-marca-gdf\/","og_site_name":"PSOL 50","article_publisher":"https:\/\/www.facebook.com\/psol50","article_published_time":"2018-02-06T19:17:36+00:00","og_image":[{"width":1350,"height":900,"url":"https:\/\/psol50.org.br\/inc\/uploads\/2018\/02\/csm_06022018._eixao_df_desabamento_45351c83c2-2.jpg","type":"image\/jpeg"}],"author":"Comunica\u00e7\u00e3o PSOL","twitter_card":"summary_large_image","twitter_creator":"@psol50","twitter_site":"@psol50","twitter_misc":{"Escrito por":"Comunica\u00e7\u00e3o PSOL","Est. tempo de leitura":"1 minuto"},"schema":{"@context":"https:\/\/schema.org","@graph":[{"@type":"Article","@id":"https:\/\/psol50.org.br\/nota-do-psol-df-negligencia-marca-gdf\/#article","isPartOf":{"@id":"https:\/\/psol50.org.br\/nota-do-psol-df-negligencia-marca-gdf\/"},"author":{"name":"Comunica\u00e7\u00e3o PSOL","@id":"https:\/\/psol50.org.br\/#\/schema\/person\/475dfa57d0b815993c714c2e96491fcd"},"headline":"Nota do PSOL DF: Neglig\u00eancia marca GDF","datePublished":"2018-02-06T19:17:36+00:00","mainEntityOfPage":{"@id":"https:\/\/psol50.org.br\/nota-do-psol-df-negligencia-marca-gdf\/"},"wordCount":291,"commentCount":0,"publisher":{"@id":"https:\/\/psol50.org.br\/#organization"},"image":{"@id":"https:\/\/psol50.org.br\/nota-do-psol-df-negligencia-marca-gdf\/#primaryimage"},"thumbnailUrl":"https:\/\/psol50.org.br\/inc\/uploads\/2018\/02\/csm_06022018._eixao_df_desabamento_45351c83c2-2.jpg","keywords":["GDF","PSOL-DF"],"articleSection":["Estados","Not\u00edcias"],"inLanguage":"pt-BR","potentialAction":[{"@type":"CommentAction","name":"Comment","target":["https:\/\/psol50.org.br\/nota-do-psol-df-negligencia-marca-gdf\/#respond"]}]},{"@type":"WebPage","@id":"https:\/\/psol50.org.br\/nota-do-psol-df-negligencia-marca-gdf\/","url":"https:\/\/psol50.org.br\/nota-do-psol-df-negligencia-marca-gdf\/","name":"Nota do PSOL DF: Neglig\u00eancia marca GDF - PSOL 50","isPartOf":{"@id":"https:\/\/psol50.org.br\/#website"},"primaryImageOfPage":{"@id":"https:\/\/psol50.org.br\/nota-do-psol-df-negligencia-marca-gdf\/#primaryimage"},"image":{"@id":"https:\/\/psol50.org.br\/nota-do-psol-df-negligencia-marca-gdf\/#primaryimage"},"thumbnailUrl":"https:\/\/psol50.org.br\/inc\/uploads\/2018\/02\/csm_06022018._eixao_df_desabamento_45351c83c2-2.jpg","datePublished":"2018-02-06T19:17:36+00:00","breadcrumb":{"@id":"https:\/\/psol50.org.br\/nota-do-psol-df-negligencia-marca-gdf\/#breadcrumb"},"inLanguage":"pt-BR","potentialAction":[{"@type":"ReadAction","target":["https:\/\/psol50.org.br\/nota-do-psol-df-negligencia-marca-gdf\/"]}]},{"@type":"ImageObject","inLanguage":"pt-BR","@id":"https:\/\/psol50.org.br\/nota-do-psol-df-negligencia-marca-gdf\/#primaryimage","url":"https:\/\/psol50.org.br\/inc\/uploads\/2018\/02\/csm_06022018._eixao_df_desabamento_45351c83c2-2.jpg","contentUrl":"https:\/\/psol50.org.br\/inc\/uploads\/2018\/02\/csm_06022018._eixao_df_desabamento_45351c83c2-2.jpg","width":1350,"height":900},{"@type":"BreadcrumbList","@id":"https:\/\/psol50.org.br\/nota-do-psol-df-negligencia-marca-gdf\/#breadcrumb","itemListElement":[{"@type":"ListItem","position":1,"name":"In\u00edcio","item":"https:\/\/psol50.org.br\/"},{"@type":"ListItem","position":2,"name":"Nota do PSOL DF: Neglig\u00eancia marca GDF"}]},{"@type":"WebSite","@id":"https:\/\/psol50.org.br\/#website","url":"https:\/\/psol50.org.br\/","name":"PSOL 50","description":"Site oficial do Partido Socialismo e Liberdade","publisher":{"@id":"https:\/\/psol50.org.br\/#organization"},"alternateName":"PSOL50","potentialAction":[{"@type":"SearchAction","target":{"@type":"EntryPoint","urlTemplate":"https:\/\/psol50.org.br\/?s={search_term_string}"},"query-input":{"@type":"PropertyValueSpecification","valueRequired":true,"valueName":"search_term_string"}}],"inLanguage":"pt-BR"},{"@type":"Organization","@id":"https:\/\/psol50.org.br\/#organization","name":"PSOL 50","alternateName":"PSOL 50","url":"https:\/\/psol50.org.br\/","logo":{"@type":"ImageObject","inLanguage":"pt-BR","@id":"https:\/\/psol50.org.br\/#\/schema\/logo\/image\/","url":"https:\/\/psol50.org.br\/inc\/uploads\/2018\/07\/capa.png","contentUrl":"https:\/\/psol50.org.br\/inc\/uploads\/2018\/07\/capa.png","width":1350,"height":900,"caption":"PSOL 50"},"image":{"@id":"https:\/\/psol50.org.br\/#\/schema\/logo\/image\/"},"sameAs":["https:\/\/www.facebook.com\/psol50","https:\/\/x.com\/psol50","https:\/\/www.instagram.com\/psol50\/","https:\/\/www.youtube.com\/channel\/UC7SnJS5o1os7a6CaiNabzcg"]},{"@type":"Person","@id":"https:\/\/psol50.org.br\/#\/schema\/person\/475dfa57d0b815993c714c2e96491fcd","name":"Comunica\u00e7\u00e3o PSOL","image":{"@type":"ImageObject","inLanguage":"pt-BR","@id":"https:\/\/psol50.org.br\/#\/schema\/person\/image\/","url":"https:\/\/secure.gravatar.com\/avatar\/b34fc4f4e468a4e51785917065a3db57b841f5c95dba6ad8c73aaf8f66f8f9bf?s=96&d=mm&r=g","contentUrl":"https:\/\/secure.gravatar.com\/avatar\/b34fc4f4e468a4e51785917065a3db57b841f5c95dba6ad8c73aaf8f66f8f9bf?s=96&d=mm&r=g","caption":"Comunica\u00e7\u00e3o PSOL"}}]}},"_links":{"self":[{"href":"https:\/\/psol50.org.br\/rest\/wp\/v2\/posts\/19800","targetHints":{"allow":["GET"]}}],"collection":[{"href":"https:\/\/psol50.org.br\/rest\/wp\/v2\/posts"}],"about":[{"href":"https:\/\/psol50.org.br\/rest\/wp\/v2\/types\/post"}],"author":[{"embeddable":true,"href":"https:\/\/psol50.org.br\/rest\/wp\/v2\/users\/2"}],"replies":[{"embeddable":true,"href":"https:\/\/psol50.org.br\/rest\/wp\/v2\/comments?post=19800"}],"version-history":[{"count":0,"href":"https:\/\/psol50.org.br\/rest\/wp\/v2\/posts\/19800\/revisions"}],"wp:featuredmedia":[{"embeddable":true,"href":"https:\/\/psol50.org.br\/rest\/wp\/v2\/media\/19801"}],"wp:attachment":[{"href":"https:\/\/psol50.org.br\/rest\/wp\/v2\/media?parent=19800"}],"wp:term":[{"taxonomy":"category","embeddable":true,"href":"https:\/\/psol50.org.br\/rest\/wp\/v2\/categories?post=19800"},{"taxonomy":"post_tag","embeddable":true,"href":"https:\/\/psol50.org.br\/rest\/wp\/v2\/tags?post=19800"}],"curies":[{"name":"wp","href":"https:\/\/api.w.org\/{rel}","templated":true}]}}