{"id":19831,"date":"2018-02-08T12:20:29","date_gmt":"2018-02-08T14:20:29","guid":{"rendered":"http:\/\/www.psol50.org.br\/?p=19831"},"modified":"2018-02-08T12:20:29","modified_gmt":"2018-02-08T14:20:29","slug":"reuniao-entre-partidos-de-oposicao-define-unidade-contra-a-reforma-da-previdencia","status":"publish","type":"post","link":"https:\/\/psol50.org.br\/reuniao-entre-partidos-de-oposicao-define-unidade-contra-a-reforma-da-previdencia\/","title":{"rendered":"Reuni\u00e3o entre partidos de oposi\u00e7\u00e3o define unidade contra a reforma da Previd\u00eancia"},"content":{"rendered":"<p>Em reuni\u00e3o realizada na manh\u00e3 desta quarta-feira (07), na sede do PDT, em Bras\u00edlia, dirigentes de partidos de oposi\u00e7\u00e3o (PSOL, PT, PCdoB, PDT e PSB) debateram a conjuntura pol\u00edtica do pa\u00eds e a unidade, no Parlamento, para derrotar a reforma da Previd\u00eancia, prevista para ser votada, na C\u00e2mara, ainda em fevereiro. O PSOL esclarece que, diferentemente do que afirmaram alguns jornais, os debates do encontro n\u00e3o giraram em torno de uma alian\u00e7a entre os partidos para as elei\u00e7\u00f5es presidenciais deste ano e nem de uma frente em defesa do ex-presidente Lula.<\/p>\n<p>O presidente nacional do PSOL, Juliano Medeiros, explica que os partidos se comprometeram a atuar num esfor\u00e7o conjunto para garantir a unidade em defesa da democracia e dos direitos dos trabalhadores. O objetivo, conforme definido no encontro, \u00e9 derrotar a agenda de retrocessos defendida pelo presidente Michel Temer e demais pautas conservadoras.<\/p>\n<p>Medeiros reafirma, ainda, que o partido ter\u00e1 candidatura pr\u00f3pria na disputa pela Presid\u00eancia da Rep\u00fablica, cujo nome ser\u00e1 definido em confer\u00eancia eleitoral no dia 10 de mar\u00e7o. \u201cO PSOL ter\u00e1 candidato pr\u00f3prio e, portanto, n\u00e3o apresentamos, na reuni\u00e3o, nenhuma perspectiva de alian\u00e7a eleitoral com os partidos presentes. O que discutimos foi a nossa unidade para barrar a reforma da Previd\u00eancia e outros projetos que amea\u00e7am direitos da popula\u00e7\u00e3o brasileira\u201d.<\/p>\n<p>Al\u00e9m do presidente nacional do partido, tamb\u00e9m participou, pelo PSOL, o l\u00edder da bancada na C\u00e2mara, deputado Ivan Valente (SP).<\/p>\n","protected":false},"excerpt":{"rendered":"<p>Em reuni\u00e3o realizada na manh\u00e3 desta quarta-feira (07), na sede do PDT, em Bras\u00edlia, dirigentes de partidos de oposi\u00e7\u00e3o (PSOL, PT, PCdoB, PDT e PSB) debateram a conjuntura pol\u00edtica do pa\u00eds e a unidade, no Parlamento, para derrotar a reforma da Previd\u00eancia, prevista para ser votada, na C\u00e2mara, ainda em fevereiro. O PSOL esclarece que, [&hellip;]<\/p>\n","protected":false},"author":2,"featured_media":19832,"comment_status":"open","ping_status":"open","sticky":false,"template":"","format":"standard","meta":{"_acf_changed":false,"footnotes":""},"categories":[1882,6],"tags":[790,552,259,315,2222,316,317,318,22,319,39,321],"class_list":{"0":"post-19831","1":"post","2":"type-post","3":"status-publish","4":"format-standard","5":"has-post-thumbnail","7":"category-brasil","8":"category-noticias","9":"tag-esquerda","10":"tag-ivan-valente","11":"tag-juliano-medeiros","12":"tag-oposicao","13":"tag-partidos-de-oposicao","14":"tag-pcdob","15":"tag-pdt","16":"tag-psb","17":"tag-psol","18":"tag-pt","19":"tag-reforma-da-previdencia","20":"tag-unidade"},"acf":[],"yoast_head":"<!-- This site is optimized with the Yoast SEO plugin v26.5 - https:\/\/yoast.com\/wordpress\/plugins\/seo\/ -->\n<title>Reuni\u00e3o entre partidos de oposi\u00e7\u00e3o define unidade contra a reforma da Previd\u00eancia - PSOL 50<\/title>\n<meta name=\"robots\" content=\"index, follow, max-snippet:-1, max-image-preview:large, max-video-preview:-1\" \/>\n<link rel=\"canonical\" href=\"https:\/\/psol50.org.br\/reuniao-entre-partidos-de-oposicao-define-unidade-contra-a-reforma-da-previdencia\/\" \/>\n<meta property=\"og:locale\" content=\"pt_BR\" \/>\n<meta property=\"og:type\" content=\"article\" \/>\n<meta property=\"og:title\" content=\"Reuni\u00e3o entre partidos de oposi\u00e7\u00e3o define unidade contra a reforma da Previd\u00eancia - PSOL 50\" \/>\n<meta property=\"og:description\" content=\"Em reuni\u00e3o realizada na manh\u00e3 desta quarta-feira (07), na sede do PDT, em Bras\u00edlia, dirigentes de partidos de oposi\u00e7\u00e3o (PSOL, PT, PCdoB, PDT e PSB) debateram a conjuntura pol\u00edtica do pa\u00eds e a unidade, no Parlamento, para derrotar a reforma da Previd\u00eancia, prevista para ser votada, na C\u00e2mara, ainda em fevereiro. O PSOL esclarece que, [&hellip;]\" \/>\n<meta property=\"og:url\" content=\"https:\/\/psol50.org.br\/reuniao-entre-partidos-de-oposicao-define-unidade-contra-a-reforma-da-previdencia\/\" \/>\n<meta property=\"og:site_name\" content=\"PSOL 50\" \/>\n<meta property=\"article:publisher\" content=\"https:\/\/www.facebook.com\/psol50\" \/>\n<meta property=\"article:published_time\" content=\"2018-02-08T14:20:29+00:00\" \/>\n<meta property=\"og:image\" content=\"https:\/\/psol50.org.br\/inc\/uploads\/2018\/02\/cartaz-aposentar-previdencia_midia-ninja.jpg\" \/>\n\t<meta property=\"og:image:width\" content=\"1350\" \/>\n\t<meta property=\"og:image:height\" content=\"782\" \/>\n\t<meta property=\"og:image:type\" content=\"image\/jpeg\" \/>\n<meta name=\"author\" content=\"Comunica\u00e7\u00e3o PSOL\" \/>\n<meta name=\"twitter:card\" content=\"summary_large_image\" \/>\n<meta name=\"twitter:creator\" content=\"@psol50\" \/>\n<meta name=\"twitter:site\" content=\"@psol50\" \/>\n<meta name=\"twitter:label1\" content=\"Escrito por\" \/>\n\t<meta name=\"twitter:data1\" content=\"Comunica\u00e7\u00e3o PSOL\" \/>\n\t<meta name=\"twitter:label2\" content=\"Est. tempo de leitura\" \/>\n\t<meta name=\"twitter:data2\" content=\"1 minuto\" \/>\n<script type=\"application\/ld+json\" class=\"yoast-schema-graph\">{\"@context\":\"https:\/\/schema.org\",\"@graph\":[{\"@type\":\"Article\",\"@id\":\"https:\/\/psol50.org.br\/reuniao-entre-partidos-de-oposicao-define-unidade-contra-a-reforma-da-previdencia\/#article\",\"isPartOf\":{\"@id\":\"https:\/\/psol50.org.br\/reuniao-entre-partidos-de-oposicao-define-unidade-contra-a-reforma-da-previdencia\/\"},\"author\":{\"name\":\"Comunica\u00e7\u00e3o PSOL\",\"@id\":\"https:\/\/psol50.org.br\/#\/schema\/person\/475dfa57d0b815993c714c2e96491fcd\"},\"headline\":\"Reuni\u00e3o entre partidos de oposi\u00e7\u00e3o define unidade contra a reforma da Previd\u00eancia\",\"datePublished\":\"2018-02-08T14:20:29+00:00\",\"mainEntityOfPage\":{\"@id\":\"https:\/\/psol50.org.br\/reuniao-entre-partidos-de-oposicao-define-unidade-contra-a-reforma-da-previdencia\/\"},\"wordCount\":271,\"commentCount\":0,\"publisher\":{\"@id\":\"https:\/\/psol50.org.br\/#organization\"},\"image\":{\"@id\":\"https:\/\/psol50.org.br\/reuniao-entre-partidos-de-oposicao-define-unidade-contra-a-reforma-da-previdencia\/#primaryimage\"},\"thumbnailUrl\":\"https:\/\/psol50.org.br\/inc\/uploads\/2018\/02\/cartaz-aposentar-previdencia_midia-ninja.jpg\",\"keywords\":[\"esquerda\",\"Ivan Valente\",\"Juliano Medeiros\",\"Oposi\u00e7\u00e3o\",\"partidos de oposi\u00e7\u00e3o\",\"PCdoB\",\"PDT\",\"PSB\",\"PSOL\",\"PT\",\"reforma da previd\u00eancia\",\"unidade\"],\"articleSection\":[\"Brasil\",\"Not\u00edcias\"],\"inLanguage\":\"pt-BR\",\"potentialAction\":[{\"@type\":\"CommentAction\",\"name\":\"Comment\",\"target\":[\"https:\/\/psol50.org.br\/reuniao-entre-partidos-de-oposicao-define-unidade-contra-a-reforma-da-previdencia\/#respond\"]}]},{\"@type\":\"WebPage\",\"@id\":\"https:\/\/psol50.org.br\/reuniao-entre-partidos-de-oposicao-define-unidade-contra-a-reforma-da-previdencia\/\",\"url\":\"https:\/\/psol50.org.br\/reuniao-entre-partidos-de-oposicao-define-unidade-contra-a-reforma-da-previdencia\/\",\"name\":\"Reuni\u00e3o entre partidos de oposi\u00e7\u00e3o define unidade contra a reforma da Previd\u00eancia - PSOL 50\",\"isPartOf\":{\"@id\":\"https:\/\/psol50.org.br\/#website\"},\"primaryImageOfPage\":{\"@id\":\"https:\/\/psol50.org.br\/reuniao-entre-partidos-de-oposicao-define-unidade-contra-a-reforma-da-previdencia\/#primaryimage\"},\"image\":{\"@id\":\"https:\/\/psol50.org.br\/reuniao-entre-partidos-de-oposicao-define-unidade-contra-a-reforma-da-previdencia\/#primaryimage\"},\"thumbnailUrl\":\"https:\/\/psol50.org.br\/inc\/uploads\/2018\/02\/cartaz-aposentar-previdencia_midia-ninja.jpg\",\"datePublished\":\"2018-02-08T14:20:29+00:00\",\"breadcrumb\":{\"@id\":\"https:\/\/psol50.org.br\/reuniao-entre-partidos-de-oposicao-define-unidade-contra-a-reforma-da-previdencia\/#breadcrumb\"},\"inLanguage\":\"pt-BR\",\"potentialAction\":[{\"@type\":\"ReadAction\",\"target\":[\"https:\/\/psol50.org.br\/reuniao-entre-partidos-de-oposicao-define-unidade-contra-a-reforma-da-previdencia\/\"]}]},{\"@type\":\"ImageObject\",\"inLanguage\":\"pt-BR\",\"@id\":\"https:\/\/psol50.org.br\/reuniao-entre-partidos-de-oposicao-define-unidade-contra-a-reforma-da-previdencia\/#primaryimage\",\"url\":\"https:\/\/psol50.org.br\/inc\/uploads\/2018\/02\/cartaz-aposentar-previdencia_midia-ninja.jpg\",\"contentUrl\":\"https:\/\/psol50.org.br\/inc\/uploads\/2018\/02\/cartaz-aposentar-previdencia_midia-ninja.jpg\",\"width\":1350,\"height\":782},{\"@type\":\"BreadcrumbList\",\"@id\":\"https:\/\/psol50.org.br\/reuniao-entre-partidos-de-oposicao-define-unidade-contra-a-reforma-da-previdencia\/#breadcrumb\",\"itemListElement\":[{\"@type\":\"ListItem\",\"position\":1,\"name\":\"In\u00edcio\",\"item\":\"https:\/\/psol50.org.br\/\"},{\"@type\":\"ListItem\",\"position\":2,\"name\":\"Reuni\u00e3o entre partidos de oposi\u00e7\u00e3o define unidade contra a reforma da Previd\u00eancia\"}]},{\"@type\":\"WebSite\",\"@id\":\"https:\/\/psol50.org.br\/#website\",\"url\":\"https:\/\/psol50.org.br\/\",\"name\":\"PSOL 50\",\"description\":\"Site oficial do Partido Socialismo e Liberdade\",\"publisher\":{\"@id\":\"https:\/\/psol50.org.br\/#organization\"},\"alternateName\":\"PSOL50\",\"potentialAction\":[{\"@type\":\"SearchAction\",\"target\":{\"@type\":\"EntryPoint\",\"urlTemplate\":\"https:\/\/psol50.org.br\/?s={search_term_string}\"},\"query-input\":{\"@type\":\"PropertyValueSpecification\",\"valueRequired\":true,\"valueName\":\"search_term_string\"}}],\"inLanguage\":\"pt-BR\"},{\"@type\":\"Organization\",\"@id\":\"https:\/\/psol50.org.br\/#organization\",\"name\":\"PSOL 50\",\"alternateName\":\"PSOL 50\",\"url\":\"https:\/\/psol50.org.br\/\",\"logo\":{\"@type\":\"ImageObject\",\"inLanguage\":\"pt-BR\",\"@id\":\"https:\/\/psol50.org.br\/#\/schema\/logo\/image\/\",\"url\":\"https:\/\/psol50.org.br\/inc\/uploads\/2018\/07\/capa.png\",\"contentUrl\":\"https:\/\/psol50.org.br\/inc\/uploads\/2018\/07\/capa.png\",\"width\":1350,\"height\":900,\"caption\":\"PSOL 50\"},\"image\":{\"@id\":\"https:\/\/psol50.org.br\/#\/schema\/logo\/image\/\"},\"sameAs\":[\"https:\/\/www.facebook.com\/psol50\",\"https:\/\/x.com\/psol50\",\"https:\/\/www.instagram.com\/psol50\/\",\"https:\/\/www.youtube.com\/channel\/UC7SnJS5o1os7a6CaiNabzcg\"]},{\"@type\":\"Person\",\"@id\":\"https:\/\/psol50.org.br\/#\/schema\/person\/475dfa57d0b815993c714c2e96491fcd\",\"name\":\"Comunica\u00e7\u00e3o PSOL\",\"image\":{\"@type\":\"ImageObject\",\"inLanguage\":\"pt-BR\",\"@id\":\"https:\/\/psol50.org.br\/#\/schema\/person\/image\/\",\"url\":\"https:\/\/secure.gravatar.com\/avatar\/b34fc4f4e468a4e51785917065a3db57b841f5c95dba6ad8c73aaf8f66f8f9bf?s=96&d=mm&r=g\",\"contentUrl\":\"https:\/\/secure.gravatar.com\/avatar\/b34fc4f4e468a4e51785917065a3db57b841f5c95dba6ad8c73aaf8f66f8f9bf?s=96&d=mm&r=g\",\"caption\":\"Comunica\u00e7\u00e3o PSOL\"}}]}<\/script>\n<!-- \/ Yoast SEO plugin. -->","yoast_head_json":{"title":"Reuni\u00e3o entre partidos de oposi\u00e7\u00e3o define unidade contra a reforma da Previd\u00eancia - PSOL 50","robots":{"index":"index","follow":"follow","max-snippet":"max-snippet:-1","max-image-preview":"max-image-preview:large","max-video-preview":"max-video-preview:-1"},"canonical":"https:\/\/psol50.org.br\/reuniao-entre-partidos-de-oposicao-define-unidade-contra-a-reforma-da-previdencia\/","og_locale":"pt_BR","og_type":"article","og_title":"Reuni\u00e3o entre partidos de oposi\u00e7\u00e3o define unidade contra a reforma da Previd\u00eancia - PSOL 50","og_description":"Em reuni\u00e3o realizada na manh\u00e3 desta quarta-feira (07), na sede do PDT, em Bras\u00edlia, dirigentes de partidos de oposi\u00e7\u00e3o (PSOL, PT, PCdoB, PDT e PSB) debateram a conjuntura pol\u00edtica do pa\u00eds e a unidade, no Parlamento, para derrotar a reforma da Previd\u00eancia, prevista para ser votada, na C\u00e2mara, ainda em fevereiro. O PSOL esclarece que, [&hellip;]","og_url":"https:\/\/psol50.org.br\/reuniao-entre-partidos-de-oposicao-define-unidade-contra-a-reforma-da-previdencia\/","og_site_name":"PSOL 50","article_publisher":"https:\/\/www.facebook.com\/psol50","article_published_time":"2018-02-08T14:20:29+00:00","og_image":[{"width":1350,"height":782,"url":"https:\/\/psol50.org.br\/inc\/uploads\/2018\/02\/cartaz-aposentar-previdencia_midia-ninja.jpg","type":"image\/jpeg"}],"author":"Comunica\u00e7\u00e3o PSOL","twitter_card":"summary_large_image","twitter_creator":"@psol50","twitter_site":"@psol50","twitter_misc":{"Escrito por":"Comunica\u00e7\u00e3o PSOL","Est. tempo de leitura":"1 minuto"},"schema":{"@context":"https:\/\/schema.org","@graph":[{"@type":"Article","@id":"https:\/\/psol50.org.br\/reuniao-entre-partidos-de-oposicao-define-unidade-contra-a-reforma-da-previdencia\/#article","isPartOf":{"@id":"https:\/\/psol50.org.br\/reuniao-entre-partidos-de-oposicao-define-unidade-contra-a-reforma-da-previdencia\/"},"author":{"name":"Comunica\u00e7\u00e3o PSOL","@id":"https:\/\/psol50.org.br\/#\/schema\/person\/475dfa57d0b815993c714c2e96491fcd"},"headline":"Reuni\u00e3o entre partidos de oposi\u00e7\u00e3o define unidade contra a reforma da Previd\u00eancia","datePublished":"2018-02-08T14:20:29+00:00","mainEntityOfPage":{"@id":"https:\/\/psol50.org.br\/reuniao-entre-partidos-de-oposicao-define-unidade-contra-a-reforma-da-previdencia\/"},"wordCount":271,"commentCount":0,"publisher":{"@id":"https:\/\/psol50.org.br\/#organization"},"image":{"@id":"https:\/\/psol50.org.br\/reuniao-entre-partidos-de-oposicao-define-unidade-contra-a-reforma-da-previdencia\/#primaryimage"},"thumbnailUrl":"https:\/\/psol50.org.br\/inc\/uploads\/2018\/02\/cartaz-aposentar-previdencia_midia-ninja.jpg","keywords":["esquerda","Ivan Valente","Juliano Medeiros","Oposi\u00e7\u00e3o","partidos de oposi\u00e7\u00e3o","PCdoB","PDT","PSB","PSOL","PT","reforma da previd\u00eancia","unidade"],"articleSection":["Brasil","Not\u00edcias"],"inLanguage":"pt-BR","potentialAction":[{"@type":"CommentAction","name":"Comment","target":["https:\/\/psol50.org.br\/reuniao-entre-partidos-de-oposicao-define-unidade-contra-a-reforma-da-previdencia\/#respond"]}]},{"@type":"WebPage","@id":"https:\/\/psol50.org.br\/reuniao-entre-partidos-de-oposicao-define-unidade-contra-a-reforma-da-previdencia\/","url":"https:\/\/psol50.org.br\/reuniao-entre-partidos-de-oposicao-define-unidade-contra-a-reforma-da-previdencia\/","name":"Reuni\u00e3o entre partidos de oposi\u00e7\u00e3o define unidade contra a reforma da Previd\u00eancia - PSOL 50","isPartOf":{"@id":"https:\/\/psol50.org.br\/#website"},"primaryImageOfPage":{"@id":"https:\/\/psol50.org.br\/reuniao-entre-partidos-de-oposicao-define-unidade-contra-a-reforma-da-previdencia\/#primaryimage"},"image":{"@id":"https:\/\/psol50.org.br\/reuniao-entre-partidos-de-oposicao-define-unidade-contra-a-reforma-da-previdencia\/#primaryimage"},"thumbnailUrl":"https:\/\/psol50.org.br\/inc\/uploads\/2018\/02\/cartaz-aposentar-previdencia_midia-ninja.jpg","datePublished":"2018-02-08T14:20:29+00:00","breadcrumb":{"@id":"https:\/\/psol50.org.br\/reuniao-entre-partidos-de-oposicao-define-unidade-contra-a-reforma-da-previdencia\/#breadcrumb"},"inLanguage":"pt-BR","potentialAction":[{"@type":"ReadAction","target":["https:\/\/psol50.org.br\/reuniao-entre-partidos-de-oposicao-define-unidade-contra-a-reforma-da-previdencia\/"]}]},{"@type":"ImageObject","inLanguage":"pt-BR","@id":"https:\/\/psol50.org.br\/reuniao-entre-partidos-de-oposicao-define-unidade-contra-a-reforma-da-previdencia\/#primaryimage","url":"https:\/\/psol50.org.br\/inc\/uploads\/2018\/02\/cartaz-aposentar-previdencia_midia-ninja.jpg","contentUrl":"https:\/\/psol50.org.br\/inc\/uploads\/2018\/02\/cartaz-aposentar-previdencia_midia-ninja.jpg","width":1350,"height":782},{"@type":"BreadcrumbList","@id":"https:\/\/psol50.org.br\/reuniao-entre-partidos-de-oposicao-define-unidade-contra-a-reforma-da-previdencia\/#breadcrumb","itemListElement":[{"@type":"ListItem","position":1,"name":"In\u00edcio","item":"https:\/\/psol50.org.br\/"},{"@type":"ListItem","position":2,"name":"Reuni\u00e3o entre partidos de oposi\u00e7\u00e3o define unidade contra a reforma da Previd\u00eancia"}]},{"@type":"WebSite","@id":"https:\/\/psol50.org.br\/#website","url":"https:\/\/psol50.org.br\/","name":"PSOL 50","description":"Site oficial do Partido Socialismo e Liberdade","publisher":{"@id":"https:\/\/psol50.org.br\/#organization"},"alternateName":"PSOL50","potentialAction":[{"@type":"SearchAction","target":{"@type":"EntryPoint","urlTemplate":"https:\/\/psol50.org.br\/?s={search_term_string}"},"query-input":{"@type":"PropertyValueSpecification","valueRequired":true,"valueName":"search_term_string"}}],"inLanguage":"pt-BR"},{"@type":"Organization","@id":"https:\/\/psol50.org.br\/#organization","name":"PSOL 50","alternateName":"PSOL 50","url":"https:\/\/psol50.org.br\/","logo":{"@type":"ImageObject","inLanguage":"pt-BR","@id":"https:\/\/psol50.org.br\/#\/schema\/logo\/image\/","url":"https:\/\/psol50.org.br\/inc\/uploads\/2018\/07\/capa.png","contentUrl":"https:\/\/psol50.org.br\/inc\/uploads\/2018\/07\/capa.png","width":1350,"height":900,"caption":"PSOL 50"},"image":{"@id":"https:\/\/psol50.org.br\/#\/schema\/logo\/image\/"},"sameAs":["https:\/\/www.facebook.com\/psol50","https:\/\/x.com\/psol50","https:\/\/www.instagram.com\/psol50\/","https:\/\/www.youtube.com\/channel\/UC7SnJS5o1os7a6CaiNabzcg"]},{"@type":"Person","@id":"https:\/\/psol50.org.br\/#\/schema\/person\/475dfa57d0b815993c714c2e96491fcd","name":"Comunica\u00e7\u00e3o PSOL","image":{"@type":"ImageObject","inLanguage":"pt-BR","@id":"https:\/\/psol50.org.br\/#\/schema\/person\/image\/","url":"https:\/\/secure.gravatar.com\/avatar\/b34fc4f4e468a4e51785917065a3db57b841f5c95dba6ad8c73aaf8f66f8f9bf?s=96&d=mm&r=g","contentUrl":"https:\/\/secure.gravatar.com\/avatar\/b34fc4f4e468a4e51785917065a3db57b841f5c95dba6ad8c73aaf8f66f8f9bf?s=96&d=mm&r=g","caption":"Comunica\u00e7\u00e3o PSOL"}}]}},"_links":{"self":[{"href":"https:\/\/psol50.org.br\/rest\/wp\/v2\/posts\/19831","targetHints":{"allow":["GET"]}}],"collection":[{"href":"https:\/\/psol50.org.br\/rest\/wp\/v2\/posts"}],"about":[{"href":"https:\/\/psol50.org.br\/rest\/wp\/v2\/types\/post"}],"author":[{"embeddable":true,"href":"https:\/\/psol50.org.br\/rest\/wp\/v2\/users\/2"}],"replies":[{"embeddable":true,"href":"https:\/\/psol50.org.br\/rest\/wp\/v2\/comments?post=19831"}],"version-history":[{"count":0,"href":"https:\/\/psol50.org.br\/rest\/wp\/v2\/posts\/19831\/revisions"}],"wp:featuredmedia":[{"embeddable":true,"href":"https:\/\/psol50.org.br\/rest\/wp\/v2\/media\/19832"}],"wp:attachment":[{"href":"https:\/\/psol50.org.br\/rest\/wp\/v2\/media?parent=19831"}],"wp:term":[{"taxonomy":"category","embeddable":true,"href":"https:\/\/psol50.org.br\/rest\/wp\/v2\/categories?post=19831"},{"taxonomy":"post_tag","embeddable":true,"href":"https:\/\/psol50.org.br\/rest\/wp\/v2\/tags?post=19831"}],"curies":[{"name":"wp","href":"https:\/\/api.w.org\/{rel}","templated":true}]}}