{"id":19853,"date":"2018-02-15T13:27:14","date_gmt":"2018-02-15T15:27:14","guid":{"rendered":"http:\/\/www.psol50.org.br\/?p=19853"},"modified":"2018-02-15T13:27:14","modified_gmt":"2018-02-15T15:27:14","slug":"paulo-rubem-santiago-a-condenacao-de-lula","status":"publish","type":"post","link":"https:\/\/psol50.org.br\/paulo-rubem-santiago-a-condenacao-de-lula\/","title":{"rendered":"Paulo Rubem Santiago | A condena\u00e7\u00e3o de Lula"},"content":{"rendered":"<p class=\"p1\"><span class=\"s1\">No campo do advers\u00e1rio \u00e9 bom jogar com muita calma procurando pelas brechas pra poder ganhar, escreveu o poeta. Por isso n\u00e3o me surpreendeu a decis\u00e3o dos Desembargadores do TRF da 4\u00aa Regi\u00e3o, por unanimidade, mantendo a condena\u00e7\u00e3o de Lula e a ampliando em mais tr\u00eas anos. N\u00e3o que as provas fossem cristalinas contra o ex-presidente, mas por outra raz\u00e3o objetiva. <\/span><\/p>\n<p class=\"p1\"><span class=\"s1\">Desde o come\u00e7o da Opera\u00e7\u00e3o Lava Jato foram evidentes as manipula\u00e7\u00f5es do Juiz S\u00e9rgio Moro para dar visibilidade a seus atos, com farto apoio de grandes empresas de m\u00eddia e uso pol\u00edtico intenso pelos advers\u00e1rios do PT. A prova mais escandalosa disso: A condu\u00e7\u00e3o coercitiva do Lula, digna de um filme de fic\u00e7\u00e3o, tamanho o aparato mobilizado contra um cidad\u00e3o sem qualquer antecedente criminal e domic\u00edlio sabido nos autos do processo. Naquela ocasi\u00e3o os defensores do impeachment da Presidenta Dilma derrapavam em seus atos, levando poucas pessoas \u00e0s ruas, e nada melhor que uma condu\u00e7\u00e3o coercitiva naqueles moldes para jogar lenha na fogueira. Afinal, tratava-se de Lula, ex-presidente da rep\u00fablica por dois mandatos, um valioso trof\u00e9u para seus advers\u00e1rios. <\/span><\/p>\n<p class=\"p1\"><span class=\"s1\">Al\u00e9m disso, Judici\u00e1rio tamb\u00e9m \u00e9 Estado e, por isso, est\u00e1 entrela\u00e7ado com poderosos interesses econ\u00f4micos e pol\u00edticos existentes no pa\u00eds. Por isso, jogar o jogo pela liberdade do ex-presidente Lula no campo do advers\u00e1rio, numa sociedade de classes historicamente conservadora no m\u00e9rito de suas a\u00e7\u00f5es econ\u00f4micas e sociais, profundamente olig\u00e1rquica e injusta em seus m\u00e9todos, era afirmar uma alta probabilidade, quase a certeza de uma condena\u00e7\u00e3o, independente das rela\u00e7\u00f5es que foram estabelecidas entre Lula, o PT, alguns de seus aliados, dirigentes, parlamentares e as principais empreiteiras investigadas na Opera\u00e7\u00e3o Lava jato. Al\u00e9m disso, margeando o Judici\u00e1rio, debaixo dos olhos do PT, os donos da riqueza que aceitaram os governos petistas e aplaudiram Henrique Meirelles no Banco Central (anos Lula) e Joaquim Levy no Minist\u00e9rio da Fazenda (no governo Dilma), jamais abdicaram de seus interesses, mudando progressivamente de lado e apoiando financeiramente as a\u00e7\u00f5es a favor do impeachment de Dilma, como o fizeram abertamente Paulo Skaff, presidente da FIESP e a poderosa CNI. <\/span><\/p>\n<p class=\"p1\"><span class=\"s1\">Por que tais movimentos n\u00e3o foram antecipados por Lula e pelo PT? Porque houve intensa colabora\u00e7\u00e3o de classes nos governos petistas, porque se tirou o povo das ruas e nenhuma reforma estrutural se fez , em especial nas leis da comunica\u00e7\u00e3o e no judici\u00e1rio. Os vazamentos seletivos de provas e depoimentos para algumas emissoras, entre outros aspectos, demonstraram a necessidade dessas reformas. <\/span><\/p>\n<p class=\"p1\"><span class=\"s1\">A condena\u00e7\u00e3o de Lula espelha a luta pol\u00edtica, num xadrez de poderosas for\u00e7as econ\u00f4micas no aparelho de estado. Revela ainda a subestima\u00e7\u00e3o do PT frente a seus advers\u00e1rios, alguns dos quais important\u00edssimos aliados at\u00e9 2015, bem como os erros de suas pr\u00e1ticas assentadas em largas colabora\u00e7\u00f5es de classe. <\/span><\/p>\n<p class=\"p1\"><span class=\"s1\">Por isso, contra todos os golpes, vamos \u00e0s ruas, com candidatura pr\u00f3pria, ampliar nossas bancadas ap\u00f3s 2018 e por transforma\u00e7\u00f5es profundas e \u00e9ticas no Congresso Nacional a partir dai, sempre com povo nas ruas.<\/span><\/p>\n","protected":false},"excerpt":{"rendered":"<p>No campo do advers\u00e1rio \u00e9 bom jogar com muita calma procurando pelas brechas pra poder ganhar, escreveu o poeta. Por isso n\u00e3o me surpreendeu a decis\u00e3o dos Desembargadores do TRF da 4\u00aa Regi\u00e3o, por unanimidade, mantendo a condena\u00e7\u00e3o de Lula e a ampliando em mais tr\u00eas anos. N\u00e3o que as provas fossem cristalinas contra o [&hellip;]<\/p>\n","protected":false},"author":2,"featured_media":19432,"comment_status":"open","ping_status":"open","sticky":false,"template":"","format":"standard","meta":{"_acf_changed":false,"footnotes":""},"categories":[3],"tags":[1763,2233],"class_list":{"0":"post-19853","1":"post","2":"type-post","3":"status-publish","4":"format-standard","5":"has-post-thumbnail","7":"category-artigos-e-entrevistas","8":"tag-lula","9":"tag-paulo-rubem-santiago"},"acf":[],"yoast_head":"<!-- This site is optimized with the Yoast SEO plugin v26.5 - https:\/\/yoast.com\/wordpress\/plugins\/seo\/ -->\n<title>Paulo Rubem Santiago | A condena\u00e7\u00e3o de Lula - PSOL 50<\/title>\n<meta name=\"robots\" content=\"index, follow, max-snippet:-1, max-image-preview:large, max-video-preview:-1\" \/>\n<link rel=\"canonical\" href=\"https:\/\/psol50.org.br\/paulo-rubem-santiago-a-condenacao-de-lula\/\" \/>\n<meta property=\"og:locale\" content=\"pt_BR\" \/>\n<meta property=\"og:type\" content=\"article\" \/>\n<meta property=\"og:title\" content=\"Paulo Rubem Santiago | A condena\u00e7\u00e3o de Lula - PSOL 50\" \/>\n<meta property=\"og:description\" content=\"No campo do advers\u00e1rio \u00e9 bom jogar com muita calma procurando pelas brechas pra poder ganhar, escreveu o poeta. Por isso n\u00e3o me surpreendeu a decis\u00e3o dos Desembargadores do TRF da 4\u00aa Regi\u00e3o, por unanimidade, mantendo a condena\u00e7\u00e3o de Lula e a ampliando em mais tr\u00eas anos. N\u00e3o que as provas fossem cristalinas contra o [&hellip;]\" \/>\n<meta property=\"og:url\" content=\"https:\/\/psol50.org.br\/paulo-rubem-santiago-a-condenacao-de-lula\/\" \/>\n<meta property=\"og:site_name\" content=\"PSOL 50\" \/>\n<meta property=\"article:publisher\" content=\"https:\/\/www.facebook.com\/psol50\" \/>\n<meta property=\"article:published_time\" content=\"2018-02-15T15:27:14+00:00\" \/>\n<meta property=\"og:image\" content=\"https:\/\/psol50.org.br\/inc\/uploads\/2018\/01\/Lula.MidiaNINJA-.jpg\" \/>\n\t<meta property=\"og:image:width\" content=\"1350\" \/>\n\t<meta property=\"og:image:height\" content=\"900\" \/>\n\t<meta property=\"og:image:type\" content=\"image\/jpeg\" \/>\n<meta name=\"author\" content=\"Comunica\u00e7\u00e3o PSOL\" \/>\n<meta name=\"twitter:card\" content=\"summary_large_image\" \/>\n<meta name=\"twitter:creator\" content=\"@psol50\" \/>\n<meta name=\"twitter:site\" content=\"@psol50\" \/>\n<meta name=\"twitter:label1\" content=\"Escrito por\" \/>\n\t<meta name=\"twitter:data1\" content=\"Comunica\u00e7\u00e3o PSOL\" \/>\n\t<meta name=\"twitter:label2\" content=\"Est. tempo de leitura\" \/>\n\t<meta name=\"twitter:data2\" content=\"3 minutos\" \/>\n<script type=\"application\/ld+json\" class=\"yoast-schema-graph\">{\"@context\":\"https:\/\/schema.org\",\"@graph\":[{\"@type\":\"Article\",\"@id\":\"https:\/\/psol50.org.br\/paulo-rubem-santiago-a-condenacao-de-lula\/#article\",\"isPartOf\":{\"@id\":\"https:\/\/psol50.org.br\/paulo-rubem-santiago-a-condenacao-de-lula\/\"},\"author\":{\"name\":\"Comunica\u00e7\u00e3o PSOL\",\"@id\":\"https:\/\/psol50.org.br\/#\/schema\/person\/475dfa57d0b815993c714c2e96491fcd\"},\"headline\":\"Paulo Rubem Santiago | A condena\u00e7\u00e3o de Lula\",\"datePublished\":\"2018-02-15T15:27:14+00:00\",\"mainEntityOfPage\":{\"@id\":\"https:\/\/psol50.org.br\/paulo-rubem-santiago-a-condenacao-de-lula\/\"},\"wordCount\":548,\"commentCount\":0,\"publisher\":{\"@id\":\"https:\/\/psol50.org.br\/#organization\"},\"image\":{\"@id\":\"https:\/\/psol50.org.br\/paulo-rubem-santiago-a-condenacao-de-lula\/#primaryimage\"},\"thumbnailUrl\":\"https:\/\/psol50.org.br\/inc\/uploads\/2018\/01\/Lula.MidiaNINJA-.jpg\",\"keywords\":[\"Lula\",\"Paulo Rubem Santiago\"],\"articleSection\":[\"Artigos\"],\"inLanguage\":\"pt-BR\",\"potentialAction\":[{\"@type\":\"CommentAction\",\"name\":\"Comment\",\"target\":[\"https:\/\/psol50.org.br\/paulo-rubem-santiago-a-condenacao-de-lula\/#respond\"]}]},{\"@type\":\"WebPage\",\"@id\":\"https:\/\/psol50.org.br\/paulo-rubem-santiago-a-condenacao-de-lula\/\",\"url\":\"https:\/\/psol50.org.br\/paulo-rubem-santiago-a-condenacao-de-lula\/\",\"name\":\"Paulo Rubem Santiago | A condena\u00e7\u00e3o de Lula - PSOL 50\",\"isPartOf\":{\"@id\":\"https:\/\/psol50.org.br\/#website\"},\"primaryImageOfPage\":{\"@id\":\"https:\/\/psol50.org.br\/paulo-rubem-santiago-a-condenacao-de-lula\/#primaryimage\"},\"image\":{\"@id\":\"https:\/\/psol50.org.br\/paulo-rubem-santiago-a-condenacao-de-lula\/#primaryimage\"},\"thumbnailUrl\":\"https:\/\/psol50.org.br\/inc\/uploads\/2018\/01\/Lula.MidiaNINJA-.jpg\",\"datePublished\":\"2018-02-15T15:27:14+00:00\",\"breadcrumb\":{\"@id\":\"https:\/\/psol50.org.br\/paulo-rubem-santiago-a-condenacao-de-lula\/#breadcrumb\"},\"inLanguage\":\"pt-BR\",\"potentialAction\":[{\"@type\":\"ReadAction\",\"target\":[\"https:\/\/psol50.org.br\/paulo-rubem-santiago-a-condenacao-de-lula\/\"]}]},{\"@type\":\"ImageObject\",\"inLanguage\":\"pt-BR\",\"@id\":\"https:\/\/psol50.org.br\/paulo-rubem-santiago-a-condenacao-de-lula\/#primaryimage\",\"url\":\"https:\/\/psol50.org.br\/inc\/uploads\/2018\/01\/Lula.MidiaNINJA-.jpg\",\"contentUrl\":\"https:\/\/psol50.org.br\/inc\/uploads\/2018\/01\/Lula.MidiaNINJA-.jpg\",\"width\":1350,\"height\":900,\"caption\":\"M\u00eddia NINJA\"},{\"@type\":\"BreadcrumbList\",\"@id\":\"https:\/\/psol50.org.br\/paulo-rubem-santiago-a-condenacao-de-lula\/#breadcrumb\",\"itemListElement\":[{\"@type\":\"ListItem\",\"position\":1,\"name\":\"In\u00edcio\",\"item\":\"https:\/\/psol50.org.br\/\"},{\"@type\":\"ListItem\",\"position\":2,\"name\":\"Paulo Rubem Santiago | A condena\u00e7\u00e3o de Lula\"}]},{\"@type\":\"WebSite\",\"@id\":\"https:\/\/psol50.org.br\/#website\",\"url\":\"https:\/\/psol50.org.br\/\",\"name\":\"PSOL 50\",\"description\":\"Site oficial do Partido Socialismo e Liberdade\",\"publisher\":{\"@id\":\"https:\/\/psol50.org.br\/#organization\"},\"alternateName\":\"PSOL50\",\"potentialAction\":[{\"@type\":\"SearchAction\",\"target\":{\"@type\":\"EntryPoint\",\"urlTemplate\":\"https:\/\/psol50.org.br\/?s={search_term_string}\"},\"query-input\":{\"@type\":\"PropertyValueSpecification\",\"valueRequired\":true,\"valueName\":\"search_term_string\"}}],\"inLanguage\":\"pt-BR\"},{\"@type\":\"Organization\",\"@id\":\"https:\/\/psol50.org.br\/#organization\",\"name\":\"PSOL 50\",\"alternateName\":\"PSOL 50\",\"url\":\"https:\/\/psol50.org.br\/\",\"logo\":{\"@type\":\"ImageObject\",\"inLanguage\":\"pt-BR\",\"@id\":\"https:\/\/psol50.org.br\/#\/schema\/logo\/image\/\",\"url\":\"https:\/\/psol50.org.br\/inc\/uploads\/2018\/07\/capa.png\",\"contentUrl\":\"https:\/\/psol50.org.br\/inc\/uploads\/2018\/07\/capa.png\",\"width\":1350,\"height\":900,\"caption\":\"PSOL 50\"},\"image\":{\"@id\":\"https:\/\/psol50.org.br\/#\/schema\/logo\/image\/\"},\"sameAs\":[\"https:\/\/www.facebook.com\/psol50\",\"https:\/\/x.com\/psol50\",\"https:\/\/www.instagram.com\/psol50\/\",\"https:\/\/www.youtube.com\/channel\/UC7SnJS5o1os7a6CaiNabzcg\"]},{\"@type\":\"Person\",\"@id\":\"https:\/\/psol50.org.br\/#\/schema\/person\/475dfa57d0b815993c714c2e96491fcd\",\"name\":\"Comunica\u00e7\u00e3o PSOL\",\"image\":{\"@type\":\"ImageObject\",\"inLanguage\":\"pt-BR\",\"@id\":\"https:\/\/psol50.org.br\/#\/schema\/person\/image\/\",\"url\":\"https:\/\/secure.gravatar.com\/avatar\/b34fc4f4e468a4e51785917065a3db57b841f5c95dba6ad8c73aaf8f66f8f9bf?s=96&d=mm&r=g\",\"contentUrl\":\"https:\/\/secure.gravatar.com\/avatar\/b34fc4f4e468a4e51785917065a3db57b841f5c95dba6ad8c73aaf8f66f8f9bf?s=96&d=mm&r=g\",\"caption\":\"Comunica\u00e7\u00e3o PSOL\"}}]}<\/script>\n<!-- \/ Yoast SEO plugin. -->","yoast_head_json":{"title":"Paulo Rubem Santiago | A condena\u00e7\u00e3o de Lula - PSOL 50","robots":{"index":"index","follow":"follow","max-snippet":"max-snippet:-1","max-image-preview":"max-image-preview:large","max-video-preview":"max-video-preview:-1"},"canonical":"https:\/\/psol50.org.br\/paulo-rubem-santiago-a-condenacao-de-lula\/","og_locale":"pt_BR","og_type":"article","og_title":"Paulo Rubem Santiago | A condena\u00e7\u00e3o de Lula - PSOL 50","og_description":"No campo do advers\u00e1rio \u00e9 bom jogar com muita calma procurando pelas brechas pra poder ganhar, escreveu o poeta. Por isso n\u00e3o me surpreendeu a decis\u00e3o dos Desembargadores do TRF da 4\u00aa Regi\u00e3o, por unanimidade, mantendo a condena\u00e7\u00e3o de Lula e a ampliando em mais tr\u00eas anos. N\u00e3o que as provas fossem cristalinas contra o [&hellip;]","og_url":"https:\/\/psol50.org.br\/paulo-rubem-santiago-a-condenacao-de-lula\/","og_site_name":"PSOL 50","article_publisher":"https:\/\/www.facebook.com\/psol50","article_published_time":"2018-02-15T15:27:14+00:00","og_image":[{"width":1350,"height":900,"url":"https:\/\/psol50.org.br\/inc\/uploads\/2018\/01\/Lula.MidiaNINJA-.jpg","type":"image\/jpeg"}],"author":"Comunica\u00e7\u00e3o PSOL","twitter_card":"summary_large_image","twitter_creator":"@psol50","twitter_site":"@psol50","twitter_misc":{"Escrito por":"Comunica\u00e7\u00e3o PSOL","Est. tempo de leitura":"3 minutos"},"schema":{"@context":"https:\/\/schema.org","@graph":[{"@type":"Article","@id":"https:\/\/psol50.org.br\/paulo-rubem-santiago-a-condenacao-de-lula\/#article","isPartOf":{"@id":"https:\/\/psol50.org.br\/paulo-rubem-santiago-a-condenacao-de-lula\/"},"author":{"name":"Comunica\u00e7\u00e3o PSOL","@id":"https:\/\/psol50.org.br\/#\/schema\/person\/475dfa57d0b815993c714c2e96491fcd"},"headline":"Paulo Rubem Santiago | A condena\u00e7\u00e3o de Lula","datePublished":"2018-02-15T15:27:14+00:00","mainEntityOfPage":{"@id":"https:\/\/psol50.org.br\/paulo-rubem-santiago-a-condenacao-de-lula\/"},"wordCount":548,"commentCount":0,"publisher":{"@id":"https:\/\/psol50.org.br\/#organization"},"image":{"@id":"https:\/\/psol50.org.br\/paulo-rubem-santiago-a-condenacao-de-lula\/#primaryimage"},"thumbnailUrl":"https:\/\/psol50.org.br\/inc\/uploads\/2018\/01\/Lula.MidiaNINJA-.jpg","keywords":["Lula","Paulo Rubem Santiago"],"articleSection":["Artigos"],"inLanguage":"pt-BR","potentialAction":[{"@type":"CommentAction","name":"Comment","target":["https:\/\/psol50.org.br\/paulo-rubem-santiago-a-condenacao-de-lula\/#respond"]}]},{"@type":"WebPage","@id":"https:\/\/psol50.org.br\/paulo-rubem-santiago-a-condenacao-de-lula\/","url":"https:\/\/psol50.org.br\/paulo-rubem-santiago-a-condenacao-de-lula\/","name":"Paulo Rubem Santiago | A condena\u00e7\u00e3o de Lula - PSOL 50","isPartOf":{"@id":"https:\/\/psol50.org.br\/#website"},"primaryImageOfPage":{"@id":"https:\/\/psol50.org.br\/paulo-rubem-santiago-a-condenacao-de-lula\/#primaryimage"},"image":{"@id":"https:\/\/psol50.org.br\/paulo-rubem-santiago-a-condenacao-de-lula\/#primaryimage"},"thumbnailUrl":"https:\/\/psol50.org.br\/inc\/uploads\/2018\/01\/Lula.MidiaNINJA-.jpg","datePublished":"2018-02-15T15:27:14+00:00","breadcrumb":{"@id":"https:\/\/psol50.org.br\/paulo-rubem-santiago-a-condenacao-de-lula\/#breadcrumb"},"inLanguage":"pt-BR","potentialAction":[{"@type":"ReadAction","target":["https:\/\/psol50.org.br\/paulo-rubem-santiago-a-condenacao-de-lula\/"]}]},{"@type":"ImageObject","inLanguage":"pt-BR","@id":"https:\/\/psol50.org.br\/paulo-rubem-santiago-a-condenacao-de-lula\/#primaryimage","url":"https:\/\/psol50.org.br\/inc\/uploads\/2018\/01\/Lula.MidiaNINJA-.jpg","contentUrl":"https:\/\/psol50.org.br\/inc\/uploads\/2018\/01\/Lula.MidiaNINJA-.jpg","width":1350,"height":900,"caption":"M\u00eddia NINJA"},{"@type":"BreadcrumbList","@id":"https:\/\/psol50.org.br\/paulo-rubem-santiago-a-condenacao-de-lula\/#breadcrumb","itemListElement":[{"@type":"ListItem","position":1,"name":"In\u00edcio","item":"https:\/\/psol50.org.br\/"},{"@type":"ListItem","position":2,"name":"Paulo Rubem Santiago | A condena\u00e7\u00e3o de Lula"}]},{"@type":"WebSite","@id":"https:\/\/psol50.org.br\/#website","url":"https:\/\/psol50.org.br\/","name":"PSOL 50","description":"Site oficial do Partido Socialismo e Liberdade","publisher":{"@id":"https:\/\/psol50.org.br\/#organization"},"alternateName":"PSOL50","potentialAction":[{"@type":"SearchAction","target":{"@type":"EntryPoint","urlTemplate":"https:\/\/psol50.org.br\/?s={search_term_string}"},"query-input":{"@type":"PropertyValueSpecification","valueRequired":true,"valueName":"search_term_string"}}],"inLanguage":"pt-BR"},{"@type":"Organization","@id":"https:\/\/psol50.org.br\/#organization","name":"PSOL 50","alternateName":"PSOL 50","url":"https:\/\/psol50.org.br\/","logo":{"@type":"ImageObject","inLanguage":"pt-BR","@id":"https:\/\/psol50.org.br\/#\/schema\/logo\/image\/","url":"https:\/\/psol50.org.br\/inc\/uploads\/2018\/07\/capa.png","contentUrl":"https:\/\/psol50.org.br\/inc\/uploads\/2018\/07\/capa.png","width":1350,"height":900,"caption":"PSOL 50"},"image":{"@id":"https:\/\/psol50.org.br\/#\/schema\/logo\/image\/"},"sameAs":["https:\/\/www.facebook.com\/psol50","https:\/\/x.com\/psol50","https:\/\/www.instagram.com\/psol50\/","https:\/\/www.youtube.com\/channel\/UC7SnJS5o1os7a6CaiNabzcg"]},{"@type":"Person","@id":"https:\/\/psol50.org.br\/#\/schema\/person\/475dfa57d0b815993c714c2e96491fcd","name":"Comunica\u00e7\u00e3o PSOL","image":{"@type":"ImageObject","inLanguage":"pt-BR","@id":"https:\/\/psol50.org.br\/#\/schema\/person\/image\/","url":"https:\/\/secure.gravatar.com\/avatar\/b34fc4f4e468a4e51785917065a3db57b841f5c95dba6ad8c73aaf8f66f8f9bf?s=96&d=mm&r=g","contentUrl":"https:\/\/secure.gravatar.com\/avatar\/b34fc4f4e468a4e51785917065a3db57b841f5c95dba6ad8c73aaf8f66f8f9bf?s=96&d=mm&r=g","caption":"Comunica\u00e7\u00e3o PSOL"}}]}},"_links":{"self":[{"href":"https:\/\/psol50.org.br\/rest\/wp\/v2\/posts\/19853","targetHints":{"allow":["GET"]}}],"collection":[{"href":"https:\/\/psol50.org.br\/rest\/wp\/v2\/posts"}],"about":[{"href":"https:\/\/psol50.org.br\/rest\/wp\/v2\/types\/post"}],"author":[{"embeddable":true,"href":"https:\/\/psol50.org.br\/rest\/wp\/v2\/users\/2"}],"replies":[{"embeddable":true,"href":"https:\/\/psol50.org.br\/rest\/wp\/v2\/comments?post=19853"}],"version-history":[{"count":0,"href":"https:\/\/psol50.org.br\/rest\/wp\/v2\/posts\/19853\/revisions"}],"wp:featuredmedia":[{"embeddable":true,"href":"https:\/\/psol50.org.br\/rest\/wp\/v2\/media\/19432"}],"wp:attachment":[{"href":"https:\/\/psol50.org.br\/rest\/wp\/v2\/media?parent=19853"}],"wp:term":[{"taxonomy":"category","embeddable":true,"href":"https:\/\/psol50.org.br\/rest\/wp\/v2\/categories?post=19853"},{"taxonomy":"post_tag","embeddable":true,"href":"https:\/\/psol50.org.br\/rest\/wp\/v2\/tags?post=19853"}],"curies":[{"name":"wp","href":"https:\/\/api.w.org\/{rel}","templated":true}]}}