{"id":19870,"date":"2018-02-16T11:57:01","date_gmt":"2018-02-16T13:57:01","guid":{"rendered":"http:\/\/www.psol50.org.br\/?p=19870"},"modified":"2018-02-16T11:57:01","modified_gmt":"2018-02-16T13:57:01","slug":"19-de-fevereiro-dia-de-ir-as-ruas-contra-a-reforma-da-previdencia","status":"publish","type":"post","link":"https:\/\/psol50.org.br\/19-de-fevereiro-dia-de-ir-as-ruas-contra-a-reforma-da-previdencia\/","title":{"rendered":"19 de fevereiro: Dia de ir \u00e0s ruas contra a reforma da Previd\u00eancia"},"content":{"rendered":"<p>Mesmo sem votos suficientes para votar a reforma da Previd\u00eancia em dois turnos na C\u00e2mara dos Deputados e, em seguida, no Senado Federal, o governo ileg\u00edtimo de Michel Temer insiste em tentar votar a proposta ainda neste m\u00eas de fevereiro. Inicialmente previsto para encerrar a vota\u00e7\u00e3o at\u00e9 o dia 19 de fevereiro, o novo calend\u00e1rio agora prev\u00ea o dia 28 como data limite para votar as mudan\u00e7as na aposentadoria, contidas na Proposta de Emenda \u00e0 Constitui\u00e7\u00e3o n\u00ba 287\/2016.<\/p>\n<p>O Pal\u00e1cio do Planalto e seus aliados no Congresso Nacional sabem das dificuldades de votar a principal medida do ajuste fiscal em andamento. E as centrais sindicais e organiza\u00e7\u00f5es sociais est\u00e3o preparados para intensificar a press\u00e3o, com o objetivo de derrotar,\u00a0definitivamente, a proposta. Para isso, na segunda-feira (19) realizar\u00e3o atos e paralisa\u00e7\u00f5es em v\u00e1rios estados do pa\u00eds.\u00a0<a href=\"http:\/\/www.psol50.org.br\/centrais-sindicais-convocam-jornada-de-lutas-contra-reforma-da-previdencia\/\" target=\"_blank\" rel=\"noopener\"><span style=\"color: #0000ff;\"><strong>O mote da mobiliza\u00e7\u00e3o \u00e9 \u201cSe botar pra votar, o Brasil vai parar\u201d<\/strong><\/span><\/a>.<\/p>\n<p>O PSOL, que participa da constru\u00e7\u00e3o desse dia de luta, convoca toda a milit\u00e2ncia para participar das manifesta\u00e7\u00f5es em suas cidades. O presidente nacional do partido, Juliano Medeiros, destaca que o momento \u00e9 de aumentar a press\u00e3o, \u00e0 medida que as a\u00e7\u00f5es do governo contra o povo brasileira se intensificam ainda mais.<\/p>\n<p>&#8220;O governo ileg\u00edtimo, que afunda a cada dia, sabe de suas dificuldades em aprovar a reforma da Previd\u00eancia. Para isso, tem se utilizado de diversos artif\u00edcios. A interven\u00e7\u00e3o militar no Rio de Janeiro, decretada na manh\u00e3 desta sexta-feira (16), por exemplo,\u00a0tem o objetivo, entre outros, de conquistar uma sa\u00edda para a virtual derrota na vota\u00e7\u00e3o da reforma. Com a interven\u00e7\u00e3o militar, o Congresso n\u00e3o pode votar emenda \u00e0 Constitui\u00e7\u00e3o e Temer tem agora a desculpa perfeita para arquivar seu projeto de destrui\u00e7\u00e3o das aposentadorias, j\u00e1 que ele acabaria sendo derrotado na C\u00e2mara dos Deputados gra\u00e7as \u00e0 press\u00e3o popular. Mas \u00e9 preciso aumentar a nossa mobiliza\u00e7\u00e3o e a nossa milit\u00e2ncia estar\u00e1 em todos os atos no dia 19&#8221;, ressalta Medeiros.<\/p>\n<p>V\u00e1rias capitais est\u00e3o com atividades agendadas.\u00a0 Confira abaixo:<\/p>\n<p><a href=\"https:\/\/www.facebook.com\/events\/152426512230949\/\" target=\"_blank\" rel=\"noopener\"><span style=\"color: #0000ff;\"><strong>S\u00e3o Paulo<\/strong><\/span><\/a><br \/>\n16h &#8211; Avenida Paulista &#8211; Masp<\/p>\n<p><a href=\"https:\/\/www.facebook.com\/events\/1767806179917673\/\" target=\"_blank\" rel=\"noopener\"><span style=\"color: #0000ff;\"><strong>Rio de Janeiro<\/strong><\/span><\/a><br \/>\n16h &#8211; Candel\u00e1ria<\/p>\n<p><strong>Belo Horizonte<\/strong><br \/>\n16h &#8211; Pra\u00e7a Sete<\/p>\n<p><strong>Bras\u00edlia<\/strong><br \/>\n<a href=\"https:\/\/www.facebook.com\/events\/128434491309421\/\" target=\"_blank\" rel=\"noopener\"><strong>7h &#8211; Panfletagem do PSOL-DF em frente ao shopping P\u00e1tio Brasil<\/strong><\/a><br \/>\n<a href=\"https:\/\/www.facebook.com\/events\/190685491702298\/\" target=\"_blank\" rel=\"noopener\"><strong>17h &#8211; Museu da Rep\u00fablica<\/strong> <\/a><\/p>\n<p><a href=\"https:\/\/www.facebook.com\/CUTBahia\/posts\/1969942353034576\" target=\"_blank\" rel=\"noopener\"><span style=\"color: #0000ff;\"><strong>Salvador<\/strong><\/span><\/a><br \/>\n15h &#8211; Campo da P\u00f3lvora<\/p>\n<p><strong>Recife<\/strong><br \/>\n15h &#8211; Parque Treze de Maio<\/p>\n<p><a href=\"https:\/\/www.facebook.com\/events\/1608121835942545\/\" target=\"_blank\" rel=\"noopener\"><span style=\"color: #0000ff;\"><strong>Porto Alegre<\/strong><\/span><\/a><br \/>\n17h &#8211; Esquina Democr\u00e1tica<\/p>\n<p><strong>Florian\u00f3polis<\/strong><br \/>\n16h &#8211; Pra\u00e7a de Lutas, ao lado do Ticen<\/p>\n<p><a href=\"https:\/\/www.facebook.com\/frentebrasilpopularpara\/photos\/a.1200585466636938.1073741830.1114442058584613\/1931603553535122\/?type=3&amp;theater\" target=\"_blank\" rel=\"noopener\"><span style=\"color: #0000ff;\"><strong>Bel\u00e9m<\/strong><\/span><\/a><br \/>\n11h &#8211; Mercado S\u00e3o Br\u00e1s<\/p>\n<p><a href=\"https:\/\/www.facebook.com\/cutceara\/photos\/a.218304754945813.44935.210746525701636\/1421401424636134\/?type=3\" target=\"_blank\" rel=\"noopener\"><strong>Fortaleza<\/strong><\/a><br \/>\nManh\u00e3 &#8211; Pra\u00e7a da Bandeira<\/p>\n<p><a href=\"https:\/\/www.facebook.com\/events\/408315476259310\/\" target=\"_blank\" rel=\"noopener\"><strong><span style=\"color: #0000ff;\">Vit\u00f3ria<\/span><\/strong><\/a><br \/>\n8h &#8211; Pra\u00e7a Oito de Setembro<\/p>\n","protected":false},"excerpt":{"rendered":"<p>Mesmo sem votos suficientes para votar a reforma da Previd\u00eancia em dois turnos na C\u00e2mara dos Deputados e, em seguida, no Senado Federal, o governo ileg\u00edtimo de Michel Temer insiste em tentar votar a proposta ainda neste m\u00eas de fevereiro. Inicialmente previsto para encerrar a vota\u00e7\u00e3o at\u00e9 o dia 19 de fevereiro, o novo calend\u00e1rio [&hellip;]<\/p>\n","protected":false},"author":2,"featured_media":19382,"comment_status":"open","ping_status":"open","sticky":false,"template":"","format":"standard","meta":{"_acf_changed":false,"footnotes":""},"categories":[1882,1104,6],"tags":[2234,1735,2235,1792,2236,2237,314,1748,99,22],"class_list":{"0":"post-19870","1":"post","2":"type-post","3":"status-publish","4":"format-standard","5":"has-post-thumbnail","7":"category-brasil","8":"category-movimento","9":"category-noticias","10":"tag-19-de-fevereiro","11":"tag-aposentadoria","12":"tag-atos-unificados","13":"tag-centrais-sindicais","14":"tag-dia-nacional-de-luta-contra-a-reforma-da-previdencia","15":"tag-governo-ilegitimo","16":"tag-manifestacoes","17":"tag-michel-temer","18":"tag-movimentos-sociais","19":"tag-psol"},"acf":[],"yoast_head":"<!-- This site is optimized with the Yoast SEO plugin v26.5 - https:\/\/yoast.com\/wordpress\/plugins\/seo\/ -->\n<title>19 de fevereiro: Dia de ir \u00e0s ruas contra a reforma da Previd\u00eancia - PSOL 50<\/title>\n<meta name=\"robots\" content=\"index, follow, max-snippet:-1, max-image-preview:large, max-video-preview:-1\" \/>\n<link rel=\"canonical\" href=\"https:\/\/psol50.org.br\/19-de-fevereiro-dia-de-ir-as-ruas-contra-a-reforma-da-previdencia\/\" \/>\n<meta property=\"og:locale\" content=\"pt_BR\" \/>\n<meta property=\"og:type\" content=\"article\" \/>\n<meta property=\"og:title\" content=\"19 de fevereiro: Dia de ir \u00e0s ruas contra a reforma da Previd\u00eancia - PSOL 50\" \/>\n<meta property=\"og:description\" content=\"Mesmo sem votos suficientes para votar a reforma da Previd\u00eancia em dois turnos na C\u00e2mara dos Deputados e, em seguida, no Senado Federal, o governo ileg\u00edtimo de Michel Temer insiste em tentar votar a proposta ainda neste m\u00eas de fevereiro. Inicialmente previsto para encerrar a vota\u00e7\u00e3o at\u00e9 o dia 19 de fevereiro, o novo calend\u00e1rio [&hellip;]\" \/>\n<meta property=\"og:url\" content=\"https:\/\/psol50.org.br\/19-de-fevereiro-dia-de-ir-as-ruas-contra-a-reforma-da-previdencia\/\" \/>\n<meta property=\"og:site_name\" content=\"PSOL 50\" \/>\n<meta property=\"article:publisher\" content=\"https:\/\/www.facebook.com\/psol50\" \/>\n<meta property=\"article:published_time\" content=\"2018-02-16T13:57:01+00:00\" \/>\n<meta property=\"og:image\" content=\"https:\/\/psol50.org.br\/inc\/uploads\/2018\/07\/capa.png\" \/>\n\t<meta property=\"og:image:width\" content=\"1350\" \/>\n\t<meta property=\"og:image:height\" content=\"900\" \/>\n\t<meta property=\"og:image:type\" content=\"image\/png\" \/>\n<meta name=\"author\" content=\"Comunica\u00e7\u00e3o PSOL\" \/>\n<meta name=\"twitter:card\" content=\"summary_large_image\" \/>\n<meta name=\"twitter:creator\" content=\"@psol50\" \/>\n<meta name=\"twitter:site\" content=\"@psol50\" \/>\n<meta name=\"twitter:label1\" content=\"Escrito por\" \/>\n\t<meta name=\"twitter:data1\" content=\"Comunica\u00e7\u00e3o PSOL\" \/>\n\t<meta name=\"twitter:label2\" content=\"Est. tempo de leitura\" \/>\n\t<meta name=\"twitter:data2\" content=\"2 minutos\" \/>\n<script type=\"application\/ld+json\" class=\"yoast-schema-graph\">{\"@context\":\"https:\/\/schema.org\",\"@graph\":[{\"@type\":\"Article\",\"@id\":\"https:\/\/psol50.org.br\/19-de-fevereiro-dia-de-ir-as-ruas-contra-a-reforma-da-previdencia\/#article\",\"isPartOf\":{\"@id\":\"https:\/\/psol50.org.br\/19-de-fevereiro-dia-de-ir-as-ruas-contra-a-reforma-da-previdencia\/\"},\"author\":{\"name\":\"Comunica\u00e7\u00e3o PSOL\",\"@id\":\"https:\/\/psol50.org.br\/#\/schema\/person\/475dfa57d0b815993c714c2e96491fcd\"},\"headline\":\"19 de fevereiro: Dia de ir \u00e0s ruas contra a reforma da Previd\u00eancia\",\"datePublished\":\"2018-02-16T13:57:01+00:00\",\"mainEntityOfPage\":{\"@id\":\"https:\/\/psol50.org.br\/19-de-fevereiro-dia-de-ir-as-ruas-contra-a-reforma-da-previdencia\/\"},\"wordCount\":469,\"commentCount\":0,\"publisher\":{\"@id\":\"https:\/\/psol50.org.br\/#organization\"},\"image\":{\"@id\":\"https:\/\/psol50.org.br\/19-de-fevereiro-dia-de-ir-as-ruas-contra-a-reforma-da-previdencia\/#primaryimage\"},\"thumbnailUrl\":\"\",\"keywords\":[\"19 de fevereiro\",\"aposentadoria\",\"atos unificados\",\"centrais sindicais\",\"dia nacional de luta contra a reforma da previd\u00eancia\",\"governo ileg\u00edtimo\",\"manifesta\u00e7\u00f5es\",\"Michel Temer\",\"movimentos sociais\",\"PSOL\"],\"articleSection\":[\"Brasil\",\"Movimento\",\"Not\u00edcias\"],\"inLanguage\":\"pt-BR\",\"potentialAction\":[{\"@type\":\"CommentAction\",\"name\":\"Comment\",\"target\":[\"https:\/\/psol50.org.br\/19-de-fevereiro-dia-de-ir-as-ruas-contra-a-reforma-da-previdencia\/#respond\"]}]},{\"@type\":\"WebPage\",\"@id\":\"https:\/\/psol50.org.br\/19-de-fevereiro-dia-de-ir-as-ruas-contra-a-reforma-da-previdencia\/\",\"url\":\"https:\/\/psol50.org.br\/19-de-fevereiro-dia-de-ir-as-ruas-contra-a-reforma-da-previdencia\/\",\"name\":\"19 de fevereiro: Dia de ir \u00e0s ruas contra a reforma da Previd\u00eancia - PSOL 50\",\"isPartOf\":{\"@id\":\"https:\/\/psol50.org.br\/#website\"},\"primaryImageOfPage\":{\"@id\":\"https:\/\/psol50.org.br\/19-de-fevereiro-dia-de-ir-as-ruas-contra-a-reforma-da-previdencia\/#primaryimage\"},\"image\":{\"@id\":\"https:\/\/psol50.org.br\/19-de-fevereiro-dia-de-ir-as-ruas-contra-a-reforma-da-previdencia\/#primaryimage\"},\"thumbnailUrl\":\"\",\"datePublished\":\"2018-02-16T13:57:01+00:00\",\"breadcrumb\":{\"@id\":\"https:\/\/psol50.org.br\/19-de-fevereiro-dia-de-ir-as-ruas-contra-a-reforma-da-previdencia\/#breadcrumb\"},\"inLanguage\":\"pt-BR\",\"potentialAction\":[{\"@type\":\"ReadAction\",\"target\":[\"https:\/\/psol50.org.br\/19-de-fevereiro-dia-de-ir-as-ruas-contra-a-reforma-da-previdencia\/\"]}]},{\"@type\":\"ImageObject\",\"inLanguage\":\"pt-BR\",\"@id\":\"https:\/\/psol50.org.br\/19-de-fevereiro-dia-de-ir-as-ruas-contra-a-reforma-da-previdencia\/#primaryimage\",\"url\":\"\",\"contentUrl\":\"\"},{\"@type\":\"BreadcrumbList\",\"@id\":\"https:\/\/psol50.org.br\/19-de-fevereiro-dia-de-ir-as-ruas-contra-a-reforma-da-previdencia\/#breadcrumb\",\"itemListElement\":[{\"@type\":\"ListItem\",\"position\":1,\"name\":\"In\u00edcio\",\"item\":\"https:\/\/psol50.org.br\/\"},{\"@type\":\"ListItem\",\"position\":2,\"name\":\"19 de fevereiro: Dia de ir \u00e0s ruas contra a reforma da Previd\u00eancia\"}]},{\"@type\":\"WebSite\",\"@id\":\"https:\/\/psol50.org.br\/#website\",\"url\":\"https:\/\/psol50.org.br\/\",\"name\":\"PSOL 50\",\"description\":\"Site oficial do Partido Socialismo e Liberdade\",\"publisher\":{\"@id\":\"https:\/\/psol50.org.br\/#organization\"},\"alternateName\":\"PSOL50\",\"potentialAction\":[{\"@type\":\"SearchAction\",\"target\":{\"@type\":\"EntryPoint\",\"urlTemplate\":\"https:\/\/psol50.org.br\/?s={search_term_string}\"},\"query-input\":{\"@type\":\"PropertyValueSpecification\",\"valueRequired\":true,\"valueName\":\"search_term_string\"}}],\"inLanguage\":\"pt-BR\"},{\"@type\":\"Organization\",\"@id\":\"https:\/\/psol50.org.br\/#organization\",\"name\":\"PSOL 50\",\"alternateName\":\"PSOL 50\",\"url\":\"https:\/\/psol50.org.br\/\",\"logo\":{\"@type\":\"ImageObject\",\"inLanguage\":\"pt-BR\",\"@id\":\"https:\/\/psol50.org.br\/#\/schema\/logo\/image\/\",\"url\":\"https:\/\/psol50.org.br\/inc\/uploads\/2018\/07\/capa.png\",\"contentUrl\":\"https:\/\/psol50.org.br\/inc\/uploads\/2018\/07\/capa.png\",\"width\":1350,\"height\":900,\"caption\":\"PSOL 50\"},\"image\":{\"@id\":\"https:\/\/psol50.org.br\/#\/schema\/logo\/image\/\"},\"sameAs\":[\"https:\/\/www.facebook.com\/psol50\",\"https:\/\/x.com\/psol50\",\"https:\/\/www.instagram.com\/psol50\/\",\"https:\/\/www.youtube.com\/channel\/UC7SnJS5o1os7a6CaiNabzcg\"]},{\"@type\":\"Person\",\"@id\":\"https:\/\/psol50.org.br\/#\/schema\/person\/475dfa57d0b815993c714c2e96491fcd\",\"name\":\"Comunica\u00e7\u00e3o PSOL\",\"image\":{\"@type\":\"ImageObject\",\"inLanguage\":\"pt-BR\",\"@id\":\"https:\/\/psol50.org.br\/#\/schema\/person\/image\/\",\"url\":\"https:\/\/secure.gravatar.com\/avatar\/b34fc4f4e468a4e51785917065a3db57b841f5c95dba6ad8c73aaf8f66f8f9bf?s=96&d=mm&r=g\",\"contentUrl\":\"https:\/\/secure.gravatar.com\/avatar\/b34fc4f4e468a4e51785917065a3db57b841f5c95dba6ad8c73aaf8f66f8f9bf?s=96&d=mm&r=g\",\"caption\":\"Comunica\u00e7\u00e3o PSOL\"}}]}<\/script>\n<!-- \/ Yoast SEO plugin. -->","yoast_head_json":{"title":"19 de fevereiro: Dia de ir \u00e0s ruas contra a reforma da Previd\u00eancia - PSOL 50","robots":{"index":"index","follow":"follow","max-snippet":"max-snippet:-1","max-image-preview":"max-image-preview:large","max-video-preview":"max-video-preview:-1"},"canonical":"https:\/\/psol50.org.br\/19-de-fevereiro-dia-de-ir-as-ruas-contra-a-reforma-da-previdencia\/","og_locale":"pt_BR","og_type":"article","og_title":"19 de fevereiro: Dia de ir \u00e0s ruas contra a reforma da Previd\u00eancia - PSOL 50","og_description":"Mesmo sem votos suficientes para votar a reforma da Previd\u00eancia em dois turnos na C\u00e2mara dos Deputados e, em seguida, no Senado Federal, o governo ileg\u00edtimo de Michel Temer insiste em tentar votar a proposta ainda neste m\u00eas de fevereiro. Inicialmente previsto para encerrar a vota\u00e7\u00e3o at\u00e9 o dia 19 de fevereiro, o novo calend\u00e1rio [&hellip;]","og_url":"https:\/\/psol50.org.br\/19-de-fevereiro-dia-de-ir-as-ruas-contra-a-reforma-da-previdencia\/","og_site_name":"PSOL 50","article_publisher":"https:\/\/www.facebook.com\/psol50","article_published_time":"2018-02-16T13:57:01+00:00","og_image":[{"width":1350,"height":900,"url":"https:\/\/psol50.org.br\/inc\/uploads\/2018\/07\/capa.png","type":"image\/png"}],"author":"Comunica\u00e7\u00e3o PSOL","twitter_card":"summary_large_image","twitter_creator":"@psol50","twitter_site":"@psol50","twitter_misc":{"Escrito por":"Comunica\u00e7\u00e3o PSOL","Est. tempo de leitura":"2 minutos"},"schema":{"@context":"https:\/\/schema.org","@graph":[{"@type":"Article","@id":"https:\/\/psol50.org.br\/19-de-fevereiro-dia-de-ir-as-ruas-contra-a-reforma-da-previdencia\/#article","isPartOf":{"@id":"https:\/\/psol50.org.br\/19-de-fevereiro-dia-de-ir-as-ruas-contra-a-reforma-da-previdencia\/"},"author":{"name":"Comunica\u00e7\u00e3o PSOL","@id":"https:\/\/psol50.org.br\/#\/schema\/person\/475dfa57d0b815993c714c2e96491fcd"},"headline":"19 de fevereiro: Dia de ir \u00e0s ruas contra a reforma da Previd\u00eancia","datePublished":"2018-02-16T13:57:01+00:00","mainEntityOfPage":{"@id":"https:\/\/psol50.org.br\/19-de-fevereiro-dia-de-ir-as-ruas-contra-a-reforma-da-previdencia\/"},"wordCount":469,"commentCount":0,"publisher":{"@id":"https:\/\/psol50.org.br\/#organization"},"image":{"@id":"https:\/\/psol50.org.br\/19-de-fevereiro-dia-de-ir-as-ruas-contra-a-reforma-da-previdencia\/#primaryimage"},"thumbnailUrl":"","keywords":["19 de fevereiro","aposentadoria","atos unificados","centrais sindicais","dia nacional de luta contra a reforma da previd\u00eancia","governo ileg\u00edtimo","manifesta\u00e7\u00f5es","Michel Temer","movimentos sociais","PSOL"],"articleSection":["Brasil","Movimento","Not\u00edcias"],"inLanguage":"pt-BR","potentialAction":[{"@type":"CommentAction","name":"Comment","target":["https:\/\/psol50.org.br\/19-de-fevereiro-dia-de-ir-as-ruas-contra-a-reforma-da-previdencia\/#respond"]}]},{"@type":"WebPage","@id":"https:\/\/psol50.org.br\/19-de-fevereiro-dia-de-ir-as-ruas-contra-a-reforma-da-previdencia\/","url":"https:\/\/psol50.org.br\/19-de-fevereiro-dia-de-ir-as-ruas-contra-a-reforma-da-previdencia\/","name":"19 de fevereiro: Dia de ir \u00e0s ruas contra a reforma da Previd\u00eancia - PSOL 50","isPartOf":{"@id":"https:\/\/psol50.org.br\/#website"},"primaryImageOfPage":{"@id":"https:\/\/psol50.org.br\/19-de-fevereiro-dia-de-ir-as-ruas-contra-a-reforma-da-previdencia\/#primaryimage"},"image":{"@id":"https:\/\/psol50.org.br\/19-de-fevereiro-dia-de-ir-as-ruas-contra-a-reforma-da-previdencia\/#primaryimage"},"thumbnailUrl":"","datePublished":"2018-02-16T13:57:01+00:00","breadcrumb":{"@id":"https:\/\/psol50.org.br\/19-de-fevereiro-dia-de-ir-as-ruas-contra-a-reforma-da-previdencia\/#breadcrumb"},"inLanguage":"pt-BR","potentialAction":[{"@type":"ReadAction","target":["https:\/\/psol50.org.br\/19-de-fevereiro-dia-de-ir-as-ruas-contra-a-reforma-da-previdencia\/"]}]},{"@type":"ImageObject","inLanguage":"pt-BR","@id":"https:\/\/psol50.org.br\/19-de-fevereiro-dia-de-ir-as-ruas-contra-a-reforma-da-previdencia\/#primaryimage","url":"","contentUrl":""},{"@type":"BreadcrumbList","@id":"https:\/\/psol50.org.br\/19-de-fevereiro-dia-de-ir-as-ruas-contra-a-reforma-da-previdencia\/#breadcrumb","itemListElement":[{"@type":"ListItem","position":1,"name":"In\u00edcio","item":"https:\/\/psol50.org.br\/"},{"@type":"ListItem","position":2,"name":"19 de fevereiro: Dia de ir \u00e0s ruas contra a reforma da Previd\u00eancia"}]},{"@type":"WebSite","@id":"https:\/\/psol50.org.br\/#website","url":"https:\/\/psol50.org.br\/","name":"PSOL 50","description":"Site oficial do Partido Socialismo e Liberdade","publisher":{"@id":"https:\/\/psol50.org.br\/#organization"},"alternateName":"PSOL50","potentialAction":[{"@type":"SearchAction","target":{"@type":"EntryPoint","urlTemplate":"https:\/\/psol50.org.br\/?s={search_term_string}"},"query-input":{"@type":"PropertyValueSpecification","valueRequired":true,"valueName":"search_term_string"}}],"inLanguage":"pt-BR"},{"@type":"Organization","@id":"https:\/\/psol50.org.br\/#organization","name":"PSOL 50","alternateName":"PSOL 50","url":"https:\/\/psol50.org.br\/","logo":{"@type":"ImageObject","inLanguage":"pt-BR","@id":"https:\/\/psol50.org.br\/#\/schema\/logo\/image\/","url":"https:\/\/psol50.org.br\/inc\/uploads\/2018\/07\/capa.png","contentUrl":"https:\/\/psol50.org.br\/inc\/uploads\/2018\/07\/capa.png","width":1350,"height":900,"caption":"PSOL 50"},"image":{"@id":"https:\/\/psol50.org.br\/#\/schema\/logo\/image\/"},"sameAs":["https:\/\/www.facebook.com\/psol50","https:\/\/x.com\/psol50","https:\/\/www.instagram.com\/psol50\/","https:\/\/www.youtube.com\/channel\/UC7SnJS5o1os7a6CaiNabzcg"]},{"@type":"Person","@id":"https:\/\/psol50.org.br\/#\/schema\/person\/475dfa57d0b815993c714c2e96491fcd","name":"Comunica\u00e7\u00e3o PSOL","image":{"@type":"ImageObject","inLanguage":"pt-BR","@id":"https:\/\/psol50.org.br\/#\/schema\/person\/image\/","url":"https:\/\/secure.gravatar.com\/avatar\/b34fc4f4e468a4e51785917065a3db57b841f5c95dba6ad8c73aaf8f66f8f9bf?s=96&d=mm&r=g","contentUrl":"https:\/\/secure.gravatar.com\/avatar\/b34fc4f4e468a4e51785917065a3db57b841f5c95dba6ad8c73aaf8f66f8f9bf?s=96&d=mm&r=g","caption":"Comunica\u00e7\u00e3o PSOL"}}]}},"_links":{"self":[{"href":"https:\/\/psol50.org.br\/rest\/wp\/v2\/posts\/19870","targetHints":{"allow":["GET"]}}],"collection":[{"href":"https:\/\/psol50.org.br\/rest\/wp\/v2\/posts"}],"about":[{"href":"https:\/\/psol50.org.br\/rest\/wp\/v2\/types\/post"}],"author":[{"embeddable":true,"href":"https:\/\/psol50.org.br\/rest\/wp\/v2\/users\/2"}],"replies":[{"embeddable":true,"href":"https:\/\/psol50.org.br\/rest\/wp\/v2\/comments?post=19870"}],"version-history":[{"count":0,"href":"https:\/\/psol50.org.br\/rest\/wp\/v2\/posts\/19870\/revisions"}],"wp:featuredmedia":[{"embeddable":true,"href":"https:\/\/psol50.org.br\/rest\/"}],"wp:attachment":[{"href":"https:\/\/psol50.org.br\/rest\/wp\/v2\/media?parent=19870"}],"wp:term":[{"taxonomy":"category","embeddable":true,"href":"https:\/\/psol50.org.br\/rest\/wp\/v2\/categories?post=19870"},{"taxonomy":"post_tag","embeddable":true,"href":"https:\/\/psol50.org.br\/rest\/wp\/v2\/tags?post=19870"}],"curies":[{"name":"wp","href":"https:\/\/api.w.org\/{rel}","templated":true}]}}