{"id":19876,"date":"2018-02-16T12:45:49","date_gmt":"2018-02-16T14:45:49","guid":{"rendered":"http:\/\/www.psol50.org.br\/?p=19876"},"modified":"2018-02-16T12:45:49","modified_gmt":"2018-02-16T14:45:49","slug":"jean-wyllys-pezao-perdeu-o-controle-do-que-jamais-foi-capaz-de-gerir","status":"publish","type":"post","link":"https:\/\/psol50.org.br\/jean-wyllys-pezao-perdeu-o-controle-do-que-jamais-foi-capaz-de-gerir\/","title":{"rendered":"Jean Wyllys | Pez\u00e3o perdeu o controle do que jamais foi capaz de gerir"},"content":{"rendered":"<p>A sexta-feira come\u00e7ou com a oficializa\u00e7\u00e3o do que eram at\u00e9 ent\u00e3o rumores: Pez\u00e3o, governador do Rio de Janeiro, implorou a Temer e Rodrigo Maia por uma interven\u00e7\u00e3o federal, por meio das for\u00e7as armadas, na seguran\u00e7a do estado. E pode ser que a medida passe a valer j\u00e1 a partir de s\u00e1bado, dando carta branca para o Comando Militar do Leste coordenar as pol\u00edcias militar e civil, al\u00e9m do Corpo de Bombeiros.<\/p>\n<p>N\u00e3o se pode dizer que os conflitos entre o crime organizado e as pol\u00edcias n\u00e3o sejam, de fato, muito graves, e que representem um risco injustific\u00e1vel \u00e0 seguran\u00e7a dos moradores sobretudo das comunidades carentes, como a Mar\u00e9. Situa\u00e7\u00e3o que precisa ser atacada urgentemente. No entanto, desde o agravamento dos conflitos, jamais Pez\u00e3o foi a p\u00fablico para dizer o que pretendia fazer para contornar uma situa\u00e7\u00e3o que nunca esteve sob controle. Na realidade, as pol\u00edticas de seguran\u00e7a geridas pelo PMDB nas \u00faltimas d\u00e9cadas s\u00e3o diretamente respons\u00e1veis pelo estado de calamidade visto hoje, ao delimitar muito bem qual parcela da popula\u00e7\u00e3o t\u00eam prote\u00e7\u00e3o e pol\u00edticas urbanas e qual parte da popula\u00e7\u00e3o vive \u00e0 margem, sob coa\u00e7\u00e3o das mil\u00edcias policiais e do crime organizado.<\/p>\n<p>Se a situa\u00e7\u00e3o de crise foi historicamente constru\u00edda, a solu\u00e7\u00e3o n\u00e3o vai se resumir a uma interven\u00e7\u00e3o do Ex\u00e9rcito, tempor\u00e1ria, com grande risco de graves viola\u00e7\u00f5es dos direitos civis da popula\u00e7\u00e3o pobre &#8211; o que n\u00e3o \u00e9 uma hip\u00f3tese e j\u00e1 acontece todos os dias durante as a\u00e7\u00f5es nas favelas. Qual \u00e9 a proposta, afinal? Qual \u00e9 o plano? Que mudan\u00e7as radicais ter\u00e3o que ocorrer daqui em diante? Pez\u00e3o n\u00e3o explicou. E nem explicar\u00e1. Esta \u00e9 a tradi\u00e7\u00e3o do partido de Temer e Pez\u00e3o \u00e0 frente do estado do Rio de Janeiro: inger\u00eancia!<\/p>\n<p>Iniciativas como a instala\u00e7\u00e3o de UPPs obedeceram n\u00e3o a l\u00f3gica de seguran\u00e7a p\u00fablica, mas o interesse econ\u00f4mico de certos grupos, de promover a gentrifica\u00e7\u00e3o de \u00e1reas de risco ou \u00e1reas adjacentes a elas, mas com localiza\u00e7\u00f5es privilegiadas. O problema de seguran\u00e7a p\u00fablica \u00e9 consequ\u00eancia direta de um projeto de cidade tocado h\u00e1 d\u00e9cadas por gente corrupta, agremiada em partidos contaminados pela presen\u00e7a de chefes e representantes dos chefes do crime organizado. O que vai mudar agora? N\u00e3o est\u00e1 \u00f3bvio que a mudan\u00e7a \u00e9 urgente e n\u00e3o depende de decreto de interven\u00e7\u00e3o?<\/p>\n<p>O an\u00fancio de um minist\u00e9rio espec\u00edfico para a seguran\u00e7a p\u00fablica e o pr\u00f3prio decreto t\u00eam um cheiro de populismo no ar, em um ano em que, mais uma vez, o PMDB disputar\u00e1 sua manuten\u00e7\u00e3o no governo estadual. Temer, com isto, arrisca sua principal bandeira dos \u00faltimos meses, que \u00e9 a reforma da Previd\u00eancia Social, sabendo que n\u00e3o tem condi\u00e7\u00f5es de aprov\u00e1-la. Durante a vig\u00eancia do decreto, a Constitui\u00e7\u00e3o impede que qualquer PEC seja votada. Um recuo estrat\u00e9gico diante das exig\u00eancias do mercado e da rejei\u00e7\u00e3o da popula\u00e7\u00e3o e uma tentativa de reverter os danos pol\u00edticos \u00e0 sua bancada.<\/p>\n<p>A solu\u00e7\u00e3o, de verdade, n\u00e3o \u00e9 o foco de Pez\u00e3o ou de Temer.<\/p>\n","protected":false},"excerpt":{"rendered":"<p>A sexta-feira come\u00e7ou com a oficializa\u00e7\u00e3o do que eram at\u00e9 ent\u00e3o rumores: Pez\u00e3o, governador do Rio de Janeiro, implorou a Temer e Rodrigo Maia por uma interven\u00e7\u00e3o federal, por meio das for\u00e7as armadas, na seguran\u00e7a do estado. E pode ser que a medida passe a valer j\u00e1 a partir de s\u00e1bado, dando carta branca para [&hellip;]<\/p>\n","protected":false},"author":2,"featured_media":19877,"comment_status":"open","ping_status":"open","sticky":false,"template":"","format":"standard","meta":{"_acf_changed":false,"footnotes":""},"categories":[3,654],"tags":[2238,2239,663,2240,1748,39,162,64,2241],"class_list":{"0":"post-19876","1":"post","2":"type-post","3":"status-publish","4":"format-standard","5":"has-post-thumbnail","7":"category-artigos-e-entrevistas","8":"category-estados","9":"tag-comando-militar","10":"tag-intervencao-federal","11":"tag-jean-wyllys","12":"tag-luiz-fernando-pezao","13":"tag-michel-temer","14":"tag-reforma-da-previdencia","15":"tag-rio-de-janeiro","16":"tag-rodrigo-maia","17":"tag-upps"},"acf":[],"yoast_head":"<!-- This site is optimized with the Yoast SEO plugin v26.5 - https:\/\/yoast.com\/wordpress\/plugins\/seo\/ -->\n<title>Jean Wyllys | Pez\u00e3o perdeu o controle do que jamais foi capaz de gerir - PSOL 50<\/title>\n<meta name=\"robots\" content=\"index, follow, max-snippet:-1, max-image-preview:large, max-video-preview:-1\" \/>\n<link rel=\"canonical\" href=\"https:\/\/psol50.org.br\/jean-wyllys-pezao-perdeu-o-controle-do-que-jamais-foi-capaz-de-gerir\/\" \/>\n<meta property=\"og:locale\" content=\"pt_BR\" \/>\n<meta property=\"og:type\" content=\"article\" \/>\n<meta property=\"og:title\" content=\"Jean Wyllys | Pez\u00e3o perdeu o controle do que jamais foi capaz de gerir - PSOL 50\" \/>\n<meta property=\"og:description\" content=\"A sexta-feira come\u00e7ou com a oficializa\u00e7\u00e3o do que eram at\u00e9 ent\u00e3o rumores: Pez\u00e3o, governador do Rio de Janeiro, implorou a Temer e Rodrigo Maia por uma interven\u00e7\u00e3o federal, por meio das for\u00e7as armadas, na seguran\u00e7a do estado. E pode ser que a medida passe a valer j\u00e1 a partir de s\u00e1bado, dando carta branca para [&hellip;]\" \/>\n<meta property=\"og:url\" content=\"https:\/\/psol50.org.br\/jean-wyllys-pezao-perdeu-o-controle-do-que-jamais-foi-capaz-de-gerir\/\" \/>\n<meta property=\"og:site_name\" content=\"PSOL 50\" \/>\n<meta property=\"article:publisher\" content=\"https:\/\/www.facebook.com\/psol50\" \/>\n<meta property=\"article:published_time\" content=\"2018-02-16T14:45:49+00:00\" \/>\n<meta property=\"og:image\" content=\"https:\/\/psol50.org.br\/inc\/uploads\/2018\/02\/Intervencao_Rocinha_VladimirPlatonow_ABr.jpg\" \/>\n\t<meta property=\"og:image:width\" content=\"1350\" \/>\n\t<meta property=\"og:image:height\" content=\"900\" \/>\n\t<meta property=\"og:image:type\" content=\"image\/jpeg\" \/>\n<meta name=\"author\" content=\"Comunica\u00e7\u00e3o PSOL\" \/>\n<meta name=\"twitter:card\" content=\"summary_large_image\" \/>\n<meta name=\"twitter:creator\" content=\"@psol50\" \/>\n<meta name=\"twitter:site\" content=\"@psol50\" \/>\n<meta name=\"twitter:label1\" content=\"Escrito por\" \/>\n\t<meta name=\"twitter:data1\" content=\"Comunica\u00e7\u00e3o PSOL\" \/>\n\t<meta name=\"twitter:label2\" content=\"Est. tempo de leitura\" \/>\n\t<meta name=\"twitter:data2\" content=\"3 minutos\" \/>\n<script type=\"application\/ld+json\" class=\"yoast-schema-graph\">{\"@context\":\"https:\/\/schema.org\",\"@graph\":[{\"@type\":\"Article\",\"@id\":\"https:\/\/psol50.org.br\/jean-wyllys-pezao-perdeu-o-controle-do-que-jamais-foi-capaz-de-gerir\/#article\",\"isPartOf\":{\"@id\":\"https:\/\/psol50.org.br\/jean-wyllys-pezao-perdeu-o-controle-do-que-jamais-foi-capaz-de-gerir\/\"},\"author\":{\"name\":\"Comunica\u00e7\u00e3o PSOL\",\"@id\":\"https:\/\/psol50.org.br\/#\/schema\/person\/475dfa57d0b815993c714c2e96491fcd\"},\"headline\":\"Jean Wyllys | Pez\u00e3o perdeu o controle do que jamais foi capaz de gerir\",\"datePublished\":\"2018-02-16T14:45:49+00:00\",\"mainEntityOfPage\":{\"@id\":\"https:\/\/psol50.org.br\/jean-wyllys-pezao-perdeu-o-controle-do-que-jamais-foi-capaz-de-gerir\/\"},\"wordCount\":578,\"commentCount\":0,\"publisher\":{\"@id\":\"https:\/\/psol50.org.br\/#organization\"},\"image\":{\"@id\":\"https:\/\/psol50.org.br\/jean-wyllys-pezao-perdeu-o-controle-do-que-jamais-foi-capaz-de-gerir\/#primaryimage\"},\"thumbnailUrl\":\"https:\/\/psol50.org.br\/inc\/uploads\/2018\/02\/Intervencao_Rocinha_VladimirPlatonow_ABr.jpg\",\"keywords\":[\"comando militar\",\"interven\u00e7\u00e3o federal\",\"Jean Wyllys\",\"Luiz Fernando Pez\u00e3o\",\"Michel Temer\",\"reforma da previd\u00eancia\",\"Rio de Janeiro\",\"Rodrigo Maia\",\"UPPs\"],\"articleSection\":[\"Artigos\",\"Estados\"],\"inLanguage\":\"pt-BR\",\"potentialAction\":[{\"@type\":\"CommentAction\",\"name\":\"Comment\",\"target\":[\"https:\/\/psol50.org.br\/jean-wyllys-pezao-perdeu-o-controle-do-que-jamais-foi-capaz-de-gerir\/#respond\"]}]},{\"@type\":\"WebPage\",\"@id\":\"https:\/\/psol50.org.br\/jean-wyllys-pezao-perdeu-o-controle-do-que-jamais-foi-capaz-de-gerir\/\",\"url\":\"https:\/\/psol50.org.br\/jean-wyllys-pezao-perdeu-o-controle-do-que-jamais-foi-capaz-de-gerir\/\",\"name\":\"Jean Wyllys | Pez\u00e3o perdeu o controle do que jamais foi capaz de gerir - PSOL 50\",\"isPartOf\":{\"@id\":\"https:\/\/psol50.org.br\/#website\"},\"primaryImageOfPage\":{\"@id\":\"https:\/\/psol50.org.br\/jean-wyllys-pezao-perdeu-o-controle-do-que-jamais-foi-capaz-de-gerir\/#primaryimage\"},\"image\":{\"@id\":\"https:\/\/psol50.org.br\/jean-wyllys-pezao-perdeu-o-controle-do-que-jamais-foi-capaz-de-gerir\/#primaryimage\"},\"thumbnailUrl\":\"https:\/\/psol50.org.br\/inc\/uploads\/2018\/02\/Intervencao_Rocinha_VladimirPlatonow_ABr.jpg\",\"datePublished\":\"2018-02-16T14:45:49+00:00\",\"breadcrumb\":{\"@id\":\"https:\/\/psol50.org.br\/jean-wyllys-pezao-perdeu-o-controle-do-que-jamais-foi-capaz-de-gerir\/#breadcrumb\"},\"inLanguage\":\"pt-BR\",\"potentialAction\":[{\"@type\":\"ReadAction\",\"target\":[\"https:\/\/psol50.org.br\/jean-wyllys-pezao-perdeu-o-controle-do-que-jamais-foi-capaz-de-gerir\/\"]}]},{\"@type\":\"ImageObject\",\"inLanguage\":\"pt-BR\",\"@id\":\"https:\/\/psol50.org.br\/jean-wyllys-pezao-perdeu-o-controle-do-que-jamais-foi-capaz-de-gerir\/#primaryimage\",\"url\":\"https:\/\/psol50.org.br\/inc\/uploads\/2018\/02\/Intervencao_Rocinha_VladimirPlatonow_ABr.jpg\",\"contentUrl\":\"https:\/\/psol50.org.br\/inc\/uploads\/2018\/02\/Intervencao_Rocinha_VladimirPlatonow_ABr.jpg\",\"width\":1350,\"height\":900,\"caption\":\"23\/09\/2017- Rio de Janeiro- Opera\u00e7\u00f5es das For\u00e7as Armadas prosseguiram durante o s\u00e1bado, segundo dia de ocupa\u00e7\u00e3o da Rocinha, no Rio de Janeiro Foto: Vladimir Platonow\/Agencia Barsil\"},{\"@type\":\"BreadcrumbList\",\"@id\":\"https:\/\/psol50.org.br\/jean-wyllys-pezao-perdeu-o-controle-do-que-jamais-foi-capaz-de-gerir\/#breadcrumb\",\"itemListElement\":[{\"@type\":\"ListItem\",\"position\":1,\"name\":\"In\u00edcio\",\"item\":\"https:\/\/psol50.org.br\/\"},{\"@type\":\"ListItem\",\"position\":2,\"name\":\"Jean Wyllys | Pez\u00e3o perdeu o controle do que jamais foi capaz de gerir\"}]},{\"@type\":\"WebSite\",\"@id\":\"https:\/\/psol50.org.br\/#website\",\"url\":\"https:\/\/psol50.org.br\/\",\"name\":\"PSOL 50\",\"description\":\"Site oficial do Partido Socialismo e Liberdade\",\"publisher\":{\"@id\":\"https:\/\/psol50.org.br\/#organization\"},\"alternateName\":\"PSOL50\",\"potentialAction\":[{\"@type\":\"SearchAction\",\"target\":{\"@type\":\"EntryPoint\",\"urlTemplate\":\"https:\/\/psol50.org.br\/?s={search_term_string}\"},\"query-input\":{\"@type\":\"PropertyValueSpecification\",\"valueRequired\":true,\"valueName\":\"search_term_string\"}}],\"inLanguage\":\"pt-BR\"},{\"@type\":\"Organization\",\"@id\":\"https:\/\/psol50.org.br\/#organization\",\"name\":\"PSOL 50\",\"alternateName\":\"PSOL 50\",\"url\":\"https:\/\/psol50.org.br\/\",\"logo\":{\"@type\":\"ImageObject\",\"inLanguage\":\"pt-BR\",\"@id\":\"https:\/\/psol50.org.br\/#\/schema\/logo\/image\/\",\"url\":\"https:\/\/psol50.org.br\/inc\/uploads\/2018\/07\/capa.png\",\"contentUrl\":\"https:\/\/psol50.org.br\/inc\/uploads\/2018\/07\/capa.png\",\"width\":1350,\"height\":900,\"caption\":\"PSOL 50\"},\"image\":{\"@id\":\"https:\/\/psol50.org.br\/#\/schema\/logo\/image\/\"},\"sameAs\":[\"https:\/\/www.facebook.com\/psol50\",\"https:\/\/x.com\/psol50\",\"https:\/\/www.instagram.com\/psol50\/\",\"https:\/\/www.youtube.com\/channel\/UC7SnJS5o1os7a6CaiNabzcg\"]},{\"@type\":\"Person\",\"@id\":\"https:\/\/psol50.org.br\/#\/schema\/person\/475dfa57d0b815993c714c2e96491fcd\",\"name\":\"Comunica\u00e7\u00e3o PSOL\",\"image\":{\"@type\":\"ImageObject\",\"inLanguage\":\"pt-BR\",\"@id\":\"https:\/\/psol50.org.br\/#\/schema\/person\/image\/\",\"url\":\"https:\/\/secure.gravatar.com\/avatar\/b34fc4f4e468a4e51785917065a3db57b841f5c95dba6ad8c73aaf8f66f8f9bf?s=96&d=mm&r=g\",\"contentUrl\":\"https:\/\/secure.gravatar.com\/avatar\/b34fc4f4e468a4e51785917065a3db57b841f5c95dba6ad8c73aaf8f66f8f9bf?s=96&d=mm&r=g\",\"caption\":\"Comunica\u00e7\u00e3o PSOL\"}}]}<\/script>\n<!-- \/ Yoast SEO plugin. -->","yoast_head_json":{"title":"Jean Wyllys | Pez\u00e3o perdeu o controle do que jamais foi capaz de gerir - PSOL 50","robots":{"index":"index","follow":"follow","max-snippet":"max-snippet:-1","max-image-preview":"max-image-preview:large","max-video-preview":"max-video-preview:-1"},"canonical":"https:\/\/psol50.org.br\/jean-wyllys-pezao-perdeu-o-controle-do-que-jamais-foi-capaz-de-gerir\/","og_locale":"pt_BR","og_type":"article","og_title":"Jean Wyllys | Pez\u00e3o perdeu o controle do que jamais foi capaz de gerir - PSOL 50","og_description":"A sexta-feira come\u00e7ou com a oficializa\u00e7\u00e3o do que eram at\u00e9 ent\u00e3o rumores: Pez\u00e3o, governador do Rio de Janeiro, implorou a Temer e Rodrigo Maia por uma interven\u00e7\u00e3o federal, por meio das for\u00e7as armadas, na seguran\u00e7a do estado. E pode ser que a medida passe a valer j\u00e1 a partir de s\u00e1bado, dando carta branca para [&hellip;]","og_url":"https:\/\/psol50.org.br\/jean-wyllys-pezao-perdeu-o-controle-do-que-jamais-foi-capaz-de-gerir\/","og_site_name":"PSOL 50","article_publisher":"https:\/\/www.facebook.com\/psol50","article_published_time":"2018-02-16T14:45:49+00:00","og_image":[{"width":1350,"height":900,"url":"https:\/\/psol50.org.br\/inc\/uploads\/2018\/02\/Intervencao_Rocinha_VladimirPlatonow_ABr.jpg","type":"image\/jpeg"}],"author":"Comunica\u00e7\u00e3o PSOL","twitter_card":"summary_large_image","twitter_creator":"@psol50","twitter_site":"@psol50","twitter_misc":{"Escrito por":"Comunica\u00e7\u00e3o PSOL","Est. tempo de leitura":"3 minutos"},"schema":{"@context":"https:\/\/schema.org","@graph":[{"@type":"Article","@id":"https:\/\/psol50.org.br\/jean-wyllys-pezao-perdeu-o-controle-do-que-jamais-foi-capaz-de-gerir\/#article","isPartOf":{"@id":"https:\/\/psol50.org.br\/jean-wyllys-pezao-perdeu-o-controle-do-que-jamais-foi-capaz-de-gerir\/"},"author":{"name":"Comunica\u00e7\u00e3o PSOL","@id":"https:\/\/psol50.org.br\/#\/schema\/person\/475dfa57d0b815993c714c2e96491fcd"},"headline":"Jean Wyllys | Pez\u00e3o perdeu o controle do que jamais foi capaz de gerir","datePublished":"2018-02-16T14:45:49+00:00","mainEntityOfPage":{"@id":"https:\/\/psol50.org.br\/jean-wyllys-pezao-perdeu-o-controle-do-que-jamais-foi-capaz-de-gerir\/"},"wordCount":578,"commentCount":0,"publisher":{"@id":"https:\/\/psol50.org.br\/#organization"},"image":{"@id":"https:\/\/psol50.org.br\/jean-wyllys-pezao-perdeu-o-controle-do-que-jamais-foi-capaz-de-gerir\/#primaryimage"},"thumbnailUrl":"https:\/\/psol50.org.br\/inc\/uploads\/2018\/02\/Intervencao_Rocinha_VladimirPlatonow_ABr.jpg","keywords":["comando militar","interven\u00e7\u00e3o federal","Jean Wyllys","Luiz Fernando Pez\u00e3o","Michel Temer","reforma da previd\u00eancia","Rio de Janeiro","Rodrigo Maia","UPPs"],"articleSection":["Artigos","Estados"],"inLanguage":"pt-BR","potentialAction":[{"@type":"CommentAction","name":"Comment","target":["https:\/\/psol50.org.br\/jean-wyllys-pezao-perdeu-o-controle-do-que-jamais-foi-capaz-de-gerir\/#respond"]}]},{"@type":"WebPage","@id":"https:\/\/psol50.org.br\/jean-wyllys-pezao-perdeu-o-controle-do-que-jamais-foi-capaz-de-gerir\/","url":"https:\/\/psol50.org.br\/jean-wyllys-pezao-perdeu-o-controle-do-que-jamais-foi-capaz-de-gerir\/","name":"Jean Wyllys | Pez\u00e3o perdeu o controle do que jamais foi capaz de gerir - PSOL 50","isPartOf":{"@id":"https:\/\/psol50.org.br\/#website"},"primaryImageOfPage":{"@id":"https:\/\/psol50.org.br\/jean-wyllys-pezao-perdeu-o-controle-do-que-jamais-foi-capaz-de-gerir\/#primaryimage"},"image":{"@id":"https:\/\/psol50.org.br\/jean-wyllys-pezao-perdeu-o-controle-do-que-jamais-foi-capaz-de-gerir\/#primaryimage"},"thumbnailUrl":"https:\/\/psol50.org.br\/inc\/uploads\/2018\/02\/Intervencao_Rocinha_VladimirPlatonow_ABr.jpg","datePublished":"2018-02-16T14:45:49+00:00","breadcrumb":{"@id":"https:\/\/psol50.org.br\/jean-wyllys-pezao-perdeu-o-controle-do-que-jamais-foi-capaz-de-gerir\/#breadcrumb"},"inLanguage":"pt-BR","potentialAction":[{"@type":"ReadAction","target":["https:\/\/psol50.org.br\/jean-wyllys-pezao-perdeu-o-controle-do-que-jamais-foi-capaz-de-gerir\/"]}]},{"@type":"ImageObject","inLanguage":"pt-BR","@id":"https:\/\/psol50.org.br\/jean-wyllys-pezao-perdeu-o-controle-do-que-jamais-foi-capaz-de-gerir\/#primaryimage","url":"https:\/\/psol50.org.br\/inc\/uploads\/2018\/02\/Intervencao_Rocinha_VladimirPlatonow_ABr.jpg","contentUrl":"https:\/\/psol50.org.br\/inc\/uploads\/2018\/02\/Intervencao_Rocinha_VladimirPlatonow_ABr.jpg","width":1350,"height":900,"caption":"23\/09\/2017- Rio de Janeiro- Opera\u00e7\u00f5es das For\u00e7as Armadas prosseguiram durante o s\u00e1bado, segundo dia de ocupa\u00e7\u00e3o da Rocinha, no Rio de Janeiro Foto: Vladimir Platonow\/Agencia Barsil"},{"@type":"BreadcrumbList","@id":"https:\/\/psol50.org.br\/jean-wyllys-pezao-perdeu-o-controle-do-que-jamais-foi-capaz-de-gerir\/#breadcrumb","itemListElement":[{"@type":"ListItem","position":1,"name":"In\u00edcio","item":"https:\/\/psol50.org.br\/"},{"@type":"ListItem","position":2,"name":"Jean Wyllys | Pez\u00e3o perdeu o controle do que jamais foi capaz de gerir"}]},{"@type":"WebSite","@id":"https:\/\/psol50.org.br\/#website","url":"https:\/\/psol50.org.br\/","name":"PSOL 50","description":"Site oficial do Partido Socialismo e Liberdade","publisher":{"@id":"https:\/\/psol50.org.br\/#organization"},"alternateName":"PSOL50","potentialAction":[{"@type":"SearchAction","target":{"@type":"EntryPoint","urlTemplate":"https:\/\/psol50.org.br\/?s={search_term_string}"},"query-input":{"@type":"PropertyValueSpecification","valueRequired":true,"valueName":"search_term_string"}}],"inLanguage":"pt-BR"},{"@type":"Organization","@id":"https:\/\/psol50.org.br\/#organization","name":"PSOL 50","alternateName":"PSOL 50","url":"https:\/\/psol50.org.br\/","logo":{"@type":"ImageObject","inLanguage":"pt-BR","@id":"https:\/\/psol50.org.br\/#\/schema\/logo\/image\/","url":"https:\/\/psol50.org.br\/inc\/uploads\/2018\/07\/capa.png","contentUrl":"https:\/\/psol50.org.br\/inc\/uploads\/2018\/07\/capa.png","width":1350,"height":900,"caption":"PSOL 50"},"image":{"@id":"https:\/\/psol50.org.br\/#\/schema\/logo\/image\/"},"sameAs":["https:\/\/www.facebook.com\/psol50","https:\/\/x.com\/psol50","https:\/\/www.instagram.com\/psol50\/","https:\/\/www.youtube.com\/channel\/UC7SnJS5o1os7a6CaiNabzcg"]},{"@type":"Person","@id":"https:\/\/psol50.org.br\/#\/schema\/person\/475dfa57d0b815993c714c2e96491fcd","name":"Comunica\u00e7\u00e3o PSOL","image":{"@type":"ImageObject","inLanguage":"pt-BR","@id":"https:\/\/psol50.org.br\/#\/schema\/person\/image\/","url":"https:\/\/secure.gravatar.com\/avatar\/b34fc4f4e468a4e51785917065a3db57b841f5c95dba6ad8c73aaf8f66f8f9bf?s=96&d=mm&r=g","contentUrl":"https:\/\/secure.gravatar.com\/avatar\/b34fc4f4e468a4e51785917065a3db57b841f5c95dba6ad8c73aaf8f66f8f9bf?s=96&d=mm&r=g","caption":"Comunica\u00e7\u00e3o PSOL"}}]}},"_links":{"self":[{"href":"https:\/\/psol50.org.br\/rest\/wp\/v2\/posts\/19876","targetHints":{"allow":["GET"]}}],"collection":[{"href":"https:\/\/psol50.org.br\/rest\/wp\/v2\/posts"}],"about":[{"href":"https:\/\/psol50.org.br\/rest\/wp\/v2\/types\/post"}],"author":[{"embeddable":true,"href":"https:\/\/psol50.org.br\/rest\/wp\/v2\/users\/2"}],"replies":[{"embeddable":true,"href":"https:\/\/psol50.org.br\/rest\/wp\/v2\/comments?post=19876"}],"version-history":[{"count":0,"href":"https:\/\/psol50.org.br\/rest\/wp\/v2\/posts\/19876\/revisions"}],"wp:featuredmedia":[{"embeddable":true,"href":"https:\/\/psol50.org.br\/rest\/wp\/v2\/media\/19877"}],"wp:attachment":[{"href":"https:\/\/psol50.org.br\/rest\/wp\/v2\/media?parent=19876"}],"wp:term":[{"taxonomy":"category","embeddable":true,"href":"https:\/\/psol50.org.br\/rest\/wp\/v2\/categories?post=19876"},{"taxonomy":"post_tag","embeddable":true,"href":"https:\/\/psol50.org.br\/rest\/wp\/v2\/tags?post=19876"}],"curies":[{"name":"wp","href":"https:\/\/api.w.org\/{rel}","templated":true}]}}