{"id":19879,"date":"2018-02-16T13:42:22","date_gmt":"2018-02-16T15:42:22","guid":{"rendered":"http:\/\/www.psol50.org.br\/?p=19879"},"modified":"2018-02-16T13:42:22","modified_gmt":"2018-02-16T15:42:22","slug":"intervencao-no-rio-e-acao-desesperada-de-temer-confira-a-repercussao-no-psol","status":"publish","type":"post","link":"https:\/\/psol50.org.br\/intervencao-no-rio-e-acao-desesperada-de-temer-confira-a-repercussao-no-psol\/","title":{"rendered":"Interven\u00e7\u00e3o no Rio \u00e9 a\u00e7\u00e3o desesperada de Temer; confira a repercuss\u00e3o no PSOL"},"content":{"rendered":"<p>A decis\u00e3o do presidente ileg\u00edtimo Michel Temer de decretar interven\u00e7\u00e3o federal no Rio de Janeiro, anunciada nesta quinta-feira (15), demonstra o desespero do PMDB, tamb\u00e9m \u00e0 frente do governo estadual, diante das dificuldades na seguran\u00e7a p\u00fablica do pa\u00eds, em especial no Rio de Janeiro. Com a medida, o\u00a0Ex\u00e9rcito ir\u00e1 assumir a seguran\u00e7a p\u00fablica do Estado, com responsabilidade sobre as pol\u00edcias, bombeiros e a \u00e1rea de intelig\u00eancia, inclusive com poder de pris\u00e3o de seus membros. O interventor ser\u00e1 o general Walter Braga Neto, que, na pr\u00e1tica, vai substituir o governador do Rio, Luiz Fernando Pez\u00e3o, nas medidas da \u00e1rea da seguran\u00e7a p\u00fablica.<\/p>\n<p>Dirigentes do PSOL questionaram a a\u00e7\u00e3o desesperada do governo federal, que praticamente tirou de cena o governador fluminense. O deputado federal pelo Rio Glauber Braga avalia que a medida absurda de Temer comprova que o atual governador n\u00e3o tem mais condi\u00e7\u00f5es de gerir o estado. &#8220;Pez\u00e3o n\u00e3o perdeu a capacidade de &#8216;gerir&#8217; s\u00f3 a seguran\u00e7a. A pen\u00faria vivida pelos moradores do Rio \u00e9 em todas as \u00e1reas. Ele perdeu a capacidade de ser governador. Em uma situa\u00e7\u00e3o como a atual a solu\u00e7\u00e3o \u00e9 a sa\u00edda coletiva de Pez\u00e3o e seus sucessores-aliados. Que os rumos do Rio sejam restabelecidos atrav\u00e9s da vontade da maioria da popula\u00e7\u00e3o. A solu\u00e7\u00e3o \u00e9 o voto popular. Mais democracia \u00e9 sempre a melhor alternativa&#8221;, defendeu.<\/p>\n<p>https:\/\/www.facebook.com\/glauber.braga1\/videos\/959385764218445\/<\/p>\n<p>A vereadora Marielle Franco destacou a viol\u00eancia com que as for\u00e7as de seguran\u00e7a, principalmente o Ex\u00e9rcito, t\u00eam tratado a popula\u00e7\u00e3o das favelas cariocas. E demonstrou grande preocupa\u00e7\u00e3o com o futuro da cidade. &#8220;Hoje a popula\u00e7\u00e3o do Rio de Janeiro acorda com a not\u00edcia de que Pez\u00e3o n\u00e3o responde mais pela seguran\u00e7a p\u00fablica e sim o Governo Federal e o Ex\u00e9rcito. Quem \u00e9 favelado conhece a viol\u00eancia do Ex\u00e9rcito e dos militares desde sempre, mas o que pode acontecer nos pr\u00f3ximos dias ningu\u00e9m sabe&#8221;.<\/p>\n<blockquote class=\"twitter-tweet\" data-width=\"550\" data-dnt=\"true\">\n<p lang=\"pt\" dir=\"ltr\">Hoje a popula\u00e7\u00e3o do RJ acorda com a not\u00edcia de que o Pez\u00e3o n\u00e3o responde mais pela Seguran\u00e7a Publica e sim o Governo Federal e o Ex\u00e9rcito. <\/p>\n<p>Quem \u00e9 favelado conhece a viol\u00eancia do ex\u00e9rcito e dos militares desde sempre, mas o que pode acontecer nos pr\u00f3ximos dias ngm sabe.<\/p>\n<p>&mdash; Marielle Franco (@mariellefranco) <a href=\"https:\/\/twitter.com\/mariellefranco\/status\/964436498434183168?ref_src=twsrc%5Etfw\">February 16, 2018<\/a><\/p><\/blockquote>\n<p><script async src=\"https:\/\/platform.twitter.com\/widgets.js\" charset=\"utf-8\"><\/script><\/p>\n<p>Ela considerou, ainda, que a medida \u00e9 resultado da pol\u00edtica dos sucessivos governos do Estado em rela\u00e7\u00e3o aos moradores da periferia.\u00a0&#8220;Primeiro eles geram uma desigualdade violenta e criam uma guerra pra exterminar a popula\u00e7\u00e3o pobre e preta, depois usam o discurso do medo para gerar ainda mais viol\u00eancia&#8221;.<\/p>\n<blockquote class=\"twitter-tweet\" data-width=\"550\" data-dnt=\"true\">\n<p lang=\"pt\" dir=\"ltr\">Primeiro eles geram uma desigualdade violenta e criam uma guerra pra exterminar a popula\u00e7\u00e3o pobre e preta, depois usam o discurso do medo para gerar ainda mais viol\u00eancia. <\/p>\n<p>At\u00e9 quando seremos ref\u00e9ns dessa pol\u00edtica de exterm\u00ednio?<\/p>\n<p>REPASSEM <a href=\"https:\/\/t.co\/lwx23zuy7X\">pic.twitter.com\/lwx23zuy7X<\/a><\/p>\n<p>&mdash; Marielle Franco (@mariellefranco) <a href=\"https:\/\/twitter.com\/mariellefranco\/status\/964455213074649088?ref_src=twsrc%5Etfw\">February 16, 2018<\/a><\/p><\/blockquote>\n<p><script async src=\"https:\/\/platform.twitter.com\/widgets.js\" charset=\"utf-8\"><\/script><\/p>\n<p>O l\u00edder do PSOL na C\u00e2mara, Ivan Valente (SP), tamb\u00e9m criticou as reais inten\u00e7\u00f5es de Michel Temer ao decretar a interven\u00e7\u00e3o, que, segundo ele, \u00e9 uma tentativa de desviar o foco para a derrota que pode sofrer em rela\u00e7\u00e3o \u00e0 reforma da Previd\u00eancia.<\/p>\n<blockquote class=\"twitter-tweet\" data-width=\"550\" data-dnt=\"true\">\n<p lang=\"pt\" dir=\"ltr\">Interven\u00e7\u00e3o no Rio \u00e9 a\u00e7\u00e3o desesperada do golpista Temer para tentar mudar de pauta na m\u00e3o grande, quer esconder a enorme derrota por n\u00e3o ter votos para aprovar a Reforma da Previd\u00eancia. N\u00e3o tem plano de seguran\u00e7a, n\u00e3o visa resolver o problema, mas us\u00e1-lo como jogo de marketing,<\/p>\n<p>&mdash; Ivan Valente (@IvanValente) <a href=\"https:\/\/twitter.com\/IvanValente\/status\/964444003348381697?ref_src=twsrc%5Etfw\">February 16, 2018<\/a><\/p><\/blockquote>\n<p><script async src=\"https:\/\/platform.twitter.com\/widgets.js\" charset=\"utf-8\"><\/script><\/p>\n<p>Valente destaca, ainda, que o Pal\u00e1cio do Planalto tenta, com a medida, tirar seu governo da lama. &#8220;Temer usa um problema grav\u00edssimo, que \u00e9 a seguran\u00e7a no Rio de Janeiro, para tentar tirar seu governo da lama. N\u00e3o tem votos para Previd\u00eancia, procurou uma sa\u00edda para camuflar seu fracasso&#8221;.<\/p>\n<p>Para o presidente nacional do partido, Juliano Medeiros, a interven\u00e7\u00e3o federal no Rio tem dois objetivos. &#8220;O primeiro \u00e9 refor\u00e7ar o car\u00e1ter repressivo e violento do Estado, destacando para a periferia do Rio de Janeiro militares para exercer uma fun\u00e7\u00e3o para a qual n\u00e3o t\u00eam treinamento. Al\u00e9m de arriscar a vida desses soldados e da popula\u00e7\u00e3o que seria supostamente &#8216;protegida&#8217;, Temer e Pez\u00e3o refor\u00e7am a mentira de que quanto maior o contingente das for\u00e7as de seguran\u00e7a, menor a viol\u00eancia. O outro objetivo \u00e9 conquistar uma sa\u00edda para a virtual derrota na reforma da previd\u00eancia. Durante a interven\u00e7\u00e3o militar n\u00e3o \u00e9 poss\u00edvel votar emenda \u00e0 Constitui\u00e7\u00e3o e\u00a0 Temer ter\u00e1 agora a desculpa perfeita para arquivar seu projeto de destrui\u00e7\u00e3o das aposentadorias, j\u00e1 que ele acabaria sendo derrotado na C\u00e2mara dos Deputados gra\u00e7as \u00e0 press\u00e3o popular&#8221;.<\/p>\n<p>O deputado Jean Wyllys (RJ) destaca, <a href=\"http:\/\/www.psol50.org.br\/jean-wyllys-pezao-perdeu-o-controle-do-que-jamais-foi-capaz-de-gerir\/\" target=\"_blank\" rel=\"noopener\"><span style=\"color: #0000ff;\"><strong>em artigo<\/strong><\/span><\/a>, a responsabilidade dos governos do PMDB na situa\u00e7\u00e3o da seguran\u00e7a do Rio. &#8220;As pol\u00edticas de seguran\u00e7a geridas pelo PMDB nas \u00faltimas d\u00e9cadas s\u00e3o diretamente respons\u00e1veis pelo estado de calamidade visto hoje, ao delimitar muito bem qual parcela da popula\u00e7\u00e3o t\u00eam prote\u00e7\u00e3o e pol\u00edticas urbanas e qual parte da popula\u00e7\u00e3o vive \u00e0 margem, sob coa\u00e7\u00e3o das mil\u00edcias policiais e do crime organizado&#8221;.<\/p>\n","protected":false},"excerpt":{"rendered":"<p>A decis\u00e3o do presidente ileg\u00edtimo Michel Temer de decretar interven\u00e7\u00e3o federal no Rio de Janeiro, anunciada nesta quinta-feira (15), demonstra o desespero do PMDB, tamb\u00e9m \u00e0 frente do governo estadual, diante das dificuldades na seguran\u00e7a p\u00fablica do pa\u00eds, em especial no Rio de Janeiro. Com a medida, o\u00a0Ex\u00e9rcito ir\u00e1 assumir a seguran\u00e7a p\u00fablica do Estado, [&hellip;]<\/p>\n","protected":false},"author":2,"featured_media":19880,"comment_status":"open","ping_status":"open","sticky":false,"template":"","format":"standard","meta":{"_acf_changed":false,"footnotes":""},"categories":[654,6],"tags":[766,1191,2239,552,663,259,2240,194,1748,22,39,162],"class_list":{"0":"post-19879","1":"post","2":"type-post","3":"status-publish","4":"format-standard","5":"has-post-thumbnail","7":"category-estados","8":"category-noticias","9":"tag-exercito","10":"tag-glauber-braga","11":"tag-intervencao-federal","12":"tag-ivan-valente","13":"tag-jean-wyllys","14":"tag-juliano-medeiros","15":"tag-luiz-fernando-pezao","16":"tag-marielle-franco","17":"tag-michel-temer","18":"tag-psol","19":"tag-reforma-da-previdencia","20":"tag-rio-de-janeiro"},"acf":[],"yoast_head":"<!-- This site is optimized with the Yoast SEO plugin v26.5 - https:\/\/yoast.com\/wordpress\/plugins\/seo\/ -->\n<title>Interven\u00e7\u00e3o no Rio \u00e9 a\u00e7\u00e3o desesperada de Temer; confira a repercuss\u00e3o no PSOL - PSOL 50<\/title>\n<meta name=\"robots\" content=\"index, follow, max-snippet:-1, max-image-preview:large, max-video-preview:-1\" \/>\n<link rel=\"canonical\" href=\"https:\/\/psol50.org.br\/intervencao-no-rio-e-acao-desesperada-de-temer-confira-a-repercussao-no-psol\/\" \/>\n<meta property=\"og:locale\" content=\"pt_BR\" \/>\n<meta property=\"og:type\" content=\"article\" \/>\n<meta property=\"og:title\" content=\"Interven\u00e7\u00e3o no Rio \u00e9 a\u00e7\u00e3o desesperada de Temer; confira a repercuss\u00e3o no PSOL - PSOL 50\" \/>\n<meta property=\"og:description\" content=\"A decis\u00e3o do presidente ileg\u00edtimo Michel Temer de decretar interven\u00e7\u00e3o federal no Rio de Janeiro, anunciada nesta quinta-feira (15), demonstra o desespero do PMDB, tamb\u00e9m \u00e0 frente do governo estadual, diante das dificuldades na seguran\u00e7a p\u00fablica do pa\u00eds, em especial no Rio de Janeiro. Com a medida, o\u00a0Ex\u00e9rcito ir\u00e1 assumir a seguran\u00e7a p\u00fablica do Estado, [&hellip;]\" \/>\n<meta property=\"og:url\" content=\"https:\/\/psol50.org.br\/intervencao-no-rio-e-acao-desesperada-de-temer-confira-a-repercussao-no-psol\/\" \/>\n<meta property=\"og:site_name\" content=\"PSOL 50\" \/>\n<meta property=\"article:publisher\" content=\"https:\/\/www.facebook.com\/psol50\" \/>\n<meta property=\"article:published_time\" content=\"2018-02-16T15:42:22+00:00\" \/>\n<meta property=\"og:image\" content=\"https:\/\/psol50.org.br\/inc\/uploads\/2018\/02\/RIO-SEGURANCA-05.jpg\" \/>\n\t<meta property=\"og:image:width\" content=\"1800\" \/>\n\t<meta property=\"og:image:height\" content=\"1200\" \/>\n\t<meta property=\"og:image:type\" content=\"image\/jpeg\" \/>\n<meta name=\"author\" content=\"Comunica\u00e7\u00e3o PSOL\" \/>\n<meta name=\"twitter:card\" content=\"summary_large_image\" \/>\n<meta name=\"twitter:creator\" content=\"@psol50\" \/>\n<meta name=\"twitter:site\" content=\"@psol50\" \/>\n<meta name=\"twitter:label1\" content=\"Escrito por\" \/>\n\t<meta name=\"twitter:data1\" content=\"Comunica\u00e7\u00e3o PSOL\" \/>\n\t<meta name=\"twitter:label2\" content=\"Est. tempo de leitura\" \/>\n\t<meta name=\"twitter:data2\" content=\"4 minutos\" \/>\n<script type=\"application\/ld+json\" class=\"yoast-schema-graph\">{\"@context\":\"https:\/\/schema.org\",\"@graph\":[{\"@type\":\"Article\",\"@id\":\"https:\/\/psol50.org.br\/intervencao-no-rio-e-acao-desesperada-de-temer-confira-a-repercussao-no-psol\/#article\",\"isPartOf\":{\"@id\":\"https:\/\/psol50.org.br\/intervencao-no-rio-e-acao-desesperada-de-temer-confira-a-repercussao-no-psol\/\"},\"author\":{\"name\":\"Comunica\u00e7\u00e3o PSOL\",\"@id\":\"https:\/\/psol50.org.br\/#\/schema\/person\/475dfa57d0b815993c714c2e96491fcd\"},\"headline\":\"Interven\u00e7\u00e3o no Rio \u00e9 a\u00e7\u00e3o desesperada de Temer; confira a repercuss\u00e3o no PSOL\",\"datePublished\":\"2018-02-16T15:42:22+00:00\",\"mainEntityOfPage\":{\"@id\":\"https:\/\/psol50.org.br\/intervencao-no-rio-e-acao-desesperada-de-temer-confira-a-repercussao-no-psol\/\"},\"wordCount\":777,\"commentCount\":0,\"publisher\":{\"@id\":\"https:\/\/psol50.org.br\/#organization\"},\"image\":{\"@id\":\"https:\/\/psol50.org.br\/intervencao-no-rio-e-acao-desesperada-de-temer-confira-a-repercussao-no-psol\/#primaryimage\"},\"thumbnailUrl\":\"https:\/\/psol50.org.br\/inc\/uploads\/2018\/02\/RIO-SEGURANCA-05.jpg\",\"keywords\":[\"Ex\u00e9rcito\",\"Glauber Braga\",\"interven\u00e7\u00e3o federal\",\"Ivan Valente\",\"Jean Wyllys\",\"Juliano Medeiros\",\"Luiz Fernando Pez\u00e3o\",\"Marielle Franco\",\"Michel Temer\",\"PSOL\",\"reforma da previd\u00eancia\",\"Rio de Janeiro\"],\"articleSection\":[\"Estados\",\"Not\u00edcias\"],\"inLanguage\":\"pt-BR\",\"potentialAction\":[{\"@type\":\"CommentAction\",\"name\":\"Comment\",\"target\":[\"https:\/\/psol50.org.br\/intervencao-no-rio-e-acao-desesperada-de-temer-confira-a-repercussao-no-psol\/#respond\"]}]},{\"@type\":\"WebPage\",\"@id\":\"https:\/\/psol50.org.br\/intervencao-no-rio-e-acao-desesperada-de-temer-confira-a-repercussao-no-psol\/\",\"url\":\"https:\/\/psol50.org.br\/intervencao-no-rio-e-acao-desesperada-de-temer-confira-a-repercussao-no-psol\/\",\"name\":\"Interven\u00e7\u00e3o no Rio \u00e9 a\u00e7\u00e3o desesperada de Temer; confira a repercuss\u00e3o no PSOL - PSOL 50\",\"isPartOf\":{\"@id\":\"https:\/\/psol50.org.br\/#website\"},\"primaryImageOfPage\":{\"@id\":\"https:\/\/psol50.org.br\/intervencao-no-rio-e-acao-desesperada-de-temer-confira-a-repercussao-no-psol\/#primaryimage\"},\"image\":{\"@id\":\"https:\/\/psol50.org.br\/intervencao-no-rio-e-acao-desesperada-de-temer-confira-a-repercussao-no-psol\/#primaryimage\"},\"thumbnailUrl\":\"https:\/\/psol50.org.br\/inc\/uploads\/2018\/02\/RIO-SEGURANCA-05.jpg\",\"datePublished\":\"2018-02-16T15:42:22+00:00\",\"breadcrumb\":{\"@id\":\"https:\/\/psol50.org.br\/intervencao-no-rio-e-acao-desesperada-de-temer-confira-a-repercussao-no-psol\/#breadcrumb\"},\"inLanguage\":\"pt-BR\",\"potentialAction\":[{\"@type\":\"ReadAction\",\"target\":[\"https:\/\/psol50.org.br\/intervencao-no-rio-e-acao-desesperada-de-temer-confira-a-repercussao-no-psol\/\"]}]},{\"@type\":\"ImageObject\",\"inLanguage\":\"pt-BR\",\"@id\":\"https:\/\/psol50.org.br\/intervencao-no-rio-e-acao-desesperada-de-temer-confira-a-repercussao-no-psol\/#primaryimage\",\"url\":\"https:\/\/psol50.org.br\/inc\/uploads\/2018\/02\/RIO-SEGURANCA-05.jpg\",\"contentUrl\":\"https:\/\/psol50.org.br\/inc\/uploads\/2018\/02\/RIO-SEGURANCA-05.jpg\",\"width\":1800,\"height\":1200},{\"@type\":\"BreadcrumbList\",\"@id\":\"https:\/\/psol50.org.br\/intervencao-no-rio-e-acao-desesperada-de-temer-confira-a-repercussao-no-psol\/#breadcrumb\",\"itemListElement\":[{\"@type\":\"ListItem\",\"position\":1,\"name\":\"In\u00edcio\",\"item\":\"https:\/\/psol50.org.br\/\"},{\"@type\":\"ListItem\",\"position\":2,\"name\":\"Interven\u00e7\u00e3o no Rio \u00e9 a\u00e7\u00e3o desesperada de Temer; confira a repercuss\u00e3o no PSOL\"}]},{\"@type\":\"WebSite\",\"@id\":\"https:\/\/psol50.org.br\/#website\",\"url\":\"https:\/\/psol50.org.br\/\",\"name\":\"PSOL 50\",\"description\":\"Site oficial do Partido Socialismo e Liberdade\",\"publisher\":{\"@id\":\"https:\/\/psol50.org.br\/#organization\"},\"alternateName\":\"PSOL50\",\"potentialAction\":[{\"@type\":\"SearchAction\",\"target\":{\"@type\":\"EntryPoint\",\"urlTemplate\":\"https:\/\/psol50.org.br\/?s={search_term_string}\"},\"query-input\":{\"@type\":\"PropertyValueSpecification\",\"valueRequired\":true,\"valueName\":\"search_term_string\"}}],\"inLanguage\":\"pt-BR\"},{\"@type\":\"Organization\",\"@id\":\"https:\/\/psol50.org.br\/#organization\",\"name\":\"PSOL 50\",\"alternateName\":\"PSOL 50\",\"url\":\"https:\/\/psol50.org.br\/\",\"logo\":{\"@type\":\"ImageObject\",\"inLanguage\":\"pt-BR\",\"@id\":\"https:\/\/psol50.org.br\/#\/schema\/logo\/image\/\",\"url\":\"https:\/\/psol50.org.br\/inc\/uploads\/2018\/07\/capa.png\",\"contentUrl\":\"https:\/\/psol50.org.br\/inc\/uploads\/2018\/07\/capa.png\",\"width\":1350,\"height\":900,\"caption\":\"PSOL 50\"},\"image\":{\"@id\":\"https:\/\/psol50.org.br\/#\/schema\/logo\/image\/\"},\"sameAs\":[\"https:\/\/www.facebook.com\/psol50\",\"https:\/\/x.com\/psol50\",\"https:\/\/www.instagram.com\/psol50\/\",\"https:\/\/www.youtube.com\/channel\/UC7SnJS5o1os7a6CaiNabzcg\"]},{\"@type\":\"Person\",\"@id\":\"https:\/\/psol50.org.br\/#\/schema\/person\/475dfa57d0b815993c714c2e96491fcd\",\"name\":\"Comunica\u00e7\u00e3o PSOL\",\"image\":{\"@type\":\"ImageObject\",\"inLanguage\":\"pt-BR\",\"@id\":\"https:\/\/psol50.org.br\/#\/schema\/person\/image\/\",\"url\":\"https:\/\/secure.gravatar.com\/avatar\/b34fc4f4e468a4e51785917065a3db57b841f5c95dba6ad8c73aaf8f66f8f9bf?s=96&d=mm&r=g\",\"contentUrl\":\"https:\/\/secure.gravatar.com\/avatar\/b34fc4f4e468a4e51785917065a3db57b841f5c95dba6ad8c73aaf8f66f8f9bf?s=96&d=mm&r=g\",\"caption\":\"Comunica\u00e7\u00e3o PSOL\"}}]}<\/script>\n<!-- \/ Yoast SEO plugin. -->","yoast_head_json":{"title":"Interven\u00e7\u00e3o no Rio \u00e9 a\u00e7\u00e3o desesperada de Temer; confira a repercuss\u00e3o no PSOL - PSOL 50","robots":{"index":"index","follow":"follow","max-snippet":"max-snippet:-1","max-image-preview":"max-image-preview:large","max-video-preview":"max-video-preview:-1"},"canonical":"https:\/\/psol50.org.br\/intervencao-no-rio-e-acao-desesperada-de-temer-confira-a-repercussao-no-psol\/","og_locale":"pt_BR","og_type":"article","og_title":"Interven\u00e7\u00e3o no Rio \u00e9 a\u00e7\u00e3o desesperada de Temer; confira a repercuss\u00e3o no PSOL - PSOL 50","og_description":"A decis\u00e3o do presidente ileg\u00edtimo Michel Temer de decretar interven\u00e7\u00e3o federal no Rio de Janeiro, anunciada nesta quinta-feira (15), demonstra o desespero do PMDB, tamb\u00e9m \u00e0 frente do governo estadual, diante das dificuldades na seguran\u00e7a p\u00fablica do pa\u00eds, em especial no Rio de Janeiro. Com a medida, o\u00a0Ex\u00e9rcito ir\u00e1 assumir a seguran\u00e7a p\u00fablica do Estado, [&hellip;]","og_url":"https:\/\/psol50.org.br\/intervencao-no-rio-e-acao-desesperada-de-temer-confira-a-repercussao-no-psol\/","og_site_name":"PSOL 50","article_publisher":"https:\/\/www.facebook.com\/psol50","article_published_time":"2018-02-16T15:42:22+00:00","og_image":[{"width":1800,"height":1200,"url":"https:\/\/psol50.org.br\/inc\/uploads\/2018\/02\/RIO-SEGURANCA-05.jpg","type":"image\/jpeg"}],"author":"Comunica\u00e7\u00e3o PSOL","twitter_card":"summary_large_image","twitter_creator":"@psol50","twitter_site":"@psol50","twitter_misc":{"Escrito por":"Comunica\u00e7\u00e3o PSOL","Est. tempo de leitura":"4 minutos"},"schema":{"@context":"https:\/\/schema.org","@graph":[{"@type":"Article","@id":"https:\/\/psol50.org.br\/intervencao-no-rio-e-acao-desesperada-de-temer-confira-a-repercussao-no-psol\/#article","isPartOf":{"@id":"https:\/\/psol50.org.br\/intervencao-no-rio-e-acao-desesperada-de-temer-confira-a-repercussao-no-psol\/"},"author":{"name":"Comunica\u00e7\u00e3o PSOL","@id":"https:\/\/psol50.org.br\/#\/schema\/person\/475dfa57d0b815993c714c2e96491fcd"},"headline":"Interven\u00e7\u00e3o no Rio \u00e9 a\u00e7\u00e3o desesperada de Temer; confira a repercuss\u00e3o no PSOL","datePublished":"2018-02-16T15:42:22+00:00","mainEntityOfPage":{"@id":"https:\/\/psol50.org.br\/intervencao-no-rio-e-acao-desesperada-de-temer-confira-a-repercussao-no-psol\/"},"wordCount":777,"commentCount":0,"publisher":{"@id":"https:\/\/psol50.org.br\/#organization"},"image":{"@id":"https:\/\/psol50.org.br\/intervencao-no-rio-e-acao-desesperada-de-temer-confira-a-repercussao-no-psol\/#primaryimage"},"thumbnailUrl":"https:\/\/psol50.org.br\/inc\/uploads\/2018\/02\/RIO-SEGURANCA-05.jpg","keywords":["Ex\u00e9rcito","Glauber Braga","interven\u00e7\u00e3o federal","Ivan Valente","Jean Wyllys","Juliano Medeiros","Luiz Fernando Pez\u00e3o","Marielle Franco","Michel Temer","PSOL","reforma da previd\u00eancia","Rio de Janeiro"],"articleSection":["Estados","Not\u00edcias"],"inLanguage":"pt-BR","potentialAction":[{"@type":"CommentAction","name":"Comment","target":["https:\/\/psol50.org.br\/intervencao-no-rio-e-acao-desesperada-de-temer-confira-a-repercussao-no-psol\/#respond"]}]},{"@type":"WebPage","@id":"https:\/\/psol50.org.br\/intervencao-no-rio-e-acao-desesperada-de-temer-confira-a-repercussao-no-psol\/","url":"https:\/\/psol50.org.br\/intervencao-no-rio-e-acao-desesperada-de-temer-confira-a-repercussao-no-psol\/","name":"Interven\u00e7\u00e3o no Rio \u00e9 a\u00e7\u00e3o desesperada de Temer; confira a repercuss\u00e3o no PSOL - PSOL 50","isPartOf":{"@id":"https:\/\/psol50.org.br\/#website"},"primaryImageOfPage":{"@id":"https:\/\/psol50.org.br\/intervencao-no-rio-e-acao-desesperada-de-temer-confira-a-repercussao-no-psol\/#primaryimage"},"image":{"@id":"https:\/\/psol50.org.br\/intervencao-no-rio-e-acao-desesperada-de-temer-confira-a-repercussao-no-psol\/#primaryimage"},"thumbnailUrl":"https:\/\/psol50.org.br\/inc\/uploads\/2018\/02\/RIO-SEGURANCA-05.jpg","datePublished":"2018-02-16T15:42:22+00:00","breadcrumb":{"@id":"https:\/\/psol50.org.br\/intervencao-no-rio-e-acao-desesperada-de-temer-confira-a-repercussao-no-psol\/#breadcrumb"},"inLanguage":"pt-BR","potentialAction":[{"@type":"ReadAction","target":["https:\/\/psol50.org.br\/intervencao-no-rio-e-acao-desesperada-de-temer-confira-a-repercussao-no-psol\/"]}]},{"@type":"ImageObject","inLanguage":"pt-BR","@id":"https:\/\/psol50.org.br\/intervencao-no-rio-e-acao-desesperada-de-temer-confira-a-repercussao-no-psol\/#primaryimage","url":"https:\/\/psol50.org.br\/inc\/uploads\/2018\/02\/RIO-SEGURANCA-05.jpg","contentUrl":"https:\/\/psol50.org.br\/inc\/uploads\/2018\/02\/RIO-SEGURANCA-05.jpg","width":1800,"height":1200},{"@type":"BreadcrumbList","@id":"https:\/\/psol50.org.br\/intervencao-no-rio-e-acao-desesperada-de-temer-confira-a-repercussao-no-psol\/#breadcrumb","itemListElement":[{"@type":"ListItem","position":1,"name":"In\u00edcio","item":"https:\/\/psol50.org.br\/"},{"@type":"ListItem","position":2,"name":"Interven\u00e7\u00e3o no Rio \u00e9 a\u00e7\u00e3o desesperada de Temer; confira a repercuss\u00e3o no PSOL"}]},{"@type":"WebSite","@id":"https:\/\/psol50.org.br\/#website","url":"https:\/\/psol50.org.br\/","name":"PSOL 50","description":"Site oficial do Partido Socialismo e Liberdade","publisher":{"@id":"https:\/\/psol50.org.br\/#organization"},"alternateName":"PSOL50","potentialAction":[{"@type":"SearchAction","target":{"@type":"EntryPoint","urlTemplate":"https:\/\/psol50.org.br\/?s={search_term_string}"},"query-input":{"@type":"PropertyValueSpecification","valueRequired":true,"valueName":"search_term_string"}}],"inLanguage":"pt-BR"},{"@type":"Organization","@id":"https:\/\/psol50.org.br\/#organization","name":"PSOL 50","alternateName":"PSOL 50","url":"https:\/\/psol50.org.br\/","logo":{"@type":"ImageObject","inLanguage":"pt-BR","@id":"https:\/\/psol50.org.br\/#\/schema\/logo\/image\/","url":"https:\/\/psol50.org.br\/inc\/uploads\/2018\/07\/capa.png","contentUrl":"https:\/\/psol50.org.br\/inc\/uploads\/2018\/07\/capa.png","width":1350,"height":900,"caption":"PSOL 50"},"image":{"@id":"https:\/\/psol50.org.br\/#\/schema\/logo\/image\/"},"sameAs":["https:\/\/www.facebook.com\/psol50","https:\/\/x.com\/psol50","https:\/\/www.instagram.com\/psol50\/","https:\/\/www.youtube.com\/channel\/UC7SnJS5o1os7a6CaiNabzcg"]},{"@type":"Person","@id":"https:\/\/psol50.org.br\/#\/schema\/person\/475dfa57d0b815993c714c2e96491fcd","name":"Comunica\u00e7\u00e3o PSOL","image":{"@type":"ImageObject","inLanguage":"pt-BR","@id":"https:\/\/psol50.org.br\/#\/schema\/person\/image\/","url":"https:\/\/secure.gravatar.com\/avatar\/b34fc4f4e468a4e51785917065a3db57b841f5c95dba6ad8c73aaf8f66f8f9bf?s=96&d=mm&r=g","contentUrl":"https:\/\/secure.gravatar.com\/avatar\/b34fc4f4e468a4e51785917065a3db57b841f5c95dba6ad8c73aaf8f66f8f9bf?s=96&d=mm&r=g","caption":"Comunica\u00e7\u00e3o PSOL"}}]}},"_links":{"self":[{"href":"https:\/\/psol50.org.br\/rest\/wp\/v2\/posts\/19879","targetHints":{"allow":["GET"]}}],"collection":[{"href":"https:\/\/psol50.org.br\/rest\/wp\/v2\/posts"}],"about":[{"href":"https:\/\/psol50.org.br\/rest\/wp\/v2\/types\/post"}],"author":[{"embeddable":true,"href":"https:\/\/psol50.org.br\/rest\/wp\/v2\/users\/2"}],"replies":[{"embeddable":true,"href":"https:\/\/psol50.org.br\/rest\/wp\/v2\/comments?post=19879"}],"version-history":[{"count":0,"href":"https:\/\/psol50.org.br\/rest\/wp\/v2\/posts\/19879\/revisions"}],"wp:featuredmedia":[{"embeddable":true,"href":"https:\/\/psol50.org.br\/rest\/wp\/v2\/media\/19880"}],"wp:attachment":[{"href":"https:\/\/psol50.org.br\/rest\/wp\/v2\/media?parent=19879"}],"wp:term":[{"taxonomy":"category","embeddable":true,"href":"https:\/\/psol50.org.br\/rest\/wp\/v2\/categories?post=19879"},{"taxonomy":"post_tag","embeddable":true,"href":"https:\/\/psol50.org.br\/rest\/wp\/v2\/tags?post=19879"}],"curies":[{"name":"wp","href":"https:\/\/api.w.org\/{rel}","templated":true}]}}