{"id":19882,"date":"2018-02-17T20:12:50","date_gmt":"2018-02-17T22:12:50","guid":{"rendered":"http:\/\/www.psol50.org.br\/?p=19882"},"modified":"2018-02-17T20:12:50","modified_gmt":"2018-02-17T22:12:50","slug":"nota-do-psol-intervencao-nao-e-solucao-2","status":"publish","type":"post","link":"https:\/\/psol50.org.br\/nota-do-psol-intervencao-nao-e-solucao-2\/","title":{"rendered":"Nota do PSOL: Interven\u00e7\u00e3o n\u00e3o \u00e9 solu\u00e7\u00e3o!"},"content":{"rendered":"<h3><strong>Nota do PSOL<\/strong><\/h3>\n<h3><strong>Interven\u00e7\u00e3o n\u00e3o \u00e9 solu\u00e7\u00e3o!\u00a0<\/strong><strong>Fora, Temer! Fora, Pez\u00e3o!<\/strong><\/h3>\n<p>O Estado do Rio de Janeiro \u00e9 hoje a representa\u00e7\u00e3o da fal\u00eancia de uma pol\u00edtica antidemocr\u00e1tica, incompetente e corrupta do PMDB, que governa o estado h\u00e1 mais de uma d\u00e9cada e deve ser totalmente responsabilizado pela situa\u00e7\u00e3o atual. Este mesmo partido e seus s\u00f3cios conseguiram falir o Rio de Janeiro, sucatear os servi\u00e7os p\u00fablicos, enriquecer seus aliados e desencadear a mais grave crise de seguran\u00e7a p\u00fablica dos \u00faltimos anos, que n\u00e3o come\u00e7ou no \u00faltimo carnaval. Os megaeventos foram marcados pela corrup\u00e7\u00e3o e serviram para rechear os bolsos da \u201cquadrilha do guardanapo\u201d.<\/p>\n<p>A sensa\u00e7\u00e3o de abandono da popula\u00e7\u00e3o est\u00e1 em todas as \u00e1reas: sa\u00fade, infraestrutura, educa\u00e7\u00e3o, atrasos no pagamento de servidores (inclusive de policiais) e no desmonte das universidades estaduais. Na \u00e1rea da seguran\u00e7a p\u00fablica, por\u00e9m, destaca-se o sentimento de medo e inseguran\u00e7a diante da aus\u00eancia de uma pol\u00edtica efetiva, e a ado\u00e7\u00e3o da repress\u00e3o como \u00fanica medida.<\/p>\n<p>Depois de tanto desgoverno, o PMDB, por meio do governo corrupto (e ileg\u00edtimo) de Temer e de Pez\u00e3o, apresenta como grande sa\u00edda para a seguran\u00e7a uma interven\u00e7\u00e3o federal. Fingem ignorar que o problema da viol\u00eancia no Estado (e no pa\u00eds) decorre essencialmente de quest\u00f5es estruturais, como a desigualdade, agravada pela retirada de direitos sociais e aumento do desemprego, promovidas por eles pr\u00f3prios.<\/p>\n<p>J\u00e1 conhecemos bem esse tipo de proposta: as diversas interven\u00e7\u00f5es militares na seguran\u00e7a p\u00fablica nunca deram resultados positivos. As For\u00e7as Armadas estiveram na favela da Mar\u00e9 durante mais de um ano e n\u00e3o reduziram o poder do tr\u00e1fico ilegal de drogas nem a viol\u00eancia. Temer tamb\u00e9m j\u00e1 utilizou as for\u00e7as militares por mais de uma vez no Rio de Janeiro, servindo inclusive para reprimir mobiliza\u00e7\u00f5es populares.<\/p>\n<p>Essa pol\u00edtica de puro enfrentamento militarizado fracassou porque n\u00e3o deu resposta \u00e0s causas da viol\u00eancia e ainda gerou o deslocamento do tr\u00e1fico e da mil\u00edcia pela Baixada e interior do estado. Essa op\u00e7\u00e3o envolve a escolha do uso de blindados, do caveir\u00e3o e da execu\u00e7\u00e3o de pessoas, todas pobres, negras e moradoras de favelas, como pol\u00edtica de seguran\u00e7a p\u00fablica. A mudan\u00e7a a compet\u00eancia da Justi\u00e7a Militar para julgamento de crimes contra civis, retrocesso autorit\u00e1rio defendido por Temer, \u00e9 outro elemento relacionado com a interven\u00e7\u00e3o que trar\u00e1 graves consequ\u00eancias para nossa democracia e para os direitos humanos da popula\u00e7\u00e3o mais vulner\u00e1vel.<\/p>\n<p>Al\u00e9m disso, a \u201cguerra \u00e0s drogas\u201d, refor\u00e7ada pela perspectiva de enfrentamento militar, s\u00f3 serviu para refor\u00e7ar a viol\u00eancia policial e fortalecer as fac\u00e7\u00f5es nas superlotadas penitenci\u00e1rias, sem reduzir a viol\u00eancia nem o com\u00e9rcio ilegal de drogas.<\/p>\n<p>A piora dos \u00edndices de criminalidade tamb\u00e9m \u00e9 de responsabilidade do governo federal, que falha em suas atribui\u00e7\u00f5es constitucionais de controle de fronteiras e ao n\u00e3o impedir a entrada de drogas e o tr\u00e1fico de armas no estado. E qual a solu\u00e7\u00e3o proposta? Entregar o controle das pol\u00edcias estaduais \u00e0s For\u00e7as Armadas por meio de excepcional medida como uma interven\u00e7\u00e3o federal, que visa criar uma cortina de fuma\u00e7a em ano eleitoral e em meio \u00e0 tentativas de aprova\u00e7\u00e3o da contrarreforma da previd\u00eancia.<\/p>\n<p>Essa interven\u00e7\u00e3o federal custar\u00e1 milh\u00f5es aos cofres p\u00fablicos, dinheiro que poderia ser usado em outras \u00e1reas essenciais, como o pagamento de servidores, sa\u00fade, servi\u00e7o de intelig\u00eancia e efetiva preven\u00e7\u00e3o ao crime. S\u00f3 na ocupa\u00e7\u00e3o militar da favela da Mar\u00e9 foram gastos mais de R$ 400 milh\u00f5es em pouco mais de um ano.<\/p>\n<p>Fica evidente que a quest\u00e3o da seguran\u00e7a p\u00fablica n\u00e3o ser\u00e1 resolvida enquanto formos governados pela mesma m\u00e1fia que levou o Rio ao buraco, cujo \u00fanico interesse \u00e9 enriquecer sua quadrilha. Portanto, chegou a hora de derrotar essa velha pol\u00edtica do PMDB, que se vende como novo, mas representa o velho, e seus podres poderes com isen\u00e7\u00f5es e benef\u00edcios fiscais, pol\u00edtica de ocupa\u00e7\u00e3o militar de territ\u00f3rios e privatiza\u00e7\u00e3o de servi\u00e7os essenciais.<\/p>\n<p>O projeto do PMDB, com suas reformas trabalhista, previdenci\u00e1ria e terceiriza\u00e7\u00e3o, intensificar\u00e1 o quadro de mis\u00e9ria e de viol\u00eancia urbana. Nem Pez\u00e3o, nem Temer (ou o mesmo grupo pol\u00edtico dos ex-governadores Cabral e Moreira Franco, muito menos Picciani) possuem condi\u00e7\u00f5es t\u00e9cnicas ou legitimidade pol\u00edtica para governar e intervir no Rio de Janeiro.<\/p>\n<p>Por essas raz\u00f5es, o PSOL posiciona-se contr\u00e1rio \u00e0 interven\u00e7\u00e3o federal de Temer. Pez\u00e3o n\u00e3o tem mais condi\u00e7\u00f5es de governar. Ele deve sair e o povo escolher seu sucessor. Exigimos a ren\u00fancia de Pez\u00e3o e a antecipa\u00e7\u00e3o das elei\u00e7\u00f5es para o governo do estado do RJ.<\/p>\n<p>Convocamos a popula\u00e7\u00e3o em geral a somar-se aos protestos do dia 19.02 contra a reforma da previd\u00eancia e tamb\u00e9m contra a interven\u00e7\u00e3o federal. Ao mesmo tempo, fazemos um chamado a todas as organiza\u00e7\u00f5es sindicais, aos partidos de esquerda e \u00e0s organiza\u00e7\u00f5es de direitos humanos, para debatermos propostas de sa\u00edda para crise sob a perspectiva da classe trabalhadora. Como contribui\u00e7\u00f5es ao debate, apresentamos as seguintes medidas:<\/p>\n<p>1) Reformula\u00e7\u00e3o total da gest\u00e3o da seguran\u00e7a p\u00fablica no RJ, visando maior integra\u00e7\u00e3o entre as pol\u00edcias, transpar\u00eancia e participa\u00e7\u00e3o social, tendo como prioridades or\u00e7ament\u00e1rias o investimento em intelig\u00eancia e preven\u00e7\u00e3o;<\/p>\n<p>2) Elabora\u00e7\u00e3o e execu\u00e7\u00e3o de um plano de seguran\u00e7a com foco na prote\u00e7\u00e3o da vida, a partir dos indicadores e estudos do Instituto de Seguran\u00e7a P\u00fablica (ISP) e do FBSP, com foco na redu\u00e7\u00e3o de homic\u00eddios (inclusive de policiais) e mudan\u00e7a nas prioridades estrat\u00e9gicas, visando a desarticular o tr\u00e1fico de armas, combater as mil\u00edcias e reduzir os \u00edndices de crimes contra a pessoa (incluindo o combate \u00e0 viol\u00eancia contra as mulheres e LGBTs);<\/p>\n<p>3) Revis\u00e3o da pol\u00edtica de enfrentamento violento ao varejo das drogas nas favelas e controle da letalidade da a\u00e7\u00e3o policial mediante a elabora\u00e7\u00e3o de Planos Estaduais, com metas espec\u00edficas;<\/p>\n<p>4) Mudan\u00e7a da atual pol\u00edtica proibicionista de drogas que promove o encarceramento em massa (e de mulheres) e o exterm\u00ednio de pobres e negros, e sua substitui\u00e7\u00e3o por uma pol\u00edtica baseada na redu\u00e7\u00e3o de danos, voltada para preven\u00e7\u00e3o, informa\u00e7\u00e3o e aten\u00e7\u00e3o ao uso problem\u00e1tico de drogas.<\/p>\n<p>5) Investimento em uma for\u00e7a tarefa (com prioridade de recursos) para a redu\u00e7\u00e3o de crimes em \u00e1reas de maior incid\u00eancia de criminalidade violenta;<\/p>\n<p>6) Reorganiza\u00e7\u00e3o das pol\u00edcias estaduais, atualizando seus marcos regulat\u00f3rios e definindo uma nova governan\u00e7a para a seguran\u00e7a p\u00fablica estadual que reoriente as pol\u00edcias estaduais para as suas atribui\u00e7\u00f5es origin\u00e1rias: investiga\u00e7\u00e3o criminal e policiamento ostensivo-preventivo. Desmilitariza\u00e7\u00e3o das pol\u00edcias.<\/p>\n<p>7) Efetividade da Uni\u00e3o no cumprimento de suas atribui\u00e7\u00f5es constitucionais, no que diz respeito \u00e0 preven\u00e7\u00e3o e repress\u00e3o ao tr\u00e1fico il\u00edcito internacional de drogas e armas, desobrigando assim as policiais estaduais das miss\u00f5es constitucionalmente referidas \u00e0s for\u00e7as federais;<\/p>\n<p>8) Investimento em Pol\u00edcia t\u00e9cnica (em parceria com as universidades) e investigativa;<\/p>\n<p>9) Investimento em programas sociais e culturais para os jovens de \u00e1reas com maior incid\u00eancia de viol\u00eancia letal, e em educa\u00e7\u00e3o (inclusive de jovens adultos), com prioridade para medidas de combate \u00e0 evas\u00e3o escolar articulada com a cria\u00e7\u00e3o de oportunidades de emprego para jovens. Preven\u00e7\u00e3o da viol\u00eancia nas escolas.<\/p>\n<p><strong>Executiva Nacional do PSOL<\/strong><br \/>\n<strong>Executiva Estadual do PSOL-RJ<\/strong><br \/>\n<strong>Executiva Municipal do PSOL Carioca<\/strong><\/p>\n","protected":false},"excerpt":{"rendered":"<p>Nota do PSOL Interven\u00e7\u00e3o n\u00e3o \u00e9 solu\u00e7\u00e3o!\u00a0Fora, Temer! Fora, Pez\u00e3o! O Estado do Rio de Janeiro \u00e9 hoje a representa\u00e7\u00e3o da fal\u00eancia de uma pol\u00edtica antidemocr\u00e1tica, incompetente e corrupta do PMDB, que governa o estado h\u00e1 mais de uma d\u00e9cada e deve ser totalmente responsabilizado pela situa\u00e7\u00e3o atual. Este mesmo partido e seus s\u00f3cios conseguiram [&hellip;]<\/p>\n","protected":false},"author":2,"featured_media":19886,"comment_status":"open","ping_status":"open","sticky":false,"template":"","format":"standard","meta":{"_acf_changed":false,"footnotes":""},"categories":[654,6,14],"tags":[2242,2169,770,243,162],"class_list":{"0":"post-19882","1":"post","2":"type-post","3":"status-publish","4":"format-standard","5":"has-post-thumbnail","7":"category-estados","8":"category-noticias","9":"category-partido","10":"tag-fora-pezao","11":"tag-fora-temer","12":"tag-intervencao-militar","13":"tag-nota-do-psol","14":"tag-rio-de-janeiro"},"acf":[],"yoast_head":"<!-- This site is optimized with the Yoast SEO plugin v26.5 - https:\/\/yoast.com\/wordpress\/plugins\/seo\/ -->\n<title>Nota do PSOL: Interven\u00e7\u00e3o n\u00e3o \u00e9 solu\u00e7\u00e3o! - PSOL 50<\/title>\n<meta name=\"robots\" content=\"index, follow, max-snippet:-1, max-image-preview:large, max-video-preview:-1\" \/>\n<link rel=\"canonical\" href=\"https:\/\/psol50.org.br\/nota-do-psol-intervencao-nao-e-solucao-2\/\" \/>\n<meta property=\"og:locale\" content=\"pt_BR\" \/>\n<meta property=\"og:type\" content=\"article\" \/>\n<meta property=\"og:title\" content=\"Nota do PSOL: Interven\u00e7\u00e3o n\u00e3o \u00e9 solu\u00e7\u00e3o! - PSOL 50\" \/>\n<meta property=\"og:description\" content=\"Nota do PSOL Interven\u00e7\u00e3o n\u00e3o \u00e9 solu\u00e7\u00e3o!\u00a0Fora, Temer! Fora, Pez\u00e3o! O Estado do Rio de Janeiro \u00e9 hoje a representa\u00e7\u00e3o da fal\u00eancia de uma pol\u00edtica antidemocr\u00e1tica, incompetente e corrupta do PMDB, que governa o estado h\u00e1 mais de uma d\u00e9cada e deve ser totalmente responsabilizado pela situa\u00e7\u00e3o atual. Este mesmo partido e seus s\u00f3cios conseguiram [&hellip;]\" \/>\n<meta property=\"og:url\" content=\"https:\/\/psol50.org.br\/nota-do-psol-intervencao-nao-e-solucao-2\/\" \/>\n<meta property=\"og:site_name\" content=\"PSOL 50\" \/>\n<meta property=\"article:publisher\" content=\"https:\/\/www.facebook.com\/psol50\" \/>\n<meta property=\"article:published_time\" content=\"2018-02-17T22:12:50+00:00\" \/>\n<meta property=\"og:image\" content=\"https:\/\/psol50.org.br\/inc\/uploads\/2018\/02\/fora-temer-fora-pezao-1.jpg\" \/>\n\t<meta property=\"og:image:width\" content=\"1350\" \/>\n\t<meta property=\"og:image:height\" content=\"900\" \/>\n\t<meta property=\"og:image:type\" content=\"image\/jpeg\" \/>\n<meta name=\"author\" content=\"Comunica\u00e7\u00e3o PSOL\" \/>\n<meta name=\"twitter:card\" content=\"summary_large_image\" \/>\n<meta name=\"twitter:creator\" content=\"@psol50\" \/>\n<meta name=\"twitter:site\" content=\"@psol50\" \/>\n<meta name=\"twitter:label1\" content=\"Escrito por\" \/>\n\t<meta name=\"twitter:data1\" content=\"Comunica\u00e7\u00e3o PSOL\" \/>\n\t<meta name=\"twitter:label2\" content=\"Est. tempo de leitura\" \/>\n\t<meta name=\"twitter:data2\" content=\"7 minutos\" \/>\n<script type=\"application\/ld+json\" class=\"yoast-schema-graph\">{\"@context\":\"https:\/\/schema.org\",\"@graph\":[{\"@type\":\"Article\",\"@id\":\"https:\/\/psol50.org.br\/nota-do-psol-intervencao-nao-e-solucao-2\/#article\",\"isPartOf\":{\"@id\":\"https:\/\/psol50.org.br\/nota-do-psol-intervencao-nao-e-solucao-2\/\"},\"author\":{\"name\":\"Comunica\u00e7\u00e3o PSOL\",\"@id\":\"https:\/\/psol50.org.br\/#\/schema\/person\/475dfa57d0b815993c714c2e96491fcd\"},\"headline\":\"Nota do PSOL: Interven\u00e7\u00e3o n\u00e3o \u00e9 solu\u00e7\u00e3o!\",\"datePublished\":\"2018-02-17T22:12:50+00:00\",\"mainEntityOfPage\":{\"@id\":\"https:\/\/psol50.org.br\/nota-do-psol-intervencao-nao-e-solucao-2\/\"},\"wordCount\":1334,\"commentCount\":0,\"publisher\":{\"@id\":\"https:\/\/psol50.org.br\/#organization\"},\"image\":{\"@id\":\"https:\/\/psol50.org.br\/nota-do-psol-intervencao-nao-e-solucao-2\/#primaryimage\"},\"thumbnailUrl\":\"https:\/\/psol50.org.br\/inc\/uploads\/2018\/02\/fora-temer-fora-pezao-1.jpg\",\"keywords\":[\"Fora Pez\u00e3o\",\"Fora Temer\",\"Interven\u00e7\u00e3o Militar\",\"Nota do PSOL\",\"Rio de Janeiro\"],\"articleSection\":[\"Estados\",\"Not\u00edcias\",\"Partido\"],\"inLanguage\":\"pt-BR\",\"potentialAction\":[{\"@type\":\"CommentAction\",\"name\":\"Comment\",\"target\":[\"https:\/\/psol50.org.br\/nota-do-psol-intervencao-nao-e-solucao-2\/#respond\"]}]},{\"@type\":\"WebPage\",\"@id\":\"https:\/\/psol50.org.br\/nota-do-psol-intervencao-nao-e-solucao-2\/\",\"url\":\"https:\/\/psol50.org.br\/nota-do-psol-intervencao-nao-e-solucao-2\/\",\"name\":\"Nota do PSOL: Interven\u00e7\u00e3o n\u00e3o \u00e9 solu\u00e7\u00e3o! - PSOL 50\",\"isPartOf\":{\"@id\":\"https:\/\/psol50.org.br\/#website\"},\"primaryImageOfPage\":{\"@id\":\"https:\/\/psol50.org.br\/nota-do-psol-intervencao-nao-e-solucao-2\/#primaryimage\"},\"image\":{\"@id\":\"https:\/\/psol50.org.br\/nota-do-psol-intervencao-nao-e-solucao-2\/#primaryimage\"},\"thumbnailUrl\":\"https:\/\/psol50.org.br\/inc\/uploads\/2018\/02\/fora-temer-fora-pezao-1.jpg\",\"datePublished\":\"2018-02-17T22:12:50+00:00\",\"breadcrumb\":{\"@id\":\"https:\/\/psol50.org.br\/nota-do-psol-intervencao-nao-e-solucao-2\/#breadcrumb\"},\"inLanguage\":\"pt-BR\",\"potentialAction\":[{\"@type\":\"ReadAction\",\"target\":[\"https:\/\/psol50.org.br\/nota-do-psol-intervencao-nao-e-solucao-2\/\"]}]},{\"@type\":\"ImageObject\",\"inLanguage\":\"pt-BR\",\"@id\":\"https:\/\/psol50.org.br\/nota-do-psol-intervencao-nao-e-solucao-2\/#primaryimage\",\"url\":\"https:\/\/psol50.org.br\/inc\/uploads\/2018\/02\/fora-temer-fora-pezao-1.jpg\",\"contentUrl\":\"https:\/\/psol50.org.br\/inc\/uploads\/2018\/02\/fora-temer-fora-pezao-1.jpg\",\"width\":1350,\"height\":900},{\"@type\":\"BreadcrumbList\",\"@id\":\"https:\/\/psol50.org.br\/nota-do-psol-intervencao-nao-e-solucao-2\/#breadcrumb\",\"itemListElement\":[{\"@type\":\"ListItem\",\"position\":1,\"name\":\"In\u00edcio\",\"item\":\"https:\/\/psol50.org.br\/\"},{\"@type\":\"ListItem\",\"position\":2,\"name\":\"Nota do PSOL: Interven\u00e7\u00e3o n\u00e3o \u00e9 solu\u00e7\u00e3o!\"}]},{\"@type\":\"WebSite\",\"@id\":\"https:\/\/psol50.org.br\/#website\",\"url\":\"https:\/\/psol50.org.br\/\",\"name\":\"PSOL 50\",\"description\":\"Site oficial do Partido Socialismo e Liberdade\",\"publisher\":{\"@id\":\"https:\/\/psol50.org.br\/#organization\"},\"alternateName\":\"PSOL50\",\"potentialAction\":[{\"@type\":\"SearchAction\",\"target\":{\"@type\":\"EntryPoint\",\"urlTemplate\":\"https:\/\/psol50.org.br\/?s={search_term_string}\"},\"query-input\":{\"@type\":\"PropertyValueSpecification\",\"valueRequired\":true,\"valueName\":\"search_term_string\"}}],\"inLanguage\":\"pt-BR\"},{\"@type\":\"Organization\",\"@id\":\"https:\/\/psol50.org.br\/#organization\",\"name\":\"PSOL 50\",\"alternateName\":\"PSOL 50\",\"url\":\"https:\/\/psol50.org.br\/\",\"logo\":{\"@type\":\"ImageObject\",\"inLanguage\":\"pt-BR\",\"@id\":\"https:\/\/psol50.org.br\/#\/schema\/logo\/image\/\",\"url\":\"https:\/\/psol50.org.br\/inc\/uploads\/2018\/07\/capa.png\",\"contentUrl\":\"https:\/\/psol50.org.br\/inc\/uploads\/2018\/07\/capa.png\",\"width\":1350,\"height\":900,\"caption\":\"PSOL 50\"},\"image\":{\"@id\":\"https:\/\/psol50.org.br\/#\/schema\/logo\/image\/\"},\"sameAs\":[\"https:\/\/www.facebook.com\/psol50\",\"https:\/\/x.com\/psol50\",\"https:\/\/www.instagram.com\/psol50\/\",\"https:\/\/www.youtube.com\/channel\/UC7SnJS5o1os7a6CaiNabzcg\"]},{\"@type\":\"Person\",\"@id\":\"https:\/\/psol50.org.br\/#\/schema\/person\/475dfa57d0b815993c714c2e96491fcd\",\"name\":\"Comunica\u00e7\u00e3o PSOL\",\"image\":{\"@type\":\"ImageObject\",\"inLanguage\":\"pt-BR\",\"@id\":\"https:\/\/psol50.org.br\/#\/schema\/person\/image\/\",\"url\":\"https:\/\/secure.gravatar.com\/avatar\/b34fc4f4e468a4e51785917065a3db57b841f5c95dba6ad8c73aaf8f66f8f9bf?s=96&d=mm&r=g\",\"contentUrl\":\"https:\/\/secure.gravatar.com\/avatar\/b34fc4f4e468a4e51785917065a3db57b841f5c95dba6ad8c73aaf8f66f8f9bf?s=96&d=mm&r=g\",\"caption\":\"Comunica\u00e7\u00e3o PSOL\"}}]}<\/script>\n<!-- \/ Yoast SEO plugin. -->","yoast_head_json":{"title":"Nota do PSOL: Interven\u00e7\u00e3o n\u00e3o \u00e9 solu\u00e7\u00e3o! - PSOL 50","robots":{"index":"index","follow":"follow","max-snippet":"max-snippet:-1","max-image-preview":"max-image-preview:large","max-video-preview":"max-video-preview:-1"},"canonical":"https:\/\/psol50.org.br\/nota-do-psol-intervencao-nao-e-solucao-2\/","og_locale":"pt_BR","og_type":"article","og_title":"Nota do PSOL: Interven\u00e7\u00e3o n\u00e3o \u00e9 solu\u00e7\u00e3o! - PSOL 50","og_description":"Nota do PSOL Interven\u00e7\u00e3o n\u00e3o \u00e9 solu\u00e7\u00e3o!\u00a0Fora, Temer! Fora, Pez\u00e3o! O Estado do Rio de Janeiro \u00e9 hoje a representa\u00e7\u00e3o da fal\u00eancia de uma pol\u00edtica antidemocr\u00e1tica, incompetente e corrupta do PMDB, que governa o estado h\u00e1 mais de uma d\u00e9cada e deve ser totalmente responsabilizado pela situa\u00e7\u00e3o atual. Este mesmo partido e seus s\u00f3cios conseguiram [&hellip;]","og_url":"https:\/\/psol50.org.br\/nota-do-psol-intervencao-nao-e-solucao-2\/","og_site_name":"PSOL 50","article_publisher":"https:\/\/www.facebook.com\/psol50","article_published_time":"2018-02-17T22:12:50+00:00","og_image":[{"width":1350,"height":900,"url":"https:\/\/psol50.org.br\/inc\/uploads\/2018\/02\/fora-temer-fora-pezao-1.jpg","type":"image\/jpeg"}],"author":"Comunica\u00e7\u00e3o PSOL","twitter_card":"summary_large_image","twitter_creator":"@psol50","twitter_site":"@psol50","twitter_misc":{"Escrito por":"Comunica\u00e7\u00e3o PSOL","Est. tempo de leitura":"7 minutos"},"schema":{"@context":"https:\/\/schema.org","@graph":[{"@type":"Article","@id":"https:\/\/psol50.org.br\/nota-do-psol-intervencao-nao-e-solucao-2\/#article","isPartOf":{"@id":"https:\/\/psol50.org.br\/nota-do-psol-intervencao-nao-e-solucao-2\/"},"author":{"name":"Comunica\u00e7\u00e3o PSOL","@id":"https:\/\/psol50.org.br\/#\/schema\/person\/475dfa57d0b815993c714c2e96491fcd"},"headline":"Nota do PSOL: Interven\u00e7\u00e3o n\u00e3o \u00e9 solu\u00e7\u00e3o!","datePublished":"2018-02-17T22:12:50+00:00","mainEntityOfPage":{"@id":"https:\/\/psol50.org.br\/nota-do-psol-intervencao-nao-e-solucao-2\/"},"wordCount":1334,"commentCount":0,"publisher":{"@id":"https:\/\/psol50.org.br\/#organization"},"image":{"@id":"https:\/\/psol50.org.br\/nota-do-psol-intervencao-nao-e-solucao-2\/#primaryimage"},"thumbnailUrl":"https:\/\/psol50.org.br\/inc\/uploads\/2018\/02\/fora-temer-fora-pezao-1.jpg","keywords":["Fora Pez\u00e3o","Fora Temer","Interven\u00e7\u00e3o Militar","Nota do PSOL","Rio de Janeiro"],"articleSection":["Estados","Not\u00edcias","Partido"],"inLanguage":"pt-BR","potentialAction":[{"@type":"CommentAction","name":"Comment","target":["https:\/\/psol50.org.br\/nota-do-psol-intervencao-nao-e-solucao-2\/#respond"]}]},{"@type":"WebPage","@id":"https:\/\/psol50.org.br\/nota-do-psol-intervencao-nao-e-solucao-2\/","url":"https:\/\/psol50.org.br\/nota-do-psol-intervencao-nao-e-solucao-2\/","name":"Nota do PSOL: Interven\u00e7\u00e3o n\u00e3o \u00e9 solu\u00e7\u00e3o! - PSOL 50","isPartOf":{"@id":"https:\/\/psol50.org.br\/#website"},"primaryImageOfPage":{"@id":"https:\/\/psol50.org.br\/nota-do-psol-intervencao-nao-e-solucao-2\/#primaryimage"},"image":{"@id":"https:\/\/psol50.org.br\/nota-do-psol-intervencao-nao-e-solucao-2\/#primaryimage"},"thumbnailUrl":"https:\/\/psol50.org.br\/inc\/uploads\/2018\/02\/fora-temer-fora-pezao-1.jpg","datePublished":"2018-02-17T22:12:50+00:00","breadcrumb":{"@id":"https:\/\/psol50.org.br\/nota-do-psol-intervencao-nao-e-solucao-2\/#breadcrumb"},"inLanguage":"pt-BR","potentialAction":[{"@type":"ReadAction","target":["https:\/\/psol50.org.br\/nota-do-psol-intervencao-nao-e-solucao-2\/"]}]},{"@type":"ImageObject","inLanguage":"pt-BR","@id":"https:\/\/psol50.org.br\/nota-do-psol-intervencao-nao-e-solucao-2\/#primaryimage","url":"https:\/\/psol50.org.br\/inc\/uploads\/2018\/02\/fora-temer-fora-pezao-1.jpg","contentUrl":"https:\/\/psol50.org.br\/inc\/uploads\/2018\/02\/fora-temer-fora-pezao-1.jpg","width":1350,"height":900},{"@type":"BreadcrumbList","@id":"https:\/\/psol50.org.br\/nota-do-psol-intervencao-nao-e-solucao-2\/#breadcrumb","itemListElement":[{"@type":"ListItem","position":1,"name":"In\u00edcio","item":"https:\/\/psol50.org.br\/"},{"@type":"ListItem","position":2,"name":"Nota do PSOL: Interven\u00e7\u00e3o n\u00e3o \u00e9 solu\u00e7\u00e3o!"}]},{"@type":"WebSite","@id":"https:\/\/psol50.org.br\/#website","url":"https:\/\/psol50.org.br\/","name":"PSOL 50","description":"Site oficial do Partido Socialismo e Liberdade","publisher":{"@id":"https:\/\/psol50.org.br\/#organization"},"alternateName":"PSOL50","potentialAction":[{"@type":"SearchAction","target":{"@type":"EntryPoint","urlTemplate":"https:\/\/psol50.org.br\/?s={search_term_string}"},"query-input":{"@type":"PropertyValueSpecification","valueRequired":true,"valueName":"search_term_string"}}],"inLanguage":"pt-BR"},{"@type":"Organization","@id":"https:\/\/psol50.org.br\/#organization","name":"PSOL 50","alternateName":"PSOL 50","url":"https:\/\/psol50.org.br\/","logo":{"@type":"ImageObject","inLanguage":"pt-BR","@id":"https:\/\/psol50.org.br\/#\/schema\/logo\/image\/","url":"https:\/\/psol50.org.br\/inc\/uploads\/2018\/07\/capa.png","contentUrl":"https:\/\/psol50.org.br\/inc\/uploads\/2018\/07\/capa.png","width":1350,"height":900,"caption":"PSOL 50"},"image":{"@id":"https:\/\/psol50.org.br\/#\/schema\/logo\/image\/"},"sameAs":["https:\/\/www.facebook.com\/psol50","https:\/\/x.com\/psol50","https:\/\/www.instagram.com\/psol50\/","https:\/\/www.youtube.com\/channel\/UC7SnJS5o1os7a6CaiNabzcg"]},{"@type":"Person","@id":"https:\/\/psol50.org.br\/#\/schema\/person\/475dfa57d0b815993c714c2e96491fcd","name":"Comunica\u00e7\u00e3o PSOL","image":{"@type":"ImageObject","inLanguage":"pt-BR","@id":"https:\/\/psol50.org.br\/#\/schema\/person\/image\/","url":"https:\/\/secure.gravatar.com\/avatar\/b34fc4f4e468a4e51785917065a3db57b841f5c95dba6ad8c73aaf8f66f8f9bf?s=96&d=mm&r=g","contentUrl":"https:\/\/secure.gravatar.com\/avatar\/b34fc4f4e468a4e51785917065a3db57b841f5c95dba6ad8c73aaf8f66f8f9bf?s=96&d=mm&r=g","caption":"Comunica\u00e7\u00e3o PSOL"}}]}},"_links":{"self":[{"href":"https:\/\/psol50.org.br\/rest\/wp\/v2\/posts\/19882","targetHints":{"allow":["GET"]}}],"collection":[{"href":"https:\/\/psol50.org.br\/rest\/wp\/v2\/posts"}],"about":[{"href":"https:\/\/psol50.org.br\/rest\/wp\/v2\/types\/post"}],"author":[{"embeddable":true,"href":"https:\/\/psol50.org.br\/rest\/wp\/v2\/users\/2"}],"replies":[{"embeddable":true,"href":"https:\/\/psol50.org.br\/rest\/wp\/v2\/comments?post=19882"}],"version-history":[{"count":0,"href":"https:\/\/psol50.org.br\/rest\/wp\/v2\/posts\/19882\/revisions"}],"wp:featuredmedia":[{"embeddable":true,"href":"https:\/\/psol50.org.br\/rest\/wp\/v2\/media\/19886"}],"wp:attachment":[{"href":"https:\/\/psol50.org.br\/rest\/wp\/v2\/media?parent=19882"}],"wp:term":[{"taxonomy":"category","embeddable":true,"href":"https:\/\/psol50.org.br\/rest\/wp\/v2\/categories?post=19882"},{"taxonomy":"post_tag","embeddable":true,"href":"https:\/\/psol50.org.br\/rest\/wp\/v2\/tags?post=19882"}],"curies":[{"name":"wp","href":"https:\/\/api.w.org\/{rel}","templated":true}]}}