{"id":19900,"date":"2018-02-19T14:36:16","date_gmt":"2018-02-19T17:36:16","guid":{"rendered":"http:\/\/www.psol50.org.br\/?p=19900"},"modified":"2018-02-19T14:36:16","modified_gmt":"2018-02-19T17:36:16","slug":"sonia-guajajara-os-povos-indigenas-estao-sob-intervencao-ha-mais-de-500-anos","status":"publish","type":"post","link":"https:\/\/psol50.org.br\/sonia-guajajara-os-povos-indigenas-estao-sob-intervencao-ha-mais-de-500-anos\/","title":{"rendered":"S\u00f4nia Guajajara | Os povos ind\u00edgenas est\u00e3o sob interven\u00e7\u00e3o h\u00e1 mais de 500 anos"},"content":{"rendered":"<p>Estamos sob interven\u00e7\u00e3o. Sem planejamento, sem planos, sem dados, sem avalia\u00e7\u00e3o das pol\u00edticas anteriores, \u00e9 uma interven\u00e7\u00e3o do acaso.<\/p>\n<p>Trata-se de um golpe de sorte ou azar, em que a popula\u00e7\u00e3o mais pobre tende a ser a mais prejudicada pelos jogos obscuros da pol\u00edtica nacional e local, de quem j\u00e1 s\u00e3o v\u00edtimas di\u00e1rias.<\/p>\n<p>N\u00e3o \u00e9 uma pol\u00edtica p\u00fablica consistentemente constru\u00edda, mas a entrega da nossas vidas, das vidas de cada cidad\u00e3 e cidad\u00e3o do Rio de Janeiro, \u00e0 sanha de espet\u00e1culos midi\u00e1ticos que, at\u00e9 agora, n\u00e3o mostraram nenhum resultado efetivo na sequ\u00eancia de opera\u00e7\u00f5es j\u00e1 realizadas nas diferentes comunidades.<\/p>\n<p>A incompet\u00eancia de gest\u00e3o, federal, estadual e municipal, serve agora como pretexto para tamb\u00e9m forjar uma jogada eleitoral, em que Temer e seus aliados tentam a todo custo, com aprova\u00e7\u00e3o popular pr\u00f3xima de zero, manter seu grupo no poder para seguir a marcha de retirada de direitos dos cidad\u00e3os comuns, enquanto perdoa d\u00edvidas, presenteia desonera\u00e7\u00f5es,entrega as nossas riquezas para pa\u00edses corpora\u00e7\u00f5es estrangeiras, agrada o mercado financeiro. Poucos dias ap\u00f3s decretar a interven\u00e7\u00e3o, j\u00e1 se apresenta o nome do Ministro da Defesa do Governo Temer como potencial candidato ao governo do Estado.<\/p>\n<p>N\u00e3o podemos aceitar que brinquem com a vida das pessoas. A sensa\u00e7\u00e3o de inseguran\u00e7a no Rio de Janeiro, e em v\u00e1rios outros estados e cidades do nosso pa\u00eds, \u00e9 real. Resultam, de um lado, do agravamento das condi\u00e7\u00f5es sociais no nosso pa\u00eds, num momento em que se reduzem pol\u00edticas sociais e se precarizam rela\u00e7\u00f5es de trabalho. De outro lado, s\u00e3o express\u00f5es do fracasso das pol\u00edticas de seguran\u00e7a, da guerra desenfreada \u00e0s drogas e de um sistema penitenci\u00e1rio falido.<\/p>\n<p>Se o dito crime organizado deve ser reprimido, isso deve ser feito com intelig\u00eancia e coopera\u00e7\u00e3o entre as for\u00e7as de seguran\u00e7a, acompanhado de um sistema de controle e transpar\u00eancia na gest\u00e3o.<\/p>\n<p>Integra\u00e7\u00e3o entre os entes federados, com o Governo Federal cumprindo sua miss\u00e3o no monitoramento das fronteiras. N\u00e3o \u00e9 o espet\u00e1culo de for\u00e7as armadas nas ruas, sobe e desce dos morros, que vai garantir a seguran\u00e7a no m\u00e9dio prazo. O sistema prisional deve punir, mas tamb\u00e9m recuperar. N\u00e3o se v\u00ea uma linha sobre o fracasso das pol\u00edticas de ressocializa\u00e7\u00e3o dos presos, dos milh\u00f5es gastos em pol\u00edticas fracassadas. N\u00e3o se discute com seriedade a possibilidade de discriminaliza\u00e7\u00e3o das drogas, com a regula\u00e7\u00e3o por parte do Estado, da venda da maconha, por exemplo. O nosso vizinho uruguai fez isso, e tem conseguido resultados expressivos na sua pol\u00edtica de seguran\u00e7a.<\/p>\n<p>A viol\u00eancia generalizada atinge a todos, em v\u00e1rias escalas. A nossa m\u00e3e terra, sufocada pelo agrot\u00f3xico. Nossos rios, pela lama da minera\u00e7\u00e3o, e florestas, pelas chamas criminosas da pecu\u00e1ria extensiva que deixa para tr\u00e1s imensas \u00e1reas improdutivas. Todos n\u00f3s precisamos dos recursos naturais que a m\u00e3e terra nos oferece para o bem viver nos campos e nas cidades. Perdemos muitos parentes ind\u00edgenas, de norte a sul do pa\u00eds, na tentativa de nos defender dessa viol\u00eancia. Muitas vezes, partindo do pr\u00f3prio Estado, como acaba de acontecer no Rio Grande do Sul, onde, em uma a\u00e7\u00e3o ilegal, a Brigada Militar espancou parentes numa desocupa\u00e7\u00e3o for\u00e7ada sem qualquer respaldo judicial.<\/p>\n<p>Mas, ainda assim, a viol\u00eancia tem seu foco preferencial. S\u00e3o os jovens pretos da periferia as suas v\u00edtimas mais frequentes. E quais as pol\u00edticas p\u00fablicas que est\u00e3o sendo executadas para salvar essas vidas? Que alternativas se apresentam para quem tem a maioria das portas fechadas pelo preconceito que torna ex\u00edguas as oportunidades para o desenvolvimento pleno dessas pessoas que s\u00e3o, todos os dias, impedidas de exercerem seus de direitos essenciais? S\u00e3o fundamentais pol\u00edticas integradas para valoriza\u00e7\u00e3o da vida de todas as mulheres e homens, crian\u00e7as, jovens, e idosos, em qualquer territ\u00f3rio.<\/p>\n<p>N\u00e3o podemos aceitar naturalizar as milhares de mortes violentas que ocorrem todos os anos nessa guerra \u00e0s drogas, seja de policiais, seja de cidad\u00e3os. Nosso povo vem sendo dizimado h\u00e1 mais de 500 anos, silenciado, mas n\u00f3s n\u00e3o nos cansamos de nos colocar em p\u00e9. \u00c9 ainda mais desafiador quando nos s\u00e3o impostas pol\u00edticas sem qualquer embasamento real, mas alicer\u00e7ados em pr\u00e9-conceitos e c\u00e1lculos pol\u00edticos. Isso amplifica o risco democr\u00e1tico. O pr\u00f3ximo passo ser\u00e1 alastrar essa interven\u00e7\u00e3o para outros estados, cuja situa\u00e7\u00e3o fiscal e de seguran\u00e7a n\u00e3o s\u00e3o t\u00e3o diferentes da do Rio de Janeiro?<\/p>\n<p>Os povos ind\u00edgenas est\u00e3o sob interven\u00e7\u00e3o h\u00e1 mais de 500 anos. Agora foi a vez do Rio de Janeiro. Que n\u00e3o tenhamos pr\u00f3ximos estados, e sim respeito, responsabilidade e sentimento de justi\u00e7a para devolver \u00e0s popula\u00e7\u00f5es sua autonomia democr\u00e1tica. Lutaremos por isso todos os dias, intensificando a luta que travamos j\u00e1 h\u00e1 centenas de anos, sem a aten\u00e7\u00e3o da m\u00eddia e da maior parte da pol\u00edtica tradicional. Uma luta por respeito a todas as brasileiras e brasileiros, a todas e todos os parentes e parentas ind\u00edgenas, a todas as cidad\u00e3s e cidad\u00e3os fluminenses e cariocas. Uma luta que passa pela constru\u00e7\u00e3o de pol\u00edticas p\u00fablicas s\u00e9rias, reais, e n\u00e3o artif\u00edcios e joguetes.<\/p>\n<p>N\u00e3o devemos aceitar nada menos que isso.<\/p>\n","protected":false},"excerpt":{"rendered":"<p>Estamos sob interven\u00e7\u00e3o. Sem planejamento, sem planos, sem dados, sem avalia\u00e7\u00e3o das pol\u00edticas anteriores, \u00e9 uma interven\u00e7\u00e3o do acaso. Trata-se de um golpe de sorte ou azar, em que a popula\u00e7\u00e3o mais pobre tende a ser a mais prejudicada pelos jogos obscuros da pol\u00edtica nacional e local, de quem j\u00e1 s\u00e3o v\u00edtimas di\u00e1rias. N\u00e3o \u00e9 [&hellip;]<\/p>\n","protected":false},"author":2,"featured_media":19901,"comment_status":"open","ping_status":"open","sticky":false,"template":"","format":"standard","meta":{"_acf_changed":false,"footnotes":""},"categories":[3,1882],"tags":[766,1499,12,1018,162,538],"class_list":{"0":"post-19900","1":"post","2":"type-post","3":"status-publish","4":"format-standard","5":"has-post-thumbnail","7":"category-artigos-e-entrevistas","8":"category-brasil","9":"tag-exercito","10":"tag-forcas-armadas","11":"tag-indigenas","12":"tag-intervencao","13":"tag-rio-de-janeiro","14":"tag-seguranca-publica"},"acf":[],"yoast_head":"<!-- This site is optimized with the Yoast SEO plugin v26.5 - https:\/\/yoast.com\/wordpress\/plugins\/seo\/ -->\n<title>S\u00f4nia Guajajara | Os povos ind\u00edgenas est\u00e3o sob interven\u00e7\u00e3o h\u00e1 mais de 500 anos - PSOL 50<\/title>\n<meta name=\"robots\" content=\"index, follow, max-snippet:-1, max-image-preview:large, max-video-preview:-1\" \/>\n<link rel=\"canonical\" href=\"https:\/\/psol50.org.br\/sonia-guajajara-os-povos-indigenas-estao-sob-intervencao-ha-mais-de-500-anos\/\" \/>\n<meta property=\"og:locale\" content=\"pt_BR\" \/>\n<meta property=\"og:type\" content=\"article\" \/>\n<meta property=\"og:title\" content=\"S\u00f4nia Guajajara | Os povos ind\u00edgenas est\u00e3o sob interven\u00e7\u00e3o h\u00e1 mais de 500 anos - PSOL 50\" \/>\n<meta property=\"og:description\" content=\"Estamos sob interven\u00e7\u00e3o. Sem planejamento, sem planos, sem dados, sem avalia\u00e7\u00e3o das pol\u00edticas anteriores, \u00e9 uma interven\u00e7\u00e3o do acaso. Trata-se de um golpe de sorte ou azar, em que a popula\u00e7\u00e3o mais pobre tende a ser a mais prejudicada pelos jogos obscuros da pol\u00edtica nacional e local, de quem j\u00e1 s\u00e3o v\u00edtimas di\u00e1rias. N\u00e3o \u00e9 [&hellip;]\" \/>\n<meta property=\"og:url\" content=\"https:\/\/psol50.org.br\/sonia-guajajara-os-povos-indigenas-estao-sob-intervencao-ha-mais-de-500-anos\/\" \/>\n<meta property=\"og:site_name\" content=\"PSOL 50\" \/>\n<meta property=\"article:publisher\" content=\"https:\/\/www.facebook.com\/psol50\" \/>\n<meta property=\"article:published_time\" content=\"2018-02-19T17:36:16+00:00\" \/>\n<meta property=\"og:image\" content=\"https:\/\/psol50.org.br\/inc\/uploads\/2018\/02\/indigenas-ninja.jpg\" \/>\n\t<meta property=\"og:image:width\" content=\"1350\" \/>\n\t<meta property=\"og:image:height\" content=\"900\" \/>\n\t<meta property=\"og:image:type\" content=\"image\/jpeg\" \/>\n<meta name=\"author\" content=\"Comunica\u00e7\u00e3o PSOL\" \/>\n<meta name=\"twitter:card\" content=\"summary_large_image\" \/>\n<meta name=\"twitter:creator\" content=\"@psol50\" \/>\n<meta name=\"twitter:site\" content=\"@psol50\" \/>\n<meta name=\"twitter:label1\" content=\"Escrito por\" \/>\n\t<meta name=\"twitter:data1\" content=\"Comunica\u00e7\u00e3o PSOL\" \/>\n\t<meta name=\"twitter:label2\" content=\"Est. tempo de leitura\" \/>\n\t<meta name=\"twitter:data2\" content=\"5 minutos\" \/>\n<script type=\"application\/ld+json\" class=\"yoast-schema-graph\">{\"@context\":\"https:\/\/schema.org\",\"@graph\":[{\"@type\":\"Article\",\"@id\":\"https:\/\/psol50.org.br\/sonia-guajajara-os-povos-indigenas-estao-sob-intervencao-ha-mais-de-500-anos\/#article\",\"isPartOf\":{\"@id\":\"https:\/\/psol50.org.br\/sonia-guajajara-os-povos-indigenas-estao-sob-intervencao-ha-mais-de-500-anos\/\"},\"author\":{\"name\":\"Comunica\u00e7\u00e3o PSOL\",\"@id\":\"https:\/\/psol50.org.br\/#\/schema\/person\/475dfa57d0b815993c714c2e96491fcd\"},\"headline\":\"S\u00f4nia Guajajara | Os povos ind\u00edgenas est\u00e3o sob interven\u00e7\u00e3o h\u00e1 mais de 500 anos\",\"datePublished\":\"2018-02-19T17:36:16+00:00\",\"mainEntityOfPage\":{\"@id\":\"https:\/\/psol50.org.br\/sonia-guajajara-os-povos-indigenas-estao-sob-intervencao-ha-mais-de-500-anos\/\"},\"wordCount\":962,\"commentCount\":0,\"publisher\":{\"@id\":\"https:\/\/psol50.org.br\/#organization\"},\"image\":{\"@id\":\"https:\/\/psol50.org.br\/sonia-guajajara-os-povos-indigenas-estao-sob-intervencao-ha-mais-de-500-anos\/#primaryimage\"},\"thumbnailUrl\":\"https:\/\/psol50.org.br\/inc\/uploads\/2018\/02\/indigenas-ninja.jpg\",\"keywords\":[\"Ex\u00e9rcito\",\"For\u00e7as Armadas\",\"Ind\u00edgenas\",\"interven\u00e7\u00e3o\",\"Rio de Janeiro\",\"Seguran\u00e7a P\u00fablica\"],\"articleSection\":[\"Artigos\",\"Brasil\"],\"inLanguage\":\"pt-BR\",\"potentialAction\":[{\"@type\":\"CommentAction\",\"name\":\"Comment\",\"target\":[\"https:\/\/psol50.org.br\/sonia-guajajara-os-povos-indigenas-estao-sob-intervencao-ha-mais-de-500-anos\/#respond\"]}]},{\"@type\":\"WebPage\",\"@id\":\"https:\/\/psol50.org.br\/sonia-guajajara-os-povos-indigenas-estao-sob-intervencao-ha-mais-de-500-anos\/\",\"url\":\"https:\/\/psol50.org.br\/sonia-guajajara-os-povos-indigenas-estao-sob-intervencao-ha-mais-de-500-anos\/\",\"name\":\"S\u00f4nia Guajajara | Os povos ind\u00edgenas est\u00e3o sob interven\u00e7\u00e3o h\u00e1 mais de 500 anos - PSOL 50\",\"isPartOf\":{\"@id\":\"https:\/\/psol50.org.br\/#website\"},\"primaryImageOfPage\":{\"@id\":\"https:\/\/psol50.org.br\/sonia-guajajara-os-povos-indigenas-estao-sob-intervencao-ha-mais-de-500-anos\/#primaryimage\"},\"image\":{\"@id\":\"https:\/\/psol50.org.br\/sonia-guajajara-os-povos-indigenas-estao-sob-intervencao-ha-mais-de-500-anos\/#primaryimage\"},\"thumbnailUrl\":\"https:\/\/psol50.org.br\/inc\/uploads\/2018\/02\/indigenas-ninja.jpg\",\"datePublished\":\"2018-02-19T17:36:16+00:00\",\"breadcrumb\":{\"@id\":\"https:\/\/psol50.org.br\/sonia-guajajara-os-povos-indigenas-estao-sob-intervencao-ha-mais-de-500-anos\/#breadcrumb\"},\"inLanguage\":\"pt-BR\",\"potentialAction\":[{\"@type\":\"ReadAction\",\"target\":[\"https:\/\/psol50.org.br\/sonia-guajajara-os-povos-indigenas-estao-sob-intervencao-ha-mais-de-500-anos\/\"]}]},{\"@type\":\"ImageObject\",\"inLanguage\":\"pt-BR\",\"@id\":\"https:\/\/psol50.org.br\/sonia-guajajara-os-povos-indigenas-estao-sob-intervencao-ha-mais-de-500-anos\/#primaryimage\",\"url\":\"https:\/\/psol50.org.br\/inc\/uploads\/2018\/02\/indigenas-ninja.jpg\",\"contentUrl\":\"https:\/\/psol50.org.br\/inc\/uploads\/2018\/02\/indigenas-ninja.jpg\",\"width\":1350,\"height\":900,\"caption\":\"FOTO: M\u00eddia Ninja\"},{\"@type\":\"BreadcrumbList\",\"@id\":\"https:\/\/psol50.org.br\/sonia-guajajara-os-povos-indigenas-estao-sob-intervencao-ha-mais-de-500-anos\/#breadcrumb\",\"itemListElement\":[{\"@type\":\"ListItem\",\"position\":1,\"name\":\"In\u00edcio\",\"item\":\"https:\/\/psol50.org.br\/\"},{\"@type\":\"ListItem\",\"position\":2,\"name\":\"S\u00f4nia Guajajara | Os povos ind\u00edgenas est\u00e3o sob interven\u00e7\u00e3o h\u00e1 mais de 500 anos\"}]},{\"@type\":\"WebSite\",\"@id\":\"https:\/\/psol50.org.br\/#website\",\"url\":\"https:\/\/psol50.org.br\/\",\"name\":\"PSOL 50\",\"description\":\"Site oficial do Partido Socialismo e Liberdade\",\"publisher\":{\"@id\":\"https:\/\/psol50.org.br\/#organization\"},\"alternateName\":\"PSOL50\",\"potentialAction\":[{\"@type\":\"SearchAction\",\"target\":{\"@type\":\"EntryPoint\",\"urlTemplate\":\"https:\/\/psol50.org.br\/?s={search_term_string}\"},\"query-input\":{\"@type\":\"PropertyValueSpecification\",\"valueRequired\":true,\"valueName\":\"search_term_string\"}}],\"inLanguage\":\"pt-BR\"},{\"@type\":\"Organization\",\"@id\":\"https:\/\/psol50.org.br\/#organization\",\"name\":\"PSOL 50\",\"alternateName\":\"PSOL 50\",\"url\":\"https:\/\/psol50.org.br\/\",\"logo\":{\"@type\":\"ImageObject\",\"inLanguage\":\"pt-BR\",\"@id\":\"https:\/\/psol50.org.br\/#\/schema\/logo\/image\/\",\"url\":\"https:\/\/psol50.org.br\/inc\/uploads\/2018\/07\/capa.png\",\"contentUrl\":\"https:\/\/psol50.org.br\/inc\/uploads\/2018\/07\/capa.png\",\"width\":1350,\"height\":900,\"caption\":\"PSOL 50\"},\"image\":{\"@id\":\"https:\/\/psol50.org.br\/#\/schema\/logo\/image\/\"},\"sameAs\":[\"https:\/\/www.facebook.com\/psol50\",\"https:\/\/x.com\/psol50\",\"https:\/\/www.instagram.com\/psol50\/\",\"https:\/\/www.youtube.com\/channel\/UC7SnJS5o1os7a6CaiNabzcg\"]},{\"@type\":\"Person\",\"@id\":\"https:\/\/psol50.org.br\/#\/schema\/person\/475dfa57d0b815993c714c2e96491fcd\",\"name\":\"Comunica\u00e7\u00e3o PSOL\",\"image\":{\"@type\":\"ImageObject\",\"inLanguage\":\"pt-BR\",\"@id\":\"https:\/\/psol50.org.br\/#\/schema\/person\/image\/\",\"url\":\"https:\/\/secure.gravatar.com\/avatar\/b34fc4f4e468a4e51785917065a3db57b841f5c95dba6ad8c73aaf8f66f8f9bf?s=96&d=mm&r=g\",\"contentUrl\":\"https:\/\/secure.gravatar.com\/avatar\/b34fc4f4e468a4e51785917065a3db57b841f5c95dba6ad8c73aaf8f66f8f9bf?s=96&d=mm&r=g\",\"caption\":\"Comunica\u00e7\u00e3o PSOL\"}}]}<\/script>\n<!-- \/ Yoast SEO plugin. -->","yoast_head_json":{"title":"S\u00f4nia Guajajara | Os povos ind\u00edgenas est\u00e3o sob interven\u00e7\u00e3o h\u00e1 mais de 500 anos - PSOL 50","robots":{"index":"index","follow":"follow","max-snippet":"max-snippet:-1","max-image-preview":"max-image-preview:large","max-video-preview":"max-video-preview:-1"},"canonical":"https:\/\/psol50.org.br\/sonia-guajajara-os-povos-indigenas-estao-sob-intervencao-ha-mais-de-500-anos\/","og_locale":"pt_BR","og_type":"article","og_title":"S\u00f4nia Guajajara | Os povos ind\u00edgenas est\u00e3o sob interven\u00e7\u00e3o h\u00e1 mais de 500 anos - PSOL 50","og_description":"Estamos sob interven\u00e7\u00e3o. Sem planejamento, sem planos, sem dados, sem avalia\u00e7\u00e3o das pol\u00edticas anteriores, \u00e9 uma interven\u00e7\u00e3o do acaso. Trata-se de um golpe de sorte ou azar, em que a popula\u00e7\u00e3o mais pobre tende a ser a mais prejudicada pelos jogos obscuros da pol\u00edtica nacional e local, de quem j\u00e1 s\u00e3o v\u00edtimas di\u00e1rias. N\u00e3o \u00e9 [&hellip;]","og_url":"https:\/\/psol50.org.br\/sonia-guajajara-os-povos-indigenas-estao-sob-intervencao-ha-mais-de-500-anos\/","og_site_name":"PSOL 50","article_publisher":"https:\/\/www.facebook.com\/psol50","article_published_time":"2018-02-19T17:36:16+00:00","og_image":[{"width":1350,"height":900,"url":"https:\/\/psol50.org.br\/inc\/uploads\/2018\/02\/indigenas-ninja.jpg","type":"image\/jpeg"}],"author":"Comunica\u00e7\u00e3o PSOL","twitter_card":"summary_large_image","twitter_creator":"@psol50","twitter_site":"@psol50","twitter_misc":{"Escrito por":"Comunica\u00e7\u00e3o PSOL","Est. tempo de leitura":"5 minutos"},"schema":{"@context":"https:\/\/schema.org","@graph":[{"@type":"Article","@id":"https:\/\/psol50.org.br\/sonia-guajajara-os-povos-indigenas-estao-sob-intervencao-ha-mais-de-500-anos\/#article","isPartOf":{"@id":"https:\/\/psol50.org.br\/sonia-guajajara-os-povos-indigenas-estao-sob-intervencao-ha-mais-de-500-anos\/"},"author":{"name":"Comunica\u00e7\u00e3o PSOL","@id":"https:\/\/psol50.org.br\/#\/schema\/person\/475dfa57d0b815993c714c2e96491fcd"},"headline":"S\u00f4nia Guajajara | Os povos ind\u00edgenas est\u00e3o sob interven\u00e7\u00e3o h\u00e1 mais de 500 anos","datePublished":"2018-02-19T17:36:16+00:00","mainEntityOfPage":{"@id":"https:\/\/psol50.org.br\/sonia-guajajara-os-povos-indigenas-estao-sob-intervencao-ha-mais-de-500-anos\/"},"wordCount":962,"commentCount":0,"publisher":{"@id":"https:\/\/psol50.org.br\/#organization"},"image":{"@id":"https:\/\/psol50.org.br\/sonia-guajajara-os-povos-indigenas-estao-sob-intervencao-ha-mais-de-500-anos\/#primaryimage"},"thumbnailUrl":"https:\/\/psol50.org.br\/inc\/uploads\/2018\/02\/indigenas-ninja.jpg","keywords":["Ex\u00e9rcito","For\u00e7as Armadas","Ind\u00edgenas","interven\u00e7\u00e3o","Rio de Janeiro","Seguran\u00e7a P\u00fablica"],"articleSection":["Artigos","Brasil"],"inLanguage":"pt-BR","potentialAction":[{"@type":"CommentAction","name":"Comment","target":["https:\/\/psol50.org.br\/sonia-guajajara-os-povos-indigenas-estao-sob-intervencao-ha-mais-de-500-anos\/#respond"]}]},{"@type":"WebPage","@id":"https:\/\/psol50.org.br\/sonia-guajajara-os-povos-indigenas-estao-sob-intervencao-ha-mais-de-500-anos\/","url":"https:\/\/psol50.org.br\/sonia-guajajara-os-povos-indigenas-estao-sob-intervencao-ha-mais-de-500-anos\/","name":"S\u00f4nia Guajajara | Os povos ind\u00edgenas est\u00e3o sob interven\u00e7\u00e3o h\u00e1 mais de 500 anos - PSOL 50","isPartOf":{"@id":"https:\/\/psol50.org.br\/#website"},"primaryImageOfPage":{"@id":"https:\/\/psol50.org.br\/sonia-guajajara-os-povos-indigenas-estao-sob-intervencao-ha-mais-de-500-anos\/#primaryimage"},"image":{"@id":"https:\/\/psol50.org.br\/sonia-guajajara-os-povos-indigenas-estao-sob-intervencao-ha-mais-de-500-anos\/#primaryimage"},"thumbnailUrl":"https:\/\/psol50.org.br\/inc\/uploads\/2018\/02\/indigenas-ninja.jpg","datePublished":"2018-02-19T17:36:16+00:00","breadcrumb":{"@id":"https:\/\/psol50.org.br\/sonia-guajajara-os-povos-indigenas-estao-sob-intervencao-ha-mais-de-500-anos\/#breadcrumb"},"inLanguage":"pt-BR","potentialAction":[{"@type":"ReadAction","target":["https:\/\/psol50.org.br\/sonia-guajajara-os-povos-indigenas-estao-sob-intervencao-ha-mais-de-500-anos\/"]}]},{"@type":"ImageObject","inLanguage":"pt-BR","@id":"https:\/\/psol50.org.br\/sonia-guajajara-os-povos-indigenas-estao-sob-intervencao-ha-mais-de-500-anos\/#primaryimage","url":"https:\/\/psol50.org.br\/inc\/uploads\/2018\/02\/indigenas-ninja.jpg","contentUrl":"https:\/\/psol50.org.br\/inc\/uploads\/2018\/02\/indigenas-ninja.jpg","width":1350,"height":900,"caption":"FOTO: M\u00eddia Ninja"},{"@type":"BreadcrumbList","@id":"https:\/\/psol50.org.br\/sonia-guajajara-os-povos-indigenas-estao-sob-intervencao-ha-mais-de-500-anos\/#breadcrumb","itemListElement":[{"@type":"ListItem","position":1,"name":"In\u00edcio","item":"https:\/\/psol50.org.br\/"},{"@type":"ListItem","position":2,"name":"S\u00f4nia Guajajara | Os povos ind\u00edgenas est\u00e3o sob interven\u00e7\u00e3o h\u00e1 mais de 500 anos"}]},{"@type":"WebSite","@id":"https:\/\/psol50.org.br\/#website","url":"https:\/\/psol50.org.br\/","name":"PSOL 50","description":"Site oficial do Partido Socialismo e Liberdade","publisher":{"@id":"https:\/\/psol50.org.br\/#organization"},"alternateName":"PSOL50","potentialAction":[{"@type":"SearchAction","target":{"@type":"EntryPoint","urlTemplate":"https:\/\/psol50.org.br\/?s={search_term_string}"},"query-input":{"@type":"PropertyValueSpecification","valueRequired":true,"valueName":"search_term_string"}}],"inLanguage":"pt-BR"},{"@type":"Organization","@id":"https:\/\/psol50.org.br\/#organization","name":"PSOL 50","alternateName":"PSOL 50","url":"https:\/\/psol50.org.br\/","logo":{"@type":"ImageObject","inLanguage":"pt-BR","@id":"https:\/\/psol50.org.br\/#\/schema\/logo\/image\/","url":"https:\/\/psol50.org.br\/inc\/uploads\/2018\/07\/capa.png","contentUrl":"https:\/\/psol50.org.br\/inc\/uploads\/2018\/07\/capa.png","width":1350,"height":900,"caption":"PSOL 50"},"image":{"@id":"https:\/\/psol50.org.br\/#\/schema\/logo\/image\/"},"sameAs":["https:\/\/www.facebook.com\/psol50","https:\/\/x.com\/psol50","https:\/\/www.instagram.com\/psol50\/","https:\/\/www.youtube.com\/channel\/UC7SnJS5o1os7a6CaiNabzcg"]},{"@type":"Person","@id":"https:\/\/psol50.org.br\/#\/schema\/person\/475dfa57d0b815993c714c2e96491fcd","name":"Comunica\u00e7\u00e3o PSOL","image":{"@type":"ImageObject","inLanguage":"pt-BR","@id":"https:\/\/psol50.org.br\/#\/schema\/person\/image\/","url":"https:\/\/secure.gravatar.com\/avatar\/b34fc4f4e468a4e51785917065a3db57b841f5c95dba6ad8c73aaf8f66f8f9bf?s=96&d=mm&r=g","contentUrl":"https:\/\/secure.gravatar.com\/avatar\/b34fc4f4e468a4e51785917065a3db57b841f5c95dba6ad8c73aaf8f66f8f9bf?s=96&d=mm&r=g","caption":"Comunica\u00e7\u00e3o PSOL"}}]}},"_links":{"self":[{"href":"https:\/\/psol50.org.br\/rest\/wp\/v2\/posts\/19900","targetHints":{"allow":["GET"]}}],"collection":[{"href":"https:\/\/psol50.org.br\/rest\/wp\/v2\/posts"}],"about":[{"href":"https:\/\/psol50.org.br\/rest\/wp\/v2\/types\/post"}],"author":[{"embeddable":true,"href":"https:\/\/psol50.org.br\/rest\/wp\/v2\/users\/2"}],"replies":[{"embeddable":true,"href":"https:\/\/psol50.org.br\/rest\/wp\/v2\/comments?post=19900"}],"version-history":[{"count":0,"href":"https:\/\/psol50.org.br\/rest\/wp\/v2\/posts\/19900\/revisions"}],"wp:featuredmedia":[{"embeddable":true,"href":"https:\/\/psol50.org.br\/rest\/wp\/v2\/media\/19901"}],"wp:attachment":[{"href":"https:\/\/psol50.org.br\/rest\/wp\/v2\/media?parent=19900"}],"wp:term":[{"taxonomy":"category","embeddable":true,"href":"https:\/\/psol50.org.br\/rest\/wp\/v2\/categories?post=19900"},{"taxonomy":"post_tag","embeddable":true,"href":"https:\/\/psol50.org.br\/rest\/wp\/v2\/tags?post=19900"}],"curies":[{"name":"wp","href":"https:\/\/api.w.org\/{rel}","templated":true}]}}