{"id":19914,"date":"2018-02-20T10:53:33","date_gmt":"2018-02-20T13:53:33","guid":{"rendered":"http:\/\/www.psol50.org.br\/?p=19914"},"modified":"2018-02-20T10:53:33","modified_gmt":"2018-02-20T13:53:33","slug":"na-camara-psol-denuncia-carater-hipocrita-e-eleitoreiro-da-intervencao-de-temer-no-rio","status":"publish","type":"post","link":"https:\/\/psol50.org.br\/na-camara-psol-denuncia-carater-hipocrita-e-eleitoreiro-da-intervencao-de-temer-no-rio\/","title":{"rendered":"Na C\u00e2mara, PSOL denuncia car\u00e1ter hip\u00f3crita e eleitoreiro da interven\u00e7\u00e3o de Temer no Rio"},"content":{"rendered":"<p>O governo ileg\u00edtimo de Michel Temer, com amplo apoio de sua base aliada, avan\u00e7ou v\u00e1rias casas no aprofundamento do golpe em curso, com a aprova\u00e7\u00e3o, na madrugada desta ter\u00e7a-feira (20), da interven\u00e7\u00e3o federal na seguran\u00e7a p\u00fablica do estado do Rio de Janeiro. O\u00a0<a href=\"http:\/\/www2.camara.leg.br\/legin\/fed\/decret\/2018\/decreto-9288-16-fevereiro-2018-786175-publicacaooriginal-154875-pe.html\" target=\"_blank\" rel=\"noopener\"><span style=\"color: #0000ff;\"><strong>decreto,<\/strong><\/span><\/a>\u00a0assinado por Temer na \u00faltima sexta-feira (16), teve 340 votos favor\u00e1veis e 72 contr\u00e1rios, incluindo toda a bancada do PSOL na C\u00e2mara. A vota\u00e7\u00e3o na C\u00e2mara contou, ainda, com grande esfor\u00e7o do presidente Rodrigo Maia (DEM), principal aliado do Pal\u00e1cio do Planalto.\u00a0O texto segue agora para o Senado Federal na forma do Projeto de Decreto Legislativo (PDC) 886\/18.<\/p>\n<p>Durante toda a sess\u00e3o, que durou mais de seis horas, os deputados do partido denunciaram o que est\u00e1 por tr\u00e1s da medida do governo, que conta com o apoio de Luiz Fernando Pez\u00e3o, governador do Rio e do mesmo partido de Temer (PMDB). Mais cedo, a bancada protocolou no Supremo Tribunal Federal (STF) um <a href=\"http:\/\/www.psol50.org.br\/inc\/uploads\/2018\/02\/MS-intervenc%CC%A7a%CC%83o-federal-Assinado.pdf\" target=\"_blank\" rel=\"noopener\"><span style=\"color: #0000ff;\"><strong>mandado de seguran\u00e7a<\/strong><\/span><\/a>\u00a0para suspender a vota\u00e7\u00e3o.<\/p>\n<p>O l\u00edder do partido, deputado Ivan Valente (SP), denunciou, no encaminhamento do voto do PSOL,\u00a0o oportunismo eleitoreiro contido na iniciativa de Temer e a manipula\u00e7\u00e3o dos fatos em rela\u00e7\u00e3o \u00e0 situa\u00e7\u00e3o da seguran\u00e7a p\u00fablica do Rio de Janeiro. &#8220;Tem gente que tem medo que o medo acabe. Porque se acabar, vai acabar com esse oportunismo c\u00ednico e hip\u00f3crita. Que s\u00e3o os brasileiros que est\u00e3o l\u00e1 (nas favelas do Rio)? S\u00e3o os pobres, os negros, as trabalhadoras e os trabalhadores brasileiros. \u00c9 disso que se trata&#8221;, denunciou Valente.<\/p>\n<blockquote class=\"twitter-tweet\" data-width=\"550\" data-dnt=\"true\">\n<p lang=\"pt\" dir=\"ltr\">O oportunismo eleitoreiro precisa do medo para sobreviver. Dep. <a href=\"https:\/\/twitter.com\/IvanValente?ref_src=twsrc%5Etfw\">@ivanvalente<\/a> fala pela bancada do PSOL em discuss\u00e3o sobre interven\u00e7\u00e3o militar no Rio: <a href=\"https:\/\/t.co\/P5y0L5jW34\">pic.twitter.com\/P5y0L5jW34<\/a><\/p>\n<p>&mdash; PSOL 50 (@psol50) <a href=\"https:\/\/twitter.com\/psol50\/status\/965784068498522112?ref_src=twsrc%5Etfw\">February 20, 2018<\/a><\/p><\/blockquote>\n<p><script async src=\"https:\/\/platform.twitter.com\/widgets.js\" charset=\"utf-8\"><\/script><\/p>\n<p>Na mesma linha do l\u00edder, o deputado Glauber Braga (RJ) disse que a interven\u00e7\u00e3o federal no Rio \u00e9 uma manobra eleitoreira e midi\u00e1tica, de um governo que n\u00e3o se sustenta. &#8220;Fazer com que esse decreto seja aprovado sem uma ampla discuss\u00e3o com a sociedade brasileira \u00e9 simplesmente fazer o jogo com aqueles que s\u00e3o uma quadrilha articulada com o crime organizado, comandada pelo senhor Michel Temer&#8221;, questionou Braga.<\/p>\n<blockquote class=\"twitter-tweet\" data-width=\"550\" data-dnt=\"true\">\n<p lang=\"pt\" dir=\"ltr\">Deputado <a href=\"https:\/\/twitter.com\/Glauber_Braga?ref_src=twsrc%5Etfw\">@Glauber_Braga<\/a> traduz o decreto de interven\u00e7\u00e3o federal do Rio: manobra eleitoral e midi\u00e1tica de um governo afundado em corrup\u00e7\u00e3o. <a href=\"https:\/\/t.co\/xDpOjAncmL\">pic.twitter.com\/xDpOjAncmL<\/a><\/p>\n<p>&mdash; PSOL 50 (@psol50) <a href=\"https:\/\/twitter.com\/psol50\/status\/965768623456387072?ref_src=twsrc%5Etfw\">February 20, 2018<\/a><\/p><\/blockquote>\n<p><script async src=\"https:\/\/platform.twitter.com\/widgets.js\" charset=\"utf-8\"><\/script><\/p>\n<p>Tamb\u00e9m eleito pelo Rio de Janeiro, o deputado Chico Alencar destacou que a medida n\u00e3o ajuda na supera\u00e7\u00e3o dos problemas do pa\u00eds na \u00e1rea da seguran\u00e7a p\u00fablica. &#8220;Ela tem um vi\u00e9s publicit\u00e1rio e eleitoral, de um governo que tava sem pauta e muito impopular e que agora quer jogar a credibilidade, que de fato o Ex\u00e9rcito tem hoje no Brasil, para que seja um escudo do governo Michel Temer&#8221;.<\/p>\n<div class=\"youtube-embed\" data-video_id=\"QY93URjpl24\"><iframe loading=\"lazy\" title=\"Dep. Chico Alencar (PSOL-RJ) se op\u00f5e \u00e0 interven\u00e7\u00e3o federal no Rio de Janeiro\" width=\"696\" height=\"522\" src=\"https:\/\/www.youtube.com\/embed\/QY93URjpl24?feature=oembed&#038;enablejsapi=1\" frameborder=\"0\" allow=\"accelerometer; autoplay; clipboard-write; encrypted-media; gyroscope; picture-in-picture\" allowfullscreen><\/iframe><\/div>\n<p>&nbsp;<\/p>\n","protected":false},"excerpt":{"rendered":"<p>O governo ileg\u00edtimo de Michel Temer, com amplo apoio de sua base aliada, avan\u00e7ou v\u00e1rias casas no aprofundamento do golpe em curso, com a aprova\u00e7\u00e3o, na madrugada desta ter\u00e7a-feira (20), da interven\u00e7\u00e3o federal na seguran\u00e7a p\u00fablica do estado do Rio de Janeiro. O\u00a0decreto,\u00a0assinado por Temer na \u00faltima sexta-feira (16), teve 340 votos favor\u00e1veis e 72 [&hellip;]<\/p>\n","protected":false},"author":2,"featured_media":19915,"comment_status":"open","ping_status":"open","sticky":false,"template":"","format":"standard","meta":{"_acf_changed":false,"footnotes":""},"categories":[10,1882,6],"tags":[2066,1680,1191,2247,2239,552,2240,2248,1748,162,64,538],"class_list":{"0":"post-19914","1":"post","2":"type-post","3":"status-publish","4":"format-standard","5":"has-post-thumbnail","7":"category-acao-parlamentares","8":"category-brasil","9":"category-noticias","10":"tag-bancada-do-psol-na-camara","11":"tag-chico-alencar","12":"tag-glauber-braga","13":"tag-hopocrisia","14":"tag-intervencao-federal","15":"tag-ivan-valente","16":"tag-luiz-fernando-pezao","17":"tag-medida-eleitoreira","18":"tag-michel-temer","19":"tag-rio-de-janeiro","20":"tag-rodrigo-maia","21":"tag-seguranca-publica"},"acf":[],"yoast_head":"<!-- This site is optimized with the Yoast SEO plugin v26.5 - https:\/\/yoast.com\/wordpress\/plugins\/seo\/ -->\n<title>Na C\u00e2mara, PSOL denuncia car\u00e1ter hip\u00f3crita e eleitoreiro da interven\u00e7\u00e3o de Temer no Rio - PSOL 50<\/title>\n<meta name=\"robots\" content=\"index, follow, max-snippet:-1, max-image-preview:large, max-video-preview:-1\" \/>\n<link rel=\"canonical\" href=\"https:\/\/psol50.org.br\/na-camara-psol-denuncia-carater-hipocrita-e-eleitoreiro-da-intervencao-de-temer-no-rio\/\" \/>\n<meta property=\"og:locale\" content=\"pt_BR\" \/>\n<meta property=\"og:type\" content=\"article\" \/>\n<meta property=\"og:title\" content=\"Na C\u00e2mara, PSOL denuncia car\u00e1ter hip\u00f3crita e eleitoreiro da interven\u00e7\u00e3o de Temer no Rio - PSOL 50\" \/>\n<meta property=\"og:description\" content=\"O governo ileg\u00edtimo de Michel Temer, com amplo apoio de sua base aliada, avan\u00e7ou v\u00e1rias casas no aprofundamento do golpe em curso, com a aprova\u00e7\u00e3o, na madrugada desta ter\u00e7a-feira (20), da interven\u00e7\u00e3o federal na seguran\u00e7a p\u00fablica do estado do Rio de Janeiro. O\u00a0decreto,\u00a0assinado por Temer na \u00faltima sexta-feira (16), teve 340 votos favor\u00e1veis e 72 [&hellip;]\" \/>\n<meta property=\"og:url\" content=\"https:\/\/psol50.org.br\/na-camara-psol-denuncia-carater-hipocrita-e-eleitoreiro-da-intervencao-de-temer-no-rio\/\" \/>\n<meta property=\"og:site_name\" content=\"PSOL 50\" \/>\n<meta property=\"article:publisher\" content=\"https:\/\/www.facebook.com\/psol50\" \/>\n<meta property=\"article:published_time\" content=\"2018-02-20T13:53:33+00:00\" \/>\n<meta property=\"og:image\" content=\"https:\/\/psol50.org.br\/inc\/uploads\/2018\/02\/Pezao_Temer_TomazSilva_ABr.jpg\" \/>\n\t<meta property=\"og:image:width\" content=\"1350\" \/>\n\t<meta property=\"og:image:height\" content=\"900\" \/>\n\t<meta property=\"og:image:type\" content=\"image\/jpeg\" \/>\n<meta name=\"author\" content=\"Comunica\u00e7\u00e3o PSOL\" \/>\n<meta name=\"twitter:card\" content=\"summary_large_image\" \/>\n<meta name=\"twitter:creator\" content=\"@psol50\" \/>\n<meta name=\"twitter:site\" content=\"@psol50\" \/>\n<meta name=\"twitter:label1\" content=\"Escrito por\" \/>\n\t<meta name=\"twitter:data1\" content=\"Comunica\u00e7\u00e3o PSOL\" \/>\n\t<meta name=\"twitter:label2\" content=\"Est. tempo de leitura\" \/>\n\t<meta name=\"twitter:data2\" content=\"2 minutos\" \/>\n<script type=\"application\/ld+json\" class=\"yoast-schema-graph\">{\"@context\":\"https:\/\/schema.org\",\"@graph\":[{\"@type\":\"Article\",\"@id\":\"https:\/\/psol50.org.br\/na-camara-psol-denuncia-carater-hipocrita-e-eleitoreiro-da-intervencao-de-temer-no-rio\/#article\",\"isPartOf\":{\"@id\":\"https:\/\/psol50.org.br\/na-camara-psol-denuncia-carater-hipocrita-e-eleitoreiro-da-intervencao-de-temer-no-rio\/\"},\"author\":{\"name\":\"Comunica\u00e7\u00e3o PSOL\",\"@id\":\"https:\/\/psol50.org.br\/#\/schema\/person\/475dfa57d0b815993c714c2e96491fcd\"},\"headline\":\"Na C\u00e2mara, PSOL denuncia car\u00e1ter hip\u00f3crita e eleitoreiro da interven\u00e7\u00e3o de Temer no Rio\",\"datePublished\":\"2018-02-20T13:53:33+00:00\",\"mainEntityOfPage\":{\"@id\":\"https:\/\/psol50.org.br\/na-camara-psol-denuncia-carater-hipocrita-e-eleitoreiro-da-intervencao-de-temer-no-rio\/\"},\"wordCount\":467,\"commentCount\":0,\"publisher\":{\"@id\":\"https:\/\/psol50.org.br\/#organization\"},\"image\":{\"@id\":\"https:\/\/psol50.org.br\/na-camara-psol-denuncia-carater-hipocrita-e-eleitoreiro-da-intervencao-de-temer-no-rio\/#primaryimage\"},\"thumbnailUrl\":\"https:\/\/psol50.org.br\/inc\/uploads\/2018\/02\/Pezao_Temer_TomazSilva_ABr.jpg\",\"keywords\":[\"bancada do PSOL na C\u00e2mara\",\"Chico Alencar\",\"Glauber Braga\",\"hopocrisia\",\"interven\u00e7\u00e3o federal\",\"Ivan Valente\",\"Luiz Fernando Pez\u00e3o\",\"medida eleitoreira\",\"Michel Temer\",\"Rio de Janeiro\",\"Rodrigo Maia\",\"Seguran\u00e7a P\u00fablica\"],\"articleSection\":[\"A\u00e7\u00e3o Parlamentar\",\"Brasil\",\"Not\u00edcias\"],\"inLanguage\":\"pt-BR\",\"potentialAction\":[{\"@type\":\"CommentAction\",\"name\":\"Comment\",\"target\":[\"https:\/\/psol50.org.br\/na-camara-psol-denuncia-carater-hipocrita-e-eleitoreiro-da-intervencao-de-temer-no-rio\/#respond\"]}]},{\"@type\":\"WebPage\",\"@id\":\"https:\/\/psol50.org.br\/na-camara-psol-denuncia-carater-hipocrita-e-eleitoreiro-da-intervencao-de-temer-no-rio\/\",\"url\":\"https:\/\/psol50.org.br\/na-camara-psol-denuncia-carater-hipocrita-e-eleitoreiro-da-intervencao-de-temer-no-rio\/\",\"name\":\"Na C\u00e2mara, PSOL denuncia car\u00e1ter hip\u00f3crita e eleitoreiro da interven\u00e7\u00e3o de Temer no Rio - PSOL 50\",\"isPartOf\":{\"@id\":\"https:\/\/psol50.org.br\/#website\"},\"primaryImageOfPage\":{\"@id\":\"https:\/\/psol50.org.br\/na-camara-psol-denuncia-carater-hipocrita-e-eleitoreiro-da-intervencao-de-temer-no-rio\/#primaryimage\"},\"image\":{\"@id\":\"https:\/\/psol50.org.br\/na-camara-psol-denuncia-carater-hipocrita-e-eleitoreiro-da-intervencao-de-temer-no-rio\/#primaryimage\"},\"thumbnailUrl\":\"https:\/\/psol50.org.br\/inc\/uploads\/2018\/02\/Pezao_Temer_TomazSilva_ABr.jpg\",\"datePublished\":\"2018-02-20T13:53:33+00:00\",\"breadcrumb\":{\"@id\":\"https:\/\/psol50.org.br\/na-camara-psol-denuncia-carater-hipocrita-e-eleitoreiro-da-intervencao-de-temer-no-rio\/#breadcrumb\"},\"inLanguage\":\"pt-BR\",\"potentialAction\":[{\"@type\":\"ReadAction\",\"target\":[\"https:\/\/psol50.org.br\/na-camara-psol-denuncia-carater-hipocrita-e-eleitoreiro-da-intervencao-de-temer-no-rio\/\"]}]},{\"@type\":\"ImageObject\",\"inLanguage\":\"pt-BR\",\"@id\":\"https:\/\/psol50.org.br\/na-camara-psol-denuncia-carater-hipocrita-e-eleitoreiro-da-intervencao-de-temer-no-rio\/#primaryimage\",\"url\":\"https:\/\/psol50.org.br\/inc\/uploads\/2018\/02\/Pezao_Temer_TomazSilva_ABr.jpg\",\"contentUrl\":\"https:\/\/psol50.org.br\/inc\/uploads\/2018\/02\/Pezao_Temer_TomazSilva_ABr.jpg\",\"width\":1350,\"height\":900},{\"@type\":\"BreadcrumbList\",\"@id\":\"https:\/\/psol50.org.br\/na-camara-psol-denuncia-carater-hipocrita-e-eleitoreiro-da-intervencao-de-temer-no-rio\/#breadcrumb\",\"itemListElement\":[{\"@type\":\"ListItem\",\"position\":1,\"name\":\"In\u00edcio\",\"item\":\"https:\/\/psol50.org.br\/\"},{\"@type\":\"ListItem\",\"position\":2,\"name\":\"Na C\u00e2mara, PSOL denuncia car\u00e1ter hip\u00f3crita e eleitoreiro da interven\u00e7\u00e3o de Temer no Rio\"}]},{\"@type\":\"WebSite\",\"@id\":\"https:\/\/psol50.org.br\/#website\",\"url\":\"https:\/\/psol50.org.br\/\",\"name\":\"PSOL 50\",\"description\":\"Site oficial do Partido Socialismo e Liberdade\",\"publisher\":{\"@id\":\"https:\/\/psol50.org.br\/#organization\"},\"alternateName\":\"PSOL50\",\"potentialAction\":[{\"@type\":\"SearchAction\",\"target\":{\"@type\":\"EntryPoint\",\"urlTemplate\":\"https:\/\/psol50.org.br\/?s={search_term_string}\"},\"query-input\":{\"@type\":\"PropertyValueSpecification\",\"valueRequired\":true,\"valueName\":\"search_term_string\"}}],\"inLanguage\":\"pt-BR\"},{\"@type\":\"Organization\",\"@id\":\"https:\/\/psol50.org.br\/#organization\",\"name\":\"PSOL 50\",\"alternateName\":\"PSOL 50\",\"url\":\"https:\/\/psol50.org.br\/\",\"logo\":{\"@type\":\"ImageObject\",\"inLanguage\":\"pt-BR\",\"@id\":\"https:\/\/psol50.org.br\/#\/schema\/logo\/image\/\",\"url\":\"https:\/\/psol50.org.br\/inc\/uploads\/2018\/07\/capa.png\",\"contentUrl\":\"https:\/\/psol50.org.br\/inc\/uploads\/2018\/07\/capa.png\",\"width\":1350,\"height\":900,\"caption\":\"PSOL 50\"},\"image\":{\"@id\":\"https:\/\/psol50.org.br\/#\/schema\/logo\/image\/\"},\"sameAs\":[\"https:\/\/www.facebook.com\/psol50\",\"https:\/\/x.com\/psol50\",\"https:\/\/www.instagram.com\/psol50\/\",\"https:\/\/www.youtube.com\/channel\/UC7SnJS5o1os7a6CaiNabzcg\"]},{\"@type\":\"Person\",\"@id\":\"https:\/\/psol50.org.br\/#\/schema\/person\/475dfa57d0b815993c714c2e96491fcd\",\"name\":\"Comunica\u00e7\u00e3o PSOL\",\"image\":{\"@type\":\"ImageObject\",\"inLanguage\":\"pt-BR\",\"@id\":\"https:\/\/psol50.org.br\/#\/schema\/person\/image\/\",\"url\":\"https:\/\/secure.gravatar.com\/avatar\/b34fc4f4e468a4e51785917065a3db57b841f5c95dba6ad8c73aaf8f66f8f9bf?s=96&d=mm&r=g\",\"contentUrl\":\"https:\/\/secure.gravatar.com\/avatar\/b34fc4f4e468a4e51785917065a3db57b841f5c95dba6ad8c73aaf8f66f8f9bf?s=96&d=mm&r=g\",\"caption\":\"Comunica\u00e7\u00e3o PSOL\"}}]}<\/script>\n<!-- \/ Yoast SEO plugin. -->","yoast_head_json":{"title":"Na C\u00e2mara, PSOL denuncia car\u00e1ter hip\u00f3crita e eleitoreiro da interven\u00e7\u00e3o de Temer no Rio - PSOL 50","robots":{"index":"index","follow":"follow","max-snippet":"max-snippet:-1","max-image-preview":"max-image-preview:large","max-video-preview":"max-video-preview:-1"},"canonical":"https:\/\/psol50.org.br\/na-camara-psol-denuncia-carater-hipocrita-e-eleitoreiro-da-intervencao-de-temer-no-rio\/","og_locale":"pt_BR","og_type":"article","og_title":"Na C\u00e2mara, PSOL denuncia car\u00e1ter hip\u00f3crita e eleitoreiro da interven\u00e7\u00e3o de Temer no Rio - PSOL 50","og_description":"O governo ileg\u00edtimo de Michel Temer, com amplo apoio de sua base aliada, avan\u00e7ou v\u00e1rias casas no aprofundamento do golpe em curso, com a aprova\u00e7\u00e3o, na madrugada desta ter\u00e7a-feira (20), da interven\u00e7\u00e3o federal na seguran\u00e7a p\u00fablica do estado do Rio de Janeiro. O\u00a0decreto,\u00a0assinado por Temer na \u00faltima sexta-feira (16), teve 340 votos favor\u00e1veis e 72 [&hellip;]","og_url":"https:\/\/psol50.org.br\/na-camara-psol-denuncia-carater-hipocrita-e-eleitoreiro-da-intervencao-de-temer-no-rio\/","og_site_name":"PSOL 50","article_publisher":"https:\/\/www.facebook.com\/psol50","article_published_time":"2018-02-20T13:53:33+00:00","og_image":[{"width":1350,"height":900,"url":"https:\/\/psol50.org.br\/inc\/uploads\/2018\/02\/Pezao_Temer_TomazSilva_ABr.jpg","type":"image\/jpeg"}],"author":"Comunica\u00e7\u00e3o PSOL","twitter_card":"summary_large_image","twitter_creator":"@psol50","twitter_site":"@psol50","twitter_misc":{"Escrito por":"Comunica\u00e7\u00e3o PSOL","Est. tempo de leitura":"2 minutos"},"schema":{"@context":"https:\/\/schema.org","@graph":[{"@type":"Article","@id":"https:\/\/psol50.org.br\/na-camara-psol-denuncia-carater-hipocrita-e-eleitoreiro-da-intervencao-de-temer-no-rio\/#article","isPartOf":{"@id":"https:\/\/psol50.org.br\/na-camara-psol-denuncia-carater-hipocrita-e-eleitoreiro-da-intervencao-de-temer-no-rio\/"},"author":{"name":"Comunica\u00e7\u00e3o PSOL","@id":"https:\/\/psol50.org.br\/#\/schema\/person\/475dfa57d0b815993c714c2e96491fcd"},"headline":"Na C\u00e2mara, PSOL denuncia car\u00e1ter hip\u00f3crita e eleitoreiro da interven\u00e7\u00e3o de Temer no Rio","datePublished":"2018-02-20T13:53:33+00:00","mainEntityOfPage":{"@id":"https:\/\/psol50.org.br\/na-camara-psol-denuncia-carater-hipocrita-e-eleitoreiro-da-intervencao-de-temer-no-rio\/"},"wordCount":467,"commentCount":0,"publisher":{"@id":"https:\/\/psol50.org.br\/#organization"},"image":{"@id":"https:\/\/psol50.org.br\/na-camara-psol-denuncia-carater-hipocrita-e-eleitoreiro-da-intervencao-de-temer-no-rio\/#primaryimage"},"thumbnailUrl":"https:\/\/psol50.org.br\/inc\/uploads\/2018\/02\/Pezao_Temer_TomazSilva_ABr.jpg","keywords":["bancada do PSOL na C\u00e2mara","Chico Alencar","Glauber Braga","hopocrisia","interven\u00e7\u00e3o federal","Ivan Valente","Luiz Fernando Pez\u00e3o","medida eleitoreira","Michel Temer","Rio de Janeiro","Rodrigo Maia","Seguran\u00e7a P\u00fablica"],"articleSection":["A\u00e7\u00e3o Parlamentar","Brasil","Not\u00edcias"],"inLanguage":"pt-BR","potentialAction":[{"@type":"CommentAction","name":"Comment","target":["https:\/\/psol50.org.br\/na-camara-psol-denuncia-carater-hipocrita-e-eleitoreiro-da-intervencao-de-temer-no-rio\/#respond"]}]},{"@type":"WebPage","@id":"https:\/\/psol50.org.br\/na-camara-psol-denuncia-carater-hipocrita-e-eleitoreiro-da-intervencao-de-temer-no-rio\/","url":"https:\/\/psol50.org.br\/na-camara-psol-denuncia-carater-hipocrita-e-eleitoreiro-da-intervencao-de-temer-no-rio\/","name":"Na C\u00e2mara, PSOL denuncia car\u00e1ter hip\u00f3crita e eleitoreiro da interven\u00e7\u00e3o de Temer no Rio - PSOL 50","isPartOf":{"@id":"https:\/\/psol50.org.br\/#website"},"primaryImageOfPage":{"@id":"https:\/\/psol50.org.br\/na-camara-psol-denuncia-carater-hipocrita-e-eleitoreiro-da-intervencao-de-temer-no-rio\/#primaryimage"},"image":{"@id":"https:\/\/psol50.org.br\/na-camara-psol-denuncia-carater-hipocrita-e-eleitoreiro-da-intervencao-de-temer-no-rio\/#primaryimage"},"thumbnailUrl":"https:\/\/psol50.org.br\/inc\/uploads\/2018\/02\/Pezao_Temer_TomazSilva_ABr.jpg","datePublished":"2018-02-20T13:53:33+00:00","breadcrumb":{"@id":"https:\/\/psol50.org.br\/na-camara-psol-denuncia-carater-hipocrita-e-eleitoreiro-da-intervencao-de-temer-no-rio\/#breadcrumb"},"inLanguage":"pt-BR","potentialAction":[{"@type":"ReadAction","target":["https:\/\/psol50.org.br\/na-camara-psol-denuncia-carater-hipocrita-e-eleitoreiro-da-intervencao-de-temer-no-rio\/"]}]},{"@type":"ImageObject","inLanguage":"pt-BR","@id":"https:\/\/psol50.org.br\/na-camara-psol-denuncia-carater-hipocrita-e-eleitoreiro-da-intervencao-de-temer-no-rio\/#primaryimage","url":"https:\/\/psol50.org.br\/inc\/uploads\/2018\/02\/Pezao_Temer_TomazSilva_ABr.jpg","contentUrl":"https:\/\/psol50.org.br\/inc\/uploads\/2018\/02\/Pezao_Temer_TomazSilva_ABr.jpg","width":1350,"height":900},{"@type":"BreadcrumbList","@id":"https:\/\/psol50.org.br\/na-camara-psol-denuncia-carater-hipocrita-e-eleitoreiro-da-intervencao-de-temer-no-rio\/#breadcrumb","itemListElement":[{"@type":"ListItem","position":1,"name":"In\u00edcio","item":"https:\/\/psol50.org.br\/"},{"@type":"ListItem","position":2,"name":"Na C\u00e2mara, PSOL denuncia car\u00e1ter hip\u00f3crita e eleitoreiro da interven\u00e7\u00e3o de Temer no Rio"}]},{"@type":"WebSite","@id":"https:\/\/psol50.org.br\/#website","url":"https:\/\/psol50.org.br\/","name":"PSOL 50","description":"Site oficial do Partido Socialismo e Liberdade","publisher":{"@id":"https:\/\/psol50.org.br\/#organization"},"alternateName":"PSOL50","potentialAction":[{"@type":"SearchAction","target":{"@type":"EntryPoint","urlTemplate":"https:\/\/psol50.org.br\/?s={search_term_string}"},"query-input":{"@type":"PropertyValueSpecification","valueRequired":true,"valueName":"search_term_string"}}],"inLanguage":"pt-BR"},{"@type":"Organization","@id":"https:\/\/psol50.org.br\/#organization","name":"PSOL 50","alternateName":"PSOL 50","url":"https:\/\/psol50.org.br\/","logo":{"@type":"ImageObject","inLanguage":"pt-BR","@id":"https:\/\/psol50.org.br\/#\/schema\/logo\/image\/","url":"https:\/\/psol50.org.br\/inc\/uploads\/2018\/07\/capa.png","contentUrl":"https:\/\/psol50.org.br\/inc\/uploads\/2018\/07\/capa.png","width":1350,"height":900,"caption":"PSOL 50"},"image":{"@id":"https:\/\/psol50.org.br\/#\/schema\/logo\/image\/"},"sameAs":["https:\/\/www.facebook.com\/psol50","https:\/\/x.com\/psol50","https:\/\/www.instagram.com\/psol50\/","https:\/\/www.youtube.com\/channel\/UC7SnJS5o1os7a6CaiNabzcg"]},{"@type":"Person","@id":"https:\/\/psol50.org.br\/#\/schema\/person\/475dfa57d0b815993c714c2e96491fcd","name":"Comunica\u00e7\u00e3o PSOL","image":{"@type":"ImageObject","inLanguage":"pt-BR","@id":"https:\/\/psol50.org.br\/#\/schema\/person\/image\/","url":"https:\/\/secure.gravatar.com\/avatar\/b34fc4f4e468a4e51785917065a3db57b841f5c95dba6ad8c73aaf8f66f8f9bf?s=96&d=mm&r=g","contentUrl":"https:\/\/secure.gravatar.com\/avatar\/b34fc4f4e468a4e51785917065a3db57b841f5c95dba6ad8c73aaf8f66f8f9bf?s=96&d=mm&r=g","caption":"Comunica\u00e7\u00e3o PSOL"}}]}},"_links":{"self":[{"href":"https:\/\/psol50.org.br\/rest\/wp\/v2\/posts\/19914","targetHints":{"allow":["GET"]}}],"collection":[{"href":"https:\/\/psol50.org.br\/rest\/wp\/v2\/posts"}],"about":[{"href":"https:\/\/psol50.org.br\/rest\/wp\/v2\/types\/post"}],"author":[{"embeddable":true,"href":"https:\/\/psol50.org.br\/rest\/wp\/v2\/users\/2"}],"replies":[{"embeddable":true,"href":"https:\/\/psol50.org.br\/rest\/wp\/v2\/comments?post=19914"}],"version-history":[{"count":0,"href":"https:\/\/psol50.org.br\/rest\/wp\/v2\/posts\/19914\/revisions"}],"wp:featuredmedia":[{"embeddable":true,"href":"https:\/\/psol50.org.br\/rest\/wp\/v2\/media\/19915"}],"wp:attachment":[{"href":"https:\/\/psol50.org.br\/rest\/wp\/v2\/media?parent=19914"}],"wp:term":[{"taxonomy":"category","embeddable":true,"href":"https:\/\/psol50.org.br\/rest\/wp\/v2\/categories?post=19914"},{"taxonomy":"post_tag","embeddable":true,"href":"https:\/\/psol50.org.br\/rest\/wp\/v2\/tags?post=19914"}],"curies":[{"name":"wp","href":"https:\/\/api.w.org\/{rel}","templated":true}]}}