{"id":1992,"date":"2013-05-16T00:00:00","date_gmt":"2013-05-16T00:00:00","guid":{"rendered":"http:\/\/psol50.org.br\/arquivo\/2013\/05\/16\/ao-se-pronunciar-contra-a-mp-dos-portos-randolfe-cobra-coerencia-de-partidos-que-historicamente-eram-contra-as-privatizacoes\/"},"modified":"2013-05-16T00:00:00","modified_gmt":"2013-05-16T00:00:00","slug":"ao-se-pronunciar-contra-a-mp-dos-portos-randolfe-cobra-coerencia-de-partidos-que-historicamente-eram-contra-as-privatizacoes","status":"publish","type":"post","link":"https:\/\/psol50.org.br\/ao-se-pronunciar-contra-a-mp-dos-portos-randolfe-cobra-coerencia-de-partidos-que-historicamente-eram-contra-as-privatizacoes\/","title":{"rendered":"Ao se pronunciar contra a MP dos Portos, Randolfe cobra coer\u00eancia de partidos que historicamente eram contra as privatiza\u00e7\u00f5es"},"content":{"rendered":"<p class=\"western\" style=\"margin-bottom: 0cm; text-align: justify;\">\n\t<em>Do site do PSOL Nacional &#8211; Leonor Costa<\/em><\/p>\n<p>\tEm pronunciamento na sess\u00e3o que votou a MP dos Portos (<a href=\"http:\/\/www.senado.gov.br\/atividade\/materia\/detalhes.asp?p_cod_mate=109494\">MP 595\/2012<\/a>), nesta quinta-feira (16), o senador Randolfe Rodrigues (PSOL-AP), ao afirmar que o projeto abre brechas para a privatiza\u00e7\u00e3o, cobrou coer\u00eancia dos partidos que historicamente se posicionavam contr\u00e1rios \u00e0 abertura do setor para a iniciativa privada, citando o PT, o PSB e o PCdoB. \u201cSenadora K\u00e1tia Abreu veio aqui e falou do hist\u00f3rico de h\u00e1 quanto tempo ela tenta aprovar esse tipo de modifica\u00e7\u00e3o. E por que ela n\u00e3o conseguiu? N\u00e3o conseguia porque tinha obstru\u00e7\u00e3o no Congresso Nacional na \u00e9poca de n\u00f3s, do Partidos dos Trabalhadores, do Partido Socialista Brasileiro, do Partido Comunista do Brasil. Por isso o que tem que ser aguido aqui \u00e9 a coer\u00eancia, porque o foco e o m\u00e9rito do debate que est\u00e1 aqui \u00e9 sobre o papel que o Estado deve cumprir. Este seria o primeiro aspecto a ser debatido. O que est\u00e1 sendo revelado aqui \u00e9 mais uma flagrante mudan\u00e7a de posi\u00e7\u00f5es. Das posi\u00e7\u00f5es hist\u00f3ricas que foram defendidas outrora pelo Partido dos Trabalhadores, pelo PSB, pelo PCdoB\u201d, afirmou o senador amapaense, que foi um dos sete que votaram contra a MP.<\/p>\n<p>\tA mat\u00e9ria, que estabelece novas regras para concess\u00f5es, arrendamentos e autoriza\u00e7\u00f5es de instala\u00e7\u00f5es portu\u00e1rias, teve 53 votos favor\u00e1veis, incluindo os dos partidos citados por Randolfe, e 5 absten\u00e7\u00f5es. A vota\u00e7\u00e3o foi marcada por cr\u00edticas de v\u00e1rios senadores, pelo fato de o Senado ter tido menos de 14 horas para discutir e votar o texto. \u201cEstou aqui, pelo Partido Socialismo e Liberdade, para defender que essa Medida Provis\u00f3ria, no seu m\u00e9rito, \u00e9 contr\u00e1ria aos valores defendidos por n\u00f3s, pela esquerda\u201d, enfatizou Randolfe, quando encaminhou seu voto contr\u00e1rio \u00e0 proposta.<\/p>\n<p>\tPara refor\u00e7ar seus argumentos, o senador destacou que a MP possibilita que a presta\u00e7\u00e3o de servi\u00e7os p\u00fablicos dos portos passem a ser feita por empresas privadas sem a necessidade de licita\u00e7\u00e3o. \u201c\u00c9 uma ode ao mercado. \u00c9 a submiss\u00e3o completa ao mercado. \u00c9 entregar de vez aos interesses do mercado (\u2026) Significa, na pr\u00e1tica, n\u00f3s flexibilizarmos e derrotarmos todo os mecanismos que existem de controle do Estado sobre os excessos (do mercado)\u201d, pontuou. Na sequ\u00eancia, Randolfe citou os artigos da Constitui\u00e7\u00e3o Federal, referentes \u00e0 regula\u00e7\u00e3o dos servi\u00e7os prestados no setor portu\u00e1rio, que s\u00e3o atingidos pela Medida Provis\u00f3ria aprovada hoje no Senado por orienta\u00e7\u00e3o do governo. \u201cEssa MP fere o artigo 175 da Constitui\u00e7\u00e3o, que compete exclusivamente \u00e0 Uni\u00e3o explorar diretamente ou mediante autoriza\u00e7\u00e3o concess\u00e3o ou permiss\u00e3o aos portos mar\u00edtimos. Se a Constitui\u00e7\u00e3o de 1988 disse isso para a gente, n\u00e3o \u00e9 ara n\u00f3s flexibilizarmos e flexibilizar com a cumplicidade &#8211; mais que a cumplicidade -, com a autoria daqueles \u2013 n\u00f3s, que eu me incluo &#8211; que outrora diverg\u00edamos do que est\u00e1 sendo colocado no m\u00e9rito dessa Medida Provis\u00f3ria\u201d, questionou.<\/p>\n<p>\tAo final de seu pronunciamento, Randolfe criticou o argumento utilizado pelos setores que defendem a proposta, de que trata-se de moderniza\u00e7\u00e3o do servi\u00e7o, quando na verdade \u00e9 a privatiza\u00e7\u00e3o para atender a empresas que querem se favorecer do poder p\u00fablico. \u201cA moderniza\u00e7\u00e3o tem que ser muito bem detalhada aqui. A alegada moderniza\u00e7\u00e3o \u00e9 sin\u00f4nimo de maracutaia para atender a meia d\u00fazia de interesses privados, \u00e0s custas do interesse p\u00fablico\u201d, ressaltou.<\/p>\n<p>\t<b>Na C\u00e2mara, bancada do PSOL tamb\u00e9m se posiciona contra a privatiza\u00e7\u00e3o<\/b><\/p>\n<p>\tA MP 595\/2012 teve sua vota\u00e7\u00e3o encerrada na C\u00e2mara dos Deputados na manh\u00e3 desta quinta-feira (16). Depois de mais de 40 horas de debate, em que deputados da base governista se utilizaram de todos os artif\u00edcios poss\u00edveis para garantir a aprova\u00e7\u00e3o da mat\u00e9ria, finalmente o governo conseguiu dar por encerrada a tramita\u00e7\u00e3o da Medida Provis\u00f3ria na C\u00e2mara e ficou cada vez mais perto de atingir o seu objetivo de abrir para a iniciativa privada a explora\u00e7\u00e3o do setor portu\u00e1rio brasileiro.<\/p>\n<p>\tA bancada do PSOL, em todas as sess\u00f5es que debateram a mat\u00e9ria na C\u00e2mara, se posicionou radicalmente contra o m\u00e9rito da proposta. Os deputados Ivan Valente, presidente e l\u00edder do PSOL, e Chico Alencar se revesaram na tribuna para fazer pronunciamento contr\u00e1rios \u00e0 proposta do governo. Jean Wyllys tamb\u00e9m engrossou a atua\u00e7\u00e3o do PSOL para que a MP fosse rejeitada.<\/p>\n<p>\tOs deputados do PSOL refor\u00e7aram o entendimento de que a MP dos Portos \u00e9, em nome da moderniza\u00e7\u00e3o, a plena privatiza\u00e7\u00e3o e o decl\u00ednio continuado dos portos p\u00fablicos.<\/p>\n<p>\tConfira abaixo os v\u00eddeos com os pronunciamentos do senador Randolfe Rodrigues e do deputado Ivan Valente.<\/p>\n<p class=\"western\" style=\"margin-bottom: 0cm\">\n\t<object height=\"366\" width=\"600\"><param name=\"movie\" value=\"http:\/\/www.youtube.com\/v\/gvIHaKvmNqg\" \/><param name=\"allowFullScreen\" value=\"true\" \/><param name=\"allowscriptaccess\" value=\"always\" \/><embed allowfullscreen=\"true\" allowscriptaccess=\"always\" height=\"366\" src=\"http:\/\/www.youtube.com\/v\/gvIHaKvmNqg\" type=\"application\/x-shockwave-flash\" width=\"600\"><\/embed><\/object><\/p>\n<p class=\"western\" style=\"margin-bottom: 0cm\">\n\t<object height=\"366\" width=\"600\"><param name=\"movie\" value=\"http:\/\/www.youtube.com\/v\/rT4oihZeQug\" \/><param name=\"allowFullScreen\" value=\"true\" \/><param name=\"allowscriptaccess\" value=\"always\" \/><embed allowfullscreen=\"true\" allowscriptaccess=\"always\" height=\"366\" src=\"http:\/\/www.youtube.com\/v\/rT4oihZeQug\" type=\"application\/x-shockwave-flash\" width=\"600\"><\/embed><\/object><\/p>\n<p class=\"western\" style=\"margin-bottom: 0cm\">\n\t&nbsp;<\/p>\n<p class=\"western\" style=\"margin-bottom: 0cm\">\n\t&nbsp;<\/p>\n<p class=\"western\" style=\"margin-bottom: 0cm\">\n\t&nbsp;<\/p>\n<p class=\"western\" style=\"margin-bottom: 0cm\">\n\t&nbsp;<\/p>\n<p class=\"western\" style=\"margin-bottom: 0cm\">\n\t&nbsp;<\/p>\n<p class=\"western\" style=\"margin-bottom: 0cm\">\n\t&nbsp;<\/p>\n<p class=\"western\" style=\"margin-bottom: 0cm\">\n\t&nbsp;<\/p>\n","protected":false},"excerpt":{"rendered":"<p>Do site do PSOL Nacional &#8211; Leonor Costa Em pronunciamento na sess\u00e3o que votou a MP dos Portos (MP 595\/2012), nesta quinta-feira (16), o senador Randolfe Rodrigues (PSOL-AP), ao afirmar que o projeto abre brechas para a privatiza\u00e7\u00e3o, cobrou coer\u00eancia dos partidos que historicamente se posicionavam contr\u00e1rios \u00e0 abertura do setor para a iniciativa privada, [&hellip;]<\/p>\n","protected":false},"author":2,"featured_media":0,"comment_status":"open","ping_status":"open","sticky":false,"template":"","format":"standard","meta":{"_acf_changed":false,"footnotes":""},"categories":[4766],"tags":[],"class_list":{"0":"post-1992","1":"post","2":"type-post","3":"status-publish","4":"format-standard","6":"category-arquivo"},"acf":[],"yoast_head":"<!-- This site is optimized with the Yoast SEO plugin v26.5 - https:\/\/yoast.com\/wordpress\/plugins\/seo\/ -->\n<title>Ao se pronunciar contra a MP dos Portos, Randolfe cobra coer\u00eancia de partidos que historicamente eram contra as privatiza\u00e7\u00f5es - PSOL 50<\/title>\n<meta name=\"robots\" content=\"index, follow, max-snippet:-1, max-image-preview:large, max-video-preview:-1\" \/>\n<link rel=\"canonical\" href=\"https:\/\/psol50.org.br\/ao-se-pronunciar-contra-a-mp-dos-portos-randolfe-cobra-coerencia-de-partidos-que-historicamente-eram-contra-as-privatizacoes\/\" \/>\n<meta property=\"og:locale\" content=\"pt_BR\" \/>\n<meta property=\"og:type\" content=\"article\" \/>\n<meta property=\"og:title\" content=\"Ao se pronunciar contra a MP dos Portos, Randolfe cobra coer\u00eancia de partidos que historicamente eram contra as privatiza\u00e7\u00f5es - PSOL 50\" \/>\n<meta property=\"og:description\" content=\"Do site do PSOL Nacional &#8211; Leonor Costa Em pronunciamento na sess\u00e3o que votou a MP dos Portos (MP 595\/2012), nesta quinta-feira (16), o senador Randolfe Rodrigues (PSOL-AP), ao afirmar que o projeto abre brechas para a privatiza\u00e7\u00e3o, cobrou coer\u00eancia dos partidos que historicamente se posicionavam contr\u00e1rios \u00e0 abertura do setor para a iniciativa privada, [&hellip;]\" \/>\n<meta property=\"og:url\" content=\"https:\/\/psol50.org.br\/ao-se-pronunciar-contra-a-mp-dos-portos-randolfe-cobra-coerencia-de-partidos-que-historicamente-eram-contra-as-privatizacoes\/\" \/>\n<meta property=\"og:site_name\" content=\"PSOL 50\" \/>\n<meta property=\"article:publisher\" content=\"https:\/\/www.facebook.com\/psol50\" \/>\n<meta property=\"article:published_time\" content=\"2013-05-16T00:00:00+00:00\" \/>\n<meta property=\"og:image\" content=\"https:\/\/psol50.org.br\/inc\/uploads\/2018\/07\/capa.png\" \/>\n\t<meta property=\"og:image:width\" content=\"1350\" \/>\n\t<meta property=\"og:image:height\" content=\"900\" \/>\n\t<meta property=\"og:image:type\" content=\"image\/png\" \/>\n<meta name=\"author\" content=\"Comunica\u00e7\u00e3o PSOL\" \/>\n<meta name=\"twitter:card\" content=\"summary_large_image\" \/>\n<meta name=\"twitter:creator\" content=\"@psol50\" \/>\n<meta name=\"twitter:site\" content=\"@psol50\" \/>\n<meta name=\"twitter:label1\" content=\"Escrito por\" \/>\n\t<meta name=\"twitter:data1\" content=\"Comunica\u00e7\u00e3o PSOL\" \/>\n\t<meta name=\"twitter:label2\" content=\"Est. tempo de leitura\" \/>\n\t<meta name=\"twitter:data2\" content=\"4 minutos\" \/>\n<script type=\"application\/ld+json\" class=\"yoast-schema-graph\">{\"@context\":\"https:\/\/schema.org\",\"@graph\":[{\"@type\":\"Article\",\"@id\":\"https:\/\/psol50.org.br\/ao-se-pronunciar-contra-a-mp-dos-portos-randolfe-cobra-coerencia-de-partidos-que-historicamente-eram-contra-as-privatizacoes\/#article\",\"isPartOf\":{\"@id\":\"https:\/\/psol50.org.br\/ao-se-pronunciar-contra-a-mp-dos-portos-randolfe-cobra-coerencia-de-partidos-que-historicamente-eram-contra-as-privatizacoes\/\"},\"author\":{\"name\":\"Comunica\u00e7\u00e3o PSOL\",\"@id\":\"https:\/\/psol50.org.br\/#\/schema\/person\/475dfa57d0b815993c714c2e96491fcd\"},\"headline\":\"Ao se pronunciar contra a MP dos Portos, Randolfe cobra coer\u00eancia de partidos que historicamente eram contra as privatiza\u00e7\u00f5es\",\"datePublished\":\"2013-05-16T00:00:00+00:00\",\"mainEntityOfPage\":{\"@id\":\"https:\/\/psol50.org.br\/ao-se-pronunciar-contra-a-mp-dos-portos-randolfe-cobra-coerencia-de-partidos-que-historicamente-eram-contra-as-privatizacoes\/\"},\"wordCount\":827,\"commentCount\":0,\"publisher\":{\"@id\":\"https:\/\/psol50.org.br\/#organization\"},\"articleSection\":[\"Arquivo\"],\"inLanguage\":\"pt-BR\",\"potentialAction\":[{\"@type\":\"CommentAction\",\"name\":\"Comment\",\"target\":[\"https:\/\/psol50.org.br\/ao-se-pronunciar-contra-a-mp-dos-portos-randolfe-cobra-coerencia-de-partidos-que-historicamente-eram-contra-as-privatizacoes\/#respond\"]}]},{\"@type\":\"WebPage\",\"@id\":\"https:\/\/psol50.org.br\/ao-se-pronunciar-contra-a-mp-dos-portos-randolfe-cobra-coerencia-de-partidos-que-historicamente-eram-contra-as-privatizacoes\/\",\"url\":\"https:\/\/psol50.org.br\/ao-se-pronunciar-contra-a-mp-dos-portos-randolfe-cobra-coerencia-de-partidos-que-historicamente-eram-contra-as-privatizacoes\/\",\"name\":\"Ao se pronunciar contra a MP dos Portos, Randolfe cobra coer\u00eancia de partidos que historicamente eram contra as privatiza\u00e7\u00f5es - PSOL 50\",\"isPartOf\":{\"@id\":\"https:\/\/psol50.org.br\/#website\"},\"datePublished\":\"2013-05-16T00:00:00+00:00\",\"breadcrumb\":{\"@id\":\"https:\/\/psol50.org.br\/ao-se-pronunciar-contra-a-mp-dos-portos-randolfe-cobra-coerencia-de-partidos-que-historicamente-eram-contra-as-privatizacoes\/#breadcrumb\"},\"inLanguage\":\"pt-BR\",\"potentialAction\":[{\"@type\":\"ReadAction\",\"target\":[\"https:\/\/psol50.org.br\/ao-se-pronunciar-contra-a-mp-dos-portos-randolfe-cobra-coerencia-de-partidos-que-historicamente-eram-contra-as-privatizacoes\/\"]}]},{\"@type\":\"BreadcrumbList\",\"@id\":\"https:\/\/psol50.org.br\/ao-se-pronunciar-contra-a-mp-dos-portos-randolfe-cobra-coerencia-de-partidos-que-historicamente-eram-contra-as-privatizacoes\/#breadcrumb\",\"itemListElement\":[{\"@type\":\"ListItem\",\"position\":1,\"name\":\"In\u00edcio\",\"item\":\"https:\/\/psol50.org.br\/\"},{\"@type\":\"ListItem\",\"position\":2,\"name\":\"Ao se pronunciar contra a MP dos Portos, Randolfe cobra coer\u00eancia de partidos que historicamente eram contra as privatiza\u00e7\u00f5es\"}]},{\"@type\":\"WebSite\",\"@id\":\"https:\/\/psol50.org.br\/#website\",\"url\":\"https:\/\/psol50.org.br\/\",\"name\":\"PSOL 50\",\"description\":\"Site oficial do Partido Socialismo e Liberdade\",\"publisher\":{\"@id\":\"https:\/\/psol50.org.br\/#organization\"},\"alternateName\":\"PSOL50\",\"potentialAction\":[{\"@type\":\"SearchAction\",\"target\":{\"@type\":\"EntryPoint\",\"urlTemplate\":\"https:\/\/psol50.org.br\/?s={search_term_string}\"},\"query-input\":{\"@type\":\"PropertyValueSpecification\",\"valueRequired\":true,\"valueName\":\"search_term_string\"}}],\"inLanguage\":\"pt-BR\"},{\"@type\":\"Organization\",\"@id\":\"https:\/\/psol50.org.br\/#organization\",\"name\":\"PSOL 50\",\"alternateName\":\"PSOL 50\",\"url\":\"https:\/\/psol50.org.br\/\",\"logo\":{\"@type\":\"ImageObject\",\"inLanguage\":\"pt-BR\",\"@id\":\"https:\/\/psol50.org.br\/#\/schema\/logo\/image\/\",\"url\":\"https:\/\/psol50.org.br\/inc\/uploads\/2018\/07\/capa.png\",\"contentUrl\":\"https:\/\/psol50.org.br\/inc\/uploads\/2018\/07\/capa.png\",\"width\":1350,\"height\":900,\"caption\":\"PSOL 50\"},\"image\":{\"@id\":\"https:\/\/psol50.org.br\/#\/schema\/logo\/image\/\"},\"sameAs\":[\"https:\/\/www.facebook.com\/psol50\",\"https:\/\/x.com\/psol50\",\"https:\/\/www.instagram.com\/psol50\/\",\"https:\/\/www.youtube.com\/channel\/UC7SnJS5o1os7a6CaiNabzcg\"]},{\"@type\":\"Person\",\"@id\":\"https:\/\/psol50.org.br\/#\/schema\/person\/475dfa57d0b815993c714c2e96491fcd\",\"name\":\"Comunica\u00e7\u00e3o PSOL\",\"image\":{\"@type\":\"ImageObject\",\"inLanguage\":\"pt-BR\",\"@id\":\"https:\/\/psol50.org.br\/#\/schema\/person\/image\/\",\"url\":\"https:\/\/secure.gravatar.com\/avatar\/b34fc4f4e468a4e51785917065a3db57b841f5c95dba6ad8c73aaf8f66f8f9bf?s=96&d=mm&r=g\",\"contentUrl\":\"https:\/\/secure.gravatar.com\/avatar\/b34fc4f4e468a4e51785917065a3db57b841f5c95dba6ad8c73aaf8f66f8f9bf?s=96&d=mm&r=g\",\"caption\":\"Comunica\u00e7\u00e3o PSOL\"}}]}<\/script>\n<!-- \/ Yoast SEO plugin. -->","yoast_head_json":{"title":"Ao se pronunciar contra a MP dos Portos, Randolfe cobra coer\u00eancia de partidos que historicamente eram contra as privatiza\u00e7\u00f5es - PSOL 50","robots":{"index":"index","follow":"follow","max-snippet":"max-snippet:-1","max-image-preview":"max-image-preview:large","max-video-preview":"max-video-preview:-1"},"canonical":"https:\/\/psol50.org.br\/ao-se-pronunciar-contra-a-mp-dos-portos-randolfe-cobra-coerencia-de-partidos-que-historicamente-eram-contra-as-privatizacoes\/","og_locale":"pt_BR","og_type":"article","og_title":"Ao se pronunciar contra a MP dos Portos, Randolfe cobra coer\u00eancia de partidos que historicamente eram contra as privatiza\u00e7\u00f5es - PSOL 50","og_description":"Do site do PSOL Nacional &#8211; Leonor Costa Em pronunciamento na sess\u00e3o que votou a MP dos Portos (MP 595\/2012), nesta quinta-feira (16), o senador Randolfe Rodrigues (PSOL-AP), ao afirmar que o projeto abre brechas para a privatiza\u00e7\u00e3o, cobrou coer\u00eancia dos partidos que historicamente se posicionavam contr\u00e1rios \u00e0 abertura do setor para a iniciativa privada, [&hellip;]","og_url":"https:\/\/psol50.org.br\/ao-se-pronunciar-contra-a-mp-dos-portos-randolfe-cobra-coerencia-de-partidos-que-historicamente-eram-contra-as-privatizacoes\/","og_site_name":"PSOL 50","article_publisher":"https:\/\/www.facebook.com\/psol50","article_published_time":"2013-05-16T00:00:00+00:00","og_image":[{"width":1350,"height":900,"url":"https:\/\/psol50.org.br\/inc\/uploads\/2018\/07\/capa.png","type":"image\/png"}],"author":"Comunica\u00e7\u00e3o PSOL","twitter_card":"summary_large_image","twitter_creator":"@psol50","twitter_site":"@psol50","twitter_misc":{"Escrito por":"Comunica\u00e7\u00e3o PSOL","Est. tempo de leitura":"4 minutos"},"schema":{"@context":"https:\/\/schema.org","@graph":[{"@type":"Article","@id":"https:\/\/psol50.org.br\/ao-se-pronunciar-contra-a-mp-dos-portos-randolfe-cobra-coerencia-de-partidos-que-historicamente-eram-contra-as-privatizacoes\/#article","isPartOf":{"@id":"https:\/\/psol50.org.br\/ao-se-pronunciar-contra-a-mp-dos-portos-randolfe-cobra-coerencia-de-partidos-que-historicamente-eram-contra-as-privatizacoes\/"},"author":{"name":"Comunica\u00e7\u00e3o PSOL","@id":"https:\/\/psol50.org.br\/#\/schema\/person\/475dfa57d0b815993c714c2e96491fcd"},"headline":"Ao se pronunciar contra a MP dos Portos, Randolfe cobra coer\u00eancia de partidos que historicamente eram contra as privatiza\u00e7\u00f5es","datePublished":"2013-05-16T00:00:00+00:00","mainEntityOfPage":{"@id":"https:\/\/psol50.org.br\/ao-se-pronunciar-contra-a-mp-dos-portos-randolfe-cobra-coerencia-de-partidos-que-historicamente-eram-contra-as-privatizacoes\/"},"wordCount":827,"commentCount":0,"publisher":{"@id":"https:\/\/psol50.org.br\/#organization"},"articleSection":["Arquivo"],"inLanguage":"pt-BR","potentialAction":[{"@type":"CommentAction","name":"Comment","target":["https:\/\/psol50.org.br\/ao-se-pronunciar-contra-a-mp-dos-portos-randolfe-cobra-coerencia-de-partidos-que-historicamente-eram-contra-as-privatizacoes\/#respond"]}]},{"@type":"WebPage","@id":"https:\/\/psol50.org.br\/ao-se-pronunciar-contra-a-mp-dos-portos-randolfe-cobra-coerencia-de-partidos-que-historicamente-eram-contra-as-privatizacoes\/","url":"https:\/\/psol50.org.br\/ao-se-pronunciar-contra-a-mp-dos-portos-randolfe-cobra-coerencia-de-partidos-que-historicamente-eram-contra-as-privatizacoes\/","name":"Ao se pronunciar contra a MP dos Portos, Randolfe cobra coer\u00eancia de partidos que historicamente eram contra as privatiza\u00e7\u00f5es - PSOL 50","isPartOf":{"@id":"https:\/\/psol50.org.br\/#website"},"datePublished":"2013-05-16T00:00:00+00:00","breadcrumb":{"@id":"https:\/\/psol50.org.br\/ao-se-pronunciar-contra-a-mp-dos-portos-randolfe-cobra-coerencia-de-partidos-que-historicamente-eram-contra-as-privatizacoes\/#breadcrumb"},"inLanguage":"pt-BR","potentialAction":[{"@type":"ReadAction","target":["https:\/\/psol50.org.br\/ao-se-pronunciar-contra-a-mp-dos-portos-randolfe-cobra-coerencia-de-partidos-que-historicamente-eram-contra-as-privatizacoes\/"]}]},{"@type":"BreadcrumbList","@id":"https:\/\/psol50.org.br\/ao-se-pronunciar-contra-a-mp-dos-portos-randolfe-cobra-coerencia-de-partidos-que-historicamente-eram-contra-as-privatizacoes\/#breadcrumb","itemListElement":[{"@type":"ListItem","position":1,"name":"In\u00edcio","item":"https:\/\/psol50.org.br\/"},{"@type":"ListItem","position":2,"name":"Ao se pronunciar contra a MP dos Portos, Randolfe cobra coer\u00eancia de partidos que historicamente eram contra as privatiza\u00e7\u00f5es"}]},{"@type":"WebSite","@id":"https:\/\/psol50.org.br\/#website","url":"https:\/\/psol50.org.br\/","name":"PSOL 50","description":"Site oficial do Partido Socialismo e Liberdade","publisher":{"@id":"https:\/\/psol50.org.br\/#organization"},"alternateName":"PSOL50","potentialAction":[{"@type":"SearchAction","target":{"@type":"EntryPoint","urlTemplate":"https:\/\/psol50.org.br\/?s={search_term_string}"},"query-input":{"@type":"PropertyValueSpecification","valueRequired":true,"valueName":"search_term_string"}}],"inLanguage":"pt-BR"},{"@type":"Organization","@id":"https:\/\/psol50.org.br\/#organization","name":"PSOL 50","alternateName":"PSOL 50","url":"https:\/\/psol50.org.br\/","logo":{"@type":"ImageObject","inLanguage":"pt-BR","@id":"https:\/\/psol50.org.br\/#\/schema\/logo\/image\/","url":"https:\/\/psol50.org.br\/inc\/uploads\/2018\/07\/capa.png","contentUrl":"https:\/\/psol50.org.br\/inc\/uploads\/2018\/07\/capa.png","width":1350,"height":900,"caption":"PSOL 50"},"image":{"@id":"https:\/\/psol50.org.br\/#\/schema\/logo\/image\/"},"sameAs":["https:\/\/www.facebook.com\/psol50","https:\/\/x.com\/psol50","https:\/\/www.instagram.com\/psol50\/","https:\/\/www.youtube.com\/channel\/UC7SnJS5o1os7a6CaiNabzcg"]},{"@type":"Person","@id":"https:\/\/psol50.org.br\/#\/schema\/person\/475dfa57d0b815993c714c2e96491fcd","name":"Comunica\u00e7\u00e3o PSOL","image":{"@type":"ImageObject","inLanguage":"pt-BR","@id":"https:\/\/psol50.org.br\/#\/schema\/person\/image\/","url":"https:\/\/secure.gravatar.com\/avatar\/b34fc4f4e468a4e51785917065a3db57b841f5c95dba6ad8c73aaf8f66f8f9bf?s=96&d=mm&r=g","contentUrl":"https:\/\/secure.gravatar.com\/avatar\/b34fc4f4e468a4e51785917065a3db57b841f5c95dba6ad8c73aaf8f66f8f9bf?s=96&d=mm&r=g","caption":"Comunica\u00e7\u00e3o PSOL"}}]}},"_links":{"self":[{"href":"https:\/\/psol50.org.br\/rest\/wp\/v2\/posts\/1992","targetHints":{"allow":["GET"]}}],"collection":[{"href":"https:\/\/psol50.org.br\/rest\/wp\/v2\/posts"}],"about":[{"href":"https:\/\/psol50.org.br\/rest\/wp\/v2\/types\/post"}],"author":[{"embeddable":true,"href":"https:\/\/psol50.org.br\/rest\/wp\/v2\/users\/2"}],"replies":[{"embeddable":true,"href":"https:\/\/psol50.org.br\/rest\/wp\/v2\/comments?post=1992"}],"version-history":[{"count":0,"href":"https:\/\/psol50.org.br\/rest\/wp\/v2\/posts\/1992\/revisions"}],"wp:attachment":[{"href":"https:\/\/psol50.org.br\/rest\/wp\/v2\/media?parent=1992"}],"wp:term":[{"taxonomy":"category","embeddable":true,"href":"https:\/\/psol50.org.br\/rest\/wp\/v2\/categories?post=1992"},{"taxonomy":"post_tag","embeddable":true,"href":"https:\/\/psol50.org.br\/rest\/wp\/v2\/tags?post=1992"}],"curies":[{"name":"wp","href":"https:\/\/api.w.org\/{rel}","templated":true}]}}