{"id":19922,"date":"2018-02-20T12:04:56","date_gmt":"2018-02-20T15:04:56","guid":{"rendered":"http:\/\/www.psol50.org.br\/?p=19922"},"modified":"2018-02-20T12:04:56","modified_gmt":"2018-02-20T15:04:56","slug":"psol-cobra-do-governo-federal-informacoes-sobre-intervencao-no-rio","status":"publish","type":"post","link":"https:\/\/psol50.org.br\/psol-cobra-do-governo-federal-informacoes-sobre-intervencao-no-rio\/","title":{"rendered":"PSOL cobra do governo federal informa\u00e7\u00f5es sobre interven\u00e7\u00e3o no Rio"},"content":{"rendered":"<p>A bancada do\u00a0<a href=\"https:\/\/www.facebook.com\/psolnacamara\/\" target=\"_blank\" rel=\"noopener\"><span style=\"color: #0000ff;\"><strong>PSOL na C\u00e2mara<\/strong><\/span><\/a>\u00a0protocolou, na noite desta segunda (10\/02), dois requerimentos de informa\u00e7\u00f5es questionando o governo federal sobre o planejamento estrat\u00e9gico e os recursos or\u00e7ament\u00e1rios que ser\u00e3o utilizados nas a\u00e7\u00f5es durante a interven\u00e7\u00e3o federal no Rio de Janeiro (RJ), aprovada nesta madrugada na C\u00e2mara, com o voto contr\u00e1rio dos deputados do partido. As perguntas s\u00e3o endere\u00e7adas aos ministros da Defesa, Raul Jungmann, e da Justi\u00e7a, Torquato Jar<span class=\"text_exposed_show\">dim.<\/span><\/p>\n<div class=\"text_exposed_show\">\n<p>Os requerimentos buscam obter respostas diante da aus\u00eancia de detalhamento e da decis\u00e3o intempestiva do governo de Michel Temer de decretar interven\u00e7\u00e3o federal no Rio de Janeiro. O PSOL cobra parecer t\u00e9cnico que justifique o decreto, planejamento estrat\u00e9gico das a\u00e7\u00f5es e estimativas de custos financeiros. A bancada tamb\u00e9m solicita informa\u00e7\u00f5es sobre as 29 opera\u00e7\u00f5es de Garantia da Lei e da Ordem (GLO) ocorridas entre 2010 e 2017.<\/p>\n<p>Assinam os requerimentos a deputada<strong>\u00a0<a href=\"https:\/\/www.facebook.com\/luizaerundina\/\" target=\"_blank\" rel=\"noopener\"><span style=\"color: #0000ff;\">Luiza Erundina<\/span><\/a><\/strong>\u00a0(SP) e os deputados\u00a0<a href=\"https:\/\/www.facebook.com\/chicoalencar\/\" target=\"_blank\" rel=\"noopener\"><span style=\"color: #0000ff;\"><strong>Chico Alencar<\/strong><\/span><\/a>\u00a0(RJ),\u00a0<strong>\u00a0<\/strong><strong><a href=\"https:\/\/www.facebook.com\/edmilsonpsol\/\" target=\"_blank\" rel=\"noopener\"><span style=\"color: #0000ff;\">Edmilson Rodrigues<\/span><\/a>\u00a0<\/strong>(PA),\u00a0<a href=\"https:\/\/www.facebook.com\/glauber.braga1\/\" target=\"_blank\" rel=\"noopener\"><span style=\"color: #0000ff;\"><strong>Glauber Braga<\/strong><\/span><\/a>\u00a0(RJ),\u00a0<a href=\"https:\/\/www.facebook.com\/IvanValentePSOL\/\" target=\"_blank\" rel=\"noopener\"><span style=\"color: #0000ff;\"><strong>Ivan Valente<\/strong><\/span><\/a>\u00a0(SP) e\u00a0<a href=\"https:\/\/www.facebook.com\/jean.wyllys\/\" target=\"_blank\" rel=\"noopener\"><span style=\"color: #0000ff;\"><strong>Jean Wyllys<\/strong><\/span><\/a>\u00a0(RJ).<\/p>\n<p>Para o PSOL, a interven\u00e7\u00e3o \u00e9 uma cortina de fuma\u00e7a, pois o Pal\u00e1cio do Planalto n\u00e3o obteve os votos suficientes para aprovar a reforma da Previd\u00eancia e precisa justificar ao mercado. \u00c9 tamb\u00e9m uma tentativa de desviar o foco das investiga\u00e7\u00f5es sobre o esquema no Porto de Santos, que envolve o presidente Michel Temer.<\/p>\n<p><a href=\"http:\/\/www.psol50.org.br\/na-camara-psol-denuncia-carater-hipocrita-e-eleitoreiro-da-intervencao-de-temer-no-rio\/\" target=\"_blank\" rel=\"noopener\"><strong><span style=\"color: #0000ff;\">Confira como foi a atua\u00e7\u00e3o do partido durante a sess\u00e3o na C\u00e2mara, que votou o decreto da interven\u00e7\u00e3o<\/span><\/strong><\/a>.<\/p>\n<p>&nbsp;<\/p>\n<\/div>\n","protected":false},"excerpt":{"rendered":"<p>A bancada do\u00a0PSOL na C\u00e2mara\u00a0protocolou, na noite desta segunda (10\/02), dois requerimentos de informa\u00e7\u00f5es questionando o governo federal sobre o planejamento estrat\u00e9gico e os recursos or\u00e7ament\u00e1rios que ser\u00e3o utilizados nas a\u00e7\u00f5es durante a interven\u00e7\u00e3o federal no Rio de Janeiro (RJ), aprovada nesta madrugada na C\u00e2mara, com o voto contr\u00e1rio dos deputados do partido. As perguntas [&hellip;]<\/p>\n","protected":false},"author":2,"featured_media":19923,"comment_status":"open","ping_status":"open","sticky":false,"template":"","format":"standard","meta":{"_acf_changed":false,"footnotes":""},"categories":[10,1882,6],"tags":[2066,1040,387,2239,1748,39,154,162],"class_list":{"0":"post-19922","1":"post","2":"type-post","3":"status-publish","4":"format-standard","5":"has-post-thumbnail","7":"category-acao-parlamentares","8":"category-brasil","9":"category-noticias","10":"tag-bancada-do-psol-na-camara","11":"tag-decreto","12":"tag-governo","13":"tag-intervencao-federal","14":"tag-michel-temer","15":"tag-reforma-da-previdencia","16":"tag-requerimentos","17":"tag-rio-de-janeiro"},"acf":[],"yoast_head":"<!-- This site is optimized with the Yoast SEO plugin v26.5 - https:\/\/yoast.com\/wordpress\/plugins\/seo\/ -->\n<title>PSOL cobra do governo federal informa\u00e7\u00f5es sobre interven\u00e7\u00e3o no Rio - PSOL 50<\/title>\n<meta name=\"robots\" content=\"index, follow, max-snippet:-1, max-image-preview:large, max-video-preview:-1\" \/>\n<link rel=\"canonical\" href=\"https:\/\/psol50.org.br\/psol-cobra-do-governo-federal-informacoes-sobre-intervencao-no-rio\/\" \/>\n<meta property=\"og:locale\" content=\"pt_BR\" \/>\n<meta property=\"og:type\" content=\"article\" \/>\n<meta property=\"og:title\" content=\"PSOL cobra do governo federal informa\u00e7\u00f5es sobre interven\u00e7\u00e3o no Rio - PSOL 50\" \/>\n<meta property=\"og:description\" content=\"A bancada do\u00a0PSOL na C\u00e2mara\u00a0protocolou, na noite desta segunda (10\/02), dois requerimentos de informa\u00e7\u00f5es questionando o governo federal sobre o planejamento estrat\u00e9gico e os recursos or\u00e7ament\u00e1rios que ser\u00e3o utilizados nas a\u00e7\u00f5es durante a interven\u00e7\u00e3o federal no Rio de Janeiro (RJ), aprovada nesta madrugada na C\u00e2mara, com o voto contr\u00e1rio dos deputados do partido. As perguntas [&hellip;]\" \/>\n<meta property=\"og:url\" content=\"https:\/\/psol50.org.br\/psol-cobra-do-governo-federal-informacoes-sobre-intervencao-no-rio\/\" \/>\n<meta property=\"og:site_name\" content=\"PSOL 50\" \/>\n<meta property=\"article:publisher\" content=\"https:\/\/www.facebook.com\/psol50\" \/>\n<meta property=\"article:published_time\" content=\"2018-02-20T15:04:56+00:00\" \/>\n<meta property=\"og:image\" content=\"https:\/\/psol50.org.br\/inc\/uploads\/2018\/02\/Votacao_Intervencao_AlexFerreira_CD.jpg\" \/>\n\t<meta property=\"og:image:width\" content=\"1350\" \/>\n\t<meta property=\"og:image:height\" content=\"900\" \/>\n\t<meta property=\"og:image:type\" content=\"image\/jpeg\" \/>\n<meta name=\"author\" content=\"Comunica\u00e7\u00e3o PSOL\" \/>\n<meta name=\"twitter:card\" content=\"summary_large_image\" \/>\n<meta name=\"twitter:creator\" content=\"@psol50\" \/>\n<meta name=\"twitter:site\" content=\"@psol50\" \/>\n<meta name=\"twitter:label1\" content=\"Escrito por\" \/>\n\t<meta name=\"twitter:data1\" content=\"Comunica\u00e7\u00e3o PSOL\" \/>\n\t<meta name=\"twitter:label2\" content=\"Est. tempo de leitura\" \/>\n\t<meta name=\"twitter:data2\" content=\"1 minuto\" \/>\n<script type=\"application\/ld+json\" class=\"yoast-schema-graph\">{\"@context\":\"https:\/\/schema.org\",\"@graph\":[{\"@type\":\"Article\",\"@id\":\"https:\/\/psol50.org.br\/psol-cobra-do-governo-federal-informacoes-sobre-intervencao-no-rio\/#article\",\"isPartOf\":{\"@id\":\"https:\/\/psol50.org.br\/psol-cobra-do-governo-federal-informacoes-sobre-intervencao-no-rio\/\"},\"author\":{\"name\":\"Comunica\u00e7\u00e3o PSOL\",\"@id\":\"https:\/\/psol50.org.br\/#\/schema\/person\/475dfa57d0b815993c714c2e96491fcd\"},\"headline\":\"PSOL cobra do governo federal informa\u00e7\u00f5es sobre interven\u00e7\u00e3o no Rio\",\"datePublished\":\"2018-02-20T15:04:56+00:00\",\"mainEntityOfPage\":{\"@id\":\"https:\/\/psol50.org.br\/psol-cobra-do-governo-federal-informacoes-sobre-intervencao-no-rio\/\"},\"wordCount\":276,\"commentCount\":0,\"publisher\":{\"@id\":\"https:\/\/psol50.org.br\/#organization\"},\"image\":{\"@id\":\"https:\/\/psol50.org.br\/psol-cobra-do-governo-federal-informacoes-sobre-intervencao-no-rio\/#primaryimage\"},\"thumbnailUrl\":\"https:\/\/psol50.org.br\/inc\/uploads\/2018\/02\/Votacao_Intervencao_AlexFerreira_CD.jpg\",\"keywords\":[\"bancada do PSOL na C\u00e2mara\",\"decreto\",\"governo\",\"interven\u00e7\u00e3o federal\",\"Michel Temer\",\"reforma da previd\u00eancia\",\"requerimentos\",\"Rio de Janeiro\"],\"articleSection\":[\"A\u00e7\u00e3o Parlamentar\",\"Brasil\",\"Not\u00edcias\"],\"inLanguage\":\"pt-BR\",\"potentialAction\":[{\"@type\":\"CommentAction\",\"name\":\"Comment\",\"target\":[\"https:\/\/psol50.org.br\/psol-cobra-do-governo-federal-informacoes-sobre-intervencao-no-rio\/#respond\"]}]},{\"@type\":\"WebPage\",\"@id\":\"https:\/\/psol50.org.br\/psol-cobra-do-governo-federal-informacoes-sobre-intervencao-no-rio\/\",\"url\":\"https:\/\/psol50.org.br\/psol-cobra-do-governo-federal-informacoes-sobre-intervencao-no-rio\/\",\"name\":\"PSOL cobra do governo federal informa\u00e7\u00f5es sobre interven\u00e7\u00e3o no Rio - PSOL 50\",\"isPartOf\":{\"@id\":\"https:\/\/psol50.org.br\/#website\"},\"primaryImageOfPage\":{\"@id\":\"https:\/\/psol50.org.br\/psol-cobra-do-governo-federal-informacoes-sobre-intervencao-no-rio\/#primaryimage\"},\"image\":{\"@id\":\"https:\/\/psol50.org.br\/psol-cobra-do-governo-federal-informacoes-sobre-intervencao-no-rio\/#primaryimage\"},\"thumbnailUrl\":\"https:\/\/psol50.org.br\/inc\/uploads\/2018\/02\/Votacao_Intervencao_AlexFerreira_CD.jpg\",\"datePublished\":\"2018-02-20T15:04:56+00:00\",\"breadcrumb\":{\"@id\":\"https:\/\/psol50.org.br\/psol-cobra-do-governo-federal-informacoes-sobre-intervencao-no-rio\/#breadcrumb\"},\"inLanguage\":\"pt-BR\",\"potentialAction\":[{\"@type\":\"ReadAction\",\"target\":[\"https:\/\/psol50.org.br\/psol-cobra-do-governo-federal-informacoes-sobre-intervencao-no-rio\/\"]}]},{\"@type\":\"ImageObject\",\"inLanguage\":\"pt-BR\",\"@id\":\"https:\/\/psol50.org.br\/psol-cobra-do-governo-federal-informacoes-sobre-intervencao-no-rio\/#primaryimage\",\"url\":\"https:\/\/psol50.org.br\/inc\/uploads\/2018\/02\/Votacao_Intervencao_AlexFerreira_CD.jpg\",\"contentUrl\":\"https:\/\/psol50.org.br\/inc\/uploads\/2018\/02\/Votacao_Intervencao_AlexFerreira_CD.jpg\",\"width\":1350,\"height\":900},{\"@type\":\"BreadcrumbList\",\"@id\":\"https:\/\/psol50.org.br\/psol-cobra-do-governo-federal-informacoes-sobre-intervencao-no-rio\/#breadcrumb\",\"itemListElement\":[{\"@type\":\"ListItem\",\"position\":1,\"name\":\"In\u00edcio\",\"item\":\"https:\/\/psol50.org.br\/\"},{\"@type\":\"ListItem\",\"position\":2,\"name\":\"PSOL cobra do governo federal informa\u00e7\u00f5es sobre interven\u00e7\u00e3o no Rio\"}]},{\"@type\":\"WebSite\",\"@id\":\"https:\/\/psol50.org.br\/#website\",\"url\":\"https:\/\/psol50.org.br\/\",\"name\":\"PSOL 50\",\"description\":\"Site oficial do Partido Socialismo e Liberdade\",\"publisher\":{\"@id\":\"https:\/\/psol50.org.br\/#organization\"},\"alternateName\":\"PSOL50\",\"potentialAction\":[{\"@type\":\"SearchAction\",\"target\":{\"@type\":\"EntryPoint\",\"urlTemplate\":\"https:\/\/psol50.org.br\/?s={search_term_string}\"},\"query-input\":{\"@type\":\"PropertyValueSpecification\",\"valueRequired\":true,\"valueName\":\"search_term_string\"}}],\"inLanguage\":\"pt-BR\"},{\"@type\":\"Organization\",\"@id\":\"https:\/\/psol50.org.br\/#organization\",\"name\":\"PSOL 50\",\"alternateName\":\"PSOL 50\",\"url\":\"https:\/\/psol50.org.br\/\",\"logo\":{\"@type\":\"ImageObject\",\"inLanguage\":\"pt-BR\",\"@id\":\"https:\/\/psol50.org.br\/#\/schema\/logo\/image\/\",\"url\":\"https:\/\/psol50.org.br\/inc\/uploads\/2018\/07\/capa.png\",\"contentUrl\":\"https:\/\/psol50.org.br\/inc\/uploads\/2018\/07\/capa.png\",\"width\":1350,\"height\":900,\"caption\":\"PSOL 50\"},\"image\":{\"@id\":\"https:\/\/psol50.org.br\/#\/schema\/logo\/image\/\"},\"sameAs\":[\"https:\/\/www.facebook.com\/psol50\",\"https:\/\/x.com\/psol50\",\"https:\/\/www.instagram.com\/psol50\/\",\"https:\/\/www.youtube.com\/channel\/UC7SnJS5o1os7a6CaiNabzcg\"]},{\"@type\":\"Person\",\"@id\":\"https:\/\/psol50.org.br\/#\/schema\/person\/475dfa57d0b815993c714c2e96491fcd\",\"name\":\"Comunica\u00e7\u00e3o PSOL\",\"image\":{\"@type\":\"ImageObject\",\"inLanguage\":\"pt-BR\",\"@id\":\"https:\/\/psol50.org.br\/#\/schema\/person\/image\/\",\"url\":\"https:\/\/secure.gravatar.com\/avatar\/b34fc4f4e468a4e51785917065a3db57b841f5c95dba6ad8c73aaf8f66f8f9bf?s=96&d=mm&r=g\",\"contentUrl\":\"https:\/\/secure.gravatar.com\/avatar\/b34fc4f4e468a4e51785917065a3db57b841f5c95dba6ad8c73aaf8f66f8f9bf?s=96&d=mm&r=g\",\"caption\":\"Comunica\u00e7\u00e3o PSOL\"}}]}<\/script>\n<!-- \/ Yoast SEO plugin. -->","yoast_head_json":{"title":"PSOL cobra do governo federal informa\u00e7\u00f5es sobre interven\u00e7\u00e3o no Rio - PSOL 50","robots":{"index":"index","follow":"follow","max-snippet":"max-snippet:-1","max-image-preview":"max-image-preview:large","max-video-preview":"max-video-preview:-1"},"canonical":"https:\/\/psol50.org.br\/psol-cobra-do-governo-federal-informacoes-sobre-intervencao-no-rio\/","og_locale":"pt_BR","og_type":"article","og_title":"PSOL cobra do governo federal informa\u00e7\u00f5es sobre interven\u00e7\u00e3o no Rio - PSOL 50","og_description":"A bancada do\u00a0PSOL na C\u00e2mara\u00a0protocolou, na noite desta segunda (10\/02), dois requerimentos de informa\u00e7\u00f5es questionando o governo federal sobre o planejamento estrat\u00e9gico e os recursos or\u00e7ament\u00e1rios que ser\u00e3o utilizados nas a\u00e7\u00f5es durante a interven\u00e7\u00e3o federal no Rio de Janeiro (RJ), aprovada nesta madrugada na C\u00e2mara, com o voto contr\u00e1rio dos deputados do partido. As perguntas [&hellip;]","og_url":"https:\/\/psol50.org.br\/psol-cobra-do-governo-federal-informacoes-sobre-intervencao-no-rio\/","og_site_name":"PSOL 50","article_publisher":"https:\/\/www.facebook.com\/psol50","article_published_time":"2018-02-20T15:04:56+00:00","og_image":[{"width":1350,"height":900,"url":"https:\/\/psol50.org.br\/inc\/uploads\/2018\/02\/Votacao_Intervencao_AlexFerreira_CD.jpg","type":"image\/jpeg"}],"author":"Comunica\u00e7\u00e3o PSOL","twitter_card":"summary_large_image","twitter_creator":"@psol50","twitter_site":"@psol50","twitter_misc":{"Escrito por":"Comunica\u00e7\u00e3o PSOL","Est. tempo de leitura":"1 minuto"},"schema":{"@context":"https:\/\/schema.org","@graph":[{"@type":"Article","@id":"https:\/\/psol50.org.br\/psol-cobra-do-governo-federal-informacoes-sobre-intervencao-no-rio\/#article","isPartOf":{"@id":"https:\/\/psol50.org.br\/psol-cobra-do-governo-federal-informacoes-sobre-intervencao-no-rio\/"},"author":{"name":"Comunica\u00e7\u00e3o PSOL","@id":"https:\/\/psol50.org.br\/#\/schema\/person\/475dfa57d0b815993c714c2e96491fcd"},"headline":"PSOL cobra do governo federal informa\u00e7\u00f5es sobre interven\u00e7\u00e3o no Rio","datePublished":"2018-02-20T15:04:56+00:00","mainEntityOfPage":{"@id":"https:\/\/psol50.org.br\/psol-cobra-do-governo-federal-informacoes-sobre-intervencao-no-rio\/"},"wordCount":276,"commentCount":0,"publisher":{"@id":"https:\/\/psol50.org.br\/#organization"},"image":{"@id":"https:\/\/psol50.org.br\/psol-cobra-do-governo-federal-informacoes-sobre-intervencao-no-rio\/#primaryimage"},"thumbnailUrl":"https:\/\/psol50.org.br\/inc\/uploads\/2018\/02\/Votacao_Intervencao_AlexFerreira_CD.jpg","keywords":["bancada do PSOL na C\u00e2mara","decreto","governo","interven\u00e7\u00e3o federal","Michel Temer","reforma da previd\u00eancia","requerimentos","Rio de Janeiro"],"articleSection":["A\u00e7\u00e3o Parlamentar","Brasil","Not\u00edcias"],"inLanguage":"pt-BR","potentialAction":[{"@type":"CommentAction","name":"Comment","target":["https:\/\/psol50.org.br\/psol-cobra-do-governo-federal-informacoes-sobre-intervencao-no-rio\/#respond"]}]},{"@type":"WebPage","@id":"https:\/\/psol50.org.br\/psol-cobra-do-governo-federal-informacoes-sobre-intervencao-no-rio\/","url":"https:\/\/psol50.org.br\/psol-cobra-do-governo-federal-informacoes-sobre-intervencao-no-rio\/","name":"PSOL cobra do governo federal informa\u00e7\u00f5es sobre interven\u00e7\u00e3o no Rio - PSOL 50","isPartOf":{"@id":"https:\/\/psol50.org.br\/#website"},"primaryImageOfPage":{"@id":"https:\/\/psol50.org.br\/psol-cobra-do-governo-federal-informacoes-sobre-intervencao-no-rio\/#primaryimage"},"image":{"@id":"https:\/\/psol50.org.br\/psol-cobra-do-governo-federal-informacoes-sobre-intervencao-no-rio\/#primaryimage"},"thumbnailUrl":"https:\/\/psol50.org.br\/inc\/uploads\/2018\/02\/Votacao_Intervencao_AlexFerreira_CD.jpg","datePublished":"2018-02-20T15:04:56+00:00","breadcrumb":{"@id":"https:\/\/psol50.org.br\/psol-cobra-do-governo-federal-informacoes-sobre-intervencao-no-rio\/#breadcrumb"},"inLanguage":"pt-BR","potentialAction":[{"@type":"ReadAction","target":["https:\/\/psol50.org.br\/psol-cobra-do-governo-federal-informacoes-sobre-intervencao-no-rio\/"]}]},{"@type":"ImageObject","inLanguage":"pt-BR","@id":"https:\/\/psol50.org.br\/psol-cobra-do-governo-federal-informacoes-sobre-intervencao-no-rio\/#primaryimage","url":"https:\/\/psol50.org.br\/inc\/uploads\/2018\/02\/Votacao_Intervencao_AlexFerreira_CD.jpg","contentUrl":"https:\/\/psol50.org.br\/inc\/uploads\/2018\/02\/Votacao_Intervencao_AlexFerreira_CD.jpg","width":1350,"height":900},{"@type":"BreadcrumbList","@id":"https:\/\/psol50.org.br\/psol-cobra-do-governo-federal-informacoes-sobre-intervencao-no-rio\/#breadcrumb","itemListElement":[{"@type":"ListItem","position":1,"name":"In\u00edcio","item":"https:\/\/psol50.org.br\/"},{"@type":"ListItem","position":2,"name":"PSOL cobra do governo federal informa\u00e7\u00f5es sobre interven\u00e7\u00e3o no Rio"}]},{"@type":"WebSite","@id":"https:\/\/psol50.org.br\/#website","url":"https:\/\/psol50.org.br\/","name":"PSOL 50","description":"Site oficial do Partido Socialismo e Liberdade","publisher":{"@id":"https:\/\/psol50.org.br\/#organization"},"alternateName":"PSOL50","potentialAction":[{"@type":"SearchAction","target":{"@type":"EntryPoint","urlTemplate":"https:\/\/psol50.org.br\/?s={search_term_string}"},"query-input":{"@type":"PropertyValueSpecification","valueRequired":true,"valueName":"search_term_string"}}],"inLanguage":"pt-BR"},{"@type":"Organization","@id":"https:\/\/psol50.org.br\/#organization","name":"PSOL 50","alternateName":"PSOL 50","url":"https:\/\/psol50.org.br\/","logo":{"@type":"ImageObject","inLanguage":"pt-BR","@id":"https:\/\/psol50.org.br\/#\/schema\/logo\/image\/","url":"https:\/\/psol50.org.br\/inc\/uploads\/2018\/07\/capa.png","contentUrl":"https:\/\/psol50.org.br\/inc\/uploads\/2018\/07\/capa.png","width":1350,"height":900,"caption":"PSOL 50"},"image":{"@id":"https:\/\/psol50.org.br\/#\/schema\/logo\/image\/"},"sameAs":["https:\/\/www.facebook.com\/psol50","https:\/\/x.com\/psol50","https:\/\/www.instagram.com\/psol50\/","https:\/\/www.youtube.com\/channel\/UC7SnJS5o1os7a6CaiNabzcg"]},{"@type":"Person","@id":"https:\/\/psol50.org.br\/#\/schema\/person\/475dfa57d0b815993c714c2e96491fcd","name":"Comunica\u00e7\u00e3o PSOL","image":{"@type":"ImageObject","inLanguage":"pt-BR","@id":"https:\/\/psol50.org.br\/#\/schema\/person\/image\/","url":"https:\/\/secure.gravatar.com\/avatar\/b34fc4f4e468a4e51785917065a3db57b841f5c95dba6ad8c73aaf8f66f8f9bf?s=96&d=mm&r=g","contentUrl":"https:\/\/secure.gravatar.com\/avatar\/b34fc4f4e468a4e51785917065a3db57b841f5c95dba6ad8c73aaf8f66f8f9bf?s=96&d=mm&r=g","caption":"Comunica\u00e7\u00e3o PSOL"}}]}},"_links":{"self":[{"href":"https:\/\/psol50.org.br\/rest\/wp\/v2\/posts\/19922","targetHints":{"allow":["GET"]}}],"collection":[{"href":"https:\/\/psol50.org.br\/rest\/wp\/v2\/posts"}],"about":[{"href":"https:\/\/psol50.org.br\/rest\/wp\/v2\/types\/post"}],"author":[{"embeddable":true,"href":"https:\/\/psol50.org.br\/rest\/wp\/v2\/users\/2"}],"replies":[{"embeddable":true,"href":"https:\/\/psol50.org.br\/rest\/wp\/v2\/comments?post=19922"}],"version-history":[{"count":0,"href":"https:\/\/psol50.org.br\/rest\/wp\/v2\/posts\/19922\/revisions"}],"wp:featuredmedia":[{"embeddable":true,"href":"https:\/\/psol50.org.br\/rest\/wp\/v2\/media\/19923"}],"wp:attachment":[{"href":"https:\/\/psol50.org.br\/rest\/wp\/v2\/media?parent=19922"}],"wp:term":[{"taxonomy":"category","embeddable":true,"href":"https:\/\/psol50.org.br\/rest\/wp\/v2\/categories?post=19922"},{"taxonomy":"post_tag","embeddable":true,"href":"https:\/\/psol50.org.br\/rest\/wp\/v2\/tags?post=19922"}],"curies":[{"name":"wp","href":"https:\/\/api.w.org\/{rel}","templated":true}]}}