{"id":19930,"date":"2018-02-21T10:40:53","date_gmt":"2018-02-21T13:40:53","guid":{"rendered":"http:\/\/www.psol50.org.br\/?p=19930"},"modified":"2018-02-21T10:40:53","modified_gmt":"2018-02-21T13:40:53","slug":"juliano-medeiros-a-esquerda-precisa-de-um-novo-programa","status":"publish","type":"post","link":"https:\/\/psol50.org.br\/juliano-medeiros-a-esquerda-precisa-de-um-novo-programa\/","title":{"rendered":"Juliano Medeiros: A esquerda precisa de um novo programa"},"content":{"rendered":"<p>O PSOL participou, nesta ter\u00e7a-feira (20), do ato de lan\u00e7amento do manifesto &#8220;<a href=\"http:\/\/www.psol50.org.br\/inc\/uploads\/2018\/02\/Manifesto-Unidade-para-Reconstruir-o-Brasil.pdf\" target=\"_blank\" rel=\"noopener\"><strong><span style=\"color: #0000ff;\">Unidade para reconstruir o Brasil<\/span><\/strong><\/a>&#8220;, assinado pelos presidentes de partidos do campo da esquerda (PSOL, PT, PCdoB e PDT) e das funda\u00e7\u00f5es, entre as quais a <a href=\"https:\/\/www.facebook.com\/fundacaolaurocampos\/\" target=\"_blank\" rel=\"noopener\"><strong><span style=\"color: #0000ff;\">Funda\u00e7\u00e3o Lauro Campos<\/span><\/strong><\/a>.<\/p>\n<p>O presidente nacional do PSOL, <a href=\"https:\/\/www.facebook.com\/medeirosjuliano\/\" target=\"_blank\" rel=\"noopener\"><strong><span style=\"color: #0000ff;\">Juliano Medeiros<\/span><\/strong><\/a>, foi assertivo em sua fala durante do ato: a esquerda precisa de um novo programa, superando as experi\u00eancias anteriores e se conectando \u00e0s novas din\u00e2micas dos movimentos sociais. Ele elencou uma s\u00e9rie de desafios que precisam ser enfrentados para superar a pol\u00edtica de concilia\u00e7\u00e3o de classes dos sucessivos governos.<\/p>\n<p>&#8220;Qual \u00e9 o car\u00e1ter de expans\u00e3o das pol\u00edticas sociais no novo ciclo e no novo programa que a esquerda prop\u00f5e? Qual \u00e9 a forma de democratizar o Estado que a esquerda vai reagir? Vai finalmente enfrentar o monop\u00f3lio dos meios de comunica\u00e7\u00e3o, democratizar as for\u00e7as armadas, democratizar o Judici\u00e1rio? Ou vai seguir lidando com essas institui\u00e7\u00f5es como se elas fossem intoc\u00e1veis. Portanto, a natureza do programa que a esquerda vai desenvolver para enfrentar o ofensiva contra os direitos, contra a democracia e contra a soberania, no nosso ponto de vista \u00e9 o desafio mais importante&#8221;, enfatizou.<\/p>\n<p>https:\/\/www.facebook.com\/psol50oficial\/videos\/832710653557237\/<\/p>\n<p>&nbsp;<\/p>\n<p><a href=\"http:\/\/www.psol50.org.br\/psol-une-forcas-contra-um-golpe-que-segue-em-curso\/\" target=\"_blank\" rel=\"noopener\"><strong><span style=\"color: #0000ff;\">Em nota<\/span><\/strong><\/a>, a Executiva Nacional do PSOL ressalta que a assinatura do manifesto n\u00e3o significa qualquer alian\u00e7a de outra natureza.\u00a0 \u201cTratam-se de diretrizes pol\u00edticas constru\u00eddas pelas funda\u00e7\u00f5es partid\u00e1rias para nortear as a\u00e7\u00f5es parlamentares e a necess\u00e1ria unidade de a\u00e7\u00e3o nos enfrentamentos \u00e0 agenda conservadora imposta na atual conjuntura, que envolve o golpe parlamentar contra uma presidenta eleita, a realiza\u00e7\u00e3o de contrarreformas como a trabalhista e previdenci\u00e1ria e o congelamento de investimentos em \u00e1reas sociais fundamentais, interven\u00e7\u00e3o federal em estados, privatiza\u00e7\u00f5es do patrim\u00f4nio p\u00fablico e a esdr\u00faxula proposta de implementar um sistema semi parlamentarista no Brasil\u201d.<\/p>\n<p>O ato de lan\u00e7amento do manifesto foi realizado na C\u00e2mara dos Deputados e contou, tamb\u00e9m, com a participa\u00e7\u00e3o do presidente da Funda\u00e7\u00e3o Lauro Campo, Francisvaldo Mendes, de parlamentares e de diversas lideran\u00e7as de organiza\u00e7\u00f5es sociais.<\/p>\n","protected":false},"excerpt":{"rendered":"<p>O PSOL participou, nesta ter\u00e7a-feira (20), do ato de lan\u00e7amento do manifesto &#8220;Unidade para reconstruir o Brasil&#8220;, assinado pelos presidentes de partidos do campo da esquerda (PSOL, PT, PCdoB e PDT) e das funda\u00e7\u00f5es, entre as quais a Funda\u00e7\u00e3o Lauro Campos. O presidente nacional do PSOL, Juliano Medeiros, foi assertivo em sua fala durante do [&hellip;]<\/p>\n","protected":false},"author":2,"featured_media":19933,"comment_status":"open","ping_status":"open","sticky":false,"template":"","format":"standard","meta":{"_acf_changed":false,"footnotes":""},"categories":[1882,1104,6],"tags":[87,406,790,2244,259,855,315,2249,22,2250],"class_list":{"0":"post-19930","1":"post","2":"type-post","3":"status-publish","4":"format-standard","5":"has-post-thumbnail","7":"category-brasil","8":"category-movimento","9":"category-noticias","10":"tag-democracia","11":"tag-direitos","12":"tag-esquerda","13":"tag-fundacao-lauro-campos","14":"tag-juliano-medeiros","15":"tag-manifesto","16":"tag-oposicao","17":"tag-programa","18":"tag-psol","19":"tag-unidade-para-reconstruir-o-brasil"},"acf":[],"yoast_head":"<!-- This site is optimized with the Yoast SEO plugin v26.5 - https:\/\/yoast.com\/wordpress\/plugins\/seo\/ -->\n<title>Juliano Medeiros: A esquerda precisa de um novo programa - PSOL 50<\/title>\n<meta name=\"robots\" content=\"index, follow, max-snippet:-1, max-image-preview:large, max-video-preview:-1\" \/>\n<link rel=\"canonical\" href=\"https:\/\/psol50.org.br\/juliano-medeiros-a-esquerda-precisa-de-um-novo-programa\/\" \/>\n<meta property=\"og:locale\" content=\"pt_BR\" \/>\n<meta property=\"og:type\" content=\"article\" \/>\n<meta property=\"og:title\" content=\"Juliano Medeiros: A esquerda precisa de um novo programa - PSOL 50\" \/>\n<meta property=\"og:description\" content=\"O PSOL participou, nesta ter\u00e7a-feira (20), do ato de lan\u00e7amento do manifesto &#8220;Unidade para reconstruir o Brasil&#8220;, assinado pelos presidentes de partidos do campo da esquerda (PSOL, PT, PCdoB e PDT) e das funda\u00e7\u00f5es, entre as quais a Funda\u00e7\u00e3o Lauro Campos. O presidente nacional do PSOL, Juliano Medeiros, foi assertivo em sua fala durante do [&hellip;]\" \/>\n<meta property=\"og:url\" content=\"https:\/\/psol50.org.br\/juliano-medeiros-a-esquerda-precisa-de-um-novo-programa\/\" \/>\n<meta property=\"og:site_name\" content=\"PSOL 50\" \/>\n<meta property=\"article:publisher\" content=\"https:\/\/www.facebook.com\/psol50\" \/>\n<meta property=\"article:published_time\" content=\"2018-02-21T13:40:53+00:00\" \/>\n<meta property=\"og:image\" content=\"https:\/\/psol50.org.br\/inc\/uploads\/2018\/02\/Juliano_Manifesto_PSOL50.jpg\" \/>\n\t<meta property=\"og:image:width\" content=\"1350\" \/>\n\t<meta property=\"og:image:height\" content=\"899\" \/>\n\t<meta property=\"og:image:type\" content=\"image\/jpeg\" \/>\n<meta name=\"author\" content=\"Comunica\u00e7\u00e3o PSOL\" \/>\n<meta name=\"twitter:card\" content=\"summary_large_image\" \/>\n<meta name=\"twitter:creator\" content=\"@psol50\" \/>\n<meta name=\"twitter:site\" content=\"@psol50\" \/>\n<meta name=\"twitter:label1\" content=\"Escrito por\" \/>\n\t<meta name=\"twitter:data1\" content=\"Comunica\u00e7\u00e3o PSOL\" \/>\n\t<meta name=\"twitter:label2\" content=\"Est. tempo de leitura\" \/>\n\t<meta name=\"twitter:data2\" content=\"2 minutos\" \/>\n<script type=\"application\/ld+json\" class=\"yoast-schema-graph\">{\"@context\":\"https:\/\/schema.org\",\"@graph\":[{\"@type\":\"Article\",\"@id\":\"https:\/\/psol50.org.br\/juliano-medeiros-a-esquerda-precisa-de-um-novo-programa\/#article\",\"isPartOf\":{\"@id\":\"https:\/\/psol50.org.br\/juliano-medeiros-a-esquerda-precisa-de-um-novo-programa\/\"},\"author\":{\"name\":\"Comunica\u00e7\u00e3o PSOL\",\"@id\":\"https:\/\/psol50.org.br\/#\/schema\/person\/475dfa57d0b815993c714c2e96491fcd\"},\"headline\":\"Juliano Medeiros: A esquerda precisa de um novo programa\",\"datePublished\":\"2018-02-21T13:40:53+00:00\",\"mainEntityOfPage\":{\"@id\":\"https:\/\/psol50.org.br\/juliano-medeiros-a-esquerda-precisa-de-um-novo-programa\/\"},\"wordCount\":377,\"commentCount\":0,\"publisher\":{\"@id\":\"https:\/\/psol50.org.br\/#organization\"},\"image\":{\"@id\":\"https:\/\/psol50.org.br\/juliano-medeiros-a-esquerda-precisa-de-um-novo-programa\/#primaryimage\"},\"thumbnailUrl\":\"https:\/\/psol50.org.br\/inc\/uploads\/2018\/02\/Juliano_Manifesto_PSOL50.jpg\",\"keywords\":[\"democracia\",\"direitos\",\"esquerda\",\"Funda\u00e7\u00e3o Lauro Campos\",\"Juliano Medeiros\",\"manifesto\",\"Oposi\u00e7\u00e3o\",\"programa\",\"PSOL\",\"Unidade para reconstruir o Brasil\"],\"articleSection\":[\"Brasil\",\"Movimento\",\"Not\u00edcias\"],\"inLanguage\":\"pt-BR\",\"potentialAction\":[{\"@type\":\"CommentAction\",\"name\":\"Comment\",\"target\":[\"https:\/\/psol50.org.br\/juliano-medeiros-a-esquerda-precisa-de-um-novo-programa\/#respond\"]}]},{\"@type\":\"WebPage\",\"@id\":\"https:\/\/psol50.org.br\/juliano-medeiros-a-esquerda-precisa-de-um-novo-programa\/\",\"url\":\"https:\/\/psol50.org.br\/juliano-medeiros-a-esquerda-precisa-de-um-novo-programa\/\",\"name\":\"Juliano Medeiros: A esquerda precisa de um novo programa - PSOL 50\",\"isPartOf\":{\"@id\":\"https:\/\/psol50.org.br\/#website\"},\"primaryImageOfPage\":{\"@id\":\"https:\/\/psol50.org.br\/juliano-medeiros-a-esquerda-precisa-de-um-novo-programa\/#primaryimage\"},\"image\":{\"@id\":\"https:\/\/psol50.org.br\/juliano-medeiros-a-esquerda-precisa-de-um-novo-programa\/#primaryimage\"},\"thumbnailUrl\":\"https:\/\/psol50.org.br\/inc\/uploads\/2018\/02\/Juliano_Manifesto_PSOL50.jpg\",\"datePublished\":\"2018-02-21T13:40:53+00:00\",\"breadcrumb\":{\"@id\":\"https:\/\/psol50.org.br\/juliano-medeiros-a-esquerda-precisa-de-um-novo-programa\/#breadcrumb\"},\"inLanguage\":\"pt-BR\",\"potentialAction\":[{\"@type\":\"ReadAction\",\"target\":[\"https:\/\/psol50.org.br\/juliano-medeiros-a-esquerda-precisa-de-um-novo-programa\/\"]}]},{\"@type\":\"ImageObject\",\"inLanguage\":\"pt-BR\",\"@id\":\"https:\/\/psol50.org.br\/juliano-medeiros-a-esquerda-precisa-de-um-novo-programa\/#primaryimage\",\"url\":\"https:\/\/psol50.org.br\/inc\/uploads\/2018\/02\/Juliano_Manifesto_PSOL50.jpg\",\"contentUrl\":\"https:\/\/psol50.org.br\/inc\/uploads\/2018\/02\/Juliano_Manifesto_PSOL50.jpg\",\"width\":1350,\"height\":899},{\"@type\":\"BreadcrumbList\",\"@id\":\"https:\/\/psol50.org.br\/juliano-medeiros-a-esquerda-precisa-de-um-novo-programa\/#breadcrumb\",\"itemListElement\":[{\"@type\":\"ListItem\",\"position\":1,\"name\":\"In\u00edcio\",\"item\":\"https:\/\/psol50.org.br\/\"},{\"@type\":\"ListItem\",\"position\":2,\"name\":\"Juliano Medeiros: A esquerda precisa de um novo programa\"}]},{\"@type\":\"WebSite\",\"@id\":\"https:\/\/psol50.org.br\/#website\",\"url\":\"https:\/\/psol50.org.br\/\",\"name\":\"PSOL 50\",\"description\":\"Site oficial do Partido Socialismo e Liberdade\",\"publisher\":{\"@id\":\"https:\/\/psol50.org.br\/#organization\"},\"alternateName\":\"PSOL50\",\"potentialAction\":[{\"@type\":\"SearchAction\",\"target\":{\"@type\":\"EntryPoint\",\"urlTemplate\":\"https:\/\/psol50.org.br\/?s={search_term_string}\"},\"query-input\":{\"@type\":\"PropertyValueSpecification\",\"valueRequired\":true,\"valueName\":\"search_term_string\"}}],\"inLanguage\":\"pt-BR\"},{\"@type\":\"Organization\",\"@id\":\"https:\/\/psol50.org.br\/#organization\",\"name\":\"PSOL 50\",\"alternateName\":\"PSOL 50\",\"url\":\"https:\/\/psol50.org.br\/\",\"logo\":{\"@type\":\"ImageObject\",\"inLanguage\":\"pt-BR\",\"@id\":\"https:\/\/psol50.org.br\/#\/schema\/logo\/image\/\",\"url\":\"https:\/\/psol50.org.br\/inc\/uploads\/2018\/07\/capa.png\",\"contentUrl\":\"https:\/\/psol50.org.br\/inc\/uploads\/2018\/07\/capa.png\",\"width\":1350,\"height\":900,\"caption\":\"PSOL 50\"},\"image\":{\"@id\":\"https:\/\/psol50.org.br\/#\/schema\/logo\/image\/\"},\"sameAs\":[\"https:\/\/www.facebook.com\/psol50\",\"https:\/\/x.com\/psol50\",\"https:\/\/www.instagram.com\/psol50\/\",\"https:\/\/www.youtube.com\/channel\/UC7SnJS5o1os7a6CaiNabzcg\"]},{\"@type\":\"Person\",\"@id\":\"https:\/\/psol50.org.br\/#\/schema\/person\/475dfa57d0b815993c714c2e96491fcd\",\"name\":\"Comunica\u00e7\u00e3o PSOL\",\"image\":{\"@type\":\"ImageObject\",\"inLanguage\":\"pt-BR\",\"@id\":\"https:\/\/psol50.org.br\/#\/schema\/person\/image\/\",\"url\":\"https:\/\/secure.gravatar.com\/avatar\/b34fc4f4e468a4e51785917065a3db57b841f5c95dba6ad8c73aaf8f66f8f9bf?s=96&d=mm&r=g\",\"contentUrl\":\"https:\/\/secure.gravatar.com\/avatar\/b34fc4f4e468a4e51785917065a3db57b841f5c95dba6ad8c73aaf8f66f8f9bf?s=96&d=mm&r=g\",\"caption\":\"Comunica\u00e7\u00e3o PSOL\"}}]}<\/script>\n<!-- \/ Yoast SEO plugin. -->","yoast_head_json":{"title":"Juliano Medeiros: A esquerda precisa de um novo programa - PSOL 50","robots":{"index":"index","follow":"follow","max-snippet":"max-snippet:-1","max-image-preview":"max-image-preview:large","max-video-preview":"max-video-preview:-1"},"canonical":"https:\/\/psol50.org.br\/juliano-medeiros-a-esquerda-precisa-de-um-novo-programa\/","og_locale":"pt_BR","og_type":"article","og_title":"Juliano Medeiros: A esquerda precisa de um novo programa - PSOL 50","og_description":"O PSOL participou, nesta ter\u00e7a-feira (20), do ato de lan\u00e7amento do manifesto &#8220;Unidade para reconstruir o Brasil&#8220;, assinado pelos presidentes de partidos do campo da esquerda (PSOL, PT, PCdoB e PDT) e das funda\u00e7\u00f5es, entre as quais a Funda\u00e7\u00e3o Lauro Campos. O presidente nacional do PSOL, Juliano Medeiros, foi assertivo em sua fala durante do [&hellip;]","og_url":"https:\/\/psol50.org.br\/juliano-medeiros-a-esquerda-precisa-de-um-novo-programa\/","og_site_name":"PSOL 50","article_publisher":"https:\/\/www.facebook.com\/psol50","article_published_time":"2018-02-21T13:40:53+00:00","og_image":[{"width":1350,"height":899,"url":"https:\/\/psol50.org.br\/inc\/uploads\/2018\/02\/Juliano_Manifesto_PSOL50.jpg","type":"image\/jpeg"}],"author":"Comunica\u00e7\u00e3o PSOL","twitter_card":"summary_large_image","twitter_creator":"@psol50","twitter_site":"@psol50","twitter_misc":{"Escrito por":"Comunica\u00e7\u00e3o PSOL","Est. tempo de leitura":"2 minutos"},"schema":{"@context":"https:\/\/schema.org","@graph":[{"@type":"Article","@id":"https:\/\/psol50.org.br\/juliano-medeiros-a-esquerda-precisa-de-um-novo-programa\/#article","isPartOf":{"@id":"https:\/\/psol50.org.br\/juliano-medeiros-a-esquerda-precisa-de-um-novo-programa\/"},"author":{"name":"Comunica\u00e7\u00e3o PSOL","@id":"https:\/\/psol50.org.br\/#\/schema\/person\/475dfa57d0b815993c714c2e96491fcd"},"headline":"Juliano Medeiros: A esquerda precisa de um novo programa","datePublished":"2018-02-21T13:40:53+00:00","mainEntityOfPage":{"@id":"https:\/\/psol50.org.br\/juliano-medeiros-a-esquerda-precisa-de-um-novo-programa\/"},"wordCount":377,"commentCount":0,"publisher":{"@id":"https:\/\/psol50.org.br\/#organization"},"image":{"@id":"https:\/\/psol50.org.br\/juliano-medeiros-a-esquerda-precisa-de-um-novo-programa\/#primaryimage"},"thumbnailUrl":"https:\/\/psol50.org.br\/inc\/uploads\/2018\/02\/Juliano_Manifesto_PSOL50.jpg","keywords":["democracia","direitos","esquerda","Funda\u00e7\u00e3o Lauro Campos","Juliano Medeiros","manifesto","Oposi\u00e7\u00e3o","programa","PSOL","Unidade para reconstruir o Brasil"],"articleSection":["Brasil","Movimento","Not\u00edcias"],"inLanguage":"pt-BR","potentialAction":[{"@type":"CommentAction","name":"Comment","target":["https:\/\/psol50.org.br\/juliano-medeiros-a-esquerda-precisa-de-um-novo-programa\/#respond"]}]},{"@type":"WebPage","@id":"https:\/\/psol50.org.br\/juliano-medeiros-a-esquerda-precisa-de-um-novo-programa\/","url":"https:\/\/psol50.org.br\/juliano-medeiros-a-esquerda-precisa-de-um-novo-programa\/","name":"Juliano Medeiros: A esquerda precisa de um novo programa - PSOL 50","isPartOf":{"@id":"https:\/\/psol50.org.br\/#website"},"primaryImageOfPage":{"@id":"https:\/\/psol50.org.br\/juliano-medeiros-a-esquerda-precisa-de-um-novo-programa\/#primaryimage"},"image":{"@id":"https:\/\/psol50.org.br\/juliano-medeiros-a-esquerda-precisa-de-um-novo-programa\/#primaryimage"},"thumbnailUrl":"https:\/\/psol50.org.br\/inc\/uploads\/2018\/02\/Juliano_Manifesto_PSOL50.jpg","datePublished":"2018-02-21T13:40:53+00:00","breadcrumb":{"@id":"https:\/\/psol50.org.br\/juliano-medeiros-a-esquerda-precisa-de-um-novo-programa\/#breadcrumb"},"inLanguage":"pt-BR","potentialAction":[{"@type":"ReadAction","target":["https:\/\/psol50.org.br\/juliano-medeiros-a-esquerda-precisa-de-um-novo-programa\/"]}]},{"@type":"ImageObject","inLanguage":"pt-BR","@id":"https:\/\/psol50.org.br\/juliano-medeiros-a-esquerda-precisa-de-um-novo-programa\/#primaryimage","url":"https:\/\/psol50.org.br\/inc\/uploads\/2018\/02\/Juliano_Manifesto_PSOL50.jpg","contentUrl":"https:\/\/psol50.org.br\/inc\/uploads\/2018\/02\/Juliano_Manifesto_PSOL50.jpg","width":1350,"height":899},{"@type":"BreadcrumbList","@id":"https:\/\/psol50.org.br\/juliano-medeiros-a-esquerda-precisa-de-um-novo-programa\/#breadcrumb","itemListElement":[{"@type":"ListItem","position":1,"name":"In\u00edcio","item":"https:\/\/psol50.org.br\/"},{"@type":"ListItem","position":2,"name":"Juliano Medeiros: A esquerda precisa de um novo programa"}]},{"@type":"WebSite","@id":"https:\/\/psol50.org.br\/#website","url":"https:\/\/psol50.org.br\/","name":"PSOL 50","description":"Site oficial do Partido Socialismo e Liberdade","publisher":{"@id":"https:\/\/psol50.org.br\/#organization"},"alternateName":"PSOL50","potentialAction":[{"@type":"SearchAction","target":{"@type":"EntryPoint","urlTemplate":"https:\/\/psol50.org.br\/?s={search_term_string}"},"query-input":{"@type":"PropertyValueSpecification","valueRequired":true,"valueName":"search_term_string"}}],"inLanguage":"pt-BR"},{"@type":"Organization","@id":"https:\/\/psol50.org.br\/#organization","name":"PSOL 50","alternateName":"PSOL 50","url":"https:\/\/psol50.org.br\/","logo":{"@type":"ImageObject","inLanguage":"pt-BR","@id":"https:\/\/psol50.org.br\/#\/schema\/logo\/image\/","url":"https:\/\/psol50.org.br\/inc\/uploads\/2018\/07\/capa.png","contentUrl":"https:\/\/psol50.org.br\/inc\/uploads\/2018\/07\/capa.png","width":1350,"height":900,"caption":"PSOL 50"},"image":{"@id":"https:\/\/psol50.org.br\/#\/schema\/logo\/image\/"},"sameAs":["https:\/\/www.facebook.com\/psol50","https:\/\/x.com\/psol50","https:\/\/www.instagram.com\/psol50\/","https:\/\/www.youtube.com\/channel\/UC7SnJS5o1os7a6CaiNabzcg"]},{"@type":"Person","@id":"https:\/\/psol50.org.br\/#\/schema\/person\/475dfa57d0b815993c714c2e96491fcd","name":"Comunica\u00e7\u00e3o PSOL","image":{"@type":"ImageObject","inLanguage":"pt-BR","@id":"https:\/\/psol50.org.br\/#\/schema\/person\/image\/","url":"https:\/\/secure.gravatar.com\/avatar\/b34fc4f4e468a4e51785917065a3db57b841f5c95dba6ad8c73aaf8f66f8f9bf?s=96&d=mm&r=g","contentUrl":"https:\/\/secure.gravatar.com\/avatar\/b34fc4f4e468a4e51785917065a3db57b841f5c95dba6ad8c73aaf8f66f8f9bf?s=96&d=mm&r=g","caption":"Comunica\u00e7\u00e3o PSOL"}}]}},"_links":{"self":[{"href":"https:\/\/psol50.org.br\/rest\/wp\/v2\/posts\/19930","targetHints":{"allow":["GET"]}}],"collection":[{"href":"https:\/\/psol50.org.br\/rest\/wp\/v2\/posts"}],"about":[{"href":"https:\/\/psol50.org.br\/rest\/wp\/v2\/types\/post"}],"author":[{"embeddable":true,"href":"https:\/\/psol50.org.br\/rest\/wp\/v2\/users\/2"}],"replies":[{"embeddable":true,"href":"https:\/\/psol50.org.br\/rest\/wp\/v2\/comments?post=19930"}],"version-history":[{"count":0,"href":"https:\/\/psol50.org.br\/rest\/wp\/v2\/posts\/19930\/revisions"}],"wp:featuredmedia":[{"embeddable":true,"href":"https:\/\/psol50.org.br\/rest\/wp\/v2\/media\/19933"}],"wp:attachment":[{"href":"https:\/\/psol50.org.br\/rest\/wp\/v2\/media?parent=19930"}],"wp:term":[{"taxonomy":"category","embeddable":true,"href":"https:\/\/psol50.org.br\/rest\/wp\/v2\/categories?post=19930"},{"taxonomy":"post_tag","embeddable":true,"href":"https:\/\/psol50.org.br\/rest\/wp\/v2\/tags?post=19930"}],"curies":[{"name":"wp","href":"https:\/\/api.w.org\/{rel}","templated":true}]}}