{"id":19963,"date":"2018-02-26T12:42:37","date_gmt":"2018-02-26T15:42:37","guid":{"rendered":"http:\/\/www.psol50.org.br\/?p=19963"},"modified":"2018-02-26T12:42:37","modified_gmt":"2018-02-26T15:42:37","slug":"edmilson-rodrigues-cobra-investigacao-de-tragedia-ambiental-em-barcarena","status":"publish","type":"post","link":"https:\/\/psol50.org.br\/edmilson-rodrigues-cobra-investigacao-de-tragedia-ambiental-em-barcarena\/","title":{"rendered":"Edmilson Rodrigues cobra investiga\u00e7\u00e3o de trag\u00e9dia ambiental em Barcarena"},"content":{"rendered":"<p>O deputado federal pelo PSOL do Par\u00e1, Edmilson Rodrigues, vem cobrando, insistentemente, ampla investiga\u00e7\u00e3o sobre a trag\u00e9dia ambiental ocorrida em Barcarena, munic\u00edpio da regi\u00e3o nordeste do Par\u00e1, que fica a 15km de Bel\u00e9m. Na \u00faltima semana, foram identificados vazamentos\u00a0de rejeitos qu\u00edmicos de minera\u00e7\u00e3o, cuja opera\u00e7\u00e3o \u00e9 de responsabilidade da empresa norueguesa Hydro Alunorte. A popula\u00e7\u00e3o da cidade corre s\u00e9rio risco de contamina\u00e7\u00e3o.<\/p>\n<p>Diversos especialistas comparam o crime de Barcarena com a trag\u00e9dia ocorrida em Mariana\/MG, em novembro de 2015. Para Edmilson Rodrigues, a grave situa\u00e7\u00e3o exige solu\u00e7\u00f5es urgentes e definitivas. Na \u00faltima sexta-feira (23), o deputado esteve na cidade, no momento em que moradores realizavam um protesto. Ele coordenou a visita da comiss\u00e3o externa da C\u00e2mara dos Deputados que pede investiga\u00e7\u00e3o e cobra provid\u00eancias sobre a grav\u00edssima situa\u00e7\u00e3o do vazamento.<\/p>\n<p><img loading=\"lazy\" decoding=\"async\" class=\"size-medium wp-image-19964 aligncenter\" src=\"http:\/\/www.psol50.org.br\/inc\/uploads\/2018\/02\/Edmilson_Barcarena_1-600x461.jpg\" alt=\"\" width=\"600\" height=\"461\" \/><\/p>\n<p>&#8220;A despeito da import\u00e2ncia da cadeia do alum\u00ednio para a economia do Par\u00e1, o lucro n\u00e3o pode ter mais import\u00e2ncia do que a vida&#8221;, afirmou Edmilson Rodrigues, em reuni\u00e3o com o\u00a0representante pelas opera\u00e7\u00f5es da Hydro no Brasil, Silvio Porto, que admitiu o problema com o vazamento de rejeitos e se comprometeu a distribuir \u00e1gua nas comunidades Bom Jesus e Vila Nova.<\/p>\n<p>&#8220;N\u00e3o tem como fechar os olhos quando se v\u00ea as \u00e1guas do rios vermelha. A comunidade est\u00e1 denunciando e a imprensa est\u00e1 mostrando. Laudos comprovam que existe contamina\u00e7\u00e3o. A polui\u00e7\u00e3o do ar, da \u00e1gua e do solo compromete a qualidade de vida. E nesse momento, a nossa preocupa\u00e7\u00e3o \u00e9 que com o aumento das chuvas pode resultar numa cat\u00e1strofe&#8221;, declarou, em entrevista \u00e0 imprensa, logo depois da reuni\u00e3o com representante da Hydro, em Barcarena. Confira abaixo.<\/p>\n<p>https:\/\/www.facebook.com\/edmilsonpsol\/videos\/2006520032721794\/<\/p>\n<p>Ainda na sexta-feira, foi realizada audi\u00eancia p\u00fablica com moradores da cidade. Al\u00e9m de Edmilson, tamb\u00e9m participaram a vereadora em Bel\u00e9m, Marinor Brito, e militantes do partido no Estado.<\/p>\n<p>&#8220;A Hydro tem R$7,5 milh\u00f5es de incentivo fiscal at\u00e9 2030 e uma multa a pagar por dano ambiental de R$17 milh\u00f5es, apesar do lucro anual de R$6 bi ao ano. Por que a empresa n\u00e3o pode garantir 10 milh\u00f5es pra perfurar po\u00e7os profundos e assim garantir \u00e1gua pot\u00e1vel para a popula\u00e7\u00e3o? N\u00e3o pode a empresa s\u00f3 querer ter lucro e destruir a natureza e a dignidade do povo&#8221;, disse Edmilson, na audi\u00eancia.<\/p>\n<p>https:\/\/www.facebook.com\/edmilsonpsol\/videos\/2007093299331134\/<\/p>\n<p>O deputado do PSOL tamb\u00e9m cobrou medidas do Minist\u00e9rio do Meio Ambiente, em reuni\u00e3o na \u00faltima quarta-feira (21) com o ministro Sarney Filho.<\/p>\n<p>Confira, abaixo, reportagem do Jornal Hoje sobre a trag\u00e9dia.<\/p>\n<p>https:\/\/www.facebook.com\/edmilsonpsol\/videos\/2006826706024460\/<\/p>\n","protected":false},"excerpt":{"rendered":"<p>O deputado federal pelo PSOL do Par\u00e1, Edmilson Rodrigues, vem cobrando, insistentemente, ampla investiga\u00e7\u00e3o sobre a trag\u00e9dia ambiental ocorrida em Barcarena, munic\u00edpio da regi\u00e3o nordeste do Par\u00e1, que fica a 15km de Bel\u00e9m. Na \u00faltima semana, foram identificados vazamentos\u00a0de rejeitos qu\u00edmicos de minera\u00e7\u00e3o, cuja opera\u00e7\u00e3o \u00e9 de responsabilidade da empresa norueguesa Hydro Alunorte. A popula\u00e7\u00e3o [&hellip;]<\/p>\n","protected":false},"author":2,"featured_media":19965,"comment_status":"open","ping_status":"open","sticky":false,"template":"","format":"standard","meta":{"_acf_changed":false,"footnotes":""},"categories":[10,654,6],"tags":[2268,2269,2255,2270,227,50,2271,1492,745],"class_list":{"0":"post-19963","1":"post","2":"type-post","3":"status-publish","4":"format-standard","5":"has-post-thumbnail","7":"category-acao-parlamentares","8":"category-estados","9":"category-noticias","10":"tag-barcarena","11":"tag-contaminacao","12":"tag-crime-ambiental","13":"tag-hydro-alunorte","14":"tag-mineracao","15":"tag-para","16":"tag-rejeitos-quimicos","17":"tag-tragedia","18":"tag-vazamento"},"acf":[],"yoast_head":"<!-- This site is optimized with the Yoast SEO plugin v26.5 - https:\/\/yoast.com\/wordpress\/plugins\/seo\/ -->\n<title>Edmilson Rodrigues cobra investiga\u00e7\u00e3o de trag\u00e9dia ambiental em Barcarena - PSOL 50<\/title>\n<meta name=\"robots\" content=\"index, follow, max-snippet:-1, max-image-preview:large, max-video-preview:-1\" \/>\n<link rel=\"canonical\" href=\"https:\/\/psol50.org.br\/edmilson-rodrigues-cobra-investigacao-de-tragedia-ambiental-em-barcarena\/\" \/>\n<meta property=\"og:locale\" content=\"pt_BR\" \/>\n<meta property=\"og:type\" content=\"article\" \/>\n<meta property=\"og:title\" content=\"Edmilson Rodrigues cobra investiga\u00e7\u00e3o de trag\u00e9dia ambiental em Barcarena - PSOL 50\" \/>\n<meta property=\"og:description\" content=\"O deputado federal pelo PSOL do Par\u00e1, Edmilson Rodrigues, vem cobrando, insistentemente, ampla investiga\u00e7\u00e3o sobre a trag\u00e9dia ambiental ocorrida em Barcarena, munic\u00edpio da regi\u00e3o nordeste do Par\u00e1, que fica a 15km de Bel\u00e9m. Na \u00faltima semana, foram identificados vazamentos\u00a0de rejeitos qu\u00edmicos de minera\u00e7\u00e3o, cuja opera\u00e7\u00e3o \u00e9 de responsabilidade da empresa norueguesa Hydro Alunorte. A popula\u00e7\u00e3o [&hellip;]\" \/>\n<meta property=\"og:url\" content=\"https:\/\/psol50.org.br\/edmilson-rodrigues-cobra-investigacao-de-tragedia-ambiental-em-barcarena\/\" \/>\n<meta property=\"og:site_name\" content=\"PSOL 50\" \/>\n<meta property=\"article:publisher\" content=\"https:\/\/www.facebook.com\/psol50\" \/>\n<meta property=\"article:published_time\" content=\"2018-02-26T15:42:37+00:00\" \/>\n<meta property=\"og:image\" content=\"https:\/\/psol50.org.br\/inc\/uploads\/2018\/02\/Barcarena_Divulgacao_Semas.jpg\" \/>\n\t<meta property=\"og:image:width\" content=\"1350\" \/>\n\t<meta property=\"og:image:height\" content=\"811\" \/>\n\t<meta property=\"og:image:type\" content=\"image\/jpeg\" \/>\n<meta name=\"author\" content=\"Comunica\u00e7\u00e3o PSOL\" \/>\n<meta name=\"twitter:card\" content=\"summary_large_image\" \/>\n<meta name=\"twitter:creator\" content=\"@psol50\" \/>\n<meta name=\"twitter:site\" content=\"@psol50\" \/>\n<meta name=\"twitter:label1\" content=\"Escrito por\" \/>\n\t<meta name=\"twitter:data1\" content=\"Comunica\u00e7\u00e3o PSOL\" \/>\n\t<meta name=\"twitter:label2\" content=\"Est. tempo de leitura\" \/>\n\t<meta name=\"twitter:data2\" content=\"2 minutos\" \/>\n<script type=\"application\/ld+json\" class=\"yoast-schema-graph\">{\"@context\":\"https:\/\/schema.org\",\"@graph\":[{\"@type\":\"Article\",\"@id\":\"https:\/\/psol50.org.br\/edmilson-rodrigues-cobra-investigacao-de-tragedia-ambiental-em-barcarena\/#article\",\"isPartOf\":{\"@id\":\"https:\/\/psol50.org.br\/edmilson-rodrigues-cobra-investigacao-de-tragedia-ambiental-em-barcarena\/\"},\"author\":{\"name\":\"Comunica\u00e7\u00e3o PSOL\",\"@id\":\"https:\/\/psol50.org.br\/#\/schema\/person\/475dfa57d0b815993c714c2e96491fcd\"},\"headline\":\"Edmilson Rodrigues cobra investiga\u00e7\u00e3o de trag\u00e9dia ambiental em Barcarena\",\"datePublished\":\"2018-02-26T15:42:37+00:00\",\"mainEntityOfPage\":{\"@id\":\"https:\/\/psol50.org.br\/edmilson-rodrigues-cobra-investigacao-de-tragedia-ambiental-em-barcarena\/\"},\"wordCount\":473,\"commentCount\":0,\"publisher\":{\"@id\":\"https:\/\/psol50.org.br\/#organization\"},\"image\":{\"@id\":\"https:\/\/psol50.org.br\/edmilson-rodrigues-cobra-investigacao-de-tragedia-ambiental-em-barcarena\/#primaryimage\"},\"thumbnailUrl\":\"https:\/\/psol50.org.br\/inc\/uploads\/2018\/02\/Barcarena_Divulgacao_Semas.jpg\",\"keywords\":[\"Barcarena\",\"contamina\u00e7\u00e3o\",\"crime ambiental\",\"Hydro Alunorte\",\"minera\u00e7\u00e3o\",\"Par\u00e1\",\"rejeitos qu\u00edmicos\",\"trag\u00e9dia\",\"vazamento\"],\"articleSection\":[\"A\u00e7\u00e3o Parlamentar\",\"Estados\",\"Not\u00edcias\"],\"inLanguage\":\"pt-BR\",\"potentialAction\":[{\"@type\":\"CommentAction\",\"name\":\"Comment\",\"target\":[\"https:\/\/psol50.org.br\/edmilson-rodrigues-cobra-investigacao-de-tragedia-ambiental-em-barcarena\/#respond\"]}]},{\"@type\":\"WebPage\",\"@id\":\"https:\/\/psol50.org.br\/edmilson-rodrigues-cobra-investigacao-de-tragedia-ambiental-em-barcarena\/\",\"url\":\"https:\/\/psol50.org.br\/edmilson-rodrigues-cobra-investigacao-de-tragedia-ambiental-em-barcarena\/\",\"name\":\"Edmilson Rodrigues cobra investiga\u00e7\u00e3o de trag\u00e9dia ambiental em Barcarena - PSOL 50\",\"isPartOf\":{\"@id\":\"https:\/\/psol50.org.br\/#website\"},\"primaryImageOfPage\":{\"@id\":\"https:\/\/psol50.org.br\/edmilson-rodrigues-cobra-investigacao-de-tragedia-ambiental-em-barcarena\/#primaryimage\"},\"image\":{\"@id\":\"https:\/\/psol50.org.br\/edmilson-rodrigues-cobra-investigacao-de-tragedia-ambiental-em-barcarena\/#primaryimage\"},\"thumbnailUrl\":\"https:\/\/psol50.org.br\/inc\/uploads\/2018\/02\/Barcarena_Divulgacao_Semas.jpg\",\"datePublished\":\"2018-02-26T15:42:37+00:00\",\"breadcrumb\":{\"@id\":\"https:\/\/psol50.org.br\/edmilson-rodrigues-cobra-investigacao-de-tragedia-ambiental-em-barcarena\/#breadcrumb\"},\"inLanguage\":\"pt-BR\",\"potentialAction\":[{\"@type\":\"ReadAction\",\"target\":[\"https:\/\/psol50.org.br\/edmilson-rodrigues-cobra-investigacao-de-tragedia-ambiental-em-barcarena\/\"]}]},{\"@type\":\"ImageObject\",\"inLanguage\":\"pt-BR\",\"@id\":\"https:\/\/psol50.org.br\/edmilson-rodrigues-cobra-investigacao-de-tragedia-ambiental-em-barcarena\/#primaryimage\",\"url\":\"https:\/\/psol50.org.br\/inc\/uploads\/2018\/02\/Barcarena_Divulgacao_Semas.jpg\",\"contentUrl\":\"https:\/\/psol50.org.br\/inc\/uploads\/2018\/02\/Barcarena_Divulgacao_Semas.jpg\",\"width\":1350,\"height\":811},{\"@type\":\"BreadcrumbList\",\"@id\":\"https:\/\/psol50.org.br\/edmilson-rodrigues-cobra-investigacao-de-tragedia-ambiental-em-barcarena\/#breadcrumb\",\"itemListElement\":[{\"@type\":\"ListItem\",\"position\":1,\"name\":\"In\u00edcio\",\"item\":\"https:\/\/psol50.org.br\/\"},{\"@type\":\"ListItem\",\"position\":2,\"name\":\"Edmilson Rodrigues cobra investiga\u00e7\u00e3o de trag\u00e9dia ambiental em Barcarena\"}]},{\"@type\":\"WebSite\",\"@id\":\"https:\/\/psol50.org.br\/#website\",\"url\":\"https:\/\/psol50.org.br\/\",\"name\":\"PSOL 50\",\"description\":\"Site oficial do Partido Socialismo e Liberdade\",\"publisher\":{\"@id\":\"https:\/\/psol50.org.br\/#organization\"},\"alternateName\":\"PSOL50\",\"potentialAction\":[{\"@type\":\"SearchAction\",\"target\":{\"@type\":\"EntryPoint\",\"urlTemplate\":\"https:\/\/psol50.org.br\/?s={search_term_string}\"},\"query-input\":{\"@type\":\"PropertyValueSpecification\",\"valueRequired\":true,\"valueName\":\"search_term_string\"}}],\"inLanguage\":\"pt-BR\"},{\"@type\":\"Organization\",\"@id\":\"https:\/\/psol50.org.br\/#organization\",\"name\":\"PSOL 50\",\"alternateName\":\"PSOL 50\",\"url\":\"https:\/\/psol50.org.br\/\",\"logo\":{\"@type\":\"ImageObject\",\"inLanguage\":\"pt-BR\",\"@id\":\"https:\/\/psol50.org.br\/#\/schema\/logo\/image\/\",\"url\":\"https:\/\/psol50.org.br\/inc\/uploads\/2018\/07\/capa.png\",\"contentUrl\":\"https:\/\/psol50.org.br\/inc\/uploads\/2018\/07\/capa.png\",\"width\":1350,\"height\":900,\"caption\":\"PSOL 50\"},\"image\":{\"@id\":\"https:\/\/psol50.org.br\/#\/schema\/logo\/image\/\"},\"sameAs\":[\"https:\/\/www.facebook.com\/psol50\",\"https:\/\/x.com\/psol50\",\"https:\/\/www.instagram.com\/psol50\/\",\"https:\/\/www.youtube.com\/channel\/UC7SnJS5o1os7a6CaiNabzcg\"]},{\"@type\":\"Person\",\"@id\":\"https:\/\/psol50.org.br\/#\/schema\/person\/475dfa57d0b815993c714c2e96491fcd\",\"name\":\"Comunica\u00e7\u00e3o PSOL\",\"image\":{\"@type\":\"ImageObject\",\"inLanguage\":\"pt-BR\",\"@id\":\"https:\/\/psol50.org.br\/#\/schema\/person\/image\/\",\"url\":\"https:\/\/secure.gravatar.com\/avatar\/b34fc4f4e468a4e51785917065a3db57b841f5c95dba6ad8c73aaf8f66f8f9bf?s=96&d=mm&r=g\",\"contentUrl\":\"https:\/\/secure.gravatar.com\/avatar\/b34fc4f4e468a4e51785917065a3db57b841f5c95dba6ad8c73aaf8f66f8f9bf?s=96&d=mm&r=g\",\"caption\":\"Comunica\u00e7\u00e3o PSOL\"}}]}<\/script>\n<!-- \/ Yoast SEO plugin. -->","yoast_head_json":{"title":"Edmilson Rodrigues cobra investiga\u00e7\u00e3o de trag\u00e9dia ambiental em Barcarena - PSOL 50","robots":{"index":"index","follow":"follow","max-snippet":"max-snippet:-1","max-image-preview":"max-image-preview:large","max-video-preview":"max-video-preview:-1"},"canonical":"https:\/\/psol50.org.br\/edmilson-rodrigues-cobra-investigacao-de-tragedia-ambiental-em-barcarena\/","og_locale":"pt_BR","og_type":"article","og_title":"Edmilson Rodrigues cobra investiga\u00e7\u00e3o de trag\u00e9dia ambiental em Barcarena - PSOL 50","og_description":"O deputado federal pelo PSOL do Par\u00e1, Edmilson Rodrigues, vem cobrando, insistentemente, ampla investiga\u00e7\u00e3o sobre a trag\u00e9dia ambiental ocorrida em Barcarena, munic\u00edpio da regi\u00e3o nordeste do Par\u00e1, que fica a 15km de Bel\u00e9m. Na \u00faltima semana, foram identificados vazamentos\u00a0de rejeitos qu\u00edmicos de minera\u00e7\u00e3o, cuja opera\u00e7\u00e3o \u00e9 de responsabilidade da empresa norueguesa Hydro Alunorte. A popula\u00e7\u00e3o [&hellip;]","og_url":"https:\/\/psol50.org.br\/edmilson-rodrigues-cobra-investigacao-de-tragedia-ambiental-em-barcarena\/","og_site_name":"PSOL 50","article_publisher":"https:\/\/www.facebook.com\/psol50","article_published_time":"2018-02-26T15:42:37+00:00","og_image":[{"width":1350,"height":811,"url":"https:\/\/psol50.org.br\/inc\/uploads\/2018\/02\/Barcarena_Divulgacao_Semas.jpg","type":"image\/jpeg"}],"author":"Comunica\u00e7\u00e3o PSOL","twitter_card":"summary_large_image","twitter_creator":"@psol50","twitter_site":"@psol50","twitter_misc":{"Escrito por":"Comunica\u00e7\u00e3o PSOL","Est. tempo de leitura":"2 minutos"},"schema":{"@context":"https:\/\/schema.org","@graph":[{"@type":"Article","@id":"https:\/\/psol50.org.br\/edmilson-rodrigues-cobra-investigacao-de-tragedia-ambiental-em-barcarena\/#article","isPartOf":{"@id":"https:\/\/psol50.org.br\/edmilson-rodrigues-cobra-investigacao-de-tragedia-ambiental-em-barcarena\/"},"author":{"name":"Comunica\u00e7\u00e3o PSOL","@id":"https:\/\/psol50.org.br\/#\/schema\/person\/475dfa57d0b815993c714c2e96491fcd"},"headline":"Edmilson Rodrigues cobra investiga\u00e7\u00e3o de trag\u00e9dia ambiental em Barcarena","datePublished":"2018-02-26T15:42:37+00:00","mainEntityOfPage":{"@id":"https:\/\/psol50.org.br\/edmilson-rodrigues-cobra-investigacao-de-tragedia-ambiental-em-barcarena\/"},"wordCount":473,"commentCount":0,"publisher":{"@id":"https:\/\/psol50.org.br\/#organization"},"image":{"@id":"https:\/\/psol50.org.br\/edmilson-rodrigues-cobra-investigacao-de-tragedia-ambiental-em-barcarena\/#primaryimage"},"thumbnailUrl":"https:\/\/psol50.org.br\/inc\/uploads\/2018\/02\/Barcarena_Divulgacao_Semas.jpg","keywords":["Barcarena","contamina\u00e7\u00e3o","crime ambiental","Hydro Alunorte","minera\u00e7\u00e3o","Par\u00e1","rejeitos qu\u00edmicos","trag\u00e9dia","vazamento"],"articleSection":["A\u00e7\u00e3o Parlamentar","Estados","Not\u00edcias"],"inLanguage":"pt-BR","potentialAction":[{"@type":"CommentAction","name":"Comment","target":["https:\/\/psol50.org.br\/edmilson-rodrigues-cobra-investigacao-de-tragedia-ambiental-em-barcarena\/#respond"]}]},{"@type":"WebPage","@id":"https:\/\/psol50.org.br\/edmilson-rodrigues-cobra-investigacao-de-tragedia-ambiental-em-barcarena\/","url":"https:\/\/psol50.org.br\/edmilson-rodrigues-cobra-investigacao-de-tragedia-ambiental-em-barcarena\/","name":"Edmilson Rodrigues cobra investiga\u00e7\u00e3o de trag\u00e9dia ambiental em Barcarena - PSOL 50","isPartOf":{"@id":"https:\/\/psol50.org.br\/#website"},"primaryImageOfPage":{"@id":"https:\/\/psol50.org.br\/edmilson-rodrigues-cobra-investigacao-de-tragedia-ambiental-em-barcarena\/#primaryimage"},"image":{"@id":"https:\/\/psol50.org.br\/edmilson-rodrigues-cobra-investigacao-de-tragedia-ambiental-em-barcarena\/#primaryimage"},"thumbnailUrl":"https:\/\/psol50.org.br\/inc\/uploads\/2018\/02\/Barcarena_Divulgacao_Semas.jpg","datePublished":"2018-02-26T15:42:37+00:00","breadcrumb":{"@id":"https:\/\/psol50.org.br\/edmilson-rodrigues-cobra-investigacao-de-tragedia-ambiental-em-barcarena\/#breadcrumb"},"inLanguage":"pt-BR","potentialAction":[{"@type":"ReadAction","target":["https:\/\/psol50.org.br\/edmilson-rodrigues-cobra-investigacao-de-tragedia-ambiental-em-barcarena\/"]}]},{"@type":"ImageObject","inLanguage":"pt-BR","@id":"https:\/\/psol50.org.br\/edmilson-rodrigues-cobra-investigacao-de-tragedia-ambiental-em-barcarena\/#primaryimage","url":"https:\/\/psol50.org.br\/inc\/uploads\/2018\/02\/Barcarena_Divulgacao_Semas.jpg","contentUrl":"https:\/\/psol50.org.br\/inc\/uploads\/2018\/02\/Barcarena_Divulgacao_Semas.jpg","width":1350,"height":811},{"@type":"BreadcrumbList","@id":"https:\/\/psol50.org.br\/edmilson-rodrigues-cobra-investigacao-de-tragedia-ambiental-em-barcarena\/#breadcrumb","itemListElement":[{"@type":"ListItem","position":1,"name":"In\u00edcio","item":"https:\/\/psol50.org.br\/"},{"@type":"ListItem","position":2,"name":"Edmilson Rodrigues cobra investiga\u00e7\u00e3o de trag\u00e9dia ambiental em Barcarena"}]},{"@type":"WebSite","@id":"https:\/\/psol50.org.br\/#website","url":"https:\/\/psol50.org.br\/","name":"PSOL 50","description":"Site oficial do Partido Socialismo e Liberdade","publisher":{"@id":"https:\/\/psol50.org.br\/#organization"},"alternateName":"PSOL50","potentialAction":[{"@type":"SearchAction","target":{"@type":"EntryPoint","urlTemplate":"https:\/\/psol50.org.br\/?s={search_term_string}"},"query-input":{"@type":"PropertyValueSpecification","valueRequired":true,"valueName":"search_term_string"}}],"inLanguage":"pt-BR"},{"@type":"Organization","@id":"https:\/\/psol50.org.br\/#organization","name":"PSOL 50","alternateName":"PSOL 50","url":"https:\/\/psol50.org.br\/","logo":{"@type":"ImageObject","inLanguage":"pt-BR","@id":"https:\/\/psol50.org.br\/#\/schema\/logo\/image\/","url":"https:\/\/psol50.org.br\/inc\/uploads\/2018\/07\/capa.png","contentUrl":"https:\/\/psol50.org.br\/inc\/uploads\/2018\/07\/capa.png","width":1350,"height":900,"caption":"PSOL 50"},"image":{"@id":"https:\/\/psol50.org.br\/#\/schema\/logo\/image\/"},"sameAs":["https:\/\/www.facebook.com\/psol50","https:\/\/x.com\/psol50","https:\/\/www.instagram.com\/psol50\/","https:\/\/www.youtube.com\/channel\/UC7SnJS5o1os7a6CaiNabzcg"]},{"@type":"Person","@id":"https:\/\/psol50.org.br\/#\/schema\/person\/475dfa57d0b815993c714c2e96491fcd","name":"Comunica\u00e7\u00e3o PSOL","image":{"@type":"ImageObject","inLanguage":"pt-BR","@id":"https:\/\/psol50.org.br\/#\/schema\/person\/image\/","url":"https:\/\/secure.gravatar.com\/avatar\/b34fc4f4e468a4e51785917065a3db57b841f5c95dba6ad8c73aaf8f66f8f9bf?s=96&d=mm&r=g","contentUrl":"https:\/\/secure.gravatar.com\/avatar\/b34fc4f4e468a4e51785917065a3db57b841f5c95dba6ad8c73aaf8f66f8f9bf?s=96&d=mm&r=g","caption":"Comunica\u00e7\u00e3o PSOL"}}]}},"_links":{"self":[{"href":"https:\/\/psol50.org.br\/rest\/wp\/v2\/posts\/19963","targetHints":{"allow":["GET"]}}],"collection":[{"href":"https:\/\/psol50.org.br\/rest\/wp\/v2\/posts"}],"about":[{"href":"https:\/\/psol50.org.br\/rest\/wp\/v2\/types\/post"}],"author":[{"embeddable":true,"href":"https:\/\/psol50.org.br\/rest\/wp\/v2\/users\/2"}],"replies":[{"embeddable":true,"href":"https:\/\/psol50.org.br\/rest\/wp\/v2\/comments?post=19963"}],"version-history":[{"count":0,"href":"https:\/\/psol50.org.br\/rest\/wp\/v2\/posts\/19963\/revisions"}],"wp:featuredmedia":[{"embeddable":true,"href":"https:\/\/psol50.org.br\/rest\/wp\/v2\/media\/19965"}],"wp:attachment":[{"href":"https:\/\/psol50.org.br\/rest\/wp\/v2\/media?parent=19963"}],"wp:term":[{"taxonomy":"category","embeddable":true,"href":"https:\/\/psol50.org.br\/rest\/wp\/v2\/categories?post=19963"},{"taxonomy":"post_tag","embeddable":true,"href":"https:\/\/psol50.org.br\/rest\/wp\/v2\/tags?post=19963"}],"curies":[{"name":"wp","href":"https:\/\/api.w.org\/{rel}","templated":true}]}}