{"id":1998,"date":"2013-05-21T00:00:00","date_gmt":"2013-05-21T00:00:00","guid":{"rendered":"http:\/\/psol50.org.br\/arquivo\/2013\/05\/21\/morre-videla-a-ferida-ainda-esta-aberta-na-argentina\/"},"modified":"2013-05-21T00:00:00","modified_gmt":"2013-05-21T00:00:00","slug":"morre-videla-a-ferida-ainda-esta-aberta-na-argentina","status":"publish","type":"post","link":"https:\/\/psol50.org.br\/morre-videla-a-ferida-ainda-esta-aberta-na-argentina\/","title":{"rendered":"Morre Videla, a ferida ainda est\u00e1 aberta na Argentina"},"content":{"rendered":"<div style=\"text-align: justify;\">\n\t\u00c0s 08:25 hora local do dia 17 de maio de 2013, deixou de existir um dos ditadores mais sanguin\u00e1rios da hist\u00f3ria latino-americana, o ex-general Jorge Rafael Videla, cuja ditadura encheu a Argentina de luto.<br \/>\n\t&nbsp;<br \/>\n\tDepois do golpe militar liderado por ele em 24 de mar\u00e7o de 1976, Videla ocupou a presid\u00eancia at\u00e9 1981; durante esse per\u00edodo, desapareceram ou foram assassinados, executados, al\u00e9m de outras inumer\u00e1veis viola\u00e7\u00f5es, ao redor de 30 mil argentinos de todas as idades.<\/p>\n<p>\tVidela morreu por causas naturais em uma cela na qual cumpria v\u00e1rias penas perp\u00e9tuas. Foi condenado no chamado &#8216;julgamento aos generais&#8217; realizado durante o governo do presidente Ra\u00fal Alfons\u00edn.<\/p>\n<p>\tA C\u00e2mara Legal o considerou respons\u00e1vel por diversos homic\u00eddios qualificados, 504 priva\u00e7\u00f5es ilegais de liberdade, torturas, roubos, extors\u00e3o e sequestros extorsion\u00e1rios.<\/p>\n<p>\tO secret\u00e1rio argentino de Direitos Humanos, Mart\u00edn Fresneda, afirmou que &#8220;n\u00e3o comemoro a morte de ningu\u00e9m; mas felicito uma Argentina que soube fazer justi\u00e7a&#8221;.<\/p>\n<p>\t&#8220;Videla morreu julgado, condenado, preso em um c\u00e1rcere comum e repudiado por todo o povo argentino&#8221;, escreveu o chefe de Gabinete, Juan Manuel Abal Medina, em sua conta pessoal de Twitter depois de publicada a not\u00edcia.<\/p>\n<p>\t&#8220;N\u00e3o vamos sentir alegria, porque nenhuma morte pode nem deve gerar alegria, mas vamos sim nos sentir mais aliviados&#8221;, expressou Estela de Carlotto, principal figura das Av\u00f3s da Pra\u00e7a de Maio.<\/p>\n<p>\tVidela nunca se arrependeu do que fez, e inclusive afirmou que se tivesse que fazer de novo, o faria, lembrou a lutadora pelos direitos humanos e pela busca de milhares cujo paradeiro ainda \u00e9 desconhecido.<\/p>\n<p>\tDe Carlotto, como outros militantes dos direitos humanos, lamentou que o ex-general n\u00e3o tenha dado informa\u00e7\u00e3o para que fosse descoberto o paradeiro dos desaparecidos durante a ditadura militar.<\/p>\n<p>\t&#8220;A hist\u00f3ria avaliar\u00e1 o genoc\u00eddio e a vergonha que foi a ditadura c\u00edvico-militar presidida por ele e da qual n\u00e3o se arrependeu&#8221;, afirmou De Carlotto.<\/p>\n<p>\tPara o titular da Autoridade Federal de Servi\u00e7os de Comunica\u00e7\u00e3o Audiovisual, Mart\u00edn Sabbatella, &#8220;Videla morreu onde e como devem morrer os genocidas. Morreu no c\u00e1rcere comum e com condena\u00e7\u00e3o s\u00e9ria pelos crimes que promoveu e foram cometidos&#8221;, afirmou.<\/p>\n<p>\tQuando morreu, cumpria v\u00e1rias penas perp\u00e9tuas e enfrentava um novo julgamento pelo chamado Plano C\u00f4ndor, a coordena\u00e7\u00e3o internacional da repress\u00e3o ilegal entre governos de facto latino-americanos e a CIA estadunidense.<\/p>\n<p>\tSua \u00faltima presen\u00e7a na corte federal de Retiro, em Buenos Aires, foi na ter\u00e7a-feira 14 de maio, para responder a questionamento perante o Tribunal Oral Federal 1 pela Opera\u00e7\u00e3o C\u00f4ndor, pela qual era julgado junto a outros 24 acusados.<\/p>\n<p>\tAli se negou a declarar, mas leu um breve manifesto no qual assumiu &#8220;plenamente&#8221; as &#8220;responsabilidades militares&#8221; pelo acontecimento que chamou de &#8220;guerra contra o terrorismo&#8221;, tirando as culpas de seus subordinados.<\/p>\n<p>\tNora Corti\u00f1as, integrante do grupo M\u00e3es da Pra\u00e7a de Maio-Linha Fundadora, lamentou que &#8220;morrem os genocidas, mas se v\u00e3o sem abrir os arquivos&#8221;.<\/p>\n<p>\t&#8220;Queremos que sejam abertos, que saia tudo \u00e0 luz, que n\u00e3o morram levando consigo o segredo. Mas morreu em uma pris\u00e3o comum, o que demonstra que pelo menos a impunidade est\u00e1 acabando&#8221;, considerou Corti\u00f1as.<\/p>\n<p>\tCitado pela ag\u00eancia de not\u00edcias T\u00e9lam, Carlos Pisoni, membro do Grupo HIJOS (Filhos), considerou que &#8220;foi-se um dos personagens nefastos da hist\u00f3ria Argentina&#8221;, mas em c\u00e2mbio se lamentou porque o genocida Videla levou &#8220;muitos segredos \u00e0 tumba&#8221;.<\/p>\n<p>\t&#8220;Sabia onde est\u00e3o nossos familiares desaparecidos e nossos irm\u00e3os sequestrados&#8221;, no entanto n\u00e3o teve a compaix\u00e3o de nos dizer.<\/p>\n<p>\tPara o Pr\u00eamio Nobel da Paz Adolfo P\u00e9rez Esquivel, &#8220;n\u00e3o se fechou um ciclo, h\u00e1 que procurar mais verdade e justi\u00e7a&#8221;.<\/p>\n<p>\t&#8216;Processo de Reordena\u00e7\u00e3o Nacional&#8217; foi o nome dado pelos golpistas \u00e0 ditadura c\u00edvico-militar que se apoderou da Argentina desde o golpe de Estado de 24 de mar\u00e7o de 1976, com o derrocamento do governo constitucional da presidenta Mar\u00eda Estela Mart\u00ednez de Per\u00f3n, at\u00e9 10 de dezembro de 1983.<\/p>\n<p>\tNesse dia, Ra\u00fal Alfons\u00edn do partido Uni\u00e3o C\u00edvica Radical foi eleito em vota\u00e7\u00e3o e assumiu o governo.<\/p>\n<p>\tA dire\u00e7\u00e3o dos golpistas era uma junta militar, encabe\u00e7ada pelos comandantes das tr\u00eas For\u00e7as Armadas, escura etapa \u00e0 qual os argentinos costumam se referir simplesmente como &#8220;o Processo&#8221;. Durante esses anos, Videla foi presidente de facto entre 1976 e 1981.<\/p>\n<p>\tO per\u00edodo foi caracterizado pelo terrorismo de Estado, a constante viola\u00e7\u00e3o dos direitos humanos, o desaparecimento e morte de milhares de pessoas, o roubo sistem\u00e1tico de rec\u00e9m nascidos e outros crimes de lesa humanidade.<\/p>\n<p>\tUm longa batalha judicial e pol\u00edtica permitiu que fosse condenada parte dos respons\u00e1veis em julgamentos que ainda est\u00e3o em andamento. Atualmente, est\u00e1 em desenvolvimento uma d\u00fazia deles em diferentes pontos do pa\u00eds.<\/p>\n<p>\tDepois de ser condenado a pris\u00e3o perp\u00e9tua em 1985 na causa 13 do emblem\u00e1tico Julgamento \u00e0s Juntas, Videla foi indiciado pelo ent\u00e3o presidente Carlos Menem em 28 de dezembro de 1990 e esteve em liberdade at\u00e9 1998.<\/p>\n<p>\tNaquele ano, o juiz federal de San Isidro, Roberto Marquevich, deteve o ex-general em uma causa por sequestro de menores, o \u00fanico delito que ficava fora do \u00e2mbito do indulto presidencial. Por esse motivo, foi processado com pris\u00e3o preventiva.<\/p>\n<p>\tVidela esteve por um breve per\u00edodo sob pris\u00e3o domiciliar em sua casa na avenida Cabildo, no bairro de Colegiales em Buenos Aires, mas depois foi denunciado por violar as condi\u00e7\u00f5es desse benef\u00edcio e enviado \u00e0 pris\u00e3o.<\/p>\n<p>\tEm 5 de julho de 2012, foi condenado a 50 anos de pris\u00e3o pelo Tribunal Oral Federal 6 que o declarou culpado de implementar um plano sistem\u00e1tico de sequestro de menores em centros clandestinos de deten\u00e7\u00e3o.<\/p>\n<p>\tPor isso foi sentenciado por 18 casos, entre eles de Guido, o neto da titular de Av\u00f3s de Pra\u00e7a de Maio, Estela de Carlotto.<\/p>\n<p>\tA pena de 50 anos se transformou em pris\u00e3o perp\u00e9tua depois de somada a duas condena\u00e7\u00f5es anteriores a cadeia perp\u00e9tua, a da causa 13 e outra da prov\u00edncia de C\u00f3rdoba em dezembro de 2010 pelo assassinato de 31 presos pol\u00edticos.<\/p>\n<p>\tAl\u00e9m destas senten\u00e7as, Videla estava sendo processado pelo juri federal 4 de Rosario, em uma causa por &#8220;priva\u00e7\u00e3o ilegal da liberdade, tormentos, homic\u00eddios, abuso sexual e associa\u00e7\u00e3o il\u00edcita&#8221; cometidos na \u00faltima ditadura c\u00edvico-militar.<\/p>\n<p>\tTamb\u00e9m cumpria pris\u00e3o preventiva pelo sequestro dos empres\u00e1rios t\u00eaxteis Federico e Miguel Gutheim, no marco da qual a Corte Suprema de Justi\u00e7a da Na\u00e7\u00e3o declarou o indulto que o tinha beneficiado nos anos 90 como inconstitucional.<\/p>\n<p>\tVidela, o genocida, como \u00e9 chamado por muitos argentinos, pelo menos morreu em uma cela, o que conforta muitos. Mas levou com ele os segredos que podem esclarecer os casos de desaparecidos, executados, filhos roubados, assassinados. As feridas ainda n\u00e3o curaram, os julgamentos continuam.\n<\/div>\n","protected":false},"excerpt":{"rendered":"<p>\u00c0s 08:25 hora local do dia 17 de maio de 2013, deixou de existir um dos ditadores mais sanguin\u00e1rios da hist\u00f3ria latino-americana, o ex-general Jorge Rafael Videla, cuja ditadura encheu a Argentina de luto. &nbsp; Depois do golpe militar liderado por ele em 24 de mar\u00e7o de 1976, Videla ocupou a presid\u00eancia at\u00e9 1981; durante [&hellip;]<\/p>\n","protected":false},"author":2,"featured_media":0,"comment_status":"open","ping_status":"open","sticky":false,"template":"","format":"standard","meta":{"_acf_changed":false,"footnotes":""},"categories":[4766],"tags":[],"class_list":{"0":"post-1998","1":"post","2":"type-post","3":"status-publish","4":"format-standard","6":"category-arquivo"},"acf":[],"yoast_head":"<!-- This site is optimized with the Yoast SEO plugin v26.5 - https:\/\/yoast.com\/wordpress\/plugins\/seo\/ -->\n<title>Morre Videla, a ferida ainda est\u00e1 aberta na Argentina - PSOL 50<\/title>\n<meta name=\"robots\" content=\"index, follow, max-snippet:-1, max-image-preview:large, max-video-preview:-1\" \/>\n<link rel=\"canonical\" href=\"https:\/\/psol50.org.br\/morre-videla-a-ferida-ainda-esta-aberta-na-argentina\/\" \/>\n<meta property=\"og:locale\" content=\"pt_BR\" \/>\n<meta property=\"og:type\" content=\"article\" \/>\n<meta property=\"og:title\" content=\"Morre Videla, a ferida ainda est\u00e1 aberta na Argentina - PSOL 50\" \/>\n<meta property=\"og:description\" content=\"\u00c0s 08:25 hora local do dia 17 de maio de 2013, deixou de existir um dos ditadores mais sanguin\u00e1rios da hist\u00f3ria latino-americana, o ex-general Jorge Rafael Videla, cuja ditadura encheu a Argentina de luto. &nbsp; Depois do golpe militar liderado por ele em 24 de mar\u00e7o de 1976, Videla ocupou a presid\u00eancia at\u00e9 1981; durante [&hellip;]\" \/>\n<meta property=\"og:url\" content=\"https:\/\/psol50.org.br\/morre-videla-a-ferida-ainda-esta-aberta-na-argentina\/\" \/>\n<meta property=\"og:site_name\" content=\"PSOL 50\" \/>\n<meta property=\"article:publisher\" content=\"https:\/\/www.facebook.com\/psol50\" \/>\n<meta property=\"article:published_time\" content=\"2013-05-21T00:00:00+00:00\" \/>\n<meta property=\"og:image\" content=\"https:\/\/psol50.org.br\/inc\/uploads\/2018\/07\/capa.png\" \/>\n\t<meta property=\"og:image:width\" content=\"1350\" \/>\n\t<meta property=\"og:image:height\" content=\"900\" \/>\n\t<meta property=\"og:image:type\" content=\"image\/png\" \/>\n<meta name=\"author\" content=\"Comunica\u00e7\u00e3o PSOL\" \/>\n<meta name=\"twitter:card\" content=\"summary_large_image\" \/>\n<meta name=\"twitter:creator\" content=\"@psol50\" \/>\n<meta name=\"twitter:site\" content=\"@psol50\" \/>\n<meta name=\"twitter:label1\" content=\"Escrito por\" \/>\n\t<meta name=\"twitter:data1\" content=\"Comunica\u00e7\u00e3o PSOL\" \/>\n\t<meta name=\"twitter:label2\" content=\"Est. tempo de leitura\" \/>\n\t<meta name=\"twitter:data2\" content=\"6 minutos\" \/>\n<script type=\"application\/ld+json\" class=\"yoast-schema-graph\">{\"@context\":\"https:\/\/schema.org\",\"@graph\":[{\"@type\":\"Article\",\"@id\":\"https:\/\/psol50.org.br\/morre-videla-a-ferida-ainda-esta-aberta-na-argentina\/#article\",\"isPartOf\":{\"@id\":\"https:\/\/psol50.org.br\/morre-videla-a-ferida-ainda-esta-aberta-na-argentina\/\"},\"author\":{\"name\":\"Comunica\u00e7\u00e3o PSOL\",\"@id\":\"https:\/\/psol50.org.br\/#\/schema\/person\/475dfa57d0b815993c714c2e96491fcd\"},\"headline\":\"Morre Videla, a ferida ainda est\u00e1 aberta na Argentina\",\"datePublished\":\"2013-05-21T00:00:00+00:00\",\"mainEntityOfPage\":{\"@id\":\"https:\/\/psol50.org.br\/morre-videla-a-ferida-ainda-esta-aberta-na-argentina\/\"},\"wordCount\":1173,\"commentCount\":0,\"publisher\":{\"@id\":\"https:\/\/psol50.org.br\/#organization\"},\"articleSection\":[\"Arquivo\"],\"inLanguage\":\"pt-BR\",\"potentialAction\":[{\"@type\":\"CommentAction\",\"name\":\"Comment\",\"target\":[\"https:\/\/psol50.org.br\/morre-videla-a-ferida-ainda-esta-aberta-na-argentina\/#respond\"]}]},{\"@type\":\"WebPage\",\"@id\":\"https:\/\/psol50.org.br\/morre-videla-a-ferida-ainda-esta-aberta-na-argentina\/\",\"url\":\"https:\/\/psol50.org.br\/morre-videla-a-ferida-ainda-esta-aberta-na-argentina\/\",\"name\":\"Morre Videla, a ferida ainda est\u00e1 aberta na Argentina - PSOL 50\",\"isPartOf\":{\"@id\":\"https:\/\/psol50.org.br\/#website\"},\"datePublished\":\"2013-05-21T00:00:00+00:00\",\"breadcrumb\":{\"@id\":\"https:\/\/psol50.org.br\/morre-videla-a-ferida-ainda-esta-aberta-na-argentina\/#breadcrumb\"},\"inLanguage\":\"pt-BR\",\"potentialAction\":[{\"@type\":\"ReadAction\",\"target\":[\"https:\/\/psol50.org.br\/morre-videla-a-ferida-ainda-esta-aberta-na-argentina\/\"]}]},{\"@type\":\"BreadcrumbList\",\"@id\":\"https:\/\/psol50.org.br\/morre-videla-a-ferida-ainda-esta-aberta-na-argentina\/#breadcrumb\",\"itemListElement\":[{\"@type\":\"ListItem\",\"position\":1,\"name\":\"In\u00edcio\",\"item\":\"https:\/\/psol50.org.br\/\"},{\"@type\":\"ListItem\",\"position\":2,\"name\":\"Morre Videla, a ferida ainda est\u00e1 aberta na Argentina\"}]},{\"@type\":\"WebSite\",\"@id\":\"https:\/\/psol50.org.br\/#website\",\"url\":\"https:\/\/psol50.org.br\/\",\"name\":\"PSOL 50\",\"description\":\"Site oficial do Partido Socialismo e Liberdade\",\"publisher\":{\"@id\":\"https:\/\/psol50.org.br\/#organization\"},\"alternateName\":\"PSOL50\",\"potentialAction\":[{\"@type\":\"SearchAction\",\"target\":{\"@type\":\"EntryPoint\",\"urlTemplate\":\"https:\/\/psol50.org.br\/?s={search_term_string}\"},\"query-input\":{\"@type\":\"PropertyValueSpecification\",\"valueRequired\":true,\"valueName\":\"search_term_string\"}}],\"inLanguage\":\"pt-BR\"},{\"@type\":\"Organization\",\"@id\":\"https:\/\/psol50.org.br\/#organization\",\"name\":\"PSOL 50\",\"alternateName\":\"PSOL 50\",\"url\":\"https:\/\/psol50.org.br\/\",\"logo\":{\"@type\":\"ImageObject\",\"inLanguage\":\"pt-BR\",\"@id\":\"https:\/\/psol50.org.br\/#\/schema\/logo\/image\/\",\"url\":\"https:\/\/psol50.org.br\/inc\/uploads\/2018\/07\/capa.png\",\"contentUrl\":\"https:\/\/psol50.org.br\/inc\/uploads\/2018\/07\/capa.png\",\"width\":1350,\"height\":900,\"caption\":\"PSOL 50\"},\"image\":{\"@id\":\"https:\/\/psol50.org.br\/#\/schema\/logo\/image\/\"},\"sameAs\":[\"https:\/\/www.facebook.com\/psol50\",\"https:\/\/x.com\/psol50\",\"https:\/\/www.instagram.com\/psol50\/\",\"https:\/\/www.youtube.com\/channel\/UC7SnJS5o1os7a6CaiNabzcg\"]},{\"@type\":\"Person\",\"@id\":\"https:\/\/psol50.org.br\/#\/schema\/person\/475dfa57d0b815993c714c2e96491fcd\",\"name\":\"Comunica\u00e7\u00e3o PSOL\",\"image\":{\"@type\":\"ImageObject\",\"inLanguage\":\"pt-BR\",\"@id\":\"https:\/\/psol50.org.br\/#\/schema\/person\/image\/\",\"url\":\"https:\/\/secure.gravatar.com\/avatar\/b34fc4f4e468a4e51785917065a3db57b841f5c95dba6ad8c73aaf8f66f8f9bf?s=96&d=mm&r=g\",\"contentUrl\":\"https:\/\/secure.gravatar.com\/avatar\/b34fc4f4e468a4e51785917065a3db57b841f5c95dba6ad8c73aaf8f66f8f9bf?s=96&d=mm&r=g\",\"caption\":\"Comunica\u00e7\u00e3o PSOL\"}}]}<\/script>\n<!-- \/ Yoast SEO plugin. -->","yoast_head_json":{"title":"Morre Videla, a ferida ainda est\u00e1 aberta na Argentina - PSOL 50","robots":{"index":"index","follow":"follow","max-snippet":"max-snippet:-1","max-image-preview":"max-image-preview:large","max-video-preview":"max-video-preview:-1"},"canonical":"https:\/\/psol50.org.br\/morre-videla-a-ferida-ainda-esta-aberta-na-argentina\/","og_locale":"pt_BR","og_type":"article","og_title":"Morre Videla, a ferida ainda est\u00e1 aberta na Argentina - PSOL 50","og_description":"\u00c0s 08:25 hora local do dia 17 de maio de 2013, deixou de existir um dos ditadores mais sanguin\u00e1rios da hist\u00f3ria latino-americana, o ex-general Jorge Rafael Videla, cuja ditadura encheu a Argentina de luto. &nbsp; Depois do golpe militar liderado por ele em 24 de mar\u00e7o de 1976, Videla ocupou a presid\u00eancia at\u00e9 1981; durante [&hellip;]","og_url":"https:\/\/psol50.org.br\/morre-videla-a-ferida-ainda-esta-aberta-na-argentina\/","og_site_name":"PSOL 50","article_publisher":"https:\/\/www.facebook.com\/psol50","article_published_time":"2013-05-21T00:00:00+00:00","og_image":[{"width":1350,"height":900,"url":"https:\/\/psol50.org.br\/inc\/uploads\/2018\/07\/capa.png","type":"image\/png"}],"author":"Comunica\u00e7\u00e3o PSOL","twitter_card":"summary_large_image","twitter_creator":"@psol50","twitter_site":"@psol50","twitter_misc":{"Escrito por":"Comunica\u00e7\u00e3o PSOL","Est. tempo de leitura":"6 minutos"},"schema":{"@context":"https:\/\/schema.org","@graph":[{"@type":"Article","@id":"https:\/\/psol50.org.br\/morre-videla-a-ferida-ainda-esta-aberta-na-argentina\/#article","isPartOf":{"@id":"https:\/\/psol50.org.br\/morre-videla-a-ferida-ainda-esta-aberta-na-argentina\/"},"author":{"name":"Comunica\u00e7\u00e3o PSOL","@id":"https:\/\/psol50.org.br\/#\/schema\/person\/475dfa57d0b815993c714c2e96491fcd"},"headline":"Morre Videla, a ferida ainda est\u00e1 aberta na Argentina","datePublished":"2013-05-21T00:00:00+00:00","mainEntityOfPage":{"@id":"https:\/\/psol50.org.br\/morre-videla-a-ferida-ainda-esta-aberta-na-argentina\/"},"wordCount":1173,"commentCount":0,"publisher":{"@id":"https:\/\/psol50.org.br\/#organization"},"articleSection":["Arquivo"],"inLanguage":"pt-BR","potentialAction":[{"@type":"CommentAction","name":"Comment","target":["https:\/\/psol50.org.br\/morre-videla-a-ferida-ainda-esta-aberta-na-argentina\/#respond"]}]},{"@type":"WebPage","@id":"https:\/\/psol50.org.br\/morre-videla-a-ferida-ainda-esta-aberta-na-argentina\/","url":"https:\/\/psol50.org.br\/morre-videla-a-ferida-ainda-esta-aberta-na-argentina\/","name":"Morre Videla, a ferida ainda est\u00e1 aberta na Argentina - PSOL 50","isPartOf":{"@id":"https:\/\/psol50.org.br\/#website"},"datePublished":"2013-05-21T00:00:00+00:00","breadcrumb":{"@id":"https:\/\/psol50.org.br\/morre-videla-a-ferida-ainda-esta-aberta-na-argentina\/#breadcrumb"},"inLanguage":"pt-BR","potentialAction":[{"@type":"ReadAction","target":["https:\/\/psol50.org.br\/morre-videla-a-ferida-ainda-esta-aberta-na-argentina\/"]}]},{"@type":"BreadcrumbList","@id":"https:\/\/psol50.org.br\/morre-videla-a-ferida-ainda-esta-aberta-na-argentina\/#breadcrumb","itemListElement":[{"@type":"ListItem","position":1,"name":"In\u00edcio","item":"https:\/\/psol50.org.br\/"},{"@type":"ListItem","position":2,"name":"Morre Videla, a ferida ainda est\u00e1 aberta na Argentina"}]},{"@type":"WebSite","@id":"https:\/\/psol50.org.br\/#website","url":"https:\/\/psol50.org.br\/","name":"PSOL 50","description":"Site oficial do Partido Socialismo e Liberdade","publisher":{"@id":"https:\/\/psol50.org.br\/#organization"},"alternateName":"PSOL50","potentialAction":[{"@type":"SearchAction","target":{"@type":"EntryPoint","urlTemplate":"https:\/\/psol50.org.br\/?s={search_term_string}"},"query-input":{"@type":"PropertyValueSpecification","valueRequired":true,"valueName":"search_term_string"}}],"inLanguage":"pt-BR"},{"@type":"Organization","@id":"https:\/\/psol50.org.br\/#organization","name":"PSOL 50","alternateName":"PSOL 50","url":"https:\/\/psol50.org.br\/","logo":{"@type":"ImageObject","inLanguage":"pt-BR","@id":"https:\/\/psol50.org.br\/#\/schema\/logo\/image\/","url":"https:\/\/psol50.org.br\/inc\/uploads\/2018\/07\/capa.png","contentUrl":"https:\/\/psol50.org.br\/inc\/uploads\/2018\/07\/capa.png","width":1350,"height":900,"caption":"PSOL 50"},"image":{"@id":"https:\/\/psol50.org.br\/#\/schema\/logo\/image\/"},"sameAs":["https:\/\/www.facebook.com\/psol50","https:\/\/x.com\/psol50","https:\/\/www.instagram.com\/psol50\/","https:\/\/www.youtube.com\/channel\/UC7SnJS5o1os7a6CaiNabzcg"]},{"@type":"Person","@id":"https:\/\/psol50.org.br\/#\/schema\/person\/475dfa57d0b815993c714c2e96491fcd","name":"Comunica\u00e7\u00e3o PSOL","image":{"@type":"ImageObject","inLanguage":"pt-BR","@id":"https:\/\/psol50.org.br\/#\/schema\/person\/image\/","url":"https:\/\/secure.gravatar.com\/avatar\/b34fc4f4e468a4e51785917065a3db57b841f5c95dba6ad8c73aaf8f66f8f9bf?s=96&d=mm&r=g","contentUrl":"https:\/\/secure.gravatar.com\/avatar\/b34fc4f4e468a4e51785917065a3db57b841f5c95dba6ad8c73aaf8f66f8f9bf?s=96&d=mm&r=g","caption":"Comunica\u00e7\u00e3o PSOL"}}]}},"_links":{"self":[{"href":"https:\/\/psol50.org.br\/rest\/wp\/v2\/posts\/1998","targetHints":{"allow":["GET"]}}],"collection":[{"href":"https:\/\/psol50.org.br\/rest\/wp\/v2\/posts"}],"about":[{"href":"https:\/\/psol50.org.br\/rest\/wp\/v2\/types\/post"}],"author":[{"embeddable":true,"href":"https:\/\/psol50.org.br\/rest\/wp\/v2\/users\/2"}],"replies":[{"embeddable":true,"href":"https:\/\/psol50.org.br\/rest\/wp\/v2\/comments?post=1998"}],"version-history":[{"count":0,"href":"https:\/\/psol50.org.br\/rest\/wp\/v2\/posts\/1998\/revisions"}],"wp:attachment":[{"href":"https:\/\/psol50.org.br\/rest\/wp\/v2\/media?parent=1998"}],"wp:term":[{"taxonomy":"category","embeddable":true,"href":"https:\/\/psol50.org.br\/rest\/wp\/v2\/categories?post=1998"},{"taxonomy":"post_tag","embeddable":true,"href":"https:\/\/psol50.org.br\/rest\/wp\/v2\/tags?post=1998"}],"curies":[{"name":"wp","href":"https:\/\/api.w.org\/{rel}","templated":true}]}}