{"id":19988,"date":"2018-02-27T14:21:28","date_gmt":"2018-02-27T17:21:28","guid":{"rendered":"http:\/\/www.psol50.org.br\/?p=19988"},"modified":"2018-02-27T14:21:28","modified_gmt":"2018-02-27T17:21:28","slug":"os-generais-e-o-coronel","status":"publish","type":"post","link":"https:\/\/psol50.org.br\/os-generais-e-o-coronel\/","title":{"rendered":"Chico Alencar | Os generais e o coronel"},"content":{"rendered":"<p><em>Artigo publicado originalmente no <a href=\"https:\/\/veja.abril.com.br\/blog\/noblat\/os-generais-e-o-coronel\/\" target=\"_blank\" rel=\"noopener\"><strong><span style=\"color: #0000ff;\">Blog do Noblat<\/span><\/strong><\/a><\/em><\/p>\n<p>\u201cAos 77 anos, Michel Temer tenta sentar pra\u00e7a\u201d, atirou Elio Gaspari. De fato, o \u201crecruta\u201d que preside a Na\u00e7\u00e3o apostou todas as suas fichas na interven\u00e7\u00e3o do Rio. E n\u00e3o se faz de rogado: \u201cfoi uma jogada de mestre\u201d, autoelogiou-se.<\/p>\n<p>Braga Netto e Richard Nunes s\u00e3o os generais que comandam a interven\u00e7\u00e3o decretada por Temer no saqueado Rio de Janeiro \u2013 pelo mesmo PMDB que agora se arvora em \u201csalv\u00e1-lo\u201d. Mas outro oficial de alta patente, e de carreira na Pol\u00edcia Militar de S\u00e3o Paulo, \u00e9 quem age h\u00e1 d\u00e9cadas como \u201cfaz tudo\u201d de Temer: o coronel Jo\u00e3o Batista Lima.<\/p>\n<p>Os generais que atuam no Rio sabem que n\u00e3o h\u00e1 crime organizado que n\u00e3o tenha alguma conex\u00e3o com os poderes estatais. N\u00e3o h\u00e1 investiga\u00e7\u00e3o sobre Temer que n\u00e3o passe, obrigatoriamente, pelo coronel Lima. Por absurdo que pare\u00e7a, h\u00e1 oito meses o homem consegue escapar de simples depoimentos para os quais \u00e9 convocado, em inqu\u00e9ritos que envolvem o presidente posti\u00e7o. Sinal de que tem muito o que revelar. Sucessivos atestados m\u00e9dicos o livram dos interrogat\u00f3rios.<\/p>\n<p>Em outro plano, o diretor-geral da Pol\u00edcia Federal, Seg\u00f3via, age como advogado de defesa do Temer e diz que o delegado da PF que investiga o presidente pode sofrer san\u00e7\u00f5es. J\u00e1 o Ministro da Educa\u00e7\u00e3o, ignorante da autonomia universit\u00e1ria, quer proibir um curso na UnB que fala em \u201cgolpe parlamentar\u201d, e a pol\u00edcia de S\u00e3o Paulo intimou o quase nonagen\u00e1rio pesquisador Elisaldo Carlini, professor em\u00e9rito da Unifesp e especialista no uso medicinal da cannabis, para depor sobre o simp\u00f3sio \u201cMaconha: outros saberes\u201d. Trata-se de um novo \u201cFestival da Besteira que Assola o Pa\u00eds\u201d, o FEBEAP\u00c1, cria\u00e7\u00e3o imortal de S\u00e9rgio Porto.<\/p>\n<p>Se por um lado Temer conta com o sucesso da interven\u00e7\u00e3o para sobreviver politicamente, por outro reza todo dia para que Lima, Loures, Geddel e Cunha, entre outros, continuem fugindo de depoimentos ou calados. Um paradoxo, uma desfa\u00e7atez!<\/p>\n<p>Temer consulta dia sim dia n\u00e3o os institutos de pesquisa, para ver se seus \u00edndices de popularidade sobem. J\u00e1 cogita at\u00e9 se candidatar a presidente\u2026 \u201cA vela est\u00e1 sendo esticada e come\u00e7ou a bater um ventinho. Se der certo, at\u00e9 o vampir\u00e3o da Tuiuti pode virar um atributo positivo\u201d, delira seu marqueteiro, Elsinho Mouco, que faz jus ao sobrenome.<\/p>\n<p>Com o discurso do combate ao crime, o governo espera que as investiga\u00e7\u00f5es dos crimes dos quais seus integrantes s\u00e3o acusados fiquem esquecidas. O Planalto est\u00e1 mais preocupado com votos do que com vidas.<\/p>\n<p>Cada dia fica mais claro que a interven\u00e7\u00e3o duradoura e eficaz para tirar o pa\u00eds do atoleiro \u00e9 a da popula\u00e7\u00e3o consciente. S\u00f3 ela quebra o poder do crime e da estupidez, inclusive oficiais.<\/p>\n","protected":false},"excerpt":{"rendered":"<p>Artigo publicado originalmente no Blog do Noblat \u201cAos 77 anos, Michel Temer tenta sentar pra\u00e7a\u201d, atirou Elio Gaspari. De fato, o \u201crecruta\u201d que preside a Na\u00e7\u00e3o apostou todas as suas fichas na interven\u00e7\u00e3o do Rio. E n\u00e3o se faz de rogado: \u201cfoi uma jogada de mestre\u201d, autoelogiou-se. Braga Netto e Richard Nunes s\u00e3o os generais [&hellip;]<\/p>\n","protected":false},"author":2,"featured_media":19989,"comment_status":"open","ping_status":"open","sticky":false,"template":"","format":"standard","meta":{"_acf_changed":false,"footnotes":""},"categories":[3,1882],"tags":[770,198,162,2176],"class_list":{"0":"post-19988","1":"post","2":"type-post","3":"status-publish","4":"format-standard","5":"has-post-thumbnail","7":"category-artigos-e-entrevistas","8":"category-brasil","9":"tag-intervencao-militar","10":"tag-militares","11":"tag-rio-de-janeiro","12":"tag-temer"},"acf":[],"yoast_head":"<!-- This site is optimized with the Yoast SEO plugin v26.5 - https:\/\/yoast.com\/wordpress\/plugins\/seo\/ -->\n<title>Chico Alencar | Os generais e o coronel - PSOL 50<\/title>\n<meta name=\"robots\" content=\"index, follow, max-snippet:-1, max-image-preview:large, max-video-preview:-1\" \/>\n<link rel=\"canonical\" href=\"https:\/\/psol50.org.br\/os-generais-e-o-coronel\/\" \/>\n<meta property=\"og:locale\" content=\"pt_BR\" \/>\n<meta property=\"og:type\" content=\"article\" \/>\n<meta property=\"og:title\" content=\"Chico Alencar | Os generais e o coronel - PSOL 50\" \/>\n<meta property=\"og:description\" content=\"Artigo publicado originalmente no Blog do Noblat \u201cAos 77 anos, Michel Temer tenta sentar pra\u00e7a\u201d, atirou Elio Gaspari. De fato, o \u201crecruta\u201d que preside a Na\u00e7\u00e3o apostou todas as suas fichas na interven\u00e7\u00e3o do Rio. E n\u00e3o se faz de rogado: \u201cfoi uma jogada de mestre\u201d, autoelogiou-se. Braga Netto e Richard Nunes s\u00e3o os generais [&hellip;]\" \/>\n<meta property=\"og:url\" content=\"https:\/\/psol50.org.br\/os-generais-e-o-coronel\/\" \/>\n<meta property=\"og:site_name\" content=\"PSOL 50\" \/>\n<meta property=\"article:publisher\" content=\"https:\/\/www.facebook.com\/psol50\" \/>\n<meta property=\"article:published_time\" content=\"2018-02-27T17:21:28+00:00\" \/>\n<meta property=\"og:image\" content=\"https:\/\/psol50.org.br\/inc\/uploads\/2018\/02\/temer_militares_marcos_correa_abr.jpg\" \/>\n\t<meta property=\"og:image:width\" content=\"1350\" \/>\n\t<meta property=\"og:image:height\" content=\"900\" \/>\n\t<meta property=\"og:image:type\" content=\"image\/jpeg\" \/>\n<meta name=\"author\" content=\"Comunica\u00e7\u00e3o PSOL\" \/>\n<meta name=\"twitter:card\" content=\"summary_large_image\" \/>\n<meta name=\"twitter:creator\" content=\"@psol50\" \/>\n<meta name=\"twitter:site\" content=\"@psol50\" \/>\n<meta name=\"twitter:label1\" content=\"Escrito por\" \/>\n\t<meta name=\"twitter:data1\" content=\"Comunica\u00e7\u00e3o PSOL\" \/>\n\t<meta name=\"twitter:label2\" content=\"Est. tempo de leitura\" \/>\n\t<meta name=\"twitter:data2\" content=\"2 minutos\" \/>\n<script type=\"application\/ld+json\" class=\"yoast-schema-graph\">{\"@context\":\"https:\/\/schema.org\",\"@graph\":[{\"@type\":\"Article\",\"@id\":\"https:\/\/psol50.org.br\/os-generais-e-o-coronel\/#article\",\"isPartOf\":{\"@id\":\"https:\/\/psol50.org.br\/os-generais-e-o-coronel\/\"},\"author\":{\"name\":\"Comunica\u00e7\u00e3o PSOL\",\"@id\":\"https:\/\/psol50.org.br\/#\/schema\/person\/475dfa57d0b815993c714c2e96491fcd\"},\"headline\":\"Chico Alencar | Os generais e o coronel\",\"datePublished\":\"2018-02-27T17:21:28+00:00\",\"mainEntityOfPage\":{\"@id\":\"https:\/\/psol50.org.br\/os-generais-e-o-coronel\/\"},\"wordCount\":493,\"commentCount\":0,\"publisher\":{\"@id\":\"https:\/\/psol50.org.br\/#organization\"},\"image\":{\"@id\":\"https:\/\/psol50.org.br\/os-generais-e-o-coronel\/#primaryimage\"},\"thumbnailUrl\":\"https:\/\/psol50.org.br\/inc\/uploads\/2018\/02\/temer_militares_marcos_correa_abr.jpg\",\"keywords\":[\"Interven\u00e7\u00e3o Militar\",\"militares\",\"Rio de Janeiro\",\"Temer\"],\"articleSection\":[\"Artigos\",\"Brasil\"],\"inLanguage\":\"pt-BR\",\"potentialAction\":[{\"@type\":\"CommentAction\",\"name\":\"Comment\",\"target\":[\"https:\/\/psol50.org.br\/os-generais-e-o-coronel\/#respond\"]}]},{\"@type\":\"WebPage\",\"@id\":\"https:\/\/psol50.org.br\/os-generais-e-o-coronel\/\",\"url\":\"https:\/\/psol50.org.br\/os-generais-e-o-coronel\/\",\"name\":\"Chico Alencar | Os generais e o coronel - PSOL 50\",\"isPartOf\":{\"@id\":\"https:\/\/psol50.org.br\/#website\"},\"primaryImageOfPage\":{\"@id\":\"https:\/\/psol50.org.br\/os-generais-e-o-coronel\/#primaryimage\"},\"image\":{\"@id\":\"https:\/\/psol50.org.br\/os-generais-e-o-coronel\/#primaryimage\"},\"thumbnailUrl\":\"https:\/\/psol50.org.br\/inc\/uploads\/2018\/02\/temer_militares_marcos_correa_abr.jpg\",\"datePublished\":\"2018-02-27T17:21:28+00:00\",\"breadcrumb\":{\"@id\":\"https:\/\/psol50.org.br\/os-generais-e-o-coronel\/#breadcrumb\"},\"inLanguage\":\"pt-BR\",\"potentialAction\":[{\"@type\":\"ReadAction\",\"target\":[\"https:\/\/psol50.org.br\/os-generais-e-o-coronel\/\"]}]},{\"@type\":\"ImageObject\",\"inLanguage\":\"pt-BR\",\"@id\":\"https:\/\/psol50.org.br\/os-generais-e-o-coronel\/#primaryimage\",\"url\":\"https:\/\/psol50.org.br\/inc\/uploads\/2018\/02\/temer_militares_marcos_correa_abr.jpg\",\"contentUrl\":\"https:\/\/psol50.org.br\/inc\/uploads\/2018\/02\/temer_militares_marcos_correa_abr.jpg\",\"width\":1350,\"height\":900},{\"@type\":\"BreadcrumbList\",\"@id\":\"https:\/\/psol50.org.br\/os-generais-e-o-coronel\/#breadcrumb\",\"itemListElement\":[{\"@type\":\"ListItem\",\"position\":1,\"name\":\"In\u00edcio\",\"item\":\"https:\/\/psol50.org.br\/\"},{\"@type\":\"ListItem\",\"position\":2,\"name\":\"Chico Alencar | Os generais e o coronel\"}]},{\"@type\":\"WebSite\",\"@id\":\"https:\/\/psol50.org.br\/#website\",\"url\":\"https:\/\/psol50.org.br\/\",\"name\":\"PSOL 50\",\"description\":\"Site oficial do Partido Socialismo e Liberdade\",\"publisher\":{\"@id\":\"https:\/\/psol50.org.br\/#organization\"},\"alternateName\":\"PSOL50\",\"potentialAction\":[{\"@type\":\"SearchAction\",\"target\":{\"@type\":\"EntryPoint\",\"urlTemplate\":\"https:\/\/psol50.org.br\/?s={search_term_string}\"},\"query-input\":{\"@type\":\"PropertyValueSpecification\",\"valueRequired\":true,\"valueName\":\"search_term_string\"}}],\"inLanguage\":\"pt-BR\"},{\"@type\":\"Organization\",\"@id\":\"https:\/\/psol50.org.br\/#organization\",\"name\":\"PSOL 50\",\"alternateName\":\"PSOL 50\",\"url\":\"https:\/\/psol50.org.br\/\",\"logo\":{\"@type\":\"ImageObject\",\"inLanguage\":\"pt-BR\",\"@id\":\"https:\/\/psol50.org.br\/#\/schema\/logo\/image\/\",\"url\":\"https:\/\/psol50.org.br\/inc\/uploads\/2018\/07\/capa.png\",\"contentUrl\":\"https:\/\/psol50.org.br\/inc\/uploads\/2018\/07\/capa.png\",\"width\":1350,\"height\":900,\"caption\":\"PSOL 50\"},\"image\":{\"@id\":\"https:\/\/psol50.org.br\/#\/schema\/logo\/image\/\"},\"sameAs\":[\"https:\/\/www.facebook.com\/psol50\",\"https:\/\/x.com\/psol50\",\"https:\/\/www.instagram.com\/psol50\/\",\"https:\/\/www.youtube.com\/channel\/UC7SnJS5o1os7a6CaiNabzcg\"]},{\"@type\":\"Person\",\"@id\":\"https:\/\/psol50.org.br\/#\/schema\/person\/475dfa57d0b815993c714c2e96491fcd\",\"name\":\"Comunica\u00e7\u00e3o PSOL\",\"image\":{\"@type\":\"ImageObject\",\"inLanguage\":\"pt-BR\",\"@id\":\"https:\/\/psol50.org.br\/#\/schema\/person\/image\/\",\"url\":\"https:\/\/secure.gravatar.com\/avatar\/b34fc4f4e468a4e51785917065a3db57b841f5c95dba6ad8c73aaf8f66f8f9bf?s=96&d=mm&r=g\",\"contentUrl\":\"https:\/\/secure.gravatar.com\/avatar\/b34fc4f4e468a4e51785917065a3db57b841f5c95dba6ad8c73aaf8f66f8f9bf?s=96&d=mm&r=g\",\"caption\":\"Comunica\u00e7\u00e3o PSOL\"}}]}<\/script>\n<!-- \/ Yoast SEO plugin. -->","yoast_head_json":{"title":"Chico Alencar | Os generais e o coronel - PSOL 50","robots":{"index":"index","follow":"follow","max-snippet":"max-snippet:-1","max-image-preview":"max-image-preview:large","max-video-preview":"max-video-preview:-1"},"canonical":"https:\/\/psol50.org.br\/os-generais-e-o-coronel\/","og_locale":"pt_BR","og_type":"article","og_title":"Chico Alencar | Os generais e o coronel - PSOL 50","og_description":"Artigo publicado originalmente no Blog do Noblat \u201cAos 77 anos, Michel Temer tenta sentar pra\u00e7a\u201d, atirou Elio Gaspari. De fato, o \u201crecruta\u201d que preside a Na\u00e7\u00e3o apostou todas as suas fichas na interven\u00e7\u00e3o do Rio. E n\u00e3o se faz de rogado: \u201cfoi uma jogada de mestre\u201d, autoelogiou-se. Braga Netto e Richard Nunes s\u00e3o os generais [&hellip;]","og_url":"https:\/\/psol50.org.br\/os-generais-e-o-coronel\/","og_site_name":"PSOL 50","article_publisher":"https:\/\/www.facebook.com\/psol50","article_published_time":"2018-02-27T17:21:28+00:00","og_image":[{"width":1350,"height":900,"url":"https:\/\/psol50.org.br\/inc\/uploads\/2018\/02\/temer_militares_marcos_correa_abr.jpg","type":"image\/jpeg"}],"author":"Comunica\u00e7\u00e3o PSOL","twitter_card":"summary_large_image","twitter_creator":"@psol50","twitter_site":"@psol50","twitter_misc":{"Escrito por":"Comunica\u00e7\u00e3o PSOL","Est. tempo de leitura":"2 minutos"},"schema":{"@context":"https:\/\/schema.org","@graph":[{"@type":"Article","@id":"https:\/\/psol50.org.br\/os-generais-e-o-coronel\/#article","isPartOf":{"@id":"https:\/\/psol50.org.br\/os-generais-e-o-coronel\/"},"author":{"name":"Comunica\u00e7\u00e3o PSOL","@id":"https:\/\/psol50.org.br\/#\/schema\/person\/475dfa57d0b815993c714c2e96491fcd"},"headline":"Chico Alencar | Os generais e o coronel","datePublished":"2018-02-27T17:21:28+00:00","mainEntityOfPage":{"@id":"https:\/\/psol50.org.br\/os-generais-e-o-coronel\/"},"wordCount":493,"commentCount":0,"publisher":{"@id":"https:\/\/psol50.org.br\/#organization"},"image":{"@id":"https:\/\/psol50.org.br\/os-generais-e-o-coronel\/#primaryimage"},"thumbnailUrl":"https:\/\/psol50.org.br\/inc\/uploads\/2018\/02\/temer_militares_marcos_correa_abr.jpg","keywords":["Interven\u00e7\u00e3o Militar","militares","Rio de Janeiro","Temer"],"articleSection":["Artigos","Brasil"],"inLanguage":"pt-BR","potentialAction":[{"@type":"CommentAction","name":"Comment","target":["https:\/\/psol50.org.br\/os-generais-e-o-coronel\/#respond"]}]},{"@type":"WebPage","@id":"https:\/\/psol50.org.br\/os-generais-e-o-coronel\/","url":"https:\/\/psol50.org.br\/os-generais-e-o-coronel\/","name":"Chico Alencar | Os generais e o coronel - PSOL 50","isPartOf":{"@id":"https:\/\/psol50.org.br\/#website"},"primaryImageOfPage":{"@id":"https:\/\/psol50.org.br\/os-generais-e-o-coronel\/#primaryimage"},"image":{"@id":"https:\/\/psol50.org.br\/os-generais-e-o-coronel\/#primaryimage"},"thumbnailUrl":"https:\/\/psol50.org.br\/inc\/uploads\/2018\/02\/temer_militares_marcos_correa_abr.jpg","datePublished":"2018-02-27T17:21:28+00:00","breadcrumb":{"@id":"https:\/\/psol50.org.br\/os-generais-e-o-coronel\/#breadcrumb"},"inLanguage":"pt-BR","potentialAction":[{"@type":"ReadAction","target":["https:\/\/psol50.org.br\/os-generais-e-o-coronel\/"]}]},{"@type":"ImageObject","inLanguage":"pt-BR","@id":"https:\/\/psol50.org.br\/os-generais-e-o-coronel\/#primaryimage","url":"https:\/\/psol50.org.br\/inc\/uploads\/2018\/02\/temer_militares_marcos_correa_abr.jpg","contentUrl":"https:\/\/psol50.org.br\/inc\/uploads\/2018\/02\/temer_militares_marcos_correa_abr.jpg","width":1350,"height":900},{"@type":"BreadcrumbList","@id":"https:\/\/psol50.org.br\/os-generais-e-o-coronel\/#breadcrumb","itemListElement":[{"@type":"ListItem","position":1,"name":"In\u00edcio","item":"https:\/\/psol50.org.br\/"},{"@type":"ListItem","position":2,"name":"Chico Alencar | Os generais e o coronel"}]},{"@type":"WebSite","@id":"https:\/\/psol50.org.br\/#website","url":"https:\/\/psol50.org.br\/","name":"PSOL 50","description":"Site oficial do Partido Socialismo e Liberdade","publisher":{"@id":"https:\/\/psol50.org.br\/#organization"},"alternateName":"PSOL50","potentialAction":[{"@type":"SearchAction","target":{"@type":"EntryPoint","urlTemplate":"https:\/\/psol50.org.br\/?s={search_term_string}"},"query-input":{"@type":"PropertyValueSpecification","valueRequired":true,"valueName":"search_term_string"}}],"inLanguage":"pt-BR"},{"@type":"Organization","@id":"https:\/\/psol50.org.br\/#organization","name":"PSOL 50","alternateName":"PSOL 50","url":"https:\/\/psol50.org.br\/","logo":{"@type":"ImageObject","inLanguage":"pt-BR","@id":"https:\/\/psol50.org.br\/#\/schema\/logo\/image\/","url":"https:\/\/psol50.org.br\/inc\/uploads\/2018\/07\/capa.png","contentUrl":"https:\/\/psol50.org.br\/inc\/uploads\/2018\/07\/capa.png","width":1350,"height":900,"caption":"PSOL 50"},"image":{"@id":"https:\/\/psol50.org.br\/#\/schema\/logo\/image\/"},"sameAs":["https:\/\/www.facebook.com\/psol50","https:\/\/x.com\/psol50","https:\/\/www.instagram.com\/psol50\/","https:\/\/www.youtube.com\/channel\/UC7SnJS5o1os7a6CaiNabzcg"]},{"@type":"Person","@id":"https:\/\/psol50.org.br\/#\/schema\/person\/475dfa57d0b815993c714c2e96491fcd","name":"Comunica\u00e7\u00e3o PSOL","image":{"@type":"ImageObject","inLanguage":"pt-BR","@id":"https:\/\/psol50.org.br\/#\/schema\/person\/image\/","url":"https:\/\/secure.gravatar.com\/avatar\/b34fc4f4e468a4e51785917065a3db57b841f5c95dba6ad8c73aaf8f66f8f9bf?s=96&d=mm&r=g","contentUrl":"https:\/\/secure.gravatar.com\/avatar\/b34fc4f4e468a4e51785917065a3db57b841f5c95dba6ad8c73aaf8f66f8f9bf?s=96&d=mm&r=g","caption":"Comunica\u00e7\u00e3o PSOL"}}]}},"_links":{"self":[{"href":"https:\/\/psol50.org.br\/rest\/wp\/v2\/posts\/19988","targetHints":{"allow":["GET"]}}],"collection":[{"href":"https:\/\/psol50.org.br\/rest\/wp\/v2\/posts"}],"about":[{"href":"https:\/\/psol50.org.br\/rest\/wp\/v2\/types\/post"}],"author":[{"embeddable":true,"href":"https:\/\/psol50.org.br\/rest\/wp\/v2\/users\/2"}],"replies":[{"embeddable":true,"href":"https:\/\/psol50.org.br\/rest\/wp\/v2\/comments?post=19988"}],"version-history":[{"count":0,"href":"https:\/\/psol50.org.br\/rest\/wp\/v2\/posts\/19988\/revisions"}],"wp:featuredmedia":[{"embeddable":true,"href":"https:\/\/psol50.org.br\/rest\/wp\/v2\/media\/19989"}],"wp:attachment":[{"href":"https:\/\/psol50.org.br\/rest\/wp\/v2\/media?parent=19988"}],"wp:term":[{"taxonomy":"category","embeddable":true,"href":"https:\/\/psol50.org.br\/rest\/wp\/v2\/categories?post=19988"},{"taxonomy":"post_tag","embeddable":true,"href":"https:\/\/psol50.org.br\/rest\/wp\/v2\/tags?post=19988"}],"curies":[{"name":"wp","href":"https:\/\/api.w.org\/{rel}","templated":true}]}}