{"id":20011,"date":"2018-02-28T12:48:06","date_gmt":"2018-02-28T15:48:06","guid":{"rendered":"http:\/\/www.psol50.org.br\/?p=20011"},"modified":"2018-02-28T12:48:06","modified_gmt":"2018-02-28T15:48:06","slug":"bem-vinda-ao-psol-ursula-vidal","status":"publish","type":"post","link":"https:\/\/psol50.org.br\/bem-vinda-ao-psol-ursula-vidal\/","title":{"rendered":"Bem-vinda ao PSOL, \u00darsula Vidal"},"content":{"rendered":"<p>A jornalista, cineasta e ativista pol\u00edtica em Bel\u00e9m <a href=\"https:\/\/www.facebook.com\/UrsulaVidalOficial\/\" target=\"_blank\" rel=\"noopener\"><span style=\"color: #0000ff;\"><strong>\u00darsula Vidal<\/strong><\/span><\/a> anunciou, nesta ter\u00e7a-feira (27\/02), a sua filia\u00e7\u00e3o ao PSOL do Par\u00e1.\u00a0 Comunicadora com mais de 30 anos de experi\u00eancia, tendo trabalhado em\u00a0diversos ve\u00edculos de r\u00e1dio<span class=\"text_exposed_show\">\u00a0e TV no Par\u00e1 e no Rio de Janeiro, a nova militante do partido tem atua\u00e7\u00e3o destacada\u00a0na luta pela gest\u00e3o respons\u00e1vel e compartilhada dos res\u00edduos s\u00f3lidos em Bel\u00e9m. Tamb\u00e9m \u00e9 militante do movimento por pol\u00edticas p\u00fablicas de valoriza\u00e7\u00e3o e fortalecimento da arte e da cultura no Estado.\u00a0<\/span><\/p>\n<p>Em 2016, \u00darsula Vidal foi candidata \u00e0 Prefeitura da capital paraense pela Rede, tendo apoiado Edmilson Rodrigues no segundo turno, contra o atual prefeito, Zenaldo Coutinho (PSDB).<\/p>\n<p>&#8220;A trajet\u00f3ria de enfrentamento e constru\u00e7\u00e3o coletiva do PSOL\u00a0na pol\u00edtica brasileira tem a solidez de uma esquerda que n\u00e3o foge \u00e0 luta e que mant\u00e9m seus princ\u00edpios. E h\u00e1 novos ventos soprando nas janelas abertas desta casa que acolhe gentes e multiplica sonhos&#8221;, destacou, ao anunciar a sua filia\u00e7\u00e3o ao partido.<\/p>\n<p>\u00c0 reda\u00e7\u00e3o do PSOL, ela disse que nos \u00faltimos dois anos vem se aproximando da milit\u00e2ncia do partido em Bel\u00e9m e no Par\u00e1, a partir da identifica\u00e7\u00e3o ideol\u00f3gica no que se refere ao papel da esquerda nesse momento de grandes retrocessos. &#8220;Essa rela\u00e7\u00e3o me proporcionou um aprendizado muito importante. O PSOL \u00e9 o lugar onde, hoje, me sinto em casa, sob o aspecto ideol\u00f3gico e pelo reconhecimento do seu papel na constru\u00e7\u00e3o de uma alternativa para o pa\u00eds&#8221;, disse.<\/p>\n<p>&#8220;Com imenso respeito e profunda admira\u00e7\u00e3o pela trajet\u00f3ria das companheiras e companheiros que vem construindo a funda\u00e7\u00e3o desta casa, e todas as suas partes , do piso \u00e0 cumeeira, anuncio que me integro ao quadro de filiadas e filiados do PSOL, empreendendo todas as minhas for\u00e7as, minha voz e minha f\u00e9 na vida, na constru\u00e7\u00e3o do pa\u00eds que queremos. Um Brasil de amor, justi\u00e7a e paz&#8221;, completou.<\/p>\n<p>A presidente do PSOL Bel\u00e9m, L\u00edvia Duarte, celebra a vinda de \u00darsula para as fileiras do partido.\u00a0&#8220;\u00c9 uma honra para o PSOL ter \u00darsula em nossas fileiras, pelo seu perfil de luta, de transforma\u00e7\u00f5es sociais, dentro e fora de lugares partid\u00e1rios, mas tamb\u00e9m pelo significado que uma mulher dessa propor\u00e7\u00e3o tem para a luta por igualdade das mulheres no mundo pol\u00edtico.\u00a0PSOL Bel\u00e9m e o PSOL Par\u00e1 est\u00e3o em festa!&#8221;.<\/p>\n<p>O ato de filia\u00e7\u00e3o de \u00darsula Vidal ser\u00e1 nesta sexta-feira (02\/03), \u00e0s 19h,\u00a0 no Hotel Sagres.<\/p>\n<p>&nbsp;<\/p>\n","protected":false},"excerpt":{"rendered":"<p>A jornalista, cineasta e ativista pol\u00edtica em Bel\u00e9m \u00darsula Vidal anunciou, nesta ter\u00e7a-feira (27\/02), a sua filia\u00e7\u00e3o ao PSOL do Par\u00e1.\u00a0 Comunicadora com mais de 30 anos de experi\u00eancia, tendo trabalhado em\u00a0diversos ve\u00edculos de r\u00e1dio\u00a0e TV no Par\u00e1 e no Rio de Janeiro, a nova militante do partido tem atua\u00e7\u00e3o destacada\u00a0na luta pela gest\u00e3o respons\u00e1vel [&hellip;]<\/p>\n","protected":false},"author":2,"featured_media":20015,"comment_status":"open","ping_status":"open","sticky":false,"template":"","format":"standard","meta":{"_acf_changed":false,"footnotes":""},"categories":[654,6,14],"tags":[2295,643,2296,2297,66,275,1817,50,1988,22,924,2298],"class_list":{"0":"post-20011","1":"post","2":"type-post","3":"status-publish","4":"format-standard","5":"has-post-thumbnail","7":"category-estados","8":"category-noticias","9":"category-partido","10":"tag-arte","11":"tag-belem","12":"tag-cineasta","13":"tag-comunicadora","14":"tag-cultura","15":"tag-jornalista","16":"tag-livia-duarte","17":"tag-para","18":"tag-politicas-publicas","19":"tag-psol","20":"tag-rede","21":"tag-ursula-vidal"},"acf":[],"yoast_head":"<!-- This site is optimized with the Yoast SEO plugin v26.5 - https:\/\/yoast.com\/wordpress\/plugins\/seo\/ -->\n<title>Bem-vinda ao PSOL, \u00darsula Vidal - PSOL 50<\/title>\n<meta name=\"robots\" content=\"index, follow, max-snippet:-1, max-image-preview:large, max-video-preview:-1\" \/>\n<link rel=\"canonical\" href=\"https:\/\/psol50.org.br\/bem-vinda-ao-psol-ursula-vidal\/\" \/>\n<meta property=\"og:locale\" content=\"pt_BR\" \/>\n<meta property=\"og:type\" content=\"article\" \/>\n<meta property=\"og:title\" content=\"Bem-vinda ao PSOL, \u00darsula Vidal - PSOL 50\" \/>\n<meta property=\"og:description\" content=\"A jornalista, cineasta e ativista pol\u00edtica em Bel\u00e9m \u00darsula Vidal anunciou, nesta ter\u00e7a-feira (27\/02), a sua filia\u00e7\u00e3o ao PSOL do Par\u00e1.\u00a0 Comunicadora com mais de 30 anos de experi\u00eancia, tendo trabalhado em\u00a0diversos ve\u00edculos de r\u00e1dio\u00a0e TV no Par\u00e1 e no Rio de Janeiro, a nova militante do partido tem atua\u00e7\u00e3o destacada\u00a0na luta pela gest\u00e3o respons\u00e1vel [&hellip;]\" \/>\n<meta property=\"og:url\" content=\"https:\/\/psol50.org.br\/bem-vinda-ao-psol-ursula-vidal\/\" \/>\n<meta property=\"og:site_name\" content=\"PSOL 50\" \/>\n<meta property=\"article:publisher\" content=\"https:\/\/www.facebook.com\/psol50\" \/>\n<meta property=\"article:published_time\" content=\"2018-02-28T15:48:06+00:00\" \/>\n<meta property=\"og:image\" content=\"https:\/\/psol50.org.br\/inc\/uploads\/2018\/02\/rsula_Carrossel.jpg\" \/>\n\t<meta property=\"og:image:width\" content=\"1280\" \/>\n\t<meta property=\"og:image:height\" content=\"853\" \/>\n\t<meta property=\"og:image:type\" content=\"image\/jpeg\" \/>\n<meta name=\"author\" content=\"Comunica\u00e7\u00e3o PSOL\" \/>\n<meta name=\"twitter:card\" content=\"summary_large_image\" \/>\n<meta name=\"twitter:creator\" content=\"@psol50\" \/>\n<meta name=\"twitter:site\" content=\"@psol50\" \/>\n<meta name=\"twitter:label1\" content=\"Escrito por\" \/>\n\t<meta name=\"twitter:data1\" content=\"Comunica\u00e7\u00e3o PSOL\" \/>\n\t<meta name=\"twitter:label2\" content=\"Est. tempo de leitura\" \/>\n\t<meta name=\"twitter:data2\" content=\"2 minutos\" \/>\n<script type=\"application\/ld+json\" class=\"yoast-schema-graph\">{\"@context\":\"https:\/\/schema.org\",\"@graph\":[{\"@type\":\"Article\",\"@id\":\"https:\/\/psol50.org.br\/bem-vinda-ao-psol-ursula-vidal\/#article\",\"isPartOf\":{\"@id\":\"https:\/\/psol50.org.br\/bem-vinda-ao-psol-ursula-vidal\/\"},\"author\":{\"name\":\"Comunica\u00e7\u00e3o PSOL\",\"@id\":\"https:\/\/psol50.org.br\/#\/schema\/person\/475dfa57d0b815993c714c2e96491fcd\"},\"headline\":\"Bem-vinda ao PSOL, \u00darsula Vidal\",\"datePublished\":\"2018-02-28T15:48:06+00:00\",\"mainEntityOfPage\":{\"@id\":\"https:\/\/psol50.org.br\/bem-vinda-ao-psol-ursula-vidal\/\"},\"wordCount\":440,\"commentCount\":0,\"publisher\":{\"@id\":\"https:\/\/psol50.org.br\/#organization\"},\"image\":{\"@id\":\"https:\/\/psol50.org.br\/bem-vinda-ao-psol-ursula-vidal\/#primaryimage\"},\"thumbnailUrl\":\"https:\/\/psol50.org.br\/inc\/uploads\/2018\/02\/rsula_Carrossel.jpg\",\"keywords\":[\"Arte\",\"Bel\u00e9m\",\"cineasta\",\"comunicadora\",\"cultura\",\"jornalista\",\"L\u00edvia Duarte\",\"Par\u00e1\",\"pol\u00edticas p\u00fablicas\",\"PSOL\",\"Rede\",\"\u00darsula Vidal\"],\"articleSection\":[\"Estados\",\"Not\u00edcias\",\"Partido\"],\"inLanguage\":\"pt-BR\",\"potentialAction\":[{\"@type\":\"CommentAction\",\"name\":\"Comment\",\"target\":[\"https:\/\/psol50.org.br\/bem-vinda-ao-psol-ursula-vidal\/#respond\"]}]},{\"@type\":\"WebPage\",\"@id\":\"https:\/\/psol50.org.br\/bem-vinda-ao-psol-ursula-vidal\/\",\"url\":\"https:\/\/psol50.org.br\/bem-vinda-ao-psol-ursula-vidal\/\",\"name\":\"Bem-vinda ao PSOL, \u00darsula Vidal - PSOL 50\",\"isPartOf\":{\"@id\":\"https:\/\/psol50.org.br\/#website\"},\"primaryImageOfPage\":{\"@id\":\"https:\/\/psol50.org.br\/bem-vinda-ao-psol-ursula-vidal\/#primaryimage\"},\"image\":{\"@id\":\"https:\/\/psol50.org.br\/bem-vinda-ao-psol-ursula-vidal\/#primaryimage\"},\"thumbnailUrl\":\"https:\/\/psol50.org.br\/inc\/uploads\/2018\/02\/rsula_Carrossel.jpg\",\"datePublished\":\"2018-02-28T15:48:06+00:00\",\"breadcrumb\":{\"@id\":\"https:\/\/psol50.org.br\/bem-vinda-ao-psol-ursula-vidal\/#breadcrumb\"},\"inLanguage\":\"pt-BR\",\"potentialAction\":[{\"@type\":\"ReadAction\",\"target\":[\"https:\/\/psol50.org.br\/bem-vinda-ao-psol-ursula-vidal\/\"]}]},{\"@type\":\"ImageObject\",\"inLanguage\":\"pt-BR\",\"@id\":\"https:\/\/psol50.org.br\/bem-vinda-ao-psol-ursula-vidal\/#primaryimage\",\"url\":\"https:\/\/psol50.org.br\/inc\/uploads\/2018\/02\/rsula_Carrossel.jpg\",\"contentUrl\":\"https:\/\/psol50.org.br\/inc\/uploads\/2018\/02\/rsula_Carrossel.jpg\",\"width\":1280,\"height\":853},{\"@type\":\"BreadcrumbList\",\"@id\":\"https:\/\/psol50.org.br\/bem-vinda-ao-psol-ursula-vidal\/#breadcrumb\",\"itemListElement\":[{\"@type\":\"ListItem\",\"position\":1,\"name\":\"In\u00edcio\",\"item\":\"https:\/\/psol50.org.br\/\"},{\"@type\":\"ListItem\",\"position\":2,\"name\":\"Bem-vinda ao PSOL, \u00darsula Vidal\"}]},{\"@type\":\"WebSite\",\"@id\":\"https:\/\/psol50.org.br\/#website\",\"url\":\"https:\/\/psol50.org.br\/\",\"name\":\"PSOL 50\",\"description\":\"Site oficial do Partido Socialismo e Liberdade\",\"publisher\":{\"@id\":\"https:\/\/psol50.org.br\/#organization\"},\"alternateName\":\"PSOL50\",\"potentialAction\":[{\"@type\":\"SearchAction\",\"target\":{\"@type\":\"EntryPoint\",\"urlTemplate\":\"https:\/\/psol50.org.br\/?s={search_term_string}\"},\"query-input\":{\"@type\":\"PropertyValueSpecification\",\"valueRequired\":true,\"valueName\":\"search_term_string\"}}],\"inLanguage\":\"pt-BR\"},{\"@type\":\"Organization\",\"@id\":\"https:\/\/psol50.org.br\/#organization\",\"name\":\"PSOL 50\",\"alternateName\":\"PSOL 50\",\"url\":\"https:\/\/psol50.org.br\/\",\"logo\":{\"@type\":\"ImageObject\",\"inLanguage\":\"pt-BR\",\"@id\":\"https:\/\/psol50.org.br\/#\/schema\/logo\/image\/\",\"url\":\"https:\/\/psol50.org.br\/inc\/uploads\/2018\/07\/capa.png\",\"contentUrl\":\"https:\/\/psol50.org.br\/inc\/uploads\/2018\/07\/capa.png\",\"width\":1350,\"height\":900,\"caption\":\"PSOL 50\"},\"image\":{\"@id\":\"https:\/\/psol50.org.br\/#\/schema\/logo\/image\/\"},\"sameAs\":[\"https:\/\/www.facebook.com\/psol50\",\"https:\/\/x.com\/psol50\",\"https:\/\/www.instagram.com\/psol50\/\",\"https:\/\/www.youtube.com\/channel\/UC7SnJS5o1os7a6CaiNabzcg\"]},{\"@type\":\"Person\",\"@id\":\"https:\/\/psol50.org.br\/#\/schema\/person\/475dfa57d0b815993c714c2e96491fcd\",\"name\":\"Comunica\u00e7\u00e3o PSOL\",\"image\":{\"@type\":\"ImageObject\",\"inLanguage\":\"pt-BR\",\"@id\":\"https:\/\/psol50.org.br\/#\/schema\/person\/image\/\",\"url\":\"https:\/\/secure.gravatar.com\/avatar\/b34fc4f4e468a4e51785917065a3db57b841f5c95dba6ad8c73aaf8f66f8f9bf?s=96&d=mm&r=g\",\"contentUrl\":\"https:\/\/secure.gravatar.com\/avatar\/b34fc4f4e468a4e51785917065a3db57b841f5c95dba6ad8c73aaf8f66f8f9bf?s=96&d=mm&r=g\",\"caption\":\"Comunica\u00e7\u00e3o PSOL\"}}]}<\/script>\n<!-- \/ Yoast SEO plugin. -->","yoast_head_json":{"title":"Bem-vinda ao PSOL, \u00darsula Vidal - PSOL 50","robots":{"index":"index","follow":"follow","max-snippet":"max-snippet:-1","max-image-preview":"max-image-preview:large","max-video-preview":"max-video-preview:-1"},"canonical":"https:\/\/psol50.org.br\/bem-vinda-ao-psol-ursula-vidal\/","og_locale":"pt_BR","og_type":"article","og_title":"Bem-vinda ao PSOL, \u00darsula Vidal - PSOL 50","og_description":"A jornalista, cineasta e ativista pol\u00edtica em Bel\u00e9m \u00darsula Vidal anunciou, nesta ter\u00e7a-feira (27\/02), a sua filia\u00e7\u00e3o ao PSOL do Par\u00e1.\u00a0 Comunicadora com mais de 30 anos de experi\u00eancia, tendo trabalhado em\u00a0diversos ve\u00edculos de r\u00e1dio\u00a0e TV no Par\u00e1 e no Rio de Janeiro, a nova militante do partido tem atua\u00e7\u00e3o destacada\u00a0na luta pela gest\u00e3o respons\u00e1vel [&hellip;]","og_url":"https:\/\/psol50.org.br\/bem-vinda-ao-psol-ursula-vidal\/","og_site_name":"PSOL 50","article_publisher":"https:\/\/www.facebook.com\/psol50","article_published_time":"2018-02-28T15:48:06+00:00","og_image":[{"width":1280,"height":853,"url":"https:\/\/psol50.org.br\/inc\/uploads\/2018\/02\/rsula_Carrossel.jpg","type":"image\/jpeg"}],"author":"Comunica\u00e7\u00e3o PSOL","twitter_card":"summary_large_image","twitter_creator":"@psol50","twitter_site":"@psol50","twitter_misc":{"Escrito por":"Comunica\u00e7\u00e3o PSOL","Est. tempo de leitura":"2 minutos"},"schema":{"@context":"https:\/\/schema.org","@graph":[{"@type":"Article","@id":"https:\/\/psol50.org.br\/bem-vinda-ao-psol-ursula-vidal\/#article","isPartOf":{"@id":"https:\/\/psol50.org.br\/bem-vinda-ao-psol-ursula-vidal\/"},"author":{"name":"Comunica\u00e7\u00e3o PSOL","@id":"https:\/\/psol50.org.br\/#\/schema\/person\/475dfa57d0b815993c714c2e96491fcd"},"headline":"Bem-vinda ao PSOL, \u00darsula Vidal","datePublished":"2018-02-28T15:48:06+00:00","mainEntityOfPage":{"@id":"https:\/\/psol50.org.br\/bem-vinda-ao-psol-ursula-vidal\/"},"wordCount":440,"commentCount":0,"publisher":{"@id":"https:\/\/psol50.org.br\/#organization"},"image":{"@id":"https:\/\/psol50.org.br\/bem-vinda-ao-psol-ursula-vidal\/#primaryimage"},"thumbnailUrl":"https:\/\/psol50.org.br\/inc\/uploads\/2018\/02\/rsula_Carrossel.jpg","keywords":["Arte","Bel\u00e9m","cineasta","comunicadora","cultura","jornalista","L\u00edvia Duarte","Par\u00e1","pol\u00edticas p\u00fablicas","PSOL","Rede","\u00darsula Vidal"],"articleSection":["Estados","Not\u00edcias","Partido"],"inLanguage":"pt-BR","potentialAction":[{"@type":"CommentAction","name":"Comment","target":["https:\/\/psol50.org.br\/bem-vinda-ao-psol-ursula-vidal\/#respond"]}]},{"@type":"WebPage","@id":"https:\/\/psol50.org.br\/bem-vinda-ao-psol-ursula-vidal\/","url":"https:\/\/psol50.org.br\/bem-vinda-ao-psol-ursula-vidal\/","name":"Bem-vinda ao PSOL, \u00darsula Vidal - PSOL 50","isPartOf":{"@id":"https:\/\/psol50.org.br\/#website"},"primaryImageOfPage":{"@id":"https:\/\/psol50.org.br\/bem-vinda-ao-psol-ursula-vidal\/#primaryimage"},"image":{"@id":"https:\/\/psol50.org.br\/bem-vinda-ao-psol-ursula-vidal\/#primaryimage"},"thumbnailUrl":"https:\/\/psol50.org.br\/inc\/uploads\/2018\/02\/rsula_Carrossel.jpg","datePublished":"2018-02-28T15:48:06+00:00","breadcrumb":{"@id":"https:\/\/psol50.org.br\/bem-vinda-ao-psol-ursula-vidal\/#breadcrumb"},"inLanguage":"pt-BR","potentialAction":[{"@type":"ReadAction","target":["https:\/\/psol50.org.br\/bem-vinda-ao-psol-ursula-vidal\/"]}]},{"@type":"ImageObject","inLanguage":"pt-BR","@id":"https:\/\/psol50.org.br\/bem-vinda-ao-psol-ursula-vidal\/#primaryimage","url":"https:\/\/psol50.org.br\/inc\/uploads\/2018\/02\/rsula_Carrossel.jpg","contentUrl":"https:\/\/psol50.org.br\/inc\/uploads\/2018\/02\/rsula_Carrossel.jpg","width":1280,"height":853},{"@type":"BreadcrumbList","@id":"https:\/\/psol50.org.br\/bem-vinda-ao-psol-ursula-vidal\/#breadcrumb","itemListElement":[{"@type":"ListItem","position":1,"name":"In\u00edcio","item":"https:\/\/psol50.org.br\/"},{"@type":"ListItem","position":2,"name":"Bem-vinda ao PSOL, \u00darsula Vidal"}]},{"@type":"WebSite","@id":"https:\/\/psol50.org.br\/#website","url":"https:\/\/psol50.org.br\/","name":"PSOL 50","description":"Site oficial do Partido Socialismo e Liberdade","publisher":{"@id":"https:\/\/psol50.org.br\/#organization"},"alternateName":"PSOL50","potentialAction":[{"@type":"SearchAction","target":{"@type":"EntryPoint","urlTemplate":"https:\/\/psol50.org.br\/?s={search_term_string}"},"query-input":{"@type":"PropertyValueSpecification","valueRequired":true,"valueName":"search_term_string"}}],"inLanguage":"pt-BR"},{"@type":"Organization","@id":"https:\/\/psol50.org.br\/#organization","name":"PSOL 50","alternateName":"PSOL 50","url":"https:\/\/psol50.org.br\/","logo":{"@type":"ImageObject","inLanguage":"pt-BR","@id":"https:\/\/psol50.org.br\/#\/schema\/logo\/image\/","url":"https:\/\/psol50.org.br\/inc\/uploads\/2018\/07\/capa.png","contentUrl":"https:\/\/psol50.org.br\/inc\/uploads\/2018\/07\/capa.png","width":1350,"height":900,"caption":"PSOL 50"},"image":{"@id":"https:\/\/psol50.org.br\/#\/schema\/logo\/image\/"},"sameAs":["https:\/\/www.facebook.com\/psol50","https:\/\/x.com\/psol50","https:\/\/www.instagram.com\/psol50\/","https:\/\/www.youtube.com\/channel\/UC7SnJS5o1os7a6CaiNabzcg"]},{"@type":"Person","@id":"https:\/\/psol50.org.br\/#\/schema\/person\/475dfa57d0b815993c714c2e96491fcd","name":"Comunica\u00e7\u00e3o PSOL","image":{"@type":"ImageObject","inLanguage":"pt-BR","@id":"https:\/\/psol50.org.br\/#\/schema\/person\/image\/","url":"https:\/\/secure.gravatar.com\/avatar\/b34fc4f4e468a4e51785917065a3db57b841f5c95dba6ad8c73aaf8f66f8f9bf?s=96&d=mm&r=g","contentUrl":"https:\/\/secure.gravatar.com\/avatar\/b34fc4f4e468a4e51785917065a3db57b841f5c95dba6ad8c73aaf8f66f8f9bf?s=96&d=mm&r=g","caption":"Comunica\u00e7\u00e3o PSOL"}}]}},"_links":{"self":[{"href":"https:\/\/psol50.org.br\/rest\/wp\/v2\/posts\/20011","targetHints":{"allow":["GET"]}}],"collection":[{"href":"https:\/\/psol50.org.br\/rest\/wp\/v2\/posts"}],"about":[{"href":"https:\/\/psol50.org.br\/rest\/wp\/v2\/types\/post"}],"author":[{"embeddable":true,"href":"https:\/\/psol50.org.br\/rest\/wp\/v2\/users\/2"}],"replies":[{"embeddable":true,"href":"https:\/\/psol50.org.br\/rest\/wp\/v2\/comments?post=20011"}],"version-history":[{"count":0,"href":"https:\/\/psol50.org.br\/rest\/wp\/v2\/posts\/20011\/revisions"}],"wp:featuredmedia":[{"embeddable":true,"href":"https:\/\/psol50.org.br\/rest\/wp\/v2\/media\/20015"}],"wp:attachment":[{"href":"https:\/\/psol50.org.br\/rest\/wp\/v2\/media?parent=20011"}],"wp:term":[{"taxonomy":"category","embeddable":true,"href":"https:\/\/psol50.org.br\/rest\/wp\/v2\/categories?post=20011"},{"taxonomy":"post_tag","embeddable":true,"href":"https:\/\/psol50.org.br\/rest\/wp\/v2\/tags?post=20011"}],"curies":[{"name":"wp","href":"https:\/\/api.w.org\/{rel}","templated":true}]}}