{"id":20063,"date":"2018-03-06T12:55:25","date_gmt":"2018-03-06T15:55:25","guid":{"rendered":"http:\/\/www.psol50.org.br\/?p=20063"},"modified":"2018-03-06T12:55:25","modified_gmt":"2018-03-06T15:55:25","slug":"confira-agenda-de-atos-do-8-de-marco-em-todo-o-brasil","status":"publish","type":"post","link":"https:\/\/psol50.org.br\/confira-agenda-de-atos-do-8-de-marco-em-todo-o-brasil\/","title":{"rendered":"Confira agenda de atos do 8 de mar\u00e7o em todo o Brasil"},"content":{"rendered":"<p>No pr\u00f3ximo 8 de mar\u00e7o, mulheres ocupar\u00e3o as ruas de todo o pa\u00eds contra a viol\u00eancia dom\u00e9stica, a desigualdade salarial, a misoginia, o feminic\u00eddio, a LBTfobia, o racismo e a xenofobia, unificando o combate ao machismo em um movimento feminista internacional.<\/p>\n<p>A milit\u00e2ncia do PSOL estar\u00e1 presente nos atos convocados, lutando pela vida das mulheres!<\/p>\n<p>Confira a agenda do dia 8:<\/p>\n<p><strong>ACRE<\/strong><br \/>\nRio Branco: Pra\u00e7a do Memorial dos Autonomistas, 17h &#8211; <a href=\"https:\/\/www.facebook.com\/events\/1933208376992418\/\" target=\"_blank\" rel=\"noopener\"><em><span style=\"color: #0000ff;\">Confirme presen\u00e7a!<\/span><\/em><\/a><\/p>\n<p><strong>AMAP\u00c1<\/strong><br \/>\nMacap\u00e1: Pra\u00e7a da Bandeira, 8h<\/p>\n<p><strong>AMAZONAS<\/strong><br \/>\nManaus: Pra\u00e7a da Saudade, 15h &#8211; <a href=\"https:\/\/goo.gl\/dQN4jA\" target=\"_blank\" rel=\"noopener\"><span style=\"color: #0000ff;\"><em>Confirme presen\u00e7a!<\/em><\/span><\/a><\/p>\n<p><strong>BAHIA<\/strong><br \/>\nSalvador: Pra\u00e7a da Piedade, 13h &#8211; <a href=\"https:\/\/goo.gl\/GnAcJ1\" target=\"_blank\" rel=\"noopener\"><em><span style=\"color: #0000ff;\">Confirme presen\u00e7a!<\/span><\/em><\/a><br \/>\nFeira de Santana: Pra\u00e7a do Nordestino, 15h\u00a0&#8211; <a href=\"https:\/\/goo.gl\/fFTsCP\" target=\"_blank\" rel=\"noopener\"><span style=\"color: #0000ff;\"><em>Confirme presen\u00e7a!<\/em><\/span><\/a><\/p>\n<p><strong>CEAR\u00c1<\/strong><br \/>\nFortaleza: Terminal da Lagoa, 8h\u00a0&#8211; <a href=\"https:\/\/goo.gl\/o6aiQN\" target=\"_blank\" rel=\"noopener\"><span style=\"color: #0000ff;\"><em>Confirme presen\u00e7a!<\/em><\/span><\/a><\/p>\n<p><strong>DISTRITO FEDERAL<\/strong><br \/>\nBras\u00edlia: Museu Nacional, 13h\u00a0&#8211; <a href=\"https:\/\/goo.gl\/4je8ct\" target=\"_blank\" rel=\"noopener\"><span style=\"color: #0000ff;\"><em>Confirme presen\u00e7a!<\/em><\/span><\/a><\/p>\n<p><strong>ESP\u00cdRITO SANTO<\/strong><br \/>\nVit\u00f3ria: Pra\u00e7a de Jucutuquara, 13h\u00a0&#8211; <a href=\"https:\/\/goo.gl\/uTT11H\" target=\"_blank\" rel=\"noopener\"><em><span style=\"color: #0000ff;\">Confirme presen\u00e7a!<\/span><\/em><\/a><\/p>\n<p><strong>GOI\u00c1S<\/strong><br \/>\nGoi\u00e2nia: Assembleia Legislativa, 8h &#8211; <a href=\"https:\/\/goo.gl\/9kUsHF\" target=\"_blank\" rel=\"noopener\"><em><span style=\"color: #0000ff;\">Confirme presen\u00e7a!<\/span><\/em><\/a>;<br \/>\ne Pra\u00e7a dos Bandeirantes, 16h\u00a0&#8211; <a href=\"https:\/\/goo.gl\/hkJCHw\" target=\"_blank\" rel=\"noopener\"><span style=\"color: #0000ff;\"><em>Confirme presen\u00e7a!<\/em><\/span><\/a><\/p>\n<p><strong>MARANH\u00c3O<\/strong><br \/>\nS\u00e3o Lu\u00eds: Col\u00e9gio Liceu Maranhense, 15h30\u00a0&#8211; <a href=\"https:\/\/goo.gl\/iv4NyR\" target=\"_blank\" rel=\"noopener\"><em><span style=\"color: #0000ff;\">Confirme presen\u00e7a!<\/span><\/em><\/a><br \/>\nImperatriz: Cal\u00e7ad\u00e3o de Imperatriz, 17h30\u00a0&#8211; <a href=\"https:\/\/goo.gl\/9PpMie\" target=\"_blank\" rel=\"noopener\"><span style=\"color: #0000ff;\"><em>Confirme presen\u00e7a!<\/em><\/span><\/a><\/p>\n<p><strong>MATO GROSSO DO SUL<\/strong><br \/>\nTr\u00eas Lagoas: Pra\u00e7a Central, 11h30\u00a0&#8211; <a href=\"https:\/\/goo.gl\/spN4jn\" target=\"_blank\" rel=\"noopener\"><span style=\"color: #0000ff;\"><em>Confirme presen\u00e7a!<\/em><\/span><\/a><\/p>\n<p><strong>MINAS GERAIS<\/strong><br \/>\nBelo Horizonte: Ocupa\u00e7\u00e3o Carolina Maria de Jesus, 16h &#8211; <a href=\"https:\/\/www.facebook.com\/events\/2037523233171635\/\" target=\"_blank\" rel=\"noopener\"><span style=\"color: #0000ff;\"><em>Confirme presen\u00e7a!<\/em><\/span><\/a><br \/>\nItajub\u00e1: Unifei, 17h\u00a0&#8211; <a href=\"https:\/\/goo.gl\/cdgkFi\" target=\"_blank\" rel=\"noopener\"><span style=\"color: #0000ff;\"><em>Confirme presen\u00e7a!<\/em><\/span><\/a><br \/>\nJuiz de Fora: Pra\u00e7a da Esta\u00e7\u00e3o, 17h\u00a0&#8211; <a href=\"https:\/\/goo.gl\/fBSJX7\" target=\"_blank\" rel=\"noopener\"><em><span style=\"color: #0000ff;\">Confirme presen\u00e7a!<\/span><\/em><\/a><br \/>\nOuro Preto: Pra\u00e7a Tiradentes, 15h30\u00a0&#8211; <a href=\"https:\/\/goo.gl\/QpnNqF\" target=\"_blank\" rel=\"noopener\"><em><span style=\"color: #0000ff;\">Confirme presen\u00e7a!\u00a0<\/span><\/em><\/a><br \/>\nUberl\u00e2ndia: Pra\u00e7a Ismene Mendes, 16h\u00a0&#8211; <a href=\"https:\/\/goo.gl\/Ybfmz6\" target=\"_blank\" rel=\"noopener\"><span style=\"color: #0000ff;\"><em>Confirme presen\u00e7a!<\/em><\/span><\/a><\/p>\n<p><strong>PAR\u00c1<\/strong><br \/>\nBel\u00e9m: Avenida Nazar\u00e9 com Doutor Moraes, 8h\u00a0&#8211; <a href=\"https:\/\/goo.gl\/4Ueym9\" target=\"_blank\" rel=\"noopener\"><span style=\"color: #0000ff;\"><em>Confirme presen\u00e7a!<\/em><\/span><\/a><\/p>\n<p><strong>PARA\u00cdBA<\/strong><br \/>\nJo\u00e3o Pessoa: Pra\u00e7a Jo\u00e3o Pessoa, 8h\u00a0&#8211; <a href=\"https:\/\/goo.gl\/QuPE6n\" target=\"_blank\" rel=\"noopener\"><em><span style=\"color: #0000ff;\">Confirme presen\u00e7a!<\/span><\/em><\/a><\/p>\n<p><strong>PARAN\u00c1<\/strong><br \/>\nCuritiba: Pra\u00e7a da Mulher Nua, 16h30\u00a0&#8211; <em><span style=\"color: #0000ff;\">Confirme presen\u00e7a!<br \/>\n<\/span><\/em>Cascavel: Pra\u00e7a Wilson Jofre, 17h &#8211;<a href=\"https:\/\/www.facebook.com\/events\/385243705273753\/\" target=\"_blank\" rel=\"noopener\"><em><span style=\"color: #0000ff;\"> Confirme presen\u00e7a!<\/span><\/em><\/a><br \/>\nLondrina: Monumento \u00c0 B\u00edblia, 14h\u00a0&#8211; <em><span style=\"color: #0000ff;\"><a href=\"https:\/\/www.facebook.com\/events\/147033922631557\/\" target=\"_blank\" rel=\"noopener\">Confirme presen\u00e7a!<\/a><br \/>\n<\/span><\/em>Maring\u00e1:\u00a0Pra\u00e7a Raposo Tavares, 17h<br \/>\nPonta Grossa: Pra\u00e7a Bar\u00e3o do Rio Branco, 17h &#8211; <a href=\"https:\/\/www.facebook.com\/events\/2027280484205928\/\" target=\"_blank\" rel=\"noopener\"><em><span style=\"color: #0000ff;\">Confirme presen\u00e7a!<\/span><\/em><\/a><\/p>\n<p><strong>PERNAMBUCO<\/strong><br \/>\nRecife: Parque 13 de maio, 13h\u00a0&#8211; <a href=\"https:\/\/goo.gl\/RiaJoA\" target=\"_blank\" rel=\"noopener\"><em><span style=\"color: #0000ff;\">Confirme presen\u00e7a!<\/span><\/em><\/a><br \/>\nOuricuri: R\u00e1dio Volunt\u00e1rio da P\u00e1tria, 8h\u00a0&#8211; <a href=\"https:\/\/goo.gl\/kXBLhU\" target=\"_blank\" rel=\"noopener\"><span style=\"color: #0000ff;\"><em>Confirme presen\u00e7a!<\/em><\/span><\/a><\/p>\n<p><strong>PIAU\u00cd<\/strong><br \/>\nTeresina: Frei Serafim, 16h &#8211; <a href=\"https:\/\/www.facebook.com\/sindifpi.sindicatodosdocentesdoifpi\/photos\/a.1440695996180912.1073741832.1426272960956549\/1996641667253006\/?type=3&amp;theater\" target=\"_blank\" rel=\"noopener\"><span style=\"color: #0000ff;\"><em>Confirme presen\u00e7a!<\/em><\/span><\/a><\/p>\n<p><strong>RIO DE JANEIRO<\/strong><br \/>\nRio de Janeiro: Candel\u00e1ria, 18h\u00a0&#8211; <a href=\"https:\/\/goo.gl\/5jfcyq\" target=\"_blank\" rel=\"noopener\"><span style=\"color: #0000ff;\"><em>Confirme presen\u00e7a!<\/em><\/span><\/a><br \/>\nRio (Zona Oeste, dia 10): Cal\u00e7ad\u00e3o de Campo Grande, 9h\u00a0&#8211; <a href=\"https:\/\/goo.gl\/yUXbfc\" target=\"_blank\" rel=\"noopener\"><em><span style=\"color: #0000ff;\">Confirme presen\u00e7a!<\/span><\/em><\/a><br \/>\nNiter\u00f3i: Pra\u00e7a Arariboia, 16h\u00a0&#8211; <a href=\"https:\/\/goo.gl\/X9dBH9\" target=\"_blank\" rel=\"noopener\"><em><span style=\"color: #0000ff;\">Confirme presen\u00e7a!<\/span><\/em><\/a><br \/>\nPetr\u00f3polis: Pra\u00e7a da Inconfid\u00eancia, 17h30\u00a0&#8211; <a href=\"https:\/\/goo.gl\/T5FPJd\" target=\"_blank\" rel=\"noopener\"><em><span style=\"color: #0000ff;\">Confirme presen\u00e7a!<\/span><\/em><\/a><br \/>\nRio das Ostras: \u00c2ncora, 15h\u00a0&#8211; <a href=\"https:\/\/goo.gl\/kwXqnd\" target=\"_blank\" rel=\"noopener\"><span style=\"color: #0000ff;\"><em>Confirme presen\u00e7a!<\/em><\/span><\/a><br \/>\nSaquarema: Pra\u00e7a de Bacax\u00e1, 17h30\u00a0&#8211; <a href=\"https:\/\/goo.gl\/d9bB8r\" target=\"_blank\" rel=\"noopener\"><em><span style=\"color: #0000ff;\">Confirme presen\u00e7a!<\/span><\/em><\/a><br \/>\nVolta Redonda: Pra\u00e7a Juarez Antunes, 18h30\u00a0&#8211; <a href=\"https:\/\/goo.gl\/WJALhn\" target=\"_blank\" rel=\"noopener\"><em><span style=\"color: #0000ff;\">Confirme presen\u00e7a!<\/span><\/em><\/a><\/p>\n<p><strong>RIO GRANDE DO NORTE<\/strong><br \/>\nNatal: Pra\u00e7a Andr\u00e9 de Albuquerque, 8h; e<br \/>\nINSS (Rua Apodi), 14h30 &#8211; <a href=\"https:\/\/www.facebook.com\/events\/1971349039860255\/?ti=as\" target=\"_blank\" rel=\"noopener\"><span style=\"color: #0000ff;\"><em>Confirme presen\u00e7a!<\/em><\/span><\/a><br \/>\nPipa e Tibau do Sul: Pra\u00e7a do Pescador, 18h &#8211; <a href=\"https:\/\/www.facebook.com\/events\/178675049524468\/\" target=\"_blank\" rel=\"noopener\"><span style=\"color: #0000ff;\"><em>Confirme presen\u00e7a!<\/em><\/span><\/a><\/p>\n<p><strong>RIO GRANDE DO SUL<\/strong><br \/>\nPorto Alegre: Ponte M\u00f3vel do Rio Gua\u00edba, 7h\u00a0&#8211; <a href=\"https:\/\/goo.gl\/6NEJ2R\" target=\"_blank\" rel=\"noopener\"><span style=\"color: #0000ff;\"><em>Confirme presen\u00e7a!<\/em><\/span><\/a><br \/>\nCaxias do Sul: Pra\u00e7a Dante Aliguieri, 8h30\u00a0&#8211; <a href=\"https:\/\/goo.gl\/C5FdgB\" target=\"_blank\" rel=\"noopener\"><span style=\"color: #0000ff;\"><em>Confirme presen\u00e7a!<\/em><\/span><\/a><br \/>\nPelotas: Mercado Central, 15h30\u00a0&#8211; <a href=\"https:\/\/goo.gl\/4a4sBD\" target=\"_blank\" rel=\"noopener\"><em><span style=\"color: #0000ff;\">Confirme presen\u00e7a!<\/span><\/em><\/a><br \/>\nRio Grande: Largo Dr. Pio, 15h\u00a0&#8211; <a href=\"https:\/\/goo.gl\/SfhZ1g\" target=\"_blank\" rel=\"noopener\"><em><span style=\"color: #0000ff;\">Confirme presen\u00e7a!<\/span><\/em><\/a><br \/>\nS\u00e3o Leopoldo: Pra\u00e7a do Imigrante, 10h\u00a0&#8211; <a href=\"https:\/\/goo.gl\/RuXPuo\" target=\"_blank\" rel=\"noopener\"><span style=\"color: #0000ff;\"><em>Confirme presen\u00e7a!<\/em><\/span><\/a><\/p>\n<p><strong>RORAIMA<\/strong><br \/>\nBoa Vista: Pra\u00e7a do Centro C\u00edvico, 8h\u00a0&#8211; <a href=\"https:\/\/goo.gl\/HyZe7j\" target=\"_blank\" rel=\"noopener\"><em><span style=\"color: #0000ff;\">Confirme presen\u00e7a!<\/span><\/em><\/a><\/p>\n<p><strong>SANTA CATARINA<\/strong><br \/>\nFlorian\u00f3polis: Largo da Alf\u00e2ndega, 8h\u00a0&#8211; <a href=\"https:\/\/www.facebook.com\/events\/2281302212096450\/\" target=\"_blank\" rel=\"noopener\"><em><span style=\"color: #0000ff;\">Confirme presen\u00e7a!\u00a0<\/span><\/em><\/a><br \/>\nJoinville: Pra\u00e7a da Bandeira, 15h\u00a0&#8211; <a href=\"https:\/\/goo.gl\/svjSGz\" target=\"_blank\" rel=\"noopener\"><span style=\"color: #0000ff;\"><em>Confirme presen\u00e7a!<\/em><\/span><\/a><\/p>\n<p><strong>S\u00c3O PAULO<\/strong><br \/>\nS\u00e3o Paulo: Pra\u00e7a Oswaldo Cruz, 16h\u00a0&#8211; <a href=\"https:\/\/goo.gl\/wSgj1H\" target=\"_blank\" rel=\"noopener\"><em><span style=\"color: #0000ff;\">Confirme presen\u00e7a!<\/span><\/em><\/a><br \/>\nAtibaia e Regi\u00e3o: Pra\u00e7a da Matriz, 17h\u00a0&#8211; <a href=\"https:\/\/goo.gl\/SXngFb\" target=\"_blank\" rel=\"noopener\"><span style=\"color: #0000ff;\"><em>Confirme presen\u00e7a!<\/em><\/span><\/a><br \/>\nCampinas: Largo do Ros\u00e1rio, 17h\u00a0&#8211; <a href=\"https:\/\/goo.gl\/Jz3b5V\" target=\"_blank\" rel=\"noopener\"><span style=\"color: #0000ff;\"><em>Confirme presen\u00e7a!<\/em><\/span><\/a><br \/>\nSorocaba: Pra\u00e7a Coronel Fernando Prestes, 14h\u00a0&#8211; <a href=\"https:\/\/goo.gl\/Fnav7Z\" target=\"_blank\" rel=\"noopener\"><span style=\"color: #0000ff;\"><em>Confirme presen\u00e7a!<\/em><\/span><\/a><\/p>\n<p><strong>TOCANTINS<\/strong><br \/>\nPalmas: Assembleia Legislativa, 8h\u00a0&#8211; <a href=\"https:\/\/goo.gl\/g1NhLN)\" target=\"_blank\" rel=\"noopener\"><span style=\"color: #0000ff;\"><em>Confirme presen\u00e7a!<\/em><\/span><\/a><\/p>\n<p>&nbsp;<\/p>\n","protected":false},"excerpt":{"rendered":"<p>No pr\u00f3ximo 8 de mar\u00e7o, mulheres ocupar\u00e3o as ruas de todo o pa\u00eds contra a viol\u00eancia dom\u00e9stica, a desigualdade salarial, a misoginia, o feminic\u00eddio, a LBTfobia, o racismo e a xenofobia, unificando o combate ao machismo em um movimento feminista internacional. A milit\u00e2ncia do PSOL estar\u00e1 presente nos atos convocados, lutando pela vida das mulheres! [&hellip;]<\/p>\n","protected":false},"author":2,"featured_media":20076,"comment_status":"open","ping_status":"open","sticky":false,"template":"","format":"standard","meta":{"_acf_changed":false,"footnotes":""},"categories":[1882,6],"tags":[2305,294,308,2306,30,4],"class_list":{"0":"post-20063","1":"post","2":"type-post","3":"status-publish","4":"format-standard","5":"has-post-thumbnail","7":"category-brasil","8":"category-noticias","9":"tag-2018m","10":"tag-8-de-marco","11":"tag-8m","12":"tag-agenda-de-atos","13":"tag-feminismo","14":"tag-mulheres"},"acf":[],"yoast_head":"<!-- This site is optimized with the Yoast SEO plugin v26.5 - https:\/\/yoast.com\/wordpress\/plugins\/seo\/ -->\n<title>Confira agenda de atos do 8 de mar\u00e7o em todo o Brasil - PSOL 50<\/title>\n<meta name=\"robots\" content=\"index, follow, max-snippet:-1, max-image-preview:large, max-video-preview:-1\" \/>\n<link rel=\"canonical\" href=\"https:\/\/psol50.org.br\/confira-agenda-de-atos-do-8-de-marco-em-todo-o-brasil\/\" \/>\n<meta property=\"og:locale\" content=\"pt_BR\" \/>\n<meta property=\"og:type\" content=\"article\" \/>\n<meta property=\"og:title\" content=\"Confira agenda de atos do 8 de mar\u00e7o em todo o Brasil - PSOL 50\" \/>\n<meta property=\"og:description\" content=\"No pr\u00f3ximo 8 de mar\u00e7o, mulheres ocupar\u00e3o as ruas de todo o pa\u00eds contra a viol\u00eancia dom\u00e9stica, a desigualdade salarial, a misoginia, o feminic\u00eddio, a LBTfobia, o racismo e a xenofobia, unificando o combate ao machismo em um movimento feminista internacional. A milit\u00e2ncia do PSOL estar\u00e1 presente nos atos convocados, lutando pela vida das mulheres! [&hellip;]\" \/>\n<meta property=\"og:url\" content=\"https:\/\/psol50.org.br\/confira-agenda-de-atos-do-8-de-marco-em-todo-o-brasil\/\" \/>\n<meta property=\"og:site_name\" content=\"PSOL 50\" \/>\n<meta property=\"article:publisher\" content=\"https:\/\/www.facebook.com\/psol50\" \/>\n<meta property=\"article:published_time\" content=\"2018-03-06T15:55:25+00:00\" \/>\n<meta property=\"og:image\" content=\"https:\/\/psol50.org.br\/inc\/uploads\/2018\/03\/2018-03-06-12.54.33.jpg\" \/>\n\t<meta property=\"og:image:width\" content=\"1280\" \/>\n\t<meta property=\"og:image:height\" content=\"853\" \/>\n\t<meta property=\"og:image:type\" content=\"image\/jpeg\" \/>\n<meta name=\"author\" content=\"Comunica\u00e7\u00e3o PSOL\" \/>\n<meta name=\"twitter:card\" content=\"summary_large_image\" \/>\n<meta name=\"twitter:creator\" content=\"@psol50\" \/>\n<meta name=\"twitter:site\" content=\"@psol50\" \/>\n<meta name=\"twitter:label1\" content=\"Escrito por\" \/>\n\t<meta name=\"twitter:data1\" content=\"Comunica\u00e7\u00e3o PSOL\" \/>\n\t<meta name=\"twitter:label2\" content=\"Est. tempo de leitura\" \/>\n\t<meta name=\"twitter:data2\" content=\"3 minutos\" \/>\n<script type=\"application\/ld+json\" class=\"yoast-schema-graph\">{\"@context\":\"https:\/\/schema.org\",\"@graph\":[{\"@type\":\"Article\",\"@id\":\"https:\/\/psol50.org.br\/confira-agenda-de-atos-do-8-de-marco-em-todo-o-brasil\/#article\",\"isPartOf\":{\"@id\":\"https:\/\/psol50.org.br\/confira-agenda-de-atos-do-8-de-marco-em-todo-o-brasil\/\"},\"author\":{\"name\":\"Comunica\u00e7\u00e3o PSOL\",\"@id\":\"https:\/\/psol50.org.br\/#\/schema\/person\/475dfa57d0b815993c714c2e96491fcd\"},\"headline\":\"Confira agenda de atos do 8 de mar\u00e7o em todo o Brasil\",\"datePublished\":\"2018-03-06T15:55:25+00:00\",\"mainEntityOfPage\":{\"@id\":\"https:\/\/psol50.org.br\/confira-agenda-de-atos-do-8-de-marco-em-todo-o-brasil\/\"},\"wordCount\":668,\"commentCount\":0,\"publisher\":{\"@id\":\"https:\/\/psol50.org.br\/#organization\"},\"image\":{\"@id\":\"https:\/\/psol50.org.br\/confira-agenda-de-atos-do-8-de-marco-em-todo-o-brasil\/#primaryimage\"},\"thumbnailUrl\":\"https:\/\/psol50.org.br\/inc\/uploads\/2018\/03\/2018-03-06-12.54.33.jpg\",\"keywords\":[\"2018M\",\"8 de mar\u00e7o\",\"8M\",\"agenda de atos\",\"feminismo\",\"mulheres\"],\"articleSection\":[\"Brasil\",\"Not\u00edcias\"],\"inLanguage\":\"pt-BR\",\"potentialAction\":[{\"@type\":\"CommentAction\",\"name\":\"Comment\",\"target\":[\"https:\/\/psol50.org.br\/confira-agenda-de-atos-do-8-de-marco-em-todo-o-brasil\/#respond\"]}]},{\"@type\":\"WebPage\",\"@id\":\"https:\/\/psol50.org.br\/confira-agenda-de-atos-do-8-de-marco-em-todo-o-brasil\/\",\"url\":\"https:\/\/psol50.org.br\/confira-agenda-de-atos-do-8-de-marco-em-todo-o-brasil\/\",\"name\":\"Confira agenda de atos do 8 de mar\u00e7o em todo o Brasil - PSOL 50\",\"isPartOf\":{\"@id\":\"https:\/\/psol50.org.br\/#website\"},\"primaryImageOfPage\":{\"@id\":\"https:\/\/psol50.org.br\/confira-agenda-de-atos-do-8-de-marco-em-todo-o-brasil\/#primaryimage\"},\"image\":{\"@id\":\"https:\/\/psol50.org.br\/confira-agenda-de-atos-do-8-de-marco-em-todo-o-brasil\/#primaryimage\"},\"thumbnailUrl\":\"https:\/\/psol50.org.br\/inc\/uploads\/2018\/03\/2018-03-06-12.54.33.jpg\",\"datePublished\":\"2018-03-06T15:55:25+00:00\",\"breadcrumb\":{\"@id\":\"https:\/\/psol50.org.br\/confira-agenda-de-atos-do-8-de-marco-em-todo-o-brasil\/#breadcrumb\"},\"inLanguage\":\"pt-BR\",\"potentialAction\":[{\"@type\":\"ReadAction\",\"target\":[\"https:\/\/psol50.org.br\/confira-agenda-de-atos-do-8-de-marco-em-todo-o-brasil\/\"]}]},{\"@type\":\"ImageObject\",\"inLanguage\":\"pt-BR\",\"@id\":\"https:\/\/psol50.org.br\/confira-agenda-de-atos-do-8-de-marco-em-todo-o-brasil\/#primaryimage\",\"url\":\"https:\/\/psol50.org.br\/inc\/uploads\/2018\/03\/2018-03-06-12.54.33.jpg\",\"contentUrl\":\"https:\/\/psol50.org.br\/inc\/uploads\/2018\/03\/2018-03-06-12.54.33.jpg\",\"width\":1280,\"height\":853},{\"@type\":\"BreadcrumbList\",\"@id\":\"https:\/\/psol50.org.br\/confira-agenda-de-atos-do-8-de-marco-em-todo-o-brasil\/#breadcrumb\",\"itemListElement\":[{\"@type\":\"ListItem\",\"position\":1,\"name\":\"In\u00edcio\",\"item\":\"https:\/\/psol50.org.br\/\"},{\"@type\":\"ListItem\",\"position\":2,\"name\":\"Confira agenda de atos do 8 de mar\u00e7o em todo o Brasil\"}]},{\"@type\":\"WebSite\",\"@id\":\"https:\/\/psol50.org.br\/#website\",\"url\":\"https:\/\/psol50.org.br\/\",\"name\":\"PSOL 50\",\"description\":\"Site oficial do Partido Socialismo e Liberdade\",\"publisher\":{\"@id\":\"https:\/\/psol50.org.br\/#organization\"},\"alternateName\":\"PSOL50\",\"potentialAction\":[{\"@type\":\"SearchAction\",\"target\":{\"@type\":\"EntryPoint\",\"urlTemplate\":\"https:\/\/psol50.org.br\/?s={search_term_string}\"},\"query-input\":{\"@type\":\"PropertyValueSpecification\",\"valueRequired\":true,\"valueName\":\"search_term_string\"}}],\"inLanguage\":\"pt-BR\"},{\"@type\":\"Organization\",\"@id\":\"https:\/\/psol50.org.br\/#organization\",\"name\":\"PSOL 50\",\"alternateName\":\"PSOL 50\",\"url\":\"https:\/\/psol50.org.br\/\",\"logo\":{\"@type\":\"ImageObject\",\"inLanguage\":\"pt-BR\",\"@id\":\"https:\/\/psol50.org.br\/#\/schema\/logo\/image\/\",\"url\":\"https:\/\/psol50.org.br\/inc\/uploads\/2018\/07\/capa.png\",\"contentUrl\":\"https:\/\/psol50.org.br\/inc\/uploads\/2018\/07\/capa.png\",\"width\":1350,\"height\":900,\"caption\":\"PSOL 50\"},\"image\":{\"@id\":\"https:\/\/psol50.org.br\/#\/schema\/logo\/image\/\"},\"sameAs\":[\"https:\/\/www.facebook.com\/psol50\",\"https:\/\/x.com\/psol50\",\"https:\/\/www.instagram.com\/psol50\/\",\"https:\/\/www.youtube.com\/channel\/UC7SnJS5o1os7a6CaiNabzcg\"]},{\"@type\":\"Person\",\"@id\":\"https:\/\/psol50.org.br\/#\/schema\/person\/475dfa57d0b815993c714c2e96491fcd\",\"name\":\"Comunica\u00e7\u00e3o PSOL\",\"image\":{\"@type\":\"ImageObject\",\"inLanguage\":\"pt-BR\",\"@id\":\"https:\/\/psol50.org.br\/#\/schema\/person\/image\/\",\"url\":\"https:\/\/secure.gravatar.com\/avatar\/b34fc4f4e468a4e51785917065a3db57b841f5c95dba6ad8c73aaf8f66f8f9bf?s=96&d=mm&r=g\",\"contentUrl\":\"https:\/\/secure.gravatar.com\/avatar\/b34fc4f4e468a4e51785917065a3db57b841f5c95dba6ad8c73aaf8f66f8f9bf?s=96&d=mm&r=g\",\"caption\":\"Comunica\u00e7\u00e3o PSOL\"}}]}<\/script>\n<!-- \/ Yoast SEO plugin. -->","yoast_head_json":{"title":"Confira agenda de atos do 8 de mar\u00e7o em todo o Brasil - PSOL 50","robots":{"index":"index","follow":"follow","max-snippet":"max-snippet:-1","max-image-preview":"max-image-preview:large","max-video-preview":"max-video-preview:-1"},"canonical":"https:\/\/psol50.org.br\/confira-agenda-de-atos-do-8-de-marco-em-todo-o-brasil\/","og_locale":"pt_BR","og_type":"article","og_title":"Confira agenda de atos do 8 de mar\u00e7o em todo o Brasil - PSOL 50","og_description":"No pr\u00f3ximo 8 de mar\u00e7o, mulheres ocupar\u00e3o as ruas de todo o pa\u00eds contra a viol\u00eancia dom\u00e9stica, a desigualdade salarial, a misoginia, o feminic\u00eddio, a LBTfobia, o racismo e a xenofobia, unificando o combate ao machismo em um movimento feminista internacional. A milit\u00e2ncia do PSOL estar\u00e1 presente nos atos convocados, lutando pela vida das mulheres! [&hellip;]","og_url":"https:\/\/psol50.org.br\/confira-agenda-de-atos-do-8-de-marco-em-todo-o-brasil\/","og_site_name":"PSOL 50","article_publisher":"https:\/\/www.facebook.com\/psol50","article_published_time":"2018-03-06T15:55:25+00:00","og_image":[{"width":1280,"height":853,"url":"https:\/\/psol50.org.br\/inc\/uploads\/2018\/03\/2018-03-06-12.54.33.jpg","type":"image\/jpeg"}],"author":"Comunica\u00e7\u00e3o PSOL","twitter_card":"summary_large_image","twitter_creator":"@psol50","twitter_site":"@psol50","twitter_misc":{"Escrito por":"Comunica\u00e7\u00e3o PSOL","Est. tempo de leitura":"3 minutos"},"schema":{"@context":"https:\/\/schema.org","@graph":[{"@type":"Article","@id":"https:\/\/psol50.org.br\/confira-agenda-de-atos-do-8-de-marco-em-todo-o-brasil\/#article","isPartOf":{"@id":"https:\/\/psol50.org.br\/confira-agenda-de-atos-do-8-de-marco-em-todo-o-brasil\/"},"author":{"name":"Comunica\u00e7\u00e3o PSOL","@id":"https:\/\/psol50.org.br\/#\/schema\/person\/475dfa57d0b815993c714c2e96491fcd"},"headline":"Confira agenda de atos do 8 de mar\u00e7o em todo o Brasil","datePublished":"2018-03-06T15:55:25+00:00","mainEntityOfPage":{"@id":"https:\/\/psol50.org.br\/confira-agenda-de-atos-do-8-de-marco-em-todo-o-brasil\/"},"wordCount":668,"commentCount":0,"publisher":{"@id":"https:\/\/psol50.org.br\/#organization"},"image":{"@id":"https:\/\/psol50.org.br\/confira-agenda-de-atos-do-8-de-marco-em-todo-o-brasil\/#primaryimage"},"thumbnailUrl":"https:\/\/psol50.org.br\/inc\/uploads\/2018\/03\/2018-03-06-12.54.33.jpg","keywords":["2018M","8 de mar\u00e7o","8M","agenda de atos","feminismo","mulheres"],"articleSection":["Brasil","Not\u00edcias"],"inLanguage":"pt-BR","potentialAction":[{"@type":"CommentAction","name":"Comment","target":["https:\/\/psol50.org.br\/confira-agenda-de-atos-do-8-de-marco-em-todo-o-brasil\/#respond"]}]},{"@type":"WebPage","@id":"https:\/\/psol50.org.br\/confira-agenda-de-atos-do-8-de-marco-em-todo-o-brasil\/","url":"https:\/\/psol50.org.br\/confira-agenda-de-atos-do-8-de-marco-em-todo-o-brasil\/","name":"Confira agenda de atos do 8 de mar\u00e7o em todo o Brasil - PSOL 50","isPartOf":{"@id":"https:\/\/psol50.org.br\/#website"},"primaryImageOfPage":{"@id":"https:\/\/psol50.org.br\/confira-agenda-de-atos-do-8-de-marco-em-todo-o-brasil\/#primaryimage"},"image":{"@id":"https:\/\/psol50.org.br\/confira-agenda-de-atos-do-8-de-marco-em-todo-o-brasil\/#primaryimage"},"thumbnailUrl":"https:\/\/psol50.org.br\/inc\/uploads\/2018\/03\/2018-03-06-12.54.33.jpg","datePublished":"2018-03-06T15:55:25+00:00","breadcrumb":{"@id":"https:\/\/psol50.org.br\/confira-agenda-de-atos-do-8-de-marco-em-todo-o-brasil\/#breadcrumb"},"inLanguage":"pt-BR","potentialAction":[{"@type":"ReadAction","target":["https:\/\/psol50.org.br\/confira-agenda-de-atos-do-8-de-marco-em-todo-o-brasil\/"]}]},{"@type":"ImageObject","inLanguage":"pt-BR","@id":"https:\/\/psol50.org.br\/confira-agenda-de-atos-do-8-de-marco-em-todo-o-brasil\/#primaryimage","url":"https:\/\/psol50.org.br\/inc\/uploads\/2018\/03\/2018-03-06-12.54.33.jpg","contentUrl":"https:\/\/psol50.org.br\/inc\/uploads\/2018\/03\/2018-03-06-12.54.33.jpg","width":1280,"height":853},{"@type":"BreadcrumbList","@id":"https:\/\/psol50.org.br\/confira-agenda-de-atos-do-8-de-marco-em-todo-o-brasil\/#breadcrumb","itemListElement":[{"@type":"ListItem","position":1,"name":"In\u00edcio","item":"https:\/\/psol50.org.br\/"},{"@type":"ListItem","position":2,"name":"Confira agenda de atos do 8 de mar\u00e7o em todo o Brasil"}]},{"@type":"WebSite","@id":"https:\/\/psol50.org.br\/#website","url":"https:\/\/psol50.org.br\/","name":"PSOL 50","description":"Site oficial do Partido Socialismo e Liberdade","publisher":{"@id":"https:\/\/psol50.org.br\/#organization"},"alternateName":"PSOL50","potentialAction":[{"@type":"SearchAction","target":{"@type":"EntryPoint","urlTemplate":"https:\/\/psol50.org.br\/?s={search_term_string}"},"query-input":{"@type":"PropertyValueSpecification","valueRequired":true,"valueName":"search_term_string"}}],"inLanguage":"pt-BR"},{"@type":"Organization","@id":"https:\/\/psol50.org.br\/#organization","name":"PSOL 50","alternateName":"PSOL 50","url":"https:\/\/psol50.org.br\/","logo":{"@type":"ImageObject","inLanguage":"pt-BR","@id":"https:\/\/psol50.org.br\/#\/schema\/logo\/image\/","url":"https:\/\/psol50.org.br\/inc\/uploads\/2018\/07\/capa.png","contentUrl":"https:\/\/psol50.org.br\/inc\/uploads\/2018\/07\/capa.png","width":1350,"height":900,"caption":"PSOL 50"},"image":{"@id":"https:\/\/psol50.org.br\/#\/schema\/logo\/image\/"},"sameAs":["https:\/\/www.facebook.com\/psol50","https:\/\/x.com\/psol50","https:\/\/www.instagram.com\/psol50\/","https:\/\/www.youtube.com\/channel\/UC7SnJS5o1os7a6CaiNabzcg"]},{"@type":"Person","@id":"https:\/\/psol50.org.br\/#\/schema\/person\/475dfa57d0b815993c714c2e96491fcd","name":"Comunica\u00e7\u00e3o PSOL","image":{"@type":"ImageObject","inLanguage":"pt-BR","@id":"https:\/\/psol50.org.br\/#\/schema\/person\/image\/","url":"https:\/\/secure.gravatar.com\/avatar\/b34fc4f4e468a4e51785917065a3db57b841f5c95dba6ad8c73aaf8f66f8f9bf?s=96&d=mm&r=g","contentUrl":"https:\/\/secure.gravatar.com\/avatar\/b34fc4f4e468a4e51785917065a3db57b841f5c95dba6ad8c73aaf8f66f8f9bf?s=96&d=mm&r=g","caption":"Comunica\u00e7\u00e3o PSOL"}}]}},"_links":{"self":[{"href":"https:\/\/psol50.org.br\/rest\/wp\/v2\/posts\/20063","targetHints":{"allow":["GET"]}}],"collection":[{"href":"https:\/\/psol50.org.br\/rest\/wp\/v2\/posts"}],"about":[{"href":"https:\/\/psol50.org.br\/rest\/wp\/v2\/types\/post"}],"author":[{"embeddable":true,"href":"https:\/\/psol50.org.br\/rest\/wp\/v2\/users\/2"}],"replies":[{"embeddable":true,"href":"https:\/\/psol50.org.br\/rest\/wp\/v2\/comments?post=20063"}],"version-history":[{"count":0,"href":"https:\/\/psol50.org.br\/rest\/wp\/v2\/posts\/20063\/revisions"}],"wp:featuredmedia":[{"embeddable":true,"href":"https:\/\/psol50.org.br\/rest\/wp\/v2\/media\/20076"}],"wp:attachment":[{"href":"https:\/\/psol50.org.br\/rest\/wp\/v2\/media?parent=20063"}],"wp:term":[{"taxonomy":"category","embeddable":true,"href":"https:\/\/psol50.org.br\/rest\/wp\/v2\/categories?post=20063"},{"taxonomy":"post_tag","embeddable":true,"href":"https:\/\/psol50.org.br\/rest\/wp\/v2\/tags?post=20063"}],"curies":[{"name":"wp","href":"https:\/\/api.w.org\/{rel}","templated":true}]}}