{"id":20066,"date":"2018-03-06T12:43:11","date_gmt":"2018-03-06T15:43:11","guid":{"rendered":"http:\/\/www.psol50.org.br\/?p=20066"},"modified":"2018-03-06T12:43:11","modified_gmt":"2018-03-06T15:43:11","slug":"psol-se-prepara-para-a-conferencia-eleitoral","status":"publish","type":"post","link":"https:\/\/psol50.org.br\/psol-se-prepara-para-a-conferencia-eleitoral\/","title":{"rendered":"PSOL se prepara para a Confer\u00eancia Eleitoral"},"content":{"rendered":"<p>No pr\u00f3ximo s\u00e1bado (10\/03), o PSOL decidir\u00e1, em Confer\u00eancia Eleitoral, em S\u00e3o Paulo, o nome que representar\u00e1 o partido na disputa \u00e0 Presid\u00eancia da Rep\u00fablica, nas elei\u00e7\u00f5es de outubro deste ano. Convocada pela Executiva Nacional do partido, ap\u00f3s reuni\u00e3o no dia 13 de janeiro, a Confer\u00eancia ser\u00e1 formada por 126 delegados e delegadas, com representa\u00e7\u00e3o proporcional ao Diret\u00f3rio Nacional do partido.<\/p>\n<p>Desde o dia 22 de janeiro o PSOL recebeu inscri\u00e7\u00f5es oficiais das pr\u00e9-candidaturas que ir\u00e3o se apresentar na Confer\u00eancia. Foram inscritos cinco nomes\u00a0<a href=\"http:\/\/www.psol50.org.br\/apresentacao-de-pre-candidatura-plinio-de-arruda-sampaio-jr\/\" target=\"_blank\" rel=\"noopener\"><span style=\"color: #0000ff;\"><strong>Pl\u00ednio de Arruda Sampaio Jr<\/strong>.<\/span><\/a>, <a href=\"http:\/\/www.psol50.org.br\/apresentacao-de-pre-candidatura-nildo-ouriques\/\" target=\"_blank\" rel=\"noopener\"><strong><span style=\"color: #0000ff;\">Nildo Ouriques<\/span><\/strong><\/a>, <a href=\"http:\/\/www.psol50.org.br\/apresentacao-de-pre-candidatura-sonia-guajajara\/\" target=\"_blank\" rel=\"noopener\"><strong><span style=\"color: #0000ff;\">S\u00f4nia Guajajara<\/span><\/strong><\/a>,\u00a0<a href=\"http:\/\/www.psol50.org.br\/apresentacao-de-pre-candidatura-hamilton-assis\/\" target=\"_blank\" rel=\"noopener\"><strong><span style=\"color: #0000ff;\">Hamilton Assis<\/span><\/strong><\/a> e <a href=\"http:\/\/www.psol50.org.br\/apresentacao-de-pre-candidatura-guilherme-boulos\/\" target=\"_blank\" rel=\"noopener\"><span style=\"color: #0000ff;\"><strong>Guilherme Boulos<\/strong><\/span><\/a>. Cada uma apresentar\u00e1 sua proposta para ser debatida entre a milit\u00e2ncia presente.<\/p>\n<p>A Confer\u00eancia ser\u00e1 conduzida pelo presidente nacional do partido, Juliano Medeiros, e contar\u00e1, tamb\u00e9m, com as presen\u00e7as de parlamentares, como os deputados federais Ivan Valente (SP), Chico Alencar (RJ), e Edmilson Rodrigues (PA), e dirigentes nacionais do partido.<\/p>\n<p><a href=\"http:\/\/www.psol50.org.br\/psol-fara-conferencia-eleitoral-em-marco-para-decidir-candidatura-a-presidencia\/\" target=\"_blank\" rel=\"noopener\"><strong><span style=\"color: #0000ff;\">Confira a resolu\u00e7\u00e3o sobre a Confer\u00eancia Eleitoral, aprovada pela Executiva Nacional do PSOL<\/span><\/strong><\/a>.<\/p>\n","protected":false},"excerpt":{"rendered":"<p>No pr\u00f3ximo s\u00e1bado (10\/03), o PSOL decidir\u00e1, em Confer\u00eancia Eleitoral, em S\u00e3o Paulo, o nome que representar\u00e1 o partido na disputa \u00e0 Presid\u00eancia da Rep\u00fablica, nas elei\u00e7\u00f5es de outubro deste ano. Convocada pela Executiva Nacional do partido, ap\u00f3s reuni\u00e3o no dia 13 de janeiro, a Confer\u00eancia ser\u00e1 formada por 126 delegados e delegadas, com representa\u00e7\u00e3o [&hellip;]<\/p>\n","protected":false},"author":2,"featured_media":20069,"comment_status":"open","ping_status":"open","sticky":false,"template":"","format":"standard","meta":{"_acf_changed":false,"footnotes":""},"categories":[1882,6,14],"tags":[2166,242,977,2307,259,2308,2309,1137,2310,22,1170],"class_list":{"0":"post-20066","1":"post","2":"type-post","3":"status-publish","4":"format-standard","5":"has-post-thumbnail","7":"category-brasil","8":"category-noticias","9":"category-partido","10":"tag-conferencia-eleitoral","11":"tag-executiva-nacional-do-psol","12":"tag-guilherme-boulos","13":"tag-hamilton-assis","14":"tag-juliano-medeiros","15":"tag-nildo-ouriques","16":"tag-plinio-de-arruda-sampaio-jr","17":"tag-pre-candidaturas","18":"tag-presidencia-da-republica","19":"tag-psol","20":"tag-sonia-guajajara"},"acf":[],"yoast_head":"<!-- This site is optimized with the Yoast SEO plugin v26.5 - https:\/\/yoast.com\/wordpress\/plugins\/seo\/ -->\n<title>PSOL se prepara para a Confer\u00eancia Eleitoral - PSOL 50<\/title>\n<meta name=\"robots\" content=\"index, follow, max-snippet:-1, max-image-preview:large, max-video-preview:-1\" \/>\n<link rel=\"canonical\" href=\"https:\/\/psol50.org.br\/psol-se-prepara-para-a-conferencia-eleitoral\/\" \/>\n<meta property=\"og:locale\" content=\"pt_BR\" \/>\n<meta property=\"og:type\" content=\"article\" \/>\n<meta property=\"og:title\" content=\"PSOL se prepara para a Confer\u00eancia Eleitoral - PSOL 50\" \/>\n<meta property=\"og:description\" content=\"No pr\u00f3ximo s\u00e1bado (10\/03), o PSOL decidir\u00e1, em Confer\u00eancia Eleitoral, em S\u00e3o Paulo, o nome que representar\u00e1 o partido na disputa \u00e0 Presid\u00eancia da Rep\u00fablica, nas elei\u00e7\u00f5es de outubro deste ano. Convocada pela Executiva Nacional do partido, ap\u00f3s reuni\u00e3o no dia 13 de janeiro, a Confer\u00eancia ser\u00e1 formada por 126 delegados e delegadas, com representa\u00e7\u00e3o [&hellip;]\" \/>\n<meta property=\"og:url\" content=\"https:\/\/psol50.org.br\/psol-se-prepara-para-a-conferencia-eleitoral\/\" \/>\n<meta property=\"og:site_name\" content=\"PSOL 50\" \/>\n<meta property=\"article:publisher\" content=\"https:\/\/www.facebook.com\/psol50\" \/>\n<meta property=\"article:published_time\" content=\"2018-03-06T15:43:11+00:00\" \/>\n<meta property=\"og:image\" content=\"https:\/\/psol50.org.br\/inc\/uploads\/2018\/03\/carrossel_conferencia.jpg\" \/>\n\t<meta property=\"og:image:width\" content=\"1280\" \/>\n\t<meta property=\"og:image:height\" content=\"853\" \/>\n\t<meta property=\"og:image:type\" content=\"image\/jpeg\" \/>\n<meta name=\"author\" content=\"Comunica\u00e7\u00e3o PSOL\" \/>\n<meta name=\"twitter:card\" content=\"summary_large_image\" \/>\n<meta name=\"twitter:creator\" content=\"@psol50\" \/>\n<meta name=\"twitter:site\" content=\"@psol50\" \/>\n<meta name=\"twitter:label1\" content=\"Escrito por\" \/>\n\t<meta name=\"twitter:data1\" content=\"Comunica\u00e7\u00e3o PSOL\" \/>\n\t<meta name=\"twitter:label2\" content=\"Est. tempo de leitura\" \/>\n\t<meta name=\"twitter:data2\" content=\"1 minuto\" \/>\n<script type=\"application\/ld+json\" class=\"yoast-schema-graph\">{\"@context\":\"https:\/\/schema.org\",\"@graph\":[{\"@type\":\"Article\",\"@id\":\"https:\/\/psol50.org.br\/psol-se-prepara-para-a-conferencia-eleitoral\/#article\",\"isPartOf\":{\"@id\":\"https:\/\/psol50.org.br\/psol-se-prepara-para-a-conferencia-eleitoral\/\"},\"author\":{\"name\":\"Comunica\u00e7\u00e3o PSOL\",\"@id\":\"https:\/\/psol50.org.br\/#\/schema\/person\/475dfa57d0b815993c714c2e96491fcd\"},\"headline\":\"PSOL se prepara para a Confer\u00eancia Eleitoral\",\"datePublished\":\"2018-03-06T15:43:11+00:00\",\"mainEntityOfPage\":{\"@id\":\"https:\/\/psol50.org.br\/psol-se-prepara-para-a-conferencia-eleitoral\/\"},\"wordCount\":188,\"commentCount\":0,\"publisher\":{\"@id\":\"https:\/\/psol50.org.br\/#organization\"},\"image\":{\"@id\":\"https:\/\/psol50.org.br\/psol-se-prepara-para-a-conferencia-eleitoral\/#primaryimage\"},\"thumbnailUrl\":\"https:\/\/psol50.org.br\/inc\/uploads\/2018\/03\/carrossel_conferencia.jpg\",\"keywords\":[\"confer\u00eancia eleitoral\",\"Executiva Nacional do PSOL\",\"Guilherme Boulos\",\"Hamilton Assis\",\"Juliano Medeiros\",\"Nildo Ouriques\",\"Pl\u00ednio de Arruda Sampaio Jr.\",\"pr\u00e9-candidaturas\",\"Presid\u00eancia da Rep\u00fablica\",\"PSOL\",\"S\u00f4nia Guajajara\"],\"articleSection\":[\"Brasil\",\"Not\u00edcias\",\"Partido\"],\"inLanguage\":\"pt-BR\",\"potentialAction\":[{\"@type\":\"CommentAction\",\"name\":\"Comment\",\"target\":[\"https:\/\/psol50.org.br\/psol-se-prepara-para-a-conferencia-eleitoral\/#respond\"]}]},{\"@type\":\"WebPage\",\"@id\":\"https:\/\/psol50.org.br\/psol-se-prepara-para-a-conferencia-eleitoral\/\",\"url\":\"https:\/\/psol50.org.br\/psol-se-prepara-para-a-conferencia-eleitoral\/\",\"name\":\"PSOL se prepara para a Confer\u00eancia Eleitoral - PSOL 50\",\"isPartOf\":{\"@id\":\"https:\/\/psol50.org.br\/#website\"},\"primaryImageOfPage\":{\"@id\":\"https:\/\/psol50.org.br\/psol-se-prepara-para-a-conferencia-eleitoral\/#primaryimage\"},\"image\":{\"@id\":\"https:\/\/psol50.org.br\/psol-se-prepara-para-a-conferencia-eleitoral\/#primaryimage\"},\"thumbnailUrl\":\"https:\/\/psol50.org.br\/inc\/uploads\/2018\/03\/carrossel_conferencia.jpg\",\"datePublished\":\"2018-03-06T15:43:11+00:00\",\"breadcrumb\":{\"@id\":\"https:\/\/psol50.org.br\/psol-se-prepara-para-a-conferencia-eleitoral\/#breadcrumb\"},\"inLanguage\":\"pt-BR\",\"potentialAction\":[{\"@type\":\"ReadAction\",\"target\":[\"https:\/\/psol50.org.br\/psol-se-prepara-para-a-conferencia-eleitoral\/\"]}]},{\"@type\":\"ImageObject\",\"inLanguage\":\"pt-BR\",\"@id\":\"https:\/\/psol50.org.br\/psol-se-prepara-para-a-conferencia-eleitoral\/#primaryimage\",\"url\":\"https:\/\/psol50.org.br\/inc\/uploads\/2018\/03\/carrossel_conferencia.jpg\",\"contentUrl\":\"https:\/\/psol50.org.br\/inc\/uploads\/2018\/03\/carrossel_conferencia.jpg\",\"width\":1280,\"height\":853},{\"@type\":\"BreadcrumbList\",\"@id\":\"https:\/\/psol50.org.br\/psol-se-prepara-para-a-conferencia-eleitoral\/#breadcrumb\",\"itemListElement\":[{\"@type\":\"ListItem\",\"position\":1,\"name\":\"In\u00edcio\",\"item\":\"https:\/\/psol50.org.br\/\"},{\"@type\":\"ListItem\",\"position\":2,\"name\":\"PSOL se prepara para a Confer\u00eancia Eleitoral\"}]},{\"@type\":\"WebSite\",\"@id\":\"https:\/\/psol50.org.br\/#website\",\"url\":\"https:\/\/psol50.org.br\/\",\"name\":\"PSOL 50\",\"description\":\"Site oficial do Partido Socialismo e Liberdade\",\"publisher\":{\"@id\":\"https:\/\/psol50.org.br\/#organization\"},\"alternateName\":\"PSOL50\",\"potentialAction\":[{\"@type\":\"SearchAction\",\"target\":{\"@type\":\"EntryPoint\",\"urlTemplate\":\"https:\/\/psol50.org.br\/?s={search_term_string}\"},\"query-input\":{\"@type\":\"PropertyValueSpecification\",\"valueRequired\":true,\"valueName\":\"search_term_string\"}}],\"inLanguage\":\"pt-BR\"},{\"@type\":\"Organization\",\"@id\":\"https:\/\/psol50.org.br\/#organization\",\"name\":\"PSOL 50\",\"alternateName\":\"PSOL 50\",\"url\":\"https:\/\/psol50.org.br\/\",\"logo\":{\"@type\":\"ImageObject\",\"inLanguage\":\"pt-BR\",\"@id\":\"https:\/\/psol50.org.br\/#\/schema\/logo\/image\/\",\"url\":\"https:\/\/psol50.org.br\/inc\/uploads\/2018\/07\/capa.png\",\"contentUrl\":\"https:\/\/psol50.org.br\/inc\/uploads\/2018\/07\/capa.png\",\"width\":1350,\"height\":900,\"caption\":\"PSOL 50\"},\"image\":{\"@id\":\"https:\/\/psol50.org.br\/#\/schema\/logo\/image\/\"},\"sameAs\":[\"https:\/\/www.facebook.com\/psol50\",\"https:\/\/x.com\/psol50\",\"https:\/\/www.instagram.com\/psol50\/\",\"https:\/\/www.youtube.com\/channel\/UC7SnJS5o1os7a6CaiNabzcg\"]},{\"@type\":\"Person\",\"@id\":\"https:\/\/psol50.org.br\/#\/schema\/person\/475dfa57d0b815993c714c2e96491fcd\",\"name\":\"Comunica\u00e7\u00e3o PSOL\",\"image\":{\"@type\":\"ImageObject\",\"inLanguage\":\"pt-BR\",\"@id\":\"https:\/\/psol50.org.br\/#\/schema\/person\/image\/\",\"url\":\"https:\/\/secure.gravatar.com\/avatar\/b34fc4f4e468a4e51785917065a3db57b841f5c95dba6ad8c73aaf8f66f8f9bf?s=96&d=mm&r=g\",\"contentUrl\":\"https:\/\/secure.gravatar.com\/avatar\/b34fc4f4e468a4e51785917065a3db57b841f5c95dba6ad8c73aaf8f66f8f9bf?s=96&d=mm&r=g\",\"caption\":\"Comunica\u00e7\u00e3o PSOL\"}}]}<\/script>\n<!-- \/ Yoast SEO plugin. -->","yoast_head_json":{"title":"PSOL se prepara para a Confer\u00eancia Eleitoral - PSOL 50","robots":{"index":"index","follow":"follow","max-snippet":"max-snippet:-1","max-image-preview":"max-image-preview:large","max-video-preview":"max-video-preview:-1"},"canonical":"https:\/\/psol50.org.br\/psol-se-prepara-para-a-conferencia-eleitoral\/","og_locale":"pt_BR","og_type":"article","og_title":"PSOL se prepara para a Confer\u00eancia Eleitoral - PSOL 50","og_description":"No pr\u00f3ximo s\u00e1bado (10\/03), o PSOL decidir\u00e1, em Confer\u00eancia Eleitoral, em S\u00e3o Paulo, o nome que representar\u00e1 o partido na disputa \u00e0 Presid\u00eancia da Rep\u00fablica, nas elei\u00e7\u00f5es de outubro deste ano. Convocada pela Executiva Nacional do partido, ap\u00f3s reuni\u00e3o no dia 13 de janeiro, a Confer\u00eancia ser\u00e1 formada por 126 delegados e delegadas, com representa\u00e7\u00e3o [&hellip;]","og_url":"https:\/\/psol50.org.br\/psol-se-prepara-para-a-conferencia-eleitoral\/","og_site_name":"PSOL 50","article_publisher":"https:\/\/www.facebook.com\/psol50","article_published_time":"2018-03-06T15:43:11+00:00","og_image":[{"width":1280,"height":853,"url":"https:\/\/psol50.org.br\/inc\/uploads\/2018\/03\/carrossel_conferencia.jpg","type":"image\/jpeg"}],"author":"Comunica\u00e7\u00e3o PSOL","twitter_card":"summary_large_image","twitter_creator":"@psol50","twitter_site":"@psol50","twitter_misc":{"Escrito por":"Comunica\u00e7\u00e3o PSOL","Est. tempo de leitura":"1 minuto"},"schema":{"@context":"https:\/\/schema.org","@graph":[{"@type":"Article","@id":"https:\/\/psol50.org.br\/psol-se-prepara-para-a-conferencia-eleitoral\/#article","isPartOf":{"@id":"https:\/\/psol50.org.br\/psol-se-prepara-para-a-conferencia-eleitoral\/"},"author":{"name":"Comunica\u00e7\u00e3o PSOL","@id":"https:\/\/psol50.org.br\/#\/schema\/person\/475dfa57d0b815993c714c2e96491fcd"},"headline":"PSOL se prepara para a Confer\u00eancia Eleitoral","datePublished":"2018-03-06T15:43:11+00:00","mainEntityOfPage":{"@id":"https:\/\/psol50.org.br\/psol-se-prepara-para-a-conferencia-eleitoral\/"},"wordCount":188,"commentCount":0,"publisher":{"@id":"https:\/\/psol50.org.br\/#organization"},"image":{"@id":"https:\/\/psol50.org.br\/psol-se-prepara-para-a-conferencia-eleitoral\/#primaryimage"},"thumbnailUrl":"https:\/\/psol50.org.br\/inc\/uploads\/2018\/03\/carrossel_conferencia.jpg","keywords":["confer\u00eancia eleitoral","Executiva Nacional do PSOL","Guilherme Boulos","Hamilton Assis","Juliano Medeiros","Nildo Ouriques","Pl\u00ednio de Arruda Sampaio Jr.","pr\u00e9-candidaturas","Presid\u00eancia da Rep\u00fablica","PSOL","S\u00f4nia Guajajara"],"articleSection":["Brasil","Not\u00edcias","Partido"],"inLanguage":"pt-BR","potentialAction":[{"@type":"CommentAction","name":"Comment","target":["https:\/\/psol50.org.br\/psol-se-prepara-para-a-conferencia-eleitoral\/#respond"]}]},{"@type":"WebPage","@id":"https:\/\/psol50.org.br\/psol-se-prepara-para-a-conferencia-eleitoral\/","url":"https:\/\/psol50.org.br\/psol-se-prepara-para-a-conferencia-eleitoral\/","name":"PSOL se prepara para a Confer\u00eancia Eleitoral - PSOL 50","isPartOf":{"@id":"https:\/\/psol50.org.br\/#website"},"primaryImageOfPage":{"@id":"https:\/\/psol50.org.br\/psol-se-prepara-para-a-conferencia-eleitoral\/#primaryimage"},"image":{"@id":"https:\/\/psol50.org.br\/psol-se-prepara-para-a-conferencia-eleitoral\/#primaryimage"},"thumbnailUrl":"https:\/\/psol50.org.br\/inc\/uploads\/2018\/03\/carrossel_conferencia.jpg","datePublished":"2018-03-06T15:43:11+00:00","breadcrumb":{"@id":"https:\/\/psol50.org.br\/psol-se-prepara-para-a-conferencia-eleitoral\/#breadcrumb"},"inLanguage":"pt-BR","potentialAction":[{"@type":"ReadAction","target":["https:\/\/psol50.org.br\/psol-se-prepara-para-a-conferencia-eleitoral\/"]}]},{"@type":"ImageObject","inLanguage":"pt-BR","@id":"https:\/\/psol50.org.br\/psol-se-prepara-para-a-conferencia-eleitoral\/#primaryimage","url":"https:\/\/psol50.org.br\/inc\/uploads\/2018\/03\/carrossel_conferencia.jpg","contentUrl":"https:\/\/psol50.org.br\/inc\/uploads\/2018\/03\/carrossel_conferencia.jpg","width":1280,"height":853},{"@type":"BreadcrumbList","@id":"https:\/\/psol50.org.br\/psol-se-prepara-para-a-conferencia-eleitoral\/#breadcrumb","itemListElement":[{"@type":"ListItem","position":1,"name":"In\u00edcio","item":"https:\/\/psol50.org.br\/"},{"@type":"ListItem","position":2,"name":"PSOL se prepara para a Confer\u00eancia Eleitoral"}]},{"@type":"WebSite","@id":"https:\/\/psol50.org.br\/#website","url":"https:\/\/psol50.org.br\/","name":"PSOL 50","description":"Site oficial do Partido Socialismo e Liberdade","publisher":{"@id":"https:\/\/psol50.org.br\/#organization"},"alternateName":"PSOL50","potentialAction":[{"@type":"SearchAction","target":{"@type":"EntryPoint","urlTemplate":"https:\/\/psol50.org.br\/?s={search_term_string}"},"query-input":{"@type":"PropertyValueSpecification","valueRequired":true,"valueName":"search_term_string"}}],"inLanguage":"pt-BR"},{"@type":"Organization","@id":"https:\/\/psol50.org.br\/#organization","name":"PSOL 50","alternateName":"PSOL 50","url":"https:\/\/psol50.org.br\/","logo":{"@type":"ImageObject","inLanguage":"pt-BR","@id":"https:\/\/psol50.org.br\/#\/schema\/logo\/image\/","url":"https:\/\/psol50.org.br\/inc\/uploads\/2018\/07\/capa.png","contentUrl":"https:\/\/psol50.org.br\/inc\/uploads\/2018\/07\/capa.png","width":1350,"height":900,"caption":"PSOL 50"},"image":{"@id":"https:\/\/psol50.org.br\/#\/schema\/logo\/image\/"},"sameAs":["https:\/\/www.facebook.com\/psol50","https:\/\/x.com\/psol50","https:\/\/www.instagram.com\/psol50\/","https:\/\/www.youtube.com\/channel\/UC7SnJS5o1os7a6CaiNabzcg"]},{"@type":"Person","@id":"https:\/\/psol50.org.br\/#\/schema\/person\/475dfa57d0b815993c714c2e96491fcd","name":"Comunica\u00e7\u00e3o PSOL","image":{"@type":"ImageObject","inLanguage":"pt-BR","@id":"https:\/\/psol50.org.br\/#\/schema\/person\/image\/","url":"https:\/\/secure.gravatar.com\/avatar\/b34fc4f4e468a4e51785917065a3db57b841f5c95dba6ad8c73aaf8f66f8f9bf?s=96&d=mm&r=g","contentUrl":"https:\/\/secure.gravatar.com\/avatar\/b34fc4f4e468a4e51785917065a3db57b841f5c95dba6ad8c73aaf8f66f8f9bf?s=96&d=mm&r=g","caption":"Comunica\u00e7\u00e3o PSOL"}}]}},"_links":{"self":[{"href":"https:\/\/psol50.org.br\/rest\/wp\/v2\/posts\/20066","targetHints":{"allow":["GET"]}}],"collection":[{"href":"https:\/\/psol50.org.br\/rest\/wp\/v2\/posts"}],"about":[{"href":"https:\/\/psol50.org.br\/rest\/wp\/v2\/types\/post"}],"author":[{"embeddable":true,"href":"https:\/\/psol50.org.br\/rest\/wp\/v2\/users\/2"}],"replies":[{"embeddable":true,"href":"https:\/\/psol50.org.br\/rest\/wp\/v2\/comments?post=20066"}],"version-history":[{"count":0,"href":"https:\/\/psol50.org.br\/rest\/wp\/v2\/posts\/20066\/revisions"}],"wp:featuredmedia":[{"embeddable":true,"href":"https:\/\/psol50.org.br\/rest\/wp\/v2\/media\/20069"}],"wp:attachment":[{"href":"https:\/\/psol50.org.br\/rest\/wp\/v2\/media?parent=20066"}],"wp:term":[{"taxonomy":"category","embeddable":true,"href":"https:\/\/psol50.org.br\/rest\/wp\/v2\/categories?post=20066"},{"taxonomy":"post_tag","embeddable":true,"href":"https:\/\/psol50.org.br\/rest\/wp\/v2\/tags?post=20066"}],"curies":[{"name":"wp","href":"https:\/\/api.w.org\/{rel}","templated":true}]}}