{"id":2007,"date":"2013-05-23T00:00:00","date_gmt":"2013-05-23T00:00:00","guid":{"rendered":"http:\/\/psol50.org.br\/arquivo\/2013\/05\/23\/requerimentos-de-chico-alencar-cobram-informacoes-do-governo-federal-sobre-fatos-da-epoca-da-ditadura-militar\/"},"modified":"2013-05-23T00:00:00","modified_gmt":"2013-05-23T00:00:00","slug":"requerimentos-de-chico-alencar-cobram-informacoes-do-governo-federal-sobre-fatos-da-epoca-da-ditadura-militar","status":"publish","type":"post","link":"https:\/\/psol50.org.br\/requerimentos-de-chico-alencar-cobram-informacoes-do-governo-federal-sobre-fatos-da-epoca-da-ditadura-militar\/","title":{"rendered":"Requerimentos de Chico Alencar cobram informa\u00e7\u00f5es do governo federal sobre fatos da \u00e9poca da ditadura militar"},"content":{"rendered":"<div style=\"text-align: justify;\">\n\tO deputado Chico Alencar (PSOL-RJ) protocolou, na quarta-feira (22), cinco requerimentos cobrando informa\u00e7\u00f5es do governo federal sobre diversos fatos ocorridos durante a \u00e9poca da ditadura militar, entre 1964-1985. Os documentos, baseados no Relat\u00f3rio Parcial de Pesquisa da Comiss\u00e3o Nacional da Verdade, s\u00e3o destinados aos Minist\u00e9rios da Defesa, da Justi\u00e7a, da Educa\u00e7\u00e3o e das Minas e Energia.<br \/>\n\t&nbsp;<br \/>\n\tAo ministro da Defesa, Celso Amorim, foram encaminhados dois requerimentos, n\u00bas 3163 e 3165. O primeiro \u00e9 relativo aos 22 centros de deten\u00e7\u00e3o e tortura nos estados da Bahia, Pernambuco, Goi\u00e1s, Rio Grande do Sul, S\u00e3o Paulo, Minas Gerais e Rio de Janeiro, identificados pela Comiss\u00e3o da Verdade. O deputado Chico Alencar quer saber quem eram os respons\u00e1veis pelas unidades e quais medidas foram tomadas para apurar as viola\u00e7\u00f5es de direitos humanos praticadas. O outro requerimento busca informa\u00e7\u00f5es sobre onze desaparecidos pol\u00edticos.<br \/>\n\t&nbsp;<br \/>\n\tTamb\u00e9m foram apontados como centros de tortura a Universidade Federal de Pernambuco e a Universidade Federal Rural do Rio de Janeiro. Chico Alencar cobra informa\u00e7\u00f5es (req. 3161) do ministro da Educa\u00e7\u00e3o, Aloizio Mercadante, se e quais servidores estariam envolvidos e quais procedimentos administrativos foram ou ser\u00e3o tomados em rela\u00e7\u00e3o a esses fatos.<br \/>\n\t&nbsp;<br \/>\n\tA Refinaria Duque de Caxias, no Rio de Janeiro, e a Refinaria da Petrobras de Mataripe, na Bahia, tamb\u00e9m foram identificadas como centros de tortura. Os mesmos questionamentos feitos ao ministro da Educa\u00e7\u00e3o foram feitos ao ministro das Minas e Energia, Edson Lob\u00e3o, pelo requerimento 3160.<br \/>\n\t&nbsp;<br \/>\n\tAo ministro da Justi\u00e7a, Jos\u00e9 Eduardo Cardoso, o deputado Chico Alencar pede informa\u00e7\u00f5es sobre viola\u00e7\u00f5es de direitos humanos cometidas contra popula\u00e7\u00f5es ind\u00edgenas, req. 3162. A Comiss\u00e3o Nacional da Verdade identificou viol\u00eancia contra 17 tribos do Amazonas, Rond\u00f4nia, Goi\u00e1s, Paran\u00e1, Par\u00e1, Mato Grosso, Bahia, Esp\u00edrito Santo, Maranh\u00e3o, Minas Gerais e Mato Grosso do Sul.<br \/>\n\t&nbsp;<br \/>\n\t\u201cEm pleno s\u00e9culo XXI, a Rep\u00fablica brasileira tarda em incorporar, nas suas pr\u00e1ticas, o conceito de Noberto Bobbio: &#8216;a democracia \u00e9 o regime da transpar\u00eancia e nela n\u00e3o pode haver qualquer segredo&#8217;\u201d, argumenta o deputado Chico Alencar.<\/div>\n<p>&nbsp;<\/p>\n","protected":false},"excerpt":{"rendered":"<p>O deputado Chico Alencar (PSOL-RJ) protocolou, na quarta-feira (22), cinco requerimentos cobrando informa\u00e7\u00f5es do governo federal sobre diversos fatos ocorridos durante a \u00e9poca da ditadura militar, entre 1964-1985. Os documentos, baseados no Relat\u00f3rio Parcial de Pesquisa da Comiss\u00e3o Nacional da Verdade, s\u00e3o destinados aos Minist\u00e9rios da Defesa, da Justi\u00e7a, da Educa\u00e7\u00e3o e das Minas e [&hellip;]<\/p>\n","protected":false},"author":2,"featured_media":0,"comment_status":"open","ping_status":"open","sticky":false,"template":"","format":"standard","meta":{"_acf_changed":false,"footnotes":""},"categories":[10,4766],"tags":[],"class_list":{"0":"post-2007","1":"post","2":"type-post","3":"status-publish","4":"format-standard","6":"category-acao-parlamentares","7":"category-arquivo"},"acf":[],"yoast_head":"<!-- This site is optimized with the Yoast SEO plugin v26.5 - https:\/\/yoast.com\/wordpress\/plugins\/seo\/ -->\n<title>Requerimentos de Chico Alencar cobram informa\u00e7\u00f5es do governo federal sobre fatos da \u00e9poca da ditadura militar - PSOL 50<\/title>\n<meta name=\"robots\" content=\"index, follow, max-snippet:-1, max-image-preview:large, max-video-preview:-1\" \/>\n<link rel=\"canonical\" href=\"https:\/\/psol50.org.br\/requerimentos-de-chico-alencar-cobram-informacoes-do-governo-federal-sobre-fatos-da-epoca-da-ditadura-militar\/\" \/>\n<meta property=\"og:locale\" content=\"pt_BR\" \/>\n<meta property=\"og:type\" content=\"article\" \/>\n<meta property=\"og:title\" content=\"Requerimentos de Chico Alencar cobram informa\u00e7\u00f5es do governo federal sobre fatos da \u00e9poca da ditadura militar - PSOL 50\" \/>\n<meta property=\"og:description\" content=\"O deputado Chico Alencar (PSOL-RJ) protocolou, na quarta-feira (22), cinco requerimentos cobrando informa\u00e7\u00f5es do governo federal sobre diversos fatos ocorridos durante a \u00e9poca da ditadura militar, entre 1964-1985. Os documentos, baseados no Relat\u00f3rio Parcial de Pesquisa da Comiss\u00e3o Nacional da Verdade, s\u00e3o destinados aos Minist\u00e9rios da Defesa, da Justi\u00e7a, da Educa\u00e7\u00e3o e das Minas e [&hellip;]\" \/>\n<meta property=\"og:url\" content=\"https:\/\/psol50.org.br\/requerimentos-de-chico-alencar-cobram-informacoes-do-governo-federal-sobre-fatos-da-epoca-da-ditadura-militar\/\" \/>\n<meta property=\"og:site_name\" content=\"PSOL 50\" \/>\n<meta property=\"article:publisher\" content=\"https:\/\/www.facebook.com\/psol50\" \/>\n<meta property=\"article:published_time\" content=\"2013-05-23T00:00:00+00:00\" \/>\n<meta property=\"og:image\" content=\"https:\/\/psol50.org.br\/inc\/uploads\/2018\/07\/capa.png\" \/>\n\t<meta property=\"og:image:width\" content=\"1350\" \/>\n\t<meta property=\"og:image:height\" content=\"900\" \/>\n\t<meta property=\"og:image:type\" content=\"image\/png\" \/>\n<meta name=\"author\" content=\"Comunica\u00e7\u00e3o PSOL\" \/>\n<meta name=\"twitter:card\" content=\"summary_large_image\" \/>\n<meta name=\"twitter:creator\" content=\"@psol50\" \/>\n<meta name=\"twitter:site\" content=\"@psol50\" \/>\n<meta name=\"twitter:label1\" content=\"Escrito por\" \/>\n\t<meta name=\"twitter:data1\" content=\"Comunica\u00e7\u00e3o PSOL\" \/>\n\t<meta name=\"twitter:label2\" content=\"Est. tempo de leitura\" \/>\n\t<meta name=\"twitter:data2\" content=\"2 minutos\" \/>\n<script type=\"application\/ld+json\" class=\"yoast-schema-graph\">{\"@context\":\"https:\/\/schema.org\",\"@graph\":[{\"@type\":\"Article\",\"@id\":\"https:\/\/psol50.org.br\/requerimentos-de-chico-alencar-cobram-informacoes-do-governo-federal-sobre-fatos-da-epoca-da-ditadura-militar\/#article\",\"isPartOf\":{\"@id\":\"https:\/\/psol50.org.br\/requerimentos-de-chico-alencar-cobram-informacoes-do-governo-federal-sobre-fatos-da-epoca-da-ditadura-militar\/\"},\"author\":{\"name\":\"Comunica\u00e7\u00e3o PSOL\",\"@id\":\"https:\/\/psol50.org.br\/#\/schema\/person\/475dfa57d0b815993c714c2e96491fcd\"},\"headline\":\"Requerimentos de Chico Alencar cobram informa\u00e7\u00f5es do governo federal sobre fatos da \u00e9poca da ditadura militar\",\"datePublished\":\"2013-05-23T00:00:00+00:00\",\"mainEntityOfPage\":{\"@id\":\"https:\/\/psol50.org.br\/requerimentos-de-chico-alencar-cobram-informacoes-do-governo-federal-sobre-fatos-da-epoca-da-ditadura-militar\/\"},\"wordCount\":379,\"commentCount\":0,\"publisher\":{\"@id\":\"https:\/\/psol50.org.br\/#organization\"},\"articleSection\":[\"A\u00e7\u00e3o Parlamentar\",\"Arquivo\"],\"inLanguage\":\"pt-BR\",\"potentialAction\":[{\"@type\":\"CommentAction\",\"name\":\"Comment\",\"target\":[\"https:\/\/psol50.org.br\/requerimentos-de-chico-alencar-cobram-informacoes-do-governo-federal-sobre-fatos-da-epoca-da-ditadura-militar\/#respond\"]}]},{\"@type\":\"WebPage\",\"@id\":\"https:\/\/psol50.org.br\/requerimentos-de-chico-alencar-cobram-informacoes-do-governo-federal-sobre-fatos-da-epoca-da-ditadura-militar\/\",\"url\":\"https:\/\/psol50.org.br\/requerimentos-de-chico-alencar-cobram-informacoes-do-governo-federal-sobre-fatos-da-epoca-da-ditadura-militar\/\",\"name\":\"Requerimentos de Chico Alencar cobram informa\u00e7\u00f5es do governo federal sobre fatos da \u00e9poca da ditadura militar - PSOL 50\",\"isPartOf\":{\"@id\":\"https:\/\/psol50.org.br\/#website\"},\"datePublished\":\"2013-05-23T00:00:00+00:00\",\"breadcrumb\":{\"@id\":\"https:\/\/psol50.org.br\/requerimentos-de-chico-alencar-cobram-informacoes-do-governo-federal-sobre-fatos-da-epoca-da-ditadura-militar\/#breadcrumb\"},\"inLanguage\":\"pt-BR\",\"potentialAction\":[{\"@type\":\"ReadAction\",\"target\":[\"https:\/\/psol50.org.br\/requerimentos-de-chico-alencar-cobram-informacoes-do-governo-federal-sobre-fatos-da-epoca-da-ditadura-militar\/\"]}]},{\"@type\":\"BreadcrumbList\",\"@id\":\"https:\/\/psol50.org.br\/requerimentos-de-chico-alencar-cobram-informacoes-do-governo-federal-sobre-fatos-da-epoca-da-ditadura-militar\/#breadcrumb\",\"itemListElement\":[{\"@type\":\"ListItem\",\"position\":1,\"name\":\"In\u00edcio\",\"item\":\"https:\/\/psol50.org.br\/\"},{\"@type\":\"ListItem\",\"position\":2,\"name\":\"Requerimentos de Chico Alencar cobram informa\u00e7\u00f5es do governo federal sobre fatos da \u00e9poca da ditadura militar\"}]},{\"@type\":\"WebSite\",\"@id\":\"https:\/\/psol50.org.br\/#website\",\"url\":\"https:\/\/psol50.org.br\/\",\"name\":\"PSOL 50\",\"description\":\"Site oficial do Partido Socialismo e Liberdade\",\"publisher\":{\"@id\":\"https:\/\/psol50.org.br\/#organization\"},\"alternateName\":\"PSOL50\",\"potentialAction\":[{\"@type\":\"SearchAction\",\"target\":{\"@type\":\"EntryPoint\",\"urlTemplate\":\"https:\/\/psol50.org.br\/?s={search_term_string}\"},\"query-input\":{\"@type\":\"PropertyValueSpecification\",\"valueRequired\":true,\"valueName\":\"search_term_string\"}}],\"inLanguage\":\"pt-BR\"},{\"@type\":\"Organization\",\"@id\":\"https:\/\/psol50.org.br\/#organization\",\"name\":\"PSOL 50\",\"alternateName\":\"PSOL 50\",\"url\":\"https:\/\/psol50.org.br\/\",\"logo\":{\"@type\":\"ImageObject\",\"inLanguage\":\"pt-BR\",\"@id\":\"https:\/\/psol50.org.br\/#\/schema\/logo\/image\/\",\"url\":\"https:\/\/psol50.org.br\/inc\/uploads\/2018\/07\/capa.png\",\"contentUrl\":\"https:\/\/psol50.org.br\/inc\/uploads\/2018\/07\/capa.png\",\"width\":1350,\"height\":900,\"caption\":\"PSOL 50\"},\"image\":{\"@id\":\"https:\/\/psol50.org.br\/#\/schema\/logo\/image\/\"},\"sameAs\":[\"https:\/\/www.facebook.com\/psol50\",\"https:\/\/x.com\/psol50\",\"https:\/\/www.instagram.com\/psol50\/\",\"https:\/\/www.youtube.com\/channel\/UC7SnJS5o1os7a6CaiNabzcg\"]},{\"@type\":\"Person\",\"@id\":\"https:\/\/psol50.org.br\/#\/schema\/person\/475dfa57d0b815993c714c2e96491fcd\",\"name\":\"Comunica\u00e7\u00e3o PSOL\",\"image\":{\"@type\":\"ImageObject\",\"inLanguage\":\"pt-BR\",\"@id\":\"https:\/\/psol50.org.br\/#\/schema\/person\/image\/\",\"url\":\"https:\/\/secure.gravatar.com\/avatar\/b34fc4f4e468a4e51785917065a3db57b841f5c95dba6ad8c73aaf8f66f8f9bf?s=96&d=mm&r=g\",\"contentUrl\":\"https:\/\/secure.gravatar.com\/avatar\/b34fc4f4e468a4e51785917065a3db57b841f5c95dba6ad8c73aaf8f66f8f9bf?s=96&d=mm&r=g\",\"caption\":\"Comunica\u00e7\u00e3o PSOL\"}}]}<\/script>\n<!-- \/ Yoast SEO plugin. -->","yoast_head_json":{"title":"Requerimentos de Chico Alencar cobram informa\u00e7\u00f5es do governo federal sobre fatos da \u00e9poca da ditadura militar - PSOL 50","robots":{"index":"index","follow":"follow","max-snippet":"max-snippet:-1","max-image-preview":"max-image-preview:large","max-video-preview":"max-video-preview:-1"},"canonical":"https:\/\/psol50.org.br\/requerimentos-de-chico-alencar-cobram-informacoes-do-governo-federal-sobre-fatos-da-epoca-da-ditadura-militar\/","og_locale":"pt_BR","og_type":"article","og_title":"Requerimentos de Chico Alencar cobram informa\u00e7\u00f5es do governo federal sobre fatos da \u00e9poca da ditadura militar - PSOL 50","og_description":"O deputado Chico Alencar (PSOL-RJ) protocolou, na quarta-feira (22), cinco requerimentos cobrando informa\u00e7\u00f5es do governo federal sobre diversos fatos ocorridos durante a \u00e9poca da ditadura militar, entre 1964-1985. Os documentos, baseados no Relat\u00f3rio Parcial de Pesquisa da Comiss\u00e3o Nacional da Verdade, s\u00e3o destinados aos Minist\u00e9rios da Defesa, da Justi\u00e7a, da Educa\u00e7\u00e3o e das Minas e [&hellip;]","og_url":"https:\/\/psol50.org.br\/requerimentos-de-chico-alencar-cobram-informacoes-do-governo-federal-sobre-fatos-da-epoca-da-ditadura-militar\/","og_site_name":"PSOL 50","article_publisher":"https:\/\/www.facebook.com\/psol50","article_published_time":"2013-05-23T00:00:00+00:00","og_image":[{"width":1350,"height":900,"url":"https:\/\/psol50.org.br\/inc\/uploads\/2018\/07\/capa.png","type":"image\/png"}],"author":"Comunica\u00e7\u00e3o PSOL","twitter_card":"summary_large_image","twitter_creator":"@psol50","twitter_site":"@psol50","twitter_misc":{"Escrito por":"Comunica\u00e7\u00e3o PSOL","Est. tempo de leitura":"2 minutos"},"schema":{"@context":"https:\/\/schema.org","@graph":[{"@type":"Article","@id":"https:\/\/psol50.org.br\/requerimentos-de-chico-alencar-cobram-informacoes-do-governo-federal-sobre-fatos-da-epoca-da-ditadura-militar\/#article","isPartOf":{"@id":"https:\/\/psol50.org.br\/requerimentos-de-chico-alencar-cobram-informacoes-do-governo-federal-sobre-fatos-da-epoca-da-ditadura-militar\/"},"author":{"name":"Comunica\u00e7\u00e3o PSOL","@id":"https:\/\/psol50.org.br\/#\/schema\/person\/475dfa57d0b815993c714c2e96491fcd"},"headline":"Requerimentos de Chico Alencar cobram informa\u00e7\u00f5es do governo federal sobre fatos da \u00e9poca da ditadura militar","datePublished":"2013-05-23T00:00:00+00:00","mainEntityOfPage":{"@id":"https:\/\/psol50.org.br\/requerimentos-de-chico-alencar-cobram-informacoes-do-governo-federal-sobre-fatos-da-epoca-da-ditadura-militar\/"},"wordCount":379,"commentCount":0,"publisher":{"@id":"https:\/\/psol50.org.br\/#organization"},"articleSection":["A\u00e7\u00e3o Parlamentar","Arquivo"],"inLanguage":"pt-BR","potentialAction":[{"@type":"CommentAction","name":"Comment","target":["https:\/\/psol50.org.br\/requerimentos-de-chico-alencar-cobram-informacoes-do-governo-federal-sobre-fatos-da-epoca-da-ditadura-militar\/#respond"]}]},{"@type":"WebPage","@id":"https:\/\/psol50.org.br\/requerimentos-de-chico-alencar-cobram-informacoes-do-governo-federal-sobre-fatos-da-epoca-da-ditadura-militar\/","url":"https:\/\/psol50.org.br\/requerimentos-de-chico-alencar-cobram-informacoes-do-governo-federal-sobre-fatos-da-epoca-da-ditadura-militar\/","name":"Requerimentos de Chico Alencar cobram informa\u00e7\u00f5es do governo federal sobre fatos da \u00e9poca da ditadura militar - PSOL 50","isPartOf":{"@id":"https:\/\/psol50.org.br\/#website"},"datePublished":"2013-05-23T00:00:00+00:00","breadcrumb":{"@id":"https:\/\/psol50.org.br\/requerimentos-de-chico-alencar-cobram-informacoes-do-governo-federal-sobre-fatos-da-epoca-da-ditadura-militar\/#breadcrumb"},"inLanguage":"pt-BR","potentialAction":[{"@type":"ReadAction","target":["https:\/\/psol50.org.br\/requerimentos-de-chico-alencar-cobram-informacoes-do-governo-federal-sobre-fatos-da-epoca-da-ditadura-militar\/"]}]},{"@type":"BreadcrumbList","@id":"https:\/\/psol50.org.br\/requerimentos-de-chico-alencar-cobram-informacoes-do-governo-federal-sobre-fatos-da-epoca-da-ditadura-militar\/#breadcrumb","itemListElement":[{"@type":"ListItem","position":1,"name":"In\u00edcio","item":"https:\/\/psol50.org.br\/"},{"@type":"ListItem","position":2,"name":"Requerimentos de Chico Alencar cobram informa\u00e7\u00f5es do governo federal sobre fatos da \u00e9poca da ditadura militar"}]},{"@type":"WebSite","@id":"https:\/\/psol50.org.br\/#website","url":"https:\/\/psol50.org.br\/","name":"PSOL 50","description":"Site oficial do Partido Socialismo e Liberdade","publisher":{"@id":"https:\/\/psol50.org.br\/#organization"},"alternateName":"PSOL50","potentialAction":[{"@type":"SearchAction","target":{"@type":"EntryPoint","urlTemplate":"https:\/\/psol50.org.br\/?s={search_term_string}"},"query-input":{"@type":"PropertyValueSpecification","valueRequired":true,"valueName":"search_term_string"}}],"inLanguage":"pt-BR"},{"@type":"Organization","@id":"https:\/\/psol50.org.br\/#organization","name":"PSOL 50","alternateName":"PSOL 50","url":"https:\/\/psol50.org.br\/","logo":{"@type":"ImageObject","inLanguage":"pt-BR","@id":"https:\/\/psol50.org.br\/#\/schema\/logo\/image\/","url":"https:\/\/psol50.org.br\/inc\/uploads\/2018\/07\/capa.png","contentUrl":"https:\/\/psol50.org.br\/inc\/uploads\/2018\/07\/capa.png","width":1350,"height":900,"caption":"PSOL 50"},"image":{"@id":"https:\/\/psol50.org.br\/#\/schema\/logo\/image\/"},"sameAs":["https:\/\/www.facebook.com\/psol50","https:\/\/x.com\/psol50","https:\/\/www.instagram.com\/psol50\/","https:\/\/www.youtube.com\/channel\/UC7SnJS5o1os7a6CaiNabzcg"]},{"@type":"Person","@id":"https:\/\/psol50.org.br\/#\/schema\/person\/475dfa57d0b815993c714c2e96491fcd","name":"Comunica\u00e7\u00e3o PSOL","image":{"@type":"ImageObject","inLanguage":"pt-BR","@id":"https:\/\/psol50.org.br\/#\/schema\/person\/image\/","url":"https:\/\/secure.gravatar.com\/avatar\/b34fc4f4e468a4e51785917065a3db57b841f5c95dba6ad8c73aaf8f66f8f9bf?s=96&d=mm&r=g","contentUrl":"https:\/\/secure.gravatar.com\/avatar\/b34fc4f4e468a4e51785917065a3db57b841f5c95dba6ad8c73aaf8f66f8f9bf?s=96&d=mm&r=g","caption":"Comunica\u00e7\u00e3o PSOL"}}]}},"_links":{"self":[{"href":"https:\/\/psol50.org.br\/rest\/wp\/v2\/posts\/2007","targetHints":{"allow":["GET"]}}],"collection":[{"href":"https:\/\/psol50.org.br\/rest\/wp\/v2\/posts"}],"about":[{"href":"https:\/\/psol50.org.br\/rest\/wp\/v2\/types\/post"}],"author":[{"embeddable":true,"href":"https:\/\/psol50.org.br\/rest\/wp\/v2\/users\/2"}],"replies":[{"embeddable":true,"href":"https:\/\/psol50.org.br\/rest\/wp\/v2\/comments?post=2007"}],"version-history":[{"count":0,"href":"https:\/\/psol50.org.br\/rest\/wp\/v2\/posts\/2007\/revisions"}],"wp:attachment":[{"href":"https:\/\/psol50.org.br\/rest\/wp\/v2\/media?parent=2007"}],"wp:term":[{"taxonomy":"category","embeddable":true,"href":"https:\/\/psol50.org.br\/rest\/wp\/v2\/categories?post=2007"},{"taxonomy":"post_tag","embeddable":true,"href":"https:\/\/psol50.org.br\/rest\/wp\/v2\/tags?post=2007"}],"curies":[{"name":"wp","href":"https:\/\/api.w.org\/{rel}","templated":true}]}}