{"id":20071,"date":"2018-03-06T12:16:11","date_gmt":"2018-03-06T15:16:11","guid":{"rendered":"http:\/\/www.psol50.org.br\/?p=20071"},"modified":"2018-03-06T12:16:11","modified_gmt":"2018-03-06T15:16:11","slug":"marcelo-freixo-intervencao-e-farsa-politica","status":"publish","type":"post","link":"https:\/\/psol50.org.br\/marcelo-freixo-intervencao-e-farsa-politica\/","title":{"rendered":"Marcelo Freixo | Interven\u00e7\u00e3o \u00e9 farsa pol\u00edtica"},"content":{"rendered":"<p><em>Artigo publicado originalmente no jornal <strong><a href=\"https:\/\/oglobo.globo.com\/opiniao\/intervencao-farsa-politica-22452463\" target=\"_blank\" rel=\"noopener\"><span style=\"color: #0000ff;\">O Globo<\/span><\/a><\/strong><\/em><\/p>\n<p>A interven\u00e7\u00e3o do governo Temer no Rio \u00e9 uma farsa que abre caminho para uma s\u00e9rie de ilegalidades. Isso porque n\u00e3o se trata de uma plano de seguran\u00e7a p\u00fablica, mas de uma tentativa de manipular o medo da popula\u00e7\u00e3o para tentar salvar eleitoralmente o PMDB e Temer. Prova disso \u00e9 que dois dias ap\u00f3s o decreto ser publicado, o presidente passou o dia reunido com marqueteiros, e n\u00e3o com membros das for\u00e7as de seguran\u00e7a. Os marqueteiros veem a oportunidade de erguer politicamente o governo.<\/p>\n<div id=\"smartIntxt-beupr\">N\u00e3o \u00e9 a primeira vez que discurso militarista e o Ex\u00e9rcito s\u00e3o usados eleitoralmente. S\u00e9rgio Cabral se reelegeu em 2010, e Pez\u00e3o venceu em 2014 com discursos militaristas e ocupa\u00e7\u00f5es em favelas.<\/div>\n<p>Todos sabem, do marqueteiro de Temer ao comando do Ex\u00e9rcito, que a interven\u00e7\u00e3o militar n\u00e3o resolver\u00e1 o complexo problema da viol\u00eancia. Basta analisarmos experi\u00eancias passadas. Desde os anos 90, houve diversas interven\u00e7\u00f5es em favelas. O que mudou no Alem\u00e3o ou na Mar\u00e9, por exemplo? Nada.<\/p>\n<p>Em audi\u00eancia p\u00fablica no Senado, em junho de 2017, o comandante do Ex\u00e9rcito, general Eduardo Villas B\u00f4as, afirmou que o uso das For\u00e7as Armadas na seguran\u00e7a p\u00fablica \u00e9 perigoso e in\u00f3cuo. Ele tamb\u00e9m declarou que a ocupa\u00e7\u00e3o da Mar\u00e9 n\u00e3o teve efeitos positivos.<\/p>\n<p>A diferen\u00e7a \u00e9 que, desta vez, n\u00e3o se trata de ocupa\u00e7\u00e3o, mas de interven\u00e7\u00e3o e da suspens\u00e3o de direitos. A atua\u00e7\u00e3o do Minist\u00e9rio P\u00fablico e da Defensoria P\u00fablica do estado, assim como a Assembleia Legislativa, est\u00e1 cerceada na \u00e1rea da seguran\u00e7a. Tudo para atender aos interesses eleitorais do PMDB.<\/p>\n<p>Se os resultados n\u00e3o aparecerem, qual ser\u00e1 o pr\u00f3ximo passo? Temer vai decretar estado de emerg\u00eancia e suspender as elei\u00e7\u00f5es? Este governo, sem credibilidade e legitimidade, n\u00e3o tem limites. Por isso, a interven\u00e7\u00e3o atinge todo o pa\u00eds.<\/p>\n<p>Presidi a CPI do Tr\u00e1fico de Armas e a CPI da Mil\u00edcias, que trataram de quest\u00f5es relacionadas ao crime organizado. Apresentamos propostas que poderiam ser aplicadas imediatamente, mas acabaram ignoradas. Necessitamos de integra\u00e7\u00e3o, n\u00e3o de interven\u00e7\u00e3o. Cerca de 80% das armas utilizadas em homic\u00eddios no estado s\u00e3o oriundas do mercado legal. \u00c9 fundamental integrar os setores de intelig\u00eancia das pol\u00edcias estaduais e das for\u00e7as federais para que atuem de forma articulada para fiscalizar o setor. Al\u00e9m disso, as muni\u00e7\u00f5es precisam ser individualmente identificadas para facilitar o controle.<\/p>\n<p>\u00c9 urgente um plano de metas para reduzir homic\u00eddios, tanto os praticados quanto os sofridos por policiais. A viol\u00eancia \u00e9 grave, mas a for\u00e7a somente n\u00e3o acabar\u00e1 com a criminalidade. \u00c9 necess\u00e1rio oferecer programas culturais e sociais em \u00e1reas onde os jovens est\u00e3o mais vulner\u00e1veis.<\/p>\n<p>Temer afirmou recentemente que a interven\u00e7\u00e3o foi uma jogada de mestre. N\u00e3o cabe a um presidente jogar com a democracia e com a seguran\u00e7a das pessoas. Ele se aproveita do medo real para fazer algo que n\u00e3o resolve as ra\u00edzes desse temor e ainda amea\u00e7a direitos fundamentais. A democracia \u00e9 inegoci\u00e1vel e n\u00e3o pode virar joguete nas m\u00e3os do PMDB.<\/p>\n","protected":false},"excerpt":{"rendered":"<p>Artigo publicado originalmente no jornal O Globo A interven\u00e7\u00e3o do governo Temer no Rio \u00e9 uma farsa que abre caminho para uma s\u00e9rie de ilegalidades. Isso porque n\u00e3o se trata de uma plano de seguran\u00e7a p\u00fablica, mas de uma tentativa de manipular o medo da popula\u00e7\u00e3o para tentar salvar eleitoralmente o PMDB e Temer. Prova [&hellip;]<\/p>\n","protected":false},"author":2,"featured_media":20072,"comment_status":"open","ping_status":"open","sticky":false,"template":"","format":"standard","meta":{"_acf_changed":false,"footnotes":""},"categories":[6],"tags":[770,161,1748,2311,2152],"class_list":{"0":"post-20071","1":"post","2":"type-post","3":"status-publish","4":"format-standard","5":"has-post-thumbnail","7":"category-noticias","8":"tag-intervencao-militar","9":"tag-marcelo-freixo","10":"tag-michel-temer","11":"tag-pezao","12":"tag-pmdb"},"acf":[],"yoast_head":"<!-- This site is optimized with the Yoast SEO plugin v26.5 - https:\/\/yoast.com\/wordpress\/plugins\/seo\/ -->\n<title>Marcelo Freixo | Interven\u00e7\u00e3o \u00e9 farsa pol\u00edtica - PSOL 50<\/title>\n<meta name=\"robots\" content=\"index, follow, max-snippet:-1, max-image-preview:large, max-video-preview:-1\" \/>\n<link rel=\"canonical\" href=\"https:\/\/psol50.org.br\/marcelo-freixo-intervencao-e-farsa-politica\/\" \/>\n<meta property=\"og:locale\" content=\"pt_BR\" \/>\n<meta property=\"og:type\" content=\"article\" \/>\n<meta property=\"og:title\" content=\"Marcelo Freixo | Interven\u00e7\u00e3o \u00e9 farsa pol\u00edtica - PSOL 50\" \/>\n<meta property=\"og:description\" content=\"Artigo publicado originalmente no jornal O Globo A interven\u00e7\u00e3o do governo Temer no Rio \u00e9 uma farsa que abre caminho para uma s\u00e9rie de ilegalidades. Isso porque n\u00e3o se trata de uma plano de seguran\u00e7a p\u00fablica, mas de uma tentativa de manipular o medo da popula\u00e7\u00e3o para tentar salvar eleitoralmente o PMDB e Temer. Prova [&hellip;]\" \/>\n<meta property=\"og:url\" content=\"https:\/\/psol50.org.br\/marcelo-freixo-intervencao-e-farsa-politica\/\" \/>\n<meta property=\"og:site_name\" content=\"PSOL 50\" \/>\n<meta property=\"article:publisher\" content=\"https:\/\/www.facebook.com\/psol50\" \/>\n<meta property=\"article:published_time\" content=\"2018-03-06T15:16:11+00:00\" \/>\n<meta property=\"og:image\" content=\"https:\/\/psol50.org.br\/inc\/uploads\/2018\/03\/pezao-temer-agenciabrasil.png\" \/>\n\t<meta property=\"og:image:width\" content=\"1350\" \/>\n\t<meta property=\"og:image:height\" content=\"900\" \/>\n\t<meta property=\"og:image:type\" content=\"image\/png\" \/>\n<meta name=\"author\" content=\"Comunica\u00e7\u00e3o PSOL\" \/>\n<meta name=\"twitter:card\" content=\"summary_large_image\" \/>\n<meta name=\"twitter:creator\" content=\"@psol50\" \/>\n<meta name=\"twitter:site\" content=\"@psol50\" \/>\n<meta name=\"twitter:label1\" content=\"Escrito por\" \/>\n\t<meta name=\"twitter:data1\" content=\"Comunica\u00e7\u00e3o PSOL\" \/>\n\t<meta name=\"twitter:label2\" content=\"Est. tempo de leitura\" \/>\n\t<meta name=\"twitter:data2\" content=\"3 minutos\" \/>\n<script type=\"application\/ld+json\" class=\"yoast-schema-graph\">{\"@context\":\"https:\/\/schema.org\",\"@graph\":[{\"@type\":\"Article\",\"@id\":\"https:\/\/psol50.org.br\/marcelo-freixo-intervencao-e-farsa-politica\/#article\",\"isPartOf\":{\"@id\":\"https:\/\/psol50.org.br\/marcelo-freixo-intervencao-e-farsa-politica\/\"},\"author\":{\"name\":\"Comunica\u00e7\u00e3o PSOL\",\"@id\":\"https:\/\/psol50.org.br\/#\/schema\/person\/475dfa57d0b815993c714c2e96491fcd\"},\"headline\":\"Marcelo Freixo | Interven\u00e7\u00e3o \u00e9 farsa pol\u00edtica\",\"datePublished\":\"2018-03-06T15:16:11+00:00\",\"mainEntityOfPage\":{\"@id\":\"https:\/\/psol50.org.br\/marcelo-freixo-intervencao-e-farsa-politica\/\"},\"wordCount\":561,\"commentCount\":0,\"publisher\":{\"@id\":\"https:\/\/psol50.org.br\/#organization\"},\"image\":{\"@id\":\"https:\/\/psol50.org.br\/marcelo-freixo-intervencao-e-farsa-politica\/#primaryimage\"},\"thumbnailUrl\":\"https:\/\/psol50.org.br\/inc\/uploads\/2018\/03\/pezao-temer-agenciabrasil.png\",\"keywords\":[\"Interven\u00e7\u00e3o Militar\",\"Marcelo Freixo\",\"Michel Temer\",\"Pez\u00e3o\",\"PMDB\"],\"articleSection\":[\"Not\u00edcias\"],\"inLanguage\":\"pt-BR\",\"potentialAction\":[{\"@type\":\"CommentAction\",\"name\":\"Comment\",\"target\":[\"https:\/\/psol50.org.br\/marcelo-freixo-intervencao-e-farsa-politica\/#respond\"]}]},{\"@type\":\"WebPage\",\"@id\":\"https:\/\/psol50.org.br\/marcelo-freixo-intervencao-e-farsa-politica\/\",\"url\":\"https:\/\/psol50.org.br\/marcelo-freixo-intervencao-e-farsa-politica\/\",\"name\":\"Marcelo Freixo | Interven\u00e7\u00e3o \u00e9 farsa pol\u00edtica - PSOL 50\",\"isPartOf\":{\"@id\":\"https:\/\/psol50.org.br\/#website\"},\"primaryImageOfPage\":{\"@id\":\"https:\/\/psol50.org.br\/marcelo-freixo-intervencao-e-farsa-politica\/#primaryimage\"},\"image\":{\"@id\":\"https:\/\/psol50.org.br\/marcelo-freixo-intervencao-e-farsa-politica\/#primaryimage\"},\"thumbnailUrl\":\"https:\/\/psol50.org.br\/inc\/uploads\/2018\/03\/pezao-temer-agenciabrasil.png\",\"datePublished\":\"2018-03-06T15:16:11+00:00\",\"breadcrumb\":{\"@id\":\"https:\/\/psol50.org.br\/marcelo-freixo-intervencao-e-farsa-politica\/#breadcrumb\"},\"inLanguage\":\"pt-BR\",\"potentialAction\":[{\"@type\":\"ReadAction\",\"target\":[\"https:\/\/psol50.org.br\/marcelo-freixo-intervencao-e-farsa-politica\/\"]}]},{\"@type\":\"ImageObject\",\"inLanguage\":\"pt-BR\",\"@id\":\"https:\/\/psol50.org.br\/marcelo-freixo-intervencao-e-farsa-politica\/#primaryimage\",\"url\":\"https:\/\/psol50.org.br\/inc\/uploads\/2018\/03\/pezao-temer-agenciabrasil.png\",\"contentUrl\":\"https:\/\/psol50.org.br\/inc\/uploads\/2018\/03\/pezao-temer-agenciabrasil.png\",\"width\":1350,\"height\":900},{\"@type\":\"BreadcrumbList\",\"@id\":\"https:\/\/psol50.org.br\/marcelo-freixo-intervencao-e-farsa-politica\/#breadcrumb\",\"itemListElement\":[{\"@type\":\"ListItem\",\"position\":1,\"name\":\"In\u00edcio\",\"item\":\"https:\/\/psol50.org.br\/\"},{\"@type\":\"ListItem\",\"position\":2,\"name\":\"Marcelo Freixo | Interven\u00e7\u00e3o \u00e9 farsa pol\u00edtica\"}]},{\"@type\":\"WebSite\",\"@id\":\"https:\/\/psol50.org.br\/#website\",\"url\":\"https:\/\/psol50.org.br\/\",\"name\":\"PSOL 50\",\"description\":\"Site oficial do Partido Socialismo e Liberdade\",\"publisher\":{\"@id\":\"https:\/\/psol50.org.br\/#organization\"},\"alternateName\":\"PSOL50\",\"potentialAction\":[{\"@type\":\"SearchAction\",\"target\":{\"@type\":\"EntryPoint\",\"urlTemplate\":\"https:\/\/psol50.org.br\/?s={search_term_string}\"},\"query-input\":{\"@type\":\"PropertyValueSpecification\",\"valueRequired\":true,\"valueName\":\"search_term_string\"}}],\"inLanguage\":\"pt-BR\"},{\"@type\":\"Organization\",\"@id\":\"https:\/\/psol50.org.br\/#organization\",\"name\":\"PSOL 50\",\"alternateName\":\"PSOL 50\",\"url\":\"https:\/\/psol50.org.br\/\",\"logo\":{\"@type\":\"ImageObject\",\"inLanguage\":\"pt-BR\",\"@id\":\"https:\/\/psol50.org.br\/#\/schema\/logo\/image\/\",\"url\":\"https:\/\/psol50.org.br\/inc\/uploads\/2018\/07\/capa.png\",\"contentUrl\":\"https:\/\/psol50.org.br\/inc\/uploads\/2018\/07\/capa.png\",\"width\":1350,\"height\":900,\"caption\":\"PSOL 50\"},\"image\":{\"@id\":\"https:\/\/psol50.org.br\/#\/schema\/logo\/image\/\"},\"sameAs\":[\"https:\/\/www.facebook.com\/psol50\",\"https:\/\/x.com\/psol50\",\"https:\/\/www.instagram.com\/psol50\/\",\"https:\/\/www.youtube.com\/channel\/UC7SnJS5o1os7a6CaiNabzcg\"]},{\"@type\":\"Person\",\"@id\":\"https:\/\/psol50.org.br\/#\/schema\/person\/475dfa57d0b815993c714c2e96491fcd\",\"name\":\"Comunica\u00e7\u00e3o PSOL\",\"image\":{\"@type\":\"ImageObject\",\"inLanguage\":\"pt-BR\",\"@id\":\"https:\/\/psol50.org.br\/#\/schema\/person\/image\/\",\"url\":\"https:\/\/secure.gravatar.com\/avatar\/b34fc4f4e468a4e51785917065a3db57b841f5c95dba6ad8c73aaf8f66f8f9bf?s=96&d=mm&r=g\",\"contentUrl\":\"https:\/\/secure.gravatar.com\/avatar\/b34fc4f4e468a4e51785917065a3db57b841f5c95dba6ad8c73aaf8f66f8f9bf?s=96&d=mm&r=g\",\"caption\":\"Comunica\u00e7\u00e3o PSOL\"}}]}<\/script>\n<!-- \/ Yoast SEO plugin. -->","yoast_head_json":{"title":"Marcelo Freixo | Interven\u00e7\u00e3o \u00e9 farsa pol\u00edtica - PSOL 50","robots":{"index":"index","follow":"follow","max-snippet":"max-snippet:-1","max-image-preview":"max-image-preview:large","max-video-preview":"max-video-preview:-1"},"canonical":"https:\/\/psol50.org.br\/marcelo-freixo-intervencao-e-farsa-politica\/","og_locale":"pt_BR","og_type":"article","og_title":"Marcelo Freixo | Interven\u00e7\u00e3o \u00e9 farsa pol\u00edtica - PSOL 50","og_description":"Artigo publicado originalmente no jornal O Globo A interven\u00e7\u00e3o do governo Temer no Rio \u00e9 uma farsa que abre caminho para uma s\u00e9rie de ilegalidades. Isso porque n\u00e3o se trata de uma plano de seguran\u00e7a p\u00fablica, mas de uma tentativa de manipular o medo da popula\u00e7\u00e3o para tentar salvar eleitoralmente o PMDB e Temer. Prova [&hellip;]","og_url":"https:\/\/psol50.org.br\/marcelo-freixo-intervencao-e-farsa-politica\/","og_site_name":"PSOL 50","article_publisher":"https:\/\/www.facebook.com\/psol50","article_published_time":"2018-03-06T15:16:11+00:00","og_image":[{"width":1350,"height":900,"url":"https:\/\/psol50.org.br\/inc\/uploads\/2018\/03\/pezao-temer-agenciabrasil.png","type":"image\/png"}],"author":"Comunica\u00e7\u00e3o PSOL","twitter_card":"summary_large_image","twitter_creator":"@psol50","twitter_site":"@psol50","twitter_misc":{"Escrito por":"Comunica\u00e7\u00e3o PSOL","Est. tempo de leitura":"3 minutos"},"schema":{"@context":"https:\/\/schema.org","@graph":[{"@type":"Article","@id":"https:\/\/psol50.org.br\/marcelo-freixo-intervencao-e-farsa-politica\/#article","isPartOf":{"@id":"https:\/\/psol50.org.br\/marcelo-freixo-intervencao-e-farsa-politica\/"},"author":{"name":"Comunica\u00e7\u00e3o PSOL","@id":"https:\/\/psol50.org.br\/#\/schema\/person\/475dfa57d0b815993c714c2e96491fcd"},"headline":"Marcelo Freixo | Interven\u00e7\u00e3o \u00e9 farsa pol\u00edtica","datePublished":"2018-03-06T15:16:11+00:00","mainEntityOfPage":{"@id":"https:\/\/psol50.org.br\/marcelo-freixo-intervencao-e-farsa-politica\/"},"wordCount":561,"commentCount":0,"publisher":{"@id":"https:\/\/psol50.org.br\/#organization"},"image":{"@id":"https:\/\/psol50.org.br\/marcelo-freixo-intervencao-e-farsa-politica\/#primaryimage"},"thumbnailUrl":"https:\/\/psol50.org.br\/inc\/uploads\/2018\/03\/pezao-temer-agenciabrasil.png","keywords":["Interven\u00e7\u00e3o Militar","Marcelo Freixo","Michel Temer","Pez\u00e3o","PMDB"],"articleSection":["Not\u00edcias"],"inLanguage":"pt-BR","potentialAction":[{"@type":"CommentAction","name":"Comment","target":["https:\/\/psol50.org.br\/marcelo-freixo-intervencao-e-farsa-politica\/#respond"]}]},{"@type":"WebPage","@id":"https:\/\/psol50.org.br\/marcelo-freixo-intervencao-e-farsa-politica\/","url":"https:\/\/psol50.org.br\/marcelo-freixo-intervencao-e-farsa-politica\/","name":"Marcelo Freixo | Interven\u00e7\u00e3o \u00e9 farsa pol\u00edtica - PSOL 50","isPartOf":{"@id":"https:\/\/psol50.org.br\/#website"},"primaryImageOfPage":{"@id":"https:\/\/psol50.org.br\/marcelo-freixo-intervencao-e-farsa-politica\/#primaryimage"},"image":{"@id":"https:\/\/psol50.org.br\/marcelo-freixo-intervencao-e-farsa-politica\/#primaryimage"},"thumbnailUrl":"https:\/\/psol50.org.br\/inc\/uploads\/2018\/03\/pezao-temer-agenciabrasil.png","datePublished":"2018-03-06T15:16:11+00:00","breadcrumb":{"@id":"https:\/\/psol50.org.br\/marcelo-freixo-intervencao-e-farsa-politica\/#breadcrumb"},"inLanguage":"pt-BR","potentialAction":[{"@type":"ReadAction","target":["https:\/\/psol50.org.br\/marcelo-freixo-intervencao-e-farsa-politica\/"]}]},{"@type":"ImageObject","inLanguage":"pt-BR","@id":"https:\/\/psol50.org.br\/marcelo-freixo-intervencao-e-farsa-politica\/#primaryimage","url":"https:\/\/psol50.org.br\/inc\/uploads\/2018\/03\/pezao-temer-agenciabrasil.png","contentUrl":"https:\/\/psol50.org.br\/inc\/uploads\/2018\/03\/pezao-temer-agenciabrasil.png","width":1350,"height":900},{"@type":"BreadcrumbList","@id":"https:\/\/psol50.org.br\/marcelo-freixo-intervencao-e-farsa-politica\/#breadcrumb","itemListElement":[{"@type":"ListItem","position":1,"name":"In\u00edcio","item":"https:\/\/psol50.org.br\/"},{"@type":"ListItem","position":2,"name":"Marcelo Freixo | Interven\u00e7\u00e3o \u00e9 farsa pol\u00edtica"}]},{"@type":"WebSite","@id":"https:\/\/psol50.org.br\/#website","url":"https:\/\/psol50.org.br\/","name":"PSOL 50","description":"Site oficial do Partido Socialismo e Liberdade","publisher":{"@id":"https:\/\/psol50.org.br\/#organization"},"alternateName":"PSOL50","potentialAction":[{"@type":"SearchAction","target":{"@type":"EntryPoint","urlTemplate":"https:\/\/psol50.org.br\/?s={search_term_string}"},"query-input":{"@type":"PropertyValueSpecification","valueRequired":true,"valueName":"search_term_string"}}],"inLanguage":"pt-BR"},{"@type":"Organization","@id":"https:\/\/psol50.org.br\/#organization","name":"PSOL 50","alternateName":"PSOL 50","url":"https:\/\/psol50.org.br\/","logo":{"@type":"ImageObject","inLanguage":"pt-BR","@id":"https:\/\/psol50.org.br\/#\/schema\/logo\/image\/","url":"https:\/\/psol50.org.br\/inc\/uploads\/2018\/07\/capa.png","contentUrl":"https:\/\/psol50.org.br\/inc\/uploads\/2018\/07\/capa.png","width":1350,"height":900,"caption":"PSOL 50"},"image":{"@id":"https:\/\/psol50.org.br\/#\/schema\/logo\/image\/"},"sameAs":["https:\/\/www.facebook.com\/psol50","https:\/\/x.com\/psol50","https:\/\/www.instagram.com\/psol50\/","https:\/\/www.youtube.com\/channel\/UC7SnJS5o1os7a6CaiNabzcg"]},{"@type":"Person","@id":"https:\/\/psol50.org.br\/#\/schema\/person\/475dfa57d0b815993c714c2e96491fcd","name":"Comunica\u00e7\u00e3o PSOL","image":{"@type":"ImageObject","inLanguage":"pt-BR","@id":"https:\/\/psol50.org.br\/#\/schema\/person\/image\/","url":"https:\/\/secure.gravatar.com\/avatar\/b34fc4f4e468a4e51785917065a3db57b841f5c95dba6ad8c73aaf8f66f8f9bf?s=96&d=mm&r=g","contentUrl":"https:\/\/secure.gravatar.com\/avatar\/b34fc4f4e468a4e51785917065a3db57b841f5c95dba6ad8c73aaf8f66f8f9bf?s=96&d=mm&r=g","caption":"Comunica\u00e7\u00e3o PSOL"}}]}},"_links":{"self":[{"href":"https:\/\/psol50.org.br\/rest\/wp\/v2\/posts\/20071","targetHints":{"allow":["GET"]}}],"collection":[{"href":"https:\/\/psol50.org.br\/rest\/wp\/v2\/posts"}],"about":[{"href":"https:\/\/psol50.org.br\/rest\/wp\/v2\/types\/post"}],"author":[{"embeddable":true,"href":"https:\/\/psol50.org.br\/rest\/wp\/v2\/users\/2"}],"replies":[{"embeddable":true,"href":"https:\/\/psol50.org.br\/rest\/wp\/v2\/comments?post=20071"}],"version-history":[{"count":0,"href":"https:\/\/psol50.org.br\/rest\/wp\/v2\/posts\/20071\/revisions"}],"wp:featuredmedia":[{"embeddable":true,"href":"https:\/\/psol50.org.br\/rest\/wp\/v2\/media\/20072"}],"wp:attachment":[{"href":"https:\/\/psol50.org.br\/rest\/wp\/v2\/media?parent=20071"}],"wp:term":[{"taxonomy":"category","embeddable":true,"href":"https:\/\/psol50.org.br\/rest\/wp\/v2\/categories?post=20071"},{"taxonomy":"post_tag","embeddable":true,"href":"https:\/\/psol50.org.br\/rest\/wp\/v2\/tags?post=20071"}],"curies":[{"name":"wp","href":"https:\/\/api.w.org\/{rel}","templated":true}]}}