{"id":20117,"date":"2018-03-10T13:18:35","date_gmt":"2018-03-10T16:18:35","guid":{"rendered":"http:\/\/www.psol50.org.br\/?p=20117"},"modified":"2018-03-10T13:18:35","modified_gmt":"2018-03-10T16:18:35","slug":"oficial-guilherme-boulos-e-o-pre-candidato-do-psol-a-presidencia-da-republica","status":"publish","type":"post","link":"https:\/\/psol50.org.br\/oficial-guilherme-boulos-e-o-pre-candidato-do-psol-a-presidencia-da-republica\/","title":{"rendered":"Oficial: Guilherme Boulos \u00e9 o pr\u00e9-candidato do PSOL \u00e0 Presid\u00eancia da Rep\u00fablica"},"content":{"rendered":"<p>A Confer\u00eancia Eleitoral do PSOL aprovou em definitivo, neste s\u00e1bado (10), os nomes para compor a chapa de pr\u00e9-candidatos \u00e0 Presid\u00eancia pelo partido em 2018: Guilherme Boulos e S\u00f4nia Guajajara.<\/p>\n<p>A chapa fecha um longo processo de conversas do partido na constru\u00e7\u00e3o de uma s\u00f3lida alian\u00e7a com diversos movimentos sociais do pa\u00eds, que ofereceu os nomes ao PSOL na Confer\u00eancia Cidad\u00e3, no \u00faltimo dia 3. Boulos, que teve quase 71% dos votos da confer\u00eancia, concorreu \u00e0 indica\u00e7\u00e3o, no partido, com Pl\u00ednio de Arruda Sampaio Jr., Hamilton Assis e Nildo Ouriques.<\/p>\n<p>O simbolismo da chapa de pr\u00e9-candidatos n\u00e3o poderia ser maior: o l\u00edder do Movimento dos Trabalhadores Sem-Teto (MTST) se junta a uma das maiores representantes dos povos ind\u00edgenas brasileiros. Com 35 anos, Boulos \u00e9 o pr\u00e9-candidato mais jovem da hist\u00f3ria pol\u00edtica do pa\u00eds.<\/p>\n<p>Em sua fala, Guilherme Boulos refor\u00e7ou a constru\u00e7\u00e3o da alian\u00e7a durante anos. &#8220;N\u00e3o nos encontramos agora. Esse encontro acontece h\u00e1 anos: lutando por direitos, contra o golpe, pela democracia e por outro projeto de Brasil. Ela expressa uma unidade na luta concreta&#8221;.<\/p>\n<p>O agora pr\u00e9-candidato oficial do PSOL tamb\u00e9m falou da import\u00e2ncia da plataforma Vamos!, constru\u00edda no \u00e2mbito da frente Povo Sem Medo, que realizou dezenas de debates em todo o pa\u00eds e acumulou mais de 150 mil intera\u00e7\u00f5es online, em um processo de constru\u00e7\u00e3o de uma alternativa program\u00e1tica para o Brasil.<\/p>\n<p>Boulos elencou alguns dos pontos principais da pr\u00e9-candidatura, como o combate aos privil\u00e9gios do &#8220;andar de cima&#8221; da economia brasileira, a radicaliza\u00e7\u00e3o democr\u00e1tica, com plebiscitos e referendos para todos os temas fundamentais, e o combate \u00e0 direita junto \u00e0 supera\u00e7\u00e3o da estrat\u00e9gia da concilia\u00e7\u00e3o de classes na pol\u00edtica.<\/p>\n<p>&#8220;N\u00f3s queremos disputar o projeto de pa\u00eds. N\u00e3o teremos uma candidatura apenas para demarcar espa\u00e7o dentro da esquerda brasileira. Vamos apresentar uma alternativa real de projeto para o Brasil&#8221;.<\/p>\n<p>S\u00f4nia Guajajara, agora oficialmente pr\u00e9-candidata \u00e0 Vice-Presid\u00eancia (ou co-presidenta), saudou a Confer\u00eancia Eleitoral do PSOL junto a outras representantes do movimento ind\u00edgena. &#8220;O momento \u00e9 grave e urgente. \u00c9 de transforma\u00e7\u00e3o. Para n\u00f3s, povos ind\u00edgenas, estar participando desta confer\u00eancia \u00e9 estar inserido no processo de transforma\u00e7\u00e3o do Brasil&#8221;.<\/p>\n<p>Ela afirmou, ainda, que os povos ind\u00edgenas, que sempre estiveram na linha de frente da resist\u00eancia, agora querem ocupar os espa\u00e7os de decis\u00e3o do pa\u00eds. &#8220;N\u00f3s resistimos ao mais brutal processo de expuls\u00e3o de nossos povos. Sempre fizemos a luta contra o agroneg\u00f3cio, o capitalismo, as grandes pecu\u00e1rias, a especula\u00e7\u00e3o imobili\u00e1ria. E hoje ainda nos chamam de &#8216;invasores'&#8221;, disse.<\/p>\n<p>Assista \u00e0 fala completa de Guilherme Boulos na Confer\u00eancia Eleitoral do PSOL:<\/p>\n<p><iframe loading=\"lazy\" src=\"https:\/\/www.youtube.com\/embed\/MgK4_SwZ8ZA\" width=\"560\" height=\"315\" frameborder=\"0\" allowfullscreen=\"allowfullscreen\"><\/iframe><\/p>\n","protected":false},"excerpt":{"rendered":"<p>A Confer\u00eancia Eleitoral do PSOL aprovou em definitivo, neste s\u00e1bado (10), os nomes para compor a chapa de pr\u00e9-candidatos \u00e0 Presid\u00eancia pelo partido em 2018: Guilherme Boulos e S\u00f4nia Guajajara. A chapa fecha um longo processo de conversas do partido na constru\u00e7\u00e3o de uma s\u00f3lida alian\u00e7a com diversos movimentos sociais do pa\u00eds, que ofereceu os [&hellip;]<\/p>\n","protected":false},"author":2,"featured_media":20119,"comment_status":"open","ping_status":"open","sticky":false,"template":"","format":"standard","meta":{"_acf_changed":false,"footnotes":""},"categories":[1882,2165,6],"tags":[2166,977,2307,2308,2309,2303,22,1170],"class_list":{"0":"post-20117","1":"post","2":"type-post","3":"status-publish","4":"format-standard","5":"has-post-thumbnail","7":"category-brasil","8":"category-eleicoes-2018","9":"category-noticias","10":"tag-conferencia-eleitoral","11":"tag-guilherme-boulos","12":"tag-hamilton-assis","13":"tag-nildo-ouriques","14":"tag-plinio-de-arruda-sampaio-jr","15":"tag-pre-candidaturas-a-presidencia","16":"tag-psol","17":"tag-sonia-guajajara"},"acf":[],"yoast_head":"<!-- This site is optimized with the Yoast SEO plugin v26.5 - https:\/\/yoast.com\/wordpress\/plugins\/seo\/ -->\n<title>Oficial: Guilherme Boulos \u00e9 o pr\u00e9-candidato do PSOL \u00e0 Presid\u00eancia da Rep\u00fablica - PSOL 50<\/title>\n<meta name=\"robots\" content=\"index, follow, max-snippet:-1, max-image-preview:large, max-video-preview:-1\" \/>\n<link rel=\"canonical\" href=\"https:\/\/psol50.org.br\/oficial-guilherme-boulos-e-o-pre-candidato-do-psol-a-presidencia-da-republica\/\" \/>\n<meta property=\"og:locale\" content=\"pt_BR\" \/>\n<meta property=\"og:type\" content=\"article\" \/>\n<meta property=\"og:title\" content=\"Oficial: Guilherme Boulos \u00e9 o pr\u00e9-candidato do PSOL \u00e0 Presid\u00eancia da Rep\u00fablica - PSOL 50\" \/>\n<meta property=\"og:description\" content=\"A Confer\u00eancia Eleitoral do PSOL aprovou em definitivo, neste s\u00e1bado (10), os nomes para compor a chapa de pr\u00e9-candidatos \u00e0 Presid\u00eancia pelo partido em 2018: Guilherme Boulos e S\u00f4nia Guajajara. A chapa fecha um longo processo de conversas do partido na constru\u00e7\u00e3o de uma s\u00f3lida alian\u00e7a com diversos movimentos sociais do pa\u00eds, que ofereceu os [&hellip;]\" \/>\n<meta property=\"og:url\" content=\"https:\/\/psol50.org.br\/oficial-guilherme-boulos-e-o-pre-candidato-do-psol-a-presidencia-da-republica\/\" \/>\n<meta property=\"og:site_name\" content=\"PSOL 50\" \/>\n<meta property=\"article:publisher\" content=\"https:\/\/www.facebook.com\/psol50\" \/>\n<meta property=\"article:published_time\" content=\"2018-03-10T16:18:35+00:00\" \/>\n<meta property=\"og:image\" content=\"https:\/\/psol50.org.br\/inc\/uploads\/2018\/03\/2018-03-10-10.54.43.jpg\" \/>\n\t<meta property=\"og:image:width\" content=\"2500\" \/>\n\t<meta property=\"og:image:height\" content=\"1667\" \/>\n\t<meta property=\"og:image:type\" content=\"image\/jpeg\" \/>\n<meta name=\"author\" content=\"Comunica\u00e7\u00e3o PSOL\" \/>\n<meta name=\"twitter:card\" content=\"summary_large_image\" \/>\n<meta name=\"twitter:creator\" content=\"@psol50\" \/>\n<meta name=\"twitter:site\" content=\"@psol50\" \/>\n<meta name=\"twitter:label1\" content=\"Escrito por\" \/>\n\t<meta name=\"twitter:data1\" content=\"Comunica\u00e7\u00e3o PSOL\" \/>\n\t<meta name=\"twitter:label2\" content=\"Est. tempo de leitura\" \/>\n\t<meta name=\"twitter:data2\" content=\"2 minutos\" \/>\n<script type=\"application\/ld+json\" class=\"yoast-schema-graph\">{\"@context\":\"https:\/\/schema.org\",\"@graph\":[{\"@type\":\"Article\",\"@id\":\"https:\/\/psol50.org.br\/oficial-guilherme-boulos-e-o-pre-candidato-do-psol-a-presidencia-da-republica\/#article\",\"isPartOf\":{\"@id\":\"https:\/\/psol50.org.br\/oficial-guilherme-boulos-e-o-pre-candidato-do-psol-a-presidencia-da-republica\/\"},\"author\":{\"name\":\"Comunica\u00e7\u00e3o PSOL\",\"@id\":\"https:\/\/psol50.org.br\/#\/schema\/person\/475dfa57d0b815993c714c2e96491fcd\"},\"headline\":\"Oficial: Guilherme Boulos \u00e9 o pr\u00e9-candidato do PSOL \u00e0 Presid\u00eancia da Rep\u00fablica\",\"datePublished\":\"2018-03-10T16:18:35+00:00\",\"mainEntityOfPage\":{\"@id\":\"https:\/\/psol50.org.br\/oficial-guilherme-boulos-e-o-pre-candidato-do-psol-a-presidencia-da-republica\/\"},\"wordCount\":485,\"commentCount\":0,\"publisher\":{\"@id\":\"https:\/\/psol50.org.br\/#organization\"},\"image\":{\"@id\":\"https:\/\/psol50.org.br\/oficial-guilherme-boulos-e-o-pre-candidato-do-psol-a-presidencia-da-republica\/#primaryimage\"},\"thumbnailUrl\":\"https:\/\/psol50.org.br\/inc\/uploads\/2018\/03\/2018-03-10-10.54.43.jpg\",\"keywords\":[\"confer\u00eancia eleitoral\",\"Guilherme Boulos\",\"Hamilton Assis\",\"Nildo Ouriques\",\"Pl\u00ednio de Arruda Sampaio Jr.\",\"Pr\u00e9-candidaturas \u00e0 presid\u00eancia\",\"PSOL\",\"S\u00f4nia Guajajara\"],\"articleSection\":[\"Brasil\",\"Elei\u00e7\u00f5es 2018\",\"Not\u00edcias\"],\"inLanguage\":\"pt-BR\",\"potentialAction\":[{\"@type\":\"CommentAction\",\"name\":\"Comment\",\"target\":[\"https:\/\/psol50.org.br\/oficial-guilherme-boulos-e-o-pre-candidato-do-psol-a-presidencia-da-republica\/#respond\"]}]},{\"@type\":\"WebPage\",\"@id\":\"https:\/\/psol50.org.br\/oficial-guilherme-boulos-e-o-pre-candidato-do-psol-a-presidencia-da-republica\/\",\"url\":\"https:\/\/psol50.org.br\/oficial-guilherme-boulos-e-o-pre-candidato-do-psol-a-presidencia-da-republica\/\",\"name\":\"Oficial: Guilherme Boulos \u00e9 o pr\u00e9-candidato do PSOL \u00e0 Presid\u00eancia da Rep\u00fablica - PSOL 50\",\"isPartOf\":{\"@id\":\"https:\/\/psol50.org.br\/#website\"},\"primaryImageOfPage\":{\"@id\":\"https:\/\/psol50.org.br\/oficial-guilherme-boulos-e-o-pre-candidato-do-psol-a-presidencia-da-republica\/#primaryimage\"},\"image\":{\"@id\":\"https:\/\/psol50.org.br\/oficial-guilherme-boulos-e-o-pre-candidato-do-psol-a-presidencia-da-republica\/#primaryimage\"},\"thumbnailUrl\":\"https:\/\/psol50.org.br\/inc\/uploads\/2018\/03\/2018-03-10-10.54.43.jpg\",\"datePublished\":\"2018-03-10T16:18:35+00:00\",\"breadcrumb\":{\"@id\":\"https:\/\/psol50.org.br\/oficial-guilherme-boulos-e-o-pre-candidato-do-psol-a-presidencia-da-republica\/#breadcrumb\"},\"inLanguage\":\"pt-BR\",\"potentialAction\":[{\"@type\":\"ReadAction\",\"target\":[\"https:\/\/psol50.org.br\/oficial-guilherme-boulos-e-o-pre-candidato-do-psol-a-presidencia-da-republica\/\"]}]},{\"@type\":\"ImageObject\",\"inLanguage\":\"pt-BR\",\"@id\":\"https:\/\/psol50.org.br\/oficial-guilherme-boulos-e-o-pre-candidato-do-psol-a-presidencia-da-republica\/#primaryimage\",\"url\":\"https:\/\/psol50.org.br\/inc\/uploads\/2018\/03\/2018-03-10-10.54.43.jpg\",\"contentUrl\":\"https:\/\/psol50.org.br\/inc\/uploads\/2018\/03\/2018-03-10-10.54.43.jpg\",\"width\":2500,\"height\":1667},{\"@type\":\"BreadcrumbList\",\"@id\":\"https:\/\/psol50.org.br\/oficial-guilherme-boulos-e-o-pre-candidato-do-psol-a-presidencia-da-republica\/#breadcrumb\",\"itemListElement\":[{\"@type\":\"ListItem\",\"position\":1,\"name\":\"In\u00edcio\",\"item\":\"https:\/\/psol50.org.br\/\"},{\"@type\":\"ListItem\",\"position\":2,\"name\":\"Oficial: Guilherme Boulos \u00e9 o pr\u00e9-candidato do PSOL \u00e0 Presid\u00eancia da Rep\u00fablica\"}]},{\"@type\":\"WebSite\",\"@id\":\"https:\/\/psol50.org.br\/#website\",\"url\":\"https:\/\/psol50.org.br\/\",\"name\":\"PSOL 50\",\"description\":\"Site oficial do Partido Socialismo e Liberdade\",\"publisher\":{\"@id\":\"https:\/\/psol50.org.br\/#organization\"},\"alternateName\":\"PSOL50\",\"potentialAction\":[{\"@type\":\"SearchAction\",\"target\":{\"@type\":\"EntryPoint\",\"urlTemplate\":\"https:\/\/psol50.org.br\/?s={search_term_string}\"},\"query-input\":{\"@type\":\"PropertyValueSpecification\",\"valueRequired\":true,\"valueName\":\"search_term_string\"}}],\"inLanguage\":\"pt-BR\"},{\"@type\":\"Organization\",\"@id\":\"https:\/\/psol50.org.br\/#organization\",\"name\":\"PSOL 50\",\"alternateName\":\"PSOL 50\",\"url\":\"https:\/\/psol50.org.br\/\",\"logo\":{\"@type\":\"ImageObject\",\"inLanguage\":\"pt-BR\",\"@id\":\"https:\/\/psol50.org.br\/#\/schema\/logo\/image\/\",\"url\":\"https:\/\/psol50.org.br\/inc\/uploads\/2018\/07\/capa.png\",\"contentUrl\":\"https:\/\/psol50.org.br\/inc\/uploads\/2018\/07\/capa.png\",\"width\":1350,\"height\":900,\"caption\":\"PSOL 50\"},\"image\":{\"@id\":\"https:\/\/psol50.org.br\/#\/schema\/logo\/image\/\"},\"sameAs\":[\"https:\/\/www.facebook.com\/psol50\",\"https:\/\/x.com\/psol50\",\"https:\/\/www.instagram.com\/psol50\/\",\"https:\/\/www.youtube.com\/channel\/UC7SnJS5o1os7a6CaiNabzcg\"]},{\"@type\":\"Person\",\"@id\":\"https:\/\/psol50.org.br\/#\/schema\/person\/475dfa57d0b815993c714c2e96491fcd\",\"name\":\"Comunica\u00e7\u00e3o PSOL\",\"image\":{\"@type\":\"ImageObject\",\"inLanguage\":\"pt-BR\",\"@id\":\"https:\/\/psol50.org.br\/#\/schema\/person\/image\/\",\"url\":\"https:\/\/secure.gravatar.com\/avatar\/b34fc4f4e468a4e51785917065a3db57b841f5c95dba6ad8c73aaf8f66f8f9bf?s=96&d=mm&r=g\",\"contentUrl\":\"https:\/\/secure.gravatar.com\/avatar\/b34fc4f4e468a4e51785917065a3db57b841f5c95dba6ad8c73aaf8f66f8f9bf?s=96&d=mm&r=g\",\"caption\":\"Comunica\u00e7\u00e3o PSOL\"}}]}<\/script>\n<!-- \/ Yoast SEO plugin. -->","yoast_head_json":{"title":"Oficial: Guilherme Boulos \u00e9 o pr\u00e9-candidato do PSOL \u00e0 Presid\u00eancia da Rep\u00fablica - PSOL 50","robots":{"index":"index","follow":"follow","max-snippet":"max-snippet:-1","max-image-preview":"max-image-preview:large","max-video-preview":"max-video-preview:-1"},"canonical":"https:\/\/psol50.org.br\/oficial-guilherme-boulos-e-o-pre-candidato-do-psol-a-presidencia-da-republica\/","og_locale":"pt_BR","og_type":"article","og_title":"Oficial: Guilherme Boulos \u00e9 o pr\u00e9-candidato do PSOL \u00e0 Presid\u00eancia da Rep\u00fablica - PSOL 50","og_description":"A Confer\u00eancia Eleitoral do PSOL aprovou em definitivo, neste s\u00e1bado (10), os nomes para compor a chapa de pr\u00e9-candidatos \u00e0 Presid\u00eancia pelo partido em 2018: Guilherme Boulos e S\u00f4nia Guajajara. A chapa fecha um longo processo de conversas do partido na constru\u00e7\u00e3o de uma s\u00f3lida alian\u00e7a com diversos movimentos sociais do pa\u00eds, que ofereceu os [&hellip;]","og_url":"https:\/\/psol50.org.br\/oficial-guilherme-boulos-e-o-pre-candidato-do-psol-a-presidencia-da-republica\/","og_site_name":"PSOL 50","article_publisher":"https:\/\/www.facebook.com\/psol50","article_published_time":"2018-03-10T16:18:35+00:00","og_image":[{"width":2500,"height":1667,"url":"https:\/\/psol50.org.br\/inc\/uploads\/2018\/03\/2018-03-10-10.54.43.jpg","type":"image\/jpeg"}],"author":"Comunica\u00e7\u00e3o PSOL","twitter_card":"summary_large_image","twitter_creator":"@psol50","twitter_site":"@psol50","twitter_misc":{"Escrito por":"Comunica\u00e7\u00e3o PSOL","Est. tempo de leitura":"2 minutos"},"schema":{"@context":"https:\/\/schema.org","@graph":[{"@type":"Article","@id":"https:\/\/psol50.org.br\/oficial-guilherme-boulos-e-o-pre-candidato-do-psol-a-presidencia-da-republica\/#article","isPartOf":{"@id":"https:\/\/psol50.org.br\/oficial-guilherme-boulos-e-o-pre-candidato-do-psol-a-presidencia-da-republica\/"},"author":{"name":"Comunica\u00e7\u00e3o PSOL","@id":"https:\/\/psol50.org.br\/#\/schema\/person\/475dfa57d0b815993c714c2e96491fcd"},"headline":"Oficial: Guilherme Boulos \u00e9 o pr\u00e9-candidato do PSOL \u00e0 Presid\u00eancia da Rep\u00fablica","datePublished":"2018-03-10T16:18:35+00:00","mainEntityOfPage":{"@id":"https:\/\/psol50.org.br\/oficial-guilherme-boulos-e-o-pre-candidato-do-psol-a-presidencia-da-republica\/"},"wordCount":485,"commentCount":0,"publisher":{"@id":"https:\/\/psol50.org.br\/#organization"},"image":{"@id":"https:\/\/psol50.org.br\/oficial-guilherme-boulos-e-o-pre-candidato-do-psol-a-presidencia-da-republica\/#primaryimage"},"thumbnailUrl":"https:\/\/psol50.org.br\/inc\/uploads\/2018\/03\/2018-03-10-10.54.43.jpg","keywords":["confer\u00eancia eleitoral","Guilherme Boulos","Hamilton Assis","Nildo Ouriques","Pl\u00ednio de Arruda Sampaio Jr.","Pr\u00e9-candidaturas \u00e0 presid\u00eancia","PSOL","S\u00f4nia Guajajara"],"articleSection":["Brasil","Elei\u00e7\u00f5es 2018","Not\u00edcias"],"inLanguage":"pt-BR","potentialAction":[{"@type":"CommentAction","name":"Comment","target":["https:\/\/psol50.org.br\/oficial-guilherme-boulos-e-o-pre-candidato-do-psol-a-presidencia-da-republica\/#respond"]}]},{"@type":"WebPage","@id":"https:\/\/psol50.org.br\/oficial-guilherme-boulos-e-o-pre-candidato-do-psol-a-presidencia-da-republica\/","url":"https:\/\/psol50.org.br\/oficial-guilherme-boulos-e-o-pre-candidato-do-psol-a-presidencia-da-republica\/","name":"Oficial: Guilherme Boulos \u00e9 o pr\u00e9-candidato do PSOL \u00e0 Presid\u00eancia da Rep\u00fablica - PSOL 50","isPartOf":{"@id":"https:\/\/psol50.org.br\/#website"},"primaryImageOfPage":{"@id":"https:\/\/psol50.org.br\/oficial-guilherme-boulos-e-o-pre-candidato-do-psol-a-presidencia-da-republica\/#primaryimage"},"image":{"@id":"https:\/\/psol50.org.br\/oficial-guilherme-boulos-e-o-pre-candidato-do-psol-a-presidencia-da-republica\/#primaryimage"},"thumbnailUrl":"https:\/\/psol50.org.br\/inc\/uploads\/2018\/03\/2018-03-10-10.54.43.jpg","datePublished":"2018-03-10T16:18:35+00:00","breadcrumb":{"@id":"https:\/\/psol50.org.br\/oficial-guilherme-boulos-e-o-pre-candidato-do-psol-a-presidencia-da-republica\/#breadcrumb"},"inLanguage":"pt-BR","potentialAction":[{"@type":"ReadAction","target":["https:\/\/psol50.org.br\/oficial-guilherme-boulos-e-o-pre-candidato-do-psol-a-presidencia-da-republica\/"]}]},{"@type":"ImageObject","inLanguage":"pt-BR","@id":"https:\/\/psol50.org.br\/oficial-guilherme-boulos-e-o-pre-candidato-do-psol-a-presidencia-da-republica\/#primaryimage","url":"https:\/\/psol50.org.br\/inc\/uploads\/2018\/03\/2018-03-10-10.54.43.jpg","contentUrl":"https:\/\/psol50.org.br\/inc\/uploads\/2018\/03\/2018-03-10-10.54.43.jpg","width":2500,"height":1667},{"@type":"BreadcrumbList","@id":"https:\/\/psol50.org.br\/oficial-guilherme-boulos-e-o-pre-candidato-do-psol-a-presidencia-da-republica\/#breadcrumb","itemListElement":[{"@type":"ListItem","position":1,"name":"In\u00edcio","item":"https:\/\/psol50.org.br\/"},{"@type":"ListItem","position":2,"name":"Oficial: Guilherme Boulos \u00e9 o pr\u00e9-candidato do PSOL \u00e0 Presid\u00eancia da Rep\u00fablica"}]},{"@type":"WebSite","@id":"https:\/\/psol50.org.br\/#website","url":"https:\/\/psol50.org.br\/","name":"PSOL 50","description":"Site oficial do Partido Socialismo e Liberdade","publisher":{"@id":"https:\/\/psol50.org.br\/#organization"},"alternateName":"PSOL50","potentialAction":[{"@type":"SearchAction","target":{"@type":"EntryPoint","urlTemplate":"https:\/\/psol50.org.br\/?s={search_term_string}"},"query-input":{"@type":"PropertyValueSpecification","valueRequired":true,"valueName":"search_term_string"}}],"inLanguage":"pt-BR"},{"@type":"Organization","@id":"https:\/\/psol50.org.br\/#organization","name":"PSOL 50","alternateName":"PSOL 50","url":"https:\/\/psol50.org.br\/","logo":{"@type":"ImageObject","inLanguage":"pt-BR","@id":"https:\/\/psol50.org.br\/#\/schema\/logo\/image\/","url":"https:\/\/psol50.org.br\/inc\/uploads\/2018\/07\/capa.png","contentUrl":"https:\/\/psol50.org.br\/inc\/uploads\/2018\/07\/capa.png","width":1350,"height":900,"caption":"PSOL 50"},"image":{"@id":"https:\/\/psol50.org.br\/#\/schema\/logo\/image\/"},"sameAs":["https:\/\/www.facebook.com\/psol50","https:\/\/x.com\/psol50","https:\/\/www.instagram.com\/psol50\/","https:\/\/www.youtube.com\/channel\/UC7SnJS5o1os7a6CaiNabzcg"]},{"@type":"Person","@id":"https:\/\/psol50.org.br\/#\/schema\/person\/475dfa57d0b815993c714c2e96491fcd","name":"Comunica\u00e7\u00e3o PSOL","image":{"@type":"ImageObject","inLanguage":"pt-BR","@id":"https:\/\/psol50.org.br\/#\/schema\/person\/image\/","url":"https:\/\/secure.gravatar.com\/avatar\/b34fc4f4e468a4e51785917065a3db57b841f5c95dba6ad8c73aaf8f66f8f9bf?s=96&d=mm&r=g","contentUrl":"https:\/\/secure.gravatar.com\/avatar\/b34fc4f4e468a4e51785917065a3db57b841f5c95dba6ad8c73aaf8f66f8f9bf?s=96&d=mm&r=g","caption":"Comunica\u00e7\u00e3o PSOL"}}]}},"_links":{"self":[{"href":"https:\/\/psol50.org.br\/rest\/wp\/v2\/posts\/20117","targetHints":{"allow":["GET"]}}],"collection":[{"href":"https:\/\/psol50.org.br\/rest\/wp\/v2\/posts"}],"about":[{"href":"https:\/\/psol50.org.br\/rest\/wp\/v2\/types\/post"}],"author":[{"embeddable":true,"href":"https:\/\/psol50.org.br\/rest\/wp\/v2\/users\/2"}],"replies":[{"embeddable":true,"href":"https:\/\/psol50.org.br\/rest\/wp\/v2\/comments?post=20117"}],"version-history":[{"count":0,"href":"https:\/\/psol50.org.br\/rest\/wp\/v2\/posts\/20117\/revisions"}],"wp:featuredmedia":[{"embeddable":true,"href":"https:\/\/psol50.org.br\/rest\/wp\/v2\/media\/20119"}],"wp:attachment":[{"href":"https:\/\/psol50.org.br\/rest\/wp\/v2\/media?parent=20117"}],"wp:term":[{"taxonomy":"category","embeddable":true,"href":"https:\/\/psol50.org.br\/rest\/wp\/v2\/categories?post=20117"},{"taxonomy":"post_tag","embeddable":true,"href":"https:\/\/psol50.org.br\/rest\/wp\/v2\/tags?post=20117"}],"curies":[{"name":"wp","href":"https:\/\/api.w.org\/{rel}","templated":true}]}}