{"id":20128,"date":"2018-03-10T18:39:39","date_gmt":"2018-03-10T21:39:39","guid":{"rendered":"http:\/\/www.psol50.org.br\/?p=20128"},"modified":"2018-03-10T18:39:39","modified_gmt":"2018-03-10T21:39:39","slug":"conferencia-reafirma-alianca-com-o-pcb-para-as-eleicoes-de-outubro","status":"publish","type":"post","link":"https:\/\/psol50.org.br\/conferencia-reafirma-alianca-com-o-pcb-para-as-eleicoes-de-outubro\/","title":{"rendered":"Confer\u00eancia reafirma alian\u00e7a com o PCB para as elei\u00e7\u00f5es de outubro"},"content":{"rendered":"<p>A Confer\u00eancia Eleitoral do PSOL, realizada neste s\u00e1bado (10\/03), em S\u00e3o Paulo, confirmou a alian\u00e7a com o PCB (Partido Comunista Brasileiro) nas elei\u00e7\u00f5es de outubro. O di\u00e1logo entre os dois partidos j\u00e1 vinha ocorrendo e, em fevereiro deste ano, o presidente nacional do PSOL, <a href=\"http:\/\/www.psol50.org.br\/psol-e-pcb-debatem-futuro-da-esquerda-e-possibilidade-de-alianca-para-as-eleicoes\/\" target=\"_blank\" rel=\"noopener\"><strong><span style=\"color: #0000ff;\">Juliano Medeiros, se reuniu com o\u00a0secret\u00e1rio-geral do PCB, Edmilson Costa<\/span><\/strong><\/a>, para debater a conjuntura do pa\u00eds, a resist\u00eancia da esquerda aos ataques do governo de Michel Temer e a luta conjunta contra a reforma da Previd\u00eancia.<\/p>\n<p>Segundo explicou Edmilson Costa durante entrevista coletiva \u00e0 imprensa, o PCB aprovou, em fevereiro deste ano, iniciar os debates em torno de uma alian\u00e7a com o PSOL.<\/p>\n<p>&#8220;N\u00f3s est\u00e1vamos esperando a resolu\u00e7\u00e3o que essa confer\u00eancia ia trazer. E agora nos encanta muito saber que a confer\u00eancia se decidiu pela candidatura do camarada Guilherme Boulos e da camarada S\u00f4nia Guajajara. Essas candidaturas, para n\u00f3s, representam uma alternativa real. N\u00f3s vamos trabalhar, de Norte a Sul do pa\u00eds, vamos colocar toda a nossa milit\u00e2ncia a servi\u00e7o dessa alternativa&#8221;, disse Costa, se referindo \u00e0 <a href=\"http:\/\/www.psol50.org.br\/oficial-guilherme-boulos-e-o-pre-candidato-do-psol-a-presidencia-da-republica\/\" target=\"_blank\" rel=\"noopener\"><strong><span style=\"color: #0000ff;\">decis\u00e3o da confer\u00eancia<\/span><\/strong><\/a> em lan\u00e7ar o dirigente nacional do MTST \u00e0 Presid\u00eancia da Rep\u00fablica e a representante da APIB (Articula\u00e7\u00e3o dos Povos Ind\u00edgenas do Brasil).<\/p>\n<p><img loading=\"lazy\" decoding=\"async\" class=\"size-medium wp-image-20129 aligncenter\" src=\"http:\/\/www.psol50.org.br\/inc\/uploads\/2018\/03\/26861382468_e70cc9df28_k-600x400.jpg\" alt=\"\" width=\"600\" height=\"400\" \/><\/p>\n<p>Juliano Medeiros saudou o PCB, pela sua decis\u00e3o em participar da constru\u00e7\u00e3o de uma alternativa para o pa\u00eds, juntamente ao PSOL e a diversos movimentos sociais. &#8220;A incorpora\u00e7\u00e3o do PCB \u00e0 alian\u00e7a que o PSOL e os movimentos sociais t\u00eam constru\u00eddo, e que se expressa na chapa Boulos-Guajajara, \u00e9 uma grande not\u00edcia que demonstra que ainda h\u00e1 partidos independentes e comprometidos com a transforma\u00e7\u00e3o social. Os camaradas s\u00e3o muito bem-vindos!&#8221;.<\/p>\n","protected":false},"excerpt":{"rendered":"<p>A Confer\u00eancia Eleitoral do PSOL, realizada neste s\u00e1bado (10\/03), em S\u00e3o Paulo, confirmou a alian\u00e7a com o PCB (Partido Comunista Brasileiro) nas elei\u00e7\u00f5es de outubro. O di\u00e1logo entre os dois partidos j\u00e1 vinha ocorrendo e, em fevereiro deste ano, o presidente nacional do PSOL, Juliano Medeiros, se reuniu com o\u00a0secret\u00e1rio-geral do PCB, Edmilson Costa, para [&hellip;]<\/p>\n","protected":false},"author":2,"featured_media":20130,"comment_status":"open","ping_status":"open","sticky":false,"template":"","format":"standard","meta":{"_acf_changed":false,"footnotes":""},"categories":[1882,6,14],"tags":[2314,2166,343,790,977,711,2310,22,1170],"class_list":{"0":"post-20128","1":"post","2":"type-post","3":"status-publish","4":"format-standard","5":"has-post-thumbnail","7":"category-brasil","8":"category-noticias","9":"category-partido","10":"tag-alianca","11":"tag-conferencia-eleitoral","12":"tag-eleicoes","13":"tag-esquerda","14":"tag-guilherme-boulos","15":"tag-pcb","16":"tag-presidencia-da-republica","17":"tag-psol","18":"tag-sonia-guajajara"},"acf":[],"yoast_head":"<!-- This site is optimized with the Yoast SEO plugin v26.5 - https:\/\/yoast.com\/wordpress\/plugins\/seo\/ -->\n<title>Confer\u00eancia reafirma alian\u00e7a com o PCB para as elei\u00e7\u00f5es de outubro - PSOL 50<\/title>\n<meta name=\"robots\" content=\"index, follow, max-snippet:-1, max-image-preview:large, max-video-preview:-1\" \/>\n<link rel=\"canonical\" href=\"https:\/\/psol50.org.br\/conferencia-reafirma-alianca-com-o-pcb-para-as-eleicoes-de-outubro\/\" \/>\n<meta property=\"og:locale\" content=\"pt_BR\" \/>\n<meta property=\"og:type\" content=\"article\" \/>\n<meta property=\"og:title\" content=\"Confer\u00eancia reafirma alian\u00e7a com o PCB para as elei\u00e7\u00f5es de outubro - PSOL 50\" \/>\n<meta property=\"og:description\" content=\"A Confer\u00eancia Eleitoral do PSOL, realizada neste s\u00e1bado (10\/03), em S\u00e3o Paulo, confirmou a alian\u00e7a com o PCB (Partido Comunista Brasileiro) nas elei\u00e7\u00f5es de outubro. O di\u00e1logo entre os dois partidos j\u00e1 vinha ocorrendo e, em fevereiro deste ano, o presidente nacional do PSOL, Juliano Medeiros, se reuniu com o\u00a0secret\u00e1rio-geral do PCB, Edmilson Costa, para [&hellip;]\" \/>\n<meta property=\"og:url\" content=\"https:\/\/psol50.org.br\/conferencia-reafirma-alianca-com-o-pcb-para-as-eleicoes-de-outubro\/\" \/>\n<meta property=\"og:site_name\" content=\"PSOL 50\" \/>\n<meta property=\"article:publisher\" content=\"https:\/\/www.facebook.com\/psol50\" \/>\n<meta property=\"article:published_time\" content=\"2018-03-10T21:39:39+00:00\" \/>\n<meta property=\"og:image\" content=\"https:\/\/psol50.org.br\/inc\/uploads\/2018\/03\/38922524930_c6541ce4ac_k.jpg\" \/>\n\t<meta property=\"og:image:width\" content=\"1800\" \/>\n\t<meta property=\"og:image:height\" content=\"1200\" \/>\n\t<meta property=\"og:image:type\" content=\"image\/jpeg\" \/>\n<meta name=\"author\" content=\"Comunica\u00e7\u00e3o PSOL\" \/>\n<meta name=\"twitter:card\" content=\"summary_large_image\" \/>\n<meta name=\"twitter:creator\" content=\"@psol50\" \/>\n<meta name=\"twitter:site\" content=\"@psol50\" \/>\n<meta name=\"twitter:label1\" content=\"Escrito por\" \/>\n\t<meta name=\"twitter:data1\" content=\"Comunica\u00e7\u00e3o PSOL\" \/>\n\t<meta name=\"twitter:label2\" content=\"Est. tempo de leitura\" \/>\n\t<meta name=\"twitter:data2\" content=\"2 minutos\" \/>\n<script type=\"application\/ld+json\" class=\"yoast-schema-graph\">{\"@context\":\"https:\/\/schema.org\",\"@graph\":[{\"@type\":\"Article\",\"@id\":\"https:\/\/psol50.org.br\/conferencia-reafirma-alianca-com-o-pcb-para-as-eleicoes-de-outubro\/#article\",\"isPartOf\":{\"@id\":\"https:\/\/psol50.org.br\/conferencia-reafirma-alianca-com-o-pcb-para-as-eleicoes-de-outubro\/\"},\"author\":{\"name\":\"Comunica\u00e7\u00e3o PSOL\",\"@id\":\"https:\/\/psol50.org.br\/#\/schema\/person\/475dfa57d0b815993c714c2e96491fcd\"},\"headline\":\"Confer\u00eancia reafirma alian\u00e7a com o PCB para as elei\u00e7\u00f5es de outubro\",\"datePublished\":\"2018-03-10T21:39:39+00:00\",\"mainEntityOfPage\":{\"@id\":\"https:\/\/psol50.org.br\/conferencia-reafirma-alianca-com-o-pcb-para-as-eleicoes-de-outubro\/\"},\"wordCount\":314,\"commentCount\":0,\"publisher\":{\"@id\":\"https:\/\/psol50.org.br\/#organization\"},\"image\":{\"@id\":\"https:\/\/psol50.org.br\/conferencia-reafirma-alianca-com-o-pcb-para-as-eleicoes-de-outubro\/#primaryimage\"},\"thumbnailUrl\":\"https:\/\/psol50.org.br\/inc\/uploads\/2018\/03\/38922524930_c6541ce4ac_k.jpg\",\"keywords\":[\"alian\u00e7a\",\"confer\u00eancia eleitoral\",\"elei\u00e7\u00f5es\",\"esquerda\",\"Guilherme Boulos\",\"PCB\",\"Presid\u00eancia da Rep\u00fablica\",\"PSOL\",\"S\u00f4nia Guajajara\"],\"articleSection\":[\"Brasil\",\"Not\u00edcias\",\"Partido\"],\"inLanguage\":\"pt-BR\",\"potentialAction\":[{\"@type\":\"CommentAction\",\"name\":\"Comment\",\"target\":[\"https:\/\/psol50.org.br\/conferencia-reafirma-alianca-com-o-pcb-para-as-eleicoes-de-outubro\/#respond\"]}]},{\"@type\":\"WebPage\",\"@id\":\"https:\/\/psol50.org.br\/conferencia-reafirma-alianca-com-o-pcb-para-as-eleicoes-de-outubro\/\",\"url\":\"https:\/\/psol50.org.br\/conferencia-reafirma-alianca-com-o-pcb-para-as-eleicoes-de-outubro\/\",\"name\":\"Confer\u00eancia reafirma alian\u00e7a com o PCB para as elei\u00e7\u00f5es de outubro - PSOL 50\",\"isPartOf\":{\"@id\":\"https:\/\/psol50.org.br\/#website\"},\"primaryImageOfPage\":{\"@id\":\"https:\/\/psol50.org.br\/conferencia-reafirma-alianca-com-o-pcb-para-as-eleicoes-de-outubro\/#primaryimage\"},\"image\":{\"@id\":\"https:\/\/psol50.org.br\/conferencia-reafirma-alianca-com-o-pcb-para-as-eleicoes-de-outubro\/#primaryimage\"},\"thumbnailUrl\":\"https:\/\/psol50.org.br\/inc\/uploads\/2018\/03\/38922524930_c6541ce4ac_k.jpg\",\"datePublished\":\"2018-03-10T21:39:39+00:00\",\"breadcrumb\":{\"@id\":\"https:\/\/psol50.org.br\/conferencia-reafirma-alianca-com-o-pcb-para-as-eleicoes-de-outubro\/#breadcrumb\"},\"inLanguage\":\"pt-BR\",\"potentialAction\":[{\"@type\":\"ReadAction\",\"target\":[\"https:\/\/psol50.org.br\/conferencia-reafirma-alianca-com-o-pcb-para-as-eleicoes-de-outubro\/\"]}]},{\"@type\":\"ImageObject\",\"inLanguage\":\"pt-BR\",\"@id\":\"https:\/\/psol50.org.br\/conferencia-reafirma-alianca-com-o-pcb-para-as-eleicoes-de-outubro\/#primaryimage\",\"url\":\"https:\/\/psol50.org.br\/inc\/uploads\/2018\/03\/38922524930_c6541ce4ac_k.jpg\",\"contentUrl\":\"https:\/\/psol50.org.br\/inc\/uploads\/2018\/03\/38922524930_c6541ce4ac_k.jpg\",\"width\":1800,\"height\":1200},{\"@type\":\"BreadcrumbList\",\"@id\":\"https:\/\/psol50.org.br\/conferencia-reafirma-alianca-com-o-pcb-para-as-eleicoes-de-outubro\/#breadcrumb\",\"itemListElement\":[{\"@type\":\"ListItem\",\"position\":1,\"name\":\"In\u00edcio\",\"item\":\"https:\/\/psol50.org.br\/\"},{\"@type\":\"ListItem\",\"position\":2,\"name\":\"Confer\u00eancia reafirma alian\u00e7a com o PCB para as elei\u00e7\u00f5es de outubro\"}]},{\"@type\":\"WebSite\",\"@id\":\"https:\/\/psol50.org.br\/#website\",\"url\":\"https:\/\/psol50.org.br\/\",\"name\":\"PSOL 50\",\"description\":\"Site oficial do Partido Socialismo e Liberdade\",\"publisher\":{\"@id\":\"https:\/\/psol50.org.br\/#organization\"},\"alternateName\":\"PSOL50\",\"potentialAction\":[{\"@type\":\"SearchAction\",\"target\":{\"@type\":\"EntryPoint\",\"urlTemplate\":\"https:\/\/psol50.org.br\/?s={search_term_string}\"},\"query-input\":{\"@type\":\"PropertyValueSpecification\",\"valueRequired\":true,\"valueName\":\"search_term_string\"}}],\"inLanguage\":\"pt-BR\"},{\"@type\":\"Organization\",\"@id\":\"https:\/\/psol50.org.br\/#organization\",\"name\":\"PSOL 50\",\"alternateName\":\"PSOL 50\",\"url\":\"https:\/\/psol50.org.br\/\",\"logo\":{\"@type\":\"ImageObject\",\"inLanguage\":\"pt-BR\",\"@id\":\"https:\/\/psol50.org.br\/#\/schema\/logo\/image\/\",\"url\":\"https:\/\/psol50.org.br\/inc\/uploads\/2018\/07\/capa.png\",\"contentUrl\":\"https:\/\/psol50.org.br\/inc\/uploads\/2018\/07\/capa.png\",\"width\":1350,\"height\":900,\"caption\":\"PSOL 50\"},\"image\":{\"@id\":\"https:\/\/psol50.org.br\/#\/schema\/logo\/image\/\"},\"sameAs\":[\"https:\/\/www.facebook.com\/psol50\",\"https:\/\/x.com\/psol50\",\"https:\/\/www.instagram.com\/psol50\/\",\"https:\/\/www.youtube.com\/channel\/UC7SnJS5o1os7a6CaiNabzcg\"]},{\"@type\":\"Person\",\"@id\":\"https:\/\/psol50.org.br\/#\/schema\/person\/475dfa57d0b815993c714c2e96491fcd\",\"name\":\"Comunica\u00e7\u00e3o PSOL\",\"image\":{\"@type\":\"ImageObject\",\"inLanguage\":\"pt-BR\",\"@id\":\"https:\/\/psol50.org.br\/#\/schema\/person\/image\/\",\"url\":\"https:\/\/secure.gravatar.com\/avatar\/b34fc4f4e468a4e51785917065a3db57b841f5c95dba6ad8c73aaf8f66f8f9bf?s=96&d=mm&r=g\",\"contentUrl\":\"https:\/\/secure.gravatar.com\/avatar\/b34fc4f4e468a4e51785917065a3db57b841f5c95dba6ad8c73aaf8f66f8f9bf?s=96&d=mm&r=g\",\"caption\":\"Comunica\u00e7\u00e3o PSOL\"}}]}<\/script>\n<!-- \/ Yoast SEO plugin. -->","yoast_head_json":{"title":"Confer\u00eancia reafirma alian\u00e7a com o PCB para as elei\u00e7\u00f5es de outubro - PSOL 50","robots":{"index":"index","follow":"follow","max-snippet":"max-snippet:-1","max-image-preview":"max-image-preview:large","max-video-preview":"max-video-preview:-1"},"canonical":"https:\/\/psol50.org.br\/conferencia-reafirma-alianca-com-o-pcb-para-as-eleicoes-de-outubro\/","og_locale":"pt_BR","og_type":"article","og_title":"Confer\u00eancia reafirma alian\u00e7a com o PCB para as elei\u00e7\u00f5es de outubro - PSOL 50","og_description":"A Confer\u00eancia Eleitoral do PSOL, realizada neste s\u00e1bado (10\/03), em S\u00e3o Paulo, confirmou a alian\u00e7a com o PCB (Partido Comunista Brasileiro) nas elei\u00e7\u00f5es de outubro. O di\u00e1logo entre os dois partidos j\u00e1 vinha ocorrendo e, em fevereiro deste ano, o presidente nacional do PSOL, Juliano Medeiros, se reuniu com o\u00a0secret\u00e1rio-geral do PCB, Edmilson Costa, para [&hellip;]","og_url":"https:\/\/psol50.org.br\/conferencia-reafirma-alianca-com-o-pcb-para-as-eleicoes-de-outubro\/","og_site_name":"PSOL 50","article_publisher":"https:\/\/www.facebook.com\/psol50","article_published_time":"2018-03-10T21:39:39+00:00","og_image":[{"width":1800,"height":1200,"url":"https:\/\/psol50.org.br\/inc\/uploads\/2018\/03\/38922524930_c6541ce4ac_k.jpg","type":"image\/jpeg"}],"author":"Comunica\u00e7\u00e3o PSOL","twitter_card":"summary_large_image","twitter_creator":"@psol50","twitter_site":"@psol50","twitter_misc":{"Escrito por":"Comunica\u00e7\u00e3o PSOL","Est. tempo de leitura":"2 minutos"},"schema":{"@context":"https:\/\/schema.org","@graph":[{"@type":"Article","@id":"https:\/\/psol50.org.br\/conferencia-reafirma-alianca-com-o-pcb-para-as-eleicoes-de-outubro\/#article","isPartOf":{"@id":"https:\/\/psol50.org.br\/conferencia-reafirma-alianca-com-o-pcb-para-as-eleicoes-de-outubro\/"},"author":{"name":"Comunica\u00e7\u00e3o PSOL","@id":"https:\/\/psol50.org.br\/#\/schema\/person\/475dfa57d0b815993c714c2e96491fcd"},"headline":"Confer\u00eancia reafirma alian\u00e7a com o PCB para as elei\u00e7\u00f5es de outubro","datePublished":"2018-03-10T21:39:39+00:00","mainEntityOfPage":{"@id":"https:\/\/psol50.org.br\/conferencia-reafirma-alianca-com-o-pcb-para-as-eleicoes-de-outubro\/"},"wordCount":314,"commentCount":0,"publisher":{"@id":"https:\/\/psol50.org.br\/#organization"},"image":{"@id":"https:\/\/psol50.org.br\/conferencia-reafirma-alianca-com-o-pcb-para-as-eleicoes-de-outubro\/#primaryimage"},"thumbnailUrl":"https:\/\/psol50.org.br\/inc\/uploads\/2018\/03\/38922524930_c6541ce4ac_k.jpg","keywords":["alian\u00e7a","confer\u00eancia eleitoral","elei\u00e7\u00f5es","esquerda","Guilherme Boulos","PCB","Presid\u00eancia da Rep\u00fablica","PSOL","S\u00f4nia Guajajara"],"articleSection":["Brasil","Not\u00edcias","Partido"],"inLanguage":"pt-BR","potentialAction":[{"@type":"CommentAction","name":"Comment","target":["https:\/\/psol50.org.br\/conferencia-reafirma-alianca-com-o-pcb-para-as-eleicoes-de-outubro\/#respond"]}]},{"@type":"WebPage","@id":"https:\/\/psol50.org.br\/conferencia-reafirma-alianca-com-o-pcb-para-as-eleicoes-de-outubro\/","url":"https:\/\/psol50.org.br\/conferencia-reafirma-alianca-com-o-pcb-para-as-eleicoes-de-outubro\/","name":"Confer\u00eancia reafirma alian\u00e7a com o PCB para as elei\u00e7\u00f5es de outubro - PSOL 50","isPartOf":{"@id":"https:\/\/psol50.org.br\/#website"},"primaryImageOfPage":{"@id":"https:\/\/psol50.org.br\/conferencia-reafirma-alianca-com-o-pcb-para-as-eleicoes-de-outubro\/#primaryimage"},"image":{"@id":"https:\/\/psol50.org.br\/conferencia-reafirma-alianca-com-o-pcb-para-as-eleicoes-de-outubro\/#primaryimage"},"thumbnailUrl":"https:\/\/psol50.org.br\/inc\/uploads\/2018\/03\/38922524930_c6541ce4ac_k.jpg","datePublished":"2018-03-10T21:39:39+00:00","breadcrumb":{"@id":"https:\/\/psol50.org.br\/conferencia-reafirma-alianca-com-o-pcb-para-as-eleicoes-de-outubro\/#breadcrumb"},"inLanguage":"pt-BR","potentialAction":[{"@type":"ReadAction","target":["https:\/\/psol50.org.br\/conferencia-reafirma-alianca-com-o-pcb-para-as-eleicoes-de-outubro\/"]}]},{"@type":"ImageObject","inLanguage":"pt-BR","@id":"https:\/\/psol50.org.br\/conferencia-reafirma-alianca-com-o-pcb-para-as-eleicoes-de-outubro\/#primaryimage","url":"https:\/\/psol50.org.br\/inc\/uploads\/2018\/03\/38922524930_c6541ce4ac_k.jpg","contentUrl":"https:\/\/psol50.org.br\/inc\/uploads\/2018\/03\/38922524930_c6541ce4ac_k.jpg","width":1800,"height":1200},{"@type":"BreadcrumbList","@id":"https:\/\/psol50.org.br\/conferencia-reafirma-alianca-com-o-pcb-para-as-eleicoes-de-outubro\/#breadcrumb","itemListElement":[{"@type":"ListItem","position":1,"name":"In\u00edcio","item":"https:\/\/psol50.org.br\/"},{"@type":"ListItem","position":2,"name":"Confer\u00eancia reafirma alian\u00e7a com o PCB para as elei\u00e7\u00f5es de outubro"}]},{"@type":"WebSite","@id":"https:\/\/psol50.org.br\/#website","url":"https:\/\/psol50.org.br\/","name":"PSOL 50","description":"Site oficial do Partido Socialismo e Liberdade","publisher":{"@id":"https:\/\/psol50.org.br\/#organization"},"alternateName":"PSOL50","potentialAction":[{"@type":"SearchAction","target":{"@type":"EntryPoint","urlTemplate":"https:\/\/psol50.org.br\/?s={search_term_string}"},"query-input":{"@type":"PropertyValueSpecification","valueRequired":true,"valueName":"search_term_string"}}],"inLanguage":"pt-BR"},{"@type":"Organization","@id":"https:\/\/psol50.org.br\/#organization","name":"PSOL 50","alternateName":"PSOL 50","url":"https:\/\/psol50.org.br\/","logo":{"@type":"ImageObject","inLanguage":"pt-BR","@id":"https:\/\/psol50.org.br\/#\/schema\/logo\/image\/","url":"https:\/\/psol50.org.br\/inc\/uploads\/2018\/07\/capa.png","contentUrl":"https:\/\/psol50.org.br\/inc\/uploads\/2018\/07\/capa.png","width":1350,"height":900,"caption":"PSOL 50"},"image":{"@id":"https:\/\/psol50.org.br\/#\/schema\/logo\/image\/"},"sameAs":["https:\/\/www.facebook.com\/psol50","https:\/\/x.com\/psol50","https:\/\/www.instagram.com\/psol50\/","https:\/\/www.youtube.com\/channel\/UC7SnJS5o1os7a6CaiNabzcg"]},{"@type":"Person","@id":"https:\/\/psol50.org.br\/#\/schema\/person\/475dfa57d0b815993c714c2e96491fcd","name":"Comunica\u00e7\u00e3o PSOL","image":{"@type":"ImageObject","inLanguage":"pt-BR","@id":"https:\/\/psol50.org.br\/#\/schema\/person\/image\/","url":"https:\/\/secure.gravatar.com\/avatar\/b34fc4f4e468a4e51785917065a3db57b841f5c95dba6ad8c73aaf8f66f8f9bf?s=96&d=mm&r=g","contentUrl":"https:\/\/secure.gravatar.com\/avatar\/b34fc4f4e468a4e51785917065a3db57b841f5c95dba6ad8c73aaf8f66f8f9bf?s=96&d=mm&r=g","caption":"Comunica\u00e7\u00e3o PSOL"}}]}},"_links":{"self":[{"href":"https:\/\/psol50.org.br\/rest\/wp\/v2\/posts\/20128","targetHints":{"allow":["GET"]}}],"collection":[{"href":"https:\/\/psol50.org.br\/rest\/wp\/v2\/posts"}],"about":[{"href":"https:\/\/psol50.org.br\/rest\/wp\/v2\/types\/post"}],"author":[{"embeddable":true,"href":"https:\/\/psol50.org.br\/rest\/wp\/v2\/users\/2"}],"replies":[{"embeddable":true,"href":"https:\/\/psol50.org.br\/rest\/wp\/v2\/comments?post=20128"}],"version-history":[{"count":0,"href":"https:\/\/psol50.org.br\/rest\/wp\/v2\/posts\/20128\/revisions"}],"wp:featuredmedia":[{"embeddable":true,"href":"https:\/\/psol50.org.br\/rest\/wp\/v2\/media\/20130"}],"wp:attachment":[{"href":"https:\/\/psol50.org.br\/rest\/wp\/v2\/media?parent=20128"}],"wp:term":[{"taxonomy":"category","embeddable":true,"href":"https:\/\/psol50.org.br\/rest\/wp\/v2\/categories?post=20128"},{"taxonomy":"post_tag","embeddable":true,"href":"https:\/\/psol50.org.br\/rest\/wp\/v2\/tags?post=20128"}],"curies":[{"name":"wp","href":"https:\/\/api.w.org\/{rel}","templated":true}]}}