{"id":2013,"date":"2013-05-27T00:00:00","date_gmt":"2013-05-27T00:00:00","guid":{"rendered":"http:\/\/psol50.org.br\/arquivo\/2013\/05\/27\/rafael-correa-assume-novo-mandato-no-equador-com-alta-popularidade\/"},"modified":"2013-05-27T00:00:00","modified_gmt":"2013-05-27T00:00:00","slug":"rafael-correa-assume-novo-mandato-no-equador-com-alta-popularidade","status":"publish","type":"post","link":"https:\/\/psol50.org.br\/rafael-correa-assume-novo-mandato-no-equador-com-alta-popularidade\/","title":{"rendered":"Rafael Correa assume novo mandato no Equador com alta popularidade"},"content":{"rendered":"<div style=\"text-align: justify;\">\n\tO presidente do Equador, Rafael Correia, assumiu na \u00faltima sexta-feira (24) um novo per\u00edodo de quatro anos, em cerim\u00f4nia com delega\u00e7\u00f5es de cerca de 90 pa\u00edses e dez chefes de Estado. Correia foi reeleito em fevereiro com 57% dos votos no primeiro turno, com ampla vantagem sobre o segundo colocado, Guillermo Lasso que obteve 22% dos votos. De acordo com a pesquisadora Perfiles de Opini\u00f3n, a aceita\u00e7\u00e3o por 84% da popula\u00e7\u00e3o se deve em grande parte aos avan\u00e7os no campo da economia.<br \/>\n\t&nbsp;<br \/>\n\t&#8220;Temos avan\u00e7ando muito, e o pa\u00eds j\u00e1 \u00e9 totalmente diferente do que recebemos h\u00e1 seis anos, mas ainda temos que fazer muito&#8221;, afirmou Correa na \u00faltima quinta-feira (23), que ressaltou que sua gest\u00e3o &#8220;mudar\u00e1 as rela\u00e7\u00f5es de poder&#8221; no pa\u00eds. &#8220;Estamos orgulhosos por sermos o pa\u00eds que mais reduz a desigualdade na Am\u00e9rica Latina&#8221;, disse na posse.<\/p>\n<p>\tEconomista, formado nos Estados Unidos, Correa \u00e9 um dos representantes mais ativos da chamada Alian\u00e7a Bolivariana, criada e idealizada pelo presidente venezuelano Hugo Ch\u00e1vez, falecido em mar\u00e7o. Al\u00e9m de conquistar mais um mandato, o movimento governista, Alian\u00e7a Pa\u00eds, ficou com cem das 137 cadeiras da Assembleia Nacional. Estiveram presentes \u00e0 cerim\u00f4nia em Quito os presidentes do Ir\u00e3, Mahmoud Ahmadinejad; da Venezuela , Nicol\u00e1s Maduro; do Peru, Ollanta Humala; da Bol\u00edvia, Evo Morales e da Col\u00f4mbia, Juan Manuel Santos.<br \/>\n\t&nbsp;<br \/>\n\tConforme indica a Ag\u00eancia Andes, o crescimento do PIB (Produto Interno Bruto) foi recorde em 2011, de 8%, enquanto o de 2012 atingiu 4,8%. A m\u00e9dia na Am\u00e9rica Latina \u00e9 de 3,1%. O bom desempenho econ\u00f4mico gerou uma redu\u00e7\u00e3o da desigualdade social no pa\u00eds: em 2006, a parcela mais rica da popula\u00e7\u00e3o ganhava 37 vezes mais que a mais empobrecida; em 2012, essa rela\u00e7\u00e3o diminuiu a 26 vezes.<br \/>\n\t&nbsp;<br \/>\n\tNo come\u00e7o de seu governo, declarou que o Equador \u201csa\u00eda das trevas do neoliberalismo\u201d e que se passava \u201cde uma \u00e9poca de mudan\u00e7a para uma mudan\u00e7a de \u00e9poca\u201d. O pa\u00eds se somou ao grupo de governos progressistas da Am\u00e9rica Latina, que incluiu o ingresso do Equador \u00e0 Alba.<br \/>\n\t&nbsp;<br \/>\n\tFoi convocada uma Assembleia Constituinte, de forma similar \u00e0 Bol\u00edvia, e se passou \u00e0 constru\u00e7\u00e3o de um novo Estado, republicano, multi\u00e9tnico, multicultural, cidad\u00e3o. O processo de transforma\u00e7\u00f5es liderado por Correa passou a se chamar &#8220;Revolu\u00e7\u00e3o Cidad\u00e3&#8221; e come\u00e7ou a organiza\u00e7\u00e3o de um partido, o Alian\u00e7a Pa\u00eds.<br \/>\n\t&nbsp;<br \/>\n\tNa administra\u00e7\u00e3o Correa, o Equador se tornou o primeiro pa\u00eds da regi\u00e3o a fazer uma auditoria da d\u00edvida externa. A an\u00e1lise determinou que boa parte desse valor era ileg\u00edtimo, levando o pa\u00eds a propor aceitar somente algo entre 25% e 30% do valor dos t\u00edtulos da d\u00edvida externa comercial.<br \/>\n\t&nbsp;<br \/>\n\tAqueles detentores de t\u00edtulos que n\u00e3o concordassem com a proposta teriam que recorrer \u00e0 justi\u00e7a, apresentando as suas peti\u00e7\u00f5es contra o Equador. Face \u00e0s provas contundentes de ilegalidade da d\u00edvida, 95% dos credores aceitaram a proposta. A renegocia\u00e7\u00e3o da d\u00edvida gerou uma economia de oito bilh\u00f5es de d\u00f3lares.<br \/>\n\t&nbsp;<br \/>\n\tDepois de confrontado o problema da d\u00edvida p\u00fablica equatoriana, os investimentos em sa\u00fade e educa\u00e7\u00e3o quadruplicaram. O n\u00edvel de desemprego caiu no ano passado a uma taxa de 4,2%, a mais baixa na hist\u00f3ria do pa\u00eds. Pela primeira vez, a pobreza extrema est\u00e1 em um d\u00edgito (9,4%), o que \u00e9 praticamente a metade do valor observado no in\u00edcio do governo de Correa, quando 16,9% da popula\u00e7\u00e3o estava na mis\u00e9ria absoluta. A essa pol\u00edtica soma-se a elimina\u00e7\u00e3o do trabalho infantil, que retirou mais de 450 mil meninos e meninas dessa situa\u00e7\u00e3o nos \u00faltimos cinco anos.<br \/>\n\t&nbsp;<br \/>\n\t<strong>Comunica\u00e7\u00e3o<\/strong><br \/>\n\tOutra marca do governo Correa foi a busca da democratiza\u00e7\u00e3o da comunica\u00e7\u00e3o. Um projeto de lei da Lei Org\u00e2nica de Comunica\u00e7\u00e3o tramita atualmente no parlamento local. Dentre os principais pontos do projeto, est\u00e1 a redistribui\u00e7\u00e3o do espa\u00e7o radioel\u00e9trico.<br \/>\n\tAt\u00e9 agora, cerca de 85,5% das frequ\u00eancias radiof\u00f4nicas s\u00e3o privadas, 12,9% p\u00fablicas e 1,6% comunit\u00e1rias, segundo a Superintend\u00eancia das Telecomunica\u00e7\u00f5es. No caso da televis\u00e3o, 71% s\u00e3o privadas e 29% p\u00fablicas. Com a regula\u00e7\u00e3o, 33% do espa\u00e7o ser\u00e1 ocupado por estes meios, enquanto 33% ser\u00e3o destinados a ve\u00edculos p\u00fablicos e 34% aos comunit\u00e1rios.<br \/>\n\t&nbsp;<br \/>\n\tAp\u00f3s ser reeleito, Correa prometeu empenho para uma lei de imprensa. &#8220;Busquemos uma nova Lei de Comunica\u00e7\u00e3o, que regule os claros excessos que tem certa imprensa. O que queremos \u00e9 uma imprensa honesta e respons\u00e1vel&#8221;, afirmou. &#8220;A Am\u00e9rica Latina tem uma das piores imprensas do mundo&#8221;, completou.<br \/>\n\t&nbsp;<br \/>\n\tDesde sua chegada, Correa come\u00e7ou a desenvolver uma rede de meios p\u00fablicos de comunica\u00e7\u00e3o, integrada pelos di\u00e1rios estatais El Tel\u00e9grafo e PP El Verdadero, a Andes, Equador TV e a R\u00e1dio P\u00fablica. Uma rede atrav\u00e9s da qual Correa enfrenta a \u201cgrande imprensa\u201d \u2013 assim a chama \u2013, formada pelos di\u00e1rios de maior peso na opini\u00e3o p\u00fablica, El Universo e El Comercio, e os canais de TV Ecuavisa e Teleamazonas, que sustentam uma linha editorial opositora.<br \/>\n\t&nbsp;<\/div>\n","protected":false},"excerpt":{"rendered":"<p>O presidente do Equador, Rafael Correia, assumiu na \u00faltima sexta-feira (24) um novo per\u00edodo de quatro anos, em cerim\u00f4nia com delega\u00e7\u00f5es de cerca de 90 pa\u00edses e dez chefes de Estado. Correia foi reeleito em fevereiro com 57% dos votos no primeiro turno, com ampla vantagem sobre o segundo colocado, Guillermo Lasso que obteve 22% [&hellip;]<\/p>\n","protected":false},"author":2,"featured_media":0,"comment_status":"open","ping_status":"open","sticky":false,"template":"","format":"standard","meta":{"_acf_changed":false,"footnotes":""},"categories":[4766],"tags":[],"class_list":{"0":"post-2013","1":"post","2":"type-post","3":"status-publish","4":"format-standard","6":"category-arquivo"},"acf":[],"yoast_head":"<!-- This site is optimized with the Yoast SEO plugin v26.5 - https:\/\/yoast.com\/wordpress\/plugins\/seo\/ -->\n<title>Rafael Correa assume novo mandato no Equador com alta popularidade - PSOL 50<\/title>\n<meta name=\"robots\" content=\"index, follow, max-snippet:-1, max-image-preview:large, max-video-preview:-1\" \/>\n<link rel=\"canonical\" href=\"https:\/\/psol50.org.br\/rafael-correa-assume-novo-mandato-no-equador-com-alta-popularidade\/\" \/>\n<meta property=\"og:locale\" content=\"pt_BR\" \/>\n<meta property=\"og:type\" content=\"article\" \/>\n<meta property=\"og:title\" content=\"Rafael Correa assume novo mandato no Equador com alta popularidade - PSOL 50\" \/>\n<meta property=\"og:description\" content=\"O presidente do Equador, Rafael Correia, assumiu na \u00faltima sexta-feira (24) um novo per\u00edodo de quatro anos, em cerim\u00f4nia com delega\u00e7\u00f5es de cerca de 90 pa\u00edses e dez chefes de Estado. Correia foi reeleito em fevereiro com 57% dos votos no primeiro turno, com ampla vantagem sobre o segundo colocado, Guillermo Lasso que obteve 22% [&hellip;]\" \/>\n<meta property=\"og:url\" content=\"https:\/\/psol50.org.br\/rafael-correa-assume-novo-mandato-no-equador-com-alta-popularidade\/\" \/>\n<meta property=\"og:site_name\" content=\"PSOL 50\" \/>\n<meta property=\"article:publisher\" content=\"https:\/\/www.facebook.com\/psol50\" \/>\n<meta property=\"article:published_time\" content=\"2013-05-27T00:00:00+00:00\" \/>\n<meta property=\"og:image\" content=\"https:\/\/psol50.org.br\/inc\/uploads\/2018\/07\/capa.png\" \/>\n\t<meta property=\"og:image:width\" content=\"1350\" \/>\n\t<meta property=\"og:image:height\" content=\"900\" \/>\n\t<meta property=\"og:image:type\" content=\"image\/png\" \/>\n<meta name=\"author\" content=\"Comunica\u00e7\u00e3o PSOL\" \/>\n<meta name=\"twitter:card\" content=\"summary_large_image\" \/>\n<meta name=\"twitter:creator\" content=\"@psol50\" \/>\n<meta name=\"twitter:site\" content=\"@psol50\" \/>\n<meta name=\"twitter:label1\" content=\"Escrito por\" \/>\n\t<meta name=\"twitter:data1\" content=\"Comunica\u00e7\u00e3o PSOL\" \/>\n\t<meta name=\"twitter:label2\" content=\"Est. tempo de leitura\" \/>\n\t<meta name=\"twitter:data2\" content=\"4 minutos\" \/>\n<script type=\"application\/ld+json\" class=\"yoast-schema-graph\">{\"@context\":\"https:\/\/schema.org\",\"@graph\":[{\"@type\":\"Article\",\"@id\":\"https:\/\/psol50.org.br\/rafael-correa-assume-novo-mandato-no-equador-com-alta-popularidade\/#article\",\"isPartOf\":{\"@id\":\"https:\/\/psol50.org.br\/rafael-correa-assume-novo-mandato-no-equador-com-alta-popularidade\/\"},\"author\":{\"name\":\"Comunica\u00e7\u00e3o PSOL\",\"@id\":\"https:\/\/psol50.org.br\/#\/schema\/person\/475dfa57d0b815993c714c2e96491fcd\"},\"headline\":\"Rafael Correa assume novo mandato no Equador com alta popularidade\",\"datePublished\":\"2013-05-27T00:00:00+00:00\",\"mainEntityOfPage\":{\"@id\":\"https:\/\/psol50.org.br\/rafael-correa-assume-novo-mandato-no-equador-com-alta-popularidade\/\"},\"wordCount\":880,\"commentCount\":0,\"publisher\":{\"@id\":\"https:\/\/psol50.org.br\/#organization\"},\"articleSection\":[\"Arquivo\"],\"inLanguage\":\"pt-BR\",\"potentialAction\":[{\"@type\":\"CommentAction\",\"name\":\"Comment\",\"target\":[\"https:\/\/psol50.org.br\/rafael-correa-assume-novo-mandato-no-equador-com-alta-popularidade\/#respond\"]}]},{\"@type\":\"WebPage\",\"@id\":\"https:\/\/psol50.org.br\/rafael-correa-assume-novo-mandato-no-equador-com-alta-popularidade\/\",\"url\":\"https:\/\/psol50.org.br\/rafael-correa-assume-novo-mandato-no-equador-com-alta-popularidade\/\",\"name\":\"Rafael Correa assume novo mandato no Equador com alta popularidade - PSOL 50\",\"isPartOf\":{\"@id\":\"https:\/\/psol50.org.br\/#website\"},\"datePublished\":\"2013-05-27T00:00:00+00:00\",\"breadcrumb\":{\"@id\":\"https:\/\/psol50.org.br\/rafael-correa-assume-novo-mandato-no-equador-com-alta-popularidade\/#breadcrumb\"},\"inLanguage\":\"pt-BR\",\"potentialAction\":[{\"@type\":\"ReadAction\",\"target\":[\"https:\/\/psol50.org.br\/rafael-correa-assume-novo-mandato-no-equador-com-alta-popularidade\/\"]}]},{\"@type\":\"BreadcrumbList\",\"@id\":\"https:\/\/psol50.org.br\/rafael-correa-assume-novo-mandato-no-equador-com-alta-popularidade\/#breadcrumb\",\"itemListElement\":[{\"@type\":\"ListItem\",\"position\":1,\"name\":\"In\u00edcio\",\"item\":\"https:\/\/psol50.org.br\/\"},{\"@type\":\"ListItem\",\"position\":2,\"name\":\"Rafael Correa assume novo mandato no Equador com alta popularidade\"}]},{\"@type\":\"WebSite\",\"@id\":\"https:\/\/psol50.org.br\/#website\",\"url\":\"https:\/\/psol50.org.br\/\",\"name\":\"PSOL 50\",\"description\":\"Site oficial do Partido Socialismo e Liberdade\",\"publisher\":{\"@id\":\"https:\/\/psol50.org.br\/#organization\"},\"alternateName\":\"PSOL50\",\"potentialAction\":[{\"@type\":\"SearchAction\",\"target\":{\"@type\":\"EntryPoint\",\"urlTemplate\":\"https:\/\/psol50.org.br\/?s={search_term_string}\"},\"query-input\":{\"@type\":\"PropertyValueSpecification\",\"valueRequired\":true,\"valueName\":\"search_term_string\"}}],\"inLanguage\":\"pt-BR\"},{\"@type\":\"Organization\",\"@id\":\"https:\/\/psol50.org.br\/#organization\",\"name\":\"PSOL 50\",\"alternateName\":\"PSOL 50\",\"url\":\"https:\/\/psol50.org.br\/\",\"logo\":{\"@type\":\"ImageObject\",\"inLanguage\":\"pt-BR\",\"@id\":\"https:\/\/psol50.org.br\/#\/schema\/logo\/image\/\",\"url\":\"https:\/\/psol50.org.br\/inc\/uploads\/2018\/07\/capa.png\",\"contentUrl\":\"https:\/\/psol50.org.br\/inc\/uploads\/2018\/07\/capa.png\",\"width\":1350,\"height\":900,\"caption\":\"PSOL 50\"},\"image\":{\"@id\":\"https:\/\/psol50.org.br\/#\/schema\/logo\/image\/\"},\"sameAs\":[\"https:\/\/www.facebook.com\/psol50\",\"https:\/\/x.com\/psol50\",\"https:\/\/www.instagram.com\/psol50\/\",\"https:\/\/www.youtube.com\/channel\/UC7SnJS5o1os7a6CaiNabzcg\"]},{\"@type\":\"Person\",\"@id\":\"https:\/\/psol50.org.br\/#\/schema\/person\/475dfa57d0b815993c714c2e96491fcd\",\"name\":\"Comunica\u00e7\u00e3o PSOL\",\"image\":{\"@type\":\"ImageObject\",\"inLanguage\":\"pt-BR\",\"@id\":\"https:\/\/psol50.org.br\/#\/schema\/person\/image\/\",\"url\":\"https:\/\/secure.gravatar.com\/avatar\/b34fc4f4e468a4e51785917065a3db57b841f5c95dba6ad8c73aaf8f66f8f9bf?s=96&d=mm&r=g\",\"contentUrl\":\"https:\/\/secure.gravatar.com\/avatar\/b34fc4f4e468a4e51785917065a3db57b841f5c95dba6ad8c73aaf8f66f8f9bf?s=96&d=mm&r=g\",\"caption\":\"Comunica\u00e7\u00e3o PSOL\"}}]}<\/script>\n<!-- \/ Yoast SEO plugin. -->","yoast_head_json":{"title":"Rafael Correa assume novo mandato no Equador com alta popularidade - PSOL 50","robots":{"index":"index","follow":"follow","max-snippet":"max-snippet:-1","max-image-preview":"max-image-preview:large","max-video-preview":"max-video-preview:-1"},"canonical":"https:\/\/psol50.org.br\/rafael-correa-assume-novo-mandato-no-equador-com-alta-popularidade\/","og_locale":"pt_BR","og_type":"article","og_title":"Rafael Correa assume novo mandato no Equador com alta popularidade - PSOL 50","og_description":"O presidente do Equador, Rafael Correia, assumiu na \u00faltima sexta-feira (24) um novo per\u00edodo de quatro anos, em cerim\u00f4nia com delega\u00e7\u00f5es de cerca de 90 pa\u00edses e dez chefes de Estado. Correia foi reeleito em fevereiro com 57% dos votos no primeiro turno, com ampla vantagem sobre o segundo colocado, Guillermo Lasso que obteve 22% [&hellip;]","og_url":"https:\/\/psol50.org.br\/rafael-correa-assume-novo-mandato-no-equador-com-alta-popularidade\/","og_site_name":"PSOL 50","article_publisher":"https:\/\/www.facebook.com\/psol50","article_published_time":"2013-05-27T00:00:00+00:00","og_image":[{"width":1350,"height":900,"url":"https:\/\/psol50.org.br\/inc\/uploads\/2018\/07\/capa.png","type":"image\/png"}],"author":"Comunica\u00e7\u00e3o PSOL","twitter_card":"summary_large_image","twitter_creator":"@psol50","twitter_site":"@psol50","twitter_misc":{"Escrito por":"Comunica\u00e7\u00e3o PSOL","Est. tempo de leitura":"4 minutos"},"schema":{"@context":"https:\/\/schema.org","@graph":[{"@type":"Article","@id":"https:\/\/psol50.org.br\/rafael-correa-assume-novo-mandato-no-equador-com-alta-popularidade\/#article","isPartOf":{"@id":"https:\/\/psol50.org.br\/rafael-correa-assume-novo-mandato-no-equador-com-alta-popularidade\/"},"author":{"name":"Comunica\u00e7\u00e3o PSOL","@id":"https:\/\/psol50.org.br\/#\/schema\/person\/475dfa57d0b815993c714c2e96491fcd"},"headline":"Rafael Correa assume novo mandato no Equador com alta popularidade","datePublished":"2013-05-27T00:00:00+00:00","mainEntityOfPage":{"@id":"https:\/\/psol50.org.br\/rafael-correa-assume-novo-mandato-no-equador-com-alta-popularidade\/"},"wordCount":880,"commentCount":0,"publisher":{"@id":"https:\/\/psol50.org.br\/#organization"},"articleSection":["Arquivo"],"inLanguage":"pt-BR","potentialAction":[{"@type":"CommentAction","name":"Comment","target":["https:\/\/psol50.org.br\/rafael-correa-assume-novo-mandato-no-equador-com-alta-popularidade\/#respond"]}]},{"@type":"WebPage","@id":"https:\/\/psol50.org.br\/rafael-correa-assume-novo-mandato-no-equador-com-alta-popularidade\/","url":"https:\/\/psol50.org.br\/rafael-correa-assume-novo-mandato-no-equador-com-alta-popularidade\/","name":"Rafael Correa assume novo mandato no Equador com alta popularidade - PSOL 50","isPartOf":{"@id":"https:\/\/psol50.org.br\/#website"},"datePublished":"2013-05-27T00:00:00+00:00","breadcrumb":{"@id":"https:\/\/psol50.org.br\/rafael-correa-assume-novo-mandato-no-equador-com-alta-popularidade\/#breadcrumb"},"inLanguage":"pt-BR","potentialAction":[{"@type":"ReadAction","target":["https:\/\/psol50.org.br\/rafael-correa-assume-novo-mandato-no-equador-com-alta-popularidade\/"]}]},{"@type":"BreadcrumbList","@id":"https:\/\/psol50.org.br\/rafael-correa-assume-novo-mandato-no-equador-com-alta-popularidade\/#breadcrumb","itemListElement":[{"@type":"ListItem","position":1,"name":"In\u00edcio","item":"https:\/\/psol50.org.br\/"},{"@type":"ListItem","position":2,"name":"Rafael Correa assume novo mandato no Equador com alta popularidade"}]},{"@type":"WebSite","@id":"https:\/\/psol50.org.br\/#website","url":"https:\/\/psol50.org.br\/","name":"PSOL 50","description":"Site oficial do Partido Socialismo e Liberdade","publisher":{"@id":"https:\/\/psol50.org.br\/#organization"},"alternateName":"PSOL50","potentialAction":[{"@type":"SearchAction","target":{"@type":"EntryPoint","urlTemplate":"https:\/\/psol50.org.br\/?s={search_term_string}"},"query-input":{"@type":"PropertyValueSpecification","valueRequired":true,"valueName":"search_term_string"}}],"inLanguage":"pt-BR"},{"@type":"Organization","@id":"https:\/\/psol50.org.br\/#organization","name":"PSOL 50","alternateName":"PSOL 50","url":"https:\/\/psol50.org.br\/","logo":{"@type":"ImageObject","inLanguage":"pt-BR","@id":"https:\/\/psol50.org.br\/#\/schema\/logo\/image\/","url":"https:\/\/psol50.org.br\/inc\/uploads\/2018\/07\/capa.png","contentUrl":"https:\/\/psol50.org.br\/inc\/uploads\/2018\/07\/capa.png","width":1350,"height":900,"caption":"PSOL 50"},"image":{"@id":"https:\/\/psol50.org.br\/#\/schema\/logo\/image\/"},"sameAs":["https:\/\/www.facebook.com\/psol50","https:\/\/x.com\/psol50","https:\/\/www.instagram.com\/psol50\/","https:\/\/www.youtube.com\/channel\/UC7SnJS5o1os7a6CaiNabzcg"]},{"@type":"Person","@id":"https:\/\/psol50.org.br\/#\/schema\/person\/475dfa57d0b815993c714c2e96491fcd","name":"Comunica\u00e7\u00e3o PSOL","image":{"@type":"ImageObject","inLanguage":"pt-BR","@id":"https:\/\/psol50.org.br\/#\/schema\/person\/image\/","url":"https:\/\/secure.gravatar.com\/avatar\/b34fc4f4e468a4e51785917065a3db57b841f5c95dba6ad8c73aaf8f66f8f9bf?s=96&d=mm&r=g","contentUrl":"https:\/\/secure.gravatar.com\/avatar\/b34fc4f4e468a4e51785917065a3db57b841f5c95dba6ad8c73aaf8f66f8f9bf?s=96&d=mm&r=g","caption":"Comunica\u00e7\u00e3o PSOL"}}]}},"_links":{"self":[{"href":"https:\/\/psol50.org.br\/rest\/wp\/v2\/posts\/2013","targetHints":{"allow":["GET"]}}],"collection":[{"href":"https:\/\/psol50.org.br\/rest\/wp\/v2\/posts"}],"about":[{"href":"https:\/\/psol50.org.br\/rest\/wp\/v2\/types\/post"}],"author":[{"embeddable":true,"href":"https:\/\/psol50.org.br\/rest\/wp\/v2\/users\/2"}],"replies":[{"embeddable":true,"href":"https:\/\/psol50.org.br\/rest\/wp\/v2\/comments?post=2013"}],"version-history":[{"count":0,"href":"https:\/\/psol50.org.br\/rest\/wp\/v2\/posts\/2013\/revisions"}],"wp:attachment":[{"href":"https:\/\/psol50.org.br\/rest\/wp\/v2\/media?parent=2013"}],"wp:term":[{"taxonomy":"category","embeddable":true,"href":"https:\/\/psol50.org.br\/rest\/wp\/v2\/categories?post=2013"},{"taxonomy":"post_tag","embeddable":true,"href":"https:\/\/psol50.org.br\/rest\/wp\/v2\/tags?post=2013"}],"curies":[{"name":"wp","href":"https:\/\/api.w.org\/{rel}","templated":true}]}}