{"id":20138,"date":"2018-03-12T15:03:51","date_gmt":"2018-03-12T18:03:51","guid":{"rendered":"http:\/\/www.psol50.org.br\/?p=20138"},"modified":"2018-03-12T15:03:51","modified_gmt":"2018-03-12T18:03:51","slug":"chico-alencar-feirao-de-negociatas","status":"publish","type":"post","link":"https:\/\/psol50.org.br\/chico-alencar-feirao-de-negociatas\/","title":{"rendered":"Chico Alencar | Feir\u00e3o de negociatas"},"content":{"rendered":"<p><em>Artigo publicado originalmente no<a href=\"https:\/\/oglobo.globo.com\/opiniao\/feirao-de-negociatas-22475874\" target=\"_blank\" rel=\"noopener\"> <span style=\"color: #0000ff;\">Jornal O Globo<\/span><\/a><\/em><\/p>\n<p>At\u00e9 abril, parlamentar que quiser mudar de partido pode. A lei garante, e n\u00e3o precisa justificar. Para muitos que aproveitar\u00e3o essa \u201cjanela de transfer\u00eancias\u201d, n\u00e3o ter que dar raz\u00f5es vem a calhar. Por mais que isso seja a nega\u00e7\u00e3o total da vida partid\u00e1ria.<\/p>\n<p>Alguns j\u00e1 est\u00e3o no troca-troca para n\u00e3o carregar o \u00f4nus do envolvimento de suas legendas em rumorosos casos de corrup\u00e7\u00e3o. Corrup\u00e7\u00e3o assimilada como \u201cnatural\u201d pela totalidade das siglas atingidas, que fazem \u201ccara de paisagem\u201d. Os partidos que acumulam den\u00fancias \u2014 quase todos os grandes e m\u00e9dios \u2014 abriram procedimentos em suas comiss\u00f5es de \u00e9tica? Desligaram filiados que est\u00e3o presos, at\u00e9 que tudo se apure? Nada fizeram, pois temem que a rede do conluio esp\u00fario p\u00fablico-privado seja revelada pelos que foram pegos com a boca na botija. Apostam na omert\u00e0, regra da m\u00e1fia que imp\u00f5e sil\u00eancio a todos os s\u00f3cios.<\/p>\n<p>Ainda assim, entendem os tr\u00e2nsfugas da hora que \u00e9 preciso trocar a moldura para maquiar a imagem e garantir reelei\u00e7\u00e3o. Um paradoxo: v\u00e1rios est\u00e3o trocando seis por meia d\u00fazia. Deixam o investigad\u00edssimo MDB e rumam para o PP, por exemplo. PP que, no caso do petrol\u00e3o, \u00e9 o partido que sofre mais acusa\u00e7\u00f5es. Os que optam pelo sujo, deixando o mal lavado, fazem avalia\u00e7\u00f5es a partir de cen\u00e1rios eleitorais regionais. A mudan\u00e7a de camisa n\u00e3o expressa gesto de indigna\u00e7\u00e3o \u00e9tica ou vontade sincera de corrigir rumos.<\/p>\n<p>Outros aproveitam a \u201cjanela\u201d por motivos mais rebaixados ainda: negociam com os chefes das legendas para as quais pretendem se transferir o montante que receber\u00e3o para suas futuras campanhas. Dinheiro oriundo do Fundo Eleitoral criado pelo Congresso Nacional. Este ir\u00e1, em 95%, para oito partidos. Quase todos sem rigor doutrin\u00e1rio, sem ideologia para viver.<\/p>\n<p>S\u00e3o somas milion\u00e1rias, que permitem que um candidato a presidente gaste at\u00e9 R$ 70 milh\u00f5es, um candidato a governador de R$ 2,8 a 21 milh\u00f5es, um candidato ao Senado at\u00e9 R$ 5,6 milh\u00f5es, um postulante \u00e0 C\u00e2mara Federal R$ 2,5 milh\u00f5es e \u00e0s assembleias estaduais R$ 1 milh\u00e3o. As campanhas continuar\u00e3o milion\u00e1rias, s\u00f3 que agora com recursos p\u00fablicos.<\/p>\n<p>Esse leil\u00e3o no mundo parlamentar lembra o mercado do futebol: os \u201cclubes\u201d que mais pagarem ter\u00e3o os elencos mais numerosos. Quanto mais \u201ccraque\u201d em votos, mais dinheiro pr\u00f3ximo do teto de gastos est\u00e1 sendo prometido. \u00c9 a mercantiliza\u00e7\u00e3o total da pol\u00edtica institucional, com amparo legal!<\/p>\n<p>Mas o escondido poder\u00e1 ser revelado. A mesma lei que abriu essa oportunidade para o oportunismo determina que os recursos utilizados na campanha tenham sejam peticionados, por escrito, quando as candidaturas forem oficializadas. Os \u201ccontratos de gaveta\u201d de agora, que possam ter definido novas op\u00e7\u00f5es partid\u00e1rias, ser\u00e3o conhecidos&#8230;<\/p>\n<p>Tempos de sinais trocados: quanto mais parlamentares um partido conquistar, menos credibilidade ter\u00e1.<\/p>\n","protected":false},"excerpt":{"rendered":"<p>Artigo publicado originalmente no Jornal O Globo At\u00e9 abril, parlamentar que quiser mudar de partido pode. A lei garante, e n\u00e3o precisa justificar. Para muitos que aproveitar\u00e3o essa \u201cjanela de transfer\u00eancias\u201d, n\u00e3o ter que dar raz\u00f5es vem a calhar. Por mais que isso seja a nega\u00e7\u00e3o total da vida partid\u00e1ria. Alguns j\u00e1 est\u00e3o no troca-troca [&hellip;]<\/p>\n","protected":false},"author":2,"featured_media":18419,"comment_status":"open","ping_status":"open","sticky":false,"template":"","format":"standard","meta":{"_acf_changed":false,"footnotes":""},"categories":[3],"tags":[1680,1222,2016,303],"class_list":{"0":"post-20138","1":"post","2":"type-post","3":"status-publish","4":"format-standard","5":"has-post-thumbnail","7":"category-artigos-e-entrevistas","8":"tag-chico-alencar","9":"tag-eleicao","10":"tag-filiacao","11":"tag-partido"},"acf":[],"yoast_head":"<!-- This site is optimized with the Yoast SEO plugin v26.5 - https:\/\/yoast.com\/wordpress\/plugins\/seo\/ -->\n<title>Chico Alencar | Feir\u00e3o de negociatas - PSOL 50<\/title>\n<meta name=\"robots\" content=\"index, follow, max-snippet:-1, max-image-preview:large, max-video-preview:-1\" \/>\n<link rel=\"canonical\" href=\"https:\/\/psol50.org.br\/chico-alencar-feirao-de-negociatas\/\" \/>\n<meta property=\"og:locale\" content=\"pt_BR\" \/>\n<meta property=\"og:type\" content=\"article\" \/>\n<meta property=\"og:title\" content=\"Chico Alencar | Feir\u00e3o de negociatas - PSOL 50\" \/>\n<meta property=\"og:description\" content=\"Artigo publicado originalmente no Jornal O Globo At\u00e9 abril, parlamentar que quiser mudar de partido pode. A lei garante, e n\u00e3o precisa justificar. Para muitos que aproveitar\u00e3o essa \u201cjanela de transfer\u00eancias\u201d, n\u00e3o ter que dar raz\u00f5es vem a calhar. Por mais que isso seja a nega\u00e7\u00e3o total da vida partid\u00e1ria. Alguns j\u00e1 est\u00e3o no troca-troca [&hellip;]\" \/>\n<meta property=\"og:url\" content=\"https:\/\/psol50.org.br\/chico-alencar-feirao-de-negociatas\/\" \/>\n<meta property=\"og:site_name\" content=\"PSOL 50\" \/>\n<meta property=\"article:publisher\" content=\"https:\/\/www.facebook.com\/psol50\" \/>\n<meta property=\"article:published_time\" content=\"2018-03-12T18:03:51+00:00\" \/>\n<meta property=\"og:image\" content=\"https:\/\/psol50.org.br\/inc\/uploads\/2018\/07\/capa.png\" \/>\n\t<meta property=\"og:image:width\" content=\"1350\" \/>\n\t<meta property=\"og:image:height\" content=\"900\" \/>\n\t<meta property=\"og:image:type\" content=\"image\/png\" \/>\n<meta name=\"author\" content=\"Comunica\u00e7\u00e3o PSOL\" \/>\n<meta name=\"twitter:card\" content=\"summary_large_image\" \/>\n<meta name=\"twitter:creator\" content=\"@psol50\" \/>\n<meta name=\"twitter:site\" content=\"@psol50\" \/>\n<meta name=\"twitter:label1\" content=\"Escrito por\" \/>\n\t<meta name=\"twitter:data1\" content=\"Comunica\u00e7\u00e3o PSOL\" \/>\n\t<meta name=\"twitter:label2\" content=\"Est. tempo de leitura\" \/>\n\t<meta name=\"twitter:data2\" content=\"2 minutos\" \/>\n<script type=\"application\/ld+json\" class=\"yoast-schema-graph\">{\"@context\":\"https:\/\/schema.org\",\"@graph\":[{\"@type\":\"Article\",\"@id\":\"https:\/\/psol50.org.br\/chico-alencar-feirao-de-negociatas\/#article\",\"isPartOf\":{\"@id\":\"https:\/\/psol50.org.br\/chico-alencar-feirao-de-negociatas\/\"},\"author\":{\"name\":\"Comunica\u00e7\u00e3o PSOL\",\"@id\":\"https:\/\/psol50.org.br\/#\/schema\/person\/475dfa57d0b815993c714c2e96491fcd\"},\"headline\":\"Chico Alencar | Feir\u00e3o de negociatas\",\"datePublished\":\"2018-03-12T18:03:51+00:00\",\"mainEntityOfPage\":{\"@id\":\"https:\/\/psol50.org.br\/chico-alencar-feirao-de-negociatas\/\"},\"wordCount\":501,\"commentCount\":0,\"publisher\":{\"@id\":\"https:\/\/psol50.org.br\/#organization\"},\"image\":{\"@id\":\"https:\/\/psol50.org.br\/chico-alencar-feirao-de-negociatas\/#primaryimage\"},\"thumbnailUrl\":\"\",\"keywords\":[\"Chico Alencar\",\"elei\u00e7\u00e3o\",\"filia\u00e7\u00e3o\",\"partido\"],\"articleSection\":[\"Artigos\"],\"inLanguage\":\"pt-BR\",\"potentialAction\":[{\"@type\":\"CommentAction\",\"name\":\"Comment\",\"target\":[\"https:\/\/psol50.org.br\/chico-alencar-feirao-de-negociatas\/#respond\"]}]},{\"@type\":\"WebPage\",\"@id\":\"https:\/\/psol50.org.br\/chico-alencar-feirao-de-negociatas\/\",\"url\":\"https:\/\/psol50.org.br\/chico-alencar-feirao-de-negociatas\/\",\"name\":\"Chico Alencar | Feir\u00e3o de negociatas - PSOL 50\",\"isPartOf\":{\"@id\":\"https:\/\/psol50.org.br\/#website\"},\"primaryImageOfPage\":{\"@id\":\"https:\/\/psol50.org.br\/chico-alencar-feirao-de-negociatas\/#primaryimage\"},\"image\":{\"@id\":\"https:\/\/psol50.org.br\/chico-alencar-feirao-de-negociatas\/#primaryimage\"},\"thumbnailUrl\":\"\",\"datePublished\":\"2018-03-12T18:03:51+00:00\",\"breadcrumb\":{\"@id\":\"https:\/\/psol50.org.br\/chico-alencar-feirao-de-negociatas\/#breadcrumb\"},\"inLanguage\":\"pt-BR\",\"potentialAction\":[{\"@type\":\"ReadAction\",\"target\":[\"https:\/\/psol50.org.br\/chico-alencar-feirao-de-negociatas\/\"]}]},{\"@type\":\"ImageObject\",\"inLanguage\":\"pt-BR\",\"@id\":\"https:\/\/psol50.org.br\/chico-alencar-feirao-de-negociatas\/#primaryimage\",\"url\":\"\",\"contentUrl\":\"\"},{\"@type\":\"BreadcrumbList\",\"@id\":\"https:\/\/psol50.org.br\/chico-alencar-feirao-de-negociatas\/#breadcrumb\",\"itemListElement\":[{\"@type\":\"ListItem\",\"position\":1,\"name\":\"In\u00edcio\",\"item\":\"https:\/\/psol50.org.br\/\"},{\"@type\":\"ListItem\",\"position\":2,\"name\":\"Chico Alencar | Feir\u00e3o de negociatas\"}]},{\"@type\":\"WebSite\",\"@id\":\"https:\/\/psol50.org.br\/#website\",\"url\":\"https:\/\/psol50.org.br\/\",\"name\":\"PSOL 50\",\"description\":\"Site oficial do Partido Socialismo e Liberdade\",\"publisher\":{\"@id\":\"https:\/\/psol50.org.br\/#organization\"},\"alternateName\":\"PSOL50\",\"potentialAction\":[{\"@type\":\"SearchAction\",\"target\":{\"@type\":\"EntryPoint\",\"urlTemplate\":\"https:\/\/psol50.org.br\/?s={search_term_string}\"},\"query-input\":{\"@type\":\"PropertyValueSpecification\",\"valueRequired\":true,\"valueName\":\"search_term_string\"}}],\"inLanguage\":\"pt-BR\"},{\"@type\":\"Organization\",\"@id\":\"https:\/\/psol50.org.br\/#organization\",\"name\":\"PSOL 50\",\"alternateName\":\"PSOL 50\",\"url\":\"https:\/\/psol50.org.br\/\",\"logo\":{\"@type\":\"ImageObject\",\"inLanguage\":\"pt-BR\",\"@id\":\"https:\/\/psol50.org.br\/#\/schema\/logo\/image\/\",\"url\":\"https:\/\/psol50.org.br\/inc\/uploads\/2018\/07\/capa.png\",\"contentUrl\":\"https:\/\/psol50.org.br\/inc\/uploads\/2018\/07\/capa.png\",\"width\":1350,\"height\":900,\"caption\":\"PSOL 50\"},\"image\":{\"@id\":\"https:\/\/psol50.org.br\/#\/schema\/logo\/image\/\"},\"sameAs\":[\"https:\/\/www.facebook.com\/psol50\",\"https:\/\/x.com\/psol50\",\"https:\/\/www.instagram.com\/psol50\/\",\"https:\/\/www.youtube.com\/channel\/UC7SnJS5o1os7a6CaiNabzcg\"]},{\"@type\":\"Person\",\"@id\":\"https:\/\/psol50.org.br\/#\/schema\/person\/475dfa57d0b815993c714c2e96491fcd\",\"name\":\"Comunica\u00e7\u00e3o PSOL\",\"image\":{\"@type\":\"ImageObject\",\"inLanguage\":\"pt-BR\",\"@id\":\"https:\/\/psol50.org.br\/#\/schema\/person\/image\/\",\"url\":\"https:\/\/secure.gravatar.com\/avatar\/b34fc4f4e468a4e51785917065a3db57b841f5c95dba6ad8c73aaf8f66f8f9bf?s=96&d=mm&r=g\",\"contentUrl\":\"https:\/\/secure.gravatar.com\/avatar\/b34fc4f4e468a4e51785917065a3db57b841f5c95dba6ad8c73aaf8f66f8f9bf?s=96&d=mm&r=g\",\"caption\":\"Comunica\u00e7\u00e3o PSOL\"}}]}<\/script>\n<!-- \/ Yoast SEO plugin. -->","yoast_head_json":{"title":"Chico Alencar | Feir\u00e3o de negociatas - PSOL 50","robots":{"index":"index","follow":"follow","max-snippet":"max-snippet:-1","max-image-preview":"max-image-preview:large","max-video-preview":"max-video-preview:-1"},"canonical":"https:\/\/psol50.org.br\/chico-alencar-feirao-de-negociatas\/","og_locale":"pt_BR","og_type":"article","og_title":"Chico Alencar | Feir\u00e3o de negociatas - PSOL 50","og_description":"Artigo publicado originalmente no Jornal O Globo At\u00e9 abril, parlamentar que quiser mudar de partido pode. A lei garante, e n\u00e3o precisa justificar. Para muitos que aproveitar\u00e3o essa \u201cjanela de transfer\u00eancias\u201d, n\u00e3o ter que dar raz\u00f5es vem a calhar. Por mais que isso seja a nega\u00e7\u00e3o total da vida partid\u00e1ria. Alguns j\u00e1 est\u00e3o no troca-troca [&hellip;]","og_url":"https:\/\/psol50.org.br\/chico-alencar-feirao-de-negociatas\/","og_site_name":"PSOL 50","article_publisher":"https:\/\/www.facebook.com\/psol50","article_published_time":"2018-03-12T18:03:51+00:00","og_image":[{"width":1350,"height":900,"url":"https:\/\/psol50.org.br\/inc\/uploads\/2018\/07\/capa.png","type":"image\/png"}],"author":"Comunica\u00e7\u00e3o PSOL","twitter_card":"summary_large_image","twitter_creator":"@psol50","twitter_site":"@psol50","twitter_misc":{"Escrito por":"Comunica\u00e7\u00e3o PSOL","Est. tempo de leitura":"2 minutos"},"schema":{"@context":"https:\/\/schema.org","@graph":[{"@type":"Article","@id":"https:\/\/psol50.org.br\/chico-alencar-feirao-de-negociatas\/#article","isPartOf":{"@id":"https:\/\/psol50.org.br\/chico-alencar-feirao-de-negociatas\/"},"author":{"name":"Comunica\u00e7\u00e3o PSOL","@id":"https:\/\/psol50.org.br\/#\/schema\/person\/475dfa57d0b815993c714c2e96491fcd"},"headline":"Chico Alencar | Feir\u00e3o de negociatas","datePublished":"2018-03-12T18:03:51+00:00","mainEntityOfPage":{"@id":"https:\/\/psol50.org.br\/chico-alencar-feirao-de-negociatas\/"},"wordCount":501,"commentCount":0,"publisher":{"@id":"https:\/\/psol50.org.br\/#organization"},"image":{"@id":"https:\/\/psol50.org.br\/chico-alencar-feirao-de-negociatas\/#primaryimage"},"thumbnailUrl":"","keywords":["Chico Alencar","elei\u00e7\u00e3o","filia\u00e7\u00e3o","partido"],"articleSection":["Artigos"],"inLanguage":"pt-BR","potentialAction":[{"@type":"CommentAction","name":"Comment","target":["https:\/\/psol50.org.br\/chico-alencar-feirao-de-negociatas\/#respond"]}]},{"@type":"WebPage","@id":"https:\/\/psol50.org.br\/chico-alencar-feirao-de-negociatas\/","url":"https:\/\/psol50.org.br\/chico-alencar-feirao-de-negociatas\/","name":"Chico Alencar | Feir\u00e3o de negociatas - PSOL 50","isPartOf":{"@id":"https:\/\/psol50.org.br\/#website"},"primaryImageOfPage":{"@id":"https:\/\/psol50.org.br\/chico-alencar-feirao-de-negociatas\/#primaryimage"},"image":{"@id":"https:\/\/psol50.org.br\/chico-alencar-feirao-de-negociatas\/#primaryimage"},"thumbnailUrl":"","datePublished":"2018-03-12T18:03:51+00:00","breadcrumb":{"@id":"https:\/\/psol50.org.br\/chico-alencar-feirao-de-negociatas\/#breadcrumb"},"inLanguage":"pt-BR","potentialAction":[{"@type":"ReadAction","target":["https:\/\/psol50.org.br\/chico-alencar-feirao-de-negociatas\/"]}]},{"@type":"ImageObject","inLanguage":"pt-BR","@id":"https:\/\/psol50.org.br\/chico-alencar-feirao-de-negociatas\/#primaryimage","url":"","contentUrl":""},{"@type":"BreadcrumbList","@id":"https:\/\/psol50.org.br\/chico-alencar-feirao-de-negociatas\/#breadcrumb","itemListElement":[{"@type":"ListItem","position":1,"name":"In\u00edcio","item":"https:\/\/psol50.org.br\/"},{"@type":"ListItem","position":2,"name":"Chico Alencar | Feir\u00e3o de negociatas"}]},{"@type":"WebSite","@id":"https:\/\/psol50.org.br\/#website","url":"https:\/\/psol50.org.br\/","name":"PSOL 50","description":"Site oficial do Partido Socialismo e Liberdade","publisher":{"@id":"https:\/\/psol50.org.br\/#organization"},"alternateName":"PSOL50","potentialAction":[{"@type":"SearchAction","target":{"@type":"EntryPoint","urlTemplate":"https:\/\/psol50.org.br\/?s={search_term_string}"},"query-input":{"@type":"PropertyValueSpecification","valueRequired":true,"valueName":"search_term_string"}}],"inLanguage":"pt-BR"},{"@type":"Organization","@id":"https:\/\/psol50.org.br\/#organization","name":"PSOL 50","alternateName":"PSOL 50","url":"https:\/\/psol50.org.br\/","logo":{"@type":"ImageObject","inLanguage":"pt-BR","@id":"https:\/\/psol50.org.br\/#\/schema\/logo\/image\/","url":"https:\/\/psol50.org.br\/inc\/uploads\/2018\/07\/capa.png","contentUrl":"https:\/\/psol50.org.br\/inc\/uploads\/2018\/07\/capa.png","width":1350,"height":900,"caption":"PSOL 50"},"image":{"@id":"https:\/\/psol50.org.br\/#\/schema\/logo\/image\/"},"sameAs":["https:\/\/www.facebook.com\/psol50","https:\/\/x.com\/psol50","https:\/\/www.instagram.com\/psol50\/","https:\/\/www.youtube.com\/channel\/UC7SnJS5o1os7a6CaiNabzcg"]},{"@type":"Person","@id":"https:\/\/psol50.org.br\/#\/schema\/person\/475dfa57d0b815993c714c2e96491fcd","name":"Comunica\u00e7\u00e3o PSOL","image":{"@type":"ImageObject","inLanguage":"pt-BR","@id":"https:\/\/psol50.org.br\/#\/schema\/person\/image\/","url":"https:\/\/secure.gravatar.com\/avatar\/b34fc4f4e468a4e51785917065a3db57b841f5c95dba6ad8c73aaf8f66f8f9bf?s=96&d=mm&r=g","contentUrl":"https:\/\/secure.gravatar.com\/avatar\/b34fc4f4e468a4e51785917065a3db57b841f5c95dba6ad8c73aaf8f66f8f9bf?s=96&d=mm&r=g","caption":"Comunica\u00e7\u00e3o PSOL"}}]}},"_links":{"self":[{"href":"https:\/\/psol50.org.br\/rest\/wp\/v2\/posts\/20138","targetHints":{"allow":["GET"]}}],"collection":[{"href":"https:\/\/psol50.org.br\/rest\/wp\/v2\/posts"}],"about":[{"href":"https:\/\/psol50.org.br\/rest\/wp\/v2\/types\/post"}],"author":[{"embeddable":true,"href":"https:\/\/psol50.org.br\/rest\/wp\/v2\/users\/2"}],"replies":[{"embeddable":true,"href":"https:\/\/psol50.org.br\/rest\/wp\/v2\/comments?post=20138"}],"version-history":[{"count":0,"href":"https:\/\/psol50.org.br\/rest\/wp\/v2\/posts\/20138\/revisions"}],"wp:featuredmedia":[{"embeddable":true,"href":"https:\/\/psol50.org.br\/rest\/"}],"wp:attachment":[{"href":"https:\/\/psol50.org.br\/rest\/wp\/v2\/media?parent=20138"}],"wp:term":[{"taxonomy":"category","embeddable":true,"href":"https:\/\/psol50.org.br\/rest\/wp\/v2\/categories?post=20138"},{"taxonomy":"post_tag","embeddable":true,"href":"https:\/\/psol50.org.br\/rest\/wp\/v2\/tags?post=20138"}],"curies":[{"name":"wp","href":"https:\/\/api.w.org\/{rel}","templated":true}]}}