{"id":20162,"date":"2018-03-14T12:44:47","date_gmt":"2018-03-14T15:44:47","guid":{"rendered":"http:\/\/www.psol50.org.br\/?p=20162"},"modified":"2018-03-14T12:44:47","modified_gmt":"2018-03-14T15:44:47","slug":"leonel-camasao-e-o-pre-candidato-do-psol-ao-governo-de-santa-catarina","status":"publish","type":"post","link":"https:\/\/psol50.org.br\/leonel-camasao-e-o-pre-candidato-do-psol-ao-governo-de-santa-catarina\/","title":{"rendered":"Leonel Camas\u00e3o \u00e9 o pr\u00e9-candidato do PSOL ao governo de Santa Catarina"},"content":{"rendered":"<p>O PSOL Santa Catarina definiu, em confer\u00eancia eleitoral, o nome do jornalista Leonel Camas\u00e3o, presidente do partido em Florian\u00f3polis, como pr\u00e9-candidato ao governo do estado.<\/p>\n<p>Camas\u00e3o recebeu 51% dos votos dos na confer\u00eancia, que contou com a participa\u00e7\u00e3o de 65 delegados. Ele disputou a indica\u00e7\u00e3o com Ant\u00f4nio Campos e Serge Goulart.<\/p>\n<p>Para o pr\u00e9-candidato, o desafio do PSOL nessas elei\u00e7\u00f5es \u00e9 mostrar que \u00e9 poss\u00edvel fazer diferente.\u00a0&#8220;\u00c9 poss\u00edvel um governo \u00e0 esquerda, que distribua renda, ataque os privil\u00e9gios e promova a igualdade. Por isso, aceitei o desafio de ser candidato a governador&#8221;, afirma. &#8220;\u00c9 hora de ousarmos mais, de denunciarmos os que sempre governaram Santa Catarina para o 1% mais rico. \u00c9 hora de governar para os 99% dos catarinenses&#8221;.<\/p>\n<p>Com 31 anos, Leonel Camas\u00e3o \u00e9 mestre em jornalismo pela UFSC e dirigente do Sindicato dos Jornalistas. Em 2012, ele foi candidato \u00e0 prefeitura de Joinville, maior cidade do estado, quando obteve mais de 10 mil votos. O resultado chamou aten\u00e7\u00e3o, principalmente pela pouca quantidade de recursos da candidatura, que pautou temas sociais ignorados pelos demais candidatos.<\/p>\n<p>Camas\u00e3o ainda foi presidente estadual do PSOL em 2013. Em 2014, foi um dos candidatos a deputado estadual mais votados do partido. Mudou-se para Florian\u00f3polis em 2015, onde concluiu Mestrado pela Universidade Federal de Santa Catarina. Atualmente, \u00e9 assessor do vereador Afr\u00e2nio Boppr\u00e9 na C\u00e2mara de Florian\u00f3polis.<\/p>\n<p>Leonel Camas\u00e3o ingressou na pol\u00edtica ainda adolescente, no movimento estudantil. Presidiu o DCE do Bom Jesus\/Ielusc, militou no Movimento Passe Livre por quatro anos e tamb\u00e9m na Associa\u00e7\u00e3o LGBT Arco \u00cdris. Em 2008, ingressou no PSOL.<\/p>\n<p>Siga o pr\u00e9-candidato do PSOL nas redes sociais: <a href=\"https:\/\/www.facebook.com\/camasao50\/\" target=\"_blank\" rel=\"noopener\"><span style=\"color: #3366ff;\"><strong>Facebook<\/strong><\/span><\/a> | <a href=\"https:\/\/twitter.com\/camasao50\" target=\"_blank\" rel=\"noopener\"><span style=\"color: #3366ff;\"><strong>Twitter<\/strong><\/span><\/a><\/p>\n","protected":false},"excerpt":{"rendered":"<p>O PSOL Santa Catarina definiu, em confer\u00eancia eleitoral, o nome do jornalista Leonel Camas\u00e3o, presidente do partido em Florian\u00f3polis, como pr\u00e9-candidato ao governo do estado. Camas\u00e3o recebeu 51% dos votos dos na confer\u00eancia, que contou com a participa\u00e7\u00e3o de 65 delegados. Ele disputou a indica\u00e7\u00e3o com Ant\u00f4nio Campos e Serge Goulart. Para o pr\u00e9-candidato, o [&hellip;]<\/p>\n","protected":false},"author":2,"featured_media":20165,"comment_status":"open","ping_status":"open","sticky":false,"template":"","format":"standard","meta":{"_acf_changed":false,"footnotes":""},"categories":[2165,654,6,14],"tags":[1604,387,2321,1137],"class_list":{"0":"post-20162","1":"post","2":"type-post","3":"status-publish","4":"format-standard","5":"has-post-thumbnail","7":"category-eleicoes-2018","8":"category-estados","9":"category-noticias","10":"category-partido","11":"tag-eleicoes-2018","12":"tag-governo","13":"tag-leonel-camasao","14":"tag-pre-candidaturas"},"acf":[],"yoast_head":"<!-- This site is optimized with the Yoast SEO plugin v26.5 - https:\/\/yoast.com\/wordpress\/plugins\/seo\/ -->\n<title>Leonel Camas\u00e3o \u00e9 o pr\u00e9-candidato do PSOL ao governo de Santa Catarina - PSOL 50<\/title>\n<meta name=\"robots\" content=\"index, follow, max-snippet:-1, max-image-preview:large, max-video-preview:-1\" \/>\n<link rel=\"canonical\" href=\"https:\/\/psol50.org.br\/leonel-camasao-e-o-pre-candidato-do-psol-ao-governo-de-santa-catarina\/\" \/>\n<meta property=\"og:locale\" content=\"pt_BR\" \/>\n<meta property=\"og:type\" content=\"article\" \/>\n<meta property=\"og:title\" content=\"Leonel Camas\u00e3o \u00e9 o pr\u00e9-candidato do PSOL ao governo de Santa Catarina - PSOL 50\" \/>\n<meta property=\"og:description\" content=\"O PSOL Santa Catarina definiu, em confer\u00eancia eleitoral, o nome do jornalista Leonel Camas\u00e3o, presidente do partido em Florian\u00f3polis, como pr\u00e9-candidato ao governo do estado. Camas\u00e3o recebeu 51% dos votos dos na confer\u00eancia, que contou com a participa\u00e7\u00e3o de 65 delegados. Ele disputou a indica\u00e7\u00e3o com Ant\u00f4nio Campos e Serge Goulart. Para o pr\u00e9-candidato, o [&hellip;]\" \/>\n<meta property=\"og:url\" content=\"https:\/\/psol50.org.br\/leonel-camasao-e-o-pre-candidato-do-psol-ao-governo-de-santa-catarina\/\" \/>\n<meta property=\"og:site_name\" content=\"PSOL 50\" \/>\n<meta property=\"article:publisher\" content=\"https:\/\/www.facebook.com\/psol50\" \/>\n<meta property=\"article:published_time\" content=\"2018-03-14T15:44:47+00:00\" \/>\n<meta property=\"og:image\" content=\"https:\/\/psol50.org.br\/inc\/uploads\/2018\/03\/LeonelCamasao.ConferenciaEleitoral.PSOL_.jpg\" \/>\n\t<meta property=\"og:image:width\" content=\"1350\" \/>\n\t<meta property=\"og:image:height\" content=\"900\" \/>\n\t<meta property=\"og:image:type\" content=\"image\/jpeg\" \/>\n<meta name=\"author\" content=\"Comunica\u00e7\u00e3o PSOL\" \/>\n<meta name=\"twitter:card\" content=\"summary_large_image\" \/>\n<meta name=\"twitter:creator\" content=\"@psol50\" \/>\n<meta name=\"twitter:site\" content=\"@psol50\" \/>\n<meta name=\"twitter:label1\" content=\"Escrito por\" \/>\n\t<meta name=\"twitter:data1\" content=\"Comunica\u00e7\u00e3o PSOL\" \/>\n\t<meta name=\"twitter:label2\" content=\"Est. tempo de leitura\" \/>\n\t<meta name=\"twitter:data2\" content=\"1 minuto\" \/>\n<script type=\"application\/ld+json\" class=\"yoast-schema-graph\">{\"@context\":\"https:\/\/schema.org\",\"@graph\":[{\"@type\":\"Article\",\"@id\":\"https:\/\/psol50.org.br\/leonel-camasao-e-o-pre-candidato-do-psol-ao-governo-de-santa-catarina\/#article\",\"isPartOf\":{\"@id\":\"https:\/\/psol50.org.br\/leonel-camasao-e-o-pre-candidato-do-psol-ao-governo-de-santa-catarina\/\"},\"author\":{\"name\":\"Comunica\u00e7\u00e3o PSOL\",\"@id\":\"https:\/\/psol50.org.br\/#\/schema\/person\/475dfa57d0b815993c714c2e96491fcd\"},\"headline\":\"Leonel Camas\u00e3o \u00e9 o pr\u00e9-candidato do PSOL ao governo de Santa Catarina\",\"datePublished\":\"2018-03-14T15:44:47+00:00\",\"mainEntityOfPage\":{\"@id\":\"https:\/\/psol50.org.br\/leonel-camasao-e-o-pre-candidato-do-psol-ao-governo-de-santa-catarina\/\"},\"wordCount\":291,\"commentCount\":0,\"publisher\":{\"@id\":\"https:\/\/psol50.org.br\/#organization\"},\"image\":{\"@id\":\"https:\/\/psol50.org.br\/leonel-camasao-e-o-pre-candidato-do-psol-ao-governo-de-santa-catarina\/#primaryimage\"},\"thumbnailUrl\":\"https:\/\/psol50.org.br\/inc\/uploads\/2018\/03\/LeonelCamasao.ConferenciaEleitoral.PSOL_.jpg\",\"keywords\":[\"Elei\u00e7\u00f5es 2018\",\"governo\",\"Leonel Camas\u00e3o\",\"pr\u00e9-candidaturas\"],\"articleSection\":[\"Elei\u00e7\u00f5es 2018\",\"Estados\",\"Not\u00edcias\",\"Partido\"],\"inLanguage\":\"pt-BR\",\"potentialAction\":[{\"@type\":\"CommentAction\",\"name\":\"Comment\",\"target\":[\"https:\/\/psol50.org.br\/leonel-camasao-e-o-pre-candidato-do-psol-ao-governo-de-santa-catarina\/#respond\"]}]},{\"@type\":\"WebPage\",\"@id\":\"https:\/\/psol50.org.br\/leonel-camasao-e-o-pre-candidato-do-psol-ao-governo-de-santa-catarina\/\",\"url\":\"https:\/\/psol50.org.br\/leonel-camasao-e-o-pre-candidato-do-psol-ao-governo-de-santa-catarina\/\",\"name\":\"Leonel Camas\u00e3o \u00e9 o pr\u00e9-candidato do PSOL ao governo de Santa Catarina - PSOL 50\",\"isPartOf\":{\"@id\":\"https:\/\/psol50.org.br\/#website\"},\"primaryImageOfPage\":{\"@id\":\"https:\/\/psol50.org.br\/leonel-camasao-e-o-pre-candidato-do-psol-ao-governo-de-santa-catarina\/#primaryimage\"},\"image\":{\"@id\":\"https:\/\/psol50.org.br\/leonel-camasao-e-o-pre-candidato-do-psol-ao-governo-de-santa-catarina\/#primaryimage\"},\"thumbnailUrl\":\"https:\/\/psol50.org.br\/inc\/uploads\/2018\/03\/LeonelCamasao.ConferenciaEleitoral.PSOL_.jpg\",\"datePublished\":\"2018-03-14T15:44:47+00:00\",\"breadcrumb\":{\"@id\":\"https:\/\/psol50.org.br\/leonel-camasao-e-o-pre-candidato-do-psol-ao-governo-de-santa-catarina\/#breadcrumb\"},\"inLanguage\":\"pt-BR\",\"potentialAction\":[{\"@type\":\"ReadAction\",\"target\":[\"https:\/\/psol50.org.br\/leonel-camasao-e-o-pre-candidato-do-psol-ao-governo-de-santa-catarina\/\"]}]},{\"@type\":\"ImageObject\",\"inLanguage\":\"pt-BR\",\"@id\":\"https:\/\/psol50.org.br\/leonel-camasao-e-o-pre-candidato-do-psol-ao-governo-de-santa-catarina\/#primaryimage\",\"url\":\"https:\/\/psol50.org.br\/inc\/uploads\/2018\/03\/LeonelCamasao.ConferenciaEleitoral.PSOL_.jpg\",\"contentUrl\":\"https:\/\/psol50.org.br\/inc\/uploads\/2018\/03\/LeonelCamasao.ConferenciaEleitoral.PSOL_.jpg\",\"width\":1350,\"height\":900},{\"@type\":\"BreadcrumbList\",\"@id\":\"https:\/\/psol50.org.br\/leonel-camasao-e-o-pre-candidato-do-psol-ao-governo-de-santa-catarina\/#breadcrumb\",\"itemListElement\":[{\"@type\":\"ListItem\",\"position\":1,\"name\":\"In\u00edcio\",\"item\":\"https:\/\/psol50.org.br\/\"},{\"@type\":\"ListItem\",\"position\":2,\"name\":\"Leonel Camas\u00e3o \u00e9 o pr\u00e9-candidato do PSOL ao governo de Santa Catarina\"}]},{\"@type\":\"WebSite\",\"@id\":\"https:\/\/psol50.org.br\/#website\",\"url\":\"https:\/\/psol50.org.br\/\",\"name\":\"PSOL 50\",\"description\":\"Site oficial do Partido Socialismo e Liberdade\",\"publisher\":{\"@id\":\"https:\/\/psol50.org.br\/#organization\"},\"alternateName\":\"PSOL50\",\"potentialAction\":[{\"@type\":\"SearchAction\",\"target\":{\"@type\":\"EntryPoint\",\"urlTemplate\":\"https:\/\/psol50.org.br\/?s={search_term_string}\"},\"query-input\":{\"@type\":\"PropertyValueSpecification\",\"valueRequired\":true,\"valueName\":\"search_term_string\"}}],\"inLanguage\":\"pt-BR\"},{\"@type\":\"Organization\",\"@id\":\"https:\/\/psol50.org.br\/#organization\",\"name\":\"PSOL 50\",\"alternateName\":\"PSOL 50\",\"url\":\"https:\/\/psol50.org.br\/\",\"logo\":{\"@type\":\"ImageObject\",\"inLanguage\":\"pt-BR\",\"@id\":\"https:\/\/psol50.org.br\/#\/schema\/logo\/image\/\",\"url\":\"https:\/\/psol50.org.br\/inc\/uploads\/2018\/07\/capa.png\",\"contentUrl\":\"https:\/\/psol50.org.br\/inc\/uploads\/2018\/07\/capa.png\",\"width\":1350,\"height\":900,\"caption\":\"PSOL 50\"},\"image\":{\"@id\":\"https:\/\/psol50.org.br\/#\/schema\/logo\/image\/\"},\"sameAs\":[\"https:\/\/www.facebook.com\/psol50\",\"https:\/\/x.com\/psol50\",\"https:\/\/www.instagram.com\/psol50\/\",\"https:\/\/www.youtube.com\/channel\/UC7SnJS5o1os7a6CaiNabzcg\"]},{\"@type\":\"Person\",\"@id\":\"https:\/\/psol50.org.br\/#\/schema\/person\/475dfa57d0b815993c714c2e96491fcd\",\"name\":\"Comunica\u00e7\u00e3o PSOL\",\"image\":{\"@type\":\"ImageObject\",\"inLanguage\":\"pt-BR\",\"@id\":\"https:\/\/psol50.org.br\/#\/schema\/person\/image\/\",\"url\":\"https:\/\/secure.gravatar.com\/avatar\/b34fc4f4e468a4e51785917065a3db57b841f5c95dba6ad8c73aaf8f66f8f9bf?s=96&d=mm&r=g\",\"contentUrl\":\"https:\/\/secure.gravatar.com\/avatar\/b34fc4f4e468a4e51785917065a3db57b841f5c95dba6ad8c73aaf8f66f8f9bf?s=96&d=mm&r=g\",\"caption\":\"Comunica\u00e7\u00e3o PSOL\"}}]}<\/script>\n<!-- \/ Yoast SEO plugin. -->","yoast_head_json":{"title":"Leonel Camas\u00e3o \u00e9 o pr\u00e9-candidato do PSOL ao governo de Santa Catarina - PSOL 50","robots":{"index":"index","follow":"follow","max-snippet":"max-snippet:-1","max-image-preview":"max-image-preview:large","max-video-preview":"max-video-preview:-1"},"canonical":"https:\/\/psol50.org.br\/leonel-camasao-e-o-pre-candidato-do-psol-ao-governo-de-santa-catarina\/","og_locale":"pt_BR","og_type":"article","og_title":"Leonel Camas\u00e3o \u00e9 o pr\u00e9-candidato do PSOL ao governo de Santa Catarina - PSOL 50","og_description":"O PSOL Santa Catarina definiu, em confer\u00eancia eleitoral, o nome do jornalista Leonel Camas\u00e3o, presidente do partido em Florian\u00f3polis, como pr\u00e9-candidato ao governo do estado. Camas\u00e3o recebeu 51% dos votos dos na confer\u00eancia, que contou com a participa\u00e7\u00e3o de 65 delegados. Ele disputou a indica\u00e7\u00e3o com Ant\u00f4nio Campos e Serge Goulart. Para o pr\u00e9-candidato, o [&hellip;]","og_url":"https:\/\/psol50.org.br\/leonel-camasao-e-o-pre-candidato-do-psol-ao-governo-de-santa-catarina\/","og_site_name":"PSOL 50","article_publisher":"https:\/\/www.facebook.com\/psol50","article_published_time":"2018-03-14T15:44:47+00:00","og_image":[{"width":1350,"height":900,"url":"https:\/\/psol50.org.br\/inc\/uploads\/2018\/03\/LeonelCamasao.ConferenciaEleitoral.PSOL_.jpg","type":"image\/jpeg"}],"author":"Comunica\u00e7\u00e3o PSOL","twitter_card":"summary_large_image","twitter_creator":"@psol50","twitter_site":"@psol50","twitter_misc":{"Escrito por":"Comunica\u00e7\u00e3o PSOL","Est. tempo de leitura":"1 minuto"},"schema":{"@context":"https:\/\/schema.org","@graph":[{"@type":"Article","@id":"https:\/\/psol50.org.br\/leonel-camasao-e-o-pre-candidato-do-psol-ao-governo-de-santa-catarina\/#article","isPartOf":{"@id":"https:\/\/psol50.org.br\/leonel-camasao-e-o-pre-candidato-do-psol-ao-governo-de-santa-catarina\/"},"author":{"name":"Comunica\u00e7\u00e3o PSOL","@id":"https:\/\/psol50.org.br\/#\/schema\/person\/475dfa57d0b815993c714c2e96491fcd"},"headline":"Leonel Camas\u00e3o \u00e9 o pr\u00e9-candidato do PSOL ao governo de Santa Catarina","datePublished":"2018-03-14T15:44:47+00:00","mainEntityOfPage":{"@id":"https:\/\/psol50.org.br\/leonel-camasao-e-o-pre-candidato-do-psol-ao-governo-de-santa-catarina\/"},"wordCount":291,"commentCount":0,"publisher":{"@id":"https:\/\/psol50.org.br\/#organization"},"image":{"@id":"https:\/\/psol50.org.br\/leonel-camasao-e-o-pre-candidato-do-psol-ao-governo-de-santa-catarina\/#primaryimage"},"thumbnailUrl":"https:\/\/psol50.org.br\/inc\/uploads\/2018\/03\/LeonelCamasao.ConferenciaEleitoral.PSOL_.jpg","keywords":["Elei\u00e7\u00f5es 2018","governo","Leonel Camas\u00e3o","pr\u00e9-candidaturas"],"articleSection":["Elei\u00e7\u00f5es 2018","Estados","Not\u00edcias","Partido"],"inLanguage":"pt-BR","potentialAction":[{"@type":"CommentAction","name":"Comment","target":["https:\/\/psol50.org.br\/leonel-camasao-e-o-pre-candidato-do-psol-ao-governo-de-santa-catarina\/#respond"]}]},{"@type":"WebPage","@id":"https:\/\/psol50.org.br\/leonel-camasao-e-o-pre-candidato-do-psol-ao-governo-de-santa-catarina\/","url":"https:\/\/psol50.org.br\/leonel-camasao-e-o-pre-candidato-do-psol-ao-governo-de-santa-catarina\/","name":"Leonel Camas\u00e3o \u00e9 o pr\u00e9-candidato do PSOL ao governo de Santa Catarina - PSOL 50","isPartOf":{"@id":"https:\/\/psol50.org.br\/#website"},"primaryImageOfPage":{"@id":"https:\/\/psol50.org.br\/leonel-camasao-e-o-pre-candidato-do-psol-ao-governo-de-santa-catarina\/#primaryimage"},"image":{"@id":"https:\/\/psol50.org.br\/leonel-camasao-e-o-pre-candidato-do-psol-ao-governo-de-santa-catarina\/#primaryimage"},"thumbnailUrl":"https:\/\/psol50.org.br\/inc\/uploads\/2018\/03\/LeonelCamasao.ConferenciaEleitoral.PSOL_.jpg","datePublished":"2018-03-14T15:44:47+00:00","breadcrumb":{"@id":"https:\/\/psol50.org.br\/leonel-camasao-e-o-pre-candidato-do-psol-ao-governo-de-santa-catarina\/#breadcrumb"},"inLanguage":"pt-BR","potentialAction":[{"@type":"ReadAction","target":["https:\/\/psol50.org.br\/leonel-camasao-e-o-pre-candidato-do-psol-ao-governo-de-santa-catarina\/"]}]},{"@type":"ImageObject","inLanguage":"pt-BR","@id":"https:\/\/psol50.org.br\/leonel-camasao-e-o-pre-candidato-do-psol-ao-governo-de-santa-catarina\/#primaryimage","url":"https:\/\/psol50.org.br\/inc\/uploads\/2018\/03\/LeonelCamasao.ConferenciaEleitoral.PSOL_.jpg","contentUrl":"https:\/\/psol50.org.br\/inc\/uploads\/2018\/03\/LeonelCamasao.ConferenciaEleitoral.PSOL_.jpg","width":1350,"height":900},{"@type":"BreadcrumbList","@id":"https:\/\/psol50.org.br\/leonel-camasao-e-o-pre-candidato-do-psol-ao-governo-de-santa-catarina\/#breadcrumb","itemListElement":[{"@type":"ListItem","position":1,"name":"In\u00edcio","item":"https:\/\/psol50.org.br\/"},{"@type":"ListItem","position":2,"name":"Leonel Camas\u00e3o \u00e9 o pr\u00e9-candidato do PSOL ao governo de Santa Catarina"}]},{"@type":"WebSite","@id":"https:\/\/psol50.org.br\/#website","url":"https:\/\/psol50.org.br\/","name":"PSOL 50","description":"Site oficial do Partido Socialismo e Liberdade","publisher":{"@id":"https:\/\/psol50.org.br\/#organization"},"alternateName":"PSOL50","potentialAction":[{"@type":"SearchAction","target":{"@type":"EntryPoint","urlTemplate":"https:\/\/psol50.org.br\/?s={search_term_string}"},"query-input":{"@type":"PropertyValueSpecification","valueRequired":true,"valueName":"search_term_string"}}],"inLanguage":"pt-BR"},{"@type":"Organization","@id":"https:\/\/psol50.org.br\/#organization","name":"PSOL 50","alternateName":"PSOL 50","url":"https:\/\/psol50.org.br\/","logo":{"@type":"ImageObject","inLanguage":"pt-BR","@id":"https:\/\/psol50.org.br\/#\/schema\/logo\/image\/","url":"https:\/\/psol50.org.br\/inc\/uploads\/2018\/07\/capa.png","contentUrl":"https:\/\/psol50.org.br\/inc\/uploads\/2018\/07\/capa.png","width":1350,"height":900,"caption":"PSOL 50"},"image":{"@id":"https:\/\/psol50.org.br\/#\/schema\/logo\/image\/"},"sameAs":["https:\/\/www.facebook.com\/psol50","https:\/\/x.com\/psol50","https:\/\/www.instagram.com\/psol50\/","https:\/\/www.youtube.com\/channel\/UC7SnJS5o1os7a6CaiNabzcg"]},{"@type":"Person","@id":"https:\/\/psol50.org.br\/#\/schema\/person\/475dfa57d0b815993c714c2e96491fcd","name":"Comunica\u00e7\u00e3o PSOL","image":{"@type":"ImageObject","inLanguage":"pt-BR","@id":"https:\/\/psol50.org.br\/#\/schema\/person\/image\/","url":"https:\/\/secure.gravatar.com\/avatar\/b34fc4f4e468a4e51785917065a3db57b841f5c95dba6ad8c73aaf8f66f8f9bf?s=96&d=mm&r=g","contentUrl":"https:\/\/secure.gravatar.com\/avatar\/b34fc4f4e468a4e51785917065a3db57b841f5c95dba6ad8c73aaf8f66f8f9bf?s=96&d=mm&r=g","caption":"Comunica\u00e7\u00e3o PSOL"}}]}},"_links":{"self":[{"href":"https:\/\/psol50.org.br\/rest\/wp\/v2\/posts\/20162","targetHints":{"allow":["GET"]}}],"collection":[{"href":"https:\/\/psol50.org.br\/rest\/wp\/v2\/posts"}],"about":[{"href":"https:\/\/psol50.org.br\/rest\/wp\/v2\/types\/post"}],"author":[{"embeddable":true,"href":"https:\/\/psol50.org.br\/rest\/wp\/v2\/users\/2"}],"replies":[{"embeddable":true,"href":"https:\/\/psol50.org.br\/rest\/wp\/v2\/comments?post=20162"}],"version-history":[{"count":0,"href":"https:\/\/psol50.org.br\/rest\/wp\/v2\/posts\/20162\/revisions"}],"wp:featuredmedia":[{"embeddable":true,"href":"https:\/\/psol50.org.br\/rest\/wp\/v2\/media\/20165"}],"wp:attachment":[{"href":"https:\/\/psol50.org.br\/rest\/wp\/v2\/media?parent=20162"}],"wp:term":[{"taxonomy":"category","embeddable":true,"href":"https:\/\/psol50.org.br\/rest\/wp\/v2\/categories?post=20162"},{"taxonomy":"post_tag","embeddable":true,"href":"https:\/\/psol50.org.br\/rest\/wp\/v2\/tags?post=20162"}],"curies":[{"name":"wp","href":"https:\/\/api.w.org\/{rel}","templated":true}]}}