{"id":20179,"date":"2018-03-14T10:19:50","date_gmt":"2018-03-14T13:19:50","guid":{"rendered":"http:\/\/www.psol50.org.br\/?p=20179"},"modified":"2018-03-14T10:19:50","modified_gmt":"2018-03-14T13:19:50","slug":"pela-vida-das-mulheres-direitos-e-democracia-doria-sai-fica-aposentadoria","status":"publish","type":"post","link":"https:\/\/psol50.org.br\/pela-vida-das-mulheres-direitos-e-democracia-doria-sai-fica-aposentadoria\/","title":{"rendered":"Pela vida das mulheres: direitos e democracia! D\u00f3ria sai, fica aposentadoria!"},"content":{"rendered":"<p><em>Por Laura Cymbalista e Maria Aparecida Freitas Sales,\u00a0educadoras da rede municipal de S\u00e3o Paulo e diretoras do SINPEEM. Em greve desde 08 de mar\u00e7o!<\/em><\/p>\n<p>No \u00faltimo 08 de mar\u00e7o ocupamos \u00e0s ruas para combater o machismo, o racismo e a viol\u00eancia. Ocupamos para dizer que nossas vidas e nossos corpos n\u00e3o tem dono. Nem patr\u00f5es, nem igrejas, c\u00e2maras e tribunais para controlar nosso tempo e nossa for\u00e7a. Nossa luta pulsa em cada dimens\u00e3o da vida e a resist\u00eancia \u00e9 uma necessidade urgente.<\/p>\n<p>Em tempos de golpe, ataques aos direitos e a fr\u00e1gil democracia brasileira, o 8 de mar\u00e7o renova sua import\u00e2ncia. Conseguimos tirar da pauta do Congresso Nacional a Reforma da Previd\u00eancia, mas aqui em S\u00e3o Paulo, D\u00f3ria pretende se projetar para representar os golpistas e mostrar que \u00e9 capaz de implementar a agenda de cortes e retirada de direitos. Tramita na C\u00e2mara Municipal o Sampaprev que introduz um sistema privado de previd\u00eancia e prop\u00f5e o aumento da al\u00edquota de contribui\u00e7\u00e3o para at\u00e9 19%, colocando nas costas das educadoras e servidoras municipais um suposto rombo no IPREM (Instituto de Previd\u00eancia Municipal).<\/p>\n<p>A desqualifica\u00e7\u00e3o dos servi\u00e7os p\u00fablicos e o desmonte das carreiras p\u00fablicas comp\u00f5em o projeto de ajuste, privatiza\u00e7\u00e3o e mercantiliza\u00e7\u00e3o de direitos implementado por D\u00f3ria em conson\u00e2ncia com Temer e a agenda do golpe. Al\u00e9m disso, beneficia bancos e empresas que devem milh\u00f5es \u00e0 previd\u00eancia social. \u00c9 um jogo de compadrio: o prefeito-empres\u00e1rio favorece os seus, deixando a nossa contribui\u00e7\u00e3o \u00e0 merc\u00ea de especuladores para se aventurarem no mercado financeiro.<\/p>\n<p>A aposentadoria digna \u00e9 o reconhecimento dos anos dedicados \u00e0 escola p\u00fablica somados a duplas e tripla jornadas de trabalho das educadoras. O Sampaprev ataca diretamente esse direito, precarizando as condi\u00e7\u00f5es de vida e trabalho do conjunto do funcionalismo e, em especial, das mulheres. As mulheres da cidade tamb\u00e9m sentem, com a diminui\u00e7\u00e3o do Estado e a piora dos servi\u00e7os p\u00fablicos. \u00c9 o Estado m\u00ednimo para a popula\u00e7\u00e3o e o Estado m\u00e1ximo para os interesses de empres\u00e1rios e banqueiros.<\/p>\n<p>Por isso, em conjunto com o movimento feminista, estivemos nas ruas no dia 08 e iniciamos nossa greve para barrar o Sampaprev. Te cuida, Doria, a mulherada t\u00e1 sempre em movimento!<\/p>\n","protected":false},"excerpt":{"rendered":"<p>Por Laura Cymbalista e Maria Aparecida Freitas Sales,\u00a0educadoras da rede municipal de S\u00e3o Paulo e diretoras do SINPEEM. Em greve desde 08 de mar\u00e7o! No \u00faltimo 08 de mar\u00e7o ocupamos \u00e0s ruas para combater o machismo, o racismo e a viol\u00eancia. Ocupamos para dizer que nossas vidas e nossos corpos n\u00e3o tem dono. Nem patr\u00f5es, [&hellip;]<\/p>\n","protected":false},"author":2,"featured_media":20182,"comment_status":"open","ping_status":"open","sticky":false,"template":"","format":"standard","meta":{"_acf_changed":false,"footnotes":""},"categories":[49],"tags":[294,930,2325,2326,1730,4],"class_list":{"0":"post-20179","1":"post","2":"type-post","3":"status-publish","4":"format-standard","5":"has-post-thumbnail","7":"category-mulheres","8":"tag-8-de-marco","9":"tag-joao-doria","10":"tag-laura-cymbalista","11":"tag-maria-aparecida-freitas-sales","12":"tag-mes-das-mulheres","13":"tag-mulheres"},"acf":[],"yoast_head":"<!-- This site is optimized with the Yoast SEO plugin v26.5 - https:\/\/yoast.com\/wordpress\/plugins\/seo\/ -->\n<title>Pela vida das mulheres: direitos e democracia! D\u00f3ria sai, fica aposentadoria! - PSOL 50<\/title>\n<meta name=\"robots\" content=\"index, follow, max-snippet:-1, max-image-preview:large, max-video-preview:-1\" \/>\n<link rel=\"canonical\" href=\"https:\/\/psol50.org.br\/pela-vida-das-mulheres-direitos-e-democracia-doria-sai-fica-aposentadoria\/\" \/>\n<meta property=\"og:locale\" content=\"pt_BR\" \/>\n<meta property=\"og:type\" content=\"article\" \/>\n<meta property=\"og:title\" content=\"Pela vida das mulheres: direitos e democracia! D\u00f3ria sai, fica aposentadoria! - PSOL 50\" \/>\n<meta property=\"og:description\" content=\"Por Laura Cymbalista e Maria Aparecida Freitas Sales,\u00a0educadoras da rede municipal de S\u00e3o Paulo e diretoras do SINPEEM. Em greve desde 08 de mar\u00e7o! No \u00faltimo 08 de mar\u00e7o ocupamos \u00e0s ruas para combater o machismo, o racismo e a viol\u00eancia. Ocupamos para dizer que nossas vidas e nossos corpos n\u00e3o tem dono. Nem patr\u00f5es, [&hellip;]\" \/>\n<meta property=\"og:url\" content=\"https:\/\/psol50.org.br\/pela-vida-das-mulheres-direitos-e-democracia-doria-sai-fica-aposentadoria\/\" \/>\n<meta property=\"og:site_name\" content=\"PSOL 50\" \/>\n<meta property=\"article:publisher\" content=\"https:\/\/www.facebook.com\/psol50\" \/>\n<meta property=\"article:published_time\" content=\"2018-03-14T13:19:50+00:00\" \/>\n<meta property=\"og:image\" content=\"https:\/\/psol50.org.br\/inc\/uploads\/2018\/03\/Mulheres.8marco.PSOL_.jpg\" \/>\n\t<meta property=\"og:image:width\" content=\"1350\" \/>\n\t<meta property=\"og:image:height\" content=\"900\" \/>\n\t<meta property=\"og:image:type\" content=\"image\/jpeg\" \/>\n<meta name=\"author\" content=\"Comunica\u00e7\u00e3o PSOL\" \/>\n<meta name=\"twitter:card\" content=\"summary_large_image\" \/>\n<meta name=\"twitter:creator\" content=\"@psol50\" \/>\n<meta name=\"twitter:site\" content=\"@psol50\" \/>\n<meta name=\"twitter:label1\" content=\"Escrito por\" \/>\n\t<meta name=\"twitter:data1\" content=\"Comunica\u00e7\u00e3o PSOL\" \/>\n\t<meta name=\"twitter:label2\" content=\"Est. tempo de leitura\" \/>\n\t<meta name=\"twitter:data2\" content=\"2 minutos\" \/>\n<script type=\"application\/ld+json\" class=\"yoast-schema-graph\">{\"@context\":\"https:\/\/schema.org\",\"@graph\":[{\"@type\":\"Article\",\"@id\":\"https:\/\/psol50.org.br\/pela-vida-das-mulheres-direitos-e-democracia-doria-sai-fica-aposentadoria\/#article\",\"isPartOf\":{\"@id\":\"https:\/\/psol50.org.br\/pela-vida-das-mulheres-direitos-e-democracia-doria-sai-fica-aposentadoria\/\"},\"author\":{\"name\":\"Comunica\u00e7\u00e3o PSOL\",\"@id\":\"https:\/\/psol50.org.br\/#\/schema\/person\/475dfa57d0b815993c714c2e96491fcd\"},\"headline\":\"Pela vida das mulheres: direitos e democracia! D\u00f3ria sai, fica aposentadoria!\",\"datePublished\":\"2018-03-14T13:19:50+00:00\",\"mainEntityOfPage\":{\"@id\":\"https:\/\/psol50.org.br\/pela-vida-das-mulheres-direitos-e-democracia-doria-sai-fica-aposentadoria\/\"},\"wordCount\":406,\"commentCount\":0,\"publisher\":{\"@id\":\"https:\/\/psol50.org.br\/#organization\"},\"image\":{\"@id\":\"https:\/\/psol50.org.br\/pela-vida-das-mulheres-direitos-e-democracia-doria-sai-fica-aposentadoria\/#primaryimage\"},\"thumbnailUrl\":\"https:\/\/psol50.org.br\/inc\/uploads\/2018\/03\/Mulheres.8marco.PSOL_.jpg\",\"keywords\":[\"8 de mar\u00e7o\",\"Jo\u00e3o D\u00f3ria\",\"Laura Cymbalista\",\"Maria Aparecida Freitas Sales\",\"M\u00eas das mulheres\",\"mulheres\"],\"articleSection\":[\"Mulheres\"],\"inLanguage\":\"pt-BR\",\"potentialAction\":[{\"@type\":\"CommentAction\",\"name\":\"Comment\",\"target\":[\"https:\/\/psol50.org.br\/pela-vida-das-mulheres-direitos-e-democracia-doria-sai-fica-aposentadoria\/#respond\"]}]},{\"@type\":\"WebPage\",\"@id\":\"https:\/\/psol50.org.br\/pela-vida-das-mulheres-direitos-e-democracia-doria-sai-fica-aposentadoria\/\",\"url\":\"https:\/\/psol50.org.br\/pela-vida-das-mulheres-direitos-e-democracia-doria-sai-fica-aposentadoria\/\",\"name\":\"Pela vida das mulheres: direitos e democracia! D\u00f3ria sai, fica aposentadoria! - PSOL 50\",\"isPartOf\":{\"@id\":\"https:\/\/psol50.org.br\/#website\"},\"primaryImageOfPage\":{\"@id\":\"https:\/\/psol50.org.br\/pela-vida-das-mulheres-direitos-e-democracia-doria-sai-fica-aposentadoria\/#primaryimage\"},\"image\":{\"@id\":\"https:\/\/psol50.org.br\/pela-vida-das-mulheres-direitos-e-democracia-doria-sai-fica-aposentadoria\/#primaryimage\"},\"thumbnailUrl\":\"https:\/\/psol50.org.br\/inc\/uploads\/2018\/03\/Mulheres.8marco.PSOL_.jpg\",\"datePublished\":\"2018-03-14T13:19:50+00:00\",\"breadcrumb\":{\"@id\":\"https:\/\/psol50.org.br\/pela-vida-das-mulheres-direitos-e-democracia-doria-sai-fica-aposentadoria\/#breadcrumb\"},\"inLanguage\":\"pt-BR\",\"potentialAction\":[{\"@type\":\"ReadAction\",\"target\":[\"https:\/\/psol50.org.br\/pela-vida-das-mulheres-direitos-e-democracia-doria-sai-fica-aposentadoria\/\"]}]},{\"@type\":\"ImageObject\",\"inLanguage\":\"pt-BR\",\"@id\":\"https:\/\/psol50.org.br\/pela-vida-das-mulheres-direitos-e-democracia-doria-sai-fica-aposentadoria\/#primaryimage\",\"url\":\"https:\/\/psol50.org.br\/inc\/uploads\/2018\/03\/Mulheres.8marco.PSOL_.jpg\",\"contentUrl\":\"https:\/\/psol50.org.br\/inc\/uploads\/2018\/03\/Mulheres.8marco.PSOL_.jpg\",\"width\":1350,\"height\":900},{\"@type\":\"BreadcrumbList\",\"@id\":\"https:\/\/psol50.org.br\/pela-vida-das-mulheres-direitos-e-democracia-doria-sai-fica-aposentadoria\/#breadcrumb\",\"itemListElement\":[{\"@type\":\"ListItem\",\"position\":1,\"name\":\"In\u00edcio\",\"item\":\"https:\/\/psol50.org.br\/\"},{\"@type\":\"ListItem\",\"position\":2,\"name\":\"Pela vida das mulheres: direitos e democracia! D\u00f3ria sai, fica aposentadoria!\"}]},{\"@type\":\"WebSite\",\"@id\":\"https:\/\/psol50.org.br\/#website\",\"url\":\"https:\/\/psol50.org.br\/\",\"name\":\"PSOL 50\",\"description\":\"Site oficial do Partido Socialismo e Liberdade\",\"publisher\":{\"@id\":\"https:\/\/psol50.org.br\/#organization\"},\"alternateName\":\"PSOL50\",\"potentialAction\":[{\"@type\":\"SearchAction\",\"target\":{\"@type\":\"EntryPoint\",\"urlTemplate\":\"https:\/\/psol50.org.br\/?s={search_term_string}\"},\"query-input\":{\"@type\":\"PropertyValueSpecification\",\"valueRequired\":true,\"valueName\":\"search_term_string\"}}],\"inLanguage\":\"pt-BR\"},{\"@type\":\"Organization\",\"@id\":\"https:\/\/psol50.org.br\/#organization\",\"name\":\"PSOL 50\",\"alternateName\":\"PSOL 50\",\"url\":\"https:\/\/psol50.org.br\/\",\"logo\":{\"@type\":\"ImageObject\",\"inLanguage\":\"pt-BR\",\"@id\":\"https:\/\/psol50.org.br\/#\/schema\/logo\/image\/\",\"url\":\"https:\/\/psol50.org.br\/inc\/uploads\/2018\/07\/capa.png\",\"contentUrl\":\"https:\/\/psol50.org.br\/inc\/uploads\/2018\/07\/capa.png\",\"width\":1350,\"height\":900,\"caption\":\"PSOL 50\"},\"image\":{\"@id\":\"https:\/\/psol50.org.br\/#\/schema\/logo\/image\/\"},\"sameAs\":[\"https:\/\/www.facebook.com\/psol50\",\"https:\/\/x.com\/psol50\",\"https:\/\/www.instagram.com\/psol50\/\",\"https:\/\/www.youtube.com\/channel\/UC7SnJS5o1os7a6CaiNabzcg\"]},{\"@type\":\"Person\",\"@id\":\"https:\/\/psol50.org.br\/#\/schema\/person\/475dfa57d0b815993c714c2e96491fcd\",\"name\":\"Comunica\u00e7\u00e3o PSOL\",\"image\":{\"@type\":\"ImageObject\",\"inLanguage\":\"pt-BR\",\"@id\":\"https:\/\/psol50.org.br\/#\/schema\/person\/image\/\",\"url\":\"https:\/\/secure.gravatar.com\/avatar\/b34fc4f4e468a4e51785917065a3db57b841f5c95dba6ad8c73aaf8f66f8f9bf?s=96&d=mm&r=g\",\"contentUrl\":\"https:\/\/secure.gravatar.com\/avatar\/b34fc4f4e468a4e51785917065a3db57b841f5c95dba6ad8c73aaf8f66f8f9bf?s=96&d=mm&r=g\",\"caption\":\"Comunica\u00e7\u00e3o PSOL\"}}]}<\/script>\n<!-- \/ Yoast SEO plugin. -->","yoast_head_json":{"title":"Pela vida das mulheres: direitos e democracia! D\u00f3ria sai, fica aposentadoria! - PSOL 50","robots":{"index":"index","follow":"follow","max-snippet":"max-snippet:-1","max-image-preview":"max-image-preview:large","max-video-preview":"max-video-preview:-1"},"canonical":"https:\/\/psol50.org.br\/pela-vida-das-mulheres-direitos-e-democracia-doria-sai-fica-aposentadoria\/","og_locale":"pt_BR","og_type":"article","og_title":"Pela vida das mulheres: direitos e democracia! D\u00f3ria sai, fica aposentadoria! - PSOL 50","og_description":"Por Laura Cymbalista e Maria Aparecida Freitas Sales,\u00a0educadoras da rede municipal de S\u00e3o Paulo e diretoras do SINPEEM. Em greve desde 08 de mar\u00e7o! No \u00faltimo 08 de mar\u00e7o ocupamos \u00e0s ruas para combater o machismo, o racismo e a viol\u00eancia. Ocupamos para dizer que nossas vidas e nossos corpos n\u00e3o tem dono. Nem patr\u00f5es, [&hellip;]","og_url":"https:\/\/psol50.org.br\/pela-vida-das-mulheres-direitos-e-democracia-doria-sai-fica-aposentadoria\/","og_site_name":"PSOL 50","article_publisher":"https:\/\/www.facebook.com\/psol50","article_published_time":"2018-03-14T13:19:50+00:00","og_image":[{"width":1350,"height":900,"url":"https:\/\/psol50.org.br\/inc\/uploads\/2018\/03\/Mulheres.8marco.PSOL_.jpg","type":"image\/jpeg"}],"author":"Comunica\u00e7\u00e3o PSOL","twitter_card":"summary_large_image","twitter_creator":"@psol50","twitter_site":"@psol50","twitter_misc":{"Escrito por":"Comunica\u00e7\u00e3o PSOL","Est. tempo de leitura":"2 minutos"},"schema":{"@context":"https:\/\/schema.org","@graph":[{"@type":"Article","@id":"https:\/\/psol50.org.br\/pela-vida-das-mulheres-direitos-e-democracia-doria-sai-fica-aposentadoria\/#article","isPartOf":{"@id":"https:\/\/psol50.org.br\/pela-vida-das-mulheres-direitos-e-democracia-doria-sai-fica-aposentadoria\/"},"author":{"name":"Comunica\u00e7\u00e3o PSOL","@id":"https:\/\/psol50.org.br\/#\/schema\/person\/475dfa57d0b815993c714c2e96491fcd"},"headline":"Pela vida das mulheres: direitos e democracia! D\u00f3ria sai, fica aposentadoria!","datePublished":"2018-03-14T13:19:50+00:00","mainEntityOfPage":{"@id":"https:\/\/psol50.org.br\/pela-vida-das-mulheres-direitos-e-democracia-doria-sai-fica-aposentadoria\/"},"wordCount":406,"commentCount":0,"publisher":{"@id":"https:\/\/psol50.org.br\/#organization"},"image":{"@id":"https:\/\/psol50.org.br\/pela-vida-das-mulheres-direitos-e-democracia-doria-sai-fica-aposentadoria\/#primaryimage"},"thumbnailUrl":"https:\/\/psol50.org.br\/inc\/uploads\/2018\/03\/Mulheres.8marco.PSOL_.jpg","keywords":["8 de mar\u00e7o","Jo\u00e3o D\u00f3ria","Laura Cymbalista","Maria Aparecida Freitas Sales","M\u00eas das mulheres","mulheres"],"articleSection":["Mulheres"],"inLanguage":"pt-BR","potentialAction":[{"@type":"CommentAction","name":"Comment","target":["https:\/\/psol50.org.br\/pela-vida-das-mulheres-direitos-e-democracia-doria-sai-fica-aposentadoria\/#respond"]}]},{"@type":"WebPage","@id":"https:\/\/psol50.org.br\/pela-vida-das-mulheres-direitos-e-democracia-doria-sai-fica-aposentadoria\/","url":"https:\/\/psol50.org.br\/pela-vida-das-mulheres-direitos-e-democracia-doria-sai-fica-aposentadoria\/","name":"Pela vida das mulheres: direitos e democracia! D\u00f3ria sai, fica aposentadoria! - PSOL 50","isPartOf":{"@id":"https:\/\/psol50.org.br\/#website"},"primaryImageOfPage":{"@id":"https:\/\/psol50.org.br\/pela-vida-das-mulheres-direitos-e-democracia-doria-sai-fica-aposentadoria\/#primaryimage"},"image":{"@id":"https:\/\/psol50.org.br\/pela-vida-das-mulheres-direitos-e-democracia-doria-sai-fica-aposentadoria\/#primaryimage"},"thumbnailUrl":"https:\/\/psol50.org.br\/inc\/uploads\/2018\/03\/Mulheres.8marco.PSOL_.jpg","datePublished":"2018-03-14T13:19:50+00:00","breadcrumb":{"@id":"https:\/\/psol50.org.br\/pela-vida-das-mulheres-direitos-e-democracia-doria-sai-fica-aposentadoria\/#breadcrumb"},"inLanguage":"pt-BR","potentialAction":[{"@type":"ReadAction","target":["https:\/\/psol50.org.br\/pela-vida-das-mulheres-direitos-e-democracia-doria-sai-fica-aposentadoria\/"]}]},{"@type":"ImageObject","inLanguage":"pt-BR","@id":"https:\/\/psol50.org.br\/pela-vida-das-mulheres-direitos-e-democracia-doria-sai-fica-aposentadoria\/#primaryimage","url":"https:\/\/psol50.org.br\/inc\/uploads\/2018\/03\/Mulheres.8marco.PSOL_.jpg","contentUrl":"https:\/\/psol50.org.br\/inc\/uploads\/2018\/03\/Mulheres.8marco.PSOL_.jpg","width":1350,"height":900},{"@type":"BreadcrumbList","@id":"https:\/\/psol50.org.br\/pela-vida-das-mulheres-direitos-e-democracia-doria-sai-fica-aposentadoria\/#breadcrumb","itemListElement":[{"@type":"ListItem","position":1,"name":"In\u00edcio","item":"https:\/\/psol50.org.br\/"},{"@type":"ListItem","position":2,"name":"Pela vida das mulheres: direitos e democracia! D\u00f3ria sai, fica aposentadoria!"}]},{"@type":"WebSite","@id":"https:\/\/psol50.org.br\/#website","url":"https:\/\/psol50.org.br\/","name":"PSOL 50","description":"Site oficial do Partido Socialismo e Liberdade","publisher":{"@id":"https:\/\/psol50.org.br\/#organization"},"alternateName":"PSOL50","potentialAction":[{"@type":"SearchAction","target":{"@type":"EntryPoint","urlTemplate":"https:\/\/psol50.org.br\/?s={search_term_string}"},"query-input":{"@type":"PropertyValueSpecification","valueRequired":true,"valueName":"search_term_string"}}],"inLanguage":"pt-BR"},{"@type":"Organization","@id":"https:\/\/psol50.org.br\/#organization","name":"PSOL 50","alternateName":"PSOL 50","url":"https:\/\/psol50.org.br\/","logo":{"@type":"ImageObject","inLanguage":"pt-BR","@id":"https:\/\/psol50.org.br\/#\/schema\/logo\/image\/","url":"https:\/\/psol50.org.br\/inc\/uploads\/2018\/07\/capa.png","contentUrl":"https:\/\/psol50.org.br\/inc\/uploads\/2018\/07\/capa.png","width":1350,"height":900,"caption":"PSOL 50"},"image":{"@id":"https:\/\/psol50.org.br\/#\/schema\/logo\/image\/"},"sameAs":["https:\/\/www.facebook.com\/psol50","https:\/\/x.com\/psol50","https:\/\/www.instagram.com\/psol50\/","https:\/\/www.youtube.com\/channel\/UC7SnJS5o1os7a6CaiNabzcg"]},{"@type":"Person","@id":"https:\/\/psol50.org.br\/#\/schema\/person\/475dfa57d0b815993c714c2e96491fcd","name":"Comunica\u00e7\u00e3o PSOL","image":{"@type":"ImageObject","inLanguage":"pt-BR","@id":"https:\/\/psol50.org.br\/#\/schema\/person\/image\/","url":"https:\/\/secure.gravatar.com\/avatar\/b34fc4f4e468a4e51785917065a3db57b841f5c95dba6ad8c73aaf8f66f8f9bf?s=96&d=mm&r=g","contentUrl":"https:\/\/secure.gravatar.com\/avatar\/b34fc4f4e468a4e51785917065a3db57b841f5c95dba6ad8c73aaf8f66f8f9bf?s=96&d=mm&r=g","caption":"Comunica\u00e7\u00e3o PSOL"}}]}},"_links":{"self":[{"href":"https:\/\/psol50.org.br\/rest\/wp\/v2\/posts\/20179","targetHints":{"allow":["GET"]}}],"collection":[{"href":"https:\/\/psol50.org.br\/rest\/wp\/v2\/posts"}],"about":[{"href":"https:\/\/psol50.org.br\/rest\/wp\/v2\/types\/post"}],"author":[{"embeddable":true,"href":"https:\/\/psol50.org.br\/rest\/wp\/v2\/users\/2"}],"replies":[{"embeddable":true,"href":"https:\/\/psol50.org.br\/rest\/wp\/v2\/comments?post=20179"}],"version-history":[{"count":0,"href":"https:\/\/psol50.org.br\/rest\/wp\/v2\/posts\/20179\/revisions"}],"wp:featuredmedia":[{"embeddable":true,"href":"https:\/\/psol50.org.br\/rest\/wp\/v2\/media\/20182"}],"wp:attachment":[{"href":"https:\/\/psol50.org.br\/rest\/wp\/v2\/media?parent=20179"}],"wp:term":[{"taxonomy":"category","embeddable":true,"href":"https:\/\/psol50.org.br\/rest\/wp\/v2\/categories?post=20179"},{"taxonomy":"post_tag","embeddable":true,"href":"https:\/\/psol50.org.br\/rest\/wp\/v2\/tags?post=20179"}],"curies":[{"name":"wp","href":"https:\/\/api.w.org\/{rel}","templated":true}]}}