{"id":20213,"date":"2018-03-15T01:47:00","date_gmt":"2018-03-15T04:47:00","guid":{"rendered":"http:\/\/www.psol50.org.br\/?p=20213"},"modified":"2018-03-15T01:47:00","modified_gmt":"2018-03-15T04:47:00","slug":"confira-agenda-de-atos-em-memoria-de-marielle-franco","status":"publish","type":"post","link":"https:\/\/psol50.org.br\/confira-agenda-de-atos-em-memoria-de-marielle-franco\/","title":{"rendered":"Confira agenda de atos em mem\u00f3ria de Marielle Franco"},"content":{"rendered":"<p>Marielle Franco, mulher, negra, LGBT, moradora da Mar\u00e9, 5\u00aa vereadora mais votada do Rio de Janeiro, foi brutalmente morta na noite dessa quarta-feira (14).<\/p>\n<p>Por respostas, iremos \u00e0s ruas para exigir investiga\u00e7\u00e3o imediata do ocorrido. Contra o feminic\u00eddio e o genoc\u00eddio da popula\u00e7\u00e3o negra, n\u00e3o nos calaremos!<\/p>\n<p>Confira agenda de atos:<\/p>\n<p><strong>S\u00c3O PAULO<br \/>\n<\/strong><a href=\"https:\/\/www.facebook.com\/events\/153544241982195\/\" target=\"_blank\" rel=\"noopener noreferrer\"><span style=\"color: #3366ff;\">17h &#8211; MASP<\/span><\/a><\/p>\n<p><strong>CAMPINAS<\/strong><br \/>\n<a href=\"https:\/\/www.facebook.com\/events\/280212492516705\/\" target=\"_blank\" rel=\"noopener\"><span style=\"color: #3366ff;\">18h &#8211;\u00a0Largo Do Ros\u00e1rio<\/span><\/a><\/p>\n<p><strong>SALVADOR<\/strong><br \/>\n<a href=\"https:\/\/www.facebook.com\/FrentePovoSemMedoBA\/photos\/a.1858105694202815.1073741830.1809907189022666\/2033467209999995\/?type=3&amp;theater\" target=\"_blank\" rel=\"noopener noreferrer\"><span style=\"color: #3366ff;\">10h \u2013 Tenda Sem Medo no F\u00f3rum Social Mundial<\/span><\/a><\/p>\n<p><strong>BRAS\u00cdLIA<\/strong><br \/>\n<a href=\"https:\/\/www.facebook.com\/events\/622247571449184\/\" target=\"_blank\" rel=\"noopener noreferrer\"><span style=\"color: #3366ff;\">11h \u2013 Anexo II da C\u00e2mara dos Deputados<\/span><\/a><\/p>\n<p><strong>RIO DE JANEIRO<\/strong><br \/>\n<a href=\"https:\/\/www.facebook.com\/events\/439292929833952\/\" target=\"_blank\" rel=\"noopener noreferrer\"><span style=\"color: #3366ff;\">17h \u2013 ALERJ<\/span><\/a><\/p>\n<p><strong>BELO HORIZONTE<\/strong><br \/>\n<a href=\"https:\/\/www.facebook.com\/events\/1609189002468430\/\" target=\"_blank\" rel=\"noopener noreferrer\"><span style=\"color: #3366ff;\">17h \u2013 Pra\u00e7a da Esta\u00e7\u00e3o<\/span><\/a><\/p>\n<p><strong>RECIFE<\/strong><br \/>\n<a href=\"https:\/\/www.facebook.com\/events\/2012879819037237\/\" target=\"_blank\" rel=\"noopener\"><span style=\"color: #3366ff;\">16h &#8211; C\u00e2mara dos Vereadores\u00a0<\/span><\/a><\/p>\n<p><strong>CURITIBA<\/strong><br \/>\n<a href=\"https:\/\/www.facebook.com\/events\/2012879819037237\/\" target=\"_blank\" rel=\"noopener\"><span style=\"color: #3366ff;\">18h30 &#8211; Pr\u00e9dio Hist\u00f3rico da UFPR<\/span><\/a><\/p>\n<p><strong>NATAL<\/strong><br \/>\n<a href=\"https:\/\/www.facebook.com\/events\/2084864655114755\/\" target=\"_blank\" rel=\"noopener\"><span style=\"color: #3366ff;\">17h &#8211; PSOL Natal<\/span><\/a><\/p>\n<p><strong>MACAP\u00c1<\/strong><br \/>\n16\/03 (sexta-feira)<br \/>\n<a href=\"https:\/\/www.facebook.com\/events\/232783957293954\/\" target=\"_blank\" rel=\"noopener\"><span style=\"color: #3366ff;\">16h30 &#8211;\u00a0Pra\u00e7a Veiga Cabral, Macap\u00e1<\/span><\/a><\/p>\n<p><strong>VIT\u00d3RIA<\/strong><br \/>\n<a href=\"https:\/\/www.facebook.com\/events\/212190072693855\/\" target=\"_blank\" rel=\"noopener\"><span style=\"color: #3366ff;\">17h &#8211; PSOL ES<\/span><\/a><\/p>\n<p><strong>GOI\u00c2NIA<br \/>\n<\/strong>16\/03 (sexta-feira)<br \/>\n<a href=\"https:\/\/www.facebook.com\/events\/912417418932068\/\" target=\"_blank\" rel=\"noopener\">17h &#8211; Pra\u00e7a C\u00edvica<\/a><\/p>\n","protected":false},"excerpt":{"rendered":"<p>Marielle Franco, mulher, negra, LGBT, moradora da Mar\u00e9, 5\u00aa vereadora mais votada do Rio de Janeiro, foi brutalmente morta na noite dessa quarta-feira (14). Por respostas, iremos \u00e0s ruas para exigir investiga\u00e7\u00e3o imediata do ocorrido. Contra o feminic\u00eddio e o genoc\u00eddio da popula\u00e7\u00e3o negra, n\u00e3o nos calaremos! Confira agenda de atos: S\u00c3O PAULO 17h &#8211; [&hellip;]<\/p>\n","protected":false},"author":2,"featured_media":20215,"comment_status":"open","ping_status":"open","sticky":false,"template":"","format":"standard","meta":{"_acf_changed":false,"footnotes":""},"categories":[1882,6],"tags":[334,194],"class_list":{"0":"post-20213","1":"post","2":"type-post","3":"status-publish","4":"format-standard","5":"has-post-thumbnail","7":"category-brasil","8":"category-noticias","9":"tag-ato","10":"tag-marielle-franco"},"acf":[],"yoast_head":"<!-- This site is optimized with the Yoast SEO plugin v26.5 - https:\/\/yoast.com\/wordpress\/plugins\/seo\/ -->\n<title>Confira agenda de atos em mem\u00f3ria de Marielle Franco - PSOL 50<\/title>\n<meta name=\"robots\" content=\"index, follow, max-snippet:-1, max-image-preview:large, max-video-preview:-1\" \/>\n<link rel=\"canonical\" href=\"https:\/\/psol50.org.br\/confira-agenda-de-atos-em-memoria-de-marielle-franco\/\" \/>\n<meta property=\"og:locale\" content=\"pt_BR\" \/>\n<meta property=\"og:type\" content=\"article\" \/>\n<meta property=\"og:title\" content=\"Confira agenda de atos em mem\u00f3ria de Marielle Franco - PSOL 50\" \/>\n<meta property=\"og:description\" content=\"Marielle Franco, mulher, negra, LGBT, moradora da Mar\u00e9, 5\u00aa vereadora mais votada do Rio de Janeiro, foi brutalmente morta na noite dessa quarta-feira (14). Por respostas, iremos \u00e0s ruas para exigir investiga\u00e7\u00e3o imediata do ocorrido. Contra o feminic\u00eddio e o genoc\u00eddio da popula\u00e7\u00e3o negra, n\u00e3o nos calaremos! Confira agenda de atos: S\u00c3O PAULO 17h &#8211; [&hellip;]\" \/>\n<meta property=\"og:url\" content=\"https:\/\/psol50.org.br\/confira-agenda-de-atos-em-memoria-de-marielle-franco\/\" \/>\n<meta property=\"og:site_name\" content=\"PSOL 50\" \/>\n<meta property=\"article:publisher\" content=\"https:\/\/www.facebook.com\/psol50\" \/>\n<meta property=\"article:published_time\" content=\"2018-03-15T04:47:00+00:00\" \/>\n<meta property=\"og:image\" content=\"https:\/\/psol50.org.br\/inc\/uploads\/2018\/03\/marielle-franco-ninja.jpg\" \/>\n\t<meta property=\"og:image:width\" content=\"1350\" \/>\n\t<meta property=\"og:image:height\" content=\"900\" \/>\n\t<meta property=\"og:image:type\" content=\"image\/jpeg\" \/>\n<meta name=\"author\" content=\"Comunica\u00e7\u00e3o PSOL\" \/>\n<meta name=\"twitter:card\" content=\"summary_large_image\" \/>\n<meta name=\"twitter:creator\" content=\"@psol50\" \/>\n<meta name=\"twitter:site\" content=\"@psol50\" \/>\n<meta name=\"twitter:label1\" content=\"Escrito por\" \/>\n\t<meta name=\"twitter:data1\" content=\"Comunica\u00e7\u00e3o PSOL\" \/>\n\t<meta name=\"twitter:label2\" content=\"Est. tempo de leitura\" \/>\n\t<meta name=\"twitter:data2\" content=\"1 minuto\" \/>\n<script type=\"application\/ld+json\" class=\"yoast-schema-graph\">{\"@context\":\"https:\/\/schema.org\",\"@graph\":[{\"@type\":\"Article\",\"@id\":\"https:\/\/psol50.org.br\/confira-agenda-de-atos-em-memoria-de-marielle-franco\/#article\",\"isPartOf\":{\"@id\":\"https:\/\/psol50.org.br\/confira-agenda-de-atos-em-memoria-de-marielle-franco\/\"},\"author\":{\"name\":\"Comunica\u00e7\u00e3o PSOL\",\"@id\":\"https:\/\/psol50.org.br\/#\/schema\/person\/475dfa57d0b815993c714c2e96491fcd\"},\"headline\":\"Confira agenda de atos em mem\u00f3ria de Marielle Franco\",\"datePublished\":\"2018-03-15T04:47:00+00:00\",\"mainEntityOfPage\":{\"@id\":\"https:\/\/psol50.org.br\/confira-agenda-de-atos-em-memoria-de-marielle-franco\/\"},\"wordCount\":155,\"commentCount\":0,\"publisher\":{\"@id\":\"https:\/\/psol50.org.br\/#organization\"},\"image\":{\"@id\":\"https:\/\/psol50.org.br\/confira-agenda-de-atos-em-memoria-de-marielle-franco\/#primaryimage\"},\"thumbnailUrl\":\"https:\/\/psol50.org.br\/inc\/uploads\/2018\/03\/marielle-franco-ninja.jpg\",\"keywords\":[\"ato\",\"Marielle Franco\"],\"articleSection\":[\"Brasil\",\"Not\u00edcias\"],\"inLanguage\":\"pt-BR\",\"potentialAction\":[{\"@type\":\"CommentAction\",\"name\":\"Comment\",\"target\":[\"https:\/\/psol50.org.br\/confira-agenda-de-atos-em-memoria-de-marielle-franco\/#respond\"]}]},{\"@type\":\"WebPage\",\"@id\":\"https:\/\/psol50.org.br\/confira-agenda-de-atos-em-memoria-de-marielle-franco\/\",\"url\":\"https:\/\/psol50.org.br\/confira-agenda-de-atos-em-memoria-de-marielle-franco\/\",\"name\":\"Confira agenda de atos em mem\u00f3ria de Marielle Franco - PSOL 50\",\"isPartOf\":{\"@id\":\"https:\/\/psol50.org.br\/#website\"},\"primaryImageOfPage\":{\"@id\":\"https:\/\/psol50.org.br\/confira-agenda-de-atos-em-memoria-de-marielle-franco\/#primaryimage\"},\"image\":{\"@id\":\"https:\/\/psol50.org.br\/confira-agenda-de-atos-em-memoria-de-marielle-franco\/#primaryimage\"},\"thumbnailUrl\":\"https:\/\/psol50.org.br\/inc\/uploads\/2018\/03\/marielle-franco-ninja.jpg\",\"datePublished\":\"2018-03-15T04:47:00+00:00\",\"breadcrumb\":{\"@id\":\"https:\/\/psol50.org.br\/confira-agenda-de-atos-em-memoria-de-marielle-franco\/#breadcrumb\"},\"inLanguage\":\"pt-BR\",\"potentialAction\":[{\"@type\":\"ReadAction\",\"target\":[\"https:\/\/psol50.org.br\/confira-agenda-de-atos-em-memoria-de-marielle-franco\/\"]}]},{\"@type\":\"ImageObject\",\"inLanguage\":\"pt-BR\",\"@id\":\"https:\/\/psol50.org.br\/confira-agenda-de-atos-em-memoria-de-marielle-franco\/#primaryimage\",\"url\":\"https:\/\/psol50.org.br\/inc\/uploads\/2018\/03\/marielle-franco-ninja.jpg\",\"contentUrl\":\"https:\/\/psol50.org.br\/inc\/uploads\/2018\/03\/marielle-franco-ninja.jpg\",\"width\":1350,\"height\":900,\"caption\":\"Foto: M\u00eddia Ninja\"},{\"@type\":\"BreadcrumbList\",\"@id\":\"https:\/\/psol50.org.br\/confira-agenda-de-atos-em-memoria-de-marielle-franco\/#breadcrumb\",\"itemListElement\":[{\"@type\":\"ListItem\",\"position\":1,\"name\":\"In\u00edcio\",\"item\":\"https:\/\/psol50.org.br\/\"},{\"@type\":\"ListItem\",\"position\":2,\"name\":\"Confira agenda de atos em mem\u00f3ria de Marielle Franco\"}]},{\"@type\":\"WebSite\",\"@id\":\"https:\/\/psol50.org.br\/#website\",\"url\":\"https:\/\/psol50.org.br\/\",\"name\":\"PSOL 50\",\"description\":\"Site oficial do Partido Socialismo e Liberdade\",\"publisher\":{\"@id\":\"https:\/\/psol50.org.br\/#organization\"},\"alternateName\":\"PSOL50\",\"potentialAction\":[{\"@type\":\"SearchAction\",\"target\":{\"@type\":\"EntryPoint\",\"urlTemplate\":\"https:\/\/psol50.org.br\/?s={search_term_string}\"},\"query-input\":{\"@type\":\"PropertyValueSpecification\",\"valueRequired\":true,\"valueName\":\"search_term_string\"}}],\"inLanguage\":\"pt-BR\"},{\"@type\":\"Organization\",\"@id\":\"https:\/\/psol50.org.br\/#organization\",\"name\":\"PSOL 50\",\"alternateName\":\"PSOL 50\",\"url\":\"https:\/\/psol50.org.br\/\",\"logo\":{\"@type\":\"ImageObject\",\"inLanguage\":\"pt-BR\",\"@id\":\"https:\/\/psol50.org.br\/#\/schema\/logo\/image\/\",\"url\":\"https:\/\/psol50.org.br\/inc\/uploads\/2018\/07\/capa.png\",\"contentUrl\":\"https:\/\/psol50.org.br\/inc\/uploads\/2018\/07\/capa.png\",\"width\":1350,\"height\":900,\"caption\":\"PSOL 50\"},\"image\":{\"@id\":\"https:\/\/psol50.org.br\/#\/schema\/logo\/image\/\"},\"sameAs\":[\"https:\/\/www.facebook.com\/psol50\",\"https:\/\/x.com\/psol50\",\"https:\/\/www.instagram.com\/psol50\/\",\"https:\/\/www.youtube.com\/channel\/UC7SnJS5o1os7a6CaiNabzcg\"]},{\"@type\":\"Person\",\"@id\":\"https:\/\/psol50.org.br\/#\/schema\/person\/475dfa57d0b815993c714c2e96491fcd\",\"name\":\"Comunica\u00e7\u00e3o PSOL\",\"image\":{\"@type\":\"ImageObject\",\"inLanguage\":\"pt-BR\",\"@id\":\"https:\/\/psol50.org.br\/#\/schema\/person\/image\/\",\"url\":\"https:\/\/secure.gravatar.com\/avatar\/b34fc4f4e468a4e51785917065a3db57b841f5c95dba6ad8c73aaf8f66f8f9bf?s=96&d=mm&r=g\",\"contentUrl\":\"https:\/\/secure.gravatar.com\/avatar\/b34fc4f4e468a4e51785917065a3db57b841f5c95dba6ad8c73aaf8f66f8f9bf?s=96&d=mm&r=g\",\"caption\":\"Comunica\u00e7\u00e3o PSOL\"}}]}<\/script>\n<!-- \/ Yoast SEO plugin. -->","yoast_head_json":{"title":"Confira agenda de atos em mem\u00f3ria de Marielle Franco - PSOL 50","robots":{"index":"index","follow":"follow","max-snippet":"max-snippet:-1","max-image-preview":"max-image-preview:large","max-video-preview":"max-video-preview:-1"},"canonical":"https:\/\/psol50.org.br\/confira-agenda-de-atos-em-memoria-de-marielle-franco\/","og_locale":"pt_BR","og_type":"article","og_title":"Confira agenda de atos em mem\u00f3ria de Marielle Franco - PSOL 50","og_description":"Marielle Franco, mulher, negra, LGBT, moradora da Mar\u00e9, 5\u00aa vereadora mais votada do Rio de Janeiro, foi brutalmente morta na noite dessa quarta-feira (14). Por respostas, iremos \u00e0s ruas para exigir investiga\u00e7\u00e3o imediata do ocorrido. Contra o feminic\u00eddio e o genoc\u00eddio da popula\u00e7\u00e3o negra, n\u00e3o nos calaremos! Confira agenda de atos: S\u00c3O PAULO 17h &#8211; [&hellip;]","og_url":"https:\/\/psol50.org.br\/confira-agenda-de-atos-em-memoria-de-marielle-franco\/","og_site_name":"PSOL 50","article_publisher":"https:\/\/www.facebook.com\/psol50","article_published_time":"2018-03-15T04:47:00+00:00","og_image":[{"width":1350,"height":900,"url":"https:\/\/psol50.org.br\/inc\/uploads\/2018\/03\/marielle-franco-ninja.jpg","type":"image\/jpeg"}],"author":"Comunica\u00e7\u00e3o PSOL","twitter_card":"summary_large_image","twitter_creator":"@psol50","twitter_site":"@psol50","twitter_misc":{"Escrito por":"Comunica\u00e7\u00e3o PSOL","Est. tempo de leitura":"1 minuto"},"schema":{"@context":"https:\/\/schema.org","@graph":[{"@type":"Article","@id":"https:\/\/psol50.org.br\/confira-agenda-de-atos-em-memoria-de-marielle-franco\/#article","isPartOf":{"@id":"https:\/\/psol50.org.br\/confira-agenda-de-atos-em-memoria-de-marielle-franco\/"},"author":{"name":"Comunica\u00e7\u00e3o PSOL","@id":"https:\/\/psol50.org.br\/#\/schema\/person\/475dfa57d0b815993c714c2e96491fcd"},"headline":"Confira agenda de atos em mem\u00f3ria de Marielle Franco","datePublished":"2018-03-15T04:47:00+00:00","mainEntityOfPage":{"@id":"https:\/\/psol50.org.br\/confira-agenda-de-atos-em-memoria-de-marielle-franco\/"},"wordCount":155,"commentCount":0,"publisher":{"@id":"https:\/\/psol50.org.br\/#organization"},"image":{"@id":"https:\/\/psol50.org.br\/confira-agenda-de-atos-em-memoria-de-marielle-franco\/#primaryimage"},"thumbnailUrl":"https:\/\/psol50.org.br\/inc\/uploads\/2018\/03\/marielle-franco-ninja.jpg","keywords":["ato","Marielle Franco"],"articleSection":["Brasil","Not\u00edcias"],"inLanguage":"pt-BR","potentialAction":[{"@type":"CommentAction","name":"Comment","target":["https:\/\/psol50.org.br\/confira-agenda-de-atos-em-memoria-de-marielle-franco\/#respond"]}]},{"@type":"WebPage","@id":"https:\/\/psol50.org.br\/confira-agenda-de-atos-em-memoria-de-marielle-franco\/","url":"https:\/\/psol50.org.br\/confira-agenda-de-atos-em-memoria-de-marielle-franco\/","name":"Confira agenda de atos em mem\u00f3ria de Marielle Franco - PSOL 50","isPartOf":{"@id":"https:\/\/psol50.org.br\/#website"},"primaryImageOfPage":{"@id":"https:\/\/psol50.org.br\/confira-agenda-de-atos-em-memoria-de-marielle-franco\/#primaryimage"},"image":{"@id":"https:\/\/psol50.org.br\/confira-agenda-de-atos-em-memoria-de-marielle-franco\/#primaryimage"},"thumbnailUrl":"https:\/\/psol50.org.br\/inc\/uploads\/2018\/03\/marielle-franco-ninja.jpg","datePublished":"2018-03-15T04:47:00+00:00","breadcrumb":{"@id":"https:\/\/psol50.org.br\/confira-agenda-de-atos-em-memoria-de-marielle-franco\/#breadcrumb"},"inLanguage":"pt-BR","potentialAction":[{"@type":"ReadAction","target":["https:\/\/psol50.org.br\/confira-agenda-de-atos-em-memoria-de-marielle-franco\/"]}]},{"@type":"ImageObject","inLanguage":"pt-BR","@id":"https:\/\/psol50.org.br\/confira-agenda-de-atos-em-memoria-de-marielle-franco\/#primaryimage","url":"https:\/\/psol50.org.br\/inc\/uploads\/2018\/03\/marielle-franco-ninja.jpg","contentUrl":"https:\/\/psol50.org.br\/inc\/uploads\/2018\/03\/marielle-franco-ninja.jpg","width":1350,"height":900,"caption":"Foto: M\u00eddia Ninja"},{"@type":"BreadcrumbList","@id":"https:\/\/psol50.org.br\/confira-agenda-de-atos-em-memoria-de-marielle-franco\/#breadcrumb","itemListElement":[{"@type":"ListItem","position":1,"name":"In\u00edcio","item":"https:\/\/psol50.org.br\/"},{"@type":"ListItem","position":2,"name":"Confira agenda de atos em mem\u00f3ria de Marielle Franco"}]},{"@type":"WebSite","@id":"https:\/\/psol50.org.br\/#website","url":"https:\/\/psol50.org.br\/","name":"PSOL 50","description":"Site oficial do Partido Socialismo e Liberdade","publisher":{"@id":"https:\/\/psol50.org.br\/#organization"},"alternateName":"PSOL50","potentialAction":[{"@type":"SearchAction","target":{"@type":"EntryPoint","urlTemplate":"https:\/\/psol50.org.br\/?s={search_term_string}"},"query-input":{"@type":"PropertyValueSpecification","valueRequired":true,"valueName":"search_term_string"}}],"inLanguage":"pt-BR"},{"@type":"Organization","@id":"https:\/\/psol50.org.br\/#organization","name":"PSOL 50","alternateName":"PSOL 50","url":"https:\/\/psol50.org.br\/","logo":{"@type":"ImageObject","inLanguage":"pt-BR","@id":"https:\/\/psol50.org.br\/#\/schema\/logo\/image\/","url":"https:\/\/psol50.org.br\/inc\/uploads\/2018\/07\/capa.png","contentUrl":"https:\/\/psol50.org.br\/inc\/uploads\/2018\/07\/capa.png","width":1350,"height":900,"caption":"PSOL 50"},"image":{"@id":"https:\/\/psol50.org.br\/#\/schema\/logo\/image\/"},"sameAs":["https:\/\/www.facebook.com\/psol50","https:\/\/x.com\/psol50","https:\/\/www.instagram.com\/psol50\/","https:\/\/www.youtube.com\/channel\/UC7SnJS5o1os7a6CaiNabzcg"]},{"@type":"Person","@id":"https:\/\/psol50.org.br\/#\/schema\/person\/475dfa57d0b815993c714c2e96491fcd","name":"Comunica\u00e7\u00e3o PSOL","image":{"@type":"ImageObject","inLanguage":"pt-BR","@id":"https:\/\/psol50.org.br\/#\/schema\/person\/image\/","url":"https:\/\/secure.gravatar.com\/avatar\/b34fc4f4e468a4e51785917065a3db57b841f5c95dba6ad8c73aaf8f66f8f9bf?s=96&d=mm&r=g","contentUrl":"https:\/\/secure.gravatar.com\/avatar\/b34fc4f4e468a4e51785917065a3db57b841f5c95dba6ad8c73aaf8f66f8f9bf?s=96&d=mm&r=g","caption":"Comunica\u00e7\u00e3o PSOL"}}]}},"_links":{"self":[{"href":"https:\/\/psol50.org.br\/rest\/wp\/v2\/posts\/20213","targetHints":{"allow":["GET"]}}],"collection":[{"href":"https:\/\/psol50.org.br\/rest\/wp\/v2\/posts"}],"about":[{"href":"https:\/\/psol50.org.br\/rest\/wp\/v2\/types\/post"}],"author":[{"embeddable":true,"href":"https:\/\/psol50.org.br\/rest\/wp\/v2\/users\/2"}],"replies":[{"embeddable":true,"href":"https:\/\/psol50.org.br\/rest\/wp\/v2\/comments?post=20213"}],"version-history":[{"count":0,"href":"https:\/\/psol50.org.br\/rest\/wp\/v2\/posts\/20213\/revisions"}],"wp:featuredmedia":[{"embeddable":true,"href":"https:\/\/psol50.org.br\/rest\/wp\/v2\/media\/20215"}],"wp:attachment":[{"href":"https:\/\/psol50.org.br\/rest\/wp\/v2\/media?parent=20213"}],"wp:term":[{"taxonomy":"category","embeddable":true,"href":"https:\/\/psol50.org.br\/rest\/wp\/v2\/categories?post=20213"},{"taxonomy":"post_tag","embeddable":true,"href":"https:\/\/psol50.org.br\/rest\/wp\/v2\/tags?post=20213"}],"curies":[{"name":"wp","href":"https:\/\/api.w.org\/{rel}","templated":true}]}}