{"id":2022,"date":"2013-06-03T00:00:00","date_gmt":"2013-06-03T00:00:00","guid":{"rendered":"http:\/\/psol50.org.br\/arquivo\/2013\/06\/03\/centrais-sindicais-preparam-nova-greve-geral-em-portugal-contra-medidas-de-austeridade\/"},"modified":"2013-06-03T00:00:00","modified_gmt":"2013-06-03T00:00:00","slug":"centrais-sindicais-preparam-nova-greve-geral-em-portugal-contra-medidas-de-austeridade","status":"publish","type":"post","link":"https:\/\/psol50.org.br\/centrais-sindicais-preparam-nova-greve-geral-em-portugal-contra-medidas-de-austeridade\/","title":{"rendered":"Centrais sindicais preparam nova greve geral em Portugal contra medidas de austeridade"},"content":{"rendered":"<div style=\"text-align: justify;\">\n\tPortugal enfrentar\u00e1 uma nova greve geral no pr\u00f3ximo dia 27. A paralisa\u00e7\u00e3o \u00e9 convocada pela Confedera\u00e7\u00e3o Geral dos Trabalhadores Portugueses (CGTP) em protesto contra a pol\u00edtica de austeridade do governo de Pedro Passos Coelho. Desde 2011, o pa\u00eds integra um programa de ajustamento econ\u00f4mico para receber a ajuda financeira de 78 bilh\u00f5es de euros da Troika, comit\u00ea formado pela Comiss\u00e3o Europeia, o Banco Central Europeu e o Fundo Monet\u00e1rio Internacional (FMI).<br \/>\n\t&nbsp;<br \/>\n\tDe acordo com o secret\u00e1rio-geral da CGTP, Arm\u00eanio Carlos, a greve tem o objetivo de afirmar \u201ca defesa da dignidade de todos que vivem e trabalham em Portugal\u201d e marca a resist\u00eancia \u00e0 \u201cofensiva generalizada contra todos os trabalhadores sem exce\u00e7\u00e3o\u201d. Os trabalhadores temem o que vir\u00e1 da mudan\u00e7a na legisla\u00e7\u00e3o laboral dos trabalhadores privados e protestam contra a anunciada demiss\u00e3o de 30 mil funcion\u00e1rios p\u00fablicos e tamb\u00e9m contra a taxa\u00e7\u00e3o de aposentadorias e pens\u00f5es \u2013 medidas anunciadas em maio pelo governo.<br \/>\n\t&nbsp;<br \/>\n\tOs cortes, os aumentos de contribui\u00e7\u00f5es e a flexibiliza\u00e7\u00e3o da legisla\u00e7\u00e3o trabalhista, em estudo pelo Minist\u00e9rio das Finan\u00e7as, visam \u00e0 redu\u00e7\u00e3o do hist\u00f3rico d\u00e9ficit or\u00e7ament\u00e1rio de Portugal, que resultou em d\u00edvida p\u00fablica de valor superior a 125% do Produto Interno Bruto. O equil\u00edbrio entre arrecada\u00e7\u00e3o e gastos do Estado \u00e9 considerado vital pelo governo e credores estrangeiros para que o pa\u00eds demonstre ter condi\u00e7\u00f5es de negociar os t\u00edtulos do Tesouro no mercado financeiro internacional.<br \/>\n\t&nbsp;<br \/>\n\tEm vez da austeridade, a CGTP defende que o pa\u00eds tenha pol\u00edticas econ\u00f4micas que estimulem a produ\u00e7\u00e3o nacional, aque\u00e7am mercado interno, gerem emprego, aumentem o valor dos sal\u00e1rios (inclusive o piso m\u00ednimo de 485 euros) e das aposentadorias e pens\u00f5es. O racioc\u00ednio dos sindicalistas portugueses, compartilhado pelos partidos de oposi\u00e7\u00e3o, \u00e9 o de que a retomada do crescimento econ\u00f4mico favoreceria o equil\u00edbrio or\u00e7ament\u00e1rio porque geraria mais receita para o Estado, com o aumento consequente na arrecada\u00e7\u00e3o de impostos.<br \/>\n\t&nbsp;<br \/>\n\tAl\u00e9m da sintonia com a oposi\u00e7\u00e3o, a greve geral marca a aproxima\u00e7\u00e3o da CGTP &#8211; ligada ao Partido Comunista Portugu\u00eas &#8211; com a Uni\u00e3o Geral dos Trabalhadores (UGT) &#8211; vinculada ao Partido Socialista (oposi\u00e7\u00e3o) e ao Partido Social Democrata (governo). \u201cN\u00f3s continuamos a privilegiar a converg\u00eancia na a\u00e7\u00e3o\u201d, disse Arm\u00eanio Carlos ao acenar para a outra central sindical. \u201cH\u00e1, neste momento, um vasto consenso de v\u00e1rios dirigentes sindicais, quer da UGT, quer dos sindicatos independentes, no sentido de convergir [para a realiza\u00e7\u00e3o da greve] e concretizar, no pr\u00f3ximo dia 27, uma grande greve geral\u201d.<br \/>\n\t&nbsp;<br \/>\n\tDe acordo com a ag\u00eancia p\u00fablica de not\u00edcias portuguesa Lusa, a dire\u00e7\u00e3o da UGT re\u00fane-se nesta segunda-feira (3) para decidir se participa da greve geral. O secret\u00e1rio-geral da entidade, Carlos Silva, j\u00e1 admitiu a possibilidade de haver, em junho, uma &#8220;jornada de luta conjunta&#8221;, tendo em conta a &#8220;situa\u00e7\u00e3o que o pa\u00eds atravessa&#8221;. No come\u00e7o de maio, cerca de dez dias ap\u00f3s tomarem posse na UGT, Silva e outros dirigentes sindicais visitaram a CGTP para apresenta\u00e7\u00e3o da nova dire\u00e7\u00e3o e da agenda estabelecida pelo \u00faltimo congresso da central.<br \/>\n\t&nbsp;<br \/>\n\tEsta \u00e9 segunda greve geral que ocorrer\u00e1 em Portugal em menos de oito meses. Algumas categorias tamb\u00e9m est\u00e3o se mobilizando para cruzar os bra\u00e7os, refor\u00e7ando o protesto das centrais, como \u00e9 o caso dos professores das escolas p\u00fablicas, que devem parar na primeira quinzena deste m\u00eas, em protesto contra a inten\u00e7\u00e3o do governo de incluir os docentes em regime de mobilidade especial dos funcion\u00e1rios p\u00fablicos (pr\u00e9-demiss\u00e3o) e de aumentar a jornada de trabalho.<br \/>\n\t&nbsp;<br \/>\n\tNa \u00faltima quinta-feira (30), os metrovi\u00e1rios de Lisboa paralisaram suas atividades por 24 horas. H\u00e1 duas semanas, a CGTP fez protesto em frente ao Pal\u00e1cio de Bel\u00e9m (sede da Presid\u00eancia da Rep\u00fablica) pedindo que o presidente An\u00edbal Cavaco Silva demitisse sua equipe de governo.<br \/>\n\t&nbsp;<br \/>\n\tS\u00e1bado (1\u00ba), ocorreram protestos contra a austeridade nas principais cidades de Portugal, como a capital, Lisboa, e no Porto. Os manifestos foram organizados pelo movimento Que se Lixe a Troika. As manifesta\u00e7\u00f5es acompanharam protestos ocorridos tamb\u00e9m em Madrid, Bruxelas e Frankfurt (Espanha, B\u00e9lgica e Alemanha, respectivamente).<br \/>\n\t&nbsp;<\/div>\n","protected":false},"excerpt":{"rendered":"<p>Portugal enfrentar\u00e1 uma nova greve geral no pr\u00f3ximo dia 27. A paralisa\u00e7\u00e3o \u00e9 convocada pela Confedera\u00e7\u00e3o Geral dos Trabalhadores Portugueses (CGTP) em protesto contra a pol\u00edtica de austeridade do governo de Pedro Passos Coelho. Desde 2011, o pa\u00eds integra um programa de ajustamento econ\u00f4mico para receber a ajuda financeira de 78 bilh\u00f5es de euros da [&hellip;]<\/p>\n","protected":false},"author":2,"featured_media":0,"comment_status":"open","ping_status":"open","sticky":false,"template":"","format":"standard","meta":{"_acf_changed":false,"footnotes":""},"categories":[4766,4956],"tags":[515,1216,491],"class_list":{"0":"post-2022","1":"post","2":"type-post","3":"status-publish","4":"format-standard","6":"category-arquivo","7":"category-portugal","8":"tag-bloco-de-esquerda","9":"tag-internacional","10":"tag-portugal"},"acf":[],"yoast_head":"<!-- This site is optimized with the Yoast SEO plugin v26.5 - https:\/\/yoast.com\/wordpress\/plugins\/seo\/ -->\n<title>Centrais sindicais preparam nova greve geral em Portugal contra medidas de austeridade - PSOL 50<\/title>\n<meta name=\"robots\" content=\"index, follow, max-snippet:-1, max-image-preview:large, max-video-preview:-1\" \/>\n<link rel=\"canonical\" href=\"https:\/\/psol50.org.br\/centrais-sindicais-preparam-nova-greve-geral-em-portugal-contra-medidas-de-austeridade\/\" \/>\n<meta property=\"og:locale\" content=\"pt_BR\" \/>\n<meta property=\"og:type\" content=\"article\" \/>\n<meta property=\"og:title\" content=\"Centrais sindicais preparam nova greve geral em Portugal contra medidas de austeridade - PSOL 50\" \/>\n<meta property=\"og:description\" content=\"Portugal enfrentar\u00e1 uma nova greve geral no pr\u00f3ximo dia 27. A paralisa\u00e7\u00e3o \u00e9 convocada pela Confedera\u00e7\u00e3o Geral dos Trabalhadores Portugueses (CGTP) em protesto contra a pol\u00edtica de austeridade do governo de Pedro Passos Coelho. Desde 2011, o pa\u00eds integra um programa de ajustamento econ\u00f4mico para receber a ajuda financeira de 78 bilh\u00f5es de euros da [&hellip;]\" \/>\n<meta property=\"og:url\" content=\"https:\/\/psol50.org.br\/centrais-sindicais-preparam-nova-greve-geral-em-portugal-contra-medidas-de-austeridade\/\" \/>\n<meta property=\"og:site_name\" content=\"PSOL 50\" \/>\n<meta property=\"article:publisher\" content=\"https:\/\/www.facebook.com\/psol50\" \/>\n<meta property=\"article:published_time\" content=\"2013-06-03T00:00:00+00:00\" \/>\n<meta property=\"og:image\" content=\"https:\/\/psol50.org.br\/inc\/uploads\/2018\/07\/capa.png\" \/>\n\t<meta property=\"og:image:width\" content=\"1350\" \/>\n\t<meta property=\"og:image:height\" content=\"900\" \/>\n\t<meta property=\"og:image:type\" content=\"image\/png\" \/>\n<meta name=\"author\" content=\"Comunica\u00e7\u00e3o PSOL\" \/>\n<meta name=\"twitter:card\" content=\"summary_large_image\" \/>\n<meta name=\"twitter:creator\" content=\"@psol50\" \/>\n<meta name=\"twitter:site\" content=\"@psol50\" \/>\n<meta name=\"twitter:label1\" content=\"Escrito por\" \/>\n\t<meta name=\"twitter:data1\" content=\"Comunica\u00e7\u00e3o PSOL\" \/>\n\t<meta name=\"twitter:label2\" content=\"Est. tempo de leitura\" \/>\n\t<meta name=\"twitter:data2\" content=\"4 minutos\" \/>\n<script type=\"application\/ld+json\" class=\"yoast-schema-graph\">{\"@context\":\"https:\/\/schema.org\",\"@graph\":[{\"@type\":\"Article\",\"@id\":\"https:\/\/psol50.org.br\/centrais-sindicais-preparam-nova-greve-geral-em-portugal-contra-medidas-de-austeridade\/#article\",\"isPartOf\":{\"@id\":\"https:\/\/psol50.org.br\/centrais-sindicais-preparam-nova-greve-geral-em-portugal-contra-medidas-de-austeridade\/\"},\"author\":{\"name\":\"Comunica\u00e7\u00e3o PSOL\",\"@id\":\"https:\/\/psol50.org.br\/#\/schema\/person\/475dfa57d0b815993c714c2e96491fcd\"},\"headline\":\"Centrais sindicais preparam nova greve geral em Portugal contra medidas de austeridade\",\"datePublished\":\"2013-06-03T00:00:00+00:00\",\"mainEntityOfPage\":{\"@id\":\"https:\/\/psol50.org.br\/centrais-sindicais-preparam-nova-greve-geral-em-portugal-contra-medidas-de-austeridade\/\"},\"wordCount\":751,\"commentCount\":0,\"publisher\":{\"@id\":\"https:\/\/psol50.org.br\/#organization\"},\"keywords\":[\"Bloco de Esquerda\",\"Internacional\",\"Portugal\"],\"articleSection\":[\"Arquivo\",\"Portugal\"],\"inLanguage\":\"pt-BR\",\"potentialAction\":[{\"@type\":\"CommentAction\",\"name\":\"Comment\",\"target\":[\"https:\/\/psol50.org.br\/centrais-sindicais-preparam-nova-greve-geral-em-portugal-contra-medidas-de-austeridade\/#respond\"]}]},{\"@type\":\"WebPage\",\"@id\":\"https:\/\/psol50.org.br\/centrais-sindicais-preparam-nova-greve-geral-em-portugal-contra-medidas-de-austeridade\/\",\"url\":\"https:\/\/psol50.org.br\/centrais-sindicais-preparam-nova-greve-geral-em-portugal-contra-medidas-de-austeridade\/\",\"name\":\"Centrais sindicais preparam nova greve geral em Portugal contra medidas de austeridade - PSOL 50\",\"isPartOf\":{\"@id\":\"https:\/\/psol50.org.br\/#website\"},\"datePublished\":\"2013-06-03T00:00:00+00:00\",\"breadcrumb\":{\"@id\":\"https:\/\/psol50.org.br\/centrais-sindicais-preparam-nova-greve-geral-em-portugal-contra-medidas-de-austeridade\/#breadcrumb\"},\"inLanguage\":\"pt-BR\",\"potentialAction\":[{\"@type\":\"ReadAction\",\"target\":[\"https:\/\/psol50.org.br\/centrais-sindicais-preparam-nova-greve-geral-em-portugal-contra-medidas-de-austeridade\/\"]}]},{\"@type\":\"BreadcrumbList\",\"@id\":\"https:\/\/psol50.org.br\/centrais-sindicais-preparam-nova-greve-geral-em-portugal-contra-medidas-de-austeridade\/#breadcrumb\",\"itemListElement\":[{\"@type\":\"ListItem\",\"position\":1,\"name\":\"In\u00edcio\",\"item\":\"https:\/\/psol50.org.br\/\"},{\"@type\":\"ListItem\",\"position\":2,\"name\":\"Centrais sindicais preparam nova greve geral em Portugal contra medidas de austeridade\"}]},{\"@type\":\"WebSite\",\"@id\":\"https:\/\/psol50.org.br\/#website\",\"url\":\"https:\/\/psol50.org.br\/\",\"name\":\"PSOL 50\",\"description\":\"Site oficial do Partido Socialismo e Liberdade\",\"publisher\":{\"@id\":\"https:\/\/psol50.org.br\/#organization\"},\"alternateName\":\"PSOL50\",\"potentialAction\":[{\"@type\":\"SearchAction\",\"target\":{\"@type\":\"EntryPoint\",\"urlTemplate\":\"https:\/\/psol50.org.br\/?s={search_term_string}\"},\"query-input\":{\"@type\":\"PropertyValueSpecification\",\"valueRequired\":true,\"valueName\":\"search_term_string\"}}],\"inLanguage\":\"pt-BR\"},{\"@type\":\"Organization\",\"@id\":\"https:\/\/psol50.org.br\/#organization\",\"name\":\"PSOL 50\",\"alternateName\":\"PSOL 50\",\"url\":\"https:\/\/psol50.org.br\/\",\"logo\":{\"@type\":\"ImageObject\",\"inLanguage\":\"pt-BR\",\"@id\":\"https:\/\/psol50.org.br\/#\/schema\/logo\/image\/\",\"url\":\"https:\/\/psol50.org.br\/inc\/uploads\/2018\/07\/capa.png\",\"contentUrl\":\"https:\/\/psol50.org.br\/inc\/uploads\/2018\/07\/capa.png\",\"width\":1350,\"height\":900,\"caption\":\"PSOL 50\"},\"image\":{\"@id\":\"https:\/\/psol50.org.br\/#\/schema\/logo\/image\/\"},\"sameAs\":[\"https:\/\/www.facebook.com\/psol50\",\"https:\/\/x.com\/psol50\",\"https:\/\/www.instagram.com\/psol50\/\",\"https:\/\/www.youtube.com\/channel\/UC7SnJS5o1os7a6CaiNabzcg\"]},{\"@type\":\"Person\",\"@id\":\"https:\/\/psol50.org.br\/#\/schema\/person\/475dfa57d0b815993c714c2e96491fcd\",\"name\":\"Comunica\u00e7\u00e3o PSOL\",\"image\":{\"@type\":\"ImageObject\",\"inLanguage\":\"pt-BR\",\"@id\":\"https:\/\/psol50.org.br\/#\/schema\/person\/image\/\",\"url\":\"https:\/\/secure.gravatar.com\/avatar\/b34fc4f4e468a4e51785917065a3db57b841f5c95dba6ad8c73aaf8f66f8f9bf?s=96&d=mm&r=g\",\"contentUrl\":\"https:\/\/secure.gravatar.com\/avatar\/b34fc4f4e468a4e51785917065a3db57b841f5c95dba6ad8c73aaf8f66f8f9bf?s=96&d=mm&r=g\",\"caption\":\"Comunica\u00e7\u00e3o PSOL\"}}]}<\/script>\n<!-- \/ Yoast SEO plugin. -->","yoast_head_json":{"title":"Centrais sindicais preparam nova greve geral em Portugal contra medidas de austeridade - PSOL 50","robots":{"index":"index","follow":"follow","max-snippet":"max-snippet:-1","max-image-preview":"max-image-preview:large","max-video-preview":"max-video-preview:-1"},"canonical":"https:\/\/psol50.org.br\/centrais-sindicais-preparam-nova-greve-geral-em-portugal-contra-medidas-de-austeridade\/","og_locale":"pt_BR","og_type":"article","og_title":"Centrais sindicais preparam nova greve geral em Portugal contra medidas de austeridade - PSOL 50","og_description":"Portugal enfrentar\u00e1 uma nova greve geral no pr\u00f3ximo dia 27. A paralisa\u00e7\u00e3o \u00e9 convocada pela Confedera\u00e7\u00e3o Geral dos Trabalhadores Portugueses (CGTP) em protesto contra a pol\u00edtica de austeridade do governo de Pedro Passos Coelho. Desde 2011, o pa\u00eds integra um programa de ajustamento econ\u00f4mico para receber a ajuda financeira de 78 bilh\u00f5es de euros da [&hellip;]","og_url":"https:\/\/psol50.org.br\/centrais-sindicais-preparam-nova-greve-geral-em-portugal-contra-medidas-de-austeridade\/","og_site_name":"PSOL 50","article_publisher":"https:\/\/www.facebook.com\/psol50","article_published_time":"2013-06-03T00:00:00+00:00","og_image":[{"width":1350,"height":900,"url":"https:\/\/psol50.org.br\/inc\/uploads\/2018\/07\/capa.png","type":"image\/png"}],"author":"Comunica\u00e7\u00e3o PSOL","twitter_card":"summary_large_image","twitter_creator":"@psol50","twitter_site":"@psol50","twitter_misc":{"Escrito por":"Comunica\u00e7\u00e3o PSOL","Est. tempo de leitura":"4 minutos"},"schema":{"@context":"https:\/\/schema.org","@graph":[{"@type":"Article","@id":"https:\/\/psol50.org.br\/centrais-sindicais-preparam-nova-greve-geral-em-portugal-contra-medidas-de-austeridade\/#article","isPartOf":{"@id":"https:\/\/psol50.org.br\/centrais-sindicais-preparam-nova-greve-geral-em-portugal-contra-medidas-de-austeridade\/"},"author":{"name":"Comunica\u00e7\u00e3o PSOL","@id":"https:\/\/psol50.org.br\/#\/schema\/person\/475dfa57d0b815993c714c2e96491fcd"},"headline":"Centrais sindicais preparam nova greve geral em Portugal contra medidas de austeridade","datePublished":"2013-06-03T00:00:00+00:00","mainEntityOfPage":{"@id":"https:\/\/psol50.org.br\/centrais-sindicais-preparam-nova-greve-geral-em-portugal-contra-medidas-de-austeridade\/"},"wordCount":751,"commentCount":0,"publisher":{"@id":"https:\/\/psol50.org.br\/#organization"},"keywords":["Bloco de Esquerda","Internacional","Portugal"],"articleSection":["Arquivo","Portugal"],"inLanguage":"pt-BR","potentialAction":[{"@type":"CommentAction","name":"Comment","target":["https:\/\/psol50.org.br\/centrais-sindicais-preparam-nova-greve-geral-em-portugal-contra-medidas-de-austeridade\/#respond"]}]},{"@type":"WebPage","@id":"https:\/\/psol50.org.br\/centrais-sindicais-preparam-nova-greve-geral-em-portugal-contra-medidas-de-austeridade\/","url":"https:\/\/psol50.org.br\/centrais-sindicais-preparam-nova-greve-geral-em-portugal-contra-medidas-de-austeridade\/","name":"Centrais sindicais preparam nova greve geral em Portugal contra medidas de austeridade - PSOL 50","isPartOf":{"@id":"https:\/\/psol50.org.br\/#website"},"datePublished":"2013-06-03T00:00:00+00:00","breadcrumb":{"@id":"https:\/\/psol50.org.br\/centrais-sindicais-preparam-nova-greve-geral-em-portugal-contra-medidas-de-austeridade\/#breadcrumb"},"inLanguage":"pt-BR","potentialAction":[{"@type":"ReadAction","target":["https:\/\/psol50.org.br\/centrais-sindicais-preparam-nova-greve-geral-em-portugal-contra-medidas-de-austeridade\/"]}]},{"@type":"BreadcrumbList","@id":"https:\/\/psol50.org.br\/centrais-sindicais-preparam-nova-greve-geral-em-portugal-contra-medidas-de-austeridade\/#breadcrumb","itemListElement":[{"@type":"ListItem","position":1,"name":"In\u00edcio","item":"https:\/\/psol50.org.br\/"},{"@type":"ListItem","position":2,"name":"Centrais sindicais preparam nova greve geral em Portugal contra medidas de austeridade"}]},{"@type":"WebSite","@id":"https:\/\/psol50.org.br\/#website","url":"https:\/\/psol50.org.br\/","name":"PSOL 50","description":"Site oficial do Partido Socialismo e Liberdade","publisher":{"@id":"https:\/\/psol50.org.br\/#organization"},"alternateName":"PSOL50","potentialAction":[{"@type":"SearchAction","target":{"@type":"EntryPoint","urlTemplate":"https:\/\/psol50.org.br\/?s={search_term_string}"},"query-input":{"@type":"PropertyValueSpecification","valueRequired":true,"valueName":"search_term_string"}}],"inLanguage":"pt-BR"},{"@type":"Organization","@id":"https:\/\/psol50.org.br\/#organization","name":"PSOL 50","alternateName":"PSOL 50","url":"https:\/\/psol50.org.br\/","logo":{"@type":"ImageObject","inLanguage":"pt-BR","@id":"https:\/\/psol50.org.br\/#\/schema\/logo\/image\/","url":"https:\/\/psol50.org.br\/inc\/uploads\/2018\/07\/capa.png","contentUrl":"https:\/\/psol50.org.br\/inc\/uploads\/2018\/07\/capa.png","width":1350,"height":900,"caption":"PSOL 50"},"image":{"@id":"https:\/\/psol50.org.br\/#\/schema\/logo\/image\/"},"sameAs":["https:\/\/www.facebook.com\/psol50","https:\/\/x.com\/psol50","https:\/\/www.instagram.com\/psol50\/","https:\/\/www.youtube.com\/channel\/UC7SnJS5o1os7a6CaiNabzcg"]},{"@type":"Person","@id":"https:\/\/psol50.org.br\/#\/schema\/person\/475dfa57d0b815993c714c2e96491fcd","name":"Comunica\u00e7\u00e3o PSOL","image":{"@type":"ImageObject","inLanguage":"pt-BR","@id":"https:\/\/psol50.org.br\/#\/schema\/person\/image\/","url":"https:\/\/secure.gravatar.com\/avatar\/b34fc4f4e468a4e51785917065a3db57b841f5c95dba6ad8c73aaf8f66f8f9bf?s=96&d=mm&r=g","contentUrl":"https:\/\/secure.gravatar.com\/avatar\/b34fc4f4e468a4e51785917065a3db57b841f5c95dba6ad8c73aaf8f66f8f9bf?s=96&d=mm&r=g","caption":"Comunica\u00e7\u00e3o PSOL"}}]}},"_links":{"self":[{"href":"https:\/\/psol50.org.br\/rest\/wp\/v2\/posts\/2022","targetHints":{"allow":["GET"]}}],"collection":[{"href":"https:\/\/psol50.org.br\/rest\/wp\/v2\/posts"}],"about":[{"href":"https:\/\/psol50.org.br\/rest\/wp\/v2\/types\/post"}],"author":[{"embeddable":true,"href":"https:\/\/psol50.org.br\/rest\/wp\/v2\/users\/2"}],"replies":[{"embeddable":true,"href":"https:\/\/psol50.org.br\/rest\/wp\/v2\/comments?post=2022"}],"version-history":[{"count":0,"href":"https:\/\/psol50.org.br\/rest\/wp\/v2\/posts\/2022\/revisions"}],"wp:attachment":[{"href":"https:\/\/psol50.org.br\/rest\/wp\/v2\/media?parent=2022"}],"wp:term":[{"taxonomy":"category","embeddable":true,"href":"https:\/\/psol50.org.br\/rest\/wp\/v2\/categories?post=2022"},{"taxonomy":"post_tag","embeddable":true,"href":"https:\/\/psol50.org.br\/rest\/wp\/v2\/tags?post=2022"}],"curies":[{"name":"wp","href":"https:\/\/api.w.org\/{rel}","templated":true}]}}